{"id":3809,"date":"2011-01-12T10:48:45","date_gmt":"2011-01-12T09:48:45","guid":{"rendered":"http:\/\/evertonfc.cz\/?p=3809"},"modified":"2021-01-25T14:31:44","modified_gmt":"2021-01-25T13:31:44","slug":"legendarni-eddie-cavanagh","status":"publish","type":"post","link":"https:\/\/evertonfc.cz\/index.php\/2011\/01\/12\/legendarni-eddie-cavanagh\/","title":{"rendered":"Legend\u00e1rn\u00ed Eddie Cavanagh"},"content":{"rendered":"<h4>Pro mnoh\u00e9 Evertonians bude datum 14. kv\u011btna roku 1966 nav\u017edy zaps\u00e1no v jejich pam\u011bti zlat\u00fdm p\u00edsmem. Pro jednu osobu v\u0161ak v\u00fdhra Toffees v FA Cupu znamenala n\u011bco v\u00edce, zm\u011bnila mu toti\u017e \u017eivot.<\/h4>\n<p>Ona z\u00e1hadn\u00e1 osoba z \u00favodu \u010dl\u00e1nku nen\u00ed dvoug\u00f3lov\u00fd st\u0159elec z fin\u00e1le Mike Trebilcock nebo autor v\u00edt\u011bzn\u00e9 trefy Derek Temple. Je j\u00edm Eddie Cavanagh, fanou\u0161ek.<\/p>\n<p>Cavanagh se narodil v Huytonu, v Evertonu to zkou\u0161el jako mal\u00fd kluk, av\u0161ak neprosadil se. T\u00edm v\u0161ak jeho n\u00e1klonnost ke klubu neskon\u010dila, naopak. Eddie chodil na v\u0161echny z\u00e1pasy sv\u00fdch hrdin\u016f, cestoval s nimi po Anglii, Everton m\u011bl prost\u011b v srdci. Kdy\u017e se Blues dostali v roce 1966 do fin\u00e1le FA Cupu, prvn\u00edho od II. sv\u011btov\u00e9 v\u00e1lky, to si prost\u011b jeden z nejv\u011brn\u011bj\u0161\u00edch fand\u016f nemohl nechat uj\u00edt.<\/p>\n<p>Ve fin\u00e1le, hran\u00e9m ve Wembley s div\u00e1ckou kulisou 100 000 lid\u00ed, Everton po hodin\u011b hry prohr\u00e1val 0:2, nad\u011bje na vysn\u011bn\u00fd poh\u00e1r byly miziv\u00e9. Zp\u00e1tky do hry ale sv\u011b\u0159ence Harryho Cattericka b\u011bhem p\u011bti minut z\u00e1sluhou dvou p\u0159esn\u00fdch z\u00e1sah\u016f vr\u00e1til Trebilcock. Nejen\u017ee o\u017eivil nad\u011bje na prvenstv\u00ed v poh\u00e1ru, z\u00e1rove\u0148 i odstartoval radostn\u00e9 \u0161\u00edlen\u00ed fanou\u0161k\u016f v ochozech.<\/p>\n<p>Cavanagh se ov\u0161em cht\u011bl pod\u011blit o radost z vyrovnan\u00ed se samotn\u00fdmi hr\u00e1\u010di, a tak vb\u011bhl na h\u0159i\u0161t\u011b. Podle sv\u00fdch vlastn\u00edch slov se p\u0159etransformoval do j\u00edzdn\u00edho kola, kter\u00e9 uh\u00e1n\u011blo p\u0159es tr\u00e1vn\u00edk ve Wembley sm\u011brem k Trebilcockovi a ostatn\u00edm. Uprchaj\u00edc\u00edho p\u0159\u00edznivce po h\u0159i\u0161ti okam\u017eit\u011b za\u010dali st\u00edhat \u010dlenov\u00e9 lond\u00fdnsk\u00e9 Metropolitn\u00ed policie.<\/p>\n<p>B\u011bhem n\u011bkolika sekund bylo v\u0161em jasn\u00e9, \u017ee Eddieho slavn\u00e1 chvilka nebude dlouho trvat, i p\u0159esto ale st\u00e1la za to. Jeden p\u0159\u00edslu\u0161n\u00edk policie ho dostihl a chytil ho za horn\u00ed \u010d\u00e1st saka. Cavanagh se v\u0161ak ze saka vyvl\u00e9kl a policajt za posm\u011bchu cel\u00e9ho Wembley spadl na zem. N\u00e1\u0161 hrdina ov\u0161em u\u017e nem\u011bl na dal\u0161\u00ed metry s\u00edlu, a tak byl brzy dopaden. P\u0159esto sklidil aplaus a vyslou\u017eil si p\u0159ezd\u00edvku &#8222;The first hooligan&#8220;.<\/p>\n<p>Cavanaghova dcera Andrea o sv\u00e9m otci mluvila n\u00e1sledovn\u011b:\u00a0<em>\u201eNedok\u00e1\u017eu vysv\u011btlit, co pro n\u011bj fin\u00e1le z roku 1966 znamenalo. Byl na sebe stra\u0161n\u011b py\u0161n\u00fd. Na st\u011bn\u00e1ch m\u011bl sv\u00e9 fotky, jak b\u011b\u017eel po h\u0159i\u0161ti. Celkem m\u011bl \u010dty\u0159i fotky, v\u0161echny zar\u00e1movan\u00e9 a pov\u011b\u0161en\u00e9 na \u010destn\u00e9m m\u00edst\u011b nad krbem.<\/em><\/p>\n<p><em>Zem\u0159el v roce 1999, zdravotn\u011b tehdy na tom moc dob\u0159e nebyl. Everton pro n\u011bj v\u0161ak znamenal v\u0161e. Jedl, spal a snil o fotbale, v n\u011bm\u017e m\u011bl jenom Everton. V\u0161echno v jeho dom\u011b bylo modr\u00e9. Dokonce jeho \u017e\u00e1rovky sv\u00edtili jen mod\u0159e a v jeho p\u0159\u00edtomnosti jsme nemohli j\u00eddlo ochucovat ke\u010dupem\u00a0<\/em>(\u010derven\u00e1 barva &#8211; Liverpool)<em>. A\u017e takto to bylo v\u00e1\u017en\u00e9.<\/em><\/p>\n<p><em>Nikdy nenav\u0161t\u00edvil\u00a0Anfield, z\u00e1pasy Evertonu na tomto stadionu\u00a0byly jedin\u00e9, na nich\u017e chyb\u011bl. Necht\u011bl se ani p\u0159ibl\u00ed\u017eit k &#8222;tomu m\u00edstu&#8220;. P\u0159es Everton prost\u011b nejel vlak, v\u017edy ho sledoval.\u201c<\/em><\/p>\n<p>A\u010dkoliv se fin\u00e1le FA Cupu v roce 1966\u00a0 hr\u00e1lo v d\u00e1vn\u00e9 minulosti, na Eddieho fanou\u0161ci Toffees nezapomn\u011bli. Pro Evertonians bude v\u017edy ikonou, co\u017e potvrdila i Andrea:\u00a0<em>\u201eLid\u00e9 mi ho st\u00e1le p\u0159ipom\u00ednaj\u00ed. Jeden \u010das jsem \u017eila v Lond\u00fdn\u011b a i tam znali m\u00e9ho t\u00e1tu. M\u016fj man\u017eel m\u011b v hlavn\u00edm m\u011bst\u011b s oblibou p\u0159edstavoval jako dceru Eddieho Cavanagha. A fanou\u0161ci hned reagovali &#8211; Eddie Cavanagh? Legenda! M\u00e9ho t\u00e1tu miluji, od toho odpoledne ve Wembley jsem na n\u011bj stra\u0161n\u011b py\u0161n\u00e1.<\/em><\/p>\n<p><em>M\u011bl ohromn\u00fd charakter, proto ho lid\u00e9 zbo\u017e\u0148ovali. V\u017edy nosil ko\u0161ili, kravatu a oblek. Prezentoval se jako ide\u00e1ln\u00ed chlap, vypadal hezky a choval se uctiv\u011b.\u201c<\/em><\/p>\n","protected":false},"excerpt":{"rendered":"<p>Pro mnoh\u00e9 Evertonians bude datum 14. kv\u011btna roku 1966 nav\u017edy zaps\u00e1no v jejich pam\u011bti zlat\u00fdm p\u00edsmem. Pro jednu osobu v\u0161ak v\u00fdhra Toffees v FA Cupu znamenala n\u011bco v\u00edce, zm\u011bnila mu toti\u017e \u017eivot.<\/p>\n","protected":false},"author":6,"featured_media":13646,"comment_status":"open","ping_status":"closed","sticky":false,"template":"","format":"standard","meta":{"_eb_attr":"","_monsterinsights_skip_tracking":false,"_monsterinsights_sitenote_active":false,"_monsterinsights_sitenote_note":"","_monsterinsights_sitenote_category":0,"footnotes":""},"categories":[39],"tags":[],"yoast_head":"<!-- This site is optimized with the Yoast SEO plugin v23.4 - https:\/\/yoast.com\/wordpress\/plugins\/seo\/ -->\n<title>Legend\u00e1rn\u00ed Eddie Cavanagh - Official Czech &amp; Slovak Everton Supporters&#039; Club<\/title>\n<meta name=\"robots\" content=\"index, follow, max-snippet:-1, max-image-preview:large, max-video-preview:-1\" \/>\n<link rel=\"canonical\" href=\"https:\/\/evertonfc.cz\/index.php\/2011\/01\/12\/legendarni-eddie-cavanagh\/\" \/>\n<meta property=\"og:locale\" content=\"cs_CZ\" \/>\n<meta property=\"og:type\" content=\"article\" \/>\n<meta property=\"og:title\" content=\"Legend\u00e1rn\u00ed Eddie Cavanagh - Official Czech &amp; Slovak Everton Supporters&#039; Club\" \/>\n<meta property=\"og:description\" content=\"Pro mnoh\u00e9 Evertonians bude datum 14. kv\u011btna roku 1966 nav\u017edy zaps\u00e1no v jejich pam\u011bti zlat\u00fdm p\u00edsmem. Pro jednu osobu v\u0161ak v\u00fdhra Toffees v FA Cupu znamenala n\u011bco v\u00edce, zm\u011bnila mu toti\u017e \u017eivot.\" \/>\n<meta property=\"og:url\" content=\"https:\/\/evertonfc.cz\/index.php\/2011\/01\/12\/legendarni-eddie-cavanagh\/\" \/>\n<meta property=\"og:site_name\" content=\"Official Czech &amp; Slovak Everton Supporters&#039; Club\" \/>\n<meta property=\"article:publisher\" content=\"https:\/\/www.facebook.com\/everton.fans.cz.sk\" \/>\n<meta property=\"article:published_time\" content=\"2011-01-12T09:48:45+00:00\" \/>\n<meta property=\"article:modified_time\" content=\"2021-01-25T13:31:44+00:00\" \/>\n<meta property=\"og:image\" content=\"https:\/\/evertonfc.cz\/wp-content\/uploads\/2021\/01\/ecavanagh.jpg\" \/>\n\t<meta property=\"og:image:width\" content=\"720\" \/>\n\t<meta property=\"og:image:height\" content=\"405\" \/>\n\t<meta property=\"og:image:type\" content=\"image\/jpeg\" \/>\n<meta name=\"author\" content=\"Ri\u010di\" \/>\n<meta name=\"twitter:card\" content=\"summary_large_image\" \/>\n<meta name=\"twitter:creator\" content=\"@rbrejsa\" \/>\n<meta name=\"twitter:label1\" content=\"Napsal(a)\" \/>\n\t<meta name=\"twitter:data1\" content=\"Ri\u010di\" \/>\n\t<meta name=\"twitter:label2\" content=\"Odhadovan\u00e1 doba \u010dten\u00ed\" \/>\n\t<meta name=\"twitter:data2\" content=\"3 minuty\" \/>\n<script type=\"application\/ld+json\" class=\"yoast-schema-graph\">{\"@context\":\"https:\/\/schema.org\",\"@graph\":[{\"@type\":\"Article\",\"@id\":\"https:\/\/evertonfc.cz\/index.php\/2011\/01\/12\/legendarni-eddie-cavanagh\/#article\",\"isPartOf\":{\"@id\":\"https:\/\/evertonfc.cz\/index.php\/2011\/01\/12\/legendarni-eddie-cavanagh\/\"},\"author\":{\"name\":\"Ri\u010di\",\"@id\":\"https:\/\/evertonfc.cz\/#\/schema\/person\/f7a5daedb2ffee98480bc70e191aaef1\"},\"headline\":\"Legend\u00e1rn\u00ed Eddie Cavanagh\",\"datePublished\":\"2011-01-12T09:48:45+00:00\",\"dateModified\":\"2021-01-25T13:31:44+00:00\",\"mainEntityOfPage\":{\"@id\":\"https:\/\/evertonfc.cz\/index.php\/2011\/01\/12\/legendarni-eddie-cavanagh\/\"},\"wordCount\":703,\"commentCount\":0,\"publisher\":{\"@id\":\"https:\/\/evertonfc.cz\/#organization\"},\"image\":{\"@id\":\"https:\/\/evertonfc.cz\/index.php\/2011\/01\/12\/legendarni-eddie-cavanagh\/#primaryimage\"},\"thumbnailUrl\":\"https:\/\/evertonfc.cz\/wp-content\/uploads\/2021\/01\/ecavanagh.jpg\",\"articleSection\":[\"Blog\"],\"inLanguage\":\"cs\",\"potentialAction\":[{\"@type\":\"CommentAction\",\"name\":\"Comment\",\"target\":[\"https:\/\/evertonfc.cz\/index.php\/2011\/01\/12\/legendarni-eddie-cavanagh\/#respond\"]}]},{\"@type\":\"WebPage\",\"@id\":\"https:\/\/evertonfc.cz\/index.php\/2011\/01\/12\/legendarni-eddie-cavanagh\/\",\"url\":\"https:\/\/evertonfc.cz\/index.php\/2011\/01\/12\/legendarni-eddie-cavanagh\/\",\"name\":\"Legend\u00e1rn\u00ed Eddie Cavanagh - Official Czech &amp; Slovak Everton Supporters&#039; Club\",\"isPartOf\":{\"@id\":\"https:\/\/evertonfc.cz\/#website\"},\"primaryImageOfPage\":{\"@id\":\"https:\/\/evertonfc.cz\/index.php\/2011\/01\/12\/legendarni-eddie-cavanagh\/#primaryimage\"},\"image\":{\"@id\":\"https:\/\/evertonfc.cz\/index.php\/2011\/01\/12\/legendarni-eddie-cavanagh\/#primaryimage\"},\"thumbnailUrl\":\"https:\/\/evertonfc.cz\/wp-content\/uploads\/2021\/01\/ecavanagh.jpg\",\"datePublished\":\"2011-01-12T09:48:45+00:00\",\"dateModified\":\"2021-01-25T13:31:44+00:00\",\"breadcrumb\":{\"@id\":\"https:\/\/evertonfc.cz\/index.php\/2011\/01\/12\/legendarni-eddie-cavanagh\/#breadcrumb\"},\"inLanguage\":\"cs\",\"potentialAction\":[{\"@type\":\"ReadAction\",\"target\":[\"https:\/\/evertonfc.cz\/index.php\/2011\/01\/12\/legendarni-eddie-cavanagh\/\"]}]},{\"@type\":\"ImageObject\",\"inLanguage\":\"cs\",\"@id\":\"https:\/\/evertonfc.cz\/index.php\/2011\/01\/12\/legendarni-eddie-cavanagh\/#primaryimage\",\"url\":\"https:\/\/evertonfc.cz\/wp-content\/uploads\/2021\/01\/ecavanagh.jpg\",\"contentUrl\":\"https:\/\/evertonfc.cz\/wp-content\/uploads\/2021\/01\/ecavanagh.jpg\",\"width\":720,\"height\":405},{\"@type\":\"BreadcrumbList\",\"@id\":\"https:\/\/evertonfc.cz\/index.php\/2011\/01\/12\/legendarni-eddie-cavanagh\/#breadcrumb\",\"itemListElement\":[{\"@type\":\"ListItem\",\"position\":1,\"name\":\"Home\",\"item\":\"https:\/\/evertonfc.cz\/\"},{\"@type\":\"ListItem\",\"position\":2,\"name\":\"Legend\u00e1rn\u00ed Eddie Cavanagh\"}]},{\"@type\":\"WebSite\",\"@id\":\"https:\/\/evertonfc.cz\/#website\",\"url\":\"https:\/\/evertonfc.cz\/\",\"name\":\"Official Czech &amp; Slovak Everton Supporters&#039; Club\",\"description\":\"\",\"publisher\":{\"@id\":\"https:\/\/evertonfc.cz\/#organization\"},\"potentialAction\":[{\"@type\":\"SearchAction\",\"target\":{\"@type\":\"EntryPoint\",\"urlTemplate\":\"https:\/\/evertonfc.cz\/?s={search_term_string}\"},\"query-input\":{\"@type\":\"PropertyValueSpecification\",\"valueRequired\":true,\"valueName\":\"search_term_string\"}}],\"inLanguage\":\"cs\"},{\"@type\":\"Organization\",\"@id\":\"https:\/\/evertonfc.cz\/#organization\",\"name\":\"Official Czech & Slovak Everton Supporters' Club\",\"url\":\"https:\/\/evertonfc.cz\/\",\"logo\":{\"@type\":\"ImageObject\",\"inLanguage\":\"cs\",\"@id\":\"https:\/\/evertonfc.cz\/#\/schema\/logo\/image\/\",\"url\":\"https:\/\/evertonfc.cz\/wp-content\/uploads\/2019\/05\/logo.png\",\"contentUrl\":\"https:\/\/evertonfc.cz\/wp-content\/uploads\/2019\/05\/logo.png\",\"width\":112,\"height\":112,\"caption\":\"Official Czech & Slovak Everton Supporters' Club\"},\"image\":{\"@id\":\"https:\/\/evertonfc.cz\/#\/schema\/logo\/image\/\"},\"sameAs\":[\"https:\/\/www.facebook.com\/everton.fans.cz.sk\"]},{\"@type\":\"Person\",\"@id\":\"https:\/\/evertonfc.cz\/#\/schema\/person\/f7a5daedb2ffee98480bc70e191aaef1\",\"name\":\"Ri\u010di\",\"sameAs\":[\"https:\/\/x.com\/rbrejsa\"],\"url\":\"https:\/\/evertonfc.cz\/index.php\/author\/rici\/\"}]}<\/script>\n<!-- \/ Yoast SEO plugin. -->","yoast_head_json":{"title":"Legend\u00e1rn\u00ed Eddie Cavanagh - Official Czech &amp; Slovak Everton Supporters&#039; Club","robots":{"index":"index","follow":"follow","max-snippet":"max-snippet:-1","max-image-preview":"max-image-preview:large","max-video-preview":"max-video-preview:-1"},"canonical":"https:\/\/evertonfc.cz\/index.php\/2011\/01\/12\/legendarni-eddie-cavanagh\/","og_locale":"cs_CZ","og_type":"article","og_title":"Legend\u00e1rn\u00ed Eddie Cavanagh - Official Czech &amp; Slovak Everton Supporters&#039; Club","og_description":"Pro mnoh\u00e9 Evertonians bude datum 14. kv\u011btna roku 1966 nav\u017edy zaps\u00e1no v jejich pam\u011bti zlat\u00fdm p\u00edsmem. Pro jednu osobu v\u0161ak v\u00fdhra Toffees v FA Cupu znamenala n\u011bco v\u00edce, zm\u011bnila mu toti\u017e \u017eivot.","og_url":"https:\/\/evertonfc.cz\/index.php\/2011\/01\/12\/legendarni-eddie-cavanagh\/","og_site_name":"Official Czech &amp; Slovak Everton Supporters&#039; Club","article_publisher":"https:\/\/www.facebook.com\/everton.fans.cz.sk","article_published_time":"2011-01-12T09:48:45+00:00","article_modified_time":"2021-01-25T13:31:44+00:00","og_image":[{"width":720,"height":405,"url":"https:\/\/evertonfc.cz\/wp-content\/uploads\/2021\/01\/ecavanagh.jpg","type":"image\/jpeg"}],"author":"Ri\u010di","twitter_card":"summary_large_image","twitter_creator":"@rbrejsa","twitter_misc":{"Napsal(a)":"Ri\u010di","Odhadovan\u00e1 doba \u010dten\u00ed":"3 minuty"},"schema":{"@context":"https:\/\/schema.org","@graph":[{"@type":"Article","@id":"https:\/\/evertonfc.cz\/index.php\/2011\/01\/12\/legendarni-eddie-cavanagh\/#article","isPartOf":{"@id":"https:\/\/evertonfc.cz\/index.php\/2011\/01\/12\/legendarni-eddie-cavanagh\/"},"author":{"name":"Ri\u010di","@id":"https:\/\/evertonfc.cz\/#\/schema\/person\/f7a5daedb2ffee98480bc70e191aaef1"},"headline":"Legend\u00e1rn\u00ed Eddie Cavanagh","datePublished":"2011-01-12T09:48:45+00:00","dateModified":"2021-01-25T13:31:44+00:00","mainEntityOfPage":{"@id":"https:\/\/evertonfc.cz\/index.php\/2011\/01\/12\/legendarni-eddie-cavanagh\/"},"wordCount":703,"commentCount":0,"publisher":{"@id":"https:\/\/evertonfc.cz\/#organization"},"image":{"@id":"https:\/\/evertonfc.cz\/index.php\/2011\/01\/12\/legendarni-eddie-cavanagh\/#primaryimage"},"thumbnailUrl":"https:\/\/evertonfc.cz\/wp-content\/uploads\/2021\/01\/ecavanagh.jpg","articleSection":["Blog"],"inLanguage":"cs","potentialAction":[{"@type":"CommentAction","name":"Comment","target":["https:\/\/evertonfc.cz\/index.php\/2011\/01\/12\/legendarni-eddie-cavanagh\/#respond"]}]},{"@type":"WebPage","@id":"https:\/\/evertonfc.cz\/index.php\/2011\/01\/12\/legendarni-eddie-cavanagh\/","url":"https:\/\/evertonfc.cz\/index.php\/2011\/01\/12\/legendarni-eddie-cavanagh\/","name":"Legend\u00e1rn\u00ed Eddie Cavanagh - Official Czech &amp; Slovak Everton Supporters&#039; Club","isPartOf":{"@id":"https:\/\/evertonfc.cz\/#website"},"primaryImageOfPage":{"@id":"https:\/\/evertonfc.cz\/index.php\/2011\/01\/12\/legendarni-eddie-cavanagh\/#primaryimage"},"image":{"@id":"https:\/\/evertonfc.cz\/index.php\/2011\/01\/12\/legendarni-eddie-cavanagh\/#primaryimage"},"thumbnailUrl":"https:\/\/evertonfc.cz\/wp-content\/uploads\/2021\/01\/ecavanagh.jpg","datePublished":"2011-01-12T09:48:45+00:00","dateModified":"2021-01-25T13:31:44+00:00","breadcrumb":{"@id":"https:\/\/evertonfc.cz\/index.php\/2011\/01\/12\/legendarni-eddie-cavanagh\/#breadcrumb"},"inLanguage":"cs","potentialAction":[{"@type":"ReadAction","target":["https:\/\/evertonfc.cz\/index.php\/2011\/01\/12\/legendarni-eddie-cavanagh\/"]}]},{"@type":"ImageObject","inLanguage":"cs","@id":"https:\/\/evertonfc.cz\/index.php\/2011\/01\/12\/legendarni-eddie-cavanagh\/#primaryimage","url":"https:\/\/evertonfc.cz\/wp-content\/uploads\/2021\/01\/ecavanagh.jpg","contentUrl":"https:\/\/evertonfc.cz\/wp-content\/uploads\/2021\/01\/ecavanagh.jpg","width":720,"height":405},{"@type":"BreadcrumbList","@id":"https:\/\/evertonfc.cz\/index.php\/2011\/01\/12\/legendarni-eddie-cavanagh\/#breadcrumb","itemListElement":[{"@type":"ListItem","position":1,"name":"Home","item":"https:\/\/evertonfc.cz\/"},{"@type":"ListItem","position":2,"name":"Legend\u00e1rn\u00ed Eddie Cavanagh"}]},{"@type":"WebSite","@id":"https:\/\/evertonfc.cz\/#website","url":"https:\/\/evertonfc.cz\/","name":"Official Czech &amp; Slovak Everton Supporters&#039; Club","description":"","publisher":{"@id":"https:\/\/evertonfc.cz\/#organization"},"potentialAction":[{"@type":"SearchAction","target":{"@type":"EntryPoint","urlTemplate":"https:\/\/evertonfc.cz\/?s={search_term_string}"},"query-input":{"@type":"PropertyValueSpecification","valueRequired":true,"valueName":"search_term_string"}}],"inLanguage":"cs"},{"@type":"Organization","@id":"https:\/\/evertonfc.cz\/#organization","name":"Official Czech & Slovak Everton Supporters' Club","url":"https:\/\/evertonfc.cz\/","logo":{"@type":"ImageObject","inLanguage":"cs","@id":"https:\/\/evertonfc.cz\/#\/schema\/logo\/image\/","url":"https:\/\/evertonfc.cz\/wp-content\/uploads\/2019\/05\/logo.png","contentUrl":"https:\/\/evertonfc.cz\/wp-content\/uploads\/2019\/05\/logo.png","width":112,"height":112,"caption":"Official Czech & Slovak Everton Supporters' Club"},"image":{"@id":"https:\/\/evertonfc.cz\/#\/schema\/logo\/image\/"},"sameAs":["https:\/\/www.facebook.com\/everton.fans.cz.sk"]},{"@type":"Person","@id":"https:\/\/evertonfc.cz\/#\/schema\/person\/f7a5daedb2ffee98480bc70e191aaef1","name":"Ri\u010di","sameAs":["https:\/\/x.com\/rbrejsa"],"url":"https:\/\/evertonfc.cz\/index.php\/author\/rici\/"}]}},"_links":{"self":[{"href":"https:\/\/evertonfc.cz\/index.php\/wp-json\/wp\/v2\/posts\/3809"}],"collection":[{"href":"https:\/\/evertonfc.cz\/index.php\/wp-json\/wp\/v2\/posts"}],"about":[{"href":"https:\/\/evertonfc.cz\/index.php\/wp-json\/wp\/v2\/types\/post"}],"author":[{"embeddable":true,"href":"https:\/\/evertonfc.cz\/index.php\/wp-json\/wp\/v2\/users\/6"}],"replies":[{"embeddable":true,"href":"https:\/\/evertonfc.cz\/index.php\/wp-json\/wp\/v2\/comments?post=3809"}],"version-history":[{"count":6,"href":"https:\/\/evertonfc.cz\/index.php\/wp-json\/wp\/v2\/posts\/3809\/revisions"}],"predecessor-version":[{"id":13689,"href":"https:\/\/evertonfc.cz\/index.php\/wp-json\/wp\/v2\/posts\/3809\/revisions\/13689"}],"wp:featuredmedia":[{"embeddable":true,"href":"https:\/\/evertonfc.cz\/index.php\/wp-json\/wp\/v2\/media\/13646"}],"wp:attachment":[{"href":"https:\/\/evertonfc.cz\/index.php\/wp-json\/wp\/v2\/media?parent=3809"}],"wp:term":[{"taxonomy":"category","embeddable":true,"href":"https:\/\/evertonfc.cz\/index.php\/wp-json\/wp\/v2\/categories?post=3809"},{"taxonomy":"post_tag","embeddable":true,"href":"https:\/\/evertonfc.cz\/index.php\/wp-json\/wp\/v2\/tags?post=3809"}],"curies":[{"name":"wp","href":"https:\/\/api.w.org\/{rel}","templated":true}]}}