{"id":3811,"date":"2011-01-13T10:50:58","date_gmt":"2011-01-13T09:50:58","guid":{"rendered":"http:\/\/evertonfc.cz\/?p=3811"},"modified":"2019-02-12T11:06:38","modified_gmt":"2019-02-12T10:06:38","slug":"yak-odchazi-do-leicesteru","status":"publish","type":"post","link":"https:\/\/evertonfc.cz\/index.php\/2011\/01\/13\/yak-odchazi-do-leicesteru\/","title":{"rendered":"Yak odch\u00e1z\u00ed do Leicesteru"},"content":{"rendered":"<h4>Dny kdysi vyhl\u00e1\u0161en\u00e9ho \u00fato\u010dn\u00edka v Evertonu se napl\u0148uj\u00ed. Tr\u00e1p\u00edc\u00ed se Yakubu bude nastupovat za Leicester City a na Goodison u\u017e se nemus\u00ed vr\u00e1tit.<\/h4>\n<p>Leto\u0161n\u00ed Nigerijcova vizitka v Evertonu byla b\u00eddn\u00e1. \u00dato\u010dn\u00edk, jen\u017e p\u0159ed ne\u0161\u0165astn\u00fdm zran\u011bn\u00edm achillovky st\u0159\u00edlel g\u00f3ly pro z\u00e1bavu, letos zaznamenal jedinou branku. Svoji uvadaj\u00edc\u00ed kari\u00e9ru se tedy Yak pokus\u00ed o\u017eivit v Leicesteru City. Dnes pro\u0161el na Walkers Stadium zdravotn\u00ed prohl\u00eddkou a za druholigov\u00e9 Foxes bude nastupovat do konce sezony. V p\u0159\u00edpad\u011b z\u00e1jmu pak v l\u00e9t\u011b mohou Li\u0161ky uplatnit opci na trval\u00fd p\u0159estup.<\/p>\n<p><em>\u201eP\u0159ipojit se k Leicesteru pro m\u011b znamen\u00e1 moc. Jsem r\u00e1d, \u017ee jsem dostal tuhle \u0161anci,\u201c<\/em>\u00a0\u0159ekl Yakubu na tiskovce.\u00a0<em>\u201eKdy\u017e se objevila tahle mo\u017enost, dvakr\u00e1t jsem se nerozm\u00fd\u0161lel. Je tu jeden z nejlep\u0161\u00edch mana\u017eer\u016f ve fotbalov\u00e9 historii a pracovat s n\u00edm je pro m\u011b speci\u00e1ln\u00ed p\u0159\u00edle\u017eitost.\u201c<\/em><\/p>\n<p>Leicester, kter\u00fdm aktu\u00e1ln\u011b \u0161\u00e9fuje n\u011bkdej\u0161\u00ed kou\u010d Albionu, Sven Goran Eriksson, je ji\u017e \u010dtvrt\u00fdm anglick\u00fdm klubem, jeho\u017e barvy osmadvacetilet\u00fd Afri\u010dan obl\u00e9kne. Jak v Porstmouthu, tak i v Middlesbrough a Evertonu, se mu st\u0159elecky zdaleka nejv\u00edce vyda\u0159ily prvn\u00ed sezony v nov\u00e9m anga\u017em\u00e1. Nejbli\u017e\u0161\u00ed mo\u017enost, jak potvrdit svoji motivaci okam\u017eit\u011b usp\u011bt a zejm\u00e9na pak naj\u00edt recept k tomu, jak za\u010d\u00edt d\u00e1vat g\u00f3ly, bude m\u00edt Yak v sobotu, kdy moment\u00e1ln\u011b dvan\u00e1ct\u00fd Leicester nav\u0161t\u00edv\u00ed h\u0159i\u0161t\u011b posledn\u00edho Prestonu.<\/p>\n","protected":false},"excerpt":{"rendered":"<p>Dny kdysi vyhl\u00e1\u0161en\u00e9ho \u00fato\u010dn\u00edka v Evertonu se napl\u0148uj\u00ed. Tr\u00e1p\u00edc\u00ed se Yakubu bude nastupovat za Leicester City a na Goodison u\u017e&hellip;<\/p>\n","protected":false},"author":7,"featured_media":1316,"comment_status":"open","ping_status":"closed","sticky":false,"template":"","format":"standard","meta":{"_eb_attr":"","_monsterinsights_skip_tracking":false,"_monsterinsights_sitenote_active":false,"_monsterinsights_sitenote_note":"","_monsterinsights_sitenote_category":0,"footnotes":""},"categories":[41],"tags":[],"yoast_head":"<!-- This site is optimized with the Yoast SEO plugin v23.4 - https:\/\/yoast.com\/wordpress\/plugins\/seo\/ -->\n<title>Yak odch\u00e1z\u00ed do Leicesteru - Official Czech &amp; Slovak Everton Supporters&#039; Club<\/title>\n<meta name=\"robots\" content=\"index, follow, max-snippet:-1, max-image-preview:large, max-video-preview:-1\" \/>\n<link rel=\"canonical\" href=\"https:\/\/evertonfc.cz\/index.php\/2011\/01\/13\/yak-odchazi-do-leicesteru\/\" \/>\n<meta property=\"og:locale\" content=\"cs_CZ\" \/>\n<meta property=\"og:type\" content=\"article\" \/>\n<meta property=\"og:title\" content=\"Yak odch\u00e1z\u00ed do Leicesteru - Official Czech &amp; Slovak Everton Supporters&#039; Club\" \/>\n<meta property=\"og:description\" content=\"Dny kdysi vyhl\u00e1\u0161en\u00e9ho \u00fato\u010dn\u00edka v Evertonu se napl\u0148uj\u00ed. Tr\u00e1p\u00edc\u00ed se Yakubu bude nastupovat za Leicester City a na Goodison u\u017e&hellip;\" \/>\n<meta property=\"og:url\" content=\"https:\/\/evertonfc.cz\/index.php\/2011\/01\/13\/yak-odchazi-do-leicesteru\/\" \/>\n<meta property=\"og:site_name\" content=\"Official Czech &amp; Slovak Everton Supporters&#039; Club\" \/>\n<meta property=\"article:publisher\" content=\"https:\/\/www.facebook.com\/everton.fans.cz.sk\" \/>\n<meta property=\"article:published_time\" content=\"2011-01-13T09:50:58+00:00\" \/>\n<meta property=\"article:modified_time\" content=\"2019-02-12T10:06:38+00:00\" \/>\n<meta property=\"og:image\" content=\"https:\/\/evertonfc.cz\/wp-content\/uploads\/2019\/01\/transfer.jpg\" \/>\n\t<meta property=\"og:image:width\" content=\"720\" \/>\n\t<meta property=\"og:image:height\" content=\"405\" \/>\n\t<meta property=\"og:image:type\" content=\"image\/jpeg\" \/>\n<meta name=\"author\" content=\"Me\u0148a\" \/>\n<meta name=\"twitter:card\" content=\"summary_large_image\" \/>\n<meta name=\"twitter:label1\" content=\"Napsal(a)\" \/>\n\t<meta name=\"twitter:data1\" content=\"Me\u0148a\" \/>\n\t<meta name=\"twitter:label2\" content=\"Odhadovan\u00e1 doba \u010dten\u00ed\" \/>\n\t<meta name=\"twitter:data2\" content=\"1 minuta\" \/>\n<script type=\"application\/ld+json\" class=\"yoast-schema-graph\">{\"@context\":\"https:\/\/schema.org\",\"@graph\":[{\"@type\":\"Article\",\"@id\":\"https:\/\/evertonfc.cz\/index.php\/2011\/01\/13\/yak-odchazi-do-leicesteru\/#article\",\"isPartOf\":{\"@id\":\"https:\/\/evertonfc.cz\/index.php\/2011\/01\/13\/yak-odchazi-do-leicesteru\/\"},\"author\":{\"name\":\"Me\u0148a\",\"@id\":\"https:\/\/evertonfc.cz\/#\/schema\/person\/cd6328a75577de2add7793fd4b0930c3\"},\"headline\":\"Yak odch\u00e1z\u00ed do Leicesteru\",\"datePublished\":\"2011-01-13T09:50:58+00:00\",\"dateModified\":\"2019-02-12T10:06:38+00:00\",\"mainEntityOfPage\":{\"@id\":\"https:\/\/evertonfc.cz\/index.php\/2011\/01\/13\/yak-odchazi-do-leicesteru\/\"},\"wordCount\":276,\"commentCount\":0,\"publisher\":{\"@id\":\"https:\/\/evertonfc.cz\/#organization\"},\"image\":{\"@id\":\"https:\/\/evertonfc.cz\/index.php\/2011\/01\/13\/yak-odchazi-do-leicesteru\/#primaryimage\"},\"thumbnailUrl\":\"https:\/\/evertonfc.cz\/wp-content\/uploads\/2019\/01\/transfer.jpg\",\"articleSection\":[\"P\u0159estupy\"],\"inLanguage\":\"cs\",\"potentialAction\":[{\"@type\":\"CommentAction\",\"name\":\"Comment\",\"target\":[\"https:\/\/evertonfc.cz\/index.php\/2011\/01\/13\/yak-odchazi-do-leicesteru\/#respond\"]}]},{\"@type\":\"WebPage\",\"@id\":\"https:\/\/evertonfc.cz\/index.php\/2011\/01\/13\/yak-odchazi-do-leicesteru\/\",\"url\":\"https:\/\/evertonfc.cz\/index.php\/2011\/01\/13\/yak-odchazi-do-leicesteru\/\",\"name\":\"Yak odch\u00e1z\u00ed do Leicesteru - Official Czech &amp; Slovak Everton Supporters&#039; Club\",\"isPartOf\":{\"@id\":\"https:\/\/evertonfc.cz\/#website\"},\"primaryImageOfPage\":{\"@id\":\"https:\/\/evertonfc.cz\/index.php\/2011\/01\/13\/yak-odchazi-do-leicesteru\/#primaryimage\"},\"image\":{\"@id\":\"https:\/\/evertonfc.cz\/index.php\/2011\/01\/13\/yak-odchazi-do-leicesteru\/#primaryimage\"},\"thumbnailUrl\":\"https:\/\/evertonfc.cz\/wp-content\/uploads\/2019\/01\/transfer.jpg\",\"datePublished\":\"2011-01-13T09:50:58+00:00\",\"dateModified\":\"2019-02-12T10:06:38+00:00\",\"breadcrumb\":{\"@id\":\"https:\/\/evertonfc.cz\/index.php\/2011\/01\/13\/yak-odchazi-do-leicesteru\/#breadcrumb\"},\"inLanguage\":\"cs\",\"potentialAction\":[{\"@type\":\"ReadAction\",\"target\":[\"https:\/\/evertonfc.cz\/index.php\/2011\/01\/13\/yak-odchazi-do-leicesteru\/\"]}]},{\"@type\":\"ImageObject\",\"inLanguage\":\"cs\",\"@id\":\"https:\/\/evertonfc.cz\/index.php\/2011\/01\/13\/yak-odchazi-do-leicesteru\/#primaryimage\",\"url\":\"https:\/\/evertonfc.cz\/wp-content\/uploads\/2019\/01\/transfer.jpg\",\"contentUrl\":\"https:\/\/evertonfc.cz\/wp-content\/uploads\/2019\/01\/transfer.jpg\",\"width\":720,\"height\":405},{\"@type\":\"BreadcrumbList\",\"@id\":\"https:\/\/evertonfc.cz\/index.php\/2011\/01\/13\/yak-odchazi-do-leicesteru\/#breadcrumb\",\"itemListElement\":[{\"@type\":\"ListItem\",\"position\":1,\"name\":\"Home\",\"item\":\"https:\/\/evertonfc.cz\/\"},{\"@type\":\"ListItem\",\"position\":2,\"name\":\"Yak odch\u00e1z\u00ed do Leicesteru\"}]},{\"@type\":\"WebSite\",\"@id\":\"https:\/\/evertonfc.cz\/#website\",\"url\":\"https:\/\/evertonfc.cz\/\",\"name\":\"Official Czech &amp; Slovak Everton Supporters&#039; Club\",\"description\":\"\",\"publisher\":{\"@id\":\"https:\/\/evertonfc.cz\/#organization\"},\"potentialAction\":[{\"@type\":\"SearchAction\",\"target\":{\"@type\":\"EntryPoint\",\"urlTemplate\":\"https:\/\/evertonfc.cz\/?s={search_term_string}\"},\"query-input\":{\"@type\":\"PropertyValueSpecification\",\"valueRequired\":true,\"valueName\":\"search_term_string\"}}],\"inLanguage\":\"cs\"},{\"@type\":\"Organization\",\"@id\":\"https:\/\/evertonfc.cz\/#organization\",\"name\":\"Official Czech & Slovak Everton Supporters' Club\",\"url\":\"https:\/\/evertonfc.cz\/\",\"logo\":{\"@type\":\"ImageObject\",\"inLanguage\":\"cs\",\"@id\":\"https:\/\/evertonfc.cz\/#\/schema\/logo\/image\/\",\"url\":\"https:\/\/evertonfc.cz\/wp-content\/uploads\/2019\/05\/logo.png\",\"contentUrl\":\"https:\/\/evertonfc.cz\/wp-content\/uploads\/2019\/05\/logo.png\",\"width\":112,\"height\":112,\"caption\":\"Official Czech & Slovak Everton Supporters' Club\"},\"image\":{\"@id\":\"https:\/\/evertonfc.cz\/#\/schema\/logo\/image\/\"},\"sameAs\":[\"https:\/\/www.facebook.com\/everton.fans.cz.sk\"]},{\"@type\":\"Person\",\"@id\":\"https:\/\/evertonfc.cz\/#\/schema\/person\/cd6328a75577de2add7793fd4b0930c3\",\"name\":\"Me\u0148a\",\"url\":\"https:\/\/evertonfc.cz\/index.php\/author\/mena\/\"}]}<\/script>\n<!-- \/ Yoast SEO plugin. -->","yoast_head_json":{"title":"Yak odch\u00e1z\u00ed do Leicesteru - Official Czech &amp; Slovak Everton Supporters&#039; Club","robots":{"index":"index","follow":"follow","max-snippet":"max-snippet:-1","max-image-preview":"max-image-preview:large","max-video-preview":"max-video-preview:-1"},"canonical":"https:\/\/evertonfc.cz\/index.php\/2011\/01\/13\/yak-odchazi-do-leicesteru\/","og_locale":"cs_CZ","og_type":"article","og_title":"Yak odch\u00e1z\u00ed do Leicesteru - Official Czech &amp; Slovak Everton Supporters&#039; Club","og_description":"Dny kdysi vyhl\u00e1\u0161en\u00e9ho \u00fato\u010dn\u00edka v Evertonu se napl\u0148uj\u00ed. Tr\u00e1p\u00edc\u00ed se Yakubu bude nastupovat za Leicester City a na Goodison u\u017e&hellip;","og_url":"https:\/\/evertonfc.cz\/index.php\/2011\/01\/13\/yak-odchazi-do-leicesteru\/","og_site_name":"Official Czech &amp; Slovak Everton Supporters&#039; Club","article_publisher":"https:\/\/www.facebook.com\/everton.fans.cz.sk","article_published_time":"2011-01-13T09:50:58+00:00","article_modified_time":"2019-02-12T10:06:38+00:00","og_image":[{"width":720,"height":405,"url":"https:\/\/evertonfc.cz\/wp-content\/uploads\/2019\/01\/transfer.jpg","type":"image\/jpeg"}],"author":"Me\u0148a","twitter_card":"summary_large_image","twitter_misc":{"Napsal(a)":"Me\u0148a","Odhadovan\u00e1 doba \u010dten\u00ed":"1 minuta"},"schema":{"@context":"https:\/\/schema.org","@graph":[{"@type":"Article","@id":"https:\/\/evertonfc.cz\/index.php\/2011\/01\/13\/yak-odchazi-do-leicesteru\/#article","isPartOf":{"@id":"https:\/\/evertonfc.cz\/index.php\/2011\/01\/13\/yak-odchazi-do-leicesteru\/"},"author":{"name":"Me\u0148a","@id":"https:\/\/evertonfc.cz\/#\/schema\/person\/cd6328a75577de2add7793fd4b0930c3"},"headline":"Yak odch\u00e1z\u00ed do Leicesteru","datePublished":"2011-01-13T09:50:58+00:00","dateModified":"2019-02-12T10:06:38+00:00","mainEntityOfPage":{"@id":"https:\/\/evertonfc.cz\/index.php\/2011\/01\/13\/yak-odchazi-do-leicesteru\/"},"wordCount":276,"commentCount":0,"publisher":{"@id":"https:\/\/evertonfc.cz\/#organization"},"image":{"@id":"https:\/\/evertonfc.cz\/index.php\/2011\/01\/13\/yak-odchazi-do-leicesteru\/#primaryimage"},"thumbnailUrl":"https:\/\/evertonfc.cz\/wp-content\/uploads\/2019\/01\/transfer.jpg","articleSection":["P\u0159estupy"],"inLanguage":"cs","potentialAction":[{"@type":"CommentAction","name":"Comment","target":["https:\/\/evertonfc.cz\/index.php\/2011\/01\/13\/yak-odchazi-do-leicesteru\/#respond"]}]},{"@type":"WebPage","@id":"https:\/\/evertonfc.cz\/index.php\/2011\/01\/13\/yak-odchazi-do-leicesteru\/","url":"https:\/\/evertonfc.cz\/index.php\/2011\/01\/13\/yak-odchazi-do-leicesteru\/","name":"Yak odch\u00e1z\u00ed do Leicesteru - Official Czech &amp; Slovak Everton Supporters&#039; Club","isPartOf":{"@id":"https:\/\/evertonfc.cz\/#website"},"primaryImageOfPage":{"@id":"https:\/\/evertonfc.cz\/index.php\/2011\/01\/13\/yak-odchazi-do-leicesteru\/#primaryimage"},"image":{"@id":"https:\/\/evertonfc.cz\/index.php\/2011\/01\/13\/yak-odchazi-do-leicesteru\/#primaryimage"},"thumbnailUrl":"https:\/\/evertonfc.cz\/wp-content\/uploads\/2019\/01\/transfer.jpg","datePublished":"2011-01-13T09:50:58+00:00","dateModified":"2019-02-12T10:06:38+00:00","breadcrumb":{"@id":"https:\/\/evertonfc.cz\/index.php\/2011\/01\/13\/yak-odchazi-do-leicesteru\/#breadcrumb"},"inLanguage":"cs","potentialAction":[{"@type":"ReadAction","target":["https:\/\/evertonfc.cz\/index.php\/2011\/01\/13\/yak-odchazi-do-leicesteru\/"]}]},{"@type":"ImageObject","inLanguage":"cs","@id":"https:\/\/evertonfc.cz\/index.php\/2011\/01\/13\/yak-odchazi-do-leicesteru\/#primaryimage","url":"https:\/\/evertonfc.cz\/wp-content\/uploads\/2019\/01\/transfer.jpg","contentUrl":"https:\/\/evertonfc.cz\/wp-content\/uploads\/2019\/01\/transfer.jpg","width":720,"height":405},{"@type":"BreadcrumbList","@id":"https:\/\/evertonfc.cz\/index.php\/2011\/01\/13\/yak-odchazi-do-leicesteru\/#breadcrumb","itemListElement":[{"@type":"ListItem","position":1,"name":"Home","item":"https:\/\/evertonfc.cz\/"},{"@type":"ListItem","position":2,"name":"Yak odch\u00e1z\u00ed do Leicesteru"}]},{"@type":"WebSite","@id":"https:\/\/evertonfc.cz\/#website","url":"https:\/\/evertonfc.cz\/","name":"Official Czech &amp; Slovak Everton Supporters&#039; Club","description":"","publisher":{"@id":"https:\/\/evertonfc.cz\/#organization"},"potentialAction":[{"@type":"SearchAction","target":{"@type":"EntryPoint","urlTemplate":"https:\/\/evertonfc.cz\/?s={search_term_string}"},"query-input":{"@type":"PropertyValueSpecification","valueRequired":true,"valueName":"search_term_string"}}],"inLanguage":"cs"},{"@type":"Organization","@id":"https:\/\/evertonfc.cz\/#organization","name":"Official Czech & Slovak Everton Supporters' Club","url":"https:\/\/evertonfc.cz\/","logo":{"@type":"ImageObject","inLanguage":"cs","@id":"https:\/\/evertonfc.cz\/#\/schema\/logo\/image\/","url":"https:\/\/evertonfc.cz\/wp-content\/uploads\/2019\/05\/logo.png","contentUrl":"https:\/\/evertonfc.cz\/wp-content\/uploads\/2019\/05\/logo.png","width":112,"height":112,"caption":"Official Czech & Slovak Everton Supporters' Club"},"image":{"@id":"https:\/\/evertonfc.cz\/#\/schema\/logo\/image\/"},"sameAs":["https:\/\/www.facebook.com\/everton.fans.cz.sk"]},{"@type":"Person","@id":"https:\/\/evertonfc.cz\/#\/schema\/person\/cd6328a75577de2add7793fd4b0930c3","name":"Me\u0148a","url":"https:\/\/evertonfc.cz\/index.php\/author\/mena\/"}]}},"_links":{"self":[{"href":"https:\/\/evertonfc.cz\/index.php\/wp-json\/wp\/v2\/posts\/3811"}],"collection":[{"href":"https:\/\/evertonfc.cz\/index.php\/wp-json\/wp\/v2\/posts"}],"about":[{"href":"https:\/\/evertonfc.cz\/index.php\/wp-json\/wp\/v2\/types\/post"}],"author":[{"embeddable":true,"href":"https:\/\/evertonfc.cz\/index.php\/wp-json\/wp\/v2\/users\/7"}],"replies":[{"embeddable":true,"href":"https:\/\/evertonfc.cz\/index.php\/wp-json\/wp\/v2\/comments?post=3811"}],"version-history":[{"count":1,"href":"https:\/\/evertonfc.cz\/index.php\/wp-json\/wp\/v2\/posts\/3811\/revisions"}],"predecessor-version":[{"id":3812,"href":"https:\/\/evertonfc.cz\/index.php\/wp-json\/wp\/v2\/posts\/3811\/revisions\/3812"}],"wp:featuredmedia":[{"embeddable":true,"href":"https:\/\/evertonfc.cz\/index.php\/wp-json\/wp\/v2\/media\/1316"}],"wp:attachment":[{"href":"https:\/\/evertonfc.cz\/index.php\/wp-json\/wp\/v2\/media?parent=3811"}],"wp:term":[{"taxonomy":"category","embeddable":true,"href":"https:\/\/evertonfc.cz\/index.php\/wp-json\/wp\/v2\/categories?post=3811"},{"taxonomy":"post_tag","embeddable":true,"href":"https:\/\/evertonfc.cz\/index.php\/wp-json\/wp\/v2\/tags?post=3811"}],"curies":[{"name":"wp","href":"https:\/\/api.w.org\/{rel}","templated":true}]}}