{"id":3823,"date":"2011-01-19T11:20:18","date_gmt":"2011-01-19T10:20:18","guid":{"rendered":"http:\/\/evertonfc.cz\/?p=3823"},"modified":"2019-02-12T17:34:54","modified_gmt":"2019-02-12T16:34:54","slug":"zimni-hratky-v-modrem-podani","status":"publish","type":"post","link":"https:\/\/evertonfc.cz\/index.php\/2011\/01\/19\/zimni-hratky-v-modrem-podani\/","title":{"rendered":"Zimn\u00ed hr\u00e1tky v modr\u00e9m pod\u00e1n\u00ed"},"content":{"rendered":"<h4>Nemilosrdn\u00e1 zima vl\u00e1dne pevnou rukou a promluvit do fotbalov\u00e9ho d\u011bn\u00ed stihla ji\u017e i letos. Nejchladn\u011bj\u0161\u00ed obdob\u00ed roku ov\u0161em ohro\u017eovalo z\u00e1pasy, ty Evertonu nevyj\u00edmaje, prakticky odjak\u017eiva.<\/h4>\n<h4><strong>Z\u00e1pas nez\u00e1pas, 1892<\/strong><\/h4>\n<p>Fotbalov\u00e1 historie je pln\u00e1 z\u00e1pas\u016f, kter\u00e9 vy\u0161um\u011bly do pr\u00e1zdna, nebo\u0165 t\u00edm hlavn\u00edm, co se po\u010d\u00edt\u00e1, jsou rozhoduj\u00edc\u00ed odvety. D\u016fvody um\u00ed b\u00fdt leckdy bizarn\u00ed. Nap\u0159\u00edklad v Leyland DAF Cupu (dnes zn\u00e1m\u00fdm pod jm\u00e9nem Johnstone&#8217;s Paint Trophy) v sezon\u011b 1990\/91, kdy se v kvalifika\u010dn\u00ed skupin\u011b se\u0161lo Shrewsbury Town, Swansea City a Torquay United, musely b\u00fdt v\u0161echny z\u00e1pasy opakov\u00e1ny, proto\u017ee ve v\u0161ech p\u0159\u00edpadech se zrodil v\u00fdsledek 1-1.<\/p>\n<p>Kv\u016fli neblah\u00fdm z\u00e1sah\u016fm po\u010das\u00ed do\u0161lo k odvet\u011b z\u00e1pasu Evertonu ale jen jedinkr\u00e1t. V lednu 1892 p\u0159ijelo tehdy je\u0161t\u011b na Anfield Road k poh\u00e1rov\u00e9mu z\u00e1pasu Burnley. H\u0159i\u0161t\u011b poznamenal t\u0159eskut\u00fd mr\u00e1z a na ztvrdlou plochu nav\u00edc napadla vrstva sn\u011bhu. V Evertonu se z\u00e1pasu tolik ob\u00e1vali, \u017ee hv\u011bzdn\u00e9ho \u00fato\u010dn\u00edka Freda Gearyho se rad\u011bji rozhodli u\u0161et\u0159it. Host\u00e9 tehdy nebezpe\u010dn\u00e9 podm\u00ednky zvl\u00e1dli daleko l\u00e9pe a zv\u00edt\u011bzili 4-2.<\/p>\n<p>Toffees tedy po\u010d\u00edtali s t\u00edm, \u017ee v poh\u00e1ru kon\u010d\u00ed, jen\u017ee o \u010dty\u0159i dny pozd\u011bji klub kontaktovala FA a poskytla mu omilostn\u011bn\u00ed, stejn\u011b jako n\u011bkolika jin\u00fdm celk\u016fm, kter\u00e9 svoje z\u00e1pasy sehr\u00e1ly toho dne. V\u00fdsledek odvety se nicm\u00e9n\u011b od p\u016fvodn\u00edho v\u00fdsledku li\u0161il pram\u00e1lo. Burnley vyhr\u00e1lo 3-1.<\/p>\n<h4><strong>\u0160\u0165astn\u00e9 a vesel\u00e9, 1894<\/strong><\/h4>\n<p>Dom\u00e1c\u00ed z\u00e1pas proti Stoke City z 24. prosince, se prom\u011bnil ve fra\u0161ku pot\u00e9, co rozhod\u010d\u00ed ukon\u010dil z\u00e1pas po pouh\u00fdch t\u0159iceti odehran\u00fdch minut\u00e1ch. U\u017e p\u0159ed duelem se p\u0159itom \u0161iroce debatovalo o tom, zda by arbitr Brodie v\u016fbec m\u011bl sehr\u00e1n\u00ed z\u00e1pasu p\u0159ipustit. B\u011bhem cel\u00e9ho odpoledne z t\u011b\u017ek\u00e9 oblohy padaly siln\u00e9 provazce de\u0161t\u011b sm\u00edchan\u00e9ho s mokr\u00fdm sn\u011bhem a do toho v\u0161eho je\u0161t\u011b foukal siln\u00fd v\u00edtr.<\/p>\n<p>Po p\u016flhodince, kdy u\u017e bylo ze h\u0159i\u0161t\u011b uk\u00e1zkov\u00e9 orani\u0161t\u011b, si Brodie svolal hr\u00e1\u010de k sob\u011b a za stavu 1-0 pro Everton utk\u00e1n\u00ed zastavil. Fand\u016fm se nicm\u00e9n\u011b jeho rozhodnut\u00ed znel\u00edbilo, vnikli za z\u00e1brany a ve m\u017eiku na h\u0159i\u0161ti protestovalo 3000 lid\u00ed. Po uklidn\u011bn\u00ed situace vy\u0159e\u0161il sud\u00ed celou z\u00e1le\u017eitost nadm\u00edru nezvykle. Sehr\u00e1lo se p\u0159\u00e1telsk\u00e9 utk\u00e1n\u00ed po dvacetiminutov\u00fdch polo\u010dasech. Everton zv\u00edt\u011bzil 2-1 a mohl se tak chlubit, \u017ee Stoke &#8222;porazil&#8220; b\u011bhem jednoho odpoledne hned dvakr\u00e1t.<\/p>\n<h4><strong>Tis\u00edc\u00ed z\u00e1pas nadvakr\u00e1t, 1922<\/strong><\/h4>\n<p>Posledn\u00edm rokem, kdy se na Goodisonu p\u0159ed\u010dasn\u011b ukon\u010doval z\u00e1pas, je letopo\u010det 1922. Proti Middlesbrough tehdy nem\u011blo j\u00edt o b\u011b\u017en\u00fd z\u00e1pas, ba naopak. Everton se p\u0159ipravoval na velk\u00fd den, nebo\u0165 se schylovalo k jubilejn\u00edmu 1000. ligov\u00e9mu z\u00e1pasu, p\u0159i\u010dem\u017e v\u0161ech Toffees dos\u00e1hli v nejvy\u0161\u0161\u00ed sout\u011b\u017ei. Oslavy ale musely po\u010dkat, proto\u017ee kluzk\u00fd povrch h\u0159i\u0161t\u011b za siln\u00e9ho sn\u011b\u017een\u00ed, sud\u00ed po 57 odehran\u00fdch minut\u00e1ch ozna\u010dil za nezp\u016fsobil\u00fd a nebezpe\u010dn\u00fd. Blues vedli 1-0, ale ukon\u010den\u00ed dob\u0159e rozjet\u00e9ho z\u00e1pasu je mrzet nemuselo. O m\u011bs\u00edc pozd\u011bji vyhr\u00e1li v n\u00e1hradn\u00edm term\u00ednu 4-1.<\/p>\n<p>Kdo m\u011bl tedy tu \u010dest a poslou\u017eil Evertonu jako\u017eto soupe\u0159 v 1000. p\u0159edstaven\u00ed? O \u010dty\u0159i dny pozd\u011bji se j\u00edm stala Aston Villa, kterou Everton porazil 3-2. D\u016fkazem, \u017ee po\u010das\u00ed neb\u00fdv\u00e1 nep\u0159\u00edtelem pouze v zim\u011b, je pak z\u00e1pas, shodn\u011b znovu proti Boro, tentokr\u00e1t v srpnu 1950. Kolem Ayresome Parku l\u00e9taly hromy a blesky a obrovsk\u00e9 kalu\u017ee vody po p\u00e1r minut\u00e1ch hr\u00e1\u010d\u016fm znemo\u017enily v podstat\u011b jakoukoliv fotbalovou snahu. Vodn\u00ed p\u00f3lo ov\u0161em k devades\u00e1ti minut\u00e1m dosp\u011blo &#8211; Toffees vyhr\u00e1li 3-2.<\/p>\n<h4><strong>Nejlep\u0161\u00ed poh\u00e1rov\u00fd z\u00e1pas, jak\u00fd kdy \u010dlov\u011bk nevid\u011bl, 1959<\/strong><\/h4>\n<p>Odvetn\u00e9 poh\u00e1rov\u00e9 utk\u00e1n\u00ed proti Charltonu Athletic z ledna 1959, z\u016fst\u00e1v\u00e1 jedn\u00edm z nejdramati\u010dt\u011bj\u0161\u00edch z\u00e1pas\u016f v historii FA Cupu. Na Old Trafford, je\u0161t\u011b p\u0159ed posledn\u00ed p\u0159estavbou, se vm\u011bstnalo 74782 fanou\u0161k\u016f. Ti si ale mohli jen dom\u00fd\u0161let, co \u017ee se to na h\u0159i\u0161ti vlastn\u011b d\u011bje. D\u00edky hust\u00e9 mlze odch\u00e1zely tis\u00edce div\u00e1k\u016f ji\u017e b\u011bhem z\u00e1pasu, dokonce ani lid\u00e9, kte\u0159\u00ed st\u00e1li za br\u00e1nami, st\u011b\u017e\u00ed dohl\u00e9dli na brank\u00e1\u0159e.<\/p>\n<p>Everton v prachb\u00eddn\u00e9 viditelnosti vedl 1-0, p\u0159i\u010dem\u017e Charlton neprom\u011bnil penaltu. Nakonec v\u0161ak Addicks srovnali a v prodlou\u017een\u00ed rozhodl Everton t\u0159emi g\u00f3ly. Podm\u00ednky p\u0159itom byly hor\u0161\u00ed a hor\u0161\u00ed, postrann\u00ed rozhod\u010d\u00ed dokonce museli st\u00e1t n\u011bkolik metr\u016f ve h\u0159i\u0161ti, aby mohli vid\u011bt alespo\u0148 n\u011bco.<\/p>\n<p>O dva roky pozd\u011bji si podobnou situaci Everton vyzkou\u0161el znovu, tentokr\u00e1t na mlhav\u00e9m Molineux. Z\u00e1pas tehdy dostal opravdu komickou t\u011b\u010dku. Brank\u00e1\u0159 Evertonu Albert Dunlop z\u016fstal na h\u0159i\u0161ti je\u0161t\u011b n\u011bkolik minut po skon\u010den\u00ed duelu, nev\u011bd\u011bl toti\u017e, \u017ee ten u\u017e skon\u010dil. Bloud\u00edc\u00edho Dunlopa musel v mlze naj\u00edt jeden ze zam\u011bstnanc\u016f stadionu, aby mu v\u016fbec mohl uk\u00e1zat, jak\u00fdm sm\u011brem se m\u00e1 vydat do \u0161aten.<\/p>\n<h4><strong>The &#8222;Great Freeze&#8220;, 1963<\/strong><\/h4>\n<p>V posledn\u00ed p\u0159edv\u00e1no\u010dn\u00ed sobotu 1962, meteorologov\u00e9 ohl\u00e1sili p\u0159\u00edchod mal\u00e9 doby ledov\u00e9 a skute\u010dn\u011b se nesp\u00e1lili. Nejchladn\u011bj\u0161\u00ed zima od roku 1740 vy\u00fastila ve v\u00edce ne\u017e 700 odlo\u017een\u00fdch z\u00e1pas\u016f po cel\u00e9 Anglii. Na Goodison Parku se b\u011bhem dvou m\u011bs\u00edc\u016f neodehr\u00e1l jedin\u00fd z\u00e1pas prvn\u00edho t\u00fdmu. Dom\u00e1c\u00edho prost\u0159ed\u00ed tehdy v jednom p\u0159\u00edpad\u011b vyu\u017eila pouze rezerva, kter\u00e1 p\u0159ed zraky 13000 div\u00e1k\u016f a posiln\u011bna o dev\u011bt hr\u00e1\u010d\u016f \u00e1\u010dka, porazila Derby County 4-0. Krutou nep\u0159\u00edzn\u00ed po\u010das\u00ed byla zasa\u017eena i tr\u00e9ninkov\u00e1 h\u0159i\u0161t\u011b v Bellefieldu. Tr\u00e9nink byl \u010dasto omezen pouze na \u010dutanou o \u0161esti hr\u00e1\u010d\u00edch na ka\u017ed\u00e9 stran\u011b a jezdilo se za n\u00edm na pl\u00e1\u017e ve Formby, na lancashirsk\u00e9m pob\u0159e\u017e\u00ed.<\/p>\n<p>Blues nicm\u00e9n\u011b sehr\u00e1li n\u011bkolik venkovn\u00edch z\u00e1pas\u016f, mezi nimi t\u0159eba poh\u00e1rov\u00e9 v\u00edt\u011bzstv\u00ed v Barnsley \u010di Swindonu, kde na h\u0159i\u0161ti, nas\u00e1kl\u00e9m 75 tunami p\u00edsku, debutoval Tony Kay. B\u011bhem jeden\u00e1cti t\u00fddn\u016f Toffees odkopali pouh\u00e9 \u010dty\u0159i z\u00e1pasy, a tak dlouhou pauzu jaksepat\u0159\u00ed vyu\u017eili k na\u010derp\u00e1n\u00ed sil, kter\u00e9 jim o p\u00e1r m\u011bs\u00edc\u016f pozd\u011bji pomohly dos\u00e1hnout \u0161est\u00e9ho ligov\u00e9ho titulu.<\/p>\n<p>V lednu stejn\u00e9ho roku pak do\u0161lo k na prvn\u00ed pohled prazvl\u00e1\u0161tn\u00ed kuriozit\u011b. Lok\u00e1ln\u00ed rozhod\u010d\u00ed Arthur Edge m\u011bl posoudit zp\u016fsobilost hrac\u00ed plochy jak na Goodisonu, tak na Anfiledu, a to k pot\u0159eb\u00e1m odehr\u00e1n\u00ed rezervn\u00edho z\u00e1pasu Liverpoolu proti Fulhamu. H\u0159i\u0161t\u011b na Goodisonu bylo zledovat\u011bl\u00e9 a nebezpe\u010dn\u00e9, zat\u00edmco na druh\u00e9 stran\u011b Stanley Parku se h\u0159i\u0161t\u011b nach\u00e1zelo v perfektn\u00edm stavu. Podobn\u00e1 sitauce se pak znovu objevila v roce 1955. Od\u016fvodn\u011bn\u00ed? A\u010dkoliv oba stadiony od sebe d\u011bl\u00ed sotva p\u016fl m\u00edle, Goodison je z\u00e1rove\u0148 polo\u017een o 100 stop v\u00fd\u0161e, co\u017e m\u016f\u017ee v d\u016fsledc\u00edch po\u010das\u00ed, zp\u016fsobit velk\u00fd rozd\u00edl.<\/p>\n<h4><strong>Modr\u00e1 hore\u010dka, 1972<\/strong><\/h4>\n<p>Jedin\u00fdm z\u00e1pasem Evertonu, je\u017e si vy\u017e\u00e1dal odlo\u017een\u00ed d\u00edky nemoci, byla n\u00e1v\u0161t\u011bva Old Trafford v posledn\u00ed sobotu roku 1972. Zimn\u00ed ch\u0159ipkov\u00e1 epidemie tehdy zachv\u00e1tila velkou \u010d\u00e1st mu\u017estva, jak 24 hodin p\u0159ed pl\u00e1novan\u00fdm v\u00fdkopem z\u00e1pasu popsal mana\u017eer Harry Catterick: <em>\u201ePadaj\u00ed jako ku\u017eelky. Klubov\u00fd doktor b\u011bhem hodiny poslal osm hr\u00e1\u010d\u016f dom\u016f a dal\u0161\u00ed b\u011bhem dne p\u0159ibyli. Kontaktovali jsme veden\u00ed sout\u011b\u017ee, a to souhlasilo s odlo\u017een\u00edm z\u00e1pasu.\u201c<\/em><\/p>\n<h4><strong>\u0160patn\u00e9 zpr\u00e1vy pro budouc\u00ed legendu, 1979<\/strong><\/h4>\n<p>Na Nov\u00fd rok 1979 se p\u0159ihodily dv\u011b ud\u00e1losti, s klubem z\u00e1rove\u0148 souvisej\u00edc\u00ed i nesouvisej\u00edc\u00ed. Ta prvn\u00ed se ud\u00e1la na Filbert Street v Leicesteru, kde v osmn\u00e1cti letech debutoval jist\u00fd \u00fato\u010dn\u00edk jm\u00e9nem Gary Lineker. Ta druh\u00e1 se ve stejn\u00fd \u010das odehr\u00e1vala na Burnden Parku v Boltonu, kde se v\u00e1\u017en\u011b zranil Peter Reid, Lineker\u016fv budouc\u00ed spoluhr\u00e1\u010d. Na h\u0159i\u0161ti p\u0159itom ani v\u016fbec nem\u011bl b\u00fdt.<\/p>\n<p>Prudk\u00e1 sn\u011bhov\u00e1 bou\u0159e, kter\u00e1 se p\u0159es Bolton p\u0159ehnala p\u0159es noc, zp\u016fsobila, \u017ee h\u0159i\u0161t\u011b bylo pro z\u00e1pas proti Evertonu prakticky nehrateln\u00e9. Mana\u017eer Gordon Lee si p\u0159ed utk\u00e1n\u00edm st\u011b\u017eoval rozhod\u010d\u00edmu, a jak se pozd\u011bji uk\u00e1zalo, jeho starosti byly opr\u00e1vn\u011bn\u00e9. <em>\u201eZ\u00e1pas se zvrhl v brusla\u0159skou sout\u011b\u017e,\u201c <\/em>nechal se sly\u0161et jeden z div\u00e1k\u016f a b\u011bhem n\u011bkolika minut u\u017e rozhod\u010d\u00ed od sebe odh\u00e1n\u011bl klubko hr\u00e1\u010d\u016f, \u017eehraj\u00edc\u00edch na mizern\u00e9 podm\u00ednky. S\u00e1m sud\u00ed pr\u00fd p\u0159ed v\u00fdkopem jednomu hr\u00e1\u010di Evertonu vysv\u011btlil, \u017ee z\u00e1pas bude v polo\u010dase ukon\u010den, jen\u017ee pro Petera Reida u\u017e bylo pozd\u011b. Po p\u00e1r minut\u00e1ch si toti\u017e z\u00e1lo\u017en\u00edk v\u00e1\u017en\u011b poranil kolenn\u00ed vazy po st\u0159etu s Georgem Woodem. Odehr\u00e1lo se skute\u010dn\u011b jen 45 minut, ve kter\u00fdch oba celky vst\u0159elily po jednom g\u00f3lu.<\/p>\n<p>\u00dasil\u00ed odehr\u00e1t z\u00e1pas v nov\u00e9m term\u00ednu, se uk\u00e1zalo b\u00fdt po\u0159\u00e1dn\u011b problematick\u00e9. Lednov\u00e9 datum bylo odlo\u017eeno a naj\u00edt voln\u00e9 m\u00edsto v kalend\u00e1\u0159i se povedlo a\u017e v dubnu. Utk\u00e1n\u00ed z Nov\u00e9ho roku z\u016fst\u00e1v\u00e1 doposud posledn\u00edm duelem Evertonu, je\u017e byl p\u0159ed\u010dasn\u011b ukon\u010den.<\/p>\n<h4><strong>Lee Mr\u00e1z, 1979<\/strong><\/h4>\n<p>P\u0159\u00ed\u0161ern\u00e9 po\u010das\u00ed, kter\u00e9 panovalo b\u011bhem takzvan\u00e9 \u201czimy nespokojenosti\u201c v roce 1979, se uk\u00e1zalo b\u00fdt z\u00e1sadn\u00edm faktorem vl\u00e1dy Gordona Lee, jako\u017eto mana\u017eera Evertonu. V \u00favodn\u00edch m\u011bs\u00edc\u00edch roku se jeho mu\u017estvu v mraziv\u00e9m po\u010das\u00ed neda\u0159ilo. Boss kritizoval tehdej\u0161\u00ed rozhodnut\u00ed odehr\u00e1t jist\u00e9 z\u00e1pasy na zmrzl\u00fdch h\u0159i\u0161t\u00edch, zvl\u00e1\u0161t\u011b hlasit\u011b se pak oz\u00fdval p\u0159ed \u00fanorovou prohrou 3-0 na The Dell, p\u016fvodn\u00edm stadionu Southamptonu. Tvrdil, a podle mnoh\u00fdch spr\u00e1vn\u011b, \u017ee p\u0159\u00edtomnost televizn\u00edch kamer ovlivnila rozhodnut\u00ed sud\u00edch, zda z\u00e1pas odehr\u00e1t, \u010di odlo\u017eit.<\/p>\n<p>Jeho nespokojenost rezultovala v obvin\u011bn\u00ed ze zneva\u017eov\u00e1n\u00ed jm\u00e9na fotbalu. V ka\u017ed\u00e9m p\u0159\u00edpad\u011b, a\u0165 u\u017e m\u011bl Lee pravdu \u010di ne, jeho t\u00fdm u\u017e nedok\u00e1zal znovu nav\u00e1zat na devaten\u00e1ctiz\u00e1pasovou s\u00e9rii neporazitelnosti, kter\u00e1 jej doprov\u00e1zela prvn\u00ed polovinou sezony.<\/p>\n<h4><strong>Po\u010das\u00ed odkl\u00e1d\u00e1 derby, 1996<\/strong><\/h4>\n<p>Everton vstoupil do sezony 1996\/97 povzbudiv\u011b, a tak se doufalo, \u017ee dobr\u00e1 forma bude pokra\u010dovat i v derby proti nejv\u011bt\u0161\u00edmu rivalovi. Vytrval\u00fd d\u00e9\u0161\u0165, kter\u00fd se spustil 48 hodin p\u0159ed v\u00fdkopem, nicm\u00e9n\u011b zaplavil h\u0159i\u0161t\u011b na Anfieldu a o odlo\u017een\u00ed derby rozhodl sud\u00ed Roger Dilkes a\u017e 55 minut p\u0159ed z\u00e1pasem.<\/p>\n<p>Den, o kter\u00e9m je \u0159e\u010d, je 20. \u0159\u00edjen, zdaleka nejvyt\u00ed\u017een\u011bj\u0161\u00ed den, co se historie Merseyside derby t\u00fdk\u00e1. Toho dne se na Anfieldu v roce 1979 zrodila rem\u00edza 2-2, stejn\u00e9ho dne roku 1984 za\u0159\u00eddil svou slavnou volej\u00ed v\u00edt\u011bzstv\u00ed na st\u00e1nku Reds Graeme Sharp a nakonec nese datum 20.10. i prohra 1-2 na Goodisonu z roku 2007, kontroverzn\u00ed derby pln\u00e9 tragick\u00fdch chyb a omyl\u016f.<\/p>\n<p>Pro zaj\u00edmavost, v pov\u00e1le\u010dn\u00e9 \u00e9\u0159e se odlo\u017eila je\u0161t\u011b dv\u011b jin\u00e1 derby &#8211; v \u00fanoru 1963 na Anfieldu a v lednu 1965 na Goodisonu. D\u016fvodem bylo zmrzl\u00e9 respektive prom\u00e1\u010den\u00e9 h\u0159i\u0161t\u011b.<\/p>\n","protected":false},"excerpt":{"rendered":"<p>Nemilosrdn\u00e1 zima vl\u00e1dne pevnou rukou a promluvit do fotbalov\u00e9ho d\u011bn\u00ed stihla ji\u017e i letos. Nejchladn\u011bj\u0161\u00ed obdob\u00ed roku ov\u0161em ohro\u017eovalo z\u00e1pasy,&hellip;<\/p>\n","protected":false},"author":7,"featured_media":1313,"comment_status":"open","ping_status":"closed","sticky":false,"template":"","format":"standard","meta":{"_eb_attr":"","_monsterinsights_skip_tracking":false,"_monsterinsights_sitenote_active":false,"_monsterinsights_sitenote_note":"","_monsterinsights_sitenote_category":0,"footnotes":""},"categories":[42],"tags":[],"yoast_head":"<!-- This site is optimized with the Yoast SEO plugin v23.4 - https:\/\/yoast.com\/wordpress\/plugins\/seo\/ -->\n<title>Zimn\u00ed hr\u00e1tky v modr\u00e9m pod\u00e1n\u00ed - Official Czech &amp; Slovak Everton Supporters&#039; Club<\/title>\n<meta name=\"robots\" content=\"index, follow, max-snippet:-1, max-image-preview:large, max-video-preview:-1\" \/>\n<link rel=\"canonical\" href=\"https:\/\/evertonfc.cz\/index.php\/2011\/01\/19\/zimni-hratky-v-modrem-podani\/\" \/>\n<meta property=\"og:locale\" content=\"cs_CZ\" \/>\n<meta property=\"og:type\" content=\"article\" \/>\n<meta property=\"og:title\" content=\"Zimn\u00ed hr\u00e1tky v modr\u00e9m pod\u00e1n\u00ed - Official Czech &amp; Slovak Everton Supporters&#039; Club\" \/>\n<meta property=\"og:description\" content=\"Nemilosrdn\u00e1 zima vl\u00e1dne pevnou rukou a promluvit do fotbalov\u00e9ho d\u011bn\u00ed stihla ji\u017e i letos. Nejchladn\u011bj\u0161\u00ed obdob\u00ed roku ov\u0161em ohro\u017eovalo z\u00e1pasy,&hellip;\" \/>\n<meta property=\"og:url\" content=\"https:\/\/evertonfc.cz\/index.php\/2011\/01\/19\/zimni-hratky-v-modrem-podani\/\" \/>\n<meta property=\"og:site_name\" content=\"Official Czech &amp; Slovak Everton Supporters&#039; Club\" \/>\n<meta property=\"article:publisher\" content=\"https:\/\/www.facebook.com\/everton.fans.cz.sk\" \/>\n<meta property=\"article:published_time\" content=\"2011-01-19T10:20:18+00:00\" \/>\n<meta property=\"article:modified_time\" content=\"2019-02-12T16:34:54+00:00\" \/>\n<meta property=\"og:image\" content=\"https:\/\/evertonfc.cz\/wp-content\/uploads\/2019\/01\/news.jpg\" \/>\n\t<meta property=\"og:image:width\" content=\"720\" \/>\n\t<meta property=\"og:image:height\" content=\"405\" \/>\n\t<meta property=\"og:image:type\" content=\"image\/jpeg\" \/>\n<meta name=\"author\" content=\"Me\u0148a\" \/>\n<meta name=\"twitter:card\" content=\"summary_large_image\" \/>\n<meta name=\"twitter:label1\" content=\"Napsal(a)\" \/>\n\t<meta name=\"twitter:data1\" content=\"Me\u0148a\" \/>\n\t<meta name=\"twitter:label2\" content=\"Odhadovan\u00e1 doba \u010dten\u00ed\" \/>\n\t<meta name=\"twitter:data2\" content=\"10 minut\" \/>\n<script type=\"application\/ld+json\" class=\"yoast-schema-graph\">{\"@context\":\"https:\/\/schema.org\",\"@graph\":[{\"@type\":\"Article\",\"@id\":\"https:\/\/evertonfc.cz\/index.php\/2011\/01\/19\/zimni-hratky-v-modrem-podani\/#article\",\"isPartOf\":{\"@id\":\"https:\/\/evertonfc.cz\/index.php\/2011\/01\/19\/zimni-hratky-v-modrem-podani\/\"},\"author\":{\"name\":\"Me\u0148a\",\"@id\":\"https:\/\/evertonfc.cz\/#\/schema\/person\/cd6328a75577de2add7793fd4b0930c3\"},\"headline\":\"Zimn\u00ed hr\u00e1tky v modr\u00e9m pod\u00e1n\u00ed\",\"datePublished\":\"2011-01-19T10:20:18+00:00\",\"dateModified\":\"2019-02-12T16:34:54+00:00\",\"mainEntityOfPage\":{\"@id\":\"https:\/\/evertonfc.cz\/index.php\/2011\/01\/19\/zimni-hratky-v-modrem-podani\/\"},\"wordCount\":2024,\"commentCount\":0,\"publisher\":{\"@id\":\"https:\/\/evertonfc.cz\/#organization\"},\"image\":{\"@id\":\"https:\/\/evertonfc.cz\/index.php\/2011\/01\/19\/zimni-hratky-v-modrem-podani\/#primaryimage\"},\"thumbnailUrl\":\"https:\/\/evertonfc.cz\/wp-content\/uploads\/2019\/01\/news.jpg\",\"articleSection\":[\"Aktuality\"],\"inLanguage\":\"cs\",\"potentialAction\":[{\"@type\":\"CommentAction\",\"name\":\"Comment\",\"target\":[\"https:\/\/evertonfc.cz\/index.php\/2011\/01\/19\/zimni-hratky-v-modrem-podani\/#respond\"]}]},{\"@type\":\"WebPage\",\"@id\":\"https:\/\/evertonfc.cz\/index.php\/2011\/01\/19\/zimni-hratky-v-modrem-podani\/\",\"url\":\"https:\/\/evertonfc.cz\/index.php\/2011\/01\/19\/zimni-hratky-v-modrem-podani\/\",\"name\":\"Zimn\u00ed hr\u00e1tky v modr\u00e9m pod\u00e1n\u00ed - Official Czech &amp; Slovak Everton Supporters&#039; Club\",\"isPartOf\":{\"@id\":\"https:\/\/evertonfc.cz\/#website\"},\"primaryImageOfPage\":{\"@id\":\"https:\/\/evertonfc.cz\/index.php\/2011\/01\/19\/zimni-hratky-v-modrem-podani\/#primaryimage\"},\"image\":{\"@id\":\"https:\/\/evertonfc.cz\/index.php\/2011\/01\/19\/zimni-hratky-v-modrem-podani\/#primaryimage\"},\"thumbnailUrl\":\"https:\/\/evertonfc.cz\/wp-content\/uploads\/2019\/01\/news.jpg\",\"datePublished\":\"2011-01-19T10:20:18+00:00\",\"dateModified\":\"2019-02-12T16:34:54+00:00\",\"breadcrumb\":{\"@id\":\"https:\/\/evertonfc.cz\/index.php\/2011\/01\/19\/zimni-hratky-v-modrem-podani\/#breadcrumb\"},\"inLanguage\":\"cs\",\"potentialAction\":[{\"@type\":\"ReadAction\",\"target\":[\"https:\/\/evertonfc.cz\/index.php\/2011\/01\/19\/zimni-hratky-v-modrem-podani\/\"]}]},{\"@type\":\"ImageObject\",\"inLanguage\":\"cs\",\"@id\":\"https:\/\/evertonfc.cz\/index.php\/2011\/01\/19\/zimni-hratky-v-modrem-podani\/#primaryimage\",\"url\":\"https:\/\/evertonfc.cz\/wp-content\/uploads\/2019\/01\/news.jpg\",\"contentUrl\":\"https:\/\/evertonfc.cz\/wp-content\/uploads\/2019\/01\/news.jpg\",\"width\":720,\"height\":405},{\"@type\":\"BreadcrumbList\",\"@id\":\"https:\/\/evertonfc.cz\/index.php\/2011\/01\/19\/zimni-hratky-v-modrem-podani\/#breadcrumb\",\"itemListElement\":[{\"@type\":\"ListItem\",\"position\":1,\"name\":\"Home\",\"item\":\"https:\/\/evertonfc.cz\/\"},{\"@type\":\"ListItem\",\"position\":2,\"name\":\"Zimn\u00ed hr\u00e1tky v modr\u00e9m pod\u00e1n\u00ed\"}]},{\"@type\":\"WebSite\",\"@id\":\"https:\/\/evertonfc.cz\/#website\",\"url\":\"https:\/\/evertonfc.cz\/\",\"name\":\"Official Czech &amp; Slovak Everton Supporters&#039; Club\",\"description\":\"\",\"publisher\":{\"@id\":\"https:\/\/evertonfc.cz\/#organization\"},\"potentialAction\":[{\"@type\":\"SearchAction\",\"target\":{\"@type\":\"EntryPoint\",\"urlTemplate\":\"https:\/\/evertonfc.cz\/?s={search_term_string}\"},\"query-input\":{\"@type\":\"PropertyValueSpecification\",\"valueRequired\":true,\"valueName\":\"search_term_string\"}}],\"inLanguage\":\"cs\"},{\"@type\":\"Organization\",\"@id\":\"https:\/\/evertonfc.cz\/#organization\",\"name\":\"Official Czech & Slovak Everton Supporters' Club\",\"url\":\"https:\/\/evertonfc.cz\/\",\"logo\":{\"@type\":\"ImageObject\",\"inLanguage\":\"cs\",\"@id\":\"https:\/\/evertonfc.cz\/#\/schema\/logo\/image\/\",\"url\":\"https:\/\/evertonfc.cz\/wp-content\/uploads\/2019\/05\/logo.png\",\"contentUrl\":\"https:\/\/evertonfc.cz\/wp-content\/uploads\/2019\/05\/logo.png\",\"width\":112,\"height\":112,\"caption\":\"Official Czech & Slovak Everton Supporters' Club\"},\"image\":{\"@id\":\"https:\/\/evertonfc.cz\/#\/schema\/logo\/image\/\"},\"sameAs\":[\"https:\/\/www.facebook.com\/everton.fans.cz.sk\"]},{\"@type\":\"Person\",\"@id\":\"https:\/\/evertonfc.cz\/#\/schema\/person\/cd6328a75577de2add7793fd4b0930c3\",\"name\":\"Me\u0148a\",\"url\":\"https:\/\/evertonfc.cz\/index.php\/author\/mena\/\"}]}<\/script>\n<!-- \/ Yoast SEO plugin. -->","yoast_head_json":{"title":"Zimn\u00ed hr\u00e1tky v modr\u00e9m pod\u00e1n\u00ed - Official Czech &amp; Slovak Everton Supporters&#039; Club","robots":{"index":"index","follow":"follow","max-snippet":"max-snippet:-1","max-image-preview":"max-image-preview:large","max-video-preview":"max-video-preview:-1"},"canonical":"https:\/\/evertonfc.cz\/index.php\/2011\/01\/19\/zimni-hratky-v-modrem-podani\/","og_locale":"cs_CZ","og_type":"article","og_title":"Zimn\u00ed hr\u00e1tky v modr\u00e9m pod\u00e1n\u00ed - Official Czech &amp; Slovak Everton Supporters&#039; Club","og_description":"Nemilosrdn\u00e1 zima vl\u00e1dne pevnou rukou a promluvit do fotbalov\u00e9ho d\u011bn\u00ed stihla ji\u017e i letos. Nejchladn\u011bj\u0161\u00ed obdob\u00ed roku ov\u0161em ohro\u017eovalo z\u00e1pasy,&hellip;","og_url":"https:\/\/evertonfc.cz\/index.php\/2011\/01\/19\/zimni-hratky-v-modrem-podani\/","og_site_name":"Official Czech &amp; Slovak Everton Supporters&#039; Club","article_publisher":"https:\/\/www.facebook.com\/everton.fans.cz.sk","article_published_time":"2011-01-19T10:20:18+00:00","article_modified_time":"2019-02-12T16:34:54+00:00","og_image":[{"width":720,"height":405,"url":"https:\/\/evertonfc.cz\/wp-content\/uploads\/2019\/01\/news.jpg","type":"image\/jpeg"}],"author":"Me\u0148a","twitter_card":"summary_large_image","twitter_misc":{"Napsal(a)":"Me\u0148a","Odhadovan\u00e1 doba \u010dten\u00ed":"10 minut"},"schema":{"@context":"https:\/\/schema.org","@graph":[{"@type":"Article","@id":"https:\/\/evertonfc.cz\/index.php\/2011\/01\/19\/zimni-hratky-v-modrem-podani\/#article","isPartOf":{"@id":"https:\/\/evertonfc.cz\/index.php\/2011\/01\/19\/zimni-hratky-v-modrem-podani\/"},"author":{"name":"Me\u0148a","@id":"https:\/\/evertonfc.cz\/#\/schema\/person\/cd6328a75577de2add7793fd4b0930c3"},"headline":"Zimn\u00ed hr\u00e1tky v modr\u00e9m pod\u00e1n\u00ed","datePublished":"2011-01-19T10:20:18+00:00","dateModified":"2019-02-12T16:34:54+00:00","mainEntityOfPage":{"@id":"https:\/\/evertonfc.cz\/index.php\/2011\/01\/19\/zimni-hratky-v-modrem-podani\/"},"wordCount":2024,"commentCount":0,"publisher":{"@id":"https:\/\/evertonfc.cz\/#organization"},"image":{"@id":"https:\/\/evertonfc.cz\/index.php\/2011\/01\/19\/zimni-hratky-v-modrem-podani\/#primaryimage"},"thumbnailUrl":"https:\/\/evertonfc.cz\/wp-content\/uploads\/2019\/01\/news.jpg","articleSection":["Aktuality"],"inLanguage":"cs","potentialAction":[{"@type":"CommentAction","name":"Comment","target":["https:\/\/evertonfc.cz\/index.php\/2011\/01\/19\/zimni-hratky-v-modrem-podani\/#respond"]}]},{"@type":"WebPage","@id":"https:\/\/evertonfc.cz\/index.php\/2011\/01\/19\/zimni-hratky-v-modrem-podani\/","url":"https:\/\/evertonfc.cz\/index.php\/2011\/01\/19\/zimni-hratky-v-modrem-podani\/","name":"Zimn\u00ed hr\u00e1tky v modr\u00e9m pod\u00e1n\u00ed - Official Czech &amp; Slovak Everton Supporters&#039; Club","isPartOf":{"@id":"https:\/\/evertonfc.cz\/#website"},"primaryImageOfPage":{"@id":"https:\/\/evertonfc.cz\/index.php\/2011\/01\/19\/zimni-hratky-v-modrem-podani\/#primaryimage"},"image":{"@id":"https:\/\/evertonfc.cz\/index.php\/2011\/01\/19\/zimni-hratky-v-modrem-podani\/#primaryimage"},"thumbnailUrl":"https:\/\/evertonfc.cz\/wp-content\/uploads\/2019\/01\/news.jpg","datePublished":"2011-01-19T10:20:18+00:00","dateModified":"2019-02-12T16:34:54+00:00","breadcrumb":{"@id":"https:\/\/evertonfc.cz\/index.php\/2011\/01\/19\/zimni-hratky-v-modrem-podani\/#breadcrumb"},"inLanguage":"cs","potentialAction":[{"@type":"ReadAction","target":["https:\/\/evertonfc.cz\/index.php\/2011\/01\/19\/zimni-hratky-v-modrem-podani\/"]}]},{"@type":"ImageObject","inLanguage":"cs","@id":"https:\/\/evertonfc.cz\/index.php\/2011\/01\/19\/zimni-hratky-v-modrem-podani\/#primaryimage","url":"https:\/\/evertonfc.cz\/wp-content\/uploads\/2019\/01\/news.jpg","contentUrl":"https:\/\/evertonfc.cz\/wp-content\/uploads\/2019\/01\/news.jpg","width":720,"height":405},{"@type":"BreadcrumbList","@id":"https:\/\/evertonfc.cz\/index.php\/2011\/01\/19\/zimni-hratky-v-modrem-podani\/#breadcrumb","itemListElement":[{"@type":"ListItem","position":1,"name":"Home","item":"https:\/\/evertonfc.cz\/"},{"@type":"ListItem","position":2,"name":"Zimn\u00ed hr\u00e1tky v modr\u00e9m pod\u00e1n\u00ed"}]},{"@type":"WebSite","@id":"https:\/\/evertonfc.cz\/#website","url":"https:\/\/evertonfc.cz\/","name":"Official Czech &amp; Slovak Everton Supporters&#039; Club","description":"","publisher":{"@id":"https:\/\/evertonfc.cz\/#organization"},"potentialAction":[{"@type":"SearchAction","target":{"@type":"EntryPoint","urlTemplate":"https:\/\/evertonfc.cz\/?s={search_term_string}"},"query-input":{"@type":"PropertyValueSpecification","valueRequired":true,"valueName":"search_term_string"}}],"inLanguage":"cs"},{"@type":"Organization","@id":"https:\/\/evertonfc.cz\/#organization","name":"Official Czech & Slovak Everton Supporters' Club","url":"https:\/\/evertonfc.cz\/","logo":{"@type":"ImageObject","inLanguage":"cs","@id":"https:\/\/evertonfc.cz\/#\/schema\/logo\/image\/","url":"https:\/\/evertonfc.cz\/wp-content\/uploads\/2019\/05\/logo.png","contentUrl":"https:\/\/evertonfc.cz\/wp-content\/uploads\/2019\/05\/logo.png","width":112,"height":112,"caption":"Official Czech & Slovak Everton Supporters' Club"},"image":{"@id":"https:\/\/evertonfc.cz\/#\/schema\/logo\/image\/"},"sameAs":["https:\/\/www.facebook.com\/everton.fans.cz.sk"]},{"@type":"Person","@id":"https:\/\/evertonfc.cz\/#\/schema\/person\/cd6328a75577de2add7793fd4b0930c3","name":"Me\u0148a","url":"https:\/\/evertonfc.cz\/index.php\/author\/mena\/"}]}},"_links":{"self":[{"href":"https:\/\/evertonfc.cz\/index.php\/wp-json\/wp\/v2\/posts\/3823"}],"collection":[{"href":"https:\/\/evertonfc.cz\/index.php\/wp-json\/wp\/v2\/posts"}],"about":[{"href":"https:\/\/evertonfc.cz\/index.php\/wp-json\/wp\/v2\/types\/post"}],"author":[{"embeddable":true,"href":"https:\/\/evertonfc.cz\/index.php\/wp-json\/wp\/v2\/users\/7"}],"replies":[{"embeddable":true,"href":"https:\/\/evertonfc.cz\/index.php\/wp-json\/wp\/v2\/comments?post=3823"}],"version-history":[{"count":3,"href":"https:\/\/evertonfc.cz\/index.php\/wp-json\/wp\/v2\/posts\/3823\/revisions"}],"predecessor-version":[{"id":3925,"href":"https:\/\/evertonfc.cz\/index.php\/wp-json\/wp\/v2\/posts\/3823\/revisions\/3925"}],"wp:featuredmedia":[{"embeddable":true,"href":"https:\/\/evertonfc.cz\/index.php\/wp-json\/wp\/v2\/media\/1313"}],"wp:attachment":[{"href":"https:\/\/evertonfc.cz\/index.php\/wp-json\/wp\/v2\/media?parent=3823"}],"wp:term":[{"taxonomy":"category","embeddable":true,"href":"https:\/\/evertonfc.cz\/index.php\/wp-json\/wp\/v2\/categories?post=3823"},{"taxonomy":"post_tag","embeddable":true,"href":"https:\/\/evertonfc.cz\/index.php\/wp-json\/wp\/v2\/tags?post=3823"}],"curies":[{"name":"wp","href":"https:\/\/api.w.org\/{rel}","templated":true}]}}