{"id":3831,"date":"2011-01-22T11:40:44","date_gmt":"2011-01-22T10:40:44","guid":{"rendered":"http:\/\/evertonfc.cz\/?p=3831"},"modified":"2019-02-12T17:36:30","modified_gmt":"2019-02-12T16:36:30","slug":"moyes-se-boji-stagnace","status":"publish","type":"post","link":"https:\/\/evertonfc.cz\/index.php\/2011\/01\/22\/moyes-se-boji-stagnace\/","title":{"rendered":"Moyes se boj\u00ed stagnace"},"content":{"rendered":"<h4>P\u0159estupov\u00e9 okno znovu vypou\u0161t\u00ed na sv\u011btlo klubovou finan\u010dn\u00ed nemohoucnost a David Moyes p\u0159ipou\u0161t\u00ed, \u017ee nedostatek investic do hr\u00e1\u010dsk\u00e9ho k\u00e1dru se m\u016f\u017ee za\u010d\u00edt pln\u011b projevovat.<\/h4>\n<p>Siln\u00e9 mu\u017estvo, fini\u0161uj\u00edc\u00ed v horn\u00edch patrech tabulky. To\u0165 je synonymum pro Everton posledn\u00edch let. Siln\u00fd je Moyes\u016fv t\u00fdm koneckonc\u016f po\u0159\u00e1d, jen\u017ee klubu chyb\u00ed to, co ostatn\u00edm rival\u016fm pov\u011bt\u0161inou ne &#8211; finance.<\/p>\n<p>Sledov\u00e1n\u00ed ostatn\u00edch t\u00fdm\u016f, ka\u017edoro\u010dn\u011b vylep\u0161uj\u00edc\u00edch svoje k\u00e1dry, tak vede mana\u017eera ke znepokojen\u00ed. Everton sice v posledn\u00edch dnech vyd\u011blal na prodeji Stevena Pienaara a hostov\u00e1n\u00ed Yakubua, d\u00edky \u010demu\u017e se Moyes je\u0161t\u011b ve zb\u00fdvaj\u00edc\u00edch dnech bude sna\u017eit o sehn\u00e1n\u00ed pot\u0159ebn\u00e9ho \u00fato\u010dn\u00edka. Podstatn\u011b vydatn\u011bj\u0161\u00ed investice jsou ale v dlouhodob\u011bj\u0161\u00edm horizontu v nedohlednu, a to bossovi p\u0159id\u00e1v\u00e1 vr\u00e1sky.<\/p>\n<p><em>\u201e\u017d\u00e1dn\u00e9 z p\u0159edchoz\u00edch \u010dty\u0159 nebo p\u011bti p\u0159estupov\u00fdch oken se mi nel\u00edbilo. V\u016fbec jsem si je neu\u017eil, proto\u017ee pro n\u00e1s byla opravdu t\u011b\u017ek\u00e1. M\u00e1m obavy, \u017ee pokud nebudeme utr\u00e1cet n\u011bjak\u00e9\u00a0pen\u00edze, nikam se neposuneme,\u201c<\/em>\u00a0p\u0159izn\u00e1v\u00e1.\u00a0<em>\u201ePokud ale nem\u00e1m na trh s \u010d\u00edm p\u0159ij\u00edt, ned\u00e1 se nic d\u011blat a mus\u00edm si s t\u00edm poradit. St\u00e1le \u0159\u00edk\u00e1me, \u017ee hled\u00e1me investice a optimisticky v\u011b\u0159\u00edm, \u017ee n\u011bkoho se n\u00e1m je\u0161t\u011b poda\u0159\u00ed p\u0159iv\u00e9st.<\/em><\/p>\n<p><em>Je to i o ostatn\u00edch hr\u00e1\u010d\u00edch, ti tak\u00e9 pot\u0159ebuj\u00ed n\u011b\u010d\u00edm povzbudit, pot\u0159ebuj\u00ed vid\u011bt, \u017ee se n\u011bco h\u00fdbe sm\u011brem kup\u0159edu a jsem si toho v\u011bdom,\u201c<\/em>\u00a0nar\u00e1\u017e\u00ed Moyes na jeden z faktor\u016f Pienaarova odchodu.<em>\u00a0&#8222;S\u00e1m jsem byl fotbalistou a v\u00edm, jak moc m\u016f\u017ee p\u0159\u00edchod posily mu\u017estvo stimulovat, tak\u017ee se o to pokus\u00edm. Ale nep\u016fjde o \u017e\u00e1dn\u00fd permanentn\u00ed transfer.&#8220;<\/em><\/p>\n<p>C\u00edlov\u00fdm trhem tak z\u016fst\u00e1vaj\u00ed hostov\u00e1n\u00ed. S jednou nab\u00eddkou u\u017e Everton nepochodil, a to kdy\u017e Monako odm\u00edtlo na hostov\u00e1n\u00ed p\u016fj\u010dit \u00fato\u010dn\u00edka Mbokaniho.\u00a0<em>\u201eMbokanho jsme cht\u011bli z\u00edskat na hostov\u00e1n\u00ed, nab\u00eddli jsme jist\u00fd poplatek a placen\u00ed jeho mzdy, ale Monako obdr\u017eelo od jin\u00fdch klub\u016f v\u011bt\u0161\u00ed nab\u00eddky, a ne\u0161lo jen o hostov\u00e1n\u00ed ale i o odkoupen\u00ed. Nen\u00ed mnoho klub\u016f, kter\u00e9 by pustily hr\u00e1\u010de hostovat \u0161est m\u011bs\u00edc\u016f pot\u00e9, co za n\u011bj utratili sedm milion\u016f,\u201c<\/em>\u00a0p\u0159ipou\u0161t\u00ed Moyes, \u017ee jeho nab\u00eddla m\u011bla jen malou \u0161anci na \u00fasp\u011bch.<\/p>\n<p>Nep\u0159ehl\u00e9dnuteln\u00e1 finan\u010dn\u00ed propast, d\u011bl\u00edc\u00ed Everton od ostatn\u00edch, by\u0165 v\u00fdkonnostn\u011b t\u0159eba i slab\u0161\u00edch celk\u016f, se tak za\u010d\u00edn\u00e1 pln\u011b projevovat. Klubov\u00fd p\u0159estupov\u00fd rozpo\u010det sice pat\u0159\u00ed ke zdaleka nejni\u017e\u0161\u00edm v Premier League, Moyes ale st\u00e1le v\u011b\u0159\u00ed, \u017ee trhlinu lze p\u0159eklenout a vyv\u00e1\u017eit jin\u00fdmi zp\u016fsoby.<\/p>\n<p><em>\u201eDouf\u00e1m, \u017ee nejv\u011bt\u0161\u00edm p\u0159edm\u011btem, se nestanou jen pen\u00edze. Tottenham t\u0159eba utr\u00e1c\u00ed, ale my se sna\u017e\u00edme udr\u017eet na\u0161e nejlep\u0161\u00ed hr\u00e1\u010de a neprod\u00e1vat je a kdy\u017e jsem dostal tuhle pr\u00e1ci, to byla tak\u00e9 jedna v\u011bc, o kterou jsem byl po\u017e\u00e1d\u00e1n. N\u011bkdy nem\u00e1me na v\u00fdb\u011br, ale sna\u017e\u00edme se o to.<\/em><\/p>\n<p><em>U\u017e n\u011bkolikr\u00e1t jsem \u0159ekl, \u017ee Sunderland, Stoke, Birmingham, a tak d\u00e1le, pat\u0159\u00ed mezi kluby, kter\u00e9 mohou utr\u00e1cet. My v t\u00e9 pozici u\u017e n\u011bjakou dobu nejsme.\u201c<\/em><\/p>\n<p>Proto Moyes nech\u00e1pe, pro\u010d Everton doposud nesehnal vytou\u017een\u00e9 investice.\u00a0<em>\u201e\u0158\u00edk\u00e1m to celou dobu. Kdy\u017e se pod\u00edv\u00e1m na Everton, vid\u00edm velk\u00fd klub, skv\u011blou p\u0159\u00edle\u017eitost ke koupi. M\u00e1me v\u011brnou fanou\u0161kovskou z\u00e1kladnu a hodnotn\u00e9 mu\u017estvo. Chairman \u0159\u00edk\u00e1, &#8222;Pokud m\u00e1te z\u00e1jem, p\u0159ij\u010fte,&#8220; a pokud se n\u011bkdo ozve a rozhodne se s n\u00e1mi jednat, budu mezi prvn\u00edmi, co budou lobovat. Chairman nic neskr\u00fdv\u00e1. \u0158\u00edk\u00e1, \u017ee investice pot\u0159ebujeme, a to je pravda.\u201c<\/em><\/p>\n","protected":false},"excerpt":{"rendered":"<p>P\u0159estupov\u00e9 okno znovu vypou\u0161t\u00ed na sv\u011btlo klubovou finan\u010dn\u00ed nemohoucnost a David Moyes p\u0159ipou\u0161t\u00ed, \u017ee nedostatek investic do hr\u00e1\u010dsk\u00e9ho k\u00e1dru se&hellip;<\/p>\n","protected":false},"author":7,"featured_media":1312,"comment_status":"open","ping_status":"closed","sticky":false,"template":"","format":"standard","meta":{"_eb_attr":"","_monsterinsights_skip_tracking":false,"_monsterinsights_sitenote_active":false,"_monsterinsights_sitenote_note":"","_monsterinsights_sitenote_category":0,"footnotes":""},"categories":[1],"tags":[],"yoast_head":"<!-- This site is optimized with the Yoast SEO plugin v23.4 - https:\/\/yoast.com\/wordpress\/plugins\/seo\/ -->\n<title>Moyes se boj\u00ed stagnace - Official Czech &amp; Slovak Everton Supporters&#039; Club<\/title>\n<meta name=\"robots\" content=\"index, follow, max-snippet:-1, max-image-preview:large, max-video-preview:-1\" \/>\n<link rel=\"canonical\" href=\"https:\/\/evertonfc.cz\/index.php\/2011\/01\/22\/moyes-se-boji-stagnace\/\" \/>\n<meta property=\"og:locale\" content=\"cs_CZ\" \/>\n<meta property=\"og:type\" content=\"article\" \/>\n<meta property=\"og:title\" content=\"Moyes se boj\u00ed stagnace - Official Czech &amp; Slovak Everton Supporters&#039; Club\" \/>\n<meta property=\"og:description\" content=\"P\u0159estupov\u00e9 okno znovu vypou\u0161t\u00ed na sv\u011btlo klubovou finan\u010dn\u00ed nemohoucnost a David Moyes p\u0159ipou\u0161t\u00ed, \u017ee nedostatek investic do hr\u00e1\u010dsk\u00e9ho k\u00e1dru se&hellip;\" \/>\n<meta property=\"og:url\" content=\"https:\/\/evertonfc.cz\/index.php\/2011\/01\/22\/moyes-se-boji-stagnace\/\" \/>\n<meta property=\"og:site_name\" content=\"Official Czech &amp; Slovak Everton Supporters&#039; Club\" \/>\n<meta property=\"article:publisher\" content=\"https:\/\/www.facebook.com\/everton.fans.cz.sk\" \/>\n<meta property=\"article:published_time\" content=\"2011-01-22T10:40:44+00:00\" \/>\n<meta property=\"article:modified_time\" content=\"2019-02-12T16:36:30+00:00\" \/>\n<meta property=\"og:image\" content=\"https:\/\/evertonfc.cz\/wp-content\/uploads\/2019\/01\/interview.jpg\" \/>\n\t<meta property=\"og:image:width\" content=\"720\" \/>\n\t<meta property=\"og:image:height\" content=\"405\" \/>\n\t<meta property=\"og:image:type\" content=\"image\/jpeg\" \/>\n<meta name=\"author\" content=\"Me\u0148a\" \/>\n<meta name=\"twitter:card\" content=\"summary_large_image\" \/>\n<meta name=\"twitter:label1\" content=\"Napsal(a)\" \/>\n\t<meta name=\"twitter:data1\" content=\"Me\u0148a\" \/>\n\t<meta name=\"twitter:label2\" content=\"Odhadovan\u00e1 doba \u010dten\u00ed\" \/>\n\t<meta name=\"twitter:data2\" content=\"3 minuty\" \/>\n<script type=\"application\/ld+json\" class=\"yoast-schema-graph\">{\"@context\":\"https:\/\/schema.org\",\"@graph\":[{\"@type\":\"Article\",\"@id\":\"https:\/\/evertonfc.cz\/index.php\/2011\/01\/22\/moyes-se-boji-stagnace\/#article\",\"isPartOf\":{\"@id\":\"https:\/\/evertonfc.cz\/index.php\/2011\/01\/22\/moyes-se-boji-stagnace\/\"},\"author\":{\"name\":\"Me\u0148a\",\"@id\":\"https:\/\/evertonfc.cz\/#\/schema\/person\/cd6328a75577de2add7793fd4b0930c3\"},\"headline\":\"Moyes se boj\u00ed stagnace\",\"datePublished\":\"2011-01-22T10:40:44+00:00\",\"dateModified\":\"2019-02-12T16:36:30+00:00\",\"mainEntityOfPage\":{\"@id\":\"https:\/\/evertonfc.cz\/index.php\/2011\/01\/22\/moyes-se-boji-stagnace\/\"},\"wordCount\":699,\"commentCount\":0,\"publisher\":{\"@id\":\"https:\/\/evertonfc.cz\/#organization\"},\"image\":{\"@id\":\"https:\/\/evertonfc.cz\/index.php\/2011\/01\/22\/moyes-se-boji-stagnace\/#primaryimage\"},\"thumbnailUrl\":\"https:\/\/evertonfc.cz\/wp-content\/uploads\/2019\/01\/interview.jpg\",\"articleSection\":[\"Rozhovory\"],\"inLanguage\":\"cs\",\"potentialAction\":[{\"@type\":\"CommentAction\",\"name\":\"Comment\",\"target\":[\"https:\/\/evertonfc.cz\/index.php\/2011\/01\/22\/moyes-se-boji-stagnace\/#respond\"]}]},{\"@type\":\"WebPage\",\"@id\":\"https:\/\/evertonfc.cz\/index.php\/2011\/01\/22\/moyes-se-boji-stagnace\/\",\"url\":\"https:\/\/evertonfc.cz\/index.php\/2011\/01\/22\/moyes-se-boji-stagnace\/\",\"name\":\"Moyes se boj\u00ed stagnace - Official Czech &amp; Slovak Everton Supporters&#039; Club\",\"isPartOf\":{\"@id\":\"https:\/\/evertonfc.cz\/#website\"},\"primaryImageOfPage\":{\"@id\":\"https:\/\/evertonfc.cz\/index.php\/2011\/01\/22\/moyes-se-boji-stagnace\/#primaryimage\"},\"image\":{\"@id\":\"https:\/\/evertonfc.cz\/index.php\/2011\/01\/22\/moyes-se-boji-stagnace\/#primaryimage\"},\"thumbnailUrl\":\"https:\/\/evertonfc.cz\/wp-content\/uploads\/2019\/01\/interview.jpg\",\"datePublished\":\"2011-01-22T10:40:44+00:00\",\"dateModified\":\"2019-02-12T16:36:30+00:00\",\"breadcrumb\":{\"@id\":\"https:\/\/evertonfc.cz\/index.php\/2011\/01\/22\/moyes-se-boji-stagnace\/#breadcrumb\"},\"inLanguage\":\"cs\",\"potentialAction\":[{\"@type\":\"ReadAction\",\"target\":[\"https:\/\/evertonfc.cz\/index.php\/2011\/01\/22\/moyes-se-boji-stagnace\/\"]}]},{\"@type\":\"ImageObject\",\"inLanguage\":\"cs\",\"@id\":\"https:\/\/evertonfc.cz\/index.php\/2011\/01\/22\/moyes-se-boji-stagnace\/#primaryimage\",\"url\":\"https:\/\/evertonfc.cz\/wp-content\/uploads\/2019\/01\/interview.jpg\",\"contentUrl\":\"https:\/\/evertonfc.cz\/wp-content\/uploads\/2019\/01\/interview.jpg\",\"width\":720,\"height\":405},{\"@type\":\"BreadcrumbList\",\"@id\":\"https:\/\/evertonfc.cz\/index.php\/2011\/01\/22\/moyes-se-boji-stagnace\/#breadcrumb\",\"itemListElement\":[{\"@type\":\"ListItem\",\"position\":1,\"name\":\"Home\",\"item\":\"https:\/\/evertonfc.cz\/\"},{\"@type\":\"ListItem\",\"position\":2,\"name\":\"Moyes se boj\u00ed stagnace\"}]},{\"@type\":\"WebSite\",\"@id\":\"https:\/\/evertonfc.cz\/#website\",\"url\":\"https:\/\/evertonfc.cz\/\",\"name\":\"Official Czech &amp; Slovak Everton Supporters&#039; Club\",\"description\":\"\",\"publisher\":{\"@id\":\"https:\/\/evertonfc.cz\/#organization\"},\"potentialAction\":[{\"@type\":\"SearchAction\",\"target\":{\"@type\":\"EntryPoint\",\"urlTemplate\":\"https:\/\/evertonfc.cz\/?s={search_term_string}\"},\"query-input\":{\"@type\":\"PropertyValueSpecification\",\"valueRequired\":true,\"valueName\":\"search_term_string\"}}],\"inLanguage\":\"cs\"},{\"@type\":\"Organization\",\"@id\":\"https:\/\/evertonfc.cz\/#organization\",\"name\":\"Official Czech & Slovak Everton Supporters' Club\",\"url\":\"https:\/\/evertonfc.cz\/\",\"logo\":{\"@type\":\"ImageObject\",\"inLanguage\":\"cs\",\"@id\":\"https:\/\/evertonfc.cz\/#\/schema\/logo\/image\/\",\"url\":\"https:\/\/evertonfc.cz\/wp-content\/uploads\/2019\/05\/logo.png\",\"contentUrl\":\"https:\/\/evertonfc.cz\/wp-content\/uploads\/2019\/05\/logo.png\",\"width\":112,\"height\":112,\"caption\":\"Official Czech & Slovak Everton Supporters' Club\"},\"image\":{\"@id\":\"https:\/\/evertonfc.cz\/#\/schema\/logo\/image\/\"},\"sameAs\":[\"https:\/\/www.facebook.com\/everton.fans.cz.sk\"]},{\"@type\":\"Person\",\"@id\":\"https:\/\/evertonfc.cz\/#\/schema\/person\/cd6328a75577de2add7793fd4b0930c3\",\"name\":\"Me\u0148a\",\"url\":\"https:\/\/evertonfc.cz\/index.php\/author\/mena\/\"}]}<\/script>\n<!-- \/ Yoast SEO plugin. -->","yoast_head_json":{"title":"Moyes se boj\u00ed stagnace - Official Czech &amp; Slovak Everton Supporters&#039; Club","robots":{"index":"index","follow":"follow","max-snippet":"max-snippet:-1","max-image-preview":"max-image-preview:large","max-video-preview":"max-video-preview:-1"},"canonical":"https:\/\/evertonfc.cz\/index.php\/2011\/01\/22\/moyes-se-boji-stagnace\/","og_locale":"cs_CZ","og_type":"article","og_title":"Moyes se boj\u00ed stagnace - Official Czech &amp; Slovak Everton Supporters&#039; Club","og_description":"P\u0159estupov\u00e9 okno znovu vypou\u0161t\u00ed na sv\u011btlo klubovou finan\u010dn\u00ed nemohoucnost a David Moyes p\u0159ipou\u0161t\u00ed, \u017ee nedostatek investic do hr\u00e1\u010dsk\u00e9ho k\u00e1dru se&hellip;","og_url":"https:\/\/evertonfc.cz\/index.php\/2011\/01\/22\/moyes-se-boji-stagnace\/","og_site_name":"Official Czech &amp; Slovak Everton Supporters&#039; Club","article_publisher":"https:\/\/www.facebook.com\/everton.fans.cz.sk","article_published_time":"2011-01-22T10:40:44+00:00","article_modified_time":"2019-02-12T16:36:30+00:00","og_image":[{"width":720,"height":405,"url":"https:\/\/evertonfc.cz\/wp-content\/uploads\/2019\/01\/interview.jpg","type":"image\/jpeg"}],"author":"Me\u0148a","twitter_card":"summary_large_image","twitter_misc":{"Napsal(a)":"Me\u0148a","Odhadovan\u00e1 doba \u010dten\u00ed":"3 minuty"},"schema":{"@context":"https:\/\/schema.org","@graph":[{"@type":"Article","@id":"https:\/\/evertonfc.cz\/index.php\/2011\/01\/22\/moyes-se-boji-stagnace\/#article","isPartOf":{"@id":"https:\/\/evertonfc.cz\/index.php\/2011\/01\/22\/moyes-se-boji-stagnace\/"},"author":{"name":"Me\u0148a","@id":"https:\/\/evertonfc.cz\/#\/schema\/person\/cd6328a75577de2add7793fd4b0930c3"},"headline":"Moyes se boj\u00ed stagnace","datePublished":"2011-01-22T10:40:44+00:00","dateModified":"2019-02-12T16:36:30+00:00","mainEntityOfPage":{"@id":"https:\/\/evertonfc.cz\/index.php\/2011\/01\/22\/moyes-se-boji-stagnace\/"},"wordCount":699,"commentCount":0,"publisher":{"@id":"https:\/\/evertonfc.cz\/#organization"},"image":{"@id":"https:\/\/evertonfc.cz\/index.php\/2011\/01\/22\/moyes-se-boji-stagnace\/#primaryimage"},"thumbnailUrl":"https:\/\/evertonfc.cz\/wp-content\/uploads\/2019\/01\/interview.jpg","articleSection":["Rozhovory"],"inLanguage":"cs","potentialAction":[{"@type":"CommentAction","name":"Comment","target":["https:\/\/evertonfc.cz\/index.php\/2011\/01\/22\/moyes-se-boji-stagnace\/#respond"]}]},{"@type":"WebPage","@id":"https:\/\/evertonfc.cz\/index.php\/2011\/01\/22\/moyes-se-boji-stagnace\/","url":"https:\/\/evertonfc.cz\/index.php\/2011\/01\/22\/moyes-se-boji-stagnace\/","name":"Moyes se boj\u00ed stagnace - Official Czech &amp; Slovak Everton Supporters&#039; Club","isPartOf":{"@id":"https:\/\/evertonfc.cz\/#website"},"primaryImageOfPage":{"@id":"https:\/\/evertonfc.cz\/index.php\/2011\/01\/22\/moyes-se-boji-stagnace\/#primaryimage"},"image":{"@id":"https:\/\/evertonfc.cz\/index.php\/2011\/01\/22\/moyes-se-boji-stagnace\/#primaryimage"},"thumbnailUrl":"https:\/\/evertonfc.cz\/wp-content\/uploads\/2019\/01\/interview.jpg","datePublished":"2011-01-22T10:40:44+00:00","dateModified":"2019-02-12T16:36:30+00:00","breadcrumb":{"@id":"https:\/\/evertonfc.cz\/index.php\/2011\/01\/22\/moyes-se-boji-stagnace\/#breadcrumb"},"inLanguage":"cs","potentialAction":[{"@type":"ReadAction","target":["https:\/\/evertonfc.cz\/index.php\/2011\/01\/22\/moyes-se-boji-stagnace\/"]}]},{"@type":"ImageObject","inLanguage":"cs","@id":"https:\/\/evertonfc.cz\/index.php\/2011\/01\/22\/moyes-se-boji-stagnace\/#primaryimage","url":"https:\/\/evertonfc.cz\/wp-content\/uploads\/2019\/01\/interview.jpg","contentUrl":"https:\/\/evertonfc.cz\/wp-content\/uploads\/2019\/01\/interview.jpg","width":720,"height":405},{"@type":"BreadcrumbList","@id":"https:\/\/evertonfc.cz\/index.php\/2011\/01\/22\/moyes-se-boji-stagnace\/#breadcrumb","itemListElement":[{"@type":"ListItem","position":1,"name":"Home","item":"https:\/\/evertonfc.cz\/"},{"@type":"ListItem","position":2,"name":"Moyes se boj\u00ed stagnace"}]},{"@type":"WebSite","@id":"https:\/\/evertonfc.cz\/#website","url":"https:\/\/evertonfc.cz\/","name":"Official Czech &amp; Slovak Everton Supporters&#039; Club","description":"","publisher":{"@id":"https:\/\/evertonfc.cz\/#organization"},"potentialAction":[{"@type":"SearchAction","target":{"@type":"EntryPoint","urlTemplate":"https:\/\/evertonfc.cz\/?s={search_term_string}"},"query-input":{"@type":"PropertyValueSpecification","valueRequired":true,"valueName":"search_term_string"}}],"inLanguage":"cs"},{"@type":"Organization","@id":"https:\/\/evertonfc.cz\/#organization","name":"Official Czech & Slovak Everton Supporters' Club","url":"https:\/\/evertonfc.cz\/","logo":{"@type":"ImageObject","inLanguage":"cs","@id":"https:\/\/evertonfc.cz\/#\/schema\/logo\/image\/","url":"https:\/\/evertonfc.cz\/wp-content\/uploads\/2019\/05\/logo.png","contentUrl":"https:\/\/evertonfc.cz\/wp-content\/uploads\/2019\/05\/logo.png","width":112,"height":112,"caption":"Official Czech & Slovak Everton Supporters' Club"},"image":{"@id":"https:\/\/evertonfc.cz\/#\/schema\/logo\/image\/"},"sameAs":["https:\/\/www.facebook.com\/everton.fans.cz.sk"]},{"@type":"Person","@id":"https:\/\/evertonfc.cz\/#\/schema\/person\/cd6328a75577de2add7793fd4b0930c3","name":"Me\u0148a","url":"https:\/\/evertonfc.cz\/index.php\/author\/mena\/"}]}},"_links":{"self":[{"href":"https:\/\/evertonfc.cz\/index.php\/wp-json\/wp\/v2\/posts\/3831"}],"collection":[{"href":"https:\/\/evertonfc.cz\/index.php\/wp-json\/wp\/v2\/posts"}],"about":[{"href":"https:\/\/evertonfc.cz\/index.php\/wp-json\/wp\/v2\/types\/post"}],"author":[{"embeddable":true,"href":"https:\/\/evertonfc.cz\/index.php\/wp-json\/wp\/v2\/users\/7"}],"replies":[{"embeddable":true,"href":"https:\/\/evertonfc.cz\/index.php\/wp-json\/wp\/v2\/comments?post=3831"}],"version-history":[{"count":2,"href":"https:\/\/evertonfc.cz\/index.php\/wp-json\/wp\/v2\/posts\/3831\/revisions"}],"predecessor-version":[{"id":3932,"href":"https:\/\/evertonfc.cz\/index.php\/wp-json\/wp\/v2\/posts\/3831\/revisions\/3932"}],"wp:featuredmedia":[{"embeddable":true,"href":"https:\/\/evertonfc.cz\/index.php\/wp-json\/wp\/v2\/media\/1312"}],"wp:attachment":[{"href":"https:\/\/evertonfc.cz\/index.php\/wp-json\/wp\/v2\/media?parent=3831"}],"wp:term":[{"taxonomy":"category","embeddable":true,"href":"https:\/\/evertonfc.cz\/index.php\/wp-json\/wp\/v2\/categories?post=3831"},{"taxonomy":"post_tag","embeddable":true,"href":"https:\/\/evertonfc.cz\/index.php\/wp-json\/wp\/v2\/tags?post=3831"}],"curies":[{"name":"wp","href":"https:\/\/api.w.org\/{rel}","templated":true}]}}