{"id":3833,"date":"2011-01-22T11:42:38","date_gmt":"2011-01-22T10:42:38","guid":{"rendered":"http:\/\/evertonfc.cz\/?p=3833"},"modified":"2019-02-12T17:37:11","modified_gmt":"2019-02-12T16:37:11","slug":"everton-west-ham-22-2","status":"publish","type":"post","link":"https:\/\/evertonfc.cz\/index.php\/2011\/01\/22\/everton-west-ham-22-2\/","title":{"rendered":"Everton &#8211; West Ham 2:2"},"content":{"rendered":"<h4>V\u00fdkonem, z n\u011bho\u017e po\u0159\u00e1dn\u011b bolely o\u010di se dnes Everton prezentoval proti posledn\u00edmu West Hamu. Dom\u00e1c\u00ed alespo\u0148 bod zachra\u0148ovali doslova za p\u00e1r minut dvan\u00e1ct.<\/h4>\n<p>M\u011bl to b\u00fdt z\u00e1pas, ve kter\u00e9m si Everton pohodln\u011b dojde pro t\u0159i body. M\u00edsto toho se ale na Goodison Parku strhl nap\u00ednav\u00fd souboj o jedin\u00fd bod. D\u00e1 se \u0159\u00edci, d\u00edky bohu za n\u011bj, proto\u017ee dnes dom\u00e1c\u00ed podali v\u00fdkon zcela jednozna\u010dn\u011b hodn\u00fd prohry. Ji\u017e dvan\u00e1ct\u00e1 rem\u00edza v leto\u0161n\u00ed sezon\u011b zkr\u00e1tka nab\u00eddla devades\u00e1t minut utrpen\u00ed, rvan\u00ed vlas\u016f a neuv\u011b\u0159iteln\u011b bezzub\u00e9ho fotbalu.<\/p>\n<p>Phil Jagielka a Louis Saha se stihli uzdravit, pravd\u011bpodobn\u011b ale ne zcela na stoprocent, tak\u017ee se oba usadili jen na lavi\u010dku n\u00e1hradn\u00edk\u016f. David Moyes proto teda oproti posledn\u00ed z\u00e1pasu z\u00e1kladn\u00ed sestavu nezm\u011bnil.<\/p>\n<p>P\u0159esto\u017ee m\u011bl na za\u010d\u00e1tku utk\u00e1n\u00ed Everton m\u00edrn\u011bj\u0161\u00ed p\u0159evahu, West Ham se mohl dostat brzy do veden\u00ed. Nejprve Piquionne zakon\u010dil rychl\u00fd brejk st\u0159elou vedle a pot\u00e9 nepokryt\u00fd Noble st\u0159\u00edlel z hranice v\u00e1pna t\u011bsn\u011b nad br\u00e1nu. Za p\u00e1r minut stvrdili host\u00e9, \u017ee si na Goodison nep\u0159ijeli pro prohru, dal\u0161\u00ed zaj\u00edmavou akc\u00ed &#8211; a tentokr\u00e1t u\u017e g\u00f3lovou. Po pr\u00e1ci Nobla a Boa Morteho, se m\u00ed\u010d p\u0159itoulal k noh\u00e1m Spectora a ten u\u017e m\u011bl p\u0159ed sebou prakticky pr\u00e1zdnou br\u00e1nu.<\/p>\n<p>Everton ale nereagoval. A\u010dkoliv m\u011bl znovu v\u011bt\u0161\u00ed dr\u017een\u00ed m\u00ed\u010de, bylo mu to k ni\u010demu, proto\u017ee p\u0159ihr\u00e1vky do stran a neskute\u010dn\u011b b\u00eddn\u00e1 fin\u00e1ln\u00ed f\u00e1ze, nep\u0159in\u00e1\u0161ely br\u00e1n\u011b West Hamu v\u016fbec \u017e\u00e1dn\u00e9 ohro\u017een\u00ed. Zad\u00e1ci Hammers tak mohli s klidem sledovat, jak Piquionne v dal\u0161\u00ed velk\u00e9 \u0161anci host\u016f trefuje hlavou ty\u010d. M\u00ed\u010d se potom je\u0161t\u011b toulal pod\u00e9l brankov\u00e9 \u010d\u00e1ry, ale \u017e\u00e1dn\u00fd Kladiv\u00e1\u0159 nebyl pobl\u00ed\u017e, aby jej doklepl do pr\u00e1zdn\u00e9 branky.<\/p>\n<p>Jedinou, jak\u017etak\u017e v\u00e1\u017enou \u0161anc\u00ed, kterou si Toffees v prvn\u00ed p\u016fli vypracovali, tak byla st\u0159ela Jermaina Beckforda, proti n\u011bmu\u017e nicm\u00e9n\u011b v\u010das vyb\u011bhl Robert Green. Do \u0161atny se tedy \u0161lo za nep\u0159\u00edzniv\u00e9ho stavu, a jak se po \u010dtvrthodince uk\u00e1zalo, k\u00fd\u017een\u00e1 zm\u011bna k lep\u0161\u00edmu v\u016fbec nenastala.<\/p>\n<p>Branku znovu ohro\u017eoval v\u00fdhradn\u011b West Ham, nebo\u0165 ve\u0161ker\u00e1 hra Evertonu kon\u010dila dosa\u017een\u00edm hranice v\u00e1pna. Za Hammers zahrozil nebezpe\u010dnou volej\u00ed Zavon Hines, za Everton se nena\u0161el nikdo. Ne\u017e ov\u0161em p\u0159i\u0161la 78. minuta.<\/p>\n<p>Vylo\u017een\u011b \u0161patn\u011b hraj\u00edc\u00edho Anichebeho nahradil Diniyar Bilyaletdinov a Rus m\u011bl na v\u00fdvoj utk\u00e1n\u00ed t\u00e9m\u011b\u0159 okam\u017eit\u00fd dopad. St\u0159elu z prvn\u00ed nam\u00ed\u0159il p\u0159esn\u011b k ty\u010di, a tak se Green po jeho pokusu natahoval marn\u011b. Goodison byl najednou na nohou a radost mohla vypuknout plnohodnotn\u011b jen o dv\u011b minuty pozd\u011bji. Louis Saha se skrz stopery protla\u010dil ke st\u0159ele, kterou Green vyrazil k noh\u00e1m Colemana, maj\u00edc\u00edho p\u0159ed sebou odkrytou br\u00e1nu, jen\u017ee ne\u0161ikovn\u011b trefen\u00fd m\u00ed\u010d dol\u00e9tnul a\u017e k horn\u00edm \u0159ad\u00e1m Gwladys Street.<\/p>\n<p>Pozitivn\u00ed n\u00e1lada se ale znovu brzy prom\u011bnila v zoufalstv\u00ed. Na centr Wayna Bridge si v 83. minut\u011b nasko\u010dil Piquionne a m\u00ed\u010d po jeho hlavi\u010dce neomyln\u011b zapadl k ty\u010di.<\/p>\n<p>Posledn\u00edm \u0159e\u0161en\u00ed, jak odvr\u00e1tit \u0161okuj\u00edc\u00ed prohru na\u0161el Moyes v Jacku Rodwellovi a krok se mu vskutku vyplatil. B\u011b\u017eelo ji\u017e nastaven\u00ed, kdy\u017e mlad\u00edk sklepl m\u00ed\u010d Fellainimu a Belgi\u010dan vz\u00e1p\u011bt\u00ed stanovil kone\u010dn\u00e9 sk\u00f3re na 2-2. Everton tak z jeho strany mizern\u00e9ho z\u00e1pasu, vyt\u0159\u00edskal maximum, ale ani to nem\u016f\u017ee slou\u017eit jako omluva. Podobn\u00fd v\u00fdkon, proti posledn\u00edmu t\u00fdmu sout\u011b\u017ee, zkr\u00e1tka akceptovat nelze.<\/p>\n<p><strong>Everton:<\/strong>\u00a0Howard, Neville (86. Rodwell), Heitinga, Distin, Baines, Coleman, Arteta, Fellaini, Osman, Anichebe (68. Bilyaletdinov), Beckford (46. Saha)<\/p>\n<p><strong>West Ham:<\/strong>\u00a0Green, Faubert, Tomkins, Upson, Bridge, Hines (81. Sears &#8211; 90. Reid), Spector, Noble, Parker, Boa Morte, Piquionne<\/p>\n<p><strong>Branky:<\/strong>\u00a077. Bilyaletdinov, 90+1. Fellaini &#8211; 26. Spector, 84. Piquionne<\/p>\n<p><strong>Hodnocen\u00ed hr\u00e1\u010d\u016f<\/strong>: Howard 6, Neville 5, Heitinga 6, Distin 7, Baines 6, Coleman 5, Arteta 6, Fellaini 7, Osman 5, Anichebe 5, Beckford 5, Saha 6, Bilyaletdinov 7<\/p>\n<p><strong>\u017dlut\u00e9 karty:<\/strong>\u00a0Fellaini &#8211; Parker, Piquionne 2x<\/p>\n<p><strong>\u010cerven\u00e9 karty:<\/strong>\u00a0Piquionne<\/p>\n<p><strong>Dr\u017een\u00ed m\u00ed\u010de:<\/strong>\u00a058% &#8211; 42%<\/p>\n<p><strong>St\u0159ely na br\u00e1nu:<\/strong>\u00a06 &#8211; 6<\/p>\n<p><strong>St\u0159ely mimo br\u00e1nu:<\/strong>\u00a05 &#8211; 8<\/p>\n<p><strong>Rohov\u00e9 kopy:<\/strong>\u00a012 &#8211; 2<\/p>\n<p><strong>Fauly:<\/strong>\u00a09 &#8211; 13<\/p>\n","protected":false},"excerpt":{"rendered":"<p>V\u00fdkonem, z n\u011bho\u017e po\u0159\u00e1dn\u011b bolely o\u010di se dnes Everton prezentoval proti posledn\u00edmu West Hamu. Dom\u00e1c\u00ed alespo\u0148 bod zachra\u0148ovali doslova za&hellip;<\/p>\n","protected":false},"author":7,"featured_media":1315,"comment_status":"open","ping_status":"closed","sticky":false,"template":"","format":"standard","meta":{"_eb_attr":"","_monsterinsights_skip_tracking":false,"_monsterinsights_sitenote_active":false,"_monsterinsights_sitenote_note":"","_monsterinsights_sitenote_category":0,"footnotes":""},"categories":[4],"tags":[],"yoast_head":"<!-- This site is optimized with the Yoast SEO plugin v23.4 - https:\/\/yoast.com\/wordpress\/plugins\/seo\/ -->\n<title>Everton - West Ham 2:2 - Official Czech &amp; Slovak Everton Supporters&#039; Club<\/title>\n<meta name=\"robots\" content=\"index, follow, max-snippet:-1, max-image-preview:large, max-video-preview:-1\" \/>\n<link rel=\"canonical\" href=\"https:\/\/evertonfc.cz\/index.php\/2011\/01\/22\/everton-west-ham-22-2\/\" \/>\n<meta property=\"og:locale\" content=\"cs_CZ\" \/>\n<meta property=\"og:type\" content=\"article\" \/>\n<meta property=\"og:title\" content=\"Everton - West Ham 2:2 - Official Czech &amp; Slovak Everton Supporters&#039; Club\" \/>\n<meta property=\"og:description\" content=\"V\u00fdkonem, z n\u011bho\u017e po\u0159\u00e1dn\u011b bolely o\u010di se dnes Everton prezentoval proti posledn\u00edmu West Hamu. Dom\u00e1c\u00ed alespo\u0148 bod zachra\u0148ovali doslova za&hellip;\" \/>\n<meta property=\"og:url\" content=\"https:\/\/evertonfc.cz\/index.php\/2011\/01\/22\/everton-west-ham-22-2\/\" \/>\n<meta property=\"og:site_name\" content=\"Official Czech &amp; Slovak Everton Supporters&#039; Club\" \/>\n<meta property=\"article:publisher\" content=\"https:\/\/www.facebook.com\/everton.fans.cz.sk\" \/>\n<meta property=\"article:published_time\" content=\"2011-01-22T10:42:38+00:00\" \/>\n<meta property=\"article:modified_time\" content=\"2019-02-12T16:37:11+00:00\" \/>\n<meta property=\"og:image\" content=\"https:\/\/evertonfc.cz\/wp-content\/uploads\/2019\/01\/report.jpg\" \/>\n\t<meta property=\"og:image:width\" content=\"720\" \/>\n\t<meta property=\"og:image:height\" content=\"405\" \/>\n\t<meta property=\"og:image:type\" content=\"image\/jpeg\" \/>\n<meta name=\"author\" content=\"Me\u0148a\" \/>\n<meta name=\"twitter:card\" content=\"summary_large_image\" \/>\n<meta name=\"twitter:label1\" content=\"Napsal(a)\" \/>\n\t<meta name=\"twitter:data1\" content=\"Me\u0148a\" \/>\n\t<meta name=\"twitter:label2\" content=\"Odhadovan\u00e1 doba \u010dten\u00ed\" \/>\n\t<meta name=\"twitter:data2\" content=\"4 minuty\" \/>\n<script type=\"application\/ld+json\" class=\"yoast-schema-graph\">{\"@context\":\"https:\/\/schema.org\",\"@graph\":[{\"@type\":\"Article\",\"@id\":\"https:\/\/evertonfc.cz\/index.php\/2011\/01\/22\/everton-west-ham-22-2\/#article\",\"isPartOf\":{\"@id\":\"https:\/\/evertonfc.cz\/index.php\/2011\/01\/22\/everton-west-ham-22-2\/\"},\"author\":{\"name\":\"Me\u0148a\",\"@id\":\"https:\/\/evertonfc.cz\/#\/schema\/person\/cd6328a75577de2add7793fd4b0930c3\"},\"headline\":\"Everton &#8211; West Ham 2:2\",\"datePublished\":\"2011-01-22T10:42:38+00:00\",\"dateModified\":\"2019-02-12T16:37:11+00:00\",\"mainEntityOfPage\":{\"@id\":\"https:\/\/evertonfc.cz\/index.php\/2011\/01\/22\/everton-west-ham-22-2\/\"},\"wordCount\":744,\"commentCount\":0,\"publisher\":{\"@id\":\"https:\/\/evertonfc.cz\/#organization\"},\"image\":{\"@id\":\"https:\/\/evertonfc.cz\/index.php\/2011\/01\/22\/everton-west-ham-22-2\/#primaryimage\"},\"thumbnailUrl\":\"https:\/\/evertonfc.cz\/wp-content\/uploads\/2019\/01\/report.jpg\",\"articleSection\":[\"Z\u00e1pasy\"],\"inLanguage\":\"cs\",\"potentialAction\":[{\"@type\":\"CommentAction\",\"name\":\"Comment\",\"target\":[\"https:\/\/evertonfc.cz\/index.php\/2011\/01\/22\/everton-west-ham-22-2\/#respond\"]}]},{\"@type\":\"WebPage\",\"@id\":\"https:\/\/evertonfc.cz\/index.php\/2011\/01\/22\/everton-west-ham-22-2\/\",\"url\":\"https:\/\/evertonfc.cz\/index.php\/2011\/01\/22\/everton-west-ham-22-2\/\",\"name\":\"Everton - West Ham 2:2 - Official Czech &amp; Slovak Everton Supporters&#039; Club\",\"isPartOf\":{\"@id\":\"https:\/\/evertonfc.cz\/#website\"},\"primaryImageOfPage\":{\"@id\":\"https:\/\/evertonfc.cz\/index.php\/2011\/01\/22\/everton-west-ham-22-2\/#primaryimage\"},\"image\":{\"@id\":\"https:\/\/evertonfc.cz\/index.php\/2011\/01\/22\/everton-west-ham-22-2\/#primaryimage\"},\"thumbnailUrl\":\"https:\/\/evertonfc.cz\/wp-content\/uploads\/2019\/01\/report.jpg\",\"datePublished\":\"2011-01-22T10:42:38+00:00\",\"dateModified\":\"2019-02-12T16:37:11+00:00\",\"breadcrumb\":{\"@id\":\"https:\/\/evertonfc.cz\/index.php\/2011\/01\/22\/everton-west-ham-22-2\/#breadcrumb\"},\"inLanguage\":\"cs\",\"potentialAction\":[{\"@type\":\"ReadAction\",\"target\":[\"https:\/\/evertonfc.cz\/index.php\/2011\/01\/22\/everton-west-ham-22-2\/\"]}]},{\"@type\":\"ImageObject\",\"inLanguage\":\"cs\",\"@id\":\"https:\/\/evertonfc.cz\/index.php\/2011\/01\/22\/everton-west-ham-22-2\/#primaryimage\",\"url\":\"https:\/\/evertonfc.cz\/wp-content\/uploads\/2019\/01\/report.jpg\",\"contentUrl\":\"https:\/\/evertonfc.cz\/wp-content\/uploads\/2019\/01\/report.jpg\",\"width\":720,\"height\":405},{\"@type\":\"BreadcrumbList\",\"@id\":\"https:\/\/evertonfc.cz\/index.php\/2011\/01\/22\/everton-west-ham-22-2\/#breadcrumb\",\"itemListElement\":[{\"@type\":\"ListItem\",\"position\":1,\"name\":\"Home\",\"item\":\"https:\/\/evertonfc.cz\/\"},{\"@type\":\"ListItem\",\"position\":2,\"name\":\"Everton &#8211; West Ham 2:2\"}]},{\"@type\":\"WebSite\",\"@id\":\"https:\/\/evertonfc.cz\/#website\",\"url\":\"https:\/\/evertonfc.cz\/\",\"name\":\"Official Czech &amp; Slovak Everton Supporters&#039; Club\",\"description\":\"\",\"publisher\":{\"@id\":\"https:\/\/evertonfc.cz\/#organization\"},\"potentialAction\":[{\"@type\":\"SearchAction\",\"target\":{\"@type\":\"EntryPoint\",\"urlTemplate\":\"https:\/\/evertonfc.cz\/?s={search_term_string}\"},\"query-input\":{\"@type\":\"PropertyValueSpecification\",\"valueRequired\":true,\"valueName\":\"search_term_string\"}}],\"inLanguage\":\"cs\"},{\"@type\":\"Organization\",\"@id\":\"https:\/\/evertonfc.cz\/#organization\",\"name\":\"Official Czech & Slovak Everton Supporters' Club\",\"url\":\"https:\/\/evertonfc.cz\/\",\"logo\":{\"@type\":\"ImageObject\",\"inLanguage\":\"cs\",\"@id\":\"https:\/\/evertonfc.cz\/#\/schema\/logo\/image\/\",\"url\":\"https:\/\/evertonfc.cz\/wp-content\/uploads\/2019\/05\/logo.png\",\"contentUrl\":\"https:\/\/evertonfc.cz\/wp-content\/uploads\/2019\/05\/logo.png\",\"width\":112,\"height\":112,\"caption\":\"Official Czech & Slovak Everton Supporters' Club\"},\"image\":{\"@id\":\"https:\/\/evertonfc.cz\/#\/schema\/logo\/image\/\"},\"sameAs\":[\"https:\/\/www.facebook.com\/everton.fans.cz.sk\"]},{\"@type\":\"Person\",\"@id\":\"https:\/\/evertonfc.cz\/#\/schema\/person\/cd6328a75577de2add7793fd4b0930c3\",\"name\":\"Me\u0148a\",\"url\":\"https:\/\/evertonfc.cz\/index.php\/author\/mena\/\"}]}<\/script>\n<!-- \/ Yoast SEO plugin. -->","yoast_head_json":{"title":"Everton - West Ham 2:2 - Official Czech &amp; Slovak Everton Supporters&#039; Club","robots":{"index":"index","follow":"follow","max-snippet":"max-snippet:-1","max-image-preview":"max-image-preview:large","max-video-preview":"max-video-preview:-1"},"canonical":"https:\/\/evertonfc.cz\/index.php\/2011\/01\/22\/everton-west-ham-22-2\/","og_locale":"cs_CZ","og_type":"article","og_title":"Everton - West Ham 2:2 - Official Czech &amp; Slovak Everton Supporters&#039; Club","og_description":"V\u00fdkonem, z n\u011bho\u017e po\u0159\u00e1dn\u011b bolely o\u010di se dnes Everton prezentoval proti posledn\u00edmu West Hamu. Dom\u00e1c\u00ed alespo\u0148 bod zachra\u0148ovali doslova za&hellip;","og_url":"https:\/\/evertonfc.cz\/index.php\/2011\/01\/22\/everton-west-ham-22-2\/","og_site_name":"Official Czech &amp; Slovak Everton Supporters&#039; Club","article_publisher":"https:\/\/www.facebook.com\/everton.fans.cz.sk","article_published_time":"2011-01-22T10:42:38+00:00","article_modified_time":"2019-02-12T16:37:11+00:00","og_image":[{"width":720,"height":405,"url":"https:\/\/evertonfc.cz\/wp-content\/uploads\/2019\/01\/report.jpg","type":"image\/jpeg"}],"author":"Me\u0148a","twitter_card":"summary_large_image","twitter_misc":{"Napsal(a)":"Me\u0148a","Odhadovan\u00e1 doba \u010dten\u00ed":"4 minuty"},"schema":{"@context":"https:\/\/schema.org","@graph":[{"@type":"Article","@id":"https:\/\/evertonfc.cz\/index.php\/2011\/01\/22\/everton-west-ham-22-2\/#article","isPartOf":{"@id":"https:\/\/evertonfc.cz\/index.php\/2011\/01\/22\/everton-west-ham-22-2\/"},"author":{"name":"Me\u0148a","@id":"https:\/\/evertonfc.cz\/#\/schema\/person\/cd6328a75577de2add7793fd4b0930c3"},"headline":"Everton &#8211; West Ham 2:2","datePublished":"2011-01-22T10:42:38+00:00","dateModified":"2019-02-12T16:37:11+00:00","mainEntityOfPage":{"@id":"https:\/\/evertonfc.cz\/index.php\/2011\/01\/22\/everton-west-ham-22-2\/"},"wordCount":744,"commentCount":0,"publisher":{"@id":"https:\/\/evertonfc.cz\/#organization"},"image":{"@id":"https:\/\/evertonfc.cz\/index.php\/2011\/01\/22\/everton-west-ham-22-2\/#primaryimage"},"thumbnailUrl":"https:\/\/evertonfc.cz\/wp-content\/uploads\/2019\/01\/report.jpg","articleSection":["Z\u00e1pasy"],"inLanguage":"cs","potentialAction":[{"@type":"CommentAction","name":"Comment","target":["https:\/\/evertonfc.cz\/index.php\/2011\/01\/22\/everton-west-ham-22-2\/#respond"]}]},{"@type":"WebPage","@id":"https:\/\/evertonfc.cz\/index.php\/2011\/01\/22\/everton-west-ham-22-2\/","url":"https:\/\/evertonfc.cz\/index.php\/2011\/01\/22\/everton-west-ham-22-2\/","name":"Everton - West Ham 2:2 - Official Czech &amp; Slovak Everton Supporters&#039; Club","isPartOf":{"@id":"https:\/\/evertonfc.cz\/#website"},"primaryImageOfPage":{"@id":"https:\/\/evertonfc.cz\/index.php\/2011\/01\/22\/everton-west-ham-22-2\/#primaryimage"},"image":{"@id":"https:\/\/evertonfc.cz\/index.php\/2011\/01\/22\/everton-west-ham-22-2\/#primaryimage"},"thumbnailUrl":"https:\/\/evertonfc.cz\/wp-content\/uploads\/2019\/01\/report.jpg","datePublished":"2011-01-22T10:42:38+00:00","dateModified":"2019-02-12T16:37:11+00:00","breadcrumb":{"@id":"https:\/\/evertonfc.cz\/index.php\/2011\/01\/22\/everton-west-ham-22-2\/#breadcrumb"},"inLanguage":"cs","potentialAction":[{"@type":"ReadAction","target":["https:\/\/evertonfc.cz\/index.php\/2011\/01\/22\/everton-west-ham-22-2\/"]}]},{"@type":"ImageObject","inLanguage":"cs","@id":"https:\/\/evertonfc.cz\/index.php\/2011\/01\/22\/everton-west-ham-22-2\/#primaryimage","url":"https:\/\/evertonfc.cz\/wp-content\/uploads\/2019\/01\/report.jpg","contentUrl":"https:\/\/evertonfc.cz\/wp-content\/uploads\/2019\/01\/report.jpg","width":720,"height":405},{"@type":"BreadcrumbList","@id":"https:\/\/evertonfc.cz\/index.php\/2011\/01\/22\/everton-west-ham-22-2\/#breadcrumb","itemListElement":[{"@type":"ListItem","position":1,"name":"Home","item":"https:\/\/evertonfc.cz\/"},{"@type":"ListItem","position":2,"name":"Everton &#8211; West Ham 2:2"}]},{"@type":"WebSite","@id":"https:\/\/evertonfc.cz\/#website","url":"https:\/\/evertonfc.cz\/","name":"Official Czech &amp; Slovak Everton Supporters&#039; Club","description":"","publisher":{"@id":"https:\/\/evertonfc.cz\/#organization"},"potentialAction":[{"@type":"SearchAction","target":{"@type":"EntryPoint","urlTemplate":"https:\/\/evertonfc.cz\/?s={search_term_string}"},"query-input":{"@type":"PropertyValueSpecification","valueRequired":true,"valueName":"search_term_string"}}],"inLanguage":"cs"},{"@type":"Organization","@id":"https:\/\/evertonfc.cz\/#organization","name":"Official Czech & Slovak Everton Supporters' Club","url":"https:\/\/evertonfc.cz\/","logo":{"@type":"ImageObject","inLanguage":"cs","@id":"https:\/\/evertonfc.cz\/#\/schema\/logo\/image\/","url":"https:\/\/evertonfc.cz\/wp-content\/uploads\/2019\/05\/logo.png","contentUrl":"https:\/\/evertonfc.cz\/wp-content\/uploads\/2019\/05\/logo.png","width":112,"height":112,"caption":"Official Czech & Slovak Everton Supporters' Club"},"image":{"@id":"https:\/\/evertonfc.cz\/#\/schema\/logo\/image\/"},"sameAs":["https:\/\/www.facebook.com\/everton.fans.cz.sk"]},{"@type":"Person","@id":"https:\/\/evertonfc.cz\/#\/schema\/person\/cd6328a75577de2add7793fd4b0930c3","name":"Me\u0148a","url":"https:\/\/evertonfc.cz\/index.php\/author\/mena\/"}]}},"_links":{"self":[{"href":"https:\/\/evertonfc.cz\/index.php\/wp-json\/wp\/v2\/posts\/3833"}],"collection":[{"href":"https:\/\/evertonfc.cz\/index.php\/wp-json\/wp\/v2\/posts"}],"about":[{"href":"https:\/\/evertonfc.cz\/index.php\/wp-json\/wp\/v2\/types\/post"}],"author":[{"embeddable":true,"href":"https:\/\/evertonfc.cz\/index.php\/wp-json\/wp\/v2\/users\/7"}],"replies":[{"embeddable":true,"href":"https:\/\/evertonfc.cz\/index.php\/wp-json\/wp\/v2\/comments?post=3833"}],"version-history":[{"count":3,"href":"https:\/\/evertonfc.cz\/index.php\/wp-json\/wp\/v2\/posts\/3833\/revisions"}],"predecessor-version":[{"id":3935,"href":"https:\/\/evertonfc.cz\/index.php\/wp-json\/wp\/v2\/posts\/3833\/revisions\/3935"}],"wp:featuredmedia":[{"embeddable":true,"href":"https:\/\/evertonfc.cz\/index.php\/wp-json\/wp\/v2\/media\/1315"}],"wp:attachment":[{"href":"https:\/\/evertonfc.cz\/index.php\/wp-json\/wp\/v2\/media?parent=3833"}],"wp:term":[{"taxonomy":"category","embeddable":true,"href":"https:\/\/evertonfc.cz\/index.php\/wp-json\/wp\/v2\/categories?post=3833"},{"taxonomy":"post_tag","embeddable":true,"href":"https:\/\/evertonfc.cz\/index.php\/wp-json\/wp\/v2\/tags?post=3833"}],"curies":[{"name":"wp","href":"https:\/\/api.w.org\/{rel}","templated":true}]}}