{"id":3836,"date":"2016-03-20T16:20:10","date_gmt":"2016-03-20T15:20:10","guid":{"rendered":"http:\/\/evertonfc.cz\/?p=3836"},"modified":"2019-02-12T16:23:50","modified_gmt":"2019-02-12T15:23:50","slug":"everton-arsenal-02","status":"publish","type":"post","link":"https:\/\/evertonfc.cz\/index.php\/2016\/03\/20\/everton-arsenal-02\/","title":{"rendered":"Everton &#8211; Arsenal 0:2"},"content":{"rendered":"<h4 id=\"NewsPostDetailSummary\">A rychle zp\u00e1tky na zem. Po organizovan\u00e9m v\u00fdkonu proti Chelsea jsme byli sv\u011bdky ot\u0159esn\u00e9ho p\u0159edstaven\u00ed. Nulov\u00e9 nasazen\u00ed, nemohoucnost a \u0161patn\u00e1 taktika \u2013 tak lze charakterizovat hru Blues.<\/h4>\n<div id=\"NewsPostDetailContent\">\n<p>Roberto Mart\u00ednez se o\u010dek\u00e1van\u011b nahradil vykartovan\u00e9ho Barryho Muhamedem Be\u0161i\u0107em, jinou zm\u011bnu z\u00e1kladn\u00ed sestava nepoznala.<\/p>\n<p>V t\u00fddnu p\u0159ed st\u0159etnut\u00edm to vypadalo na znovu sebev\u011bdom\u00e9 Toffees, nejen Romelu Lukaku prohla\u0161oval do m\u00e9di\u00ed, \u017ee by t\u00fdm m\u011bl pat\u0159it mezi prvn\u00ed \u010dty\u0159ku v lize. S\u00e1m Belgi\u010dan se mimo jin\u00e9 zasnil v rozhovoru i o Lize mistr\u016f, \u010d\u00edm\u017e nep\u0159\u00edmo nazna\u010dil letn\u00ed odchod. A opravdu hned od prvn\u00ed minuty utk\u00e1n\u00ed se Everton vydal na zte\u010d, po rohov\u00e9m kopu Seamus Coleman oraz\u00edtkoval ty\u010d z vn\u011bj\u0161\u00ed strany\u2026 jen\u017ee d\u00e1le nic moc.<\/p>\n<p>Host\u00e9 reagovali Welbeckem, m\u00ed\u010d mu na posledn\u00ed chv\u00edli odp\u00e1lil Be\u0161i\u0107, n\u00e1sledn\u00fd odraz nakonec skon\u010dil a\u017e na ty\u010di. Anglick\u00fd hrot hraje po n\u00e1vratu ze zran\u011bn\u00ed ve velk\u00e9 pohod\u011b, v 7. minut\u011b si S\u00e1nchez narazil s \u00d6zilem a p\u0159ihr\u00e1vkou uvolnil pr\u00e1v\u011b Welbecka, kter\u00fd blaf\u00e1kem obe\u0161el Roblese a pohodln\u011b uklidil do pr\u00e1zdn\u00e9 br\u00e1ny &#8211; <strong>0:1<\/strong>. Statick\u00e1 defenziva v \u010dele s Funesem Morim a Be\u0161i\u0107em by zaslou\u017eila velice d\u016fraznou domluvu.<\/p>\n<p>Funes Mori posl\u00e9ze chyboval, p\u0159i\u0161el o balon v nebezpe\u010dn\u00e9 z\u00f3n\u011b, ale Iwobiho zakon\u010den\u00ed na\u0161t\u011bst\u00ed postr\u00e1dalo razanci a p\u0159esnost. Na druh\u00e9 stran\u011b Be\u0161i\u0107 lehkou st\u0159elou prot\u00e1hl Ospinu.<\/p>\n<p>V 42. minut\u011b Toffees prohr\u00e1li souboj ve st\u0159edu h\u0159i\u0161t\u011b, n\u00e1sledoval dlouh\u00fd pas na Alexe Iwobiho, jen\u017ee sv\u016fj b\u011bh zakon\u010dil houslemi Roblesovi &#8211; <strong>0:2<\/strong>. Jednoduch\u00e1 a efektivn\u00ed akce, i proto\u017ee op\u011bt poho\u0159el Ramiro Funes Mori, kdy\u017e nezachytil n\u00e1b\u011bh st\u0159elce branky.<\/p>\n<p>O polo\u010dase mana\u017eer st\u00e1hl \u0161patn\u00e9ho Be\u0161i\u0107e, Bos\u0148an absolutn\u011b nest\u00edhal s hbit\u00fdmi soupe\u0159i, \u010dasto se pohyboval mimo svou pozici a kazil p\u0159ihr\u00e1vku. Rozhodn\u011b jeho nejhor\u0161\u00ed p\u0159edstaven\u00ed v modr\u00e9m dresu. Na h\u0159i\u0161t\u011b vyb\u011bhl John Stones, a tak se rozestaven\u00ed zm\u011bnilo na formaci se t\u0159emi stopery. Nicm\u00e9n\u011b zlep\u0161en\u00ed se bohu\u017eel nedostavilo.<\/p>\n<p>Everton d\u00e1l t\u00e1pal v \u00fatoku, p\u0159echodov\u00e1 f\u00e1ze postr\u00e1dala moment p\u0159ekvapen\u00ed a p\u0159\u00edmo\u010darost. Pokryt\u00fd a nev\u00fdrazn\u00fd z\u016fstal i Romelu Lukaku, jen\u017e se p\u0159ipomn\u011bl pouze nebezpe\u010dn\u00fdm zajet\u00edm do Ospiny, po n\u011bm\u017e branka\u0159 Gunners z\u016fst\u00e1val ot\u0159esen\u00fd na n\u00e1sleduj\u00edc\u00ed minuty. I kv\u016fli tomu dezorientovan\u011b vyb\u011bhl na rohov\u00fd kop a Jagielka hlavi\u010dkoval nad b\u0159evno (smutno uznat asi v nejv\u011bt\u0161\u00ed \u0161anci dom\u00e1c\u00edch).<\/p>\n<p>Arsenal hl\u00eddal dvoug\u00f3lov\u00e9 veden\u00ed, p\u0159\u00edli\u0161 se nepou\u0161t\u011bl do ofenzivn\u00edch akc\u00ed. \u00a0Evertonu u\u0161t\u011bd\u0159il u\u017e leto\u0161n\u00ed osmou ligovou prohru na Goodison Parku. Smutn\u00e1 bilance.<\/p>\n<p><strong>Branky:<\/strong> 7. Danny Welbeck, 42. Alex Iwobi<br \/>\n<strong>Everton FC:<\/strong> Joel Robles, S\u00e9amus Coleman, Phil Jagielka, Ramiro Funes Mori, Leighton Baines, James McCarthy, Muhamed Be\u0161i\u0107 (46. John Stones), Aaron Lennon, Ross Barkley (73. Gerard Deulofeu), Tom Cleverley, Romelu Lukaku<br \/>\n<strong>Arsenal FC:<\/strong> David Ospina, H\u00e9ctor Beller\u00edn, Gabriel Paulista, Laurent Koscielny, Nacho Monreal, Mohamed Elneny, Francis Coquelin, Mesut \u00d6zil (74. Kieran Gibbs), Alexis S\u00e1nchez, Alex Iwobi (86. Calum Chambers), Danny Welbeck (75. Olivier Giroud)<br \/>\n<strong>Rozhod\u010d\u00ed:<\/strong> Mark Clattenburg<br \/>\n<strong>Div\u00e1ci:<\/strong> 39 270<\/p>\n<\/div>\n","protected":false},"excerpt":{"rendered":"<p>A rychle zp\u00e1tky na zem. Po organizovan\u00e9m v\u00fdkonu proti Chelsea jsme byli sv\u011bdky ot\u0159esn\u00e9ho p\u0159edstaven\u00ed. Nulov\u00e9 nasazen\u00ed, nemohoucnost a \u0161patn\u00e1&hellip;<\/p>\n","protected":false},"author":6,"featured_media":1315,"comment_status":"open","ping_status":"closed","sticky":false,"template":"","format":"standard","meta":{"_eb_attr":"","_monsterinsights_skip_tracking":false,"_monsterinsights_sitenote_active":false,"_monsterinsights_sitenote_note":"","_monsterinsights_sitenote_category":0,"footnotes":""},"categories":[4],"tags":[],"yoast_head":"<!-- This site is optimized with the Yoast SEO plugin v23.4 - https:\/\/yoast.com\/wordpress\/plugins\/seo\/ -->\n<title>Everton - Arsenal 0:2 - Official Czech &amp; Slovak Everton Supporters&#039; Club<\/title>\n<meta name=\"robots\" content=\"index, follow, max-snippet:-1, max-image-preview:large, max-video-preview:-1\" \/>\n<link rel=\"canonical\" href=\"https:\/\/evertonfc.cz\/index.php\/2016\/03\/20\/everton-arsenal-02\/\" \/>\n<meta property=\"og:locale\" content=\"cs_CZ\" \/>\n<meta property=\"og:type\" content=\"article\" \/>\n<meta property=\"og:title\" content=\"Everton - Arsenal 0:2 - Official Czech &amp; Slovak Everton Supporters&#039; Club\" \/>\n<meta property=\"og:description\" content=\"A rychle zp\u00e1tky na zem. Po organizovan\u00e9m v\u00fdkonu proti Chelsea jsme byli sv\u011bdky ot\u0159esn\u00e9ho p\u0159edstaven\u00ed. Nulov\u00e9 nasazen\u00ed, nemohoucnost a \u0161patn\u00e1&hellip;\" \/>\n<meta property=\"og:url\" content=\"https:\/\/evertonfc.cz\/index.php\/2016\/03\/20\/everton-arsenal-02\/\" \/>\n<meta property=\"og:site_name\" content=\"Official Czech &amp; Slovak Everton Supporters&#039; Club\" \/>\n<meta property=\"article:publisher\" content=\"https:\/\/www.facebook.com\/everton.fans.cz.sk\" \/>\n<meta property=\"article:published_time\" content=\"2016-03-20T15:20:10+00:00\" \/>\n<meta property=\"article:modified_time\" content=\"2019-02-12T15:23:50+00:00\" \/>\n<meta property=\"og:image\" content=\"https:\/\/evertonfc.cz\/wp-content\/uploads\/2019\/01\/report.jpg\" \/>\n\t<meta property=\"og:image:width\" content=\"720\" \/>\n\t<meta property=\"og:image:height\" content=\"405\" \/>\n\t<meta property=\"og:image:type\" content=\"image\/jpeg\" \/>\n<meta name=\"author\" content=\"Ri\u010di\" \/>\n<meta name=\"twitter:card\" content=\"summary_large_image\" \/>\n<meta name=\"twitter:creator\" content=\"@rbrejsa\" \/>\n<meta name=\"twitter:label1\" content=\"Napsal(a)\" \/>\n\t<meta name=\"twitter:data1\" content=\"Ri\u010di\" \/>\n\t<meta name=\"twitter:label2\" content=\"Odhadovan\u00e1 doba \u010dten\u00ed\" \/>\n\t<meta name=\"twitter:data2\" content=\"3 minuty\" \/>\n<script type=\"application\/ld+json\" class=\"yoast-schema-graph\">{\"@context\":\"https:\/\/schema.org\",\"@graph\":[{\"@type\":\"Article\",\"@id\":\"https:\/\/evertonfc.cz\/index.php\/2016\/03\/20\/everton-arsenal-02\/#article\",\"isPartOf\":{\"@id\":\"https:\/\/evertonfc.cz\/index.php\/2016\/03\/20\/everton-arsenal-02\/\"},\"author\":{\"name\":\"Ri\u010di\",\"@id\":\"https:\/\/evertonfc.cz\/#\/schema\/person\/f7a5daedb2ffee98480bc70e191aaef1\"},\"headline\":\"Everton &#8211; Arsenal 0:2\",\"datePublished\":\"2016-03-20T15:20:10+00:00\",\"dateModified\":\"2019-02-12T15:23:50+00:00\",\"mainEntityOfPage\":{\"@id\":\"https:\/\/evertonfc.cz\/index.php\/2016\/03\/20\/everton-arsenal-02\/\"},\"wordCount\":583,\"commentCount\":0,\"publisher\":{\"@id\":\"https:\/\/evertonfc.cz\/#organization\"},\"image\":{\"@id\":\"https:\/\/evertonfc.cz\/index.php\/2016\/03\/20\/everton-arsenal-02\/#primaryimage\"},\"thumbnailUrl\":\"https:\/\/evertonfc.cz\/wp-content\/uploads\/2019\/01\/report.jpg\",\"articleSection\":[\"Z\u00e1pasy\"],\"inLanguage\":\"cs\",\"potentialAction\":[{\"@type\":\"CommentAction\",\"name\":\"Comment\",\"target\":[\"https:\/\/evertonfc.cz\/index.php\/2016\/03\/20\/everton-arsenal-02\/#respond\"]}]},{\"@type\":\"WebPage\",\"@id\":\"https:\/\/evertonfc.cz\/index.php\/2016\/03\/20\/everton-arsenal-02\/\",\"url\":\"https:\/\/evertonfc.cz\/index.php\/2016\/03\/20\/everton-arsenal-02\/\",\"name\":\"Everton - Arsenal 0:2 - Official Czech &amp; Slovak Everton Supporters&#039; Club\",\"isPartOf\":{\"@id\":\"https:\/\/evertonfc.cz\/#website\"},\"primaryImageOfPage\":{\"@id\":\"https:\/\/evertonfc.cz\/index.php\/2016\/03\/20\/everton-arsenal-02\/#primaryimage\"},\"image\":{\"@id\":\"https:\/\/evertonfc.cz\/index.php\/2016\/03\/20\/everton-arsenal-02\/#primaryimage\"},\"thumbnailUrl\":\"https:\/\/evertonfc.cz\/wp-content\/uploads\/2019\/01\/report.jpg\",\"datePublished\":\"2016-03-20T15:20:10+00:00\",\"dateModified\":\"2019-02-12T15:23:50+00:00\",\"breadcrumb\":{\"@id\":\"https:\/\/evertonfc.cz\/index.php\/2016\/03\/20\/everton-arsenal-02\/#breadcrumb\"},\"inLanguage\":\"cs\",\"potentialAction\":[{\"@type\":\"ReadAction\",\"target\":[\"https:\/\/evertonfc.cz\/index.php\/2016\/03\/20\/everton-arsenal-02\/\"]}]},{\"@type\":\"ImageObject\",\"inLanguage\":\"cs\",\"@id\":\"https:\/\/evertonfc.cz\/index.php\/2016\/03\/20\/everton-arsenal-02\/#primaryimage\",\"url\":\"https:\/\/evertonfc.cz\/wp-content\/uploads\/2019\/01\/report.jpg\",\"contentUrl\":\"https:\/\/evertonfc.cz\/wp-content\/uploads\/2019\/01\/report.jpg\",\"width\":720,\"height\":405},{\"@type\":\"BreadcrumbList\",\"@id\":\"https:\/\/evertonfc.cz\/index.php\/2016\/03\/20\/everton-arsenal-02\/#breadcrumb\",\"itemListElement\":[{\"@type\":\"ListItem\",\"position\":1,\"name\":\"Home\",\"item\":\"https:\/\/evertonfc.cz\/\"},{\"@type\":\"ListItem\",\"position\":2,\"name\":\"Everton &#8211; Arsenal 0:2\"}]},{\"@type\":\"WebSite\",\"@id\":\"https:\/\/evertonfc.cz\/#website\",\"url\":\"https:\/\/evertonfc.cz\/\",\"name\":\"Official Czech &amp; Slovak Everton Supporters&#039; Club\",\"description\":\"\",\"publisher\":{\"@id\":\"https:\/\/evertonfc.cz\/#organization\"},\"potentialAction\":[{\"@type\":\"SearchAction\",\"target\":{\"@type\":\"EntryPoint\",\"urlTemplate\":\"https:\/\/evertonfc.cz\/?s={search_term_string}\"},\"query-input\":{\"@type\":\"PropertyValueSpecification\",\"valueRequired\":true,\"valueName\":\"search_term_string\"}}],\"inLanguage\":\"cs\"},{\"@type\":\"Organization\",\"@id\":\"https:\/\/evertonfc.cz\/#organization\",\"name\":\"Official Czech & Slovak Everton Supporters' Club\",\"url\":\"https:\/\/evertonfc.cz\/\",\"logo\":{\"@type\":\"ImageObject\",\"inLanguage\":\"cs\",\"@id\":\"https:\/\/evertonfc.cz\/#\/schema\/logo\/image\/\",\"url\":\"https:\/\/evertonfc.cz\/wp-content\/uploads\/2019\/05\/logo.png\",\"contentUrl\":\"https:\/\/evertonfc.cz\/wp-content\/uploads\/2019\/05\/logo.png\",\"width\":112,\"height\":112,\"caption\":\"Official Czech & Slovak Everton Supporters' Club\"},\"image\":{\"@id\":\"https:\/\/evertonfc.cz\/#\/schema\/logo\/image\/\"},\"sameAs\":[\"https:\/\/www.facebook.com\/everton.fans.cz.sk\"]},{\"@type\":\"Person\",\"@id\":\"https:\/\/evertonfc.cz\/#\/schema\/person\/f7a5daedb2ffee98480bc70e191aaef1\",\"name\":\"Ri\u010di\",\"sameAs\":[\"https:\/\/x.com\/rbrejsa\"],\"url\":\"https:\/\/evertonfc.cz\/index.php\/author\/rici\/\"}]}<\/script>\n<!-- \/ Yoast SEO plugin. -->","yoast_head_json":{"title":"Everton - Arsenal 0:2 - Official Czech &amp; Slovak Everton Supporters&#039; Club","robots":{"index":"index","follow":"follow","max-snippet":"max-snippet:-1","max-image-preview":"max-image-preview:large","max-video-preview":"max-video-preview:-1"},"canonical":"https:\/\/evertonfc.cz\/index.php\/2016\/03\/20\/everton-arsenal-02\/","og_locale":"cs_CZ","og_type":"article","og_title":"Everton - Arsenal 0:2 - Official Czech &amp; Slovak Everton Supporters&#039; Club","og_description":"A rychle zp\u00e1tky na zem. Po organizovan\u00e9m v\u00fdkonu proti Chelsea jsme byli sv\u011bdky ot\u0159esn\u00e9ho p\u0159edstaven\u00ed. Nulov\u00e9 nasazen\u00ed, nemohoucnost a \u0161patn\u00e1&hellip;","og_url":"https:\/\/evertonfc.cz\/index.php\/2016\/03\/20\/everton-arsenal-02\/","og_site_name":"Official Czech &amp; Slovak Everton Supporters&#039; Club","article_publisher":"https:\/\/www.facebook.com\/everton.fans.cz.sk","article_published_time":"2016-03-20T15:20:10+00:00","article_modified_time":"2019-02-12T15:23:50+00:00","og_image":[{"width":720,"height":405,"url":"https:\/\/evertonfc.cz\/wp-content\/uploads\/2019\/01\/report.jpg","type":"image\/jpeg"}],"author":"Ri\u010di","twitter_card":"summary_large_image","twitter_creator":"@rbrejsa","twitter_misc":{"Napsal(a)":"Ri\u010di","Odhadovan\u00e1 doba \u010dten\u00ed":"3 minuty"},"schema":{"@context":"https:\/\/schema.org","@graph":[{"@type":"Article","@id":"https:\/\/evertonfc.cz\/index.php\/2016\/03\/20\/everton-arsenal-02\/#article","isPartOf":{"@id":"https:\/\/evertonfc.cz\/index.php\/2016\/03\/20\/everton-arsenal-02\/"},"author":{"name":"Ri\u010di","@id":"https:\/\/evertonfc.cz\/#\/schema\/person\/f7a5daedb2ffee98480bc70e191aaef1"},"headline":"Everton &#8211; Arsenal 0:2","datePublished":"2016-03-20T15:20:10+00:00","dateModified":"2019-02-12T15:23:50+00:00","mainEntityOfPage":{"@id":"https:\/\/evertonfc.cz\/index.php\/2016\/03\/20\/everton-arsenal-02\/"},"wordCount":583,"commentCount":0,"publisher":{"@id":"https:\/\/evertonfc.cz\/#organization"},"image":{"@id":"https:\/\/evertonfc.cz\/index.php\/2016\/03\/20\/everton-arsenal-02\/#primaryimage"},"thumbnailUrl":"https:\/\/evertonfc.cz\/wp-content\/uploads\/2019\/01\/report.jpg","articleSection":["Z\u00e1pasy"],"inLanguage":"cs","potentialAction":[{"@type":"CommentAction","name":"Comment","target":["https:\/\/evertonfc.cz\/index.php\/2016\/03\/20\/everton-arsenal-02\/#respond"]}]},{"@type":"WebPage","@id":"https:\/\/evertonfc.cz\/index.php\/2016\/03\/20\/everton-arsenal-02\/","url":"https:\/\/evertonfc.cz\/index.php\/2016\/03\/20\/everton-arsenal-02\/","name":"Everton - Arsenal 0:2 - Official Czech &amp; Slovak Everton Supporters&#039; Club","isPartOf":{"@id":"https:\/\/evertonfc.cz\/#website"},"primaryImageOfPage":{"@id":"https:\/\/evertonfc.cz\/index.php\/2016\/03\/20\/everton-arsenal-02\/#primaryimage"},"image":{"@id":"https:\/\/evertonfc.cz\/index.php\/2016\/03\/20\/everton-arsenal-02\/#primaryimage"},"thumbnailUrl":"https:\/\/evertonfc.cz\/wp-content\/uploads\/2019\/01\/report.jpg","datePublished":"2016-03-20T15:20:10+00:00","dateModified":"2019-02-12T15:23:50+00:00","breadcrumb":{"@id":"https:\/\/evertonfc.cz\/index.php\/2016\/03\/20\/everton-arsenal-02\/#breadcrumb"},"inLanguage":"cs","potentialAction":[{"@type":"ReadAction","target":["https:\/\/evertonfc.cz\/index.php\/2016\/03\/20\/everton-arsenal-02\/"]}]},{"@type":"ImageObject","inLanguage":"cs","@id":"https:\/\/evertonfc.cz\/index.php\/2016\/03\/20\/everton-arsenal-02\/#primaryimage","url":"https:\/\/evertonfc.cz\/wp-content\/uploads\/2019\/01\/report.jpg","contentUrl":"https:\/\/evertonfc.cz\/wp-content\/uploads\/2019\/01\/report.jpg","width":720,"height":405},{"@type":"BreadcrumbList","@id":"https:\/\/evertonfc.cz\/index.php\/2016\/03\/20\/everton-arsenal-02\/#breadcrumb","itemListElement":[{"@type":"ListItem","position":1,"name":"Home","item":"https:\/\/evertonfc.cz\/"},{"@type":"ListItem","position":2,"name":"Everton &#8211; Arsenal 0:2"}]},{"@type":"WebSite","@id":"https:\/\/evertonfc.cz\/#website","url":"https:\/\/evertonfc.cz\/","name":"Official Czech &amp; Slovak Everton Supporters&#039; Club","description":"","publisher":{"@id":"https:\/\/evertonfc.cz\/#organization"},"potentialAction":[{"@type":"SearchAction","target":{"@type":"EntryPoint","urlTemplate":"https:\/\/evertonfc.cz\/?s={search_term_string}"},"query-input":{"@type":"PropertyValueSpecification","valueRequired":true,"valueName":"search_term_string"}}],"inLanguage":"cs"},{"@type":"Organization","@id":"https:\/\/evertonfc.cz\/#organization","name":"Official Czech & Slovak Everton Supporters' Club","url":"https:\/\/evertonfc.cz\/","logo":{"@type":"ImageObject","inLanguage":"cs","@id":"https:\/\/evertonfc.cz\/#\/schema\/logo\/image\/","url":"https:\/\/evertonfc.cz\/wp-content\/uploads\/2019\/05\/logo.png","contentUrl":"https:\/\/evertonfc.cz\/wp-content\/uploads\/2019\/05\/logo.png","width":112,"height":112,"caption":"Official Czech & Slovak Everton Supporters' Club"},"image":{"@id":"https:\/\/evertonfc.cz\/#\/schema\/logo\/image\/"},"sameAs":["https:\/\/www.facebook.com\/everton.fans.cz.sk"]},{"@type":"Person","@id":"https:\/\/evertonfc.cz\/#\/schema\/person\/f7a5daedb2ffee98480bc70e191aaef1","name":"Ri\u010di","sameAs":["https:\/\/x.com\/rbrejsa"],"url":"https:\/\/evertonfc.cz\/index.php\/author\/rici\/"}]}},"_links":{"self":[{"href":"https:\/\/evertonfc.cz\/index.php\/wp-json\/wp\/v2\/posts\/3836"}],"collection":[{"href":"https:\/\/evertonfc.cz\/index.php\/wp-json\/wp\/v2\/posts"}],"about":[{"href":"https:\/\/evertonfc.cz\/index.php\/wp-json\/wp\/v2\/types\/post"}],"author":[{"embeddable":true,"href":"https:\/\/evertonfc.cz\/index.php\/wp-json\/wp\/v2\/users\/6"}],"replies":[{"embeddable":true,"href":"https:\/\/evertonfc.cz\/index.php\/wp-json\/wp\/v2\/comments?post=3836"}],"version-history":[{"count":1,"href":"https:\/\/evertonfc.cz\/index.php\/wp-json\/wp\/v2\/posts\/3836\/revisions"}],"predecessor-version":[{"id":3837,"href":"https:\/\/evertonfc.cz\/index.php\/wp-json\/wp\/v2\/posts\/3836\/revisions\/3837"}],"wp:featuredmedia":[{"embeddable":true,"href":"https:\/\/evertonfc.cz\/index.php\/wp-json\/wp\/v2\/media\/1315"}],"wp:attachment":[{"href":"https:\/\/evertonfc.cz\/index.php\/wp-json\/wp\/v2\/media?parent=3836"}],"wp:term":[{"taxonomy":"category","embeddable":true,"href":"https:\/\/evertonfc.cz\/index.php\/wp-json\/wp\/v2\/categories?post=3836"},{"taxonomy":"post_tag","embeddable":true,"href":"https:\/\/evertonfc.cz\/index.php\/wp-json\/wp\/v2\/tags?post=3836"}],"curies":[{"name":"wp","href":"https:\/\/api.w.org\/{rel}","templated":true}]}}