{"id":3838,"date":"2016-03-17T16:24:07","date_gmt":"2016-03-17T15:24:07","guid":{"rendered":"http:\/\/evertonfc.cz\/?p=3838"},"modified":"2021-02-01T08:55:44","modified_gmt":"2021-02-01T07:55:44","slug":"preview-everton-arsenal-5","status":"publish","type":"post","link":"https:\/\/evertonfc.cz\/index.php\/2016\/03\/17\/preview-everton-arsenal-5\/","title":{"rendered":"Preview: Everton &#8211; Arsenal"},"content":{"rendered":"<h4 id=\"NewsPostDetailSummary\">Dom\u00e1c\u00ed se tr\u00e1p\u00ed se v lize na Goodison Parku, host\u00e9 pro zm\u011bnu pro\u017e\u00edvaj\u00ed hlubokou krizi, kde hledat favorita \u00favodn\u00edho z\u00e1pasu 31. kola?<\/h4>\n<div id=\"NewsPostDetailContent\">\n<p>Minul\u00fd v\u00edkend Toffees podali proti Chelsea perfektn\u00ed defenzivn\u00ed v\u00fdkon, kter\u00fd korunoval dv\u011bma brankami Romelu Lukaku. 23. \u010di 24. dubna si tak zahraj\u00ed semifin\u00e1le FA Cupu ve Wembley, vyzvou lep\u0161\u00edho z dvojice West Ham a Manchester United, jak ur\u010d\u00ed odveta na Upton Parku.<\/p>\n<p>Je\u0161t\u011b jednou t\u0159eba vyzdvihnout skv\u011bl\u00e9 posledn\u00ed utk\u00e1n\u00ed a v\u016fbec celkov\u00fd projev t\u00fdmu v leto\u0161n\u00edch poh\u00e1rech. Z\u00e1konit\u011b se ale nab\u00edz\u00ed ot\u00e1zka, pro\u010d ligov\u00fd projev na dom\u00e1c\u00ed p\u016fd\u011b pokulh\u00e1v\u00e1. Jestli\u017ee probl\u00e9m v\u011bz\u00ed v nedostatku sebed\u016fv\u011bru, nyn\u00ed nastal pravd\u011bpodobn\u011b nejlep\u0161\u00ed \u010das na prolomen\u00ed nep\u0159\u00edzniv\u00e9 bilance.<\/p>\n<p>V sobotu si odpo\u010dine Gareth Barry, za vylou\u010den\u00ed ho stihl trest na dva duely. V z\u00e1kladn\u00ed sestav\u011b ho nahrad\u00ed Muhamed Be\u0161i\u0107. Kv\u016fli disciplin\u00e1rn\u00edmu proh\u0159e\u0161ku absentuje rovn\u011b\u017e Kevin Mirallas a o vyu\u017eitelnosti Bryana Ovieda se je\u0161t\u011b rozhodne. Kostari\u010dan si zatr\u00e9nuje s mu\u017estvem a\u017e v p\u00e1tek, po infekci v hrudn\u00edku nav\u00edc zhubl p\u00e1r kilo, a proto lze p\u0159edpokl\u00e1dat dal\u0161\u00ed start Leightona Bainese. \u010ci se do\u010dk\u00e1 p\u0159ekvapiv\u00e9ho startu Brendan Galloway (ode dne\u0161ka dvacetilet\u00fd, gratulujeme)? Ten po uzdraven\u00ed dvou konkurent\u016f na pozici lev\u00e9ho obr\u00e1nce p\u0159estal hr\u00e1t. Zaj\u00edmav\u00e9, \u017ee ani nebyl posl\u00e1n na hostov\u00e1n\u00ed do ni\u017e\u0161\u00ed sout\u011b\u017ee za \u00fa\u010delem sb\u00edr\u00e1n\u00ed hern\u00ed praxe.<\/p>\n<p>Arsenal po polovin\u011b sout\u011b\u017ee pat\u0159il k nej\u017ehav\u011bj\u0161\u00edm kandid\u00e1t\u016fm na zisk ligov\u00e9ho titulu, jen\u017ee op\u011bt se mu nevyvedly m\u011bs\u00edce \u00fanor a b\u0159ezen a r\u00e1zem ztr\u00e1c\u00ed na dvojici ligov\u00fdch l\u00eddr\u016f z Leicesteru a Tottenhamu, d\u00e1le vypadl z osmifin\u00e1le Ligy mistr\u016f (i kdy\u017e proti siln\u00e9 Barcelon\u011b se mu mnoho \u0161anc\u00ed ned\u00e1valo) a tak\u00e9 skon\u010dil v FA Cupu. Cenn\u00fd poh\u00e1r posledn\u00ed dva roky opanoval, av\u0161ak o v\u00edkendu p\u0159ekvapiv\u011b podlehl Watfordu na Emirates.<\/p>\n<p>Z posledn\u00edch sedmi sout\u011b\u017en\u00edch st\u0159etnut\u00ed Gunners prohr\u00e1li hned p\u011btkr\u00e1t a zv\u00edt\u011bzili pouze jednou. Na druhou stranu nelze podce\u0148ovat v\u00fdb\u011br, v jeho\u017e st\u0159edu p\u016fsob\u00ed Mesut \u00d6zil, autor 18 asistenc\u00ed v aktu\u00e1ln\u00edm ro\u010dn\u00edku Premier League, nezni\u010diteln\u00fd Alexis S\u00e1nchez nebo Olivier Giroud, st\u0159elec p\u011bti branek z posledn\u00edch p\u011bti souboj\u016f proti Blues.<\/p>\n<p>Ars\u00e9na Wengera klasicky tr\u00e1p\u00ed po\u010detn\u00e1 marodka, kv\u016fli zran\u011bn\u00ed jsou ze hry Petr \u010cech, Aaron Ramsey, Alex Oxlade-Chamberlain, Mikel Arteta, Santiho Cazorla, Tom\u00e1\u0161 Rosick\u00fd a Jack Wilshere.<\/p>\n<p>V hledi\u0161ti nezapome\u0148te vyhl\u00ed\u017eet na\u0161i <a href=\"http:\/\/img16.rajce.idnes.cz\/d1601\/10\/10144\/10144348_605f8f765bfd71930b48fbb2298f3806\/images\/P7191530.jpg?ver=2\" target=\"_blank\" rel=\"noopener\">vlajku fanklubu<\/a>, Javor a Everton1878 budou p\u0159\u00edtomn\u00ed v hledi\u0161ti. <strong>COYB!<\/strong><\/p>\n<p><strong>Co:<\/strong> Everton FC &#8211; Arsenal FC, 31. kolo Premier League<br \/>\n<strong>Kdy:<\/strong> 19. 03. 2016 od 13:45 SE\u010c<br \/>\n<strong>Kde:<\/strong> Goodison Park, Liverpool (kapacita: 40 157)<br \/>\n<strong>Rozhod\u010d\u00ed:<\/strong> Mark Clattenburg<\/p>\n<\/div>\n","protected":false},"excerpt":{"rendered":"<p>Dom\u00e1c\u00ed se tr\u00e1p\u00ed se v lize na Goodison Parku, host\u00e9 pro zm\u011bnu pro\u017e\u00edvaj\u00ed hlubokou krizi, kde hledat favorita \u00favodn\u00edho z\u00e1pasu&hellip;<\/p>\n","protected":false},"author":6,"featured_media":13812,"comment_status":"open","ping_status":"closed","sticky":false,"template":"","format":"standard","meta":{"_eb_attr":"","_monsterinsights_skip_tracking":false,"_monsterinsights_sitenote_active":false,"_monsterinsights_sitenote_note":"","_monsterinsights_sitenote_category":0,"footnotes":""},"categories":[4],"tags":[],"yoast_head":"<!-- This site is optimized with the Yoast SEO plugin v23.4 - https:\/\/yoast.com\/wordpress\/plugins\/seo\/ -->\n<title>Preview: Everton - Arsenal - Official Czech &amp; Slovak Everton Supporters&#039; Club<\/title>\n<meta name=\"robots\" content=\"index, follow, max-snippet:-1, max-image-preview:large, max-video-preview:-1\" \/>\n<link rel=\"canonical\" href=\"https:\/\/evertonfc.cz\/index.php\/2016\/03\/17\/preview-everton-arsenal-5\/\" \/>\n<meta property=\"og:locale\" content=\"cs_CZ\" \/>\n<meta property=\"og:type\" content=\"article\" \/>\n<meta property=\"og:title\" content=\"Preview: Everton - Arsenal - Official Czech &amp; Slovak Everton Supporters&#039; Club\" \/>\n<meta property=\"og:description\" content=\"Dom\u00e1c\u00ed se tr\u00e1p\u00ed se v lize na Goodison Parku, host\u00e9 pro zm\u011bnu pro\u017e\u00edvaj\u00ed hlubokou krizi, kde hledat favorita \u00favodn\u00edho z\u00e1pasu&hellip;\" \/>\n<meta property=\"og:url\" content=\"https:\/\/evertonfc.cz\/index.php\/2016\/03\/17\/preview-everton-arsenal-5\/\" \/>\n<meta property=\"og:site_name\" content=\"Official Czech &amp; Slovak Everton Supporters&#039; Club\" \/>\n<meta property=\"article:publisher\" content=\"https:\/\/www.facebook.com\/everton.fans.cz.sk\" \/>\n<meta property=\"article:published_time\" content=\"2016-03-17T15:24:07+00:00\" \/>\n<meta property=\"article:modified_time\" content=\"2021-02-01T07:55:44+00:00\" \/>\n<meta property=\"og:image\" content=\"https:\/\/evertonfc.cz\/wp-content\/uploads\/2021\/02\/Everton-VS-Arsenal.jpg\" \/>\n\t<meta property=\"og:image:width\" content=\"720\" \/>\n\t<meta property=\"og:image:height\" content=\"405\" \/>\n\t<meta property=\"og:image:type\" content=\"image\/jpeg\" \/>\n<meta name=\"author\" content=\"Ri\u010di\" \/>\n<meta name=\"twitter:card\" content=\"summary_large_image\" \/>\n<meta name=\"twitter:creator\" content=\"@rbrejsa\" \/>\n<meta name=\"twitter:label1\" content=\"Napsal(a)\" \/>\n\t<meta name=\"twitter:data1\" content=\"Ri\u010di\" \/>\n\t<meta name=\"twitter:label2\" content=\"Odhadovan\u00e1 doba \u010dten\u00ed\" \/>\n\t<meta name=\"twitter:data2\" content=\"3 minuty\" \/>\n<script type=\"application\/ld+json\" class=\"yoast-schema-graph\">{\"@context\":\"https:\/\/schema.org\",\"@graph\":[{\"@type\":\"Article\",\"@id\":\"https:\/\/evertonfc.cz\/index.php\/2016\/03\/17\/preview-everton-arsenal-5\/#article\",\"isPartOf\":{\"@id\":\"https:\/\/evertonfc.cz\/index.php\/2016\/03\/17\/preview-everton-arsenal-5\/\"},\"author\":{\"name\":\"Ri\u010di\",\"@id\":\"https:\/\/evertonfc.cz\/#\/schema\/person\/f7a5daedb2ffee98480bc70e191aaef1\"},\"headline\":\"Preview: Everton &#8211; Arsenal\",\"datePublished\":\"2016-03-17T15:24:07+00:00\",\"dateModified\":\"2021-02-01T07:55:44+00:00\",\"mainEntityOfPage\":{\"@id\":\"https:\/\/evertonfc.cz\/index.php\/2016\/03\/17\/preview-everton-arsenal-5\/\"},\"wordCount\":507,\"commentCount\":0,\"publisher\":{\"@id\":\"https:\/\/evertonfc.cz\/#organization\"},\"image\":{\"@id\":\"https:\/\/evertonfc.cz\/index.php\/2016\/03\/17\/preview-everton-arsenal-5\/#primaryimage\"},\"thumbnailUrl\":\"https:\/\/evertonfc.cz\/wp-content\/uploads\/2021\/02\/Everton-VS-Arsenal.jpg\",\"articleSection\":[\"Z\u00e1pasy\"],\"inLanguage\":\"cs\",\"potentialAction\":[{\"@type\":\"CommentAction\",\"name\":\"Comment\",\"target\":[\"https:\/\/evertonfc.cz\/index.php\/2016\/03\/17\/preview-everton-arsenal-5\/#respond\"]}]},{\"@type\":\"WebPage\",\"@id\":\"https:\/\/evertonfc.cz\/index.php\/2016\/03\/17\/preview-everton-arsenal-5\/\",\"url\":\"https:\/\/evertonfc.cz\/index.php\/2016\/03\/17\/preview-everton-arsenal-5\/\",\"name\":\"Preview: Everton - Arsenal - Official Czech &amp; Slovak Everton Supporters&#039; Club\",\"isPartOf\":{\"@id\":\"https:\/\/evertonfc.cz\/#website\"},\"primaryImageOfPage\":{\"@id\":\"https:\/\/evertonfc.cz\/index.php\/2016\/03\/17\/preview-everton-arsenal-5\/#primaryimage\"},\"image\":{\"@id\":\"https:\/\/evertonfc.cz\/index.php\/2016\/03\/17\/preview-everton-arsenal-5\/#primaryimage\"},\"thumbnailUrl\":\"https:\/\/evertonfc.cz\/wp-content\/uploads\/2021\/02\/Everton-VS-Arsenal.jpg\",\"datePublished\":\"2016-03-17T15:24:07+00:00\",\"dateModified\":\"2021-02-01T07:55:44+00:00\",\"breadcrumb\":{\"@id\":\"https:\/\/evertonfc.cz\/index.php\/2016\/03\/17\/preview-everton-arsenal-5\/#breadcrumb\"},\"inLanguage\":\"cs\",\"potentialAction\":[{\"@type\":\"ReadAction\",\"target\":[\"https:\/\/evertonfc.cz\/index.php\/2016\/03\/17\/preview-everton-arsenal-5\/\"]}]},{\"@type\":\"ImageObject\",\"inLanguage\":\"cs\",\"@id\":\"https:\/\/evertonfc.cz\/index.php\/2016\/03\/17\/preview-everton-arsenal-5\/#primaryimage\",\"url\":\"https:\/\/evertonfc.cz\/wp-content\/uploads\/2021\/02\/Everton-VS-Arsenal.jpg\",\"contentUrl\":\"https:\/\/evertonfc.cz\/wp-content\/uploads\/2021\/02\/Everton-VS-Arsenal.jpg\",\"width\":720,\"height\":405},{\"@type\":\"BreadcrumbList\",\"@id\":\"https:\/\/evertonfc.cz\/index.php\/2016\/03\/17\/preview-everton-arsenal-5\/#breadcrumb\",\"itemListElement\":[{\"@type\":\"ListItem\",\"position\":1,\"name\":\"Home\",\"item\":\"https:\/\/evertonfc.cz\/\"},{\"@type\":\"ListItem\",\"position\":2,\"name\":\"Preview: Everton &#8211; Arsenal\"}]},{\"@type\":\"WebSite\",\"@id\":\"https:\/\/evertonfc.cz\/#website\",\"url\":\"https:\/\/evertonfc.cz\/\",\"name\":\"Official Czech &amp; Slovak Everton Supporters&#039; Club\",\"description\":\"\",\"publisher\":{\"@id\":\"https:\/\/evertonfc.cz\/#organization\"},\"potentialAction\":[{\"@type\":\"SearchAction\",\"target\":{\"@type\":\"EntryPoint\",\"urlTemplate\":\"https:\/\/evertonfc.cz\/?s={search_term_string}\"},\"query-input\":{\"@type\":\"PropertyValueSpecification\",\"valueRequired\":true,\"valueName\":\"search_term_string\"}}],\"inLanguage\":\"cs\"},{\"@type\":\"Organization\",\"@id\":\"https:\/\/evertonfc.cz\/#organization\",\"name\":\"Official Czech & Slovak Everton Supporters' Club\",\"url\":\"https:\/\/evertonfc.cz\/\",\"logo\":{\"@type\":\"ImageObject\",\"inLanguage\":\"cs\",\"@id\":\"https:\/\/evertonfc.cz\/#\/schema\/logo\/image\/\",\"url\":\"https:\/\/evertonfc.cz\/wp-content\/uploads\/2019\/05\/logo.png\",\"contentUrl\":\"https:\/\/evertonfc.cz\/wp-content\/uploads\/2019\/05\/logo.png\",\"width\":112,\"height\":112,\"caption\":\"Official Czech & Slovak Everton Supporters' Club\"},\"image\":{\"@id\":\"https:\/\/evertonfc.cz\/#\/schema\/logo\/image\/\"},\"sameAs\":[\"https:\/\/www.facebook.com\/everton.fans.cz.sk\"]},{\"@type\":\"Person\",\"@id\":\"https:\/\/evertonfc.cz\/#\/schema\/person\/f7a5daedb2ffee98480bc70e191aaef1\",\"name\":\"Ri\u010di\",\"sameAs\":[\"https:\/\/x.com\/rbrejsa\"],\"url\":\"https:\/\/evertonfc.cz\/index.php\/author\/rici\/\"}]}<\/script>\n<!-- \/ Yoast SEO plugin. -->","yoast_head_json":{"title":"Preview: Everton - Arsenal - Official Czech &amp; Slovak Everton Supporters&#039; Club","robots":{"index":"index","follow":"follow","max-snippet":"max-snippet:-1","max-image-preview":"max-image-preview:large","max-video-preview":"max-video-preview:-1"},"canonical":"https:\/\/evertonfc.cz\/index.php\/2016\/03\/17\/preview-everton-arsenal-5\/","og_locale":"cs_CZ","og_type":"article","og_title":"Preview: Everton - Arsenal - Official Czech &amp; Slovak Everton Supporters&#039; Club","og_description":"Dom\u00e1c\u00ed se tr\u00e1p\u00ed se v lize na Goodison Parku, host\u00e9 pro zm\u011bnu pro\u017e\u00edvaj\u00ed hlubokou krizi, kde hledat favorita \u00favodn\u00edho z\u00e1pasu&hellip;","og_url":"https:\/\/evertonfc.cz\/index.php\/2016\/03\/17\/preview-everton-arsenal-5\/","og_site_name":"Official Czech &amp; Slovak Everton Supporters&#039; Club","article_publisher":"https:\/\/www.facebook.com\/everton.fans.cz.sk","article_published_time":"2016-03-17T15:24:07+00:00","article_modified_time":"2021-02-01T07:55:44+00:00","og_image":[{"width":720,"height":405,"url":"https:\/\/evertonfc.cz\/wp-content\/uploads\/2021\/02\/Everton-VS-Arsenal.jpg","type":"image\/jpeg"}],"author":"Ri\u010di","twitter_card":"summary_large_image","twitter_creator":"@rbrejsa","twitter_misc":{"Napsal(a)":"Ri\u010di","Odhadovan\u00e1 doba \u010dten\u00ed":"3 minuty"},"schema":{"@context":"https:\/\/schema.org","@graph":[{"@type":"Article","@id":"https:\/\/evertonfc.cz\/index.php\/2016\/03\/17\/preview-everton-arsenal-5\/#article","isPartOf":{"@id":"https:\/\/evertonfc.cz\/index.php\/2016\/03\/17\/preview-everton-arsenal-5\/"},"author":{"name":"Ri\u010di","@id":"https:\/\/evertonfc.cz\/#\/schema\/person\/f7a5daedb2ffee98480bc70e191aaef1"},"headline":"Preview: Everton &#8211; Arsenal","datePublished":"2016-03-17T15:24:07+00:00","dateModified":"2021-02-01T07:55:44+00:00","mainEntityOfPage":{"@id":"https:\/\/evertonfc.cz\/index.php\/2016\/03\/17\/preview-everton-arsenal-5\/"},"wordCount":507,"commentCount":0,"publisher":{"@id":"https:\/\/evertonfc.cz\/#organization"},"image":{"@id":"https:\/\/evertonfc.cz\/index.php\/2016\/03\/17\/preview-everton-arsenal-5\/#primaryimage"},"thumbnailUrl":"https:\/\/evertonfc.cz\/wp-content\/uploads\/2021\/02\/Everton-VS-Arsenal.jpg","articleSection":["Z\u00e1pasy"],"inLanguage":"cs","potentialAction":[{"@type":"CommentAction","name":"Comment","target":["https:\/\/evertonfc.cz\/index.php\/2016\/03\/17\/preview-everton-arsenal-5\/#respond"]}]},{"@type":"WebPage","@id":"https:\/\/evertonfc.cz\/index.php\/2016\/03\/17\/preview-everton-arsenal-5\/","url":"https:\/\/evertonfc.cz\/index.php\/2016\/03\/17\/preview-everton-arsenal-5\/","name":"Preview: Everton - Arsenal - Official Czech &amp; Slovak Everton Supporters&#039; Club","isPartOf":{"@id":"https:\/\/evertonfc.cz\/#website"},"primaryImageOfPage":{"@id":"https:\/\/evertonfc.cz\/index.php\/2016\/03\/17\/preview-everton-arsenal-5\/#primaryimage"},"image":{"@id":"https:\/\/evertonfc.cz\/index.php\/2016\/03\/17\/preview-everton-arsenal-5\/#primaryimage"},"thumbnailUrl":"https:\/\/evertonfc.cz\/wp-content\/uploads\/2021\/02\/Everton-VS-Arsenal.jpg","datePublished":"2016-03-17T15:24:07+00:00","dateModified":"2021-02-01T07:55:44+00:00","breadcrumb":{"@id":"https:\/\/evertonfc.cz\/index.php\/2016\/03\/17\/preview-everton-arsenal-5\/#breadcrumb"},"inLanguage":"cs","potentialAction":[{"@type":"ReadAction","target":["https:\/\/evertonfc.cz\/index.php\/2016\/03\/17\/preview-everton-arsenal-5\/"]}]},{"@type":"ImageObject","inLanguage":"cs","@id":"https:\/\/evertonfc.cz\/index.php\/2016\/03\/17\/preview-everton-arsenal-5\/#primaryimage","url":"https:\/\/evertonfc.cz\/wp-content\/uploads\/2021\/02\/Everton-VS-Arsenal.jpg","contentUrl":"https:\/\/evertonfc.cz\/wp-content\/uploads\/2021\/02\/Everton-VS-Arsenal.jpg","width":720,"height":405},{"@type":"BreadcrumbList","@id":"https:\/\/evertonfc.cz\/index.php\/2016\/03\/17\/preview-everton-arsenal-5\/#breadcrumb","itemListElement":[{"@type":"ListItem","position":1,"name":"Home","item":"https:\/\/evertonfc.cz\/"},{"@type":"ListItem","position":2,"name":"Preview: Everton &#8211; Arsenal"}]},{"@type":"WebSite","@id":"https:\/\/evertonfc.cz\/#website","url":"https:\/\/evertonfc.cz\/","name":"Official Czech &amp; Slovak Everton Supporters&#039; Club","description":"","publisher":{"@id":"https:\/\/evertonfc.cz\/#organization"},"potentialAction":[{"@type":"SearchAction","target":{"@type":"EntryPoint","urlTemplate":"https:\/\/evertonfc.cz\/?s={search_term_string}"},"query-input":{"@type":"PropertyValueSpecification","valueRequired":true,"valueName":"search_term_string"}}],"inLanguage":"cs"},{"@type":"Organization","@id":"https:\/\/evertonfc.cz\/#organization","name":"Official Czech & Slovak Everton Supporters' Club","url":"https:\/\/evertonfc.cz\/","logo":{"@type":"ImageObject","inLanguage":"cs","@id":"https:\/\/evertonfc.cz\/#\/schema\/logo\/image\/","url":"https:\/\/evertonfc.cz\/wp-content\/uploads\/2019\/05\/logo.png","contentUrl":"https:\/\/evertonfc.cz\/wp-content\/uploads\/2019\/05\/logo.png","width":112,"height":112,"caption":"Official Czech & Slovak Everton Supporters' Club"},"image":{"@id":"https:\/\/evertonfc.cz\/#\/schema\/logo\/image\/"},"sameAs":["https:\/\/www.facebook.com\/everton.fans.cz.sk"]},{"@type":"Person","@id":"https:\/\/evertonfc.cz\/#\/schema\/person\/f7a5daedb2ffee98480bc70e191aaef1","name":"Ri\u010di","sameAs":["https:\/\/x.com\/rbrejsa"],"url":"https:\/\/evertonfc.cz\/index.php\/author\/rici\/"}]}},"_links":{"self":[{"href":"https:\/\/evertonfc.cz\/index.php\/wp-json\/wp\/v2\/posts\/3838"}],"collection":[{"href":"https:\/\/evertonfc.cz\/index.php\/wp-json\/wp\/v2\/posts"}],"about":[{"href":"https:\/\/evertonfc.cz\/index.php\/wp-json\/wp\/v2\/types\/post"}],"author":[{"embeddable":true,"href":"https:\/\/evertonfc.cz\/index.php\/wp-json\/wp\/v2\/users\/6"}],"replies":[{"embeddable":true,"href":"https:\/\/evertonfc.cz\/index.php\/wp-json\/wp\/v2\/comments?post=3838"}],"version-history":[{"count":2,"href":"https:\/\/evertonfc.cz\/index.php\/wp-json\/wp\/v2\/posts\/3838\/revisions"}],"predecessor-version":[{"id":13818,"href":"https:\/\/evertonfc.cz\/index.php\/wp-json\/wp\/v2\/posts\/3838\/revisions\/13818"}],"wp:featuredmedia":[{"embeddable":true,"href":"https:\/\/evertonfc.cz\/index.php\/wp-json\/wp\/v2\/media\/13812"}],"wp:attachment":[{"href":"https:\/\/evertonfc.cz\/index.php\/wp-json\/wp\/v2\/media?parent=3838"}],"wp:term":[{"taxonomy":"category","embeddable":true,"href":"https:\/\/evertonfc.cz\/index.php\/wp-json\/wp\/v2\/categories?post=3838"},{"taxonomy":"post_tag","embeddable":true,"href":"https:\/\/evertonfc.cz\/index.php\/wp-json\/wp\/v2\/tags?post=3838"}],"curies":[{"name":"wp","href":"https:\/\/api.w.org\/{rel}","templated":true}]}}