{"id":3840,"date":"2016-03-13T16:25:44","date_gmt":"2016-03-13T15:25:44","guid":{"rendered":"http:\/\/evertonfc.cz\/?p=3840"},"modified":"2021-04-20T09:25:23","modified_gmt":"2021-04-20T07:25:23","slug":"everton-chelsea-20","status":"publish","type":"post","link":"https:\/\/evertonfc.cz\/index.php\/2016\/03\/13\/everton-chelsea-20\/","title":{"rendered":"Everton &#8211; Chelsea 2:0"},"content":{"rendered":"<h4 id=\"NewsPostDetailSummary\">A\u010d s v\u00fdkony v\u00a0lize je to jako na houpa\u010dce, v dom\u00e1c\u00edch poh\u00e1rech se da\u0159\u00ed. Skv\u011bl\u00fd Romelu Lukaku za\u0159\u00eddil v\u00fdhru a postup do semifin\u00e1le FA Cupu!<\/h4>\n<div id=\"NewsPostDetailContent\">\n<p>Roberto Mart\u00ednez se vr\u00e1til k rozestaven\u00ed se \u010dty\u0159mi obr\u00e1nci, a tak Gareth Barry nahradil v z\u00e1kladn\u00ed sestav\u011b Johna Stonese. Kv\u016fli nemoci respektive trestu za vylou\u010den\u00ed nenastoupili Bryan Oviedo a Kevin Mirallas, na lev\u00e9 stran\u011b je nahradili Leighton Baines a Tom Cleverley.<\/p>\n<p>Prvn\u00ed polo\u010das otev\u0159el slab\u0161\u00ed st\u0159elou pr\u00e1v\u011b uzdraven\u00fd Cleverley, Thibaut Courtois bez probl\u00e9m\u016f zas\u00e1hl. Na dlouh\u00e9 minuty \u0161lo o jedin\u00e9 vzru\u0161en\u00ed p\u0159ed ob\u011bma brankami, nehr\u00e1l se nikterak strhuj\u00edc\u00ed z\u00e1pas, Toffees spol\u00e9hali na pevnou obranu s maxim\u00e1ln\u00edm nasazen\u00edm v osobn\u00edch souboj\u00edch. Dokonce razantn\u011b omezili presink a do proti\u00fatok\u016f vyr\u00e1\u017eeli maxim\u00e1ln\u011b ve \u010dty\u0159ech lidech.<\/p>\n<p>Chelsea nedok\u00e1zala vyzr\u00e1t na defenzivn\u00ed val, a tak z jej\u00edho t\u00fdmu nejv\u00edce zaujal sympa\u0165\u00e1k Costa, kter\u00fd se nenech\u00e1val nic na zmar sv\u00e9 pov\u011bsti provokat\u00e9ra. Po fotbalov\u00e9 str\u00e1nce Willian zahrozil z trestn\u00e9ho kopu a\u017e s bl\u00ed\u017e\u00edc\u00ed se p\u0159est\u00e1vkou, Roblese hbit\u00fdm skokem vyrazil na roh. Na druh\u00e9 stran\u011b Cleverley op\u011bt lehce prot\u00e1hl Courtoise.<\/p>\n<p>Druh\u00fd polo\u010das na\u010dal Funes Mori, hlavi\u010dku z rohov\u00e9ho kopu nam\u00ed\u0159il nad b\u0159evno. Obdivuhodn\u00e9, o kolik Everton je nebezpe\u010dn\u011bj\u0161\u00ed ze standardn\u00edch situac\u00ed pr\u00e1v\u011b s Argentincem na h\u0159i\u0161ti.<\/p>\n<p>S odpov\u011bd\u00ed p\u0159isp\u011bchal re\u017eis\u00e9r F\u00e0bregas, chytrou p\u0159ihr\u00e1vkou uvolnil Diega Costu, jen\u017e obe\u0161el Roblese, ov\u0161em z t\u011b\u017ek\u00e9ho \u00fahlu nedok\u00e1zal nam\u00ed\u0159it m\u00ed\u010d do br\u00e1ny. I nov\u00fd minoritn\u00ed vlastn\u00edk Farhad Moshiri sledoval p\u0159\u00edmo s hledi\u0161t\u011b, jak hra ve druh\u00e9m d\u011bjstv\u00ed nabrala na intenzit\u011b. Merseysiders nav\u00edc postupem \u010dasu z\u00edskali \u00fazemn\u00ed p\u0159evahu, ta zpo\u010d\u00e1tku nep\u0159inesla v\u00edce ne\u017e p\u00e1r standardek a nep\u0159esn\u00fdch zakon\u010den\u00ed akc\u00edch od obou lajn.<\/p>\n<p>Zm\u011bnu p\u0159inesla 77. minuta, Barkley nastartoval Romela Lukaka, kter\u00fd d\u00edky skv\u011bl\u00e9 technice a d\u016frazu pro\u0161el p\u0159es \u010dty\u0159i protivn\u00edky a rovn\u011b\u017e zav\u011bsil na zadn\u00ed ty\u010d &#8211; <strong>1:0<\/strong>. A bylo je\u0161t\u011b l\u00e9pe, Barkley na hranici v\u00e1pna zase uvolnil Lukaka a rovn\u011b\u017e jeho zakon\u010den\u00ed pravou nohou se povedlo &#8211; <strong>2:0<\/strong>. Kanon\u00fdr po z\u00e1pase p\u0159isp\u011bchal s vyj\u00e1d\u0159en\u00edm sv\u00e9ho nejlep\u0161\u00edho dne v Evertonu. T\u011b\u017eko bude n\u011bkdo p\u0159ekvapen\u00fd.<\/p>\n<p>Chelsea na dv\u011b inkasovan\u00e9 branky zareagovat nedok\u00e1zala, utk\u00e1n\u00ed se dohr\u00e1valo ve znamen\u00edch karetn\u00ed partie sud\u00edho Olivera. Nejprve \u0161el pod sprchy Costa, druhou \u017elutou kartu uvid\u011bl za opravdu trapn\u00fd atak na Barryho. Barry ho p\u0159edt\u00edm fauloval za \u017elutou kartu (84. minuta) a za t\u0159i minuty si \u010dervenou prohl\u00e9dl tak\u00e9 s\u00e1m. F\u00e0bregase sejmul opravdu zbyte\u010dn\u011b.<\/p>\n<p>\u010ctvrtfin\u00e1le zakon\u010dilo &#8222;standing ovation&#8220; pro Romela Lukaka. Zaslou\u017een\u00e9.<\/p>\n<p><strong>Branky:<\/strong> 77. a 82. Romelu Lukaku<br \/>\n<strong>\u017dK:<\/strong> 42. Phil Jagielkam 84. Gareth Barry &#8211; 11. Diego Costa, 62. Cesc F\u00e0bregas<br \/>\n<strong>\u010cK:<\/strong> 87. Gareth Barry &#8211; 84. Diego Costa (oba po 2\u017dK)<br \/>\n<strong>Everton FC:<\/strong> Joel Robles, Phil Jagielka, Leighton Baines, S\u00e9amus Coleman, Ramiro Funes Mori, Aaron Lennon (88. John Stones), Gareth Barry, James McCarthy, Tom Cleverley, Ross Barkley (90+4. Muhamed Be\u0161i\u0107), Romelu Lukaku (90+2. Oumar Niasse)<br \/>\n<strong>Chelsea FC:<\/strong> Thibaut Courtois, Gary Cahill, Branislav Ivanovi\u0107, C\u00e9sar Azpilicueta, Cesc F\u00e0bregas, John Obi Mikel, Willian (73. Oscar), Nemanja Mati\u0107 (82. Lo\u00efc R\u00e9my), Pedro, Kenedy (85. John Terry), Diego Costa<br \/>\n<strong>Rozhod\u010d\u00ed:<\/strong> Michael Oliver<br \/>\n<strong>Div\u00e1ci:<\/strong> 37 283<\/p>\n<\/div>\n","protected":false},"excerpt":{"rendered":"<p>A\u010d s v\u00fdkony v\u00a0lize je to jako na houpa\u010dce, v dom\u00e1c\u00edch poh\u00e1rech se da\u0159\u00ed. Skv\u011bl\u00fd Romelu Lukaku za\u0159\u00eddil v\u00fdhru a postup do semifin\u00e1le FA Cupu!<\/p>\n","protected":false},"author":6,"featured_media":14763,"comment_status":"open","ping_status":"closed","sticky":false,"template":"","format":"standard","meta":{"_eb_attr":"","_monsterinsights_skip_tracking":false,"_monsterinsights_sitenote_active":false,"_monsterinsights_sitenote_note":"","_monsterinsights_sitenote_category":0,"footnotes":""},"categories":[4],"tags":[],"yoast_head":"<!-- This site is optimized with the Yoast SEO plugin v23.4 - https:\/\/yoast.com\/wordpress\/plugins\/seo\/ -->\n<title>Everton - Chelsea 2:0 - Official Czech &amp; Slovak Everton Supporters&#039; Club<\/title>\n<meta name=\"robots\" content=\"index, follow, max-snippet:-1, max-image-preview:large, max-video-preview:-1\" \/>\n<link rel=\"canonical\" href=\"https:\/\/evertonfc.cz\/index.php\/2016\/03\/13\/everton-chelsea-20\/\" \/>\n<meta property=\"og:locale\" content=\"cs_CZ\" \/>\n<meta property=\"og:type\" content=\"article\" \/>\n<meta property=\"og:title\" content=\"Everton - Chelsea 2:0 - Official Czech &amp; Slovak Everton Supporters&#039; Club\" \/>\n<meta property=\"og:description\" content=\"A\u010d s v\u00fdkony v\u00a0lize je to jako na houpa\u010dce, v dom\u00e1c\u00edch poh\u00e1rech se da\u0159\u00ed. Skv\u011bl\u00fd Romelu Lukaku za\u0159\u00eddil v\u00fdhru a postup do semifin\u00e1le FA Cupu!\" \/>\n<meta property=\"og:url\" content=\"https:\/\/evertonfc.cz\/index.php\/2016\/03\/13\/everton-chelsea-20\/\" \/>\n<meta property=\"og:site_name\" content=\"Official Czech &amp; Slovak Everton Supporters&#039; Club\" \/>\n<meta property=\"article:publisher\" content=\"https:\/\/www.facebook.com\/everton.fans.cz.sk\" \/>\n<meta property=\"article:published_time\" content=\"2016-03-13T15:25:44+00:00\" \/>\n<meta property=\"article:modified_time\" content=\"2021-04-20T07:25:23+00:00\" \/>\n<meta property=\"og:image\" content=\"https:\/\/evertonfc.cz\/wp-content\/uploads\/2021\/03\/facup_lukaku.jpg\" \/>\n\t<meta property=\"og:image:width\" content=\"720\" \/>\n\t<meta property=\"og:image:height\" content=\"405\" \/>\n\t<meta property=\"og:image:type\" content=\"image\/jpeg\" \/>\n<meta name=\"author\" content=\"Ri\u010di\" \/>\n<meta name=\"twitter:card\" content=\"summary_large_image\" \/>\n<meta name=\"twitter:creator\" content=\"@rbrejsa\" \/>\n<meta name=\"twitter:label1\" content=\"Napsal(a)\" \/>\n\t<meta name=\"twitter:data1\" content=\"Ri\u010di\" \/>\n\t<meta name=\"twitter:label2\" content=\"Odhadovan\u00e1 doba \u010dten\u00ed\" \/>\n\t<meta name=\"twitter:data2\" content=\"3 minuty\" \/>\n<script type=\"application\/ld+json\" class=\"yoast-schema-graph\">{\"@context\":\"https:\/\/schema.org\",\"@graph\":[{\"@type\":\"Article\",\"@id\":\"https:\/\/evertonfc.cz\/index.php\/2016\/03\/13\/everton-chelsea-20\/#article\",\"isPartOf\":{\"@id\":\"https:\/\/evertonfc.cz\/index.php\/2016\/03\/13\/everton-chelsea-20\/\"},\"author\":{\"name\":\"Ri\u010di\",\"@id\":\"https:\/\/evertonfc.cz\/#\/schema\/person\/f7a5daedb2ffee98480bc70e191aaef1\"},\"headline\":\"Everton &#8211; Chelsea 2:0\",\"datePublished\":\"2016-03-13T15:25:44+00:00\",\"dateModified\":\"2021-04-20T07:25:23+00:00\",\"mainEntityOfPage\":{\"@id\":\"https:\/\/evertonfc.cz\/index.php\/2016\/03\/13\/everton-chelsea-20\/\"},\"wordCount\":611,\"commentCount\":0,\"publisher\":{\"@id\":\"https:\/\/evertonfc.cz\/#organization\"},\"image\":{\"@id\":\"https:\/\/evertonfc.cz\/index.php\/2016\/03\/13\/everton-chelsea-20\/#primaryimage\"},\"thumbnailUrl\":\"https:\/\/evertonfc.cz\/wp-content\/uploads\/2021\/03\/facup_lukaku.jpg\",\"articleSection\":[\"Z\u00e1pasy\"],\"inLanguage\":\"cs\",\"potentialAction\":[{\"@type\":\"CommentAction\",\"name\":\"Comment\",\"target\":[\"https:\/\/evertonfc.cz\/index.php\/2016\/03\/13\/everton-chelsea-20\/#respond\"]}]},{\"@type\":\"WebPage\",\"@id\":\"https:\/\/evertonfc.cz\/index.php\/2016\/03\/13\/everton-chelsea-20\/\",\"url\":\"https:\/\/evertonfc.cz\/index.php\/2016\/03\/13\/everton-chelsea-20\/\",\"name\":\"Everton - Chelsea 2:0 - Official Czech &amp; Slovak Everton Supporters&#039; Club\",\"isPartOf\":{\"@id\":\"https:\/\/evertonfc.cz\/#website\"},\"primaryImageOfPage\":{\"@id\":\"https:\/\/evertonfc.cz\/index.php\/2016\/03\/13\/everton-chelsea-20\/#primaryimage\"},\"image\":{\"@id\":\"https:\/\/evertonfc.cz\/index.php\/2016\/03\/13\/everton-chelsea-20\/#primaryimage\"},\"thumbnailUrl\":\"https:\/\/evertonfc.cz\/wp-content\/uploads\/2021\/03\/facup_lukaku.jpg\",\"datePublished\":\"2016-03-13T15:25:44+00:00\",\"dateModified\":\"2021-04-20T07:25:23+00:00\",\"breadcrumb\":{\"@id\":\"https:\/\/evertonfc.cz\/index.php\/2016\/03\/13\/everton-chelsea-20\/#breadcrumb\"},\"inLanguage\":\"cs\",\"potentialAction\":[{\"@type\":\"ReadAction\",\"target\":[\"https:\/\/evertonfc.cz\/index.php\/2016\/03\/13\/everton-chelsea-20\/\"]}]},{\"@type\":\"ImageObject\",\"inLanguage\":\"cs\",\"@id\":\"https:\/\/evertonfc.cz\/index.php\/2016\/03\/13\/everton-chelsea-20\/#primaryimage\",\"url\":\"https:\/\/evertonfc.cz\/wp-content\/uploads\/2021\/03\/facup_lukaku.jpg\",\"contentUrl\":\"https:\/\/evertonfc.cz\/wp-content\/uploads\/2021\/03\/facup_lukaku.jpg\",\"width\":720,\"height\":405},{\"@type\":\"BreadcrumbList\",\"@id\":\"https:\/\/evertonfc.cz\/index.php\/2016\/03\/13\/everton-chelsea-20\/#breadcrumb\",\"itemListElement\":[{\"@type\":\"ListItem\",\"position\":1,\"name\":\"Home\",\"item\":\"https:\/\/evertonfc.cz\/\"},{\"@type\":\"ListItem\",\"position\":2,\"name\":\"Everton &#8211; Chelsea 2:0\"}]},{\"@type\":\"WebSite\",\"@id\":\"https:\/\/evertonfc.cz\/#website\",\"url\":\"https:\/\/evertonfc.cz\/\",\"name\":\"Official Czech &amp; Slovak Everton Supporters&#039; Club\",\"description\":\"\",\"publisher\":{\"@id\":\"https:\/\/evertonfc.cz\/#organization\"},\"potentialAction\":[{\"@type\":\"SearchAction\",\"target\":{\"@type\":\"EntryPoint\",\"urlTemplate\":\"https:\/\/evertonfc.cz\/?s={search_term_string}\"},\"query-input\":{\"@type\":\"PropertyValueSpecification\",\"valueRequired\":true,\"valueName\":\"search_term_string\"}}],\"inLanguage\":\"cs\"},{\"@type\":\"Organization\",\"@id\":\"https:\/\/evertonfc.cz\/#organization\",\"name\":\"Official Czech & Slovak Everton Supporters' Club\",\"url\":\"https:\/\/evertonfc.cz\/\",\"logo\":{\"@type\":\"ImageObject\",\"inLanguage\":\"cs\",\"@id\":\"https:\/\/evertonfc.cz\/#\/schema\/logo\/image\/\",\"url\":\"https:\/\/evertonfc.cz\/wp-content\/uploads\/2019\/05\/logo.png\",\"contentUrl\":\"https:\/\/evertonfc.cz\/wp-content\/uploads\/2019\/05\/logo.png\",\"width\":112,\"height\":112,\"caption\":\"Official Czech & Slovak Everton Supporters' Club\"},\"image\":{\"@id\":\"https:\/\/evertonfc.cz\/#\/schema\/logo\/image\/\"},\"sameAs\":[\"https:\/\/www.facebook.com\/everton.fans.cz.sk\"]},{\"@type\":\"Person\",\"@id\":\"https:\/\/evertonfc.cz\/#\/schema\/person\/f7a5daedb2ffee98480bc70e191aaef1\",\"name\":\"Ri\u010di\",\"sameAs\":[\"https:\/\/x.com\/rbrejsa\"],\"url\":\"https:\/\/evertonfc.cz\/index.php\/author\/rici\/\"}]}<\/script>\n<!-- \/ Yoast SEO plugin. -->","yoast_head_json":{"title":"Everton - Chelsea 2:0 - Official Czech &amp; Slovak Everton Supporters&#039; Club","robots":{"index":"index","follow":"follow","max-snippet":"max-snippet:-1","max-image-preview":"max-image-preview:large","max-video-preview":"max-video-preview:-1"},"canonical":"https:\/\/evertonfc.cz\/index.php\/2016\/03\/13\/everton-chelsea-20\/","og_locale":"cs_CZ","og_type":"article","og_title":"Everton - Chelsea 2:0 - Official Czech &amp; Slovak Everton Supporters&#039; Club","og_description":"A\u010d s v\u00fdkony v\u00a0lize je to jako na houpa\u010dce, v dom\u00e1c\u00edch poh\u00e1rech se da\u0159\u00ed. Skv\u011bl\u00fd Romelu Lukaku za\u0159\u00eddil v\u00fdhru a postup do semifin\u00e1le FA Cupu!","og_url":"https:\/\/evertonfc.cz\/index.php\/2016\/03\/13\/everton-chelsea-20\/","og_site_name":"Official Czech &amp; Slovak Everton Supporters&#039; Club","article_publisher":"https:\/\/www.facebook.com\/everton.fans.cz.sk","article_published_time":"2016-03-13T15:25:44+00:00","article_modified_time":"2021-04-20T07:25:23+00:00","og_image":[{"width":720,"height":405,"url":"https:\/\/evertonfc.cz\/wp-content\/uploads\/2021\/03\/facup_lukaku.jpg","type":"image\/jpeg"}],"author":"Ri\u010di","twitter_card":"summary_large_image","twitter_creator":"@rbrejsa","twitter_misc":{"Napsal(a)":"Ri\u010di","Odhadovan\u00e1 doba \u010dten\u00ed":"3 minuty"},"schema":{"@context":"https:\/\/schema.org","@graph":[{"@type":"Article","@id":"https:\/\/evertonfc.cz\/index.php\/2016\/03\/13\/everton-chelsea-20\/#article","isPartOf":{"@id":"https:\/\/evertonfc.cz\/index.php\/2016\/03\/13\/everton-chelsea-20\/"},"author":{"name":"Ri\u010di","@id":"https:\/\/evertonfc.cz\/#\/schema\/person\/f7a5daedb2ffee98480bc70e191aaef1"},"headline":"Everton &#8211; Chelsea 2:0","datePublished":"2016-03-13T15:25:44+00:00","dateModified":"2021-04-20T07:25:23+00:00","mainEntityOfPage":{"@id":"https:\/\/evertonfc.cz\/index.php\/2016\/03\/13\/everton-chelsea-20\/"},"wordCount":611,"commentCount":0,"publisher":{"@id":"https:\/\/evertonfc.cz\/#organization"},"image":{"@id":"https:\/\/evertonfc.cz\/index.php\/2016\/03\/13\/everton-chelsea-20\/#primaryimage"},"thumbnailUrl":"https:\/\/evertonfc.cz\/wp-content\/uploads\/2021\/03\/facup_lukaku.jpg","articleSection":["Z\u00e1pasy"],"inLanguage":"cs","potentialAction":[{"@type":"CommentAction","name":"Comment","target":["https:\/\/evertonfc.cz\/index.php\/2016\/03\/13\/everton-chelsea-20\/#respond"]}]},{"@type":"WebPage","@id":"https:\/\/evertonfc.cz\/index.php\/2016\/03\/13\/everton-chelsea-20\/","url":"https:\/\/evertonfc.cz\/index.php\/2016\/03\/13\/everton-chelsea-20\/","name":"Everton - Chelsea 2:0 - Official Czech &amp; Slovak Everton Supporters&#039; Club","isPartOf":{"@id":"https:\/\/evertonfc.cz\/#website"},"primaryImageOfPage":{"@id":"https:\/\/evertonfc.cz\/index.php\/2016\/03\/13\/everton-chelsea-20\/#primaryimage"},"image":{"@id":"https:\/\/evertonfc.cz\/index.php\/2016\/03\/13\/everton-chelsea-20\/#primaryimage"},"thumbnailUrl":"https:\/\/evertonfc.cz\/wp-content\/uploads\/2021\/03\/facup_lukaku.jpg","datePublished":"2016-03-13T15:25:44+00:00","dateModified":"2021-04-20T07:25:23+00:00","breadcrumb":{"@id":"https:\/\/evertonfc.cz\/index.php\/2016\/03\/13\/everton-chelsea-20\/#breadcrumb"},"inLanguage":"cs","potentialAction":[{"@type":"ReadAction","target":["https:\/\/evertonfc.cz\/index.php\/2016\/03\/13\/everton-chelsea-20\/"]}]},{"@type":"ImageObject","inLanguage":"cs","@id":"https:\/\/evertonfc.cz\/index.php\/2016\/03\/13\/everton-chelsea-20\/#primaryimage","url":"https:\/\/evertonfc.cz\/wp-content\/uploads\/2021\/03\/facup_lukaku.jpg","contentUrl":"https:\/\/evertonfc.cz\/wp-content\/uploads\/2021\/03\/facup_lukaku.jpg","width":720,"height":405},{"@type":"BreadcrumbList","@id":"https:\/\/evertonfc.cz\/index.php\/2016\/03\/13\/everton-chelsea-20\/#breadcrumb","itemListElement":[{"@type":"ListItem","position":1,"name":"Home","item":"https:\/\/evertonfc.cz\/"},{"@type":"ListItem","position":2,"name":"Everton &#8211; Chelsea 2:0"}]},{"@type":"WebSite","@id":"https:\/\/evertonfc.cz\/#website","url":"https:\/\/evertonfc.cz\/","name":"Official Czech &amp; Slovak Everton Supporters&#039; Club","description":"","publisher":{"@id":"https:\/\/evertonfc.cz\/#organization"},"potentialAction":[{"@type":"SearchAction","target":{"@type":"EntryPoint","urlTemplate":"https:\/\/evertonfc.cz\/?s={search_term_string}"},"query-input":{"@type":"PropertyValueSpecification","valueRequired":true,"valueName":"search_term_string"}}],"inLanguage":"cs"},{"@type":"Organization","@id":"https:\/\/evertonfc.cz\/#organization","name":"Official Czech & Slovak Everton Supporters' Club","url":"https:\/\/evertonfc.cz\/","logo":{"@type":"ImageObject","inLanguage":"cs","@id":"https:\/\/evertonfc.cz\/#\/schema\/logo\/image\/","url":"https:\/\/evertonfc.cz\/wp-content\/uploads\/2019\/05\/logo.png","contentUrl":"https:\/\/evertonfc.cz\/wp-content\/uploads\/2019\/05\/logo.png","width":112,"height":112,"caption":"Official Czech & Slovak Everton Supporters' Club"},"image":{"@id":"https:\/\/evertonfc.cz\/#\/schema\/logo\/image\/"},"sameAs":["https:\/\/www.facebook.com\/everton.fans.cz.sk"]},{"@type":"Person","@id":"https:\/\/evertonfc.cz\/#\/schema\/person\/f7a5daedb2ffee98480bc70e191aaef1","name":"Ri\u010di","sameAs":["https:\/\/x.com\/rbrejsa"],"url":"https:\/\/evertonfc.cz\/index.php\/author\/rici\/"}]}},"_links":{"self":[{"href":"https:\/\/evertonfc.cz\/index.php\/wp-json\/wp\/v2\/posts\/3840"}],"collection":[{"href":"https:\/\/evertonfc.cz\/index.php\/wp-json\/wp\/v2\/posts"}],"about":[{"href":"https:\/\/evertonfc.cz\/index.php\/wp-json\/wp\/v2\/types\/post"}],"author":[{"embeddable":true,"href":"https:\/\/evertonfc.cz\/index.php\/wp-json\/wp\/v2\/users\/6"}],"replies":[{"embeddable":true,"href":"https:\/\/evertonfc.cz\/index.php\/wp-json\/wp\/v2\/comments?post=3840"}],"version-history":[{"count":3,"href":"https:\/\/evertonfc.cz\/index.php\/wp-json\/wp\/v2\/posts\/3840\/revisions"}],"predecessor-version":[{"id":15045,"href":"https:\/\/evertonfc.cz\/index.php\/wp-json\/wp\/v2\/posts\/3840\/revisions\/15045"}],"wp:featuredmedia":[{"embeddable":true,"href":"https:\/\/evertonfc.cz\/index.php\/wp-json\/wp\/v2\/media\/14763"}],"wp:attachment":[{"href":"https:\/\/evertonfc.cz\/index.php\/wp-json\/wp\/v2\/media?parent=3840"}],"wp:term":[{"taxonomy":"category","embeddable":true,"href":"https:\/\/evertonfc.cz\/index.php\/wp-json\/wp\/v2\/categories?post=3840"},{"taxonomy":"post_tag","embeddable":true,"href":"https:\/\/evertonfc.cz\/index.php\/wp-json\/wp\/v2\/tags?post=3840"}],"curies":[{"name":"wp","href":"https:\/\/api.w.org\/{rel}","templated":true}]}}