{"id":3842,"date":"2016-03-11T16:27:07","date_gmt":"2016-03-11T15:27:07","guid":{"rendered":"http:\/\/evertonfc.cz\/?p=3842"},"modified":"2021-04-20T09:25:02","modified_gmt":"2021-04-20T07:25:02","slug":"preview-everton-chelsea-3","status":"publish","type":"post","link":"https:\/\/evertonfc.cz\/index.php\/2016\/03\/11\/preview-everton-chelsea-3\/","title":{"rendered":"FA Cup Preview: Everton &#8211; Chelsea"},"content":{"rendered":"<h4 id=\"NewsPostDetailSummary\">D\u016fle\u017eit\u00e9 \u010dtvrtfin\u00e1le Anglick\u00e9ho poh\u00e1ru je tu. Oba t\u00fdmy u\u017e nad\u011bji kvalifikovat se do evropsk\u00fdch poh\u00e1r\u016f z ligy ne\u017eiv\u00ed. Pora\u017een\u00fd z tohoto duelu tedy bude moci sezonu odepsat jako nevyda\u0159enou. A zahr\u00e1t si ve Wembley semifin\u00e1le cht\u011bj\u00ed samoz\u0159ejm\u011b oba.<\/h4>\n<div id=\"NewsPostDetailContent\">\n<p>Evertonu se v lize da\u0159\u00ed tak n\u011bjak.. no, pr\u016fm\u011brn\u011b. Na minul\u00fd ligov\u00fd z\u00e1pas proti West Hamu je lep\u0161\u00ed nevzpom\u00ednat. V dom\u00e1c\u00edch poh\u00e1rech se ale relativn\u011b da\u0159\u00ed, v Ligov\u00e9m vypadl t\u00fdm vyzn\u00e1vaj\u00edc\u00ed kr\u00e1lovskou mod\u0159 a\u017e v semifin\u00e1le s pozd\u011bj\u0161\u00edm v\u00edt\u011bzem a v Anglick\u00e9m se o vyrovn\u00e1n\u00ed t\u00e9ho\u017e v\u00fdkonu bude sna\u017eit z\u00edtra. V\u00fdhodou je, \u017ee hraje doma.<\/p>\n<p>Chelsea b\u011bhem sezony vym\u011bnila mana\u017eera, \u00fakol stabilizovat v\u00fdkony a v\u00fdsledky dostal na starost zku\u0161en\u00fd Nizozemec Hiddink. Ten zat\u00edm dovedl t\u00fdmovou b\u00e1rku do vod klidn\u00e9ho st\u0159edu tabulky, ale to je samoz\u0159ejm\u011b m\u00e1lo. Nav\u00edc v\u00ed, \u017ee jeho pr\u00e1ce kon\u010d\u00ed posledn\u00edm ligov\u00fdm kolem, v t\u00e9to souvislosti se pro p\u0159\u00ed\u0161t\u00ed sez\u00f3nu za\u010d\u00edn\u00e1 sklo\u0148ovat jm\u00e9no b\u00fdval\u00e9ho hr\u00e1\u010de Juventusu a sou\u010dasn\u00e9ho tren\u00e9ra squadry azzurry Conteho (t\u0159eba Guardian tvrd\u00ed, \u017ee je ruka v ruk\u00e1v\u011b). Nev\u00fdhodou Chelsea je psychika, po st\u0159ede\u010dn\u00edm vypadnut\u00ed z Ligy mistr\u016f s Ibrahimovi\u0107em a spol. nem\u016f\u017ee b\u00fdt n\u011bjak vysoko. A v\u00fdhoda sobotn\u00edch host\u016f? Specialista na Chelsea, Steven Naismith, u\u017e st\u0159\u00edl\u00ed g\u00f3ly v Norwichi.<\/p>\n<p>Zcela zdrav\u00e1 je ji\u017e dvojice Cleverley a Barry, oba marodili. Lze o\u010dek\u00e1vat, \u017ee evertonsk\u00e1 patn\u00e1ctka na kraji z\u00e1lohy nahrad\u00ed Mirallase, kter\u00fd si za\u010dne odpyk\u00e1vat dvouz\u00e1pasov\u00fd trest. S otazn\u00edkem je naopak \u00fa\u010dast Ovieda a Lennona, anglick\u00fd z\u00e1lo\u017en\u00edk m\u00e1 probl\u00e9m s p\u0159itahova\u010dem stehenn\u00edho svalu a kostarick\u00fd obr\u00e1nce musel str\u00e1vit noc v nemocnici kv\u016fli bolav\u00e9mu hrudn\u00edku, nahradil by ho Baines, kter\u00e9mu se zlep\u0161il zdravotn\u00ed stav kotn\u00edku. Za hosty zcela ur\u010dit\u011b nebude hr\u00e1t stoper Zouma, kter\u00fd si p\u0159etrhl vazy v koleni a pravd\u011bpodobn\u011b budou chyb\u011bt i Terry a Costa. Hazard, kter\u00fd zvl\u00e1dl ve st\u0159edu odehr\u00e1t 77 minut, by naopak zas\u00e1hnout do utk\u00e1n\u00ed nem\u011bl.<\/p>\n<p>Utk\u00e1n\u00ed vys\u00edl\u00e1 p\u0159\u00edm\u00fdm p\u0159enosem stanice Nova sport 2.<\/p>\n<p><strong>Co:<\/strong> Everton FC &#8211; Chelsea FC, \u010dtvrtfin\u00e1le Anglick\u00e9ho poh\u00e1ru<br \/>\n<strong>Kdy: <\/strong>12. 3. 2016 od 18:30 SE\u010c<br \/>\n<strong>Kde:<\/strong> Goodison Park, Liverpool (kapacita: 40 157)<br \/>\n<strong>Rozhod\u010d\u00ed:<\/strong> Michael Oliver<\/p>\n<\/div>\n","protected":false},"excerpt":{"rendered":"<p>D\u016fle\u017eit\u00e9 \u010dtvrtfin\u00e1le Anglick\u00e9ho poh\u00e1ru je tu. Oba t\u00fdmy u\u017e nad\u011bji kvalifikovat se do evropsk\u00fdch poh\u00e1r\u016f z ligy ne\u017eiv\u00ed. Pora\u017een\u00fd z tohoto duelu tedy bude moci sezonu odepsat jako nevyda\u0159enou. A zahr\u00e1t si ve Wembley semifin\u00e1le cht\u011bj\u00ed samoz\u0159ejm\u011b oba.<\/p>\n","protected":false},"author":12,"featured_media":13142,"comment_status":"open","ping_status":"closed","sticky":false,"template":"","format":"standard","meta":{"_eb_attr":"","_monsterinsights_skip_tracking":false,"_monsterinsights_sitenote_active":false,"_monsterinsights_sitenote_note":"","_monsterinsights_sitenote_category":0,"footnotes":""},"categories":[4],"tags":[],"yoast_head":"<!-- This site is optimized with the Yoast SEO plugin v23.4 - https:\/\/yoast.com\/wordpress\/plugins\/seo\/ -->\n<title>FA Cup Preview: Everton - Chelsea - Official Czech &amp; Slovak Everton Supporters&#039; Club<\/title>\n<meta name=\"robots\" content=\"index, follow, max-snippet:-1, max-image-preview:large, max-video-preview:-1\" \/>\n<link rel=\"canonical\" href=\"https:\/\/evertonfc.cz\/index.php\/2016\/03\/11\/preview-everton-chelsea-3\/\" \/>\n<meta property=\"og:locale\" content=\"cs_CZ\" \/>\n<meta property=\"og:type\" content=\"article\" \/>\n<meta property=\"og:title\" content=\"FA Cup Preview: Everton - Chelsea - Official Czech &amp; Slovak Everton Supporters&#039; Club\" \/>\n<meta property=\"og:description\" content=\"D\u016fle\u017eit\u00e9 \u010dtvrtfin\u00e1le Anglick\u00e9ho poh\u00e1ru je tu. Oba t\u00fdmy u\u017e nad\u011bji kvalifikovat se do evropsk\u00fdch poh\u00e1r\u016f z ligy ne\u017eiv\u00ed. Pora\u017een\u00fd z tohoto duelu tedy bude moci sezonu odepsat jako nevyda\u0159enou. A zahr\u00e1t si ve Wembley semifin\u00e1le cht\u011bj\u00ed samoz\u0159ejm\u011b oba.\" \/>\n<meta property=\"og:url\" content=\"https:\/\/evertonfc.cz\/index.php\/2016\/03\/11\/preview-everton-chelsea-3\/\" \/>\n<meta property=\"og:site_name\" content=\"Official Czech &amp; Slovak Everton Supporters&#039; Club\" \/>\n<meta property=\"article:publisher\" content=\"https:\/\/www.facebook.com\/everton.fans.cz.sk\" \/>\n<meta property=\"article:published_time\" content=\"2016-03-11T15:27:07+00:00\" \/>\n<meta property=\"article:modified_time\" content=\"2021-04-20T07:25:02+00:00\" \/>\n<meta property=\"og:image\" content=\"https:\/\/evertonfc.cz\/wp-content\/uploads\/2020\/12\/Everton-VS-Chelsea-NIGHT.jpg\" \/>\n\t<meta property=\"og:image:width\" content=\"720\" \/>\n\t<meta property=\"og:image:height\" content=\"405\" \/>\n\t<meta property=\"og:image:type\" content=\"image\/jpeg\" \/>\n<meta name=\"author\" content=\"Javor\" \/>\n<meta name=\"twitter:card\" content=\"summary_large_image\" \/>\n<meta name=\"twitter:creator\" content=\"@LoudinJan\" \/>\n<meta name=\"twitter:label1\" content=\"Napsal(a)\" \/>\n\t<meta name=\"twitter:data1\" content=\"Javor\" \/>\n\t<meta name=\"twitter:label2\" content=\"Odhadovan\u00e1 doba \u010dten\u00ed\" \/>\n\t<meta name=\"twitter:data2\" content=\"2 minuty\" \/>\n<script type=\"application\/ld+json\" class=\"yoast-schema-graph\">{\"@context\":\"https:\/\/schema.org\",\"@graph\":[{\"@type\":\"Article\",\"@id\":\"https:\/\/evertonfc.cz\/index.php\/2016\/03\/11\/preview-everton-chelsea-3\/#article\",\"isPartOf\":{\"@id\":\"https:\/\/evertonfc.cz\/index.php\/2016\/03\/11\/preview-everton-chelsea-3\/\"},\"author\":{\"name\":\"Javor\",\"@id\":\"https:\/\/evertonfc.cz\/#\/schema\/person\/b30daf6a5852f4811f8207a17ec1bf78\"},\"headline\":\"FA Cup Preview: Everton &#8211; Chelsea\",\"datePublished\":\"2016-03-11T15:27:07+00:00\",\"dateModified\":\"2021-04-20T07:25:02+00:00\",\"mainEntityOfPage\":{\"@id\":\"https:\/\/evertonfc.cz\/index.php\/2016\/03\/11\/preview-everton-chelsea-3\/\"},\"wordCount\":449,\"commentCount\":0,\"publisher\":{\"@id\":\"https:\/\/evertonfc.cz\/#organization\"},\"image\":{\"@id\":\"https:\/\/evertonfc.cz\/index.php\/2016\/03\/11\/preview-everton-chelsea-3\/#primaryimage\"},\"thumbnailUrl\":\"https:\/\/evertonfc.cz\/wp-content\/uploads\/2020\/12\/Everton-VS-Chelsea-NIGHT.jpg\",\"articleSection\":[\"Z\u00e1pasy\"],\"inLanguage\":\"cs\",\"potentialAction\":[{\"@type\":\"CommentAction\",\"name\":\"Comment\",\"target\":[\"https:\/\/evertonfc.cz\/index.php\/2016\/03\/11\/preview-everton-chelsea-3\/#respond\"]}]},{\"@type\":\"WebPage\",\"@id\":\"https:\/\/evertonfc.cz\/index.php\/2016\/03\/11\/preview-everton-chelsea-3\/\",\"url\":\"https:\/\/evertonfc.cz\/index.php\/2016\/03\/11\/preview-everton-chelsea-3\/\",\"name\":\"FA Cup Preview: Everton - Chelsea - Official Czech &amp; Slovak Everton Supporters&#039; Club\",\"isPartOf\":{\"@id\":\"https:\/\/evertonfc.cz\/#website\"},\"primaryImageOfPage\":{\"@id\":\"https:\/\/evertonfc.cz\/index.php\/2016\/03\/11\/preview-everton-chelsea-3\/#primaryimage\"},\"image\":{\"@id\":\"https:\/\/evertonfc.cz\/index.php\/2016\/03\/11\/preview-everton-chelsea-3\/#primaryimage\"},\"thumbnailUrl\":\"https:\/\/evertonfc.cz\/wp-content\/uploads\/2020\/12\/Everton-VS-Chelsea-NIGHT.jpg\",\"datePublished\":\"2016-03-11T15:27:07+00:00\",\"dateModified\":\"2021-04-20T07:25:02+00:00\",\"breadcrumb\":{\"@id\":\"https:\/\/evertonfc.cz\/index.php\/2016\/03\/11\/preview-everton-chelsea-3\/#breadcrumb\"},\"inLanguage\":\"cs\",\"potentialAction\":[{\"@type\":\"ReadAction\",\"target\":[\"https:\/\/evertonfc.cz\/index.php\/2016\/03\/11\/preview-everton-chelsea-3\/\"]}]},{\"@type\":\"ImageObject\",\"inLanguage\":\"cs\",\"@id\":\"https:\/\/evertonfc.cz\/index.php\/2016\/03\/11\/preview-everton-chelsea-3\/#primaryimage\",\"url\":\"https:\/\/evertonfc.cz\/wp-content\/uploads\/2020\/12\/Everton-VS-Chelsea-NIGHT.jpg\",\"contentUrl\":\"https:\/\/evertonfc.cz\/wp-content\/uploads\/2020\/12\/Everton-VS-Chelsea-NIGHT.jpg\",\"width\":720,\"height\":405},{\"@type\":\"BreadcrumbList\",\"@id\":\"https:\/\/evertonfc.cz\/index.php\/2016\/03\/11\/preview-everton-chelsea-3\/#breadcrumb\",\"itemListElement\":[{\"@type\":\"ListItem\",\"position\":1,\"name\":\"Home\",\"item\":\"https:\/\/evertonfc.cz\/\"},{\"@type\":\"ListItem\",\"position\":2,\"name\":\"FA Cup Preview: Everton &#8211; Chelsea\"}]},{\"@type\":\"WebSite\",\"@id\":\"https:\/\/evertonfc.cz\/#website\",\"url\":\"https:\/\/evertonfc.cz\/\",\"name\":\"Official Czech &amp; Slovak Everton Supporters&#039; Club\",\"description\":\"\",\"publisher\":{\"@id\":\"https:\/\/evertonfc.cz\/#organization\"},\"potentialAction\":[{\"@type\":\"SearchAction\",\"target\":{\"@type\":\"EntryPoint\",\"urlTemplate\":\"https:\/\/evertonfc.cz\/?s={search_term_string}\"},\"query-input\":{\"@type\":\"PropertyValueSpecification\",\"valueRequired\":true,\"valueName\":\"search_term_string\"}}],\"inLanguage\":\"cs\"},{\"@type\":\"Organization\",\"@id\":\"https:\/\/evertonfc.cz\/#organization\",\"name\":\"Official Czech & Slovak Everton Supporters' Club\",\"url\":\"https:\/\/evertonfc.cz\/\",\"logo\":{\"@type\":\"ImageObject\",\"inLanguage\":\"cs\",\"@id\":\"https:\/\/evertonfc.cz\/#\/schema\/logo\/image\/\",\"url\":\"https:\/\/evertonfc.cz\/wp-content\/uploads\/2019\/05\/logo.png\",\"contentUrl\":\"https:\/\/evertonfc.cz\/wp-content\/uploads\/2019\/05\/logo.png\",\"width\":112,\"height\":112,\"caption\":\"Official Czech & Slovak Everton Supporters' Club\"},\"image\":{\"@id\":\"https:\/\/evertonfc.cz\/#\/schema\/logo\/image\/\"},\"sameAs\":[\"https:\/\/www.facebook.com\/everton.fans.cz.sk\"]},{\"@type\":\"Person\",\"@id\":\"https:\/\/evertonfc.cz\/#\/schema\/person\/b30daf6a5852f4811f8207a17ec1bf78\",\"name\":\"Javor\",\"sameAs\":[\"https:\/\/x.com\/LoudinJan\"],\"url\":\"https:\/\/evertonfc.cz\/index.php\/author\/javor\/\"}]}<\/script>\n<!-- \/ Yoast SEO plugin. -->","yoast_head_json":{"title":"FA Cup Preview: Everton - Chelsea - Official Czech &amp; Slovak Everton Supporters&#039; Club","robots":{"index":"index","follow":"follow","max-snippet":"max-snippet:-1","max-image-preview":"max-image-preview:large","max-video-preview":"max-video-preview:-1"},"canonical":"https:\/\/evertonfc.cz\/index.php\/2016\/03\/11\/preview-everton-chelsea-3\/","og_locale":"cs_CZ","og_type":"article","og_title":"FA Cup Preview: Everton - Chelsea - Official Czech &amp; Slovak Everton Supporters&#039; Club","og_description":"D\u016fle\u017eit\u00e9 \u010dtvrtfin\u00e1le Anglick\u00e9ho poh\u00e1ru je tu. Oba t\u00fdmy u\u017e nad\u011bji kvalifikovat se do evropsk\u00fdch poh\u00e1r\u016f z ligy ne\u017eiv\u00ed. Pora\u017een\u00fd z tohoto duelu tedy bude moci sezonu odepsat jako nevyda\u0159enou. A zahr\u00e1t si ve Wembley semifin\u00e1le cht\u011bj\u00ed samoz\u0159ejm\u011b oba.","og_url":"https:\/\/evertonfc.cz\/index.php\/2016\/03\/11\/preview-everton-chelsea-3\/","og_site_name":"Official Czech &amp; Slovak Everton Supporters&#039; Club","article_publisher":"https:\/\/www.facebook.com\/everton.fans.cz.sk","article_published_time":"2016-03-11T15:27:07+00:00","article_modified_time":"2021-04-20T07:25:02+00:00","og_image":[{"width":720,"height":405,"url":"https:\/\/evertonfc.cz\/wp-content\/uploads\/2020\/12\/Everton-VS-Chelsea-NIGHT.jpg","type":"image\/jpeg"}],"author":"Javor","twitter_card":"summary_large_image","twitter_creator":"@LoudinJan","twitter_misc":{"Napsal(a)":"Javor","Odhadovan\u00e1 doba \u010dten\u00ed":"2 minuty"},"schema":{"@context":"https:\/\/schema.org","@graph":[{"@type":"Article","@id":"https:\/\/evertonfc.cz\/index.php\/2016\/03\/11\/preview-everton-chelsea-3\/#article","isPartOf":{"@id":"https:\/\/evertonfc.cz\/index.php\/2016\/03\/11\/preview-everton-chelsea-3\/"},"author":{"name":"Javor","@id":"https:\/\/evertonfc.cz\/#\/schema\/person\/b30daf6a5852f4811f8207a17ec1bf78"},"headline":"FA Cup Preview: Everton &#8211; Chelsea","datePublished":"2016-03-11T15:27:07+00:00","dateModified":"2021-04-20T07:25:02+00:00","mainEntityOfPage":{"@id":"https:\/\/evertonfc.cz\/index.php\/2016\/03\/11\/preview-everton-chelsea-3\/"},"wordCount":449,"commentCount":0,"publisher":{"@id":"https:\/\/evertonfc.cz\/#organization"},"image":{"@id":"https:\/\/evertonfc.cz\/index.php\/2016\/03\/11\/preview-everton-chelsea-3\/#primaryimage"},"thumbnailUrl":"https:\/\/evertonfc.cz\/wp-content\/uploads\/2020\/12\/Everton-VS-Chelsea-NIGHT.jpg","articleSection":["Z\u00e1pasy"],"inLanguage":"cs","potentialAction":[{"@type":"CommentAction","name":"Comment","target":["https:\/\/evertonfc.cz\/index.php\/2016\/03\/11\/preview-everton-chelsea-3\/#respond"]}]},{"@type":"WebPage","@id":"https:\/\/evertonfc.cz\/index.php\/2016\/03\/11\/preview-everton-chelsea-3\/","url":"https:\/\/evertonfc.cz\/index.php\/2016\/03\/11\/preview-everton-chelsea-3\/","name":"FA Cup Preview: Everton - Chelsea - Official Czech &amp; Slovak Everton Supporters&#039; Club","isPartOf":{"@id":"https:\/\/evertonfc.cz\/#website"},"primaryImageOfPage":{"@id":"https:\/\/evertonfc.cz\/index.php\/2016\/03\/11\/preview-everton-chelsea-3\/#primaryimage"},"image":{"@id":"https:\/\/evertonfc.cz\/index.php\/2016\/03\/11\/preview-everton-chelsea-3\/#primaryimage"},"thumbnailUrl":"https:\/\/evertonfc.cz\/wp-content\/uploads\/2020\/12\/Everton-VS-Chelsea-NIGHT.jpg","datePublished":"2016-03-11T15:27:07+00:00","dateModified":"2021-04-20T07:25:02+00:00","breadcrumb":{"@id":"https:\/\/evertonfc.cz\/index.php\/2016\/03\/11\/preview-everton-chelsea-3\/#breadcrumb"},"inLanguage":"cs","potentialAction":[{"@type":"ReadAction","target":["https:\/\/evertonfc.cz\/index.php\/2016\/03\/11\/preview-everton-chelsea-3\/"]}]},{"@type":"ImageObject","inLanguage":"cs","@id":"https:\/\/evertonfc.cz\/index.php\/2016\/03\/11\/preview-everton-chelsea-3\/#primaryimage","url":"https:\/\/evertonfc.cz\/wp-content\/uploads\/2020\/12\/Everton-VS-Chelsea-NIGHT.jpg","contentUrl":"https:\/\/evertonfc.cz\/wp-content\/uploads\/2020\/12\/Everton-VS-Chelsea-NIGHT.jpg","width":720,"height":405},{"@type":"BreadcrumbList","@id":"https:\/\/evertonfc.cz\/index.php\/2016\/03\/11\/preview-everton-chelsea-3\/#breadcrumb","itemListElement":[{"@type":"ListItem","position":1,"name":"Home","item":"https:\/\/evertonfc.cz\/"},{"@type":"ListItem","position":2,"name":"FA Cup Preview: Everton &#8211; Chelsea"}]},{"@type":"WebSite","@id":"https:\/\/evertonfc.cz\/#website","url":"https:\/\/evertonfc.cz\/","name":"Official Czech &amp; Slovak Everton Supporters&#039; Club","description":"","publisher":{"@id":"https:\/\/evertonfc.cz\/#organization"},"potentialAction":[{"@type":"SearchAction","target":{"@type":"EntryPoint","urlTemplate":"https:\/\/evertonfc.cz\/?s={search_term_string}"},"query-input":{"@type":"PropertyValueSpecification","valueRequired":true,"valueName":"search_term_string"}}],"inLanguage":"cs"},{"@type":"Organization","@id":"https:\/\/evertonfc.cz\/#organization","name":"Official Czech & Slovak Everton Supporters' Club","url":"https:\/\/evertonfc.cz\/","logo":{"@type":"ImageObject","inLanguage":"cs","@id":"https:\/\/evertonfc.cz\/#\/schema\/logo\/image\/","url":"https:\/\/evertonfc.cz\/wp-content\/uploads\/2019\/05\/logo.png","contentUrl":"https:\/\/evertonfc.cz\/wp-content\/uploads\/2019\/05\/logo.png","width":112,"height":112,"caption":"Official Czech & Slovak Everton Supporters' Club"},"image":{"@id":"https:\/\/evertonfc.cz\/#\/schema\/logo\/image\/"},"sameAs":["https:\/\/www.facebook.com\/everton.fans.cz.sk"]},{"@type":"Person","@id":"https:\/\/evertonfc.cz\/#\/schema\/person\/b30daf6a5852f4811f8207a17ec1bf78","name":"Javor","sameAs":["https:\/\/x.com\/LoudinJan"],"url":"https:\/\/evertonfc.cz\/index.php\/author\/javor\/"}]}},"_links":{"self":[{"href":"https:\/\/evertonfc.cz\/index.php\/wp-json\/wp\/v2\/posts\/3842"}],"collection":[{"href":"https:\/\/evertonfc.cz\/index.php\/wp-json\/wp\/v2\/posts"}],"about":[{"href":"https:\/\/evertonfc.cz\/index.php\/wp-json\/wp\/v2\/types\/post"}],"author":[{"embeddable":true,"href":"https:\/\/evertonfc.cz\/index.php\/wp-json\/wp\/v2\/users\/12"}],"replies":[{"embeddable":true,"href":"https:\/\/evertonfc.cz\/index.php\/wp-json\/wp\/v2\/comments?post=3842"}],"version-history":[{"count":3,"href":"https:\/\/evertonfc.cz\/index.php\/wp-json\/wp\/v2\/posts\/3842\/revisions"}],"predecessor-version":[{"id":15043,"href":"https:\/\/evertonfc.cz\/index.php\/wp-json\/wp\/v2\/posts\/3842\/revisions\/15043"}],"wp:featuredmedia":[{"embeddable":true,"href":"https:\/\/evertonfc.cz\/index.php\/wp-json\/wp\/v2\/media\/13142"}],"wp:attachment":[{"href":"https:\/\/evertonfc.cz\/index.php\/wp-json\/wp\/v2\/media?parent=3842"}],"wp:term":[{"taxonomy":"category","embeddable":true,"href":"https:\/\/evertonfc.cz\/index.php\/wp-json\/wp\/v2\/categories?post=3842"},{"taxonomy":"post_tag","embeddable":true,"href":"https:\/\/evertonfc.cz\/index.php\/wp-json\/wp\/v2\/tags?post=3842"}],"curies":[{"name":"wp","href":"https:\/\/api.w.org\/{rel}","templated":true}]}}