{"id":3844,"date":"2016-03-05T16:28:13","date_gmt":"2016-03-05T15:28:13","guid":{"rendered":"http:\/\/evertonfc.cz\/?p=3844"},"modified":"2019-02-12T20:12:52","modified_gmt":"2019-02-12T19:12:52","slug":"everton-west-ham-united-23","status":"publish","type":"post","link":"https:\/\/evertonfc.cz\/index.php\/2016\/03\/05\/everton-west-ham-united-23\/","title":{"rendered":"Everton &#8211; West Ham United 2:3"},"content":{"rendered":"<h4 id=\"NewsPostDetailSummary\">Everton dnes naplnil ono zn\u00e1m\u00e9 cimrmanovsk\u00e9 \u201cpo f\u00e1zi o\u010dek\u00e1v\u00e1n\u00ed p\u0159ich\u00e1z\u00ed f\u00e1ze zklam\u00e1n\u00ed\u201c. Za stavu 2:0 Lukaku neprom\u011bnil pokutov\u00fd kop &#8211; a pak n\u00e1sledovala u\u017e jen hororov\u00e1 posledn\u00ed \u010dtvrthodinka.<\/h4>\n<div id=\"NewsPostDetailContent\">\n<p>Mart\u00ednez trochu zaexperimentoval, zkusil hr\u00e1t se t\u0159emi stopery a role krajn\u00edch obr\u00e1ncoz\u00e1lo\u017en\u00edk\u016f p\u0159ipadla Oviedovi s Colemanem. Barry byl posazen na lavi\u010dku a Barkley za\u010dal utk\u00e1n\u00ed trochu zata\u017een\u011bji. Hammers nastoupili se dv\u011bma zm\u011bnami, nen\u00ed se co divit, kdy\u017e hr\u00e1li dva z\u00e1pasy b\u011bhem \u010dty\u0159 dn\u016f.<\/p>\n<p>Prvn\u00ed vzru\u0161en\u00ed za\u017eili div\u00e1ci ve \u010dtvrt\u00e9 minut\u011b, kdy\u017e Lukaku byl u dlouh\u00e9ho m\u00ed\u010de trochu pozd\u011bji ne\u017e brank\u00e1\u0159 Adri\u00e1n, nestihl ji\u017e zabrzdit a do westhamsk\u00e9ho \u010dapajeva trochu naboural. Tomu se to nel\u00edbilo. O dv\u011b minuty pozd\u011bji se p\u011bknou st\u0159elou zpoza v\u00e1pna po rohu prezentoval McCarthy, m\u00ed\u0159il hezky pod b\u0159evno, ale Adri\u00e1n m\u00ed\u010d vyrazil ak\u010dn\u00edm z\u00e1krokem (let\u00edm na jinou stranu, ne\u017e m\u00ed\u010d, ale stihnu ho je\u0161t\u011b hodit nad b\u0159evno) na roh. M\u00edrn\u00fd tlak Evertonu vyvrcholil ve dvan\u00e1ct\u00e9 minut\u011b. Oviedo p\u0159ihr\u00e1l Lukakovi, ten mezi dv\u011bma obr\u00e1nci soupe\u0159e zapnul vy\u0161\u0161\u00ed kosmickou a obvykl\u00fdm zakon\u010den\u00edm z \u00fahlu (tedy ke vzd\u00e1len\u011bj\u0161\u00ed ty\u010di) otev\u0159el sk\u00f3re z\u00e1pasu &#8211; <strong>1:0! <\/strong>V 15. minut\u011b vid\u011bl p\u0159\u00edsnou \u017elutou za simulov\u00e1n\u00ed Mirallas. Od rozhod\u010d\u00edho chyba, od Mirallase hloupost. A nav\u00edc to je\u0161t\u011b m\u011blo n\u00e1sledek. P\u0159ibli\u017en\u011b b\u011bhem t\u00e9to doby m\u011bli host\u00e9 tlak, zmi\u0148me aspo\u0148 st\u0159elu Lanziniho, ale Evertonu byla up\u0159en\u00e1 jasn\u00e1 penalta. B\u011bhem jednoho rohu byl v n\u00e1b\u011bhu na centr celkem evidentn\u011b slo\u017een na zem Stones Oxfordem, ale chybuj\u00edc\u00ed rozhod\u010d\u00ed Taylor z\u016fstal v klidu.<\/p>\n<p>Kdy\u017e se op\u011bt hr\u00e1l fotbal, tak Adri\u00e1na p\u011bkn\u011b st\u0159elou k lev\u00e9 ty\u010di prot\u00e1hl Barkley, brank\u00e1\u0159 vyrazil na roh. Z n\u011bj nic nebylo. Ale n\u011bco bylo z Mirallasova skluzu na Cresswella. Jasn\u00e1 \u017elut\u00e1 karta, Mirallas utk\u00e1n\u00ed nedohr\u00e1l, dostal \u010dervenou, a tak Everton hr\u00e1l od 35. minuty o deseti. Po\u010det \u017elut\u00fdch karet okam\u017eit\u011b sn\u00ed\u017eil Antonio, kdy\u017e sekl po Barkleym zezadu kopa\u010dkou, tak\u00e9 tato byla jasn\u00e1. Do konce polo\u010dasu byla up\u0159ena jasn\u00e1 penalta i host\u016fm, kdy\u017e Mori nedovolen\u011b zastavil Ogbonnu, nicm\u00e9n\u011b i tady z\u016fstala p\u00ed\u0161\u0165\u00e1lka sud\u00edho n\u011bm\u00e1. No a kdy\u017e Robles zlikvidoval i Emenikeho te\u010d st\u0159\u00edlen\u00e9ho centru a Payet z trest\u0148\u00e1ku netrefil branku, tak se \u0161lo do kabin za nejt\u011bsn\u011bj\u0161\u00edho stavu, v\u00fdhodn\u00e9ho pro dom\u00e1c\u00ed.<\/p>\n<p>Do druh\u00e9 p\u016fle oba t\u00fdmy jednou vyst\u0159\u00eddaly, Stonese nahradil Be\u0161i\u0107 a Oxford uvolnil m\u00edsto exRS Carrollovi. A za\u010d\u00e1tek druh\u00e9 p\u016fle Evertonu vy\u0161el. Barkley byl o m\u00ed\u010d t\u011bsn\u011b p\u0159ed zakon\u010den\u00edm p\u0159ipraven, ale pak to u\u017e vy\u0161lo. Lennon si narazil s Lukakem a a\u010d zpracov\u00e1n\u00ed anglick\u00e9ho z\u00e1lo\u017en\u00edka po nar\u00e1\u017ee\u010dce belgick\u00e9ho \u00fato\u010dn\u00edka bylo v\u0161elijak\u00e9, tak byl u m\u00ed\u010de d\u0159\u00edve ne\u017e vyb\u00edhaj\u00edc\u00ed brank\u00e1\u0159, pod kter\u00fdm procedil kulat\u00fd nesmysl do s\u00edt\u011b &#8211; <strong>2:0! <\/strong>B\u00fdval\u00fd Evertonian Bili\u0107 na to zareagoval dvoj\u00edm st\u0159\u00edd\u00e1n\u00edm, stoper Song vyst\u0159\u00eddal Obianga a Sakho Emenikeho. Dom\u00e1c\u00ed i nad\u00e1le nepou\u0161t\u011bli hosty do tlaku a m\u011bli dokonce v\u00edce ze hry. A kdy\u017e Song zfauloval Be\u0161i\u0107e a rozhod\u010d\u00ed tentokr\u00e1t p\u011btku na\u0159\u00eddil, a\u010d b\u00fdt nem\u011bla (faul byl mimo v\u00e1pno), tak m\u011bl Everton \u0161anci soupe\u0159e definitivn\u011b dorazit. Jen\u017ee se tak nestalo, <strong>Lukaku rozb\u011bh vylo\u017een\u011b vyklusal, Adri\u00e1n spr\u00e1vn\u011b uhodl stranu, m\u00ed\u010d vyrazil <\/strong>a obrana ho n\u00e1sledn\u011b odkopla na roh.<\/p>\n<p>Definitivn\u011b posledn\u00ed \u0161anci nav\u00fd\u0161it veden\u00ed na 3:0 m\u011bl Lukaku o t\u0159i minuty pozd\u011bji, kdy\u017e \u0161el s\u00e1m na brank\u00e1\u0159e, ale i tentokr\u00e1t vy\u0161el v\u00edt\u011bzn\u011b ze vz\u00e1jemn\u00e9ho souboje mu\u017e s rukavicemi. Na posledn\u00ed \u010dtvrthodinu vyst\u0159\u00eddal Niasse Lennona a West Ham za\u010dal tla\u010dit, v\u0161ak u\u017e na to taky m\u011bl \u010das. Hor\u0161\u00ed bylo, \u017ee za\u010dal st\u0159\u00edlet branky. Centr Nobleho zleva na\u0161el p\u0159esn\u011b hlavu Antonia a ten povedenou hlavi\u010dkou nedal Roblesovi \u0161anci &#8211; <strong>2:1. <\/strong>Sv\u00e9ho protihr\u00e1\u010de neuhl\u00eddal Mori.\u00a0Lukaku promluvil do d\u011bje z\u00e1pasu je\u0161t\u011b jednou, kdy\u017e po faulu na n\u011bj dostal Ogbonna \u017elutou kartu. \u0158\u00edk\u00e1 se, \u017ee t\u00fdm je nejzraniteln\u011bj\u0161\u00ed hern\u011b i psyhicky deset minut po inkasovan\u00e9 brance. Ale pro\u010d nevyrovnat za \u010dty\u0159i minuty, \u017ee? G\u00f3l byl vypracov\u00e1n stejn\u011b, akor\u00e1t zakon\u010doval st\u0159\u00eddaj\u00edc\u00ed Sakho, kter\u00fd p\u0159esko\u010dil Jagielku &#8211;\u00a0<strong>2:2<\/strong>. Centr p\u0159i\u0161el pro zm\u011bnu zprava. Stoperovi s polsk\u00fdmi ko\u0159eny se poda\u0159ilo o chvilku pozd\u011bji zblokovat Payetovu r\u00e1nu, ale to nesta\u010dilo. Barry sice je\u0161t\u011b vyst\u0159\u00eddal Lukaka, ale West Ham, kter\u00fd \u0161el za v\u00edt\u011bzstv\u00edm, se p\u0159ece jen do\u010dkal. Cresswell p\u0159ihr\u00e1l Sakhovi, ten p\u0159i\u0165ukl za sebe, tam si nab\u011bhl Payet a byl u m\u00ed\u010de d\u0159\u00edve ne\u017e vyb\u00edhaj\u00edc\u00ed Robles &#8211; <strong>2:3.<\/strong> Posledn\u00ed \u017elutou kartu vid\u011bl v nastaven\u00e9m \u010dase Barkley za faul.<\/p>\n<p>Co z\u00e1v\u011brem k z\u00e1pasu napsat? Soupe\u0159e chycen\u00e1 penalta psychicky posadila na kon\u011b, \u0161ance vyhr\u00e1t byla a m\u011blo se tak st\u00e1t. Samoz\u0159ejm\u011b nelze v\u0161echno h\u00e1zet na Lukaka, kter\u00fd dnes odehr\u00e1l op\u011bt jeden z poveden\u011bj\u0161\u00edch z\u00e1pas\u016f. Nicm\u00e9n\u011b penalty by mu asi m\u011bly b\u00fdt odebr\u00e1ny. A Barry m\u011bl p\u0159ij\u00edt na h\u0159i\u0161t\u011b d\u0159\u00edve. Jen\u017ee takhle se to od PC snadno p\u00ed\u0161e&#8230; A poh\u00e1rov\u00e9 \u010dtvrtfin\u00e1le proti Chelsea nav\u00edc bez Mirallase.<\/p>\n<p><strong>Branky:<\/strong> 13. Lukaku, 56. Lennon \u2013 78. Antonio, 82. D. Sakho, 90+1. Payet<\/p>\n<p class=\"cards_item_221775\"><strong>Karty:<\/strong> 16. Mirallas, 90+3. Barkley (EVE) \u2013 37. Antonio, 80. Ogbonna (WHU)<\/p>\n<p class=\"cards_item_221775\"><strong>\u010cK<\/strong>: 35. Mirallas (EVE)<\/p>\n<p><strong>Everton FC:<\/strong> Robles \u2013 Stones (46. Be\u0161i\u0107), Jagielka, Mori \u2013 Coleman, Barkley, McCarthy, Oviedo \u2013 Lennon (76. Niasse), Lukaku (89. Barry), Mirallas<\/p>\n<p><strong>West Ham United:<\/strong> Adri\u00e1n \u2013 Oxford (46. Carroll), Kouyat\u00e9, Ogbonna, Cresswell \u2013 Noble, Obiang (60. Song), Lanzini \u2013 Antonio, Emenike (60. Sakho), Payet<\/p>\n<p><strong>Rozhod\u010d\u00ed: <\/strong>Anthony Taylor<\/p>\n<p><strong>Div\u00e1ci: <\/strong>39 000<\/p>\n<\/div>\n","protected":false},"excerpt":{"rendered":"<p>Everton dnes naplnil ono zn\u00e1m\u00e9 cimrmanovsk\u00e9 \u201cpo f\u00e1zi o\u010dek\u00e1v\u00e1n\u00ed p\u0159ich\u00e1z\u00ed f\u00e1ze zklam\u00e1n\u00ed\u201c. Za stavu 2:0 Lukaku neprom\u011bnil pokutov\u00fd kop &#8211;&hellip;<\/p>\n","protected":false},"author":12,"featured_media":1315,"comment_status":"open","ping_status":"closed","sticky":false,"template":"","format":"standard","meta":{"_eb_attr":"","_monsterinsights_skip_tracking":false,"_monsterinsights_sitenote_active":false,"_monsterinsights_sitenote_note":"","_monsterinsights_sitenote_category":0,"footnotes":""},"categories":[4],"tags":[],"yoast_head":"<!-- This site is optimized with the Yoast SEO plugin v23.4 - https:\/\/yoast.com\/wordpress\/plugins\/seo\/ -->\n<title>Everton - West Ham United 2:3 - Official Czech &amp; Slovak Everton Supporters&#039; Club<\/title>\n<meta name=\"robots\" content=\"index, follow, max-snippet:-1, max-image-preview:large, max-video-preview:-1\" \/>\n<link rel=\"canonical\" href=\"https:\/\/evertonfc.cz\/index.php\/2016\/03\/05\/everton-west-ham-united-23\/\" \/>\n<meta property=\"og:locale\" content=\"cs_CZ\" \/>\n<meta property=\"og:type\" content=\"article\" \/>\n<meta property=\"og:title\" content=\"Everton - West Ham United 2:3 - Official Czech &amp; Slovak Everton Supporters&#039; Club\" \/>\n<meta property=\"og:description\" content=\"Everton dnes naplnil ono zn\u00e1m\u00e9 cimrmanovsk\u00e9 \u201cpo f\u00e1zi o\u010dek\u00e1v\u00e1n\u00ed p\u0159ich\u00e1z\u00ed f\u00e1ze zklam\u00e1n\u00ed\u201c. Za stavu 2:0 Lukaku neprom\u011bnil pokutov\u00fd kop &#8211;&hellip;\" \/>\n<meta property=\"og:url\" content=\"https:\/\/evertonfc.cz\/index.php\/2016\/03\/05\/everton-west-ham-united-23\/\" \/>\n<meta property=\"og:site_name\" content=\"Official Czech &amp; Slovak Everton Supporters&#039; Club\" \/>\n<meta property=\"article:publisher\" content=\"https:\/\/www.facebook.com\/everton.fans.cz.sk\" \/>\n<meta property=\"article:published_time\" content=\"2016-03-05T15:28:13+00:00\" \/>\n<meta property=\"article:modified_time\" content=\"2019-02-12T19:12:52+00:00\" \/>\n<meta property=\"og:image\" content=\"https:\/\/evertonfc.cz\/wp-content\/uploads\/2019\/01\/report.jpg\" \/>\n\t<meta property=\"og:image:width\" content=\"720\" \/>\n\t<meta property=\"og:image:height\" content=\"405\" \/>\n\t<meta property=\"og:image:type\" content=\"image\/jpeg\" \/>\n<meta name=\"author\" content=\"Javor\" \/>\n<meta name=\"twitter:card\" content=\"summary_large_image\" \/>\n<meta name=\"twitter:creator\" content=\"@LoudinJan\" \/>\n<meta name=\"twitter:label1\" content=\"Napsal(a)\" \/>\n\t<meta name=\"twitter:data1\" content=\"Javor\" \/>\n\t<meta name=\"twitter:label2\" content=\"Odhadovan\u00e1 doba \u010dten\u00ed\" \/>\n\t<meta name=\"twitter:data2\" content=\"5 minut\" \/>\n<script type=\"application\/ld+json\" class=\"yoast-schema-graph\">{\"@context\":\"https:\/\/schema.org\",\"@graph\":[{\"@type\":\"Article\",\"@id\":\"https:\/\/evertonfc.cz\/index.php\/2016\/03\/05\/everton-west-ham-united-23\/#article\",\"isPartOf\":{\"@id\":\"https:\/\/evertonfc.cz\/index.php\/2016\/03\/05\/everton-west-ham-united-23\/\"},\"author\":{\"name\":\"Javor\",\"@id\":\"https:\/\/evertonfc.cz\/#\/schema\/person\/b30daf6a5852f4811f8207a17ec1bf78\"},\"headline\":\"Everton &#8211; West Ham United 2:3\",\"datePublished\":\"2016-03-05T15:28:13+00:00\",\"dateModified\":\"2019-02-12T19:12:52+00:00\",\"mainEntityOfPage\":{\"@id\":\"https:\/\/evertonfc.cz\/index.php\/2016\/03\/05\/everton-west-ham-united-23\/\"},\"wordCount\":1072,\"commentCount\":0,\"publisher\":{\"@id\":\"https:\/\/evertonfc.cz\/#organization\"},\"image\":{\"@id\":\"https:\/\/evertonfc.cz\/index.php\/2016\/03\/05\/everton-west-ham-united-23\/#primaryimage\"},\"thumbnailUrl\":\"https:\/\/evertonfc.cz\/wp-content\/uploads\/2019\/01\/report.jpg\",\"articleSection\":[\"Z\u00e1pasy\"],\"inLanguage\":\"cs\",\"potentialAction\":[{\"@type\":\"CommentAction\",\"name\":\"Comment\",\"target\":[\"https:\/\/evertonfc.cz\/index.php\/2016\/03\/05\/everton-west-ham-united-23\/#respond\"]}]},{\"@type\":\"WebPage\",\"@id\":\"https:\/\/evertonfc.cz\/index.php\/2016\/03\/05\/everton-west-ham-united-23\/\",\"url\":\"https:\/\/evertonfc.cz\/index.php\/2016\/03\/05\/everton-west-ham-united-23\/\",\"name\":\"Everton - West Ham United 2:3 - Official Czech &amp; Slovak Everton Supporters&#039; Club\",\"isPartOf\":{\"@id\":\"https:\/\/evertonfc.cz\/#website\"},\"primaryImageOfPage\":{\"@id\":\"https:\/\/evertonfc.cz\/index.php\/2016\/03\/05\/everton-west-ham-united-23\/#primaryimage\"},\"image\":{\"@id\":\"https:\/\/evertonfc.cz\/index.php\/2016\/03\/05\/everton-west-ham-united-23\/#primaryimage\"},\"thumbnailUrl\":\"https:\/\/evertonfc.cz\/wp-content\/uploads\/2019\/01\/report.jpg\",\"datePublished\":\"2016-03-05T15:28:13+00:00\",\"dateModified\":\"2019-02-12T19:12:52+00:00\",\"breadcrumb\":{\"@id\":\"https:\/\/evertonfc.cz\/index.php\/2016\/03\/05\/everton-west-ham-united-23\/#breadcrumb\"},\"inLanguage\":\"cs\",\"potentialAction\":[{\"@type\":\"ReadAction\",\"target\":[\"https:\/\/evertonfc.cz\/index.php\/2016\/03\/05\/everton-west-ham-united-23\/\"]}]},{\"@type\":\"ImageObject\",\"inLanguage\":\"cs\",\"@id\":\"https:\/\/evertonfc.cz\/index.php\/2016\/03\/05\/everton-west-ham-united-23\/#primaryimage\",\"url\":\"https:\/\/evertonfc.cz\/wp-content\/uploads\/2019\/01\/report.jpg\",\"contentUrl\":\"https:\/\/evertonfc.cz\/wp-content\/uploads\/2019\/01\/report.jpg\",\"width\":720,\"height\":405},{\"@type\":\"BreadcrumbList\",\"@id\":\"https:\/\/evertonfc.cz\/index.php\/2016\/03\/05\/everton-west-ham-united-23\/#breadcrumb\",\"itemListElement\":[{\"@type\":\"ListItem\",\"position\":1,\"name\":\"Home\",\"item\":\"https:\/\/evertonfc.cz\/\"},{\"@type\":\"ListItem\",\"position\":2,\"name\":\"Everton &#8211; West Ham United 2:3\"}]},{\"@type\":\"WebSite\",\"@id\":\"https:\/\/evertonfc.cz\/#website\",\"url\":\"https:\/\/evertonfc.cz\/\",\"name\":\"Official Czech &amp; Slovak Everton Supporters&#039; Club\",\"description\":\"\",\"publisher\":{\"@id\":\"https:\/\/evertonfc.cz\/#organization\"},\"potentialAction\":[{\"@type\":\"SearchAction\",\"target\":{\"@type\":\"EntryPoint\",\"urlTemplate\":\"https:\/\/evertonfc.cz\/?s={search_term_string}\"},\"query-input\":{\"@type\":\"PropertyValueSpecification\",\"valueRequired\":true,\"valueName\":\"search_term_string\"}}],\"inLanguage\":\"cs\"},{\"@type\":\"Organization\",\"@id\":\"https:\/\/evertonfc.cz\/#organization\",\"name\":\"Official Czech & Slovak Everton Supporters' Club\",\"url\":\"https:\/\/evertonfc.cz\/\",\"logo\":{\"@type\":\"ImageObject\",\"inLanguage\":\"cs\",\"@id\":\"https:\/\/evertonfc.cz\/#\/schema\/logo\/image\/\",\"url\":\"https:\/\/evertonfc.cz\/wp-content\/uploads\/2019\/05\/logo.png\",\"contentUrl\":\"https:\/\/evertonfc.cz\/wp-content\/uploads\/2019\/05\/logo.png\",\"width\":112,\"height\":112,\"caption\":\"Official Czech & Slovak Everton Supporters' Club\"},\"image\":{\"@id\":\"https:\/\/evertonfc.cz\/#\/schema\/logo\/image\/\"},\"sameAs\":[\"https:\/\/www.facebook.com\/everton.fans.cz.sk\"]},{\"@type\":\"Person\",\"@id\":\"https:\/\/evertonfc.cz\/#\/schema\/person\/b30daf6a5852f4811f8207a17ec1bf78\",\"name\":\"Javor\",\"sameAs\":[\"https:\/\/x.com\/LoudinJan\"],\"url\":\"https:\/\/evertonfc.cz\/index.php\/author\/javor\/\"}]}<\/script>\n<!-- \/ Yoast SEO plugin. -->","yoast_head_json":{"title":"Everton - West Ham United 2:3 - Official Czech &amp; Slovak Everton Supporters&#039; Club","robots":{"index":"index","follow":"follow","max-snippet":"max-snippet:-1","max-image-preview":"max-image-preview:large","max-video-preview":"max-video-preview:-1"},"canonical":"https:\/\/evertonfc.cz\/index.php\/2016\/03\/05\/everton-west-ham-united-23\/","og_locale":"cs_CZ","og_type":"article","og_title":"Everton - West Ham United 2:3 - Official Czech &amp; Slovak Everton Supporters&#039; Club","og_description":"Everton dnes naplnil ono zn\u00e1m\u00e9 cimrmanovsk\u00e9 \u201cpo f\u00e1zi o\u010dek\u00e1v\u00e1n\u00ed p\u0159ich\u00e1z\u00ed f\u00e1ze zklam\u00e1n\u00ed\u201c. Za stavu 2:0 Lukaku neprom\u011bnil pokutov\u00fd kop &#8211;&hellip;","og_url":"https:\/\/evertonfc.cz\/index.php\/2016\/03\/05\/everton-west-ham-united-23\/","og_site_name":"Official Czech &amp; Slovak Everton Supporters&#039; Club","article_publisher":"https:\/\/www.facebook.com\/everton.fans.cz.sk","article_published_time":"2016-03-05T15:28:13+00:00","article_modified_time":"2019-02-12T19:12:52+00:00","og_image":[{"width":720,"height":405,"url":"https:\/\/evertonfc.cz\/wp-content\/uploads\/2019\/01\/report.jpg","type":"image\/jpeg"}],"author":"Javor","twitter_card":"summary_large_image","twitter_creator":"@LoudinJan","twitter_misc":{"Napsal(a)":"Javor","Odhadovan\u00e1 doba \u010dten\u00ed":"5 minut"},"schema":{"@context":"https:\/\/schema.org","@graph":[{"@type":"Article","@id":"https:\/\/evertonfc.cz\/index.php\/2016\/03\/05\/everton-west-ham-united-23\/#article","isPartOf":{"@id":"https:\/\/evertonfc.cz\/index.php\/2016\/03\/05\/everton-west-ham-united-23\/"},"author":{"name":"Javor","@id":"https:\/\/evertonfc.cz\/#\/schema\/person\/b30daf6a5852f4811f8207a17ec1bf78"},"headline":"Everton &#8211; West Ham United 2:3","datePublished":"2016-03-05T15:28:13+00:00","dateModified":"2019-02-12T19:12:52+00:00","mainEntityOfPage":{"@id":"https:\/\/evertonfc.cz\/index.php\/2016\/03\/05\/everton-west-ham-united-23\/"},"wordCount":1072,"commentCount":0,"publisher":{"@id":"https:\/\/evertonfc.cz\/#organization"},"image":{"@id":"https:\/\/evertonfc.cz\/index.php\/2016\/03\/05\/everton-west-ham-united-23\/#primaryimage"},"thumbnailUrl":"https:\/\/evertonfc.cz\/wp-content\/uploads\/2019\/01\/report.jpg","articleSection":["Z\u00e1pasy"],"inLanguage":"cs","potentialAction":[{"@type":"CommentAction","name":"Comment","target":["https:\/\/evertonfc.cz\/index.php\/2016\/03\/05\/everton-west-ham-united-23\/#respond"]}]},{"@type":"WebPage","@id":"https:\/\/evertonfc.cz\/index.php\/2016\/03\/05\/everton-west-ham-united-23\/","url":"https:\/\/evertonfc.cz\/index.php\/2016\/03\/05\/everton-west-ham-united-23\/","name":"Everton - West Ham United 2:3 - Official Czech &amp; Slovak Everton Supporters&#039; Club","isPartOf":{"@id":"https:\/\/evertonfc.cz\/#website"},"primaryImageOfPage":{"@id":"https:\/\/evertonfc.cz\/index.php\/2016\/03\/05\/everton-west-ham-united-23\/#primaryimage"},"image":{"@id":"https:\/\/evertonfc.cz\/index.php\/2016\/03\/05\/everton-west-ham-united-23\/#primaryimage"},"thumbnailUrl":"https:\/\/evertonfc.cz\/wp-content\/uploads\/2019\/01\/report.jpg","datePublished":"2016-03-05T15:28:13+00:00","dateModified":"2019-02-12T19:12:52+00:00","breadcrumb":{"@id":"https:\/\/evertonfc.cz\/index.php\/2016\/03\/05\/everton-west-ham-united-23\/#breadcrumb"},"inLanguage":"cs","potentialAction":[{"@type":"ReadAction","target":["https:\/\/evertonfc.cz\/index.php\/2016\/03\/05\/everton-west-ham-united-23\/"]}]},{"@type":"ImageObject","inLanguage":"cs","@id":"https:\/\/evertonfc.cz\/index.php\/2016\/03\/05\/everton-west-ham-united-23\/#primaryimage","url":"https:\/\/evertonfc.cz\/wp-content\/uploads\/2019\/01\/report.jpg","contentUrl":"https:\/\/evertonfc.cz\/wp-content\/uploads\/2019\/01\/report.jpg","width":720,"height":405},{"@type":"BreadcrumbList","@id":"https:\/\/evertonfc.cz\/index.php\/2016\/03\/05\/everton-west-ham-united-23\/#breadcrumb","itemListElement":[{"@type":"ListItem","position":1,"name":"Home","item":"https:\/\/evertonfc.cz\/"},{"@type":"ListItem","position":2,"name":"Everton &#8211; West Ham United 2:3"}]},{"@type":"WebSite","@id":"https:\/\/evertonfc.cz\/#website","url":"https:\/\/evertonfc.cz\/","name":"Official Czech &amp; Slovak Everton Supporters&#039; Club","description":"","publisher":{"@id":"https:\/\/evertonfc.cz\/#organization"},"potentialAction":[{"@type":"SearchAction","target":{"@type":"EntryPoint","urlTemplate":"https:\/\/evertonfc.cz\/?s={search_term_string}"},"query-input":{"@type":"PropertyValueSpecification","valueRequired":true,"valueName":"search_term_string"}}],"inLanguage":"cs"},{"@type":"Organization","@id":"https:\/\/evertonfc.cz\/#organization","name":"Official Czech & Slovak Everton Supporters' Club","url":"https:\/\/evertonfc.cz\/","logo":{"@type":"ImageObject","inLanguage":"cs","@id":"https:\/\/evertonfc.cz\/#\/schema\/logo\/image\/","url":"https:\/\/evertonfc.cz\/wp-content\/uploads\/2019\/05\/logo.png","contentUrl":"https:\/\/evertonfc.cz\/wp-content\/uploads\/2019\/05\/logo.png","width":112,"height":112,"caption":"Official Czech & Slovak Everton Supporters' Club"},"image":{"@id":"https:\/\/evertonfc.cz\/#\/schema\/logo\/image\/"},"sameAs":["https:\/\/www.facebook.com\/everton.fans.cz.sk"]},{"@type":"Person","@id":"https:\/\/evertonfc.cz\/#\/schema\/person\/b30daf6a5852f4811f8207a17ec1bf78","name":"Javor","sameAs":["https:\/\/x.com\/LoudinJan"],"url":"https:\/\/evertonfc.cz\/index.php\/author\/javor\/"}]}},"_links":{"self":[{"href":"https:\/\/evertonfc.cz\/index.php\/wp-json\/wp\/v2\/posts\/3844"}],"collection":[{"href":"https:\/\/evertonfc.cz\/index.php\/wp-json\/wp\/v2\/posts"}],"about":[{"href":"https:\/\/evertonfc.cz\/index.php\/wp-json\/wp\/v2\/types\/post"}],"author":[{"embeddable":true,"href":"https:\/\/evertonfc.cz\/index.php\/wp-json\/wp\/v2\/users\/12"}],"replies":[{"embeddable":true,"href":"https:\/\/evertonfc.cz\/index.php\/wp-json\/wp\/v2\/comments?post=3844"}],"version-history":[{"count":2,"href":"https:\/\/evertonfc.cz\/index.php\/wp-json\/wp\/v2\/posts\/3844\/revisions"}],"predecessor-version":[{"id":4065,"href":"https:\/\/evertonfc.cz\/index.php\/wp-json\/wp\/v2\/posts\/3844\/revisions\/4065"}],"wp:featuredmedia":[{"embeddable":true,"href":"https:\/\/evertonfc.cz\/index.php\/wp-json\/wp\/v2\/media\/1315"}],"wp:attachment":[{"href":"https:\/\/evertonfc.cz\/index.php\/wp-json\/wp\/v2\/media?parent=3844"}],"wp:term":[{"taxonomy":"category","embeddable":true,"href":"https:\/\/evertonfc.cz\/index.php\/wp-json\/wp\/v2\/categories?post=3844"},{"taxonomy":"post_tag","embeddable":true,"href":"https:\/\/evertonfc.cz\/index.php\/wp-json\/wp\/v2\/tags?post=3844"}],"curies":[{"name":"wp","href":"https:\/\/api.w.org\/{rel}","templated":true}]}}