{"id":3860,"date":"2016-02-14T16:51:19","date_gmt":"2016-02-14T15:51:19","guid":{"rendered":"http:\/\/evertonfc.cz\/?p=3860"},"modified":"2019-02-12T20:16:20","modified_gmt":"2019-02-12T19:16:20","slug":"everton-west-bromwich-albion-01","status":"publish","type":"post","link":"https:\/\/evertonfc.cz\/index.php\/2016\/02\/14\/everton-west-bromwich-albion-01\/","title":{"rendered":"Everton &#8211; West Bromwich Albion 0:1"},"content":{"rendered":"<h4 id=\"NewsPostDetailSummary\">V\u00edt\u011bzn\u00e1 s\u00e9rie (ne)o\u010dek\u00e1van\u011b skon\u010dila proti\u00a0Pulisovi, jinak\u00a0\u0159e\u010den\u00e9mu\u00a0psovi obran\u00e1\u0159i. Na druhou stranu se svou taktikou usp\u011bl, a tak na\u00a0Goodison\u00a0Parku\u00a0Everton\u00a0prohr\u00e1l u\u017e po\u0161est\u00e9 v t\u00e9to ligov\u00e9 sez\u00f3n\u011b, t\u0159eba\u017ee v\u00a026. kole drtiv\u011b dominoval.<\/h4>\n<div id=\"NewsPostDetailContent\">\n<p>Roberto Mart\u00ednez ponechal z\u00e1kladn\u00ed sestavu z posledn\u00ed dvou \u00fasp\u011b\u0161n\u00fdch kol, uzdraven\u00fd Tim Howard tedy usedl pouze na lavi\u010dku n\u00e1hradn\u00edk\u016f. Ani na n\u00ed se je\u0161t\u011b neobjevil st\u00e1le neuzdraven\u00fd John Stones \u010di posila Oumar Niasse.<\/p>\n<p>Od \u00favodn\u00edch minut se Toffees pustili do sv\u00e9ho soka s chut\u00ed, nicm\u00e9n\u011b do nebezpe\u010dn\u00e9ho zakon\u010den\u00ed se nedostali, p\u0159esto 14. minuta zasko\u010dila. Na rohov\u00fd kop Sess\u00e8gnona si nasko\u010dil Olsson a na zadn\u00ed ty\u010di Salom\u00f3n Rond\u00f3n doklepl jeho hlavi\u010dku do s\u00edt\u011b &#8211; <strong>0:1<\/strong>. A ne, v br\u00e1n\u011b nest\u00e1l Howard, obranu si nedok\u00e1zal zdirigovat ani Robles, nato\u017e potom zas\u00e1hnout. Ch\u00e1pu, \u017ee v dne\u0161n\u00edm fotbale nen\u00ed modern\u00ed stav\u011bt hr\u00e1\u010de k ty\u010d\u00edm, ale pro\u010d McCarthy a Lukaku hl\u00eddaj\u00ed sebe a nikoliv Rond\u00f3na, se mi jako modern\u00ed p\u0159\u00edli\u0161 nezd\u00e1.<\/p>\n<p>Dom\u00e1c\u00ed inkasovan\u00e1 branka nabudila, do \u00fato\u010den\u00ed se pustili je\u0161t\u011b s v\u011bt\u0161\u00ed vervou. Velmi aktivn\u011b si po\u010d\u00ednala hlavn\u011b prav\u00e1 strana, Aaron Lennon dob\u0159e motal obr\u00e1nce a Seamus Coleman se n\u011bkolikr\u00e1t ocitl p\u0159i zakon\u010den\u00ed, bohu\u017eel chyb\u011bla v\u011bt\u0161\u00ed p\u0159esnost ve fin\u00e1ln\u00ed f\u00e1zi.<\/p>\n<p>Na rohov\u00fd kop si op\u011bt pro jednou dob\u0159e nasko\u010dil Funes Mori, jen\u017e sv\u00fdm kon\u00ed\u010dkem trefil jen protihr\u00e1\u010de p\u0159ed brankovou \u010darou. N\u00e1sledn\u011b minul tvrdou ranou z \u00fahlu. Bl\u00ed\u017ee k vyrovn\u00e1n\u00ed se ocitl Barkley, v \u00favodu te\u010devanou st\u0159elou ot\u0159el o bo\u010dn\u00ed s\u00ed\u0165 a hlavn\u011b v z\u00e1v\u011bru polo\u010dasu technickou plac\u00edrkou oraz\u00edtkoval ty\u010d. Vz\u00e1p\u011bt\u00ed si zazvonil i Cleverley, jeho p\u0159eta\u017een\u00fd centr skon\u010dil tak\u00e9 na ty\u010di. \u0160koda, \u0161t\u011bst\u00ed u Toffees v sobotu nest\u00e1lo.<\/p>\n<p>V 60. minut\u011b chyb\u011bl kousek Barryho d\u011blovce, t\u011bsn\u011b prosvi\u0161t\u011bla nad b\u0159evnem. Postupem \u010dasu ov\u0161em tlak Evertonu ustupoval, neodpust\u00edm si r\u00fdpnut\u00ed do Mart\u00edneze. St\u0159\u00edd\u00e1n\u00ed se mu moc nepovedla. Kon\u00e9 je z formy a se v\u0161\u00edm respektem veter\u00e1n Osman u\u017e nen\u00ed \u017e\u00e1dn\u00e9 terno. Vyst\u0159\u00edd\u00e1n m\u011bl b\u00fdt d\u0159\u00edve i McCarthy, za dan\u00e9ho stavu bylo zbyte\u010dnost\u00ed m\u00edt na tr\u00e1vn\u00edku dva defenzivn\u00ed z\u00e1lo\u017en\u00edky a\u017e do 82. minuty. Naopak sta\u017een\u00ed aktivn\u00edho Lennona trochu zarazilo.<\/p>\n<p>Rovn\u011b\u017e jsem se sm\u00ed\u0159il s t\u00edm, \u017ee Mirallas uv\u00edzl na \u010dern\u00e9 listin\u011b a jeho dny na Goodisonu se kr\u00e1t\u00ed, pro\u010d se v\u0161ak nedostalo ani Bainese, kdy\u017e mu\u017estvo str\u00e1dalo p\u0159i p\u0159esn\u00fdch centrech a p\u0159ihr\u00e1vk\u00e1ch do v\u00e1pna, to v\u016fbec nech\u00e1pu.<\/p>\n<p>Baggies ojedin\u011ble zahrozili z proti\u00fatoku, Brunt z \u00fahlu st\u0159\u00edlel mimo. Host\u00e9 jinou ne\u017e g\u00f3lovou st\u0159elu za z\u00e1pas nevyprodukovali. To Everton vyst\u0159elil v\u00edce ne\u017e 30x, p\u011btkr\u00e1t na br\u00e1nu, m\u00ed\u010d dr\u017eel po 76% procent \u010dasu. No jo, jen\u017ee g\u00f3l nedal.<\/p>\n<p>Do z\u00e1v\u011bre\u010dn\u00e9 hvizdu se je\u0161t\u011b za hlavu chytali za hlavu Barry a dvakr\u00e1t Barkley, jednodu\u0161e chyb\u011bla p\u0159esnost v zakon\u010den\u00ed.<\/p>\n<p><strong>Branka:<\/strong> 14. Salom\u00f3n Rond\u00f3n<br \/>\n<strong>\u017dK:<\/strong> 64. Gareth Barry &#8211; 51. James McClean, 51. Darren Fletcher, 75. Ben Foster, 84. Chris Brunt<br \/>\n<strong>Everton FC:<\/strong> Joel Robles, S\u00e9amus Coleman, Phil Jagielka, Ramiro Funes Mori, Bryan Oviedo, James McCarthy (82. Leon Osman), Gareth Barry, Aaron Lennon (74. Gerard Deulofeu), Ross Barkley, Tom Cleverley (58. Arouna Kon\u00e9), Romelu Lukaku<br \/>\n<strong>West Bromwich Albion:<\/strong> Ben Foster, Craig Dawson, Jonny Evans, Jonas Olsson, James Chester, St\u00e9phane Sessegnon, Darren Fletcher, Claudio Yacob, James McClean (57. Chris Brunt), Saido Berahino (90+2. Sandro), Salom\u00f3n Rond\u00f3n (72. Victor Anichebe)<br \/>\n<strong>Rozhod\u010d\u00ed:<\/strong> Michael Oliver<br \/>\n<strong>Div\u00e1ci:<\/strong> 38 103<\/p>\n<\/div>\n","protected":false},"excerpt":{"rendered":"<p>V\u00edt\u011bzn\u00e1 s\u00e9rie (ne)o\u010dek\u00e1van\u011b skon\u010dila proti\u00a0Pulisovi, jinak\u00a0\u0159e\u010den\u00e9mu\u00a0psovi obran\u00e1\u0159i. Na druhou stranu se svou taktikou usp\u011bl, a tak na\u00a0Goodison\u00a0Parku\u00a0Everton\u00a0prohr\u00e1l u\u017e po\u0161est\u00e9 v&hellip;<\/p>\n","protected":false},"author":6,"featured_media":1315,"comment_status":"open","ping_status":"closed","sticky":false,"template":"","format":"standard","meta":{"_eb_attr":"","_monsterinsights_skip_tracking":false,"_monsterinsights_sitenote_active":false,"_monsterinsights_sitenote_note":"","_monsterinsights_sitenote_category":0,"footnotes":""},"categories":[4],"tags":[],"yoast_head":"<!-- This site is optimized with the Yoast SEO plugin v23.4 - https:\/\/yoast.com\/wordpress\/plugins\/seo\/ -->\n<title>Everton - West Bromwich Albion 0:1 - Official Czech &amp; Slovak Everton Supporters&#039; Club<\/title>\n<meta name=\"robots\" content=\"index, follow, max-snippet:-1, max-image-preview:large, max-video-preview:-1\" \/>\n<link rel=\"canonical\" href=\"https:\/\/evertonfc.cz\/index.php\/2016\/02\/14\/everton-west-bromwich-albion-01\/\" \/>\n<meta property=\"og:locale\" content=\"cs_CZ\" \/>\n<meta property=\"og:type\" content=\"article\" \/>\n<meta property=\"og:title\" content=\"Everton - West Bromwich Albion 0:1 - Official Czech &amp; Slovak Everton Supporters&#039; Club\" \/>\n<meta property=\"og:description\" content=\"V\u00edt\u011bzn\u00e1 s\u00e9rie (ne)o\u010dek\u00e1van\u011b skon\u010dila proti\u00a0Pulisovi, jinak\u00a0\u0159e\u010den\u00e9mu\u00a0psovi obran\u00e1\u0159i. Na druhou stranu se svou taktikou usp\u011bl, a tak na\u00a0Goodison\u00a0Parku\u00a0Everton\u00a0prohr\u00e1l u\u017e po\u0161est\u00e9 v&hellip;\" \/>\n<meta property=\"og:url\" content=\"https:\/\/evertonfc.cz\/index.php\/2016\/02\/14\/everton-west-bromwich-albion-01\/\" \/>\n<meta property=\"og:site_name\" content=\"Official Czech &amp; Slovak Everton Supporters&#039; Club\" \/>\n<meta property=\"article:publisher\" content=\"https:\/\/www.facebook.com\/everton.fans.cz.sk\" \/>\n<meta property=\"article:published_time\" content=\"2016-02-14T15:51:19+00:00\" \/>\n<meta property=\"article:modified_time\" content=\"2019-02-12T19:16:20+00:00\" \/>\n<meta property=\"og:image\" content=\"https:\/\/evertonfc.cz\/wp-content\/uploads\/2019\/01\/report.jpg\" \/>\n\t<meta property=\"og:image:width\" content=\"720\" \/>\n\t<meta property=\"og:image:height\" content=\"405\" \/>\n\t<meta property=\"og:image:type\" content=\"image\/jpeg\" \/>\n<meta name=\"author\" content=\"Ri\u010di\" \/>\n<meta name=\"twitter:card\" content=\"summary_large_image\" \/>\n<meta name=\"twitter:creator\" content=\"@rbrejsa\" \/>\n<meta name=\"twitter:label1\" content=\"Napsal(a)\" \/>\n\t<meta name=\"twitter:data1\" content=\"Ri\u010di\" \/>\n\t<meta name=\"twitter:label2\" content=\"Odhadovan\u00e1 doba \u010dten\u00ed\" \/>\n\t<meta name=\"twitter:data2\" content=\"3 minuty\" \/>\n<script type=\"application\/ld+json\" class=\"yoast-schema-graph\">{\"@context\":\"https:\/\/schema.org\",\"@graph\":[{\"@type\":\"Article\",\"@id\":\"https:\/\/evertonfc.cz\/index.php\/2016\/02\/14\/everton-west-bromwich-albion-01\/#article\",\"isPartOf\":{\"@id\":\"https:\/\/evertonfc.cz\/index.php\/2016\/02\/14\/everton-west-bromwich-albion-01\/\"},\"author\":{\"name\":\"Ri\u010di\",\"@id\":\"https:\/\/evertonfc.cz\/#\/schema\/person\/f7a5daedb2ffee98480bc70e191aaef1\"},\"headline\":\"Everton &#8211; West Bromwich Albion 0:1\",\"datePublished\":\"2016-02-14T15:51:19+00:00\",\"dateModified\":\"2019-02-12T19:16:20+00:00\",\"mainEntityOfPage\":{\"@id\":\"https:\/\/evertonfc.cz\/index.php\/2016\/02\/14\/everton-west-bromwich-albion-01\/\"},\"wordCount\":674,\"commentCount\":0,\"publisher\":{\"@id\":\"https:\/\/evertonfc.cz\/#organization\"},\"image\":{\"@id\":\"https:\/\/evertonfc.cz\/index.php\/2016\/02\/14\/everton-west-bromwich-albion-01\/#primaryimage\"},\"thumbnailUrl\":\"https:\/\/evertonfc.cz\/wp-content\/uploads\/2019\/01\/report.jpg\",\"articleSection\":[\"Z\u00e1pasy\"],\"inLanguage\":\"cs\",\"potentialAction\":[{\"@type\":\"CommentAction\",\"name\":\"Comment\",\"target\":[\"https:\/\/evertonfc.cz\/index.php\/2016\/02\/14\/everton-west-bromwich-albion-01\/#respond\"]}]},{\"@type\":\"WebPage\",\"@id\":\"https:\/\/evertonfc.cz\/index.php\/2016\/02\/14\/everton-west-bromwich-albion-01\/\",\"url\":\"https:\/\/evertonfc.cz\/index.php\/2016\/02\/14\/everton-west-bromwich-albion-01\/\",\"name\":\"Everton - West Bromwich Albion 0:1 - Official Czech &amp; Slovak Everton Supporters&#039; Club\",\"isPartOf\":{\"@id\":\"https:\/\/evertonfc.cz\/#website\"},\"primaryImageOfPage\":{\"@id\":\"https:\/\/evertonfc.cz\/index.php\/2016\/02\/14\/everton-west-bromwich-albion-01\/#primaryimage\"},\"image\":{\"@id\":\"https:\/\/evertonfc.cz\/index.php\/2016\/02\/14\/everton-west-bromwich-albion-01\/#primaryimage\"},\"thumbnailUrl\":\"https:\/\/evertonfc.cz\/wp-content\/uploads\/2019\/01\/report.jpg\",\"datePublished\":\"2016-02-14T15:51:19+00:00\",\"dateModified\":\"2019-02-12T19:16:20+00:00\",\"breadcrumb\":{\"@id\":\"https:\/\/evertonfc.cz\/index.php\/2016\/02\/14\/everton-west-bromwich-albion-01\/#breadcrumb\"},\"inLanguage\":\"cs\",\"potentialAction\":[{\"@type\":\"ReadAction\",\"target\":[\"https:\/\/evertonfc.cz\/index.php\/2016\/02\/14\/everton-west-bromwich-albion-01\/\"]}]},{\"@type\":\"ImageObject\",\"inLanguage\":\"cs\",\"@id\":\"https:\/\/evertonfc.cz\/index.php\/2016\/02\/14\/everton-west-bromwich-albion-01\/#primaryimage\",\"url\":\"https:\/\/evertonfc.cz\/wp-content\/uploads\/2019\/01\/report.jpg\",\"contentUrl\":\"https:\/\/evertonfc.cz\/wp-content\/uploads\/2019\/01\/report.jpg\",\"width\":720,\"height\":405},{\"@type\":\"BreadcrumbList\",\"@id\":\"https:\/\/evertonfc.cz\/index.php\/2016\/02\/14\/everton-west-bromwich-albion-01\/#breadcrumb\",\"itemListElement\":[{\"@type\":\"ListItem\",\"position\":1,\"name\":\"Home\",\"item\":\"https:\/\/evertonfc.cz\/\"},{\"@type\":\"ListItem\",\"position\":2,\"name\":\"Everton &#8211; West Bromwich Albion 0:1\"}]},{\"@type\":\"WebSite\",\"@id\":\"https:\/\/evertonfc.cz\/#website\",\"url\":\"https:\/\/evertonfc.cz\/\",\"name\":\"Official Czech &amp; Slovak Everton Supporters&#039; Club\",\"description\":\"\",\"publisher\":{\"@id\":\"https:\/\/evertonfc.cz\/#organization\"},\"potentialAction\":[{\"@type\":\"SearchAction\",\"target\":{\"@type\":\"EntryPoint\",\"urlTemplate\":\"https:\/\/evertonfc.cz\/?s={search_term_string}\"},\"query-input\":{\"@type\":\"PropertyValueSpecification\",\"valueRequired\":true,\"valueName\":\"search_term_string\"}}],\"inLanguage\":\"cs\"},{\"@type\":\"Organization\",\"@id\":\"https:\/\/evertonfc.cz\/#organization\",\"name\":\"Official Czech & Slovak Everton Supporters' Club\",\"url\":\"https:\/\/evertonfc.cz\/\",\"logo\":{\"@type\":\"ImageObject\",\"inLanguage\":\"cs\",\"@id\":\"https:\/\/evertonfc.cz\/#\/schema\/logo\/image\/\",\"url\":\"https:\/\/evertonfc.cz\/wp-content\/uploads\/2019\/05\/logo.png\",\"contentUrl\":\"https:\/\/evertonfc.cz\/wp-content\/uploads\/2019\/05\/logo.png\",\"width\":112,\"height\":112,\"caption\":\"Official Czech & Slovak Everton Supporters' Club\"},\"image\":{\"@id\":\"https:\/\/evertonfc.cz\/#\/schema\/logo\/image\/\"},\"sameAs\":[\"https:\/\/www.facebook.com\/everton.fans.cz.sk\"]},{\"@type\":\"Person\",\"@id\":\"https:\/\/evertonfc.cz\/#\/schema\/person\/f7a5daedb2ffee98480bc70e191aaef1\",\"name\":\"Ri\u010di\",\"sameAs\":[\"https:\/\/x.com\/rbrejsa\"],\"url\":\"https:\/\/evertonfc.cz\/index.php\/author\/rici\/\"}]}<\/script>\n<!-- \/ Yoast SEO plugin. -->","yoast_head_json":{"title":"Everton - West Bromwich Albion 0:1 - Official Czech &amp; Slovak Everton Supporters&#039; Club","robots":{"index":"index","follow":"follow","max-snippet":"max-snippet:-1","max-image-preview":"max-image-preview:large","max-video-preview":"max-video-preview:-1"},"canonical":"https:\/\/evertonfc.cz\/index.php\/2016\/02\/14\/everton-west-bromwich-albion-01\/","og_locale":"cs_CZ","og_type":"article","og_title":"Everton - West Bromwich Albion 0:1 - Official Czech &amp; Slovak Everton Supporters&#039; Club","og_description":"V\u00edt\u011bzn\u00e1 s\u00e9rie (ne)o\u010dek\u00e1van\u011b skon\u010dila proti\u00a0Pulisovi, jinak\u00a0\u0159e\u010den\u00e9mu\u00a0psovi obran\u00e1\u0159i. Na druhou stranu se svou taktikou usp\u011bl, a tak na\u00a0Goodison\u00a0Parku\u00a0Everton\u00a0prohr\u00e1l u\u017e po\u0161est\u00e9 v&hellip;","og_url":"https:\/\/evertonfc.cz\/index.php\/2016\/02\/14\/everton-west-bromwich-albion-01\/","og_site_name":"Official Czech &amp; Slovak Everton Supporters&#039; Club","article_publisher":"https:\/\/www.facebook.com\/everton.fans.cz.sk","article_published_time":"2016-02-14T15:51:19+00:00","article_modified_time":"2019-02-12T19:16:20+00:00","og_image":[{"width":720,"height":405,"url":"https:\/\/evertonfc.cz\/wp-content\/uploads\/2019\/01\/report.jpg","type":"image\/jpeg"}],"author":"Ri\u010di","twitter_card":"summary_large_image","twitter_creator":"@rbrejsa","twitter_misc":{"Napsal(a)":"Ri\u010di","Odhadovan\u00e1 doba \u010dten\u00ed":"3 minuty"},"schema":{"@context":"https:\/\/schema.org","@graph":[{"@type":"Article","@id":"https:\/\/evertonfc.cz\/index.php\/2016\/02\/14\/everton-west-bromwich-albion-01\/#article","isPartOf":{"@id":"https:\/\/evertonfc.cz\/index.php\/2016\/02\/14\/everton-west-bromwich-albion-01\/"},"author":{"name":"Ri\u010di","@id":"https:\/\/evertonfc.cz\/#\/schema\/person\/f7a5daedb2ffee98480bc70e191aaef1"},"headline":"Everton &#8211; West Bromwich Albion 0:1","datePublished":"2016-02-14T15:51:19+00:00","dateModified":"2019-02-12T19:16:20+00:00","mainEntityOfPage":{"@id":"https:\/\/evertonfc.cz\/index.php\/2016\/02\/14\/everton-west-bromwich-albion-01\/"},"wordCount":674,"commentCount":0,"publisher":{"@id":"https:\/\/evertonfc.cz\/#organization"},"image":{"@id":"https:\/\/evertonfc.cz\/index.php\/2016\/02\/14\/everton-west-bromwich-albion-01\/#primaryimage"},"thumbnailUrl":"https:\/\/evertonfc.cz\/wp-content\/uploads\/2019\/01\/report.jpg","articleSection":["Z\u00e1pasy"],"inLanguage":"cs","potentialAction":[{"@type":"CommentAction","name":"Comment","target":["https:\/\/evertonfc.cz\/index.php\/2016\/02\/14\/everton-west-bromwich-albion-01\/#respond"]}]},{"@type":"WebPage","@id":"https:\/\/evertonfc.cz\/index.php\/2016\/02\/14\/everton-west-bromwich-albion-01\/","url":"https:\/\/evertonfc.cz\/index.php\/2016\/02\/14\/everton-west-bromwich-albion-01\/","name":"Everton - West Bromwich Albion 0:1 - Official Czech &amp; Slovak Everton Supporters&#039; Club","isPartOf":{"@id":"https:\/\/evertonfc.cz\/#website"},"primaryImageOfPage":{"@id":"https:\/\/evertonfc.cz\/index.php\/2016\/02\/14\/everton-west-bromwich-albion-01\/#primaryimage"},"image":{"@id":"https:\/\/evertonfc.cz\/index.php\/2016\/02\/14\/everton-west-bromwich-albion-01\/#primaryimage"},"thumbnailUrl":"https:\/\/evertonfc.cz\/wp-content\/uploads\/2019\/01\/report.jpg","datePublished":"2016-02-14T15:51:19+00:00","dateModified":"2019-02-12T19:16:20+00:00","breadcrumb":{"@id":"https:\/\/evertonfc.cz\/index.php\/2016\/02\/14\/everton-west-bromwich-albion-01\/#breadcrumb"},"inLanguage":"cs","potentialAction":[{"@type":"ReadAction","target":["https:\/\/evertonfc.cz\/index.php\/2016\/02\/14\/everton-west-bromwich-albion-01\/"]}]},{"@type":"ImageObject","inLanguage":"cs","@id":"https:\/\/evertonfc.cz\/index.php\/2016\/02\/14\/everton-west-bromwich-albion-01\/#primaryimage","url":"https:\/\/evertonfc.cz\/wp-content\/uploads\/2019\/01\/report.jpg","contentUrl":"https:\/\/evertonfc.cz\/wp-content\/uploads\/2019\/01\/report.jpg","width":720,"height":405},{"@type":"BreadcrumbList","@id":"https:\/\/evertonfc.cz\/index.php\/2016\/02\/14\/everton-west-bromwich-albion-01\/#breadcrumb","itemListElement":[{"@type":"ListItem","position":1,"name":"Home","item":"https:\/\/evertonfc.cz\/"},{"@type":"ListItem","position":2,"name":"Everton &#8211; West Bromwich Albion 0:1"}]},{"@type":"WebSite","@id":"https:\/\/evertonfc.cz\/#website","url":"https:\/\/evertonfc.cz\/","name":"Official Czech &amp; Slovak Everton Supporters&#039; Club","description":"","publisher":{"@id":"https:\/\/evertonfc.cz\/#organization"},"potentialAction":[{"@type":"SearchAction","target":{"@type":"EntryPoint","urlTemplate":"https:\/\/evertonfc.cz\/?s={search_term_string}"},"query-input":{"@type":"PropertyValueSpecification","valueRequired":true,"valueName":"search_term_string"}}],"inLanguage":"cs"},{"@type":"Organization","@id":"https:\/\/evertonfc.cz\/#organization","name":"Official Czech & Slovak Everton Supporters' Club","url":"https:\/\/evertonfc.cz\/","logo":{"@type":"ImageObject","inLanguage":"cs","@id":"https:\/\/evertonfc.cz\/#\/schema\/logo\/image\/","url":"https:\/\/evertonfc.cz\/wp-content\/uploads\/2019\/05\/logo.png","contentUrl":"https:\/\/evertonfc.cz\/wp-content\/uploads\/2019\/05\/logo.png","width":112,"height":112,"caption":"Official Czech & Slovak Everton Supporters' Club"},"image":{"@id":"https:\/\/evertonfc.cz\/#\/schema\/logo\/image\/"},"sameAs":["https:\/\/www.facebook.com\/everton.fans.cz.sk"]},{"@type":"Person","@id":"https:\/\/evertonfc.cz\/#\/schema\/person\/f7a5daedb2ffee98480bc70e191aaef1","name":"Ri\u010di","sameAs":["https:\/\/x.com\/rbrejsa"],"url":"https:\/\/evertonfc.cz\/index.php\/author\/rici\/"}]}},"_links":{"self":[{"href":"https:\/\/evertonfc.cz\/index.php\/wp-json\/wp\/v2\/posts\/3860"}],"collection":[{"href":"https:\/\/evertonfc.cz\/index.php\/wp-json\/wp\/v2\/posts"}],"about":[{"href":"https:\/\/evertonfc.cz\/index.php\/wp-json\/wp\/v2\/types\/post"}],"author":[{"embeddable":true,"href":"https:\/\/evertonfc.cz\/index.php\/wp-json\/wp\/v2\/users\/6"}],"replies":[{"embeddable":true,"href":"https:\/\/evertonfc.cz\/index.php\/wp-json\/wp\/v2\/comments?post=3860"}],"version-history":[{"count":2,"href":"https:\/\/evertonfc.cz\/index.php\/wp-json\/wp\/v2\/posts\/3860\/revisions"}],"predecessor-version":[{"id":4071,"href":"https:\/\/evertonfc.cz\/index.php\/wp-json\/wp\/v2\/posts\/3860\/revisions\/4071"}],"wp:featuredmedia":[{"embeddable":true,"href":"https:\/\/evertonfc.cz\/index.php\/wp-json\/wp\/v2\/media\/1315"}],"wp:attachment":[{"href":"https:\/\/evertonfc.cz\/index.php\/wp-json\/wp\/v2\/media?parent=3860"}],"wp:term":[{"taxonomy":"category","embeddable":true,"href":"https:\/\/evertonfc.cz\/index.php\/wp-json\/wp\/v2\/categories?post=3860"},{"taxonomy":"post_tag","embeddable":true,"href":"https:\/\/evertonfc.cz\/index.php\/wp-json\/wp\/v2\/tags?post=3860"}],"curies":[{"name":"wp","href":"https:\/\/api.w.org\/{rel}","templated":true}]}}