{"id":3862,"date":"2016-02-13T16:53:05","date_gmt":"2016-02-13T15:53:05","guid":{"rendered":"http:\/\/evertonfc.cz\/?p=3862"},"modified":"2020-09-23T20:21:57","modified_gmt":"2020-09-23T18:21:57","slug":"preview-everton-west-bromwich-albion-4","status":"publish","type":"post","link":"https:\/\/evertonfc.cz\/index.php\/2016\/02\/13\/preview-everton-west-bromwich-albion-4\/","title":{"rendered":"Preview: Everton &#8211; West Bromwich Albion"},"content":{"rendered":"<h4 id=\"NewsPostDetailSummary\">Posledn\u00ed dva t\u00fddny Toffees v\u00e1l\u00ed, posledn\u00ed t\u0159i soupe\u0159e poka\u017ed\u00e9 vyprovodili t\u0159\u00edbrankov\u00fdm debaklem. Jak dlouho vydr\u017e\u00ed moment\u00e1ln\u00ed forma?<\/h4>\n<div id=\"NewsPostDetailContent\">\n<p>Je\u0161t\u011b p\u0159ed z\u00e1pasov\u00fdmi progn\u00f3zami t\u0159eba zm\u00ednit st\u00e1le re\u00e1ln\u011bji vypadaj\u00edc\u00ed p\u0159evzet\u00ed klubu. Americk\u00e9 konsorcium v \u010dele s Johnem Jayem Mooresem v posledn\u00edch \u0161esti t\u00fddnech diskutuje o mo\u017en\u00e9 koupi za \u010d\u00e1stku \u00a3200m. Sch\u016fzky s p\u0159edstaviteli Evertonu nelze pop\u0159\u00edt, t\u0159eba\u017ee ofici\u00e1ln\u00ed prohl\u00e1\u0161en\u00ed nebylo vyd\u00e1no. Pouze Roberto Mart\u00ednez se k cel\u00e9 situaci vyj\u00e1d\u0159il stylem &#8222;mo\u017en\u00e1 se n\u011bco d\u011bje, a kdy\u017e ano, bu\u010fte pokojn\u00ed, \u010dekaj\u00ed n\u00e1s dobr\u00e9 \u010dasy&#8220;. Podle ur\u010dit\u00fdch zpr\u00e1v by se mohl obchod zkompletovat do za\u010d\u00e1tku b\u0159ezna.<\/p>\n<p>Moores v minulosti vlastnil baseballov\u00e9 San Diego Padres a byl pova\u017eov\u00e1n za velmi dobr\u00e9ho p\u0159edsedu. Od nov\u00fdch majitel\u016f by se zcela jist\u011b o\u010dek\u00e1vala stavba nov\u00e9ho stadionu. Modern\u00ed stadion by p\u0159edstavoval dal\u0161\u00ed p\u0159\u00edrozen\u00fd krok v r\u016fstu EFC.<\/p>\n<p>P\u0159i pohledu na sou\u010dasn\u00e9 rozpolo\u017een\u00ed k\u00e1dru naskakuje \u00fasm\u011bv na tv\u00e1\u0159i (st\u00e1le v\u0161ak se sarkastick\u00fdm \u00fa\u0161klebem vzhledem k\u00a0cel\u00e9mu ro\u010dn\u00edku). Mu\u017estvo kone\u010dn\u011b za\u010d\u00edn\u00e1 plnit sez\u00f3nn\u00ed o\u010dek\u00e1v\u00e1n\u00ed, mus\u00ed se jen vytrvat. V ot\u00e1zce sestavy by nep\u0159ekvapila stejn\u00e1 z\u00e1kladn\u00ed sestava jako proti Stoke City a Newcastlu, a\u010dkoliv to znamen\u00e1 kvalitn\u00ed fotbalisty Bainese, Mirallase \u010di Deulofeua pouze na lavi\u010dce n\u00e1hradn\u00edk\u016f. Holt Oviedo a spol. sv\u00e9 \u0161ance vyu\u017eili a pod\u00edlej\u00ed se na celkov\u00e9 pohod\u011b. I proto zm\u00edn\u011bn\u00fd Kostari\u010dan prodlou\u017eil smlouvu o 3,5 roku do l\u00e9ta 2019.<\/p>\n<p>Tim Howard a John Stones se uzdravuj\u00ed, i tak by jejich n\u00e1vrat do z\u00e1kladu aktu\u00e1ln\u011b ned\u00e1val p\u0159\u00edli\u0161 smysl. Bolav\u00fd Momo Be\u0161i\u0107 si minim\u00e1ln\u011b je\u0161t\u011b t\u00fdden po\u010dk\u00e1, na druhou stranu Omar Niasse netrp\u011bliv\u011b vyhl\u00ed\u017e\u00ed prvn\u00ed minutky v modr\u00e9m dresu.<\/p>\n<p>West Brom v posledn\u00edch p\u011bti ligov\u00fdch kolech nevyhr\u00e1l, p\u0159esto se t\u0159eba vyvarovat podcen\u011bn\u00ed. Mana\u017eer Tony Pulis sv\u00fdm sv\u011b\u0159enc\u016fm ordinuje nep\u0159\u00edjemn\u00fd obrann\u00fd fotbal, kter\u00fd t\u011b\u017e\u00ed ze standardn\u00edch situac\u00ed v defenziv\u011b i ofenziv\u011b. S podobn\u00fdmi styly Everton m\u00edv\u00e1 probl\u00e9my. Neradi bychom se do\u010dkali podobn\u00e9ho sc\u00e9n\u00e1\u0159e z lo\u0148sk\u00e9ho roku, kdy zoufal\u00e9 dob\u00fdv\u00e1n\u00ed branky Baggies korunoval zahozenou penaltou drz\u00fd Mirallas.<\/p>\n<p>Tehdy k m\u00ed\u010di nepustil tradi\u010dn\u00edho exekutora Bainese, o polo\u010dase byl st\u00e1hnut a jeho vztah s Mart\u00ednezem se bez debat zhor\u0161il. Minuty na h\u0159i\u0161ti u\u017e mu nenaskakuj\u00ed s b\u00fdvalou pravidelnost\u00ed.<\/p>\n<p>Tony Pulis mocn\u011b p\u0159em\u00fd\u0161l\u00ed nad sestavou, ve st\u0159edu si West Brom st\u0159ihnul 120 minut \u00fasp\u011b\u0161n\u00e9 odvety FA Cupu, \u00fanava u hr\u00e1\u010d\u016f nejde vylou\u010dit. Zdravotn\u00ed trable nav\u00edc tr\u00e1p\u00ed Dawsona, Evanse, Dorranse i Brunta, o jejich startech se rozhodne a\u017e v den v\u00fdkopu. \u010ctrn\u00e1ct\u00e9mu celku potom jist\u011b chyb\u00ed zran\u011bn\u00ed McAuley, Morrison a McManaman.<\/p>\n<p><strong>Co:<\/strong> Everton FC &#8211; West Bromwich Albion FC, 26. kolo Premier League<br \/>\n<strong>Kdy:<\/strong> 13. 02. 2016 od 16:00 SE\u010c<br \/>\n<strong>Kde:<\/strong> Goodison Park, Liverpool (kapacita: 40 157)<br \/>\n<strong>Rozhod\u010d\u00ed:<\/strong> Michael Oliver<\/p>\n<\/div>\n","protected":false},"excerpt":{"rendered":"<p>Posledn\u00ed dva t\u00fddny Toffees v\u00e1l\u00ed, posledn\u00ed t\u0159i soupe\u0159e poka\u017ed\u00e9 vyprovodili t\u0159\u00edbrankov\u00fdm debaklem. Jak dlouho vydr\u017e\u00ed moment\u00e1ln\u00ed forma? Je\u0161t\u011b p\u0159ed z\u00e1pasov\u00fdmi&hellip;<\/p>\n","protected":false},"author":6,"featured_media":12056,"comment_status":"open","ping_status":"closed","sticky":false,"template":"","format":"standard","meta":{"_eb_attr":"","_monsterinsights_skip_tracking":false,"_monsterinsights_sitenote_active":false,"_monsterinsights_sitenote_note":"","_monsterinsights_sitenote_category":0,"footnotes":""},"categories":[4],"tags":[],"yoast_head":"<!-- This site is optimized with the Yoast SEO plugin v23.4 - https:\/\/yoast.com\/wordpress\/plugins\/seo\/ -->\n<title>Preview: Everton - West Bromwich Albion - Official Czech &amp; Slovak Everton Supporters&#039; Club<\/title>\n<meta name=\"robots\" content=\"index, follow, max-snippet:-1, max-image-preview:large, max-video-preview:-1\" \/>\n<link rel=\"canonical\" href=\"https:\/\/evertonfc.cz\/index.php\/2016\/02\/13\/preview-everton-west-bromwich-albion-4\/\" \/>\n<meta property=\"og:locale\" content=\"cs_CZ\" \/>\n<meta property=\"og:type\" content=\"article\" \/>\n<meta property=\"og:title\" content=\"Preview: Everton - West Bromwich Albion - Official Czech &amp; Slovak Everton Supporters&#039; Club\" \/>\n<meta property=\"og:description\" content=\"Posledn\u00ed dva t\u00fddny Toffees v\u00e1l\u00ed, posledn\u00ed t\u0159i soupe\u0159e poka\u017ed\u00e9 vyprovodili t\u0159\u00edbrankov\u00fdm debaklem. Jak dlouho vydr\u017e\u00ed moment\u00e1ln\u00ed forma? Je\u0161t\u011b p\u0159ed z\u00e1pasov\u00fdmi&hellip;\" \/>\n<meta property=\"og:url\" content=\"https:\/\/evertonfc.cz\/index.php\/2016\/02\/13\/preview-everton-west-bromwich-albion-4\/\" \/>\n<meta property=\"og:site_name\" content=\"Official Czech &amp; Slovak Everton Supporters&#039; Club\" \/>\n<meta property=\"article:publisher\" content=\"https:\/\/www.facebook.com\/everton.fans.cz.sk\" \/>\n<meta property=\"article:published_time\" content=\"2016-02-13T15:53:05+00:00\" \/>\n<meta property=\"article:modified_time\" content=\"2020-09-23T18:21:57+00:00\" \/>\n<meta property=\"og:image\" content=\"https:\/\/evertonfc.cz\/wp-content\/uploads\/2020\/09\/Everton-West-Bromwich-18-9-2020.jpg\" \/>\n\t<meta property=\"og:image:width\" content=\"720\" \/>\n\t<meta property=\"og:image:height\" content=\"405\" \/>\n\t<meta property=\"og:image:type\" content=\"image\/jpeg\" \/>\n<meta name=\"author\" content=\"Ri\u010di\" \/>\n<meta name=\"twitter:card\" content=\"summary_large_image\" \/>\n<meta name=\"twitter:creator\" content=\"@rbrejsa\" \/>\n<meta name=\"twitter:label1\" content=\"Napsal(a)\" \/>\n\t<meta name=\"twitter:data1\" content=\"Ri\u010di\" \/>\n\t<meta name=\"twitter:label2\" content=\"Odhadovan\u00e1 doba \u010dten\u00ed\" \/>\n\t<meta name=\"twitter:data2\" content=\"3 minuty\" \/>\n<script type=\"application\/ld+json\" class=\"yoast-schema-graph\">{\"@context\":\"https:\/\/schema.org\",\"@graph\":[{\"@type\":\"Article\",\"@id\":\"https:\/\/evertonfc.cz\/index.php\/2016\/02\/13\/preview-everton-west-bromwich-albion-4\/#article\",\"isPartOf\":{\"@id\":\"https:\/\/evertonfc.cz\/index.php\/2016\/02\/13\/preview-everton-west-bromwich-albion-4\/\"},\"author\":{\"name\":\"Ri\u010di\",\"@id\":\"https:\/\/evertonfc.cz\/#\/schema\/person\/f7a5daedb2ffee98480bc70e191aaef1\"},\"headline\":\"Preview: Everton &#8211; West Bromwich Albion\",\"datePublished\":\"2016-02-13T15:53:05+00:00\",\"dateModified\":\"2020-09-23T18:21:57+00:00\",\"mainEntityOfPage\":{\"@id\":\"https:\/\/evertonfc.cz\/index.php\/2016\/02\/13\/preview-everton-west-bromwich-albion-4\/\"},\"wordCount\":553,\"commentCount\":0,\"publisher\":{\"@id\":\"https:\/\/evertonfc.cz\/#organization\"},\"image\":{\"@id\":\"https:\/\/evertonfc.cz\/index.php\/2016\/02\/13\/preview-everton-west-bromwich-albion-4\/#primaryimage\"},\"thumbnailUrl\":\"https:\/\/evertonfc.cz\/wp-content\/uploads\/2020\/09\/Everton-West-Bromwich-18-9-2020.jpg\",\"articleSection\":[\"Z\u00e1pasy\"],\"inLanguage\":\"cs\",\"potentialAction\":[{\"@type\":\"CommentAction\",\"name\":\"Comment\",\"target\":[\"https:\/\/evertonfc.cz\/index.php\/2016\/02\/13\/preview-everton-west-bromwich-albion-4\/#respond\"]}]},{\"@type\":\"WebPage\",\"@id\":\"https:\/\/evertonfc.cz\/index.php\/2016\/02\/13\/preview-everton-west-bromwich-albion-4\/\",\"url\":\"https:\/\/evertonfc.cz\/index.php\/2016\/02\/13\/preview-everton-west-bromwich-albion-4\/\",\"name\":\"Preview: Everton - West Bromwich Albion - Official Czech &amp; Slovak Everton Supporters&#039; Club\",\"isPartOf\":{\"@id\":\"https:\/\/evertonfc.cz\/#website\"},\"primaryImageOfPage\":{\"@id\":\"https:\/\/evertonfc.cz\/index.php\/2016\/02\/13\/preview-everton-west-bromwich-albion-4\/#primaryimage\"},\"image\":{\"@id\":\"https:\/\/evertonfc.cz\/index.php\/2016\/02\/13\/preview-everton-west-bromwich-albion-4\/#primaryimage\"},\"thumbnailUrl\":\"https:\/\/evertonfc.cz\/wp-content\/uploads\/2020\/09\/Everton-West-Bromwich-18-9-2020.jpg\",\"datePublished\":\"2016-02-13T15:53:05+00:00\",\"dateModified\":\"2020-09-23T18:21:57+00:00\",\"breadcrumb\":{\"@id\":\"https:\/\/evertonfc.cz\/index.php\/2016\/02\/13\/preview-everton-west-bromwich-albion-4\/#breadcrumb\"},\"inLanguage\":\"cs\",\"potentialAction\":[{\"@type\":\"ReadAction\",\"target\":[\"https:\/\/evertonfc.cz\/index.php\/2016\/02\/13\/preview-everton-west-bromwich-albion-4\/\"]}]},{\"@type\":\"ImageObject\",\"inLanguage\":\"cs\",\"@id\":\"https:\/\/evertonfc.cz\/index.php\/2016\/02\/13\/preview-everton-west-bromwich-albion-4\/#primaryimage\",\"url\":\"https:\/\/evertonfc.cz\/wp-content\/uploads\/2020\/09\/Everton-West-Bromwich-18-9-2020.jpg\",\"contentUrl\":\"https:\/\/evertonfc.cz\/wp-content\/uploads\/2020\/09\/Everton-West-Bromwich-18-9-2020.jpg\",\"width\":720,\"height\":405},{\"@type\":\"BreadcrumbList\",\"@id\":\"https:\/\/evertonfc.cz\/index.php\/2016\/02\/13\/preview-everton-west-bromwich-albion-4\/#breadcrumb\",\"itemListElement\":[{\"@type\":\"ListItem\",\"position\":1,\"name\":\"Home\",\"item\":\"https:\/\/evertonfc.cz\/\"},{\"@type\":\"ListItem\",\"position\":2,\"name\":\"Preview: Everton &#8211; West Bromwich Albion\"}]},{\"@type\":\"WebSite\",\"@id\":\"https:\/\/evertonfc.cz\/#website\",\"url\":\"https:\/\/evertonfc.cz\/\",\"name\":\"Official Czech &amp; Slovak Everton Supporters&#039; Club\",\"description\":\"\",\"publisher\":{\"@id\":\"https:\/\/evertonfc.cz\/#organization\"},\"potentialAction\":[{\"@type\":\"SearchAction\",\"target\":{\"@type\":\"EntryPoint\",\"urlTemplate\":\"https:\/\/evertonfc.cz\/?s={search_term_string}\"},\"query-input\":{\"@type\":\"PropertyValueSpecification\",\"valueRequired\":true,\"valueName\":\"search_term_string\"}}],\"inLanguage\":\"cs\"},{\"@type\":\"Organization\",\"@id\":\"https:\/\/evertonfc.cz\/#organization\",\"name\":\"Official Czech & Slovak Everton Supporters' Club\",\"url\":\"https:\/\/evertonfc.cz\/\",\"logo\":{\"@type\":\"ImageObject\",\"inLanguage\":\"cs\",\"@id\":\"https:\/\/evertonfc.cz\/#\/schema\/logo\/image\/\",\"url\":\"https:\/\/evertonfc.cz\/wp-content\/uploads\/2019\/05\/logo.png\",\"contentUrl\":\"https:\/\/evertonfc.cz\/wp-content\/uploads\/2019\/05\/logo.png\",\"width\":112,\"height\":112,\"caption\":\"Official Czech & Slovak Everton Supporters' Club\"},\"image\":{\"@id\":\"https:\/\/evertonfc.cz\/#\/schema\/logo\/image\/\"},\"sameAs\":[\"https:\/\/www.facebook.com\/everton.fans.cz.sk\"]},{\"@type\":\"Person\",\"@id\":\"https:\/\/evertonfc.cz\/#\/schema\/person\/f7a5daedb2ffee98480bc70e191aaef1\",\"name\":\"Ri\u010di\",\"sameAs\":[\"https:\/\/x.com\/rbrejsa\"],\"url\":\"https:\/\/evertonfc.cz\/index.php\/author\/rici\/\"}]}<\/script>\n<!-- \/ Yoast SEO plugin. -->","yoast_head_json":{"title":"Preview: Everton - West Bromwich Albion - Official Czech &amp; Slovak Everton Supporters&#039; Club","robots":{"index":"index","follow":"follow","max-snippet":"max-snippet:-1","max-image-preview":"max-image-preview:large","max-video-preview":"max-video-preview:-1"},"canonical":"https:\/\/evertonfc.cz\/index.php\/2016\/02\/13\/preview-everton-west-bromwich-albion-4\/","og_locale":"cs_CZ","og_type":"article","og_title":"Preview: Everton - West Bromwich Albion - Official Czech &amp; Slovak Everton Supporters&#039; Club","og_description":"Posledn\u00ed dva t\u00fddny Toffees v\u00e1l\u00ed, posledn\u00ed t\u0159i soupe\u0159e poka\u017ed\u00e9 vyprovodili t\u0159\u00edbrankov\u00fdm debaklem. Jak dlouho vydr\u017e\u00ed moment\u00e1ln\u00ed forma? Je\u0161t\u011b p\u0159ed z\u00e1pasov\u00fdmi&hellip;","og_url":"https:\/\/evertonfc.cz\/index.php\/2016\/02\/13\/preview-everton-west-bromwich-albion-4\/","og_site_name":"Official Czech &amp; Slovak Everton Supporters&#039; Club","article_publisher":"https:\/\/www.facebook.com\/everton.fans.cz.sk","article_published_time":"2016-02-13T15:53:05+00:00","article_modified_time":"2020-09-23T18:21:57+00:00","og_image":[{"width":720,"height":405,"url":"https:\/\/evertonfc.cz\/wp-content\/uploads\/2020\/09\/Everton-West-Bromwich-18-9-2020.jpg","type":"image\/jpeg"}],"author":"Ri\u010di","twitter_card":"summary_large_image","twitter_creator":"@rbrejsa","twitter_misc":{"Napsal(a)":"Ri\u010di","Odhadovan\u00e1 doba \u010dten\u00ed":"3 minuty"},"schema":{"@context":"https:\/\/schema.org","@graph":[{"@type":"Article","@id":"https:\/\/evertonfc.cz\/index.php\/2016\/02\/13\/preview-everton-west-bromwich-albion-4\/#article","isPartOf":{"@id":"https:\/\/evertonfc.cz\/index.php\/2016\/02\/13\/preview-everton-west-bromwich-albion-4\/"},"author":{"name":"Ri\u010di","@id":"https:\/\/evertonfc.cz\/#\/schema\/person\/f7a5daedb2ffee98480bc70e191aaef1"},"headline":"Preview: Everton &#8211; West Bromwich Albion","datePublished":"2016-02-13T15:53:05+00:00","dateModified":"2020-09-23T18:21:57+00:00","mainEntityOfPage":{"@id":"https:\/\/evertonfc.cz\/index.php\/2016\/02\/13\/preview-everton-west-bromwich-albion-4\/"},"wordCount":553,"commentCount":0,"publisher":{"@id":"https:\/\/evertonfc.cz\/#organization"},"image":{"@id":"https:\/\/evertonfc.cz\/index.php\/2016\/02\/13\/preview-everton-west-bromwich-albion-4\/#primaryimage"},"thumbnailUrl":"https:\/\/evertonfc.cz\/wp-content\/uploads\/2020\/09\/Everton-West-Bromwich-18-9-2020.jpg","articleSection":["Z\u00e1pasy"],"inLanguage":"cs","potentialAction":[{"@type":"CommentAction","name":"Comment","target":["https:\/\/evertonfc.cz\/index.php\/2016\/02\/13\/preview-everton-west-bromwich-albion-4\/#respond"]}]},{"@type":"WebPage","@id":"https:\/\/evertonfc.cz\/index.php\/2016\/02\/13\/preview-everton-west-bromwich-albion-4\/","url":"https:\/\/evertonfc.cz\/index.php\/2016\/02\/13\/preview-everton-west-bromwich-albion-4\/","name":"Preview: Everton - West Bromwich Albion - Official Czech &amp; Slovak Everton Supporters&#039; Club","isPartOf":{"@id":"https:\/\/evertonfc.cz\/#website"},"primaryImageOfPage":{"@id":"https:\/\/evertonfc.cz\/index.php\/2016\/02\/13\/preview-everton-west-bromwich-albion-4\/#primaryimage"},"image":{"@id":"https:\/\/evertonfc.cz\/index.php\/2016\/02\/13\/preview-everton-west-bromwich-albion-4\/#primaryimage"},"thumbnailUrl":"https:\/\/evertonfc.cz\/wp-content\/uploads\/2020\/09\/Everton-West-Bromwich-18-9-2020.jpg","datePublished":"2016-02-13T15:53:05+00:00","dateModified":"2020-09-23T18:21:57+00:00","breadcrumb":{"@id":"https:\/\/evertonfc.cz\/index.php\/2016\/02\/13\/preview-everton-west-bromwich-albion-4\/#breadcrumb"},"inLanguage":"cs","potentialAction":[{"@type":"ReadAction","target":["https:\/\/evertonfc.cz\/index.php\/2016\/02\/13\/preview-everton-west-bromwich-albion-4\/"]}]},{"@type":"ImageObject","inLanguage":"cs","@id":"https:\/\/evertonfc.cz\/index.php\/2016\/02\/13\/preview-everton-west-bromwich-albion-4\/#primaryimage","url":"https:\/\/evertonfc.cz\/wp-content\/uploads\/2020\/09\/Everton-West-Bromwich-18-9-2020.jpg","contentUrl":"https:\/\/evertonfc.cz\/wp-content\/uploads\/2020\/09\/Everton-West-Bromwich-18-9-2020.jpg","width":720,"height":405},{"@type":"BreadcrumbList","@id":"https:\/\/evertonfc.cz\/index.php\/2016\/02\/13\/preview-everton-west-bromwich-albion-4\/#breadcrumb","itemListElement":[{"@type":"ListItem","position":1,"name":"Home","item":"https:\/\/evertonfc.cz\/"},{"@type":"ListItem","position":2,"name":"Preview: Everton &#8211; West Bromwich Albion"}]},{"@type":"WebSite","@id":"https:\/\/evertonfc.cz\/#website","url":"https:\/\/evertonfc.cz\/","name":"Official Czech &amp; Slovak Everton Supporters&#039; Club","description":"","publisher":{"@id":"https:\/\/evertonfc.cz\/#organization"},"potentialAction":[{"@type":"SearchAction","target":{"@type":"EntryPoint","urlTemplate":"https:\/\/evertonfc.cz\/?s={search_term_string}"},"query-input":{"@type":"PropertyValueSpecification","valueRequired":true,"valueName":"search_term_string"}}],"inLanguage":"cs"},{"@type":"Organization","@id":"https:\/\/evertonfc.cz\/#organization","name":"Official Czech & Slovak Everton Supporters' Club","url":"https:\/\/evertonfc.cz\/","logo":{"@type":"ImageObject","inLanguage":"cs","@id":"https:\/\/evertonfc.cz\/#\/schema\/logo\/image\/","url":"https:\/\/evertonfc.cz\/wp-content\/uploads\/2019\/05\/logo.png","contentUrl":"https:\/\/evertonfc.cz\/wp-content\/uploads\/2019\/05\/logo.png","width":112,"height":112,"caption":"Official Czech & Slovak Everton Supporters' Club"},"image":{"@id":"https:\/\/evertonfc.cz\/#\/schema\/logo\/image\/"},"sameAs":["https:\/\/www.facebook.com\/everton.fans.cz.sk"]},{"@type":"Person","@id":"https:\/\/evertonfc.cz\/#\/schema\/person\/f7a5daedb2ffee98480bc70e191aaef1","name":"Ri\u010di","sameAs":["https:\/\/x.com\/rbrejsa"],"url":"https:\/\/evertonfc.cz\/index.php\/author\/rici\/"}]}},"_links":{"self":[{"href":"https:\/\/evertonfc.cz\/index.php\/wp-json\/wp\/v2\/posts\/3862"}],"collection":[{"href":"https:\/\/evertonfc.cz\/index.php\/wp-json\/wp\/v2\/posts"}],"about":[{"href":"https:\/\/evertonfc.cz\/index.php\/wp-json\/wp\/v2\/types\/post"}],"author":[{"embeddable":true,"href":"https:\/\/evertonfc.cz\/index.php\/wp-json\/wp\/v2\/users\/6"}],"replies":[{"embeddable":true,"href":"https:\/\/evertonfc.cz\/index.php\/wp-json\/wp\/v2\/comments?post=3862"}],"version-history":[{"count":1,"href":"https:\/\/evertonfc.cz\/index.php\/wp-json\/wp\/v2\/posts\/3862\/revisions"}],"predecessor-version":[{"id":3863,"href":"https:\/\/evertonfc.cz\/index.php\/wp-json\/wp\/v2\/posts\/3862\/revisions\/3863"}],"wp:featuredmedia":[{"embeddable":true,"href":"https:\/\/evertonfc.cz\/index.php\/wp-json\/wp\/v2\/media\/12056"}],"wp:attachment":[{"href":"https:\/\/evertonfc.cz\/index.php\/wp-json\/wp\/v2\/media?parent=3862"}],"wp:term":[{"taxonomy":"category","embeddable":true,"href":"https:\/\/evertonfc.cz\/index.php\/wp-json\/wp\/v2\/categories?post=3862"},{"taxonomy":"post_tag","embeddable":true,"href":"https:\/\/evertonfc.cz\/index.php\/wp-json\/wp\/v2\/tags?post=3862"}],"curies":[{"name":"wp","href":"https:\/\/api.w.org\/{rel}","templated":true}]}}