{"id":3866,"date":"2016-02-06T16:56:56","date_gmt":"2016-02-06T15:56:56","guid":{"rendered":"http:\/\/evertonfc.cz\/?p=3866"},"modified":"2024-11-02T13:46:30","modified_gmt":"2024-11-02T12:46:30","slug":"preview-stoke-city-everton-5","status":"publish","type":"post","link":"https:\/\/evertonfc.cz\/index.php\/2016\/02\/06\/preview-stoke-city-everton-5\/","title":{"rendered":"Preview: Stoke City &#8211; Everton"},"content":{"rendered":"<h4 id=\"NewsPostDetailSummary\">Posledn\u00ed dv\u011b v\u00fdhry Toffees v pom\u011bru 3:0 navnadily na optimisti\u010dt\u011bj\u0161\u00ed \u010dasy, o pr\u016flom do horn\u00ed ligov\u00e9 des\u00edtky se budou sna\u017eit na Britannia Stadium.<\/h4>\n<div id=\"NewsPostDetailContent\">\n<p>Souboj dvou zklaman\u00fdch ze semifin\u00e1le Ligov\u00e9ho poh\u00e1ru nebo soused\u016f v tabulce (10. a 11. m\u00edsto). I to jsou d\u016fvody, pro\u010d by oba t\u00fdmy velmi r\u00e1dy p\u0159ipsaly t\u0159i body. V hor\u0161\u00ed form\u011b se ukazuj\u00ed Potters, nav\u00edc mus\u00ed \u0159e\u0161it trable se stopery. Ryan Shawcross, Geoff Cameron a Marc Wilson pob\u00fdvaj\u00ed na marodce, Philipp Wollscheid si mus\u00ed po\u010dkat a\u017e na p\u0159edz\u00e1pasov\u00fd test, zda ho bolav\u00e9 l\u00fdtko pust\u00ed do hry, a tak ned\u00e1vno uzdraven\u00fd Marc Muniesa zast\u00e1v\u00e1 jedin\u00e9ho pln\u011b zdrav\u00e9ho st\u0159edn\u00edho obr\u00e1nce.<\/p>\n<p>V posledn\u00edm ligov\u00e9m kl\u00e1n\u00ed lepil d\u00edru v srdci defenzivy prav\u00fd bek Glen Johnson a do ide\u00e1lu sch\u00e1zelo daleko. O tom vypov\u00edd\u00e1 i t\u0159\u00edg\u00f3lov\u00fd debakl od jinak neproduktivn\u00edho Manchesteru United. No, i kdy\u017e v tomto ohledu m\u00e1 jist\u00e9 zku\u0161enosti i Everton.<\/p>\n<p>V lednu Stoke trhlo klubov\u00fd rekord za p\u0159estup, za Gianelliho Imbulu vypl\u00e1zlo \u00a318,3m. Silov\u00e9mu st\u0159edopola\u0159i nechyb\u00ed talent, na druhou stranu na podzim se nedok\u00e1zal prosadit do z\u00e1kladn\u00ed sestavy Porta, kam p\u0159i\u0161el v l\u00e9t\u011b z Francie. V sobotu mu mana\u017eer Mark Hughes dop\u0159eje debut, zn\u00ed z\u00a0mnoh\u00fdch progn\u00f3z.<\/p>\n<p>Zdravotn\u00ed komplikace se t\u00fdkaj\u00ed rovn\u011b\u017e Toffees. Romelu Lukaku si odnesl bolav\u00e1 z\u00e1da z v\u00edkendu, nara\u017een\u00ed sice u\u017e odezn\u00edv\u00e1, nicm\u00e9n\u011b jeho start v z\u00e1kladn\u00ed sestav\u011b nelze pova\u017eovat za jist\u00fd. Na hrot by se potom postavil Arouna Kon\u00e9, kter\u00fd sice um\u00ed dob\u0159e podr\u017eet m\u00ed\u010d, jen\u017ee mus\u00ed zlep\u0161it zakon\u010den\u00ed. Proti Newcastlu si po\u010d\u00ednal a\u017e p\u0159\u00edli\u0161 zbrkle.<\/p>\n<p>Omar Niasse porci 90 minut je\u0161t\u011b nezvl\u00e1dne, ale mohl by nasko\u010dit na p\u00e1r minut. Pouze se mus\u00ed do\u0159e\u0161it tahanice s v\u00edzem. Po t\u0159ech z\u00e1pasech se vrac\u00ed Kevin Mirallas, nicm\u00e9n\u011b nejsp\u00ed\u0161e usedne na lavi\u010dku n\u00e1hradn\u00edk\u016f vedle Gerarda Deulofeua. Aaron Lennon i Tom Cleverley se posledn\u011b p\u0159edvedli v dobr\u00e9m sv\u011btle a v sestav\u011b by se m\u011bli udr\u017eet. Krom\u011b toho Cleverley pat\u0159\u00ed k Mart\u00ednezov\u00fdm chr\u00e1n\u011bnc\u016fm.<\/p>\n<p>Howard, Stones a Be\u0161i\u0107 jsou nad\u00e1le zran\u011bn\u00ed, a tak nelze o\u010dek\u00e1vat dal\u0161\u00ed v\u00fdrazn\u00e9 zm\u011bny. A\u017e na post lev\u00e9ho obr\u00e1nce, Bryan Oviedo pravd\u011bpodobn\u011b p\u0159enech\u00e1 lajnu Bainesovi.<\/p>\n<p>Kvalitu dom\u00e1c\u00edch ofenzivn\u00edch hra\u010di\u010dek net\u0159eba dvakr\u00e1t zd\u016fraz\u0148ovat, prosincov\u00e1 p\u0159est\u0159elka na Goodison Parku budi\u017e dostate\u010dn\u00fdm varov\u00e1n\u00edm.<\/p>\n<p><strong>Co:<\/strong> Stoke City FC &#8211; Everton FC, 25. kolo Premier League<br \/>\n<strong>Kdy:<\/strong> 06. 02. 2016 od 16:00 SE\u010c<br \/>\n<strong>Kde:<\/strong> Britannia Stadium, Stoke-on-Trent (kapacita: 27 743)<br \/>\n<strong>Rozhod\u010d\u00ed:<\/strong> Andre Marriner<\/p>\n<\/div>\n","protected":false},"excerpt":{"rendered":"<p>Posledn\u00ed dv\u011b v\u00fdhry Toffees v pom\u011bru 3:0 navnadily na optimisti\u010dt\u011bj\u0161\u00ed \u010dasy, o pr\u016flom do horn\u00ed ligov\u00e9 des\u00edtky se budou sna\u017eit&hellip;<\/p>\n","protected":false},"author":6,"featured_media":25544,"comment_status":"open","ping_status":"closed","sticky":false,"template":"","format":"standard","meta":{"_eb_attr":"","_monsterinsights_skip_tracking":false,"_monsterinsights_sitenote_active":false,"_monsterinsights_sitenote_note":"","_monsterinsights_sitenote_category":0,"footnotes":""},"categories":[4],"tags":[],"yoast_head":"<!-- This site is optimized with the Yoast SEO plugin v23.4 - https:\/\/yoast.com\/wordpress\/plugins\/seo\/ -->\n<title>Preview: Stoke City - Everton - Official Czech &amp; Slovak Everton Supporters&#039; Club<\/title>\n<meta name=\"robots\" content=\"index, follow, max-snippet:-1, max-image-preview:large, max-video-preview:-1\" \/>\n<link rel=\"canonical\" href=\"https:\/\/evertonfc.cz\/index.php\/2016\/02\/06\/preview-stoke-city-everton-5\/\" \/>\n<meta property=\"og:locale\" content=\"cs_CZ\" \/>\n<meta property=\"og:type\" content=\"article\" \/>\n<meta property=\"og:title\" content=\"Preview: Stoke City - Everton - Official Czech &amp; Slovak Everton Supporters&#039; Club\" \/>\n<meta property=\"og:description\" content=\"Posledn\u00ed dv\u011b v\u00fdhry Toffees v pom\u011bru 3:0 navnadily na optimisti\u010dt\u011bj\u0161\u00ed \u010dasy, o pr\u016flom do horn\u00ed ligov\u00e9 des\u00edtky se budou sna\u017eit&hellip;\" \/>\n<meta property=\"og:url\" content=\"https:\/\/evertonfc.cz\/index.php\/2016\/02\/06\/preview-stoke-city-everton-5\/\" \/>\n<meta property=\"og:site_name\" content=\"Official Czech &amp; Slovak Everton Supporters&#039; Club\" \/>\n<meta property=\"article:publisher\" content=\"https:\/\/www.facebook.com\/everton.fans.cz.sk\" \/>\n<meta property=\"article:published_time\" content=\"2016-02-06T15:56:56+00:00\" \/>\n<meta property=\"article:modified_time\" content=\"2024-11-02T12:46:30+00:00\" \/>\n<meta property=\"og:image\" content=\"https:\/\/evertonfc.cz\/wp-content\/uploads\/2024\/11\/Stoke-City-VS-Everton.png\" \/>\n\t<meta property=\"og:image:width\" content=\"720\" \/>\n\t<meta property=\"og:image:height\" content=\"405\" \/>\n\t<meta property=\"og:image:type\" content=\"image\/png\" \/>\n<meta name=\"author\" content=\"Ri\u010di\" \/>\n<meta name=\"twitter:card\" content=\"summary_large_image\" \/>\n<meta name=\"twitter:creator\" content=\"@rbrejsa\" \/>\n<meta name=\"twitter:label1\" content=\"Napsal(a)\" \/>\n\t<meta name=\"twitter:data1\" content=\"Ri\u010di\" \/>\n\t<meta name=\"twitter:label2\" content=\"Odhadovan\u00e1 doba \u010dten\u00ed\" \/>\n\t<meta name=\"twitter:data2\" content=\"3 minuty\" \/>\n<script type=\"application\/ld+json\" class=\"yoast-schema-graph\">{\"@context\":\"https:\/\/schema.org\",\"@graph\":[{\"@type\":\"Article\",\"@id\":\"https:\/\/evertonfc.cz\/index.php\/2016\/02\/06\/preview-stoke-city-everton-5\/#article\",\"isPartOf\":{\"@id\":\"https:\/\/evertonfc.cz\/index.php\/2016\/02\/06\/preview-stoke-city-everton-5\/\"},\"author\":{\"name\":\"Ri\u010di\",\"@id\":\"https:\/\/evertonfc.cz\/#\/schema\/person\/f7a5daedb2ffee98480bc70e191aaef1\"},\"headline\":\"Preview: Stoke City &#8211; Everton\",\"datePublished\":\"2016-02-06T15:56:56+00:00\",\"dateModified\":\"2024-11-02T12:46:30+00:00\",\"mainEntityOfPage\":{\"@id\":\"https:\/\/evertonfc.cz\/index.php\/2016\/02\/06\/preview-stoke-city-everton-5\/\"},\"wordCount\":486,\"commentCount\":0,\"publisher\":{\"@id\":\"https:\/\/evertonfc.cz\/#organization\"},\"image\":{\"@id\":\"https:\/\/evertonfc.cz\/index.php\/2016\/02\/06\/preview-stoke-city-everton-5\/#primaryimage\"},\"thumbnailUrl\":\"https:\/\/evertonfc.cz\/wp-content\/uploads\/2024\/11\/Stoke-City-VS-Everton.png\",\"articleSection\":[\"Z\u00e1pasy\"],\"inLanguage\":\"cs\",\"potentialAction\":[{\"@type\":\"CommentAction\",\"name\":\"Comment\",\"target\":[\"https:\/\/evertonfc.cz\/index.php\/2016\/02\/06\/preview-stoke-city-everton-5\/#respond\"]}]},{\"@type\":\"WebPage\",\"@id\":\"https:\/\/evertonfc.cz\/index.php\/2016\/02\/06\/preview-stoke-city-everton-5\/\",\"url\":\"https:\/\/evertonfc.cz\/index.php\/2016\/02\/06\/preview-stoke-city-everton-5\/\",\"name\":\"Preview: Stoke City - Everton - Official Czech &amp; Slovak Everton Supporters&#039; Club\",\"isPartOf\":{\"@id\":\"https:\/\/evertonfc.cz\/#website\"},\"primaryImageOfPage\":{\"@id\":\"https:\/\/evertonfc.cz\/index.php\/2016\/02\/06\/preview-stoke-city-everton-5\/#primaryimage\"},\"image\":{\"@id\":\"https:\/\/evertonfc.cz\/index.php\/2016\/02\/06\/preview-stoke-city-everton-5\/#primaryimage\"},\"thumbnailUrl\":\"https:\/\/evertonfc.cz\/wp-content\/uploads\/2024\/11\/Stoke-City-VS-Everton.png\",\"datePublished\":\"2016-02-06T15:56:56+00:00\",\"dateModified\":\"2024-11-02T12:46:30+00:00\",\"breadcrumb\":{\"@id\":\"https:\/\/evertonfc.cz\/index.php\/2016\/02\/06\/preview-stoke-city-everton-5\/#breadcrumb\"},\"inLanguage\":\"cs\",\"potentialAction\":[{\"@type\":\"ReadAction\",\"target\":[\"https:\/\/evertonfc.cz\/index.php\/2016\/02\/06\/preview-stoke-city-everton-5\/\"]}]},{\"@type\":\"ImageObject\",\"inLanguage\":\"cs\",\"@id\":\"https:\/\/evertonfc.cz\/index.php\/2016\/02\/06\/preview-stoke-city-everton-5\/#primaryimage\",\"url\":\"https:\/\/evertonfc.cz\/wp-content\/uploads\/2024\/11\/Stoke-City-VS-Everton.png\",\"contentUrl\":\"https:\/\/evertonfc.cz\/wp-content\/uploads\/2024\/11\/Stoke-City-VS-Everton.png\",\"width\":720,\"height\":405},{\"@type\":\"BreadcrumbList\",\"@id\":\"https:\/\/evertonfc.cz\/index.php\/2016\/02\/06\/preview-stoke-city-everton-5\/#breadcrumb\",\"itemListElement\":[{\"@type\":\"ListItem\",\"position\":1,\"name\":\"Home\",\"item\":\"https:\/\/evertonfc.cz\/\"},{\"@type\":\"ListItem\",\"position\":2,\"name\":\"Preview: Stoke City &#8211; Everton\"}]},{\"@type\":\"WebSite\",\"@id\":\"https:\/\/evertonfc.cz\/#website\",\"url\":\"https:\/\/evertonfc.cz\/\",\"name\":\"Official Czech &amp; Slovak Everton Supporters&#039; Club\",\"description\":\"\",\"publisher\":{\"@id\":\"https:\/\/evertonfc.cz\/#organization\"},\"potentialAction\":[{\"@type\":\"SearchAction\",\"target\":{\"@type\":\"EntryPoint\",\"urlTemplate\":\"https:\/\/evertonfc.cz\/?s={search_term_string}\"},\"query-input\":{\"@type\":\"PropertyValueSpecification\",\"valueRequired\":true,\"valueName\":\"search_term_string\"}}],\"inLanguage\":\"cs\"},{\"@type\":\"Organization\",\"@id\":\"https:\/\/evertonfc.cz\/#organization\",\"name\":\"Official Czech & Slovak Everton Supporters' Club\",\"url\":\"https:\/\/evertonfc.cz\/\",\"logo\":{\"@type\":\"ImageObject\",\"inLanguage\":\"cs\",\"@id\":\"https:\/\/evertonfc.cz\/#\/schema\/logo\/image\/\",\"url\":\"https:\/\/evertonfc.cz\/wp-content\/uploads\/2019\/05\/logo.png\",\"contentUrl\":\"https:\/\/evertonfc.cz\/wp-content\/uploads\/2019\/05\/logo.png\",\"width\":112,\"height\":112,\"caption\":\"Official Czech & Slovak Everton Supporters' Club\"},\"image\":{\"@id\":\"https:\/\/evertonfc.cz\/#\/schema\/logo\/image\/\"},\"sameAs\":[\"https:\/\/www.facebook.com\/everton.fans.cz.sk\"]},{\"@type\":\"Person\",\"@id\":\"https:\/\/evertonfc.cz\/#\/schema\/person\/f7a5daedb2ffee98480bc70e191aaef1\",\"name\":\"Ri\u010di\",\"sameAs\":[\"https:\/\/x.com\/rbrejsa\"],\"url\":\"https:\/\/evertonfc.cz\/index.php\/author\/rici\/\"}]}<\/script>\n<!-- \/ Yoast SEO plugin. -->","yoast_head_json":{"title":"Preview: Stoke City - Everton - Official Czech &amp; Slovak Everton Supporters&#039; Club","robots":{"index":"index","follow":"follow","max-snippet":"max-snippet:-1","max-image-preview":"max-image-preview:large","max-video-preview":"max-video-preview:-1"},"canonical":"https:\/\/evertonfc.cz\/index.php\/2016\/02\/06\/preview-stoke-city-everton-5\/","og_locale":"cs_CZ","og_type":"article","og_title":"Preview: Stoke City - Everton - Official Czech &amp; Slovak Everton Supporters&#039; Club","og_description":"Posledn\u00ed dv\u011b v\u00fdhry Toffees v pom\u011bru 3:0 navnadily na optimisti\u010dt\u011bj\u0161\u00ed \u010dasy, o pr\u016flom do horn\u00ed ligov\u00e9 des\u00edtky se budou sna\u017eit&hellip;","og_url":"https:\/\/evertonfc.cz\/index.php\/2016\/02\/06\/preview-stoke-city-everton-5\/","og_site_name":"Official Czech &amp; Slovak Everton Supporters&#039; Club","article_publisher":"https:\/\/www.facebook.com\/everton.fans.cz.sk","article_published_time":"2016-02-06T15:56:56+00:00","article_modified_time":"2024-11-02T12:46:30+00:00","og_image":[{"width":720,"height":405,"url":"https:\/\/evertonfc.cz\/wp-content\/uploads\/2024\/11\/Stoke-City-VS-Everton.png","type":"image\/png"}],"author":"Ri\u010di","twitter_card":"summary_large_image","twitter_creator":"@rbrejsa","twitter_misc":{"Napsal(a)":"Ri\u010di","Odhadovan\u00e1 doba \u010dten\u00ed":"3 minuty"},"schema":{"@context":"https:\/\/schema.org","@graph":[{"@type":"Article","@id":"https:\/\/evertonfc.cz\/index.php\/2016\/02\/06\/preview-stoke-city-everton-5\/#article","isPartOf":{"@id":"https:\/\/evertonfc.cz\/index.php\/2016\/02\/06\/preview-stoke-city-everton-5\/"},"author":{"name":"Ri\u010di","@id":"https:\/\/evertonfc.cz\/#\/schema\/person\/f7a5daedb2ffee98480bc70e191aaef1"},"headline":"Preview: Stoke City &#8211; Everton","datePublished":"2016-02-06T15:56:56+00:00","dateModified":"2024-11-02T12:46:30+00:00","mainEntityOfPage":{"@id":"https:\/\/evertonfc.cz\/index.php\/2016\/02\/06\/preview-stoke-city-everton-5\/"},"wordCount":486,"commentCount":0,"publisher":{"@id":"https:\/\/evertonfc.cz\/#organization"},"image":{"@id":"https:\/\/evertonfc.cz\/index.php\/2016\/02\/06\/preview-stoke-city-everton-5\/#primaryimage"},"thumbnailUrl":"https:\/\/evertonfc.cz\/wp-content\/uploads\/2024\/11\/Stoke-City-VS-Everton.png","articleSection":["Z\u00e1pasy"],"inLanguage":"cs","potentialAction":[{"@type":"CommentAction","name":"Comment","target":["https:\/\/evertonfc.cz\/index.php\/2016\/02\/06\/preview-stoke-city-everton-5\/#respond"]}]},{"@type":"WebPage","@id":"https:\/\/evertonfc.cz\/index.php\/2016\/02\/06\/preview-stoke-city-everton-5\/","url":"https:\/\/evertonfc.cz\/index.php\/2016\/02\/06\/preview-stoke-city-everton-5\/","name":"Preview: Stoke City - Everton - Official Czech &amp; Slovak Everton Supporters&#039; Club","isPartOf":{"@id":"https:\/\/evertonfc.cz\/#website"},"primaryImageOfPage":{"@id":"https:\/\/evertonfc.cz\/index.php\/2016\/02\/06\/preview-stoke-city-everton-5\/#primaryimage"},"image":{"@id":"https:\/\/evertonfc.cz\/index.php\/2016\/02\/06\/preview-stoke-city-everton-5\/#primaryimage"},"thumbnailUrl":"https:\/\/evertonfc.cz\/wp-content\/uploads\/2024\/11\/Stoke-City-VS-Everton.png","datePublished":"2016-02-06T15:56:56+00:00","dateModified":"2024-11-02T12:46:30+00:00","breadcrumb":{"@id":"https:\/\/evertonfc.cz\/index.php\/2016\/02\/06\/preview-stoke-city-everton-5\/#breadcrumb"},"inLanguage":"cs","potentialAction":[{"@type":"ReadAction","target":["https:\/\/evertonfc.cz\/index.php\/2016\/02\/06\/preview-stoke-city-everton-5\/"]}]},{"@type":"ImageObject","inLanguage":"cs","@id":"https:\/\/evertonfc.cz\/index.php\/2016\/02\/06\/preview-stoke-city-everton-5\/#primaryimage","url":"https:\/\/evertonfc.cz\/wp-content\/uploads\/2024\/11\/Stoke-City-VS-Everton.png","contentUrl":"https:\/\/evertonfc.cz\/wp-content\/uploads\/2024\/11\/Stoke-City-VS-Everton.png","width":720,"height":405},{"@type":"BreadcrumbList","@id":"https:\/\/evertonfc.cz\/index.php\/2016\/02\/06\/preview-stoke-city-everton-5\/#breadcrumb","itemListElement":[{"@type":"ListItem","position":1,"name":"Home","item":"https:\/\/evertonfc.cz\/"},{"@type":"ListItem","position":2,"name":"Preview: Stoke City &#8211; Everton"}]},{"@type":"WebSite","@id":"https:\/\/evertonfc.cz\/#website","url":"https:\/\/evertonfc.cz\/","name":"Official Czech &amp; Slovak Everton Supporters&#039; Club","description":"","publisher":{"@id":"https:\/\/evertonfc.cz\/#organization"},"potentialAction":[{"@type":"SearchAction","target":{"@type":"EntryPoint","urlTemplate":"https:\/\/evertonfc.cz\/?s={search_term_string}"},"query-input":{"@type":"PropertyValueSpecification","valueRequired":true,"valueName":"search_term_string"}}],"inLanguage":"cs"},{"@type":"Organization","@id":"https:\/\/evertonfc.cz\/#organization","name":"Official Czech & Slovak Everton Supporters' Club","url":"https:\/\/evertonfc.cz\/","logo":{"@type":"ImageObject","inLanguage":"cs","@id":"https:\/\/evertonfc.cz\/#\/schema\/logo\/image\/","url":"https:\/\/evertonfc.cz\/wp-content\/uploads\/2019\/05\/logo.png","contentUrl":"https:\/\/evertonfc.cz\/wp-content\/uploads\/2019\/05\/logo.png","width":112,"height":112,"caption":"Official Czech & Slovak Everton Supporters' Club"},"image":{"@id":"https:\/\/evertonfc.cz\/#\/schema\/logo\/image\/"},"sameAs":["https:\/\/www.facebook.com\/everton.fans.cz.sk"]},{"@type":"Person","@id":"https:\/\/evertonfc.cz\/#\/schema\/person\/f7a5daedb2ffee98480bc70e191aaef1","name":"Ri\u010di","sameAs":["https:\/\/x.com\/rbrejsa"],"url":"https:\/\/evertonfc.cz\/index.php\/author\/rici\/"}]}},"_links":{"self":[{"href":"https:\/\/evertonfc.cz\/index.php\/wp-json\/wp\/v2\/posts\/3866"}],"collection":[{"href":"https:\/\/evertonfc.cz\/index.php\/wp-json\/wp\/v2\/posts"}],"about":[{"href":"https:\/\/evertonfc.cz\/index.php\/wp-json\/wp\/v2\/types\/post"}],"author":[{"embeddable":true,"href":"https:\/\/evertonfc.cz\/index.php\/wp-json\/wp\/v2\/users\/6"}],"replies":[{"embeddable":true,"href":"https:\/\/evertonfc.cz\/index.php\/wp-json\/wp\/v2\/comments?post=3866"}],"version-history":[{"count":1,"href":"https:\/\/evertonfc.cz\/index.php\/wp-json\/wp\/v2\/posts\/3866\/revisions"}],"predecessor-version":[{"id":3867,"href":"https:\/\/evertonfc.cz\/index.php\/wp-json\/wp\/v2\/posts\/3866\/revisions\/3867"}],"wp:featuredmedia":[{"embeddable":true,"href":"https:\/\/evertonfc.cz\/index.php\/wp-json\/wp\/v2\/media\/25544"}],"wp:attachment":[{"href":"https:\/\/evertonfc.cz\/index.php\/wp-json\/wp\/v2\/media?parent=3866"}],"wp:term":[{"taxonomy":"category","embeddable":true,"href":"https:\/\/evertonfc.cz\/index.php\/wp-json\/wp\/v2\/categories?post=3866"},{"taxonomy":"post_tag","embeddable":true,"href":"https:\/\/evertonfc.cz\/index.php\/wp-json\/wp\/v2\/tags?post=3866"}],"curies":[{"name":"wp","href":"https:\/\/api.w.org\/{rel}","templated":true}]}}