{"id":3876,"date":"2016-01-28T17:02:28","date_gmt":"2016-01-28T16:02:28","guid":{"rendered":"http:\/\/evertonfc.cz\/?p=3876"},"modified":"2019-02-12T17:03:28","modified_gmt":"2019-02-12T16:03:28","slug":"manchester-city-everton-31-2","status":"publish","type":"post","link":"https:\/\/evertonfc.cz\/index.php\/2016\/01\/28\/manchester-city-everton-31-2\/","title":{"rendered":"Manchester City &#8211; Everton 3:1"},"content":{"rendered":"<h4 id=\"NewsPostDetailSummary\">Favorit nakonec projevil svou s\u00edlu. Odvetu na dom\u00e1c\u00edm h\u0159i\u0161ti zvl\u00e1dl.<\/h4>\n<div id=\"NewsPostDetailContent\">\n<p>Mana\u017eer Mart\u00ednez sestavou p\u0159ekvapil, nasazen\u00ed Stonese na pravou obranu se ne\u010dekalo, kdy\u017e je k dispozici Coleman a up\u0159ednostn\u011bn\u00ed Osmana p\u0159ed n\u011bk\u00fdm z dvojice Kon\u00e9-Cleverley pak doslova \u0161okovalo.<\/p>\n<p>Aktivn\u011bji za\u010dali dom\u00e1c\u00ed, ale do veden\u00ed se dostal Everton. Barkley se dostal k m\u00ed\u010di kousek za p\u016flkou, jednomu skluzu se vyhnul, dal\u0161\u00edho protihr\u00e1\u010de p\u0159esprintoval a cca z 22 metr\u016f na\u0161el m\u00edsto u prav\u00e9 ty\u010de Caballerovy branky &#8211; <strong>0:1! <\/strong>Citizens srovnali rychle, Sterling a Tour\u00e9 netrefili za\u0159\u00edzen\u00ed, ale Fernandinho ji\u017e ano. Nicm\u00e9n\u011b to byla \u0161\u0165astn\u00e1 branka, Ag\u00fcerova st\u0159ela byla zblokov\u00e1na k Fernandinhovi a m\u00ed\u010d skon\u010dil v brance po v\u00fdrazn\u00e9 Bainesov\u011b te\u010di, kter\u00e1 poslala Roblese na jednu stranu a m\u00ed\u010d na druhou &#8211; <strong>1:1. <\/strong>Nejv\u011bt\u0161\u00ed \u0161anci na t\u0159et\u00ed g\u00f3l prome\u0161kal Silva, kdy\u017e nedok\u00e1zal svou dor\u00e1\u017eku Ag\u00fcerovy st\u0159ely do ty\u010de nasm\u011brovat k ty\u010di. \u0160pan\u011blsk\u00fd z\u00e1lo\u017en\u00edk trefil st\u0159ed branky a Robles vyrazil na roh. Do konce polo\u010dasu je\u0161t\u011b mus\u00edm zm\u00ednit st\u0159ely Lukaka a Deulofeua mimo.<\/p>\n<p>Druh\u00fd polo\u010das za\u010dal st\u0159\u00edd\u00e1n\u00edm dom\u00e1c\u00edch, Delph p\u0159epustil Navasovi. A v 48. minut\u011b to m\u011blo b\u00fdt 1:2. V dal\u0161\u00edm poveden\u00e9m brejku host\u016f Barkley p\u0159ihr\u00e1l doleva Deulofeuovi, ale ten ze strany Caballera neprost\u0159elil. Zde se l\u00e1mal chleba&#8230;Citizens zareagovali st\u0159elou Ag\u00fcera vedle a dal\u0161\u00ed st\u0159elou do brankov\u00e9 konstrukce, tentokr\u00e1t po Zabaletov\u011b centru a hlavi\u010dce Silvy. Tlak dom\u00e1c\u00edch nar\u016fstal, st\u0159elu Sterlinga musel na roh zblokovat Cleverley, pak st\u0159\u00edlel hlavou nad Otamendi. V 60. minut\u011b Everton s\u00e1hl k dvoj\u00edmu st\u0159\u00edd\u00e1n\u00ed, Kon\u00e9 nahradil Osmana a McCarthy Deulofeua. Z\u00e1sadn\u011bj\u0161\u00ed st\u0159\u00edd\u00e1n\u00ed se ud\u00e1lo v 66. minut\u011b, kdy kapit\u00e1na Yayu Tour\u00e9ho vyst\u0159\u00eddal de Bruyne.<\/p>\n<p>A \u010d\u00edm bylo tohle st\u0159\u00edd\u00e1n\u00ed tak z\u00e1sadn\u00ed? Belgick\u00fd z\u00e1lo\u017en\u00edk vst\u0159elil rozd\u00edlov\u00fd g\u00f3l. Ten ale nem\u011bl platit, Sterling nestihl m\u00ed\u010d na hrac\u00ed plo\u0161e. Barry (kter\u00fd byl v pozici, \u017ee by nem\u011bl probl\u00e9m s odkopnut\u00edm m\u00ed\u010de) to spr\u00e1vn\u011b signalizoval, p\u0159estal hr\u00e1t, ale praporek pomezn\u00edho z\u016fstal dole, Ag\u00fcero pustil m\u00ed\u010d na l\u00e9pe postaven\u00e9ho spoluhr\u00e1\u010de a ten zam\u00ed\u0159il k lev\u00e9 ty\u010di p\u0159esn\u011b &#8211; <strong>2:1. <\/strong>Kone\u010dnou podobu v\u00fdsledku dala op\u011bt dvojice de Bruyne &#8211; Ag\u00fcero, v tomto z\u00e1pase op\u011bt aktivn\u00ed argentinsk\u00fd \u00fato\u010dn\u00edk se trefil netradi\u010dn\u011b hlavou, kdy\u017e p\u0159esko\u010dil Stonese &#8211;<strong> 3:1<\/strong>. N\u00e1sledn\u011b Everton vyst\u0159\u00eddal naposledy, Coleman vym\u011bnil pr\u00e1v\u011b mlad\u00e9ho stopera. Vyst\u0159\u00eddali t\u00e9\u017e dom\u00e1c\u00ed, Fernando nahradil Silvu. Posledn\u00ed desetiminutovka byla relativn\u011b tvrd\u00e1, \u017elut\u00e9 karty postupn\u011b vid\u011bli Cleverley, Otamendi a Baines. Za zm\u00ednku stoj\u00ed snad je\u0161t\u011b neprom\u011bn\u011bn\u00e1 \u0161ance Ag\u00fcera op\u011bt po centru belgick\u00e9ho z\u00e1lo\u017en\u00edka.<\/p>\n<p>Ve Wembley se tak ve fin\u00e1le 28. \u00fanora st\u0159etnou favorit\u00e9 semifin\u00e1lov\u00fdch boj\u016f, Liverpool nastoup\u00ed proti Manchesteru City.<\/p>\n<p><strong>Branky<\/strong>:\u00a024. Fernandinho, 70. de Bruyne, 77. Ag\u00fcero \u2013 18. Barkley<\/p>\n<p><strong>\u017dK: <\/strong>85. Otamendi \u2013 84. Cleverley, 88. Baines<\/p>\n<p><strong>Manchester City FC:<\/strong> Caballero \u2013 Zabaleta, Otamendi, Demichelis, Clichy \u2013 Fernandinho, Delph (46. Navas) \u2013 Silva (80. Fernando), Yaya Tour\u00e9 (66. de Bruyne), Sterling \u2013 Aguero<\/p>\n<p><strong>Everton FC: <\/strong>Robles\u00a0&#8211; Baines, Jagielka, Mori, Stones (78. Coleman) &#8211; Barry, Cleverley- Osman (60. Kon\u00e9), Barkley, Deulofeu (60. McCarthy) &#8211; Lukaku<\/p>\n<p><strong>Rozhod\u010d\u00ed: <\/strong>Martin Atkinson<\/p>\n<p><strong>Div\u00e1ci: <\/strong>50 048<\/p>\n<\/div>\n","protected":false},"excerpt":{"rendered":"<p>Favorit nakonec projevil svou s\u00edlu. Odvetu na dom\u00e1c\u00edm h\u0159i\u0161ti zvl\u00e1dl. Mana\u017eer Mart\u00ednez sestavou p\u0159ekvapil, nasazen\u00ed Stonese na pravou obranu se&hellip;<\/p>\n","protected":false},"author":12,"featured_media":1315,"comment_status":"open","ping_status":"closed","sticky":false,"template":"","format":"standard","meta":{"_eb_attr":"","_monsterinsights_skip_tracking":false,"_monsterinsights_sitenote_active":false,"_monsterinsights_sitenote_note":"","_monsterinsights_sitenote_category":0,"footnotes":""},"categories":[4],"tags":[],"yoast_head":"<!-- This site is optimized with the Yoast SEO plugin v23.4 - https:\/\/yoast.com\/wordpress\/plugins\/seo\/ -->\n<title>Manchester City - Everton 3:1 - Official Czech &amp; Slovak Everton Supporters&#039; Club<\/title>\n<meta name=\"robots\" content=\"index, follow, max-snippet:-1, max-image-preview:large, max-video-preview:-1\" \/>\n<link rel=\"canonical\" href=\"https:\/\/evertonfc.cz\/index.php\/2016\/01\/28\/manchester-city-everton-31-2\/\" \/>\n<meta property=\"og:locale\" content=\"cs_CZ\" \/>\n<meta property=\"og:type\" content=\"article\" \/>\n<meta property=\"og:title\" content=\"Manchester City - Everton 3:1 - Official Czech &amp; Slovak Everton Supporters&#039; Club\" \/>\n<meta property=\"og:description\" content=\"Favorit nakonec projevil svou s\u00edlu. Odvetu na dom\u00e1c\u00edm h\u0159i\u0161ti zvl\u00e1dl. Mana\u017eer Mart\u00ednez sestavou p\u0159ekvapil, nasazen\u00ed Stonese na pravou obranu se&hellip;\" \/>\n<meta property=\"og:url\" content=\"https:\/\/evertonfc.cz\/index.php\/2016\/01\/28\/manchester-city-everton-31-2\/\" \/>\n<meta property=\"og:site_name\" content=\"Official Czech &amp; Slovak Everton Supporters&#039; Club\" \/>\n<meta property=\"article:publisher\" content=\"https:\/\/www.facebook.com\/everton.fans.cz.sk\" \/>\n<meta property=\"article:published_time\" content=\"2016-01-28T16:02:28+00:00\" \/>\n<meta property=\"article:modified_time\" content=\"2019-02-12T16:03:28+00:00\" \/>\n<meta property=\"og:image\" content=\"https:\/\/evertonfc.cz\/wp-content\/uploads\/2019\/01\/report.jpg\" \/>\n\t<meta property=\"og:image:width\" content=\"720\" \/>\n\t<meta property=\"og:image:height\" content=\"405\" \/>\n\t<meta property=\"og:image:type\" content=\"image\/jpeg\" \/>\n<meta name=\"author\" content=\"Javor\" \/>\n<meta name=\"twitter:card\" content=\"summary_large_image\" \/>\n<meta name=\"twitter:creator\" content=\"@LoudinJan\" \/>\n<meta name=\"twitter:label1\" content=\"Napsal(a)\" \/>\n\t<meta name=\"twitter:data1\" content=\"Javor\" \/>\n\t<meta name=\"twitter:label2\" content=\"Odhadovan\u00e1 doba \u010dten\u00ed\" \/>\n\t<meta name=\"twitter:data2\" content=\"3 minuty\" \/>\n<script type=\"application\/ld+json\" class=\"yoast-schema-graph\">{\"@context\":\"https:\/\/schema.org\",\"@graph\":[{\"@type\":\"Article\",\"@id\":\"https:\/\/evertonfc.cz\/index.php\/2016\/01\/28\/manchester-city-everton-31-2\/#article\",\"isPartOf\":{\"@id\":\"https:\/\/evertonfc.cz\/index.php\/2016\/01\/28\/manchester-city-everton-31-2\/\"},\"author\":{\"name\":\"Javor\",\"@id\":\"https:\/\/evertonfc.cz\/#\/schema\/person\/b30daf6a5852f4811f8207a17ec1bf78\"},\"headline\":\"Manchester City &#8211; Everton 3:1\",\"datePublished\":\"2016-01-28T16:02:28+00:00\",\"dateModified\":\"2019-02-12T16:03:28+00:00\",\"mainEntityOfPage\":{\"@id\":\"https:\/\/evertonfc.cz\/index.php\/2016\/01\/28\/manchester-city-everton-31-2\/\"},\"wordCount\":600,\"commentCount\":0,\"publisher\":{\"@id\":\"https:\/\/evertonfc.cz\/#organization\"},\"image\":{\"@id\":\"https:\/\/evertonfc.cz\/index.php\/2016\/01\/28\/manchester-city-everton-31-2\/#primaryimage\"},\"thumbnailUrl\":\"https:\/\/evertonfc.cz\/wp-content\/uploads\/2019\/01\/report.jpg\",\"articleSection\":[\"Z\u00e1pasy\"],\"inLanguage\":\"cs\",\"potentialAction\":[{\"@type\":\"CommentAction\",\"name\":\"Comment\",\"target\":[\"https:\/\/evertonfc.cz\/index.php\/2016\/01\/28\/manchester-city-everton-31-2\/#respond\"]}]},{\"@type\":\"WebPage\",\"@id\":\"https:\/\/evertonfc.cz\/index.php\/2016\/01\/28\/manchester-city-everton-31-2\/\",\"url\":\"https:\/\/evertonfc.cz\/index.php\/2016\/01\/28\/manchester-city-everton-31-2\/\",\"name\":\"Manchester City - Everton 3:1 - Official Czech &amp; Slovak Everton Supporters&#039; Club\",\"isPartOf\":{\"@id\":\"https:\/\/evertonfc.cz\/#website\"},\"primaryImageOfPage\":{\"@id\":\"https:\/\/evertonfc.cz\/index.php\/2016\/01\/28\/manchester-city-everton-31-2\/#primaryimage\"},\"image\":{\"@id\":\"https:\/\/evertonfc.cz\/index.php\/2016\/01\/28\/manchester-city-everton-31-2\/#primaryimage\"},\"thumbnailUrl\":\"https:\/\/evertonfc.cz\/wp-content\/uploads\/2019\/01\/report.jpg\",\"datePublished\":\"2016-01-28T16:02:28+00:00\",\"dateModified\":\"2019-02-12T16:03:28+00:00\",\"breadcrumb\":{\"@id\":\"https:\/\/evertonfc.cz\/index.php\/2016\/01\/28\/manchester-city-everton-31-2\/#breadcrumb\"},\"inLanguage\":\"cs\",\"potentialAction\":[{\"@type\":\"ReadAction\",\"target\":[\"https:\/\/evertonfc.cz\/index.php\/2016\/01\/28\/manchester-city-everton-31-2\/\"]}]},{\"@type\":\"ImageObject\",\"inLanguage\":\"cs\",\"@id\":\"https:\/\/evertonfc.cz\/index.php\/2016\/01\/28\/manchester-city-everton-31-2\/#primaryimage\",\"url\":\"https:\/\/evertonfc.cz\/wp-content\/uploads\/2019\/01\/report.jpg\",\"contentUrl\":\"https:\/\/evertonfc.cz\/wp-content\/uploads\/2019\/01\/report.jpg\",\"width\":720,\"height\":405},{\"@type\":\"BreadcrumbList\",\"@id\":\"https:\/\/evertonfc.cz\/index.php\/2016\/01\/28\/manchester-city-everton-31-2\/#breadcrumb\",\"itemListElement\":[{\"@type\":\"ListItem\",\"position\":1,\"name\":\"Home\",\"item\":\"https:\/\/evertonfc.cz\/\"},{\"@type\":\"ListItem\",\"position\":2,\"name\":\"Manchester City &#8211; Everton 3:1\"}]},{\"@type\":\"WebSite\",\"@id\":\"https:\/\/evertonfc.cz\/#website\",\"url\":\"https:\/\/evertonfc.cz\/\",\"name\":\"Official Czech &amp; Slovak Everton Supporters&#039; Club\",\"description\":\"\",\"publisher\":{\"@id\":\"https:\/\/evertonfc.cz\/#organization\"},\"potentialAction\":[{\"@type\":\"SearchAction\",\"target\":{\"@type\":\"EntryPoint\",\"urlTemplate\":\"https:\/\/evertonfc.cz\/?s={search_term_string}\"},\"query-input\":{\"@type\":\"PropertyValueSpecification\",\"valueRequired\":true,\"valueName\":\"search_term_string\"}}],\"inLanguage\":\"cs\"},{\"@type\":\"Organization\",\"@id\":\"https:\/\/evertonfc.cz\/#organization\",\"name\":\"Official Czech & Slovak Everton Supporters' Club\",\"url\":\"https:\/\/evertonfc.cz\/\",\"logo\":{\"@type\":\"ImageObject\",\"inLanguage\":\"cs\",\"@id\":\"https:\/\/evertonfc.cz\/#\/schema\/logo\/image\/\",\"url\":\"https:\/\/evertonfc.cz\/wp-content\/uploads\/2019\/05\/logo.png\",\"contentUrl\":\"https:\/\/evertonfc.cz\/wp-content\/uploads\/2019\/05\/logo.png\",\"width\":112,\"height\":112,\"caption\":\"Official Czech & Slovak Everton Supporters' Club\"},\"image\":{\"@id\":\"https:\/\/evertonfc.cz\/#\/schema\/logo\/image\/\"},\"sameAs\":[\"https:\/\/www.facebook.com\/everton.fans.cz.sk\"]},{\"@type\":\"Person\",\"@id\":\"https:\/\/evertonfc.cz\/#\/schema\/person\/b30daf6a5852f4811f8207a17ec1bf78\",\"name\":\"Javor\",\"sameAs\":[\"https:\/\/x.com\/LoudinJan\"],\"url\":\"https:\/\/evertonfc.cz\/index.php\/author\/javor\/\"}]}<\/script>\n<!-- \/ Yoast SEO plugin. -->","yoast_head_json":{"title":"Manchester City - Everton 3:1 - Official Czech &amp; Slovak Everton Supporters&#039; Club","robots":{"index":"index","follow":"follow","max-snippet":"max-snippet:-1","max-image-preview":"max-image-preview:large","max-video-preview":"max-video-preview:-1"},"canonical":"https:\/\/evertonfc.cz\/index.php\/2016\/01\/28\/manchester-city-everton-31-2\/","og_locale":"cs_CZ","og_type":"article","og_title":"Manchester City - Everton 3:1 - Official Czech &amp; Slovak Everton Supporters&#039; Club","og_description":"Favorit nakonec projevil svou s\u00edlu. Odvetu na dom\u00e1c\u00edm h\u0159i\u0161ti zvl\u00e1dl. Mana\u017eer Mart\u00ednez sestavou p\u0159ekvapil, nasazen\u00ed Stonese na pravou obranu se&hellip;","og_url":"https:\/\/evertonfc.cz\/index.php\/2016\/01\/28\/manchester-city-everton-31-2\/","og_site_name":"Official Czech &amp; Slovak Everton Supporters&#039; Club","article_publisher":"https:\/\/www.facebook.com\/everton.fans.cz.sk","article_published_time":"2016-01-28T16:02:28+00:00","article_modified_time":"2019-02-12T16:03:28+00:00","og_image":[{"width":720,"height":405,"url":"https:\/\/evertonfc.cz\/wp-content\/uploads\/2019\/01\/report.jpg","type":"image\/jpeg"}],"author":"Javor","twitter_card":"summary_large_image","twitter_creator":"@LoudinJan","twitter_misc":{"Napsal(a)":"Javor","Odhadovan\u00e1 doba \u010dten\u00ed":"3 minuty"},"schema":{"@context":"https:\/\/schema.org","@graph":[{"@type":"Article","@id":"https:\/\/evertonfc.cz\/index.php\/2016\/01\/28\/manchester-city-everton-31-2\/#article","isPartOf":{"@id":"https:\/\/evertonfc.cz\/index.php\/2016\/01\/28\/manchester-city-everton-31-2\/"},"author":{"name":"Javor","@id":"https:\/\/evertonfc.cz\/#\/schema\/person\/b30daf6a5852f4811f8207a17ec1bf78"},"headline":"Manchester City &#8211; Everton 3:1","datePublished":"2016-01-28T16:02:28+00:00","dateModified":"2019-02-12T16:03:28+00:00","mainEntityOfPage":{"@id":"https:\/\/evertonfc.cz\/index.php\/2016\/01\/28\/manchester-city-everton-31-2\/"},"wordCount":600,"commentCount":0,"publisher":{"@id":"https:\/\/evertonfc.cz\/#organization"},"image":{"@id":"https:\/\/evertonfc.cz\/index.php\/2016\/01\/28\/manchester-city-everton-31-2\/#primaryimage"},"thumbnailUrl":"https:\/\/evertonfc.cz\/wp-content\/uploads\/2019\/01\/report.jpg","articleSection":["Z\u00e1pasy"],"inLanguage":"cs","potentialAction":[{"@type":"CommentAction","name":"Comment","target":["https:\/\/evertonfc.cz\/index.php\/2016\/01\/28\/manchester-city-everton-31-2\/#respond"]}]},{"@type":"WebPage","@id":"https:\/\/evertonfc.cz\/index.php\/2016\/01\/28\/manchester-city-everton-31-2\/","url":"https:\/\/evertonfc.cz\/index.php\/2016\/01\/28\/manchester-city-everton-31-2\/","name":"Manchester City - Everton 3:1 - Official Czech &amp; Slovak Everton Supporters&#039; Club","isPartOf":{"@id":"https:\/\/evertonfc.cz\/#website"},"primaryImageOfPage":{"@id":"https:\/\/evertonfc.cz\/index.php\/2016\/01\/28\/manchester-city-everton-31-2\/#primaryimage"},"image":{"@id":"https:\/\/evertonfc.cz\/index.php\/2016\/01\/28\/manchester-city-everton-31-2\/#primaryimage"},"thumbnailUrl":"https:\/\/evertonfc.cz\/wp-content\/uploads\/2019\/01\/report.jpg","datePublished":"2016-01-28T16:02:28+00:00","dateModified":"2019-02-12T16:03:28+00:00","breadcrumb":{"@id":"https:\/\/evertonfc.cz\/index.php\/2016\/01\/28\/manchester-city-everton-31-2\/#breadcrumb"},"inLanguage":"cs","potentialAction":[{"@type":"ReadAction","target":["https:\/\/evertonfc.cz\/index.php\/2016\/01\/28\/manchester-city-everton-31-2\/"]}]},{"@type":"ImageObject","inLanguage":"cs","@id":"https:\/\/evertonfc.cz\/index.php\/2016\/01\/28\/manchester-city-everton-31-2\/#primaryimage","url":"https:\/\/evertonfc.cz\/wp-content\/uploads\/2019\/01\/report.jpg","contentUrl":"https:\/\/evertonfc.cz\/wp-content\/uploads\/2019\/01\/report.jpg","width":720,"height":405},{"@type":"BreadcrumbList","@id":"https:\/\/evertonfc.cz\/index.php\/2016\/01\/28\/manchester-city-everton-31-2\/#breadcrumb","itemListElement":[{"@type":"ListItem","position":1,"name":"Home","item":"https:\/\/evertonfc.cz\/"},{"@type":"ListItem","position":2,"name":"Manchester City &#8211; Everton 3:1"}]},{"@type":"WebSite","@id":"https:\/\/evertonfc.cz\/#website","url":"https:\/\/evertonfc.cz\/","name":"Official Czech &amp; Slovak Everton Supporters&#039; Club","description":"","publisher":{"@id":"https:\/\/evertonfc.cz\/#organization"},"potentialAction":[{"@type":"SearchAction","target":{"@type":"EntryPoint","urlTemplate":"https:\/\/evertonfc.cz\/?s={search_term_string}"},"query-input":{"@type":"PropertyValueSpecification","valueRequired":true,"valueName":"search_term_string"}}],"inLanguage":"cs"},{"@type":"Organization","@id":"https:\/\/evertonfc.cz\/#organization","name":"Official Czech & Slovak Everton Supporters' Club","url":"https:\/\/evertonfc.cz\/","logo":{"@type":"ImageObject","inLanguage":"cs","@id":"https:\/\/evertonfc.cz\/#\/schema\/logo\/image\/","url":"https:\/\/evertonfc.cz\/wp-content\/uploads\/2019\/05\/logo.png","contentUrl":"https:\/\/evertonfc.cz\/wp-content\/uploads\/2019\/05\/logo.png","width":112,"height":112,"caption":"Official Czech & Slovak Everton Supporters' Club"},"image":{"@id":"https:\/\/evertonfc.cz\/#\/schema\/logo\/image\/"},"sameAs":["https:\/\/www.facebook.com\/everton.fans.cz.sk"]},{"@type":"Person","@id":"https:\/\/evertonfc.cz\/#\/schema\/person\/b30daf6a5852f4811f8207a17ec1bf78","name":"Javor","sameAs":["https:\/\/x.com\/LoudinJan"],"url":"https:\/\/evertonfc.cz\/index.php\/author\/javor\/"}]}},"_links":{"self":[{"href":"https:\/\/evertonfc.cz\/index.php\/wp-json\/wp\/v2\/posts\/3876"}],"collection":[{"href":"https:\/\/evertonfc.cz\/index.php\/wp-json\/wp\/v2\/posts"}],"about":[{"href":"https:\/\/evertonfc.cz\/index.php\/wp-json\/wp\/v2\/types\/post"}],"author":[{"embeddable":true,"href":"https:\/\/evertonfc.cz\/index.php\/wp-json\/wp\/v2\/users\/12"}],"replies":[{"embeddable":true,"href":"https:\/\/evertonfc.cz\/index.php\/wp-json\/wp\/v2\/comments?post=3876"}],"version-history":[{"count":1,"href":"https:\/\/evertonfc.cz\/index.php\/wp-json\/wp\/v2\/posts\/3876\/revisions"}],"predecessor-version":[{"id":3877,"href":"https:\/\/evertonfc.cz\/index.php\/wp-json\/wp\/v2\/posts\/3876\/revisions\/3877"}],"wp:featuredmedia":[{"embeddable":true,"href":"https:\/\/evertonfc.cz\/index.php\/wp-json\/wp\/v2\/media\/1315"}],"wp:attachment":[{"href":"https:\/\/evertonfc.cz\/index.php\/wp-json\/wp\/v2\/media?parent=3876"}],"wp:term":[{"taxonomy":"category","embeddable":true,"href":"https:\/\/evertonfc.cz\/index.php\/wp-json\/wp\/v2\/categories?post=3876"},{"taxonomy":"post_tag","embeddable":true,"href":"https:\/\/evertonfc.cz\/index.php\/wp-json\/wp\/v2\/tags?post=3876"}],"curies":[{"name":"wp","href":"https:\/\/api.w.org\/{rel}","templated":true}]}}