{"id":3880,"date":"2016-01-26T17:15:26","date_gmt":"2016-01-26T16:15:26","guid":{"rendered":"http:\/\/evertonfc.cz\/?p=3880"},"modified":"2021-02-17T15:59:55","modified_gmt":"2021-02-17T14:59:55","slug":"preview-manchester-city-everton-5","status":"publish","type":"post","link":"https:\/\/evertonfc.cz\/index.php\/2016\/01\/26\/preview-manchester-city-everton-5\/","title":{"rendered":"Preview: Manchester City &#8211; Everton"},"content":{"rendered":"<h4 id=\"NewsPostDetailSummary\">Epizoda 6 3 manchestercitizensk\u00e9 trilogie &#8211; Bill\u016fv n\u00e1vrat.<\/h4>\n<div id=\"NewsPostDetailContent\">\n<p>S\u00edly tmav\u011b modr\u00fdch rebel\u016f se po jednom \u00fatoku st\u00e1hly zp\u011bt v podstat\u011b beze ztr\u00e1t na svou z\u00e1kladnu. Imp\u00e9rium temn\u00e9ho \u0161ejka Mans\u00fara a vykonavatele jeho rozkaz\u016f, lorda Pellegrina, se ale chyst\u00e1 tentokr\u00e1t rebely zni\u010dit. V\u011bd\u00ed, \u017ee musej\u00ed vyhr\u00e1t, jinak&#8230; Nav\u00edc lze mluvit o\u00a0v\u00fdhod\u011b dom\u00e1c\u00edho prost\u0159ed\u00ed okol\u00ed, kter\u00e9 znaj\u00ed d\u016fv\u011brn\u011b a l\u00e9pe.<\/p>\n<p>Evertonu se pro druh\u00e9 utk\u00e1n\u00ed Ligov\u00e9ho poh\u00e1ru vrac\u00ed do sestavy stoper Jagielka a tak\u00e9 nastoup\u00ed obvykl\u00fd poh\u00e1rov\u00fd brank\u00e1\u0159, tedy Robles. Uzdravil se z\u00e1lo\u017en\u00edk McCarthy a jist\u011b do utk\u00e1n\u00ed zas\u00e1hne, ned\u011bln\u00ed utk\u00e1n\u00ed bez \u00fajmy zvl\u00e1dli Cleverley a Pienaar, ur\u010dit\u011b budou nominov\u00e1ni aspo\u0148 na lavi\u010dku. Naopak do kolonky ztr\u00e1ty mus\u00edme knihovat dvojici Be\u0161i\u0107 (p\u0159itahova\u010d stehenn\u00edho svalu) &#8211; Mirallas (\u0161lacha), bosensk\u00fd z\u00e1lo\u017en\u00edk nastoupil evidentn\u011b nedol\u00e9\u010den\u00fd a stehno nevydr\u017eelo. Zat\u00edm nen\u00ed zn\u00e1mo, jak dlouho nebudou k dispozici. V po\u0159\u00e1dku je i Coleman. Jedin\u00fd otazn\u00edk vis\u00ed nad obsazen\u00edm lev\u00e9ho z\u00e1lo\u017en\u00edka, v z\u00e1kladu bude z\u0159ejm\u011b jeden z dvojice Kon\u00e9-Cleverley. Osobn\u011b v nasazen\u00ed Lennona nev\u011b\u0159\u00edm, stejn\u011b jako si mysl\u00edm, \u017ee to bude Mori, kdo za\u010dne na lavi\u010dce (a ne Stones, jeho\u017e forma v posledn\u00ed dob\u011b je mizern\u00e1). A jo, opravdu je \u0161koda, \u017ee se Toffees nepoda\u0159ilo doma vst\u0159elit t\u0159et\u00ed branku, kdy\u017e soupe\u0159e tak jasn\u011b p\u0159ehr\u00e1li.<\/p>\n<p>Pellegrini na p\u0159edz\u00e1pasov\u00e9 tiskov\u00e9 konferenci potvrdil, \u017ee v brance op\u011bt nastoup\u00ed Caballero a p\u011btice Bony-Kolarov-Kompany-Mangala-Nasri do utk\u00e1n\u00ed nezas\u00e1hne. Prvn\u00ed t\u0159i tr\u00e1p\u00ed zran\u011bn\u00ed l\u00fdtka, druz\u00ed dva maj\u00ed stejn\u00e9 zran\u011bn\u00ed jako Be\u0161i\u0107. Zmi\u0148ovat hv\u011bzdnou z\u00e1lohu Citizens je no\u0161en\u00ed d\u0159\u00edv\u00ed do lesa a lze p\u0159edpokl\u00e1dat, \u017ee na rozd\u00edl od prvn\u00edho z\u00e1pasu budou hr\u00e1t po\u0159\u00e1dn\u011b cel\u00e9 utk\u00e1n\u00ed, nikoliv 15-20 minut. P\u0159ed Caballerem t\u00e9m\u011b\u0159 jist\u011b nastoup\u00ed dvojice Otamendi-Demichelis, jej\u00ed\u017e kvality jsou, m\u00edrn\u011b \u0159e\u010deno, pr\u016fm\u011brn\u00e9. Tudy by mohla v\u00e9st cesta. Na hrotu jist\u011b nastoup\u00ed Aguero, nep\u0159ekvapilo by vr\u00e1cen\u00ed Zabalety do z\u00e1kladn\u00ed sestavy, na k\u0159\u00eddlech Sterling a Silva? Uvid\u00edme, ka\u017edop\u00e1dn\u011b dom\u00e1c\u00ed mus\u00ed vyhr\u00e1t a nejl\u00e9pe pro n\u011b aspo\u0148 o dv\u011b branky.<\/p>\n<p>To n\u00e1s p\u0159iv\u00e1d\u00ed k postupov\u00e9 matematice. <strong>Dom\u00e1c\u00ed postoup\u00ed, kdy\u017e: vyhraj\u00ed o dv\u011b branky ji\u017e po devades\u00e1ti minut\u00e1ch \u010di vyhraj\u00ed 1:0 po sto dvaceti minut\u00e1ch. <\/strong>Pokud by po dvou hodin\u00e1ch hry bylo sk\u00f3re 2:1, o druh\u00e9m finalistovi by rozhodovaly &#8222;p\u011btky&#8220;. <strong>Host\u00e9 postoup\u00ed, kdy\u017e: vyhraj\u00ed, remizuj\u00ed, prohraj\u00ed o g\u00f3l, kdy\u017e vst\u0159el\u00ed aspo\u0148 dv\u011b branky.<\/strong><\/p>\n<p>Utk\u00e1n\u00ed vys\u00edl\u00e1 p\u0159\u00edm\u00fdm p\u0159enosem stanice Nova sport 2.<\/p>\n<p><strong>Co: <\/strong>Manchester City FC &#8211; Everton FC,\u00a0semifin\u00e1le Ligov\u00e9ho poh\u00e1ru, 2. z\u00e1pas<br \/>\n<strong>Kdy:<\/strong> 27. 1. 2016 od 20:45 SE\u010c<br \/>\n<strong>Kde:<\/strong> City of Manchester Stadium, Ashton new road, Manchester, Anglie (kapacita: 47 726)<br \/>\n<strong>Rozhod\u010d\u00ed:<\/strong> Martin Atkinson<\/p>\n<\/div>\n","protected":false},"excerpt":{"rendered":"<p>Epizoda 6 3 manchestercitizensk\u00e9 trilogie &#8211; Bill\u016fv n\u00e1vrat.<\/p>\n","protected":false},"author":12,"featured_media":14182,"comment_status":"open","ping_status":"closed","sticky":false,"template":"","format":"standard","meta":{"_eb_attr":"","_monsterinsights_skip_tracking":false,"_monsterinsights_sitenote_active":false,"_monsterinsights_sitenote_note":"","_monsterinsights_sitenote_category":0,"footnotes":""},"categories":[4],"tags":[],"yoast_head":"<!-- This site is optimized with the Yoast SEO plugin v23.4 - https:\/\/yoast.com\/wordpress\/plugins\/seo\/ -->\n<title>Preview: Manchester City - Everton - Official Czech &amp; Slovak Everton Supporters&#039; Club<\/title>\n<meta name=\"robots\" content=\"index, follow, max-snippet:-1, max-image-preview:large, max-video-preview:-1\" \/>\n<link rel=\"canonical\" href=\"https:\/\/evertonfc.cz\/index.php\/2016\/01\/26\/preview-manchester-city-everton-5\/\" \/>\n<meta property=\"og:locale\" content=\"cs_CZ\" \/>\n<meta property=\"og:type\" content=\"article\" \/>\n<meta property=\"og:title\" content=\"Preview: Manchester City - Everton - Official Czech &amp; Slovak Everton Supporters&#039; Club\" \/>\n<meta property=\"og:description\" content=\"Epizoda 6 3 manchestercitizensk\u00e9 trilogie - Bill\u016fv n\u00e1vrat.\" \/>\n<meta property=\"og:url\" content=\"https:\/\/evertonfc.cz\/index.php\/2016\/01\/26\/preview-manchester-city-everton-5\/\" \/>\n<meta property=\"og:site_name\" content=\"Official Czech &amp; Slovak Everton Supporters&#039; Club\" \/>\n<meta property=\"article:publisher\" content=\"https:\/\/www.facebook.com\/everton.fans.cz.sk\" \/>\n<meta property=\"article:published_time\" content=\"2016-01-26T16:15:26+00:00\" \/>\n<meta property=\"article:modified_time\" content=\"2021-02-17T14:59:55+00:00\" \/>\n<meta property=\"og:image\" content=\"https:\/\/evertonfc.cz\/wp-content\/uploads\/2021\/02\/Manchester-City-VS-Everton.jpg\" \/>\n\t<meta property=\"og:image:width\" content=\"720\" \/>\n\t<meta property=\"og:image:height\" content=\"405\" \/>\n\t<meta property=\"og:image:type\" content=\"image\/jpeg\" \/>\n<meta name=\"author\" content=\"Javor\" \/>\n<meta name=\"twitter:card\" content=\"summary_large_image\" \/>\n<meta name=\"twitter:creator\" content=\"@LoudinJan\" \/>\n<meta name=\"twitter:label1\" content=\"Napsal(a)\" \/>\n\t<meta name=\"twitter:data1\" content=\"Javor\" \/>\n\t<meta name=\"twitter:label2\" content=\"Odhadovan\u00e1 doba \u010dten\u00ed\" \/>\n\t<meta name=\"twitter:data2\" content=\"3 minuty\" \/>\n<script type=\"application\/ld+json\" class=\"yoast-schema-graph\">{\"@context\":\"https:\/\/schema.org\",\"@graph\":[{\"@type\":\"Article\",\"@id\":\"https:\/\/evertonfc.cz\/index.php\/2016\/01\/26\/preview-manchester-city-everton-5\/#article\",\"isPartOf\":{\"@id\":\"https:\/\/evertonfc.cz\/index.php\/2016\/01\/26\/preview-manchester-city-everton-5\/\"},\"author\":{\"name\":\"Javor\",\"@id\":\"https:\/\/evertonfc.cz\/#\/schema\/person\/b30daf6a5852f4811f8207a17ec1bf78\"},\"headline\":\"Preview: Manchester City &#8211; Everton\",\"datePublished\":\"2016-01-26T16:15:26+00:00\",\"dateModified\":\"2021-02-17T14:59:55+00:00\",\"mainEntityOfPage\":{\"@id\":\"https:\/\/evertonfc.cz\/index.php\/2016\/01\/26\/preview-manchester-city-everton-5\/\"},\"wordCount\":523,\"commentCount\":0,\"publisher\":{\"@id\":\"https:\/\/evertonfc.cz\/#organization\"},\"image\":{\"@id\":\"https:\/\/evertonfc.cz\/index.php\/2016\/01\/26\/preview-manchester-city-everton-5\/#primaryimage\"},\"thumbnailUrl\":\"https:\/\/evertonfc.cz\/wp-content\/uploads\/2021\/02\/Manchester-City-VS-Everton.jpg\",\"articleSection\":[\"Z\u00e1pasy\"],\"inLanguage\":\"cs\",\"potentialAction\":[{\"@type\":\"CommentAction\",\"name\":\"Comment\",\"target\":[\"https:\/\/evertonfc.cz\/index.php\/2016\/01\/26\/preview-manchester-city-everton-5\/#respond\"]}]},{\"@type\":\"WebPage\",\"@id\":\"https:\/\/evertonfc.cz\/index.php\/2016\/01\/26\/preview-manchester-city-everton-5\/\",\"url\":\"https:\/\/evertonfc.cz\/index.php\/2016\/01\/26\/preview-manchester-city-everton-5\/\",\"name\":\"Preview: Manchester City - Everton - Official Czech &amp; Slovak Everton Supporters&#039; Club\",\"isPartOf\":{\"@id\":\"https:\/\/evertonfc.cz\/#website\"},\"primaryImageOfPage\":{\"@id\":\"https:\/\/evertonfc.cz\/index.php\/2016\/01\/26\/preview-manchester-city-everton-5\/#primaryimage\"},\"image\":{\"@id\":\"https:\/\/evertonfc.cz\/index.php\/2016\/01\/26\/preview-manchester-city-everton-5\/#primaryimage\"},\"thumbnailUrl\":\"https:\/\/evertonfc.cz\/wp-content\/uploads\/2021\/02\/Manchester-City-VS-Everton.jpg\",\"datePublished\":\"2016-01-26T16:15:26+00:00\",\"dateModified\":\"2021-02-17T14:59:55+00:00\",\"breadcrumb\":{\"@id\":\"https:\/\/evertonfc.cz\/index.php\/2016\/01\/26\/preview-manchester-city-everton-5\/#breadcrumb\"},\"inLanguage\":\"cs\",\"potentialAction\":[{\"@type\":\"ReadAction\",\"target\":[\"https:\/\/evertonfc.cz\/index.php\/2016\/01\/26\/preview-manchester-city-everton-5\/\"]}]},{\"@type\":\"ImageObject\",\"inLanguage\":\"cs\",\"@id\":\"https:\/\/evertonfc.cz\/index.php\/2016\/01\/26\/preview-manchester-city-everton-5\/#primaryimage\",\"url\":\"https:\/\/evertonfc.cz\/wp-content\/uploads\/2021\/02\/Manchester-City-VS-Everton.jpg\",\"contentUrl\":\"https:\/\/evertonfc.cz\/wp-content\/uploads\/2021\/02\/Manchester-City-VS-Everton.jpg\",\"width\":720,\"height\":405},{\"@type\":\"BreadcrumbList\",\"@id\":\"https:\/\/evertonfc.cz\/index.php\/2016\/01\/26\/preview-manchester-city-everton-5\/#breadcrumb\",\"itemListElement\":[{\"@type\":\"ListItem\",\"position\":1,\"name\":\"Home\",\"item\":\"https:\/\/evertonfc.cz\/\"},{\"@type\":\"ListItem\",\"position\":2,\"name\":\"Preview: Manchester City &#8211; Everton\"}]},{\"@type\":\"WebSite\",\"@id\":\"https:\/\/evertonfc.cz\/#website\",\"url\":\"https:\/\/evertonfc.cz\/\",\"name\":\"Official Czech &amp; Slovak Everton Supporters&#039; Club\",\"description\":\"\",\"publisher\":{\"@id\":\"https:\/\/evertonfc.cz\/#organization\"},\"potentialAction\":[{\"@type\":\"SearchAction\",\"target\":{\"@type\":\"EntryPoint\",\"urlTemplate\":\"https:\/\/evertonfc.cz\/?s={search_term_string}\"},\"query-input\":{\"@type\":\"PropertyValueSpecification\",\"valueRequired\":true,\"valueName\":\"search_term_string\"}}],\"inLanguage\":\"cs\"},{\"@type\":\"Organization\",\"@id\":\"https:\/\/evertonfc.cz\/#organization\",\"name\":\"Official Czech & Slovak Everton Supporters' Club\",\"url\":\"https:\/\/evertonfc.cz\/\",\"logo\":{\"@type\":\"ImageObject\",\"inLanguage\":\"cs\",\"@id\":\"https:\/\/evertonfc.cz\/#\/schema\/logo\/image\/\",\"url\":\"https:\/\/evertonfc.cz\/wp-content\/uploads\/2019\/05\/logo.png\",\"contentUrl\":\"https:\/\/evertonfc.cz\/wp-content\/uploads\/2019\/05\/logo.png\",\"width\":112,\"height\":112,\"caption\":\"Official Czech & Slovak Everton Supporters' Club\"},\"image\":{\"@id\":\"https:\/\/evertonfc.cz\/#\/schema\/logo\/image\/\"},\"sameAs\":[\"https:\/\/www.facebook.com\/everton.fans.cz.sk\"]},{\"@type\":\"Person\",\"@id\":\"https:\/\/evertonfc.cz\/#\/schema\/person\/b30daf6a5852f4811f8207a17ec1bf78\",\"name\":\"Javor\",\"sameAs\":[\"https:\/\/x.com\/LoudinJan\"],\"url\":\"https:\/\/evertonfc.cz\/index.php\/author\/javor\/\"}]}<\/script>\n<!-- \/ Yoast SEO plugin. -->","yoast_head_json":{"title":"Preview: Manchester City - Everton - Official Czech &amp; Slovak Everton Supporters&#039; Club","robots":{"index":"index","follow":"follow","max-snippet":"max-snippet:-1","max-image-preview":"max-image-preview:large","max-video-preview":"max-video-preview:-1"},"canonical":"https:\/\/evertonfc.cz\/index.php\/2016\/01\/26\/preview-manchester-city-everton-5\/","og_locale":"cs_CZ","og_type":"article","og_title":"Preview: Manchester City - Everton - Official Czech &amp; Slovak Everton Supporters&#039; Club","og_description":"Epizoda 6 3 manchestercitizensk\u00e9 trilogie - Bill\u016fv n\u00e1vrat.","og_url":"https:\/\/evertonfc.cz\/index.php\/2016\/01\/26\/preview-manchester-city-everton-5\/","og_site_name":"Official Czech &amp; Slovak Everton Supporters&#039; Club","article_publisher":"https:\/\/www.facebook.com\/everton.fans.cz.sk","article_published_time":"2016-01-26T16:15:26+00:00","article_modified_time":"2021-02-17T14:59:55+00:00","og_image":[{"width":720,"height":405,"url":"https:\/\/evertonfc.cz\/wp-content\/uploads\/2021\/02\/Manchester-City-VS-Everton.jpg","type":"image\/jpeg"}],"author":"Javor","twitter_card":"summary_large_image","twitter_creator":"@LoudinJan","twitter_misc":{"Napsal(a)":"Javor","Odhadovan\u00e1 doba \u010dten\u00ed":"3 minuty"},"schema":{"@context":"https:\/\/schema.org","@graph":[{"@type":"Article","@id":"https:\/\/evertonfc.cz\/index.php\/2016\/01\/26\/preview-manchester-city-everton-5\/#article","isPartOf":{"@id":"https:\/\/evertonfc.cz\/index.php\/2016\/01\/26\/preview-manchester-city-everton-5\/"},"author":{"name":"Javor","@id":"https:\/\/evertonfc.cz\/#\/schema\/person\/b30daf6a5852f4811f8207a17ec1bf78"},"headline":"Preview: Manchester City &#8211; Everton","datePublished":"2016-01-26T16:15:26+00:00","dateModified":"2021-02-17T14:59:55+00:00","mainEntityOfPage":{"@id":"https:\/\/evertonfc.cz\/index.php\/2016\/01\/26\/preview-manchester-city-everton-5\/"},"wordCount":523,"commentCount":0,"publisher":{"@id":"https:\/\/evertonfc.cz\/#organization"},"image":{"@id":"https:\/\/evertonfc.cz\/index.php\/2016\/01\/26\/preview-manchester-city-everton-5\/#primaryimage"},"thumbnailUrl":"https:\/\/evertonfc.cz\/wp-content\/uploads\/2021\/02\/Manchester-City-VS-Everton.jpg","articleSection":["Z\u00e1pasy"],"inLanguage":"cs","potentialAction":[{"@type":"CommentAction","name":"Comment","target":["https:\/\/evertonfc.cz\/index.php\/2016\/01\/26\/preview-manchester-city-everton-5\/#respond"]}]},{"@type":"WebPage","@id":"https:\/\/evertonfc.cz\/index.php\/2016\/01\/26\/preview-manchester-city-everton-5\/","url":"https:\/\/evertonfc.cz\/index.php\/2016\/01\/26\/preview-manchester-city-everton-5\/","name":"Preview: Manchester City - Everton - Official Czech &amp; Slovak Everton Supporters&#039; Club","isPartOf":{"@id":"https:\/\/evertonfc.cz\/#website"},"primaryImageOfPage":{"@id":"https:\/\/evertonfc.cz\/index.php\/2016\/01\/26\/preview-manchester-city-everton-5\/#primaryimage"},"image":{"@id":"https:\/\/evertonfc.cz\/index.php\/2016\/01\/26\/preview-manchester-city-everton-5\/#primaryimage"},"thumbnailUrl":"https:\/\/evertonfc.cz\/wp-content\/uploads\/2021\/02\/Manchester-City-VS-Everton.jpg","datePublished":"2016-01-26T16:15:26+00:00","dateModified":"2021-02-17T14:59:55+00:00","breadcrumb":{"@id":"https:\/\/evertonfc.cz\/index.php\/2016\/01\/26\/preview-manchester-city-everton-5\/#breadcrumb"},"inLanguage":"cs","potentialAction":[{"@type":"ReadAction","target":["https:\/\/evertonfc.cz\/index.php\/2016\/01\/26\/preview-manchester-city-everton-5\/"]}]},{"@type":"ImageObject","inLanguage":"cs","@id":"https:\/\/evertonfc.cz\/index.php\/2016\/01\/26\/preview-manchester-city-everton-5\/#primaryimage","url":"https:\/\/evertonfc.cz\/wp-content\/uploads\/2021\/02\/Manchester-City-VS-Everton.jpg","contentUrl":"https:\/\/evertonfc.cz\/wp-content\/uploads\/2021\/02\/Manchester-City-VS-Everton.jpg","width":720,"height":405},{"@type":"BreadcrumbList","@id":"https:\/\/evertonfc.cz\/index.php\/2016\/01\/26\/preview-manchester-city-everton-5\/#breadcrumb","itemListElement":[{"@type":"ListItem","position":1,"name":"Home","item":"https:\/\/evertonfc.cz\/"},{"@type":"ListItem","position":2,"name":"Preview: Manchester City &#8211; Everton"}]},{"@type":"WebSite","@id":"https:\/\/evertonfc.cz\/#website","url":"https:\/\/evertonfc.cz\/","name":"Official Czech &amp; Slovak Everton Supporters&#039; Club","description":"","publisher":{"@id":"https:\/\/evertonfc.cz\/#organization"},"potentialAction":[{"@type":"SearchAction","target":{"@type":"EntryPoint","urlTemplate":"https:\/\/evertonfc.cz\/?s={search_term_string}"},"query-input":{"@type":"PropertyValueSpecification","valueRequired":true,"valueName":"search_term_string"}}],"inLanguage":"cs"},{"@type":"Organization","@id":"https:\/\/evertonfc.cz\/#organization","name":"Official Czech & Slovak Everton Supporters' Club","url":"https:\/\/evertonfc.cz\/","logo":{"@type":"ImageObject","inLanguage":"cs","@id":"https:\/\/evertonfc.cz\/#\/schema\/logo\/image\/","url":"https:\/\/evertonfc.cz\/wp-content\/uploads\/2019\/05\/logo.png","contentUrl":"https:\/\/evertonfc.cz\/wp-content\/uploads\/2019\/05\/logo.png","width":112,"height":112,"caption":"Official Czech & Slovak Everton Supporters' Club"},"image":{"@id":"https:\/\/evertonfc.cz\/#\/schema\/logo\/image\/"},"sameAs":["https:\/\/www.facebook.com\/everton.fans.cz.sk"]},{"@type":"Person","@id":"https:\/\/evertonfc.cz\/#\/schema\/person\/b30daf6a5852f4811f8207a17ec1bf78","name":"Javor","sameAs":["https:\/\/x.com\/LoudinJan"],"url":"https:\/\/evertonfc.cz\/index.php\/author\/javor\/"}]}},"_links":{"self":[{"href":"https:\/\/evertonfc.cz\/index.php\/wp-json\/wp\/v2\/posts\/3880"}],"collection":[{"href":"https:\/\/evertonfc.cz\/index.php\/wp-json\/wp\/v2\/posts"}],"about":[{"href":"https:\/\/evertonfc.cz\/index.php\/wp-json\/wp\/v2\/types\/post"}],"author":[{"embeddable":true,"href":"https:\/\/evertonfc.cz\/index.php\/wp-json\/wp\/v2\/users\/12"}],"replies":[{"embeddable":true,"href":"https:\/\/evertonfc.cz\/index.php\/wp-json\/wp\/v2\/comments?post=3880"}],"version-history":[{"count":4,"href":"https:\/\/evertonfc.cz\/index.php\/wp-json\/wp\/v2\/posts\/3880\/revisions"}],"predecessor-version":[{"id":14189,"href":"https:\/\/evertonfc.cz\/index.php\/wp-json\/wp\/v2\/posts\/3880\/revisions\/14189"}],"wp:featuredmedia":[{"embeddable":true,"href":"https:\/\/evertonfc.cz\/index.php\/wp-json\/wp\/v2\/media\/14182"}],"wp:attachment":[{"href":"https:\/\/evertonfc.cz\/index.php\/wp-json\/wp\/v2\/media?parent=3880"}],"wp:term":[{"taxonomy":"category","embeddable":true,"href":"https:\/\/evertonfc.cz\/index.php\/wp-json\/wp\/v2\/categories?post=3880"},{"taxonomy":"post_tag","embeddable":true,"href":"https:\/\/evertonfc.cz\/index.php\/wp-json\/wp\/v2\/tags?post=3880"}],"curies":[{"name":"wp","href":"https:\/\/api.w.org\/{rel}","templated":true}]}}