{"id":3882,"date":"2016-01-24T17:16:53","date_gmt":"2016-01-24T16:16:53","guid":{"rendered":"http:\/\/evertonfc.cz\/?p=3882"},"modified":"2019-02-12T17:17:58","modified_gmt":"2019-02-12T16:17:58","slug":"everton-swansea-12","status":"publish","type":"post","link":"https:\/\/evertonfc.cz\/index.php\/2016\/01\/24\/everton-swansea-12\/","title":{"rendered":"Everton &#8211; Swansea 1:2"},"content":{"rendered":"<h4 id=\"NewsPostDetailSummary\">\u0160patn\u00fd v\u00fdkon proti kandid\u00e1tovi sestupu symptomaticky podtrhl Coleman v posledn\u00ed minut\u011b. Nav\u00edc Everton p\u0159i\u0161el o Be\u0161i\u0107e a Mirallase.<\/h4>\n<div id=\"NewsPostDetailContent\">\n<p>Mart\u00ednez pro z\u00e1pas provedl dv\u011b zm\u011bny, do z\u00e1kladu se vr\u00e1til Mori, Jagielka nebyl ani na lavi\u010dce, stejn\u011b jako McCarthy. Tam se naopak posadil Coleman, Oviedo za\u010dal v z\u00e1kladu a na prav\u00e9 z\u00e1loze Deulofeu nahradil Lennona. Swansea ud\u011blala jednu zm\u011bnu, Naughtona nahradil na prav\u00e9 stran\u011b obrany Angel Rangel.<\/p>\n<p>Everton se m\u00e1lem dostal do veden\u00ed ve \u010dtvrt\u00e9 minut\u011b, kdy\u017e se na p\u016flic\u00ed \u010d\u00e1\u0159e dostal k m\u00ed\u010di Besi\u0107 po p\u0159i\u0165uknut\u00ed Lukaka. Srbsk\u00fd z\u00e1lo\u017en\u00edk postupil neatakov\u00e1n a\u017e skoro k velk\u00e9mu v\u00e1pnu a vyst\u0159elil, m\u00ed\u010d se ot\u0159el o vn\u011bj\u0161\u00ed \u010d\u00e1st lev\u00e9 ty\u010dky a do autu. Fabianski se pouze ohl\u00e9dl.. To ale bylo v\u0161e, co Be\u0161i\u0107 p\u0159edvedl, v des\u00e1t\u00e9 minut\u011b musel odstoupit a ode\u0161el rovnou do kabiny. Vyst\u0159\u00eddal ho Cleverley. Je mo\u017en\u00e9, \u017ee to srbsk\u00e1 sedmn\u00e1ctka \u0161la jen zkusit. O chvilku pozd\u011bji sejmul Britton skluzem zep\u0159edu Barkleyho, rozhod\u010d\u00ed Taylor nechal \u017elutou kartu v kapse.<\/p>\n<p>Prvn\u00ed branku z\u00e1pasu vst\u0159elila Swansea z penalty. Stones nesmysln\u011b p\u0159ihr\u00e1val brank\u00e1\u0159ovi, ale u m\u00ed\u010de byl d\u0159\u00edve Ayew a Howard ho podrazil. Penaltu prom\u011bnil Sigurdsson st\u0159elou do \u0161ibenice &#8211; <strong>0:1.<\/strong> Je pravdou, \u017ee host\u00e9 do t\u00e9 doby byli aktivn\u011bj\u0161\u00ed, m\u011bli tlak bez p\u0159\u00edle\u017eitost\u00ed. Po \u0161patn\u00e9m odhlavi\u010dkov\u00e1n\u00ed Stonese se do dal\u0161\u00ed p\u0159\u00edle\u017eitosti dostal Ayew, ale zd\u00e1lky p\u0159est\u0159elil asi o t\u0159i metry. O chvilku pozd\u011bji Baines\u016fv centr zleva propadl a\u017e k Deulofeuovi, jeho st\u0159ela byla zbokov\u00e1na obr\u00e1ncem na roh. A z n\u011bj u\u017e ude\u0159ilo. \u0160pan\u011bl nacentroval na p\u0159edn\u00ed ty\u010d, kde se prosadil zadovkou s pomoc\u00ed te\u010de Corka dne\u0161n\u00ed kapit\u00e1n Barry &#8211; <strong>1:1!<\/strong> Hned po brance musel nucen\u011b vyst\u0159\u00eddat Mirallas, n\u011bco se \u0161lachou, na h\u0159i\u0161t\u011b \u0161el Pienaar.<\/p>\n<p>Tlak Swansea pokra\u010doval a byl tentokr\u00e1t z\u00faro\u010den i g\u00f3lov\u011b. Po neodp\u00edskan\u00e9 \u00famysln\u00e9 ruce Williamse si na p\u0159ihr\u00e1vku Taylora zleva nab\u011bhl Ayew a s pomoc\u00ed te\u010de Stonese p\u0159ekonal Howarda &#8211; <strong>1:2.<\/strong> M\u00e1lem vyrovnal Lukaku, ale netrefil branku a z dal\u0161\u00ed akce zasob\u010dil Barkley a m\u00edsto p\u0159ihr\u00e1vky na Lukaka vyst\u0159elil, m\u00ed\u010d byl sra\u017een na roh. Ten obrana host\u016f bez probl\u00e9mu odvr\u00e1tila. Do konce polo\u010dasu je\u0161t\u011b byla ud\u011blena prvn\u00ed \u017elut\u00e1 karta, dostal ji Angel Rangel za faul na Cleverleyho. Ani z tohoto mr\u00e1\u010dku ale nezapr\u0161elo. P\u0159i cest\u011b do kabin si tak vyslou\u017eili hr\u00e1\u010di dom\u00e1c\u00edch m\u00edrn\u00fd p\u00edskot.<\/p>\n<p>Prvn\u00ed \u0161anci druh\u00e9 p\u016fle si vypracovali op\u011bt host\u00e9, Ki p\u011bkn\u011b uvolnil Routledge, ale Howard zakro\u010dil dob\u0159e. Everton odpov\u011bd\u011bl p\u011bknou kombinac\u00ed Lukaka s Pienaarem, ale p\u0159ihr\u00e1vka \u00fato\u010dn\u00edka na Bainese \u0161la do ofsajdu. A Barkley stejn\u011b p\u0159est\u0159elil. Chvilku pot\u00e9 dostal \u017elutou kartu za zdr\u017eov\u00e1n\u00ed Fabianski. Pienaar n\u00e1sledn\u011b pohrdl velkou \u0161anc\u00ed, kdy\u017e k n\u011bmu propadl centr Deulofeua, zbl\u00edzka netrefil branku. V 61. minut\u011b vyzkou\u0161el sv\u00e9 \u0161t\u011bst\u00ed obst\u0159elem Lukaku, m\u00ed\u010d skon\u010dil asi p\u016fl metru vedle prav\u00e9 ty\u010de. To bylo obdob\u00ed tlaku Evertonu.\u00a0Ale bez \u0161anc\u00ed.<\/p>\n<p>T\u0159et\u00ed \u017elutou kartu z\u00e1pasu dostal Sigurdsson za faul na Cleverleyho, v n\u00e1sleduj\u00edc\u00ed minut\u011b provedl Everton posledn\u00ed mo\u017en\u00e9 st\u0159\u00edd\u00e1n\u00ed, Coleman \u0161el na plac m\u00edsto Ovieda. Po dal\u0161\u00edm rohu byl ve v\u00e1pn\u011b rukama odstr\u010den obr\u00e1ncem Barry, ale i tentokr\u00e1t se nep\u00edskalo. Dom\u00e1c\u00ed se hnali za vyrovn\u00e1n\u00edm, hodn\u011b se \u00fatoky tahaly po prav\u00e9 stran\u011b, kde se \u010dinili Coleman a Deulofeu. Pr\u00e1v\u011b \u0160pan\u011bl\u016fv polovysok\u00fd centr prom\u00e1chl ve vylo\u017een\u00e9 brankov\u00e9 p\u0159\u00edle\u017eitosti Lukaku. V t\u00e9to f\u00e1zi utk\u00e1n\u00ed se hr\u00e1lo u\u017e pouze na jednu br\u00e1nu, host\u00e9 br\u00e1nili jednobrankov\u00fd n\u00e1skok. Swansea opravdu m\u011bla probl\u00e9m dostat se s m\u00ed\u010dem za p\u016flku, ale Everton si lo\u017eenky nevypracov\u00e1val.<\/p>\n<p>Dal\u0161\u00ed \u0161anci pro Lukaka vypracoval Barkley, ale s jeho hlavi\u010dkou si brank\u00e1\u0159 poradil. Je\u0161t\u011b v\u011bt\u0161\u00ed \u0161anc\u00ed po skv\u011bl\u00e9 p\u0159ihr\u00e1vce Stonese pohrdl Coleman, kdy\u017e si hezky povodil Williamse, ale z pozice pro lev\u00e1ka poslal m\u00ed\u010d prava\u010dkou mimo branku. Je\u0161t\u011b v posledn\u00ed akci z\u00e1pasu po rohu Bainese Stones hlavi\u010dkou p\u0159i\u0165ukl Colemanovi a ten z metru p\u0159est\u0159elil..\u00a0Host\u00e9 si tak odvezli do Walesu v\u0161echny body. Everton po proh\u0159e z\u016fst\u00e1v\u00e1 dvan\u00e1ct\u00fd v ligov\u00e9 tabulce.<\/p>\n<p><strong>Branky<\/strong>: 26. Cork vlastn\u00ed &#8211; 17. Sigurdsson z penalty, 34. Ayew<\/p>\n<p><strong>\u017dK: <\/strong>43. Rangel, 52. Fabianski, 66. Sigurdsson (v\u0161ichni Swansea)<\/p>\n<p><strong>Everton FC: <\/strong>Howard &#8211; Baines, Mori, Stones, Oviedo (67. Coleman) &#8211; Barry, Be\u0161i\u0107 (11. Cleverley) &#8211; Mirallas (28. Pienaar), Barkley, Deulofeu &#8211; Lukaku<\/p>\n<p><strong>Swansea: <\/strong>Fabianski \u2013 Rangel (90+1. Naughton), Fern\u00e1ndez, Williams, Taylor \u2013 Cork, Britton, Ki \u2013 Sigurdsson \u2013 Routledge (77. Amat), Ayew\u00a0(89. \u00c9der)<\/p>\n<p><strong>Rozhod\u010d\u00ed:<\/strong> Anthony Taylor<\/p>\n<p><strong>Div\u00e1ci: <\/strong>36 908<\/p>\n<\/div>\n","protected":false},"excerpt":{"rendered":"<p>\u0160patn\u00fd v\u00fdkon proti kandid\u00e1tovi sestupu symptomaticky podtrhl Coleman v posledn\u00ed minut\u011b. Nav\u00edc Everton p\u0159i\u0161el o Be\u0161i\u0107e a Mirallase. Mart\u00ednez pro&hellip;<\/p>\n","protected":false},"author":12,"featured_media":1315,"comment_status":"open","ping_status":"closed","sticky":false,"template":"","format":"standard","meta":{"_eb_attr":"","_monsterinsights_skip_tracking":false,"_monsterinsights_sitenote_active":false,"_monsterinsights_sitenote_note":"","_monsterinsights_sitenote_category":0,"footnotes":""},"categories":[4],"tags":[],"yoast_head":"<!-- This site is optimized with the Yoast SEO plugin v23.4 - https:\/\/yoast.com\/wordpress\/plugins\/seo\/ -->\n<title>Everton - Swansea 1:2 - Official Czech &amp; Slovak Everton Supporters&#039; Club<\/title>\n<meta name=\"robots\" content=\"index, follow, max-snippet:-1, max-image-preview:large, max-video-preview:-1\" \/>\n<link rel=\"canonical\" href=\"https:\/\/evertonfc.cz\/index.php\/2016\/01\/24\/everton-swansea-12\/\" \/>\n<meta property=\"og:locale\" content=\"cs_CZ\" \/>\n<meta property=\"og:type\" content=\"article\" \/>\n<meta property=\"og:title\" content=\"Everton - Swansea 1:2 - Official Czech &amp; Slovak Everton Supporters&#039; Club\" \/>\n<meta property=\"og:description\" content=\"\u0160patn\u00fd v\u00fdkon proti kandid\u00e1tovi sestupu symptomaticky podtrhl Coleman v posledn\u00ed minut\u011b. Nav\u00edc Everton p\u0159i\u0161el o Be\u0161i\u0107e a Mirallase. Mart\u00ednez pro&hellip;\" \/>\n<meta property=\"og:url\" content=\"https:\/\/evertonfc.cz\/index.php\/2016\/01\/24\/everton-swansea-12\/\" \/>\n<meta property=\"og:site_name\" content=\"Official Czech &amp; Slovak Everton Supporters&#039; Club\" \/>\n<meta property=\"article:publisher\" content=\"https:\/\/www.facebook.com\/everton.fans.cz.sk\" \/>\n<meta property=\"article:published_time\" content=\"2016-01-24T16:16:53+00:00\" \/>\n<meta property=\"article:modified_time\" content=\"2019-02-12T16:17:58+00:00\" \/>\n<meta property=\"og:image\" content=\"https:\/\/evertonfc.cz\/wp-content\/uploads\/2019\/01\/report.jpg\" \/>\n\t<meta property=\"og:image:width\" content=\"720\" \/>\n\t<meta property=\"og:image:height\" content=\"405\" \/>\n\t<meta property=\"og:image:type\" content=\"image\/jpeg\" \/>\n<meta name=\"author\" content=\"Javor\" \/>\n<meta name=\"twitter:card\" content=\"summary_large_image\" \/>\n<meta name=\"twitter:creator\" content=\"@LoudinJan\" \/>\n<meta name=\"twitter:label1\" content=\"Napsal(a)\" \/>\n\t<meta name=\"twitter:data1\" content=\"Javor\" \/>\n\t<meta name=\"twitter:label2\" content=\"Odhadovan\u00e1 doba \u010dten\u00ed\" \/>\n\t<meta name=\"twitter:data2\" content=\"4 minuty\" \/>\n<script type=\"application\/ld+json\" class=\"yoast-schema-graph\">{\"@context\":\"https:\/\/schema.org\",\"@graph\":[{\"@type\":\"Article\",\"@id\":\"https:\/\/evertonfc.cz\/index.php\/2016\/01\/24\/everton-swansea-12\/#article\",\"isPartOf\":{\"@id\":\"https:\/\/evertonfc.cz\/index.php\/2016\/01\/24\/everton-swansea-12\/\"},\"author\":{\"name\":\"Javor\",\"@id\":\"https:\/\/evertonfc.cz\/#\/schema\/person\/b30daf6a5852f4811f8207a17ec1bf78\"},\"headline\":\"Everton &#8211; Swansea 1:2\",\"datePublished\":\"2016-01-24T16:16:53+00:00\",\"dateModified\":\"2019-02-12T16:17:58+00:00\",\"mainEntityOfPage\":{\"@id\":\"https:\/\/evertonfc.cz\/index.php\/2016\/01\/24\/everton-swansea-12\/\"},\"wordCount\":862,\"commentCount\":0,\"publisher\":{\"@id\":\"https:\/\/evertonfc.cz\/#organization\"},\"image\":{\"@id\":\"https:\/\/evertonfc.cz\/index.php\/2016\/01\/24\/everton-swansea-12\/#primaryimage\"},\"thumbnailUrl\":\"https:\/\/evertonfc.cz\/wp-content\/uploads\/2019\/01\/report.jpg\",\"articleSection\":[\"Z\u00e1pasy\"],\"inLanguage\":\"cs\",\"potentialAction\":[{\"@type\":\"CommentAction\",\"name\":\"Comment\",\"target\":[\"https:\/\/evertonfc.cz\/index.php\/2016\/01\/24\/everton-swansea-12\/#respond\"]}]},{\"@type\":\"WebPage\",\"@id\":\"https:\/\/evertonfc.cz\/index.php\/2016\/01\/24\/everton-swansea-12\/\",\"url\":\"https:\/\/evertonfc.cz\/index.php\/2016\/01\/24\/everton-swansea-12\/\",\"name\":\"Everton - Swansea 1:2 - Official Czech &amp; Slovak Everton Supporters&#039; Club\",\"isPartOf\":{\"@id\":\"https:\/\/evertonfc.cz\/#website\"},\"primaryImageOfPage\":{\"@id\":\"https:\/\/evertonfc.cz\/index.php\/2016\/01\/24\/everton-swansea-12\/#primaryimage\"},\"image\":{\"@id\":\"https:\/\/evertonfc.cz\/index.php\/2016\/01\/24\/everton-swansea-12\/#primaryimage\"},\"thumbnailUrl\":\"https:\/\/evertonfc.cz\/wp-content\/uploads\/2019\/01\/report.jpg\",\"datePublished\":\"2016-01-24T16:16:53+00:00\",\"dateModified\":\"2019-02-12T16:17:58+00:00\",\"breadcrumb\":{\"@id\":\"https:\/\/evertonfc.cz\/index.php\/2016\/01\/24\/everton-swansea-12\/#breadcrumb\"},\"inLanguage\":\"cs\",\"potentialAction\":[{\"@type\":\"ReadAction\",\"target\":[\"https:\/\/evertonfc.cz\/index.php\/2016\/01\/24\/everton-swansea-12\/\"]}]},{\"@type\":\"ImageObject\",\"inLanguage\":\"cs\",\"@id\":\"https:\/\/evertonfc.cz\/index.php\/2016\/01\/24\/everton-swansea-12\/#primaryimage\",\"url\":\"https:\/\/evertonfc.cz\/wp-content\/uploads\/2019\/01\/report.jpg\",\"contentUrl\":\"https:\/\/evertonfc.cz\/wp-content\/uploads\/2019\/01\/report.jpg\",\"width\":720,\"height\":405},{\"@type\":\"BreadcrumbList\",\"@id\":\"https:\/\/evertonfc.cz\/index.php\/2016\/01\/24\/everton-swansea-12\/#breadcrumb\",\"itemListElement\":[{\"@type\":\"ListItem\",\"position\":1,\"name\":\"Home\",\"item\":\"https:\/\/evertonfc.cz\/\"},{\"@type\":\"ListItem\",\"position\":2,\"name\":\"Everton &#8211; Swansea 1:2\"}]},{\"@type\":\"WebSite\",\"@id\":\"https:\/\/evertonfc.cz\/#website\",\"url\":\"https:\/\/evertonfc.cz\/\",\"name\":\"Official Czech &amp; Slovak Everton Supporters&#039; Club\",\"description\":\"\",\"publisher\":{\"@id\":\"https:\/\/evertonfc.cz\/#organization\"},\"potentialAction\":[{\"@type\":\"SearchAction\",\"target\":{\"@type\":\"EntryPoint\",\"urlTemplate\":\"https:\/\/evertonfc.cz\/?s={search_term_string}\"},\"query-input\":{\"@type\":\"PropertyValueSpecification\",\"valueRequired\":true,\"valueName\":\"search_term_string\"}}],\"inLanguage\":\"cs\"},{\"@type\":\"Organization\",\"@id\":\"https:\/\/evertonfc.cz\/#organization\",\"name\":\"Official Czech & Slovak Everton Supporters' Club\",\"url\":\"https:\/\/evertonfc.cz\/\",\"logo\":{\"@type\":\"ImageObject\",\"inLanguage\":\"cs\",\"@id\":\"https:\/\/evertonfc.cz\/#\/schema\/logo\/image\/\",\"url\":\"https:\/\/evertonfc.cz\/wp-content\/uploads\/2019\/05\/logo.png\",\"contentUrl\":\"https:\/\/evertonfc.cz\/wp-content\/uploads\/2019\/05\/logo.png\",\"width\":112,\"height\":112,\"caption\":\"Official Czech & Slovak Everton Supporters' Club\"},\"image\":{\"@id\":\"https:\/\/evertonfc.cz\/#\/schema\/logo\/image\/\"},\"sameAs\":[\"https:\/\/www.facebook.com\/everton.fans.cz.sk\"]},{\"@type\":\"Person\",\"@id\":\"https:\/\/evertonfc.cz\/#\/schema\/person\/b30daf6a5852f4811f8207a17ec1bf78\",\"name\":\"Javor\",\"sameAs\":[\"https:\/\/x.com\/LoudinJan\"],\"url\":\"https:\/\/evertonfc.cz\/index.php\/author\/javor\/\"}]}<\/script>\n<!-- \/ Yoast SEO plugin. -->","yoast_head_json":{"title":"Everton - Swansea 1:2 - Official Czech &amp; Slovak Everton Supporters&#039; Club","robots":{"index":"index","follow":"follow","max-snippet":"max-snippet:-1","max-image-preview":"max-image-preview:large","max-video-preview":"max-video-preview:-1"},"canonical":"https:\/\/evertonfc.cz\/index.php\/2016\/01\/24\/everton-swansea-12\/","og_locale":"cs_CZ","og_type":"article","og_title":"Everton - Swansea 1:2 - Official Czech &amp; Slovak Everton Supporters&#039; Club","og_description":"\u0160patn\u00fd v\u00fdkon proti kandid\u00e1tovi sestupu symptomaticky podtrhl Coleman v posledn\u00ed minut\u011b. Nav\u00edc Everton p\u0159i\u0161el o Be\u0161i\u0107e a Mirallase. Mart\u00ednez pro&hellip;","og_url":"https:\/\/evertonfc.cz\/index.php\/2016\/01\/24\/everton-swansea-12\/","og_site_name":"Official Czech &amp; Slovak Everton Supporters&#039; Club","article_publisher":"https:\/\/www.facebook.com\/everton.fans.cz.sk","article_published_time":"2016-01-24T16:16:53+00:00","article_modified_time":"2019-02-12T16:17:58+00:00","og_image":[{"width":720,"height":405,"url":"https:\/\/evertonfc.cz\/wp-content\/uploads\/2019\/01\/report.jpg","type":"image\/jpeg"}],"author":"Javor","twitter_card":"summary_large_image","twitter_creator":"@LoudinJan","twitter_misc":{"Napsal(a)":"Javor","Odhadovan\u00e1 doba \u010dten\u00ed":"4 minuty"},"schema":{"@context":"https:\/\/schema.org","@graph":[{"@type":"Article","@id":"https:\/\/evertonfc.cz\/index.php\/2016\/01\/24\/everton-swansea-12\/#article","isPartOf":{"@id":"https:\/\/evertonfc.cz\/index.php\/2016\/01\/24\/everton-swansea-12\/"},"author":{"name":"Javor","@id":"https:\/\/evertonfc.cz\/#\/schema\/person\/b30daf6a5852f4811f8207a17ec1bf78"},"headline":"Everton &#8211; Swansea 1:2","datePublished":"2016-01-24T16:16:53+00:00","dateModified":"2019-02-12T16:17:58+00:00","mainEntityOfPage":{"@id":"https:\/\/evertonfc.cz\/index.php\/2016\/01\/24\/everton-swansea-12\/"},"wordCount":862,"commentCount":0,"publisher":{"@id":"https:\/\/evertonfc.cz\/#organization"},"image":{"@id":"https:\/\/evertonfc.cz\/index.php\/2016\/01\/24\/everton-swansea-12\/#primaryimage"},"thumbnailUrl":"https:\/\/evertonfc.cz\/wp-content\/uploads\/2019\/01\/report.jpg","articleSection":["Z\u00e1pasy"],"inLanguage":"cs","potentialAction":[{"@type":"CommentAction","name":"Comment","target":["https:\/\/evertonfc.cz\/index.php\/2016\/01\/24\/everton-swansea-12\/#respond"]}]},{"@type":"WebPage","@id":"https:\/\/evertonfc.cz\/index.php\/2016\/01\/24\/everton-swansea-12\/","url":"https:\/\/evertonfc.cz\/index.php\/2016\/01\/24\/everton-swansea-12\/","name":"Everton - Swansea 1:2 - Official Czech &amp; Slovak Everton Supporters&#039; Club","isPartOf":{"@id":"https:\/\/evertonfc.cz\/#website"},"primaryImageOfPage":{"@id":"https:\/\/evertonfc.cz\/index.php\/2016\/01\/24\/everton-swansea-12\/#primaryimage"},"image":{"@id":"https:\/\/evertonfc.cz\/index.php\/2016\/01\/24\/everton-swansea-12\/#primaryimage"},"thumbnailUrl":"https:\/\/evertonfc.cz\/wp-content\/uploads\/2019\/01\/report.jpg","datePublished":"2016-01-24T16:16:53+00:00","dateModified":"2019-02-12T16:17:58+00:00","breadcrumb":{"@id":"https:\/\/evertonfc.cz\/index.php\/2016\/01\/24\/everton-swansea-12\/#breadcrumb"},"inLanguage":"cs","potentialAction":[{"@type":"ReadAction","target":["https:\/\/evertonfc.cz\/index.php\/2016\/01\/24\/everton-swansea-12\/"]}]},{"@type":"ImageObject","inLanguage":"cs","@id":"https:\/\/evertonfc.cz\/index.php\/2016\/01\/24\/everton-swansea-12\/#primaryimage","url":"https:\/\/evertonfc.cz\/wp-content\/uploads\/2019\/01\/report.jpg","contentUrl":"https:\/\/evertonfc.cz\/wp-content\/uploads\/2019\/01\/report.jpg","width":720,"height":405},{"@type":"BreadcrumbList","@id":"https:\/\/evertonfc.cz\/index.php\/2016\/01\/24\/everton-swansea-12\/#breadcrumb","itemListElement":[{"@type":"ListItem","position":1,"name":"Home","item":"https:\/\/evertonfc.cz\/"},{"@type":"ListItem","position":2,"name":"Everton &#8211; Swansea 1:2"}]},{"@type":"WebSite","@id":"https:\/\/evertonfc.cz\/#website","url":"https:\/\/evertonfc.cz\/","name":"Official Czech &amp; Slovak Everton Supporters&#039; Club","description":"","publisher":{"@id":"https:\/\/evertonfc.cz\/#organization"},"potentialAction":[{"@type":"SearchAction","target":{"@type":"EntryPoint","urlTemplate":"https:\/\/evertonfc.cz\/?s={search_term_string}"},"query-input":{"@type":"PropertyValueSpecification","valueRequired":true,"valueName":"search_term_string"}}],"inLanguage":"cs"},{"@type":"Organization","@id":"https:\/\/evertonfc.cz\/#organization","name":"Official Czech & Slovak Everton Supporters' Club","url":"https:\/\/evertonfc.cz\/","logo":{"@type":"ImageObject","inLanguage":"cs","@id":"https:\/\/evertonfc.cz\/#\/schema\/logo\/image\/","url":"https:\/\/evertonfc.cz\/wp-content\/uploads\/2019\/05\/logo.png","contentUrl":"https:\/\/evertonfc.cz\/wp-content\/uploads\/2019\/05\/logo.png","width":112,"height":112,"caption":"Official Czech & Slovak Everton Supporters' Club"},"image":{"@id":"https:\/\/evertonfc.cz\/#\/schema\/logo\/image\/"},"sameAs":["https:\/\/www.facebook.com\/everton.fans.cz.sk"]},{"@type":"Person","@id":"https:\/\/evertonfc.cz\/#\/schema\/person\/b30daf6a5852f4811f8207a17ec1bf78","name":"Javor","sameAs":["https:\/\/x.com\/LoudinJan"],"url":"https:\/\/evertonfc.cz\/index.php\/author\/javor\/"}]}},"_links":{"self":[{"href":"https:\/\/evertonfc.cz\/index.php\/wp-json\/wp\/v2\/posts\/3882"}],"collection":[{"href":"https:\/\/evertonfc.cz\/index.php\/wp-json\/wp\/v2\/posts"}],"about":[{"href":"https:\/\/evertonfc.cz\/index.php\/wp-json\/wp\/v2\/types\/post"}],"author":[{"embeddable":true,"href":"https:\/\/evertonfc.cz\/index.php\/wp-json\/wp\/v2\/users\/12"}],"replies":[{"embeddable":true,"href":"https:\/\/evertonfc.cz\/index.php\/wp-json\/wp\/v2\/comments?post=3882"}],"version-history":[{"count":2,"href":"https:\/\/evertonfc.cz\/index.php\/wp-json\/wp\/v2\/posts\/3882\/revisions"}],"predecessor-version":[{"id":4076,"href":"https:\/\/evertonfc.cz\/index.php\/wp-json\/wp\/v2\/posts\/3882\/revisions\/4076"}],"wp:featuredmedia":[{"embeddable":true,"href":"https:\/\/evertonfc.cz\/index.php\/wp-json\/wp\/v2\/media\/1315"}],"wp:attachment":[{"href":"https:\/\/evertonfc.cz\/index.php\/wp-json\/wp\/v2\/media?parent=3882"}],"wp:term":[{"taxonomy":"category","embeddable":true,"href":"https:\/\/evertonfc.cz\/index.php\/wp-json\/wp\/v2\/categories?post=3882"},{"taxonomy":"post_tag","embeddable":true,"href":"https:\/\/evertonfc.cz\/index.php\/wp-json\/wp\/v2\/tags?post=3882"}],"curies":[{"name":"wp","href":"https:\/\/api.w.org\/{rel}","templated":true}]}}