{"id":3973,"date":"2015-11-28T18:11:23","date_gmt":"2015-11-28T17:11:23","guid":{"rendered":"http:\/\/evertonfc.cz\/?p=3973"},"modified":"2023-05-27T19:52:14","modified_gmt":"2023-05-27T17:52:14","slug":"preview-bournemouth-everton-5","status":"publish","type":"post","link":"https:\/\/evertonfc.cz\/index.php\/2015\/11\/28\/preview-bournemouth-everton-5\/","title":{"rendered":"Preview: Bournemouth &#8211; Everton"},"content":{"rendered":"<h4 id=\"NewsPostDetailSummary\">Druh\u00fd z\u00e1pas v \u0159ad\u011b s kandid\u00e1tem na sestup. O\u010dek\u00e1v\u00e1n\u00ed? P\u0159ivezen\u00ed t\u0159\u00ed bod\u016f.<\/h4>\n<div id=\"NewsPostDetailContent\">\n<p>S\u00e9rie z\u00e1pas\u016f proti snadn\u011bj\u0161\u00edm soupe\u0159\u016fm pokra\u010duje. Tentokr\u00e1t je na \u0159ad\u011b v\u00fdlet na jih Anglie. T\u00fdm je nov\u00e1\u010dkem v nejvy\u0161\u0161\u00ed sout\u011b\u017ei, ani b\u00fdvalou Division One nehr\u00e1l, a tak jsou jeho ambice jasn\u00e9 &#8211; z\u00e1chrana. Sou\u010dasn\u00e9 v\u00fdsledky tomu odpov\u00eddaj\u00ed, po 13 odehran\u00fdch z\u00e1pasech maj\u00ed Cherries na kont\u011b 9 bod\u016f. Nen\u00ed se tedy co divit, \u017ee jsou p\u0159edposledn\u00ed a ka\u017ed\u00fd bod berou v\u0161ema dvaceti. Favoritem z\u00e1pasu jsou ale host\u00e9, dle tabulky jde o st\u0159etnut\u00ed sedm\u00e9ho s devaten\u00e1ct\u00fdm, tak\u017ee je to jasn\u00e9.<\/p>\n<p>Bournemouth m\u00e1 ve sv\u00e9m k\u00e1dru t\u0159i b\u00fdval\u00e9 hr\u00e1\u010de Evertonu. Zat\u00edmco Atsu toho moc neodehr\u00e1l a kv\u016fli zran\u011bn\u00ed holen\u011b ho dnes neuvid\u00edme (op\u011bt je to hostov\u00e1n\u00ed), tak dal\u0161\u00ed dva toho za Toffees odehr\u00e1li v\u00edce. Gosling je zn\u00e1m\u00fd dnes ji\u017e skoro legend\u00e1rn\u00edm g\u00f3lem proti RS v Anglick\u00e9m poh\u00e1ru a Distin str\u00e1vil v Goodison parku \u0161est sez\u00f3n, v\u011bt\u0161inu z nich pat\u0159il do z\u00e1kladn\u00ed sestavy a ob\u010das i d\u011blal kapit\u00e1na. Odchovanec Plymouthu byl hodn\u011b d\u016fle\u017eit\u00fd i v minul\u00e9 sez\u00f3n\u011b, kdy v\u00fdrazn\u011b pomohl k v\u00edt\u011bzstv\u00ed v Championshipu, francouzsk\u00fd stoper zam\u00ed\u0159il do Bournemouthu v l\u00e9t\u011b.<\/p>\n<p>N\u00e1lada v kabin\u011b nen\u00ed moc dobr\u00e1, \u0161est por\u00e1\u017eek v osmiz\u00e1pasov\u00e9 \u0161\u0148\u016f\u0159e bez v\u00fdhry moc nep\u0159id\u00e1. Everton je na tom pochopiteln\u011b v\u00fdrazn\u011b l\u00e9pe, v \u00fato\u010dn\u00e9 \u010d\u00e1sti hry z\u00e1\u0159\u00ed dvojice Deulofeu-Lukaku a ze sou\u010dasn\u00e9 pozice se sp\u0159\u00e1d\u00e1 \u00fatok na ligov\u00e9 p\u0159\u00ed\u010dky m\u00edrn\u011b vy\u0161\u0161\u00ed. Nav\u00edc je st\u00e1le ve h\u0159e v Ligov\u00e9m poh\u00e1ru, v \u00fater\u00fd hraje \u010dtvrtfin\u00e1le v Middlesbrough.<\/p>\n<p>Rotace k\u00e1dru je tak nutn\u00e1 a \u010dlov\u011bka napadne, \u017ee dnes dostanou \u0161anci hr\u00e1\u010di, kte\u0159\u00ed sp\u00ed\u0161e st\u0159\u00eddaj\u00ed. Osobn\u011b by se mi l\u00edbila tato sestava: Howard &#8211; Galloway, Mori, Holgate, Coleman &#8211; Barry, Cleverley &#8211; Lennon, Bakley, Mirallas &#8211; Kon\u00e9. Uvid\u00edme, osobn\u011b jsem dnes opravdu zv\u011bdav\u00fd, jak to El Bob postav\u00ed.<\/p>\n<p>Trojice dom\u00e1c\u00edch plejer\u016f, konkr\u00e9tn\u011b Gradel, Mings a Wilson m\u00e1 probl\u00e9my s kolenem a nenastoup\u00ed. Zran\u011bn\u00fd kotn\u00edk nepust\u00ed do z\u00e1pasu Elphicka. Everton srovn\u00e1v\u00e1 po\u010det zran\u011bn\u00fdch lid\u00ed na p\u011bt p\u011bt sestavou Baines (sp\u00ed\u0161e je\u0161t\u011b ne) &#8211; Hibbert &#8211; Jagielka (oba koleno) &#8211; Pienaar &#8211; Oviedo (oba p\u0159itahova\u010d stehenn\u00edho svalu).<\/p>\n<p><strong>Co:<\/strong> Bournemouth aFC &#8211; Everton FC, 14. kolo Premier League<br \/>\n<strong>Kdy: <\/strong>28. 11. 2015 od 16:00 SE\u010c<br \/>\n<strong>Kde:<\/strong> Vitality Stadium, Kings Park Road, Bournemouth (kapacita: 11 464)<br \/>\n<strong>Rozhod\u010d\u00ed:<\/strong> Kevin Friend<\/p>\n<\/div>\n","protected":false},"excerpt":{"rendered":"<p>Druh\u00fd z\u00e1pas v \u0159ad\u011b s kandid\u00e1tem na sestup. O\u010dek\u00e1v\u00e1n\u00ed? P\u0159ivezen\u00ed t\u0159\u00ed bod\u016f.<\/p>\n","protected":false},"author":12,"featured_media":20316,"comment_status":"open","ping_status":"closed","sticky":false,"template":"","format":"standard","meta":{"_eb_attr":"","_monsterinsights_skip_tracking":false,"_monsterinsights_sitenote_active":false,"_monsterinsights_sitenote_note":"","_monsterinsights_sitenote_category":0,"footnotes":""},"categories":[4],"tags":[],"yoast_head":"<!-- This site is optimized with the Yoast SEO plugin v23.4 - https:\/\/yoast.com\/wordpress\/plugins\/seo\/ -->\n<title>Preview: Bournemouth - Everton - Official Czech &amp; Slovak Everton Supporters&#039; Club<\/title>\n<meta name=\"robots\" content=\"index, follow, max-snippet:-1, max-image-preview:large, max-video-preview:-1\" \/>\n<link rel=\"canonical\" href=\"https:\/\/evertonfc.cz\/index.php\/2015\/11\/28\/preview-bournemouth-everton-5\/\" \/>\n<meta property=\"og:locale\" content=\"cs_CZ\" \/>\n<meta property=\"og:type\" content=\"article\" \/>\n<meta property=\"og:title\" content=\"Preview: Bournemouth - Everton - Official Czech &amp; Slovak Everton Supporters&#039; Club\" \/>\n<meta property=\"og:description\" content=\"Druh\u00fd z\u00e1pas v \u0159ad\u011b s kandid\u00e1tem na sestup. O\u010dek\u00e1v\u00e1n\u00ed? P\u0159ivezen\u00ed t\u0159\u00ed bod\u016f.\" \/>\n<meta property=\"og:url\" content=\"https:\/\/evertonfc.cz\/index.php\/2015\/11\/28\/preview-bournemouth-everton-5\/\" \/>\n<meta property=\"og:site_name\" content=\"Official Czech &amp; Slovak Everton Supporters&#039; Club\" \/>\n<meta property=\"article:publisher\" content=\"https:\/\/www.facebook.com\/everton.fans.cz.sk\" \/>\n<meta property=\"article:published_time\" content=\"2015-11-28T17:11:23+00:00\" \/>\n<meta property=\"article:modified_time\" content=\"2023-05-27T17:52:14+00:00\" \/>\n<meta property=\"og:image\" content=\"https:\/\/evertonfc.cz\/wp-content\/uploads\/2022\/11\/Bournemouth-VS-Everton.png\" \/>\n\t<meta property=\"og:image:width\" content=\"720\" \/>\n\t<meta property=\"og:image:height\" content=\"405\" \/>\n\t<meta property=\"og:image:type\" content=\"image\/png\" \/>\n<meta name=\"author\" content=\"Javor\" \/>\n<meta name=\"twitter:card\" content=\"summary_large_image\" \/>\n<meta name=\"twitter:creator\" content=\"@LoudinJan\" \/>\n<meta name=\"twitter:label1\" content=\"Napsal(a)\" \/>\n\t<meta name=\"twitter:data1\" content=\"Javor\" \/>\n\t<meta name=\"twitter:label2\" content=\"Odhadovan\u00e1 doba \u010dten\u00ed\" \/>\n\t<meta name=\"twitter:data2\" content=\"2 minuty\" \/>\n<script type=\"application\/ld+json\" class=\"yoast-schema-graph\">{\"@context\":\"https:\/\/schema.org\",\"@graph\":[{\"@type\":\"Article\",\"@id\":\"https:\/\/evertonfc.cz\/index.php\/2015\/11\/28\/preview-bournemouth-everton-5\/#article\",\"isPartOf\":{\"@id\":\"https:\/\/evertonfc.cz\/index.php\/2015\/11\/28\/preview-bournemouth-everton-5\/\"},\"author\":{\"name\":\"Javor\",\"@id\":\"https:\/\/evertonfc.cz\/#\/schema\/person\/b30daf6a5852f4811f8207a17ec1bf78\"},\"headline\":\"Preview: Bournemouth &#8211; Everton\",\"datePublished\":\"2015-11-28T17:11:23+00:00\",\"dateModified\":\"2023-05-27T17:52:14+00:00\",\"mainEntityOfPage\":{\"@id\":\"https:\/\/evertonfc.cz\/index.php\/2015\/11\/28\/preview-bournemouth-everton-5\/\"},\"wordCount\":469,\"commentCount\":0,\"publisher\":{\"@id\":\"https:\/\/evertonfc.cz\/#organization\"},\"image\":{\"@id\":\"https:\/\/evertonfc.cz\/index.php\/2015\/11\/28\/preview-bournemouth-everton-5\/#primaryimage\"},\"thumbnailUrl\":\"https:\/\/evertonfc.cz\/wp-content\/uploads\/2022\/11\/Bournemouth-VS-Everton.png\",\"articleSection\":[\"Z\u00e1pasy\"],\"inLanguage\":\"cs\",\"potentialAction\":[{\"@type\":\"CommentAction\",\"name\":\"Comment\",\"target\":[\"https:\/\/evertonfc.cz\/index.php\/2015\/11\/28\/preview-bournemouth-everton-5\/#respond\"]}]},{\"@type\":\"WebPage\",\"@id\":\"https:\/\/evertonfc.cz\/index.php\/2015\/11\/28\/preview-bournemouth-everton-5\/\",\"url\":\"https:\/\/evertonfc.cz\/index.php\/2015\/11\/28\/preview-bournemouth-everton-5\/\",\"name\":\"Preview: Bournemouth - Everton - Official Czech &amp; Slovak Everton Supporters&#039; Club\",\"isPartOf\":{\"@id\":\"https:\/\/evertonfc.cz\/#website\"},\"primaryImageOfPage\":{\"@id\":\"https:\/\/evertonfc.cz\/index.php\/2015\/11\/28\/preview-bournemouth-everton-5\/#primaryimage\"},\"image\":{\"@id\":\"https:\/\/evertonfc.cz\/index.php\/2015\/11\/28\/preview-bournemouth-everton-5\/#primaryimage\"},\"thumbnailUrl\":\"https:\/\/evertonfc.cz\/wp-content\/uploads\/2022\/11\/Bournemouth-VS-Everton.png\",\"datePublished\":\"2015-11-28T17:11:23+00:00\",\"dateModified\":\"2023-05-27T17:52:14+00:00\",\"breadcrumb\":{\"@id\":\"https:\/\/evertonfc.cz\/index.php\/2015\/11\/28\/preview-bournemouth-everton-5\/#breadcrumb\"},\"inLanguage\":\"cs\",\"potentialAction\":[{\"@type\":\"ReadAction\",\"target\":[\"https:\/\/evertonfc.cz\/index.php\/2015\/11\/28\/preview-bournemouth-everton-5\/\"]}]},{\"@type\":\"ImageObject\",\"inLanguage\":\"cs\",\"@id\":\"https:\/\/evertonfc.cz\/index.php\/2015\/11\/28\/preview-bournemouth-everton-5\/#primaryimage\",\"url\":\"https:\/\/evertonfc.cz\/wp-content\/uploads\/2022\/11\/Bournemouth-VS-Everton.png\",\"contentUrl\":\"https:\/\/evertonfc.cz\/wp-content\/uploads\/2022\/11\/Bournemouth-VS-Everton.png\",\"width\":720,\"height\":405},{\"@type\":\"BreadcrumbList\",\"@id\":\"https:\/\/evertonfc.cz\/index.php\/2015\/11\/28\/preview-bournemouth-everton-5\/#breadcrumb\",\"itemListElement\":[{\"@type\":\"ListItem\",\"position\":1,\"name\":\"Home\",\"item\":\"https:\/\/evertonfc.cz\/\"},{\"@type\":\"ListItem\",\"position\":2,\"name\":\"Preview: Bournemouth &#8211; Everton\"}]},{\"@type\":\"WebSite\",\"@id\":\"https:\/\/evertonfc.cz\/#website\",\"url\":\"https:\/\/evertonfc.cz\/\",\"name\":\"Official Czech &amp; Slovak Everton Supporters&#039; Club\",\"description\":\"\",\"publisher\":{\"@id\":\"https:\/\/evertonfc.cz\/#organization\"},\"potentialAction\":[{\"@type\":\"SearchAction\",\"target\":{\"@type\":\"EntryPoint\",\"urlTemplate\":\"https:\/\/evertonfc.cz\/?s={search_term_string}\"},\"query-input\":{\"@type\":\"PropertyValueSpecification\",\"valueRequired\":true,\"valueName\":\"search_term_string\"}}],\"inLanguage\":\"cs\"},{\"@type\":\"Organization\",\"@id\":\"https:\/\/evertonfc.cz\/#organization\",\"name\":\"Official Czech & Slovak Everton Supporters' Club\",\"url\":\"https:\/\/evertonfc.cz\/\",\"logo\":{\"@type\":\"ImageObject\",\"inLanguage\":\"cs\",\"@id\":\"https:\/\/evertonfc.cz\/#\/schema\/logo\/image\/\",\"url\":\"https:\/\/evertonfc.cz\/wp-content\/uploads\/2019\/05\/logo.png\",\"contentUrl\":\"https:\/\/evertonfc.cz\/wp-content\/uploads\/2019\/05\/logo.png\",\"width\":112,\"height\":112,\"caption\":\"Official Czech & Slovak Everton Supporters' Club\"},\"image\":{\"@id\":\"https:\/\/evertonfc.cz\/#\/schema\/logo\/image\/\"},\"sameAs\":[\"https:\/\/www.facebook.com\/everton.fans.cz.sk\"]},{\"@type\":\"Person\",\"@id\":\"https:\/\/evertonfc.cz\/#\/schema\/person\/b30daf6a5852f4811f8207a17ec1bf78\",\"name\":\"Javor\",\"sameAs\":[\"https:\/\/x.com\/LoudinJan\"],\"url\":\"https:\/\/evertonfc.cz\/index.php\/author\/javor\/\"}]}<\/script>\n<!-- \/ Yoast SEO plugin. -->","yoast_head_json":{"title":"Preview: Bournemouth - Everton - Official Czech &amp; Slovak Everton Supporters&#039; Club","robots":{"index":"index","follow":"follow","max-snippet":"max-snippet:-1","max-image-preview":"max-image-preview:large","max-video-preview":"max-video-preview:-1"},"canonical":"https:\/\/evertonfc.cz\/index.php\/2015\/11\/28\/preview-bournemouth-everton-5\/","og_locale":"cs_CZ","og_type":"article","og_title":"Preview: Bournemouth - Everton - Official Czech &amp; Slovak Everton Supporters&#039; Club","og_description":"Druh\u00fd z\u00e1pas v \u0159ad\u011b s kandid\u00e1tem na sestup. O\u010dek\u00e1v\u00e1n\u00ed? P\u0159ivezen\u00ed t\u0159\u00ed bod\u016f.","og_url":"https:\/\/evertonfc.cz\/index.php\/2015\/11\/28\/preview-bournemouth-everton-5\/","og_site_name":"Official Czech &amp; Slovak Everton Supporters&#039; Club","article_publisher":"https:\/\/www.facebook.com\/everton.fans.cz.sk","article_published_time":"2015-11-28T17:11:23+00:00","article_modified_time":"2023-05-27T17:52:14+00:00","og_image":[{"width":720,"height":405,"url":"https:\/\/evertonfc.cz\/wp-content\/uploads\/2022\/11\/Bournemouth-VS-Everton.png","type":"image\/png"}],"author":"Javor","twitter_card":"summary_large_image","twitter_creator":"@LoudinJan","twitter_misc":{"Napsal(a)":"Javor","Odhadovan\u00e1 doba \u010dten\u00ed":"2 minuty"},"schema":{"@context":"https:\/\/schema.org","@graph":[{"@type":"Article","@id":"https:\/\/evertonfc.cz\/index.php\/2015\/11\/28\/preview-bournemouth-everton-5\/#article","isPartOf":{"@id":"https:\/\/evertonfc.cz\/index.php\/2015\/11\/28\/preview-bournemouth-everton-5\/"},"author":{"name":"Javor","@id":"https:\/\/evertonfc.cz\/#\/schema\/person\/b30daf6a5852f4811f8207a17ec1bf78"},"headline":"Preview: Bournemouth &#8211; Everton","datePublished":"2015-11-28T17:11:23+00:00","dateModified":"2023-05-27T17:52:14+00:00","mainEntityOfPage":{"@id":"https:\/\/evertonfc.cz\/index.php\/2015\/11\/28\/preview-bournemouth-everton-5\/"},"wordCount":469,"commentCount":0,"publisher":{"@id":"https:\/\/evertonfc.cz\/#organization"},"image":{"@id":"https:\/\/evertonfc.cz\/index.php\/2015\/11\/28\/preview-bournemouth-everton-5\/#primaryimage"},"thumbnailUrl":"https:\/\/evertonfc.cz\/wp-content\/uploads\/2022\/11\/Bournemouth-VS-Everton.png","articleSection":["Z\u00e1pasy"],"inLanguage":"cs","potentialAction":[{"@type":"CommentAction","name":"Comment","target":["https:\/\/evertonfc.cz\/index.php\/2015\/11\/28\/preview-bournemouth-everton-5\/#respond"]}]},{"@type":"WebPage","@id":"https:\/\/evertonfc.cz\/index.php\/2015\/11\/28\/preview-bournemouth-everton-5\/","url":"https:\/\/evertonfc.cz\/index.php\/2015\/11\/28\/preview-bournemouth-everton-5\/","name":"Preview: Bournemouth - Everton - Official Czech &amp; Slovak Everton Supporters&#039; Club","isPartOf":{"@id":"https:\/\/evertonfc.cz\/#website"},"primaryImageOfPage":{"@id":"https:\/\/evertonfc.cz\/index.php\/2015\/11\/28\/preview-bournemouth-everton-5\/#primaryimage"},"image":{"@id":"https:\/\/evertonfc.cz\/index.php\/2015\/11\/28\/preview-bournemouth-everton-5\/#primaryimage"},"thumbnailUrl":"https:\/\/evertonfc.cz\/wp-content\/uploads\/2022\/11\/Bournemouth-VS-Everton.png","datePublished":"2015-11-28T17:11:23+00:00","dateModified":"2023-05-27T17:52:14+00:00","breadcrumb":{"@id":"https:\/\/evertonfc.cz\/index.php\/2015\/11\/28\/preview-bournemouth-everton-5\/#breadcrumb"},"inLanguage":"cs","potentialAction":[{"@type":"ReadAction","target":["https:\/\/evertonfc.cz\/index.php\/2015\/11\/28\/preview-bournemouth-everton-5\/"]}]},{"@type":"ImageObject","inLanguage":"cs","@id":"https:\/\/evertonfc.cz\/index.php\/2015\/11\/28\/preview-bournemouth-everton-5\/#primaryimage","url":"https:\/\/evertonfc.cz\/wp-content\/uploads\/2022\/11\/Bournemouth-VS-Everton.png","contentUrl":"https:\/\/evertonfc.cz\/wp-content\/uploads\/2022\/11\/Bournemouth-VS-Everton.png","width":720,"height":405},{"@type":"BreadcrumbList","@id":"https:\/\/evertonfc.cz\/index.php\/2015\/11\/28\/preview-bournemouth-everton-5\/#breadcrumb","itemListElement":[{"@type":"ListItem","position":1,"name":"Home","item":"https:\/\/evertonfc.cz\/"},{"@type":"ListItem","position":2,"name":"Preview: Bournemouth &#8211; Everton"}]},{"@type":"WebSite","@id":"https:\/\/evertonfc.cz\/#website","url":"https:\/\/evertonfc.cz\/","name":"Official Czech &amp; Slovak Everton Supporters&#039; Club","description":"","publisher":{"@id":"https:\/\/evertonfc.cz\/#organization"},"potentialAction":[{"@type":"SearchAction","target":{"@type":"EntryPoint","urlTemplate":"https:\/\/evertonfc.cz\/?s={search_term_string}"},"query-input":{"@type":"PropertyValueSpecification","valueRequired":true,"valueName":"search_term_string"}}],"inLanguage":"cs"},{"@type":"Organization","@id":"https:\/\/evertonfc.cz\/#organization","name":"Official Czech & Slovak Everton Supporters' Club","url":"https:\/\/evertonfc.cz\/","logo":{"@type":"ImageObject","inLanguage":"cs","@id":"https:\/\/evertonfc.cz\/#\/schema\/logo\/image\/","url":"https:\/\/evertonfc.cz\/wp-content\/uploads\/2019\/05\/logo.png","contentUrl":"https:\/\/evertonfc.cz\/wp-content\/uploads\/2019\/05\/logo.png","width":112,"height":112,"caption":"Official Czech & Slovak Everton Supporters' Club"},"image":{"@id":"https:\/\/evertonfc.cz\/#\/schema\/logo\/image\/"},"sameAs":["https:\/\/www.facebook.com\/everton.fans.cz.sk"]},{"@type":"Person","@id":"https:\/\/evertonfc.cz\/#\/schema\/person\/b30daf6a5852f4811f8207a17ec1bf78","name":"Javor","sameAs":["https:\/\/x.com\/LoudinJan"],"url":"https:\/\/evertonfc.cz\/index.php\/author\/javor\/"}]}},"_links":{"self":[{"href":"https:\/\/evertonfc.cz\/index.php\/wp-json\/wp\/v2\/posts\/3973"}],"collection":[{"href":"https:\/\/evertonfc.cz\/index.php\/wp-json\/wp\/v2\/posts"}],"about":[{"href":"https:\/\/evertonfc.cz\/index.php\/wp-json\/wp\/v2\/types\/post"}],"author":[{"embeddable":true,"href":"https:\/\/evertonfc.cz\/index.php\/wp-json\/wp\/v2\/users\/12"}],"replies":[{"embeddable":true,"href":"https:\/\/evertonfc.cz\/index.php\/wp-json\/wp\/v2\/comments?post=3973"}],"version-history":[{"count":2,"href":"https:\/\/evertonfc.cz\/index.php\/wp-json\/wp\/v2\/posts\/3973\/revisions"}],"predecessor-version":[{"id":21701,"href":"https:\/\/evertonfc.cz\/index.php\/wp-json\/wp\/v2\/posts\/3973\/revisions\/21701"}],"wp:featuredmedia":[{"embeddable":true,"href":"https:\/\/evertonfc.cz\/index.php\/wp-json\/wp\/v2\/media\/20316"}],"wp:attachment":[{"href":"https:\/\/evertonfc.cz\/index.php\/wp-json\/wp\/v2\/media?parent=3973"}],"wp:term":[{"taxonomy":"category","embeddable":true,"href":"https:\/\/evertonfc.cz\/index.php\/wp-json\/wp\/v2\/categories?post=3973"},{"taxonomy":"post_tag","embeddable":true,"href":"https:\/\/evertonfc.cz\/index.php\/wp-json\/wp\/v2\/tags?post=3973"}],"curies":[{"name":"wp","href":"https:\/\/api.w.org\/{rel}","templated":true}]}}