{"id":3977,"date":"2015-11-20T18:14:08","date_gmt":"2015-11-20T17:14:08","guid":{"rendered":"http:\/\/evertonfc.cz\/?p=3977"},"modified":"2021-05-10T09:38:19","modified_gmt":"2021-05-10T07:38:19","slug":"preview-everton-aston-villa","status":"publish","type":"post","link":"https:\/\/evertonfc.cz\/index.php\/2015\/11\/20\/preview-everton-aston-villa\/","title":{"rendered":"Preview: Everton &#8211; Aston Villa"},"content":{"rendered":"<h4 id=\"NewsPostDetailSummary\">Do Goodison Parku tentokr\u00e1t p\u0159ijde t\u00fdm, kter\u00fd m\u00e1 nejv\u011bt\u0161\u00ed z\u00e1sluhu na vzniku ligov\u00e9ho fotbalu v Anglii. Ale neda\u0159\u00ed se mu v t\u00e9to sez\u00f3n\u011b, ji\u017e vym\u011bnil mana\u017eera.<\/h4>\n<p>T\u0159i body by m\u011bly z\u016fstat doma. B\u00e1t se jich nemus\u00edme, Aston Villa zvl\u00e1dla vyhr\u00e1t jeden z\u00e1pas v lize (a to je\u0161t\u011b hned v prvn\u00edm kole). Leto\u0161n\u00ed sez\u00f3nu za\u010d\u00ednal jako mana\u017eer Aston Villy b\u00fdval\u00fd hr\u00e1\u010d Tottenhamu Sherwood. \u010cekalo se, \u017ee celkem v klidu dovede Villans do klidn\u00fdch vod st\u0159edu tabulky.<\/p>\n<p>Ale nestalo se tak a na konci \u0159\u00edjna si balil kufry. Nebylo se co divit, t\u00fdm z Birminghamu m\u00e1 po dvan\u00e1cti kolech na sv\u00e9m kont\u011b p\u011bt bod\u016f a c\u00edl je tedy jedin\u00fd \u2013 z\u00e1chrana. Sherwooda nahradil R\u00e9mi Garde, dal\u0161\u00ed mana\u017eer z ciziny (konkr\u00e9tn\u011b z Francie), kter\u00fd tak dost\u00e1v\u00e1 v Premier league prvn\u00ed \u0161anci. Nu a z\u00edtra se dov\u00edme, jak bude jeho dobrodru\u017estv\u00ed v Anglii pokra\u010dovat.<\/p>\n<div id=\"NewsPostDetailContent\">\n<p>Mana\u017eer Evertonu Mart\u00ednez si b\u011bhem reprezenta\u010dn\u00ed pauzy odsko\u010dil do New Yorku a tam prohl\u00e1sil, \u017ee pro v\u00fdvoj sez\u00f3ny je n\u00e1sleduj\u00edc\u00edch 12 z\u00e1pas\u016f kl\u00ed\u010dov\u00fdch. S t\u00edm se d\u00e1 souhlasit, na \u0159adu p\u0159ich\u00e1zej\u00ed ma\u010de proti t\u00fdm\u016fm, se kter\u00fdmi by Everton m\u011bl vyhr\u00e1vat. Nav\u00edc dal\u0161\u00ed reprezenta\u010dn\u00ed p\u0159est\u00e1vka je a\u017e v b\u0159eznu.\u00a0Samoz\u0159ejm\u011b je nutn\u00e9 m\u00edt na pam\u011bti, \u017ee se brzy (konkr\u00e9tn\u011b 1. prosince) pokus\u00ed proniknout do semifin\u00e1le Ligov\u00e9ho poh\u00e1ru. A k tomu pot\u0159ebuje \u0161ir\u0161\u00ed k\u00e1dr.<\/p>\n<p>T\u00edm se dost\u00e1v\u00e1me ke zran\u011bn\u00fdm a vyl\u00e9\u010den\u00fdm. Zat\u00edmco Baines se po zran\u011bn\u00ed vrac\u00ed a je mo\u017en\u00e9, \u017ee bude hr\u00e1t od za\u010d\u00e1tku, tak z\u0159ejm\u011b je to nutn\u00e9 kompenzovat jin\u00fdmi zran\u011bn\u00fdmi lev\u00fdmi obr\u00e1nci. Posu\u010fte sami &#8211; Oviedo (p\u0159itahova\u010d stehenn\u00edho svalu), Galloway (stehno) a i Garbutt (ro\u010dn\u00ed hostov\u00e1n\u00ed ve Fulhamu) nastoupit nemohou. Nu a kdy\u017e vememe v \u00favahu, \u017ee i Browning je s otazn\u00edkem, tak zb\u00fdvaj\u00ed dv\u011b mo\u017enosti.<\/p>\n<p>Bu\u010f nastoup\u00ed ne \u00fapln\u011b je\u0161t\u011b dol\u00e9\u010den\u00fd Baines anebo se na svou minulost lev\u00e9ho obr\u00e1nce bude muset rozpomenout Barry. Pak by z\u0159ejm\u011b s McCarthym chr\u00e1nil obranu Gibson, Besi\u0107 nen\u00ed je\u0161t\u011b \u00fapln\u011b zdrav\u00fd, a\u010d v play-off utk\u00e1n\u00ed o postu na ME polo\u010das proti Ir\u016fm odehr\u00e1l. Ur\u010dit\u011b nenastoup\u00ed obrann\u00e1 dvojice Hibbert-Jagielka. I nominace Cleverleyho aspo\u0148 na lavi\u010dku je s otazn\u00edkem.<\/p>\n<p>Za Aston Villu vynech\u00e1 z\u00e1pas Amavi (zk\u0159\u00ed\u017een\u00e9 kolenn\u00ed vazy, bude a\u017e v p\u0159\u00ed\u0161t\u00ed sez\u00f3n\u011b) a Okore (ten se naopak ze zran\u011bn\u00ed kolene zotavuje). S otazn\u00edkem je start Agbonlahora, ten v minul\u00e9m ligov\u00e9m z\u00e1pase proti Manchesteru City (rem\u00edza 0:0) nehr\u00e1l. \u00da\u010dast Gestedeho, z\u0159ejm\u011b nejv\u011bt\u0161\u00ed \u00fato\u010dn\u00e9 hrozby, je tak\u00e9 nejist\u00e1. Pokud by nemohl hr\u00e1t, z\u0159ejm\u011b by povinnosti hro\u0165\u00e1ka p\u0159evzal Sinclair. Za Amaviho by mohl na lev\u00e9 obran\u011b zasko\u010dit Richardson. Sou\u010d\u00e1st\u00ed obrann\u00fdch \u0159ad je i b\u00fdval\u00fd hr\u00e1\u010d Evertonu, Joleon Lescott.<\/p>\n<div id=\"NewsPostDetailContent\">\n<p><strong>Co:<\/strong> Everton FC &#8211; Aston Villa FC, 13. kolo Premier League<br \/>\n<strong>Kdy: <\/strong>21. 10. 2015 od 16:00 SE\u010c<br \/>\n<strong>Kde:<\/strong> Goodison Park, Liverpool (kapacita: 40 157)<br \/>\n<strong>Rozhod\u010d\u00ed:<\/strong> Michael Oliver<\/p>\n<\/div>\n<\/div>\n","protected":false},"excerpt":{"rendered":"<p>Do Goodison Parku tentokr\u00e1t p\u0159ijde t\u00fdm, kter\u00fd m\u00e1 nejv\u011bt\u0161\u00ed z\u00e1sluhu na vzniku ligov\u00e9ho fotbalu v Anglii. Ale neda\u0159\u00ed se mu v t\u00e9to sez\u00f3n\u011b, ji\u017e vym\u011bnil mana\u017eera.<\/p>\n","protected":false},"author":12,"featured_media":15183,"comment_status":"open","ping_status":"closed","sticky":false,"template":"","format":"standard","meta":{"_eb_attr":"","_monsterinsights_skip_tracking":false,"_monsterinsights_sitenote_active":false,"_monsterinsights_sitenote_note":"","_monsterinsights_sitenote_category":0,"footnotes":""},"categories":[4],"tags":[],"yoast_head":"<!-- This site is optimized with the Yoast SEO plugin v23.4 - https:\/\/yoast.com\/wordpress\/plugins\/seo\/ -->\n<title>Preview: Everton - Aston Villa - Official Czech &amp; Slovak Everton Supporters&#039; Club<\/title>\n<meta name=\"robots\" content=\"index, follow, max-snippet:-1, max-image-preview:large, max-video-preview:-1\" \/>\n<link rel=\"canonical\" href=\"https:\/\/evertonfc.cz\/index.php\/2015\/11\/20\/preview-everton-aston-villa\/\" \/>\n<meta property=\"og:locale\" content=\"cs_CZ\" \/>\n<meta property=\"og:type\" content=\"article\" \/>\n<meta property=\"og:title\" content=\"Preview: Everton - Aston Villa - Official Czech &amp; Slovak Everton Supporters&#039; Club\" \/>\n<meta property=\"og:description\" content=\"Do Goodison Parku tentokr\u00e1t p\u0159ijde t\u00fdm, kter\u00fd m\u00e1 nejv\u011bt\u0161\u00ed z\u00e1sluhu na vzniku ligov\u00e9ho fotbalu v Anglii. Ale neda\u0159\u00ed se mu v t\u00e9to sez\u00f3n\u011b, ji\u017e vym\u011bnil mana\u017eera.\" \/>\n<meta property=\"og:url\" content=\"https:\/\/evertonfc.cz\/index.php\/2015\/11\/20\/preview-everton-aston-villa\/\" \/>\n<meta property=\"og:site_name\" content=\"Official Czech &amp; Slovak Everton Supporters&#039; Club\" \/>\n<meta property=\"article:publisher\" content=\"https:\/\/www.facebook.com\/everton.fans.cz.sk\" \/>\n<meta property=\"article:published_time\" content=\"2015-11-20T17:14:08+00:00\" \/>\n<meta property=\"article:modified_time\" content=\"2021-05-10T07:38:19+00:00\" \/>\n<meta property=\"og:image\" content=\"https:\/\/evertonfc.cz\/wp-content\/uploads\/2021\/05\/Everton-VS-Aston-Villa.png\" \/>\n\t<meta property=\"og:image:width\" content=\"720\" \/>\n\t<meta property=\"og:image:height\" content=\"405\" \/>\n\t<meta property=\"og:image:type\" content=\"image\/png\" \/>\n<meta name=\"author\" content=\"Javor\" \/>\n<meta name=\"twitter:card\" content=\"summary_large_image\" \/>\n<meta name=\"twitter:creator\" content=\"@LoudinJan\" \/>\n<meta name=\"twitter:label1\" content=\"Napsal(a)\" \/>\n\t<meta name=\"twitter:data1\" content=\"Javor\" \/>\n\t<meta name=\"twitter:label2\" content=\"Odhadovan\u00e1 doba \u010dten\u00ed\" \/>\n\t<meta name=\"twitter:data2\" content=\"2 minuty\" \/>\n<script type=\"application\/ld+json\" class=\"yoast-schema-graph\">{\"@context\":\"https:\/\/schema.org\",\"@graph\":[{\"@type\":\"Article\",\"@id\":\"https:\/\/evertonfc.cz\/index.php\/2015\/11\/20\/preview-everton-aston-villa\/#article\",\"isPartOf\":{\"@id\":\"https:\/\/evertonfc.cz\/index.php\/2015\/11\/20\/preview-everton-aston-villa\/\"},\"author\":{\"name\":\"Javor\",\"@id\":\"https:\/\/evertonfc.cz\/#\/schema\/person\/b30daf6a5852f4811f8207a17ec1bf78\"},\"headline\":\"Preview: Everton &#8211; Aston Villa\",\"datePublished\":\"2015-11-20T17:14:08+00:00\",\"dateModified\":\"2021-05-10T07:38:19+00:00\",\"mainEntityOfPage\":{\"@id\":\"https:\/\/evertonfc.cz\/index.php\/2015\/11\/20\/preview-everton-aston-villa\/\"},\"wordCount\":573,\"commentCount\":0,\"publisher\":{\"@id\":\"https:\/\/evertonfc.cz\/#organization\"},\"image\":{\"@id\":\"https:\/\/evertonfc.cz\/index.php\/2015\/11\/20\/preview-everton-aston-villa\/#primaryimage\"},\"thumbnailUrl\":\"https:\/\/evertonfc.cz\/wp-content\/uploads\/2021\/05\/Everton-VS-Aston-Villa.png\",\"articleSection\":[\"Z\u00e1pasy\"],\"inLanguage\":\"cs\",\"potentialAction\":[{\"@type\":\"CommentAction\",\"name\":\"Comment\",\"target\":[\"https:\/\/evertonfc.cz\/index.php\/2015\/11\/20\/preview-everton-aston-villa\/#respond\"]}]},{\"@type\":\"WebPage\",\"@id\":\"https:\/\/evertonfc.cz\/index.php\/2015\/11\/20\/preview-everton-aston-villa\/\",\"url\":\"https:\/\/evertonfc.cz\/index.php\/2015\/11\/20\/preview-everton-aston-villa\/\",\"name\":\"Preview: Everton - Aston Villa - Official Czech &amp; Slovak Everton Supporters&#039; Club\",\"isPartOf\":{\"@id\":\"https:\/\/evertonfc.cz\/#website\"},\"primaryImageOfPage\":{\"@id\":\"https:\/\/evertonfc.cz\/index.php\/2015\/11\/20\/preview-everton-aston-villa\/#primaryimage\"},\"image\":{\"@id\":\"https:\/\/evertonfc.cz\/index.php\/2015\/11\/20\/preview-everton-aston-villa\/#primaryimage\"},\"thumbnailUrl\":\"https:\/\/evertonfc.cz\/wp-content\/uploads\/2021\/05\/Everton-VS-Aston-Villa.png\",\"datePublished\":\"2015-11-20T17:14:08+00:00\",\"dateModified\":\"2021-05-10T07:38:19+00:00\",\"breadcrumb\":{\"@id\":\"https:\/\/evertonfc.cz\/index.php\/2015\/11\/20\/preview-everton-aston-villa\/#breadcrumb\"},\"inLanguage\":\"cs\",\"potentialAction\":[{\"@type\":\"ReadAction\",\"target\":[\"https:\/\/evertonfc.cz\/index.php\/2015\/11\/20\/preview-everton-aston-villa\/\"]}]},{\"@type\":\"ImageObject\",\"inLanguage\":\"cs\",\"@id\":\"https:\/\/evertonfc.cz\/index.php\/2015\/11\/20\/preview-everton-aston-villa\/#primaryimage\",\"url\":\"https:\/\/evertonfc.cz\/wp-content\/uploads\/2021\/05\/Everton-VS-Aston-Villa.png\",\"contentUrl\":\"https:\/\/evertonfc.cz\/wp-content\/uploads\/2021\/05\/Everton-VS-Aston-Villa.png\",\"width\":720,\"height\":405},{\"@type\":\"BreadcrumbList\",\"@id\":\"https:\/\/evertonfc.cz\/index.php\/2015\/11\/20\/preview-everton-aston-villa\/#breadcrumb\",\"itemListElement\":[{\"@type\":\"ListItem\",\"position\":1,\"name\":\"Home\",\"item\":\"https:\/\/evertonfc.cz\/\"},{\"@type\":\"ListItem\",\"position\":2,\"name\":\"Preview: Everton &#8211; Aston Villa\"}]},{\"@type\":\"WebSite\",\"@id\":\"https:\/\/evertonfc.cz\/#website\",\"url\":\"https:\/\/evertonfc.cz\/\",\"name\":\"Official Czech &amp; Slovak Everton Supporters&#039; Club\",\"description\":\"\",\"publisher\":{\"@id\":\"https:\/\/evertonfc.cz\/#organization\"},\"potentialAction\":[{\"@type\":\"SearchAction\",\"target\":{\"@type\":\"EntryPoint\",\"urlTemplate\":\"https:\/\/evertonfc.cz\/?s={search_term_string}\"},\"query-input\":{\"@type\":\"PropertyValueSpecification\",\"valueRequired\":true,\"valueName\":\"search_term_string\"}}],\"inLanguage\":\"cs\"},{\"@type\":\"Organization\",\"@id\":\"https:\/\/evertonfc.cz\/#organization\",\"name\":\"Official Czech & Slovak Everton Supporters' Club\",\"url\":\"https:\/\/evertonfc.cz\/\",\"logo\":{\"@type\":\"ImageObject\",\"inLanguage\":\"cs\",\"@id\":\"https:\/\/evertonfc.cz\/#\/schema\/logo\/image\/\",\"url\":\"https:\/\/evertonfc.cz\/wp-content\/uploads\/2019\/05\/logo.png\",\"contentUrl\":\"https:\/\/evertonfc.cz\/wp-content\/uploads\/2019\/05\/logo.png\",\"width\":112,\"height\":112,\"caption\":\"Official Czech & Slovak Everton Supporters' Club\"},\"image\":{\"@id\":\"https:\/\/evertonfc.cz\/#\/schema\/logo\/image\/\"},\"sameAs\":[\"https:\/\/www.facebook.com\/everton.fans.cz.sk\"]},{\"@type\":\"Person\",\"@id\":\"https:\/\/evertonfc.cz\/#\/schema\/person\/b30daf6a5852f4811f8207a17ec1bf78\",\"name\":\"Javor\",\"sameAs\":[\"https:\/\/x.com\/LoudinJan\"],\"url\":\"https:\/\/evertonfc.cz\/index.php\/author\/javor\/\"}]}<\/script>\n<!-- \/ Yoast SEO plugin. -->","yoast_head_json":{"title":"Preview: Everton - Aston Villa - Official Czech &amp; Slovak Everton Supporters&#039; Club","robots":{"index":"index","follow":"follow","max-snippet":"max-snippet:-1","max-image-preview":"max-image-preview:large","max-video-preview":"max-video-preview:-1"},"canonical":"https:\/\/evertonfc.cz\/index.php\/2015\/11\/20\/preview-everton-aston-villa\/","og_locale":"cs_CZ","og_type":"article","og_title":"Preview: Everton - Aston Villa - Official Czech &amp; Slovak Everton Supporters&#039; Club","og_description":"Do Goodison Parku tentokr\u00e1t p\u0159ijde t\u00fdm, kter\u00fd m\u00e1 nejv\u011bt\u0161\u00ed z\u00e1sluhu na vzniku ligov\u00e9ho fotbalu v Anglii. Ale neda\u0159\u00ed se mu v t\u00e9to sez\u00f3n\u011b, ji\u017e vym\u011bnil mana\u017eera.","og_url":"https:\/\/evertonfc.cz\/index.php\/2015\/11\/20\/preview-everton-aston-villa\/","og_site_name":"Official Czech &amp; Slovak Everton Supporters&#039; Club","article_publisher":"https:\/\/www.facebook.com\/everton.fans.cz.sk","article_published_time":"2015-11-20T17:14:08+00:00","article_modified_time":"2021-05-10T07:38:19+00:00","og_image":[{"width":720,"height":405,"url":"https:\/\/evertonfc.cz\/wp-content\/uploads\/2021\/05\/Everton-VS-Aston-Villa.png","type":"image\/png"}],"author":"Javor","twitter_card":"summary_large_image","twitter_creator":"@LoudinJan","twitter_misc":{"Napsal(a)":"Javor","Odhadovan\u00e1 doba \u010dten\u00ed":"2 minuty"},"schema":{"@context":"https:\/\/schema.org","@graph":[{"@type":"Article","@id":"https:\/\/evertonfc.cz\/index.php\/2015\/11\/20\/preview-everton-aston-villa\/#article","isPartOf":{"@id":"https:\/\/evertonfc.cz\/index.php\/2015\/11\/20\/preview-everton-aston-villa\/"},"author":{"name":"Javor","@id":"https:\/\/evertonfc.cz\/#\/schema\/person\/b30daf6a5852f4811f8207a17ec1bf78"},"headline":"Preview: Everton &#8211; Aston Villa","datePublished":"2015-11-20T17:14:08+00:00","dateModified":"2021-05-10T07:38:19+00:00","mainEntityOfPage":{"@id":"https:\/\/evertonfc.cz\/index.php\/2015\/11\/20\/preview-everton-aston-villa\/"},"wordCount":573,"commentCount":0,"publisher":{"@id":"https:\/\/evertonfc.cz\/#organization"},"image":{"@id":"https:\/\/evertonfc.cz\/index.php\/2015\/11\/20\/preview-everton-aston-villa\/#primaryimage"},"thumbnailUrl":"https:\/\/evertonfc.cz\/wp-content\/uploads\/2021\/05\/Everton-VS-Aston-Villa.png","articleSection":["Z\u00e1pasy"],"inLanguage":"cs","potentialAction":[{"@type":"CommentAction","name":"Comment","target":["https:\/\/evertonfc.cz\/index.php\/2015\/11\/20\/preview-everton-aston-villa\/#respond"]}]},{"@type":"WebPage","@id":"https:\/\/evertonfc.cz\/index.php\/2015\/11\/20\/preview-everton-aston-villa\/","url":"https:\/\/evertonfc.cz\/index.php\/2015\/11\/20\/preview-everton-aston-villa\/","name":"Preview: Everton - Aston Villa - Official Czech &amp; Slovak Everton Supporters&#039; Club","isPartOf":{"@id":"https:\/\/evertonfc.cz\/#website"},"primaryImageOfPage":{"@id":"https:\/\/evertonfc.cz\/index.php\/2015\/11\/20\/preview-everton-aston-villa\/#primaryimage"},"image":{"@id":"https:\/\/evertonfc.cz\/index.php\/2015\/11\/20\/preview-everton-aston-villa\/#primaryimage"},"thumbnailUrl":"https:\/\/evertonfc.cz\/wp-content\/uploads\/2021\/05\/Everton-VS-Aston-Villa.png","datePublished":"2015-11-20T17:14:08+00:00","dateModified":"2021-05-10T07:38:19+00:00","breadcrumb":{"@id":"https:\/\/evertonfc.cz\/index.php\/2015\/11\/20\/preview-everton-aston-villa\/#breadcrumb"},"inLanguage":"cs","potentialAction":[{"@type":"ReadAction","target":["https:\/\/evertonfc.cz\/index.php\/2015\/11\/20\/preview-everton-aston-villa\/"]}]},{"@type":"ImageObject","inLanguage":"cs","@id":"https:\/\/evertonfc.cz\/index.php\/2015\/11\/20\/preview-everton-aston-villa\/#primaryimage","url":"https:\/\/evertonfc.cz\/wp-content\/uploads\/2021\/05\/Everton-VS-Aston-Villa.png","contentUrl":"https:\/\/evertonfc.cz\/wp-content\/uploads\/2021\/05\/Everton-VS-Aston-Villa.png","width":720,"height":405},{"@type":"BreadcrumbList","@id":"https:\/\/evertonfc.cz\/index.php\/2015\/11\/20\/preview-everton-aston-villa\/#breadcrumb","itemListElement":[{"@type":"ListItem","position":1,"name":"Home","item":"https:\/\/evertonfc.cz\/"},{"@type":"ListItem","position":2,"name":"Preview: Everton &#8211; Aston Villa"}]},{"@type":"WebSite","@id":"https:\/\/evertonfc.cz\/#website","url":"https:\/\/evertonfc.cz\/","name":"Official Czech &amp; Slovak Everton Supporters&#039; Club","description":"","publisher":{"@id":"https:\/\/evertonfc.cz\/#organization"},"potentialAction":[{"@type":"SearchAction","target":{"@type":"EntryPoint","urlTemplate":"https:\/\/evertonfc.cz\/?s={search_term_string}"},"query-input":{"@type":"PropertyValueSpecification","valueRequired":true,"valueName":"search_term_string"}}],"inLanguage":"cs"},{"@type":"Organization","@id":"https:\/\/evertonfc.cz\/#organization","name":"Official Czech & Slovak Everton Supporters' Club","url":"https:\/\/evertonfc.cz\/","logo":{"@type":"ImageObject","inLanguage":"cs","@id":"https:\/\/evertonfc.cz\/#\/schema\/logo\/image\/","url":"https:\/\/evertonfc.cz\/wp-content\/uploads\/2019\/05\/logo.png","contentUrl":"https:\/\/evertonfc.cz\/wp-content\/uploads\/2019\/05\/logo.png","width":112,"height":112,"caption":"Official Czech & Slovak Everton Supporters' Club"},"image":{"@id":"https:\/\/evertonfc.cz\/#\/schema\/logo\/image\/"},"sameAs":["https:\/\/www.facebook.com\/everton.fans.cz.sk"]},{"@type":"Person","@id":"https:\/\/evertonfc.cz\/#\/schema\/person\/b30daf6a5852f4811f8207a17ec1bf78","name":"Javor","sameAs":["https:\/\/x.com\/LoudinJan"],"url":"https:\/\/evertonfc.cz\/index.php\/author\/javor\/"}]}},"_links":{"self":[{"href":"https:\/\/evertonfc.cz\/index.php\/wp-json\/wp\/v2\/posts\/3977"}],"collection":[{"href":"https:\/\/evertonfc.cz\/index.php\/wp-json\/wp\/v2\/posts"}],"about":[{"href":"https:\/\/evertonfc.cz\/index.php\/wp-json\/wp\/v2\/types\/post"}],"author":[{"embeddable":true,"href":"https:\/\/evertonfc.cz\/index.php\/wp-json\/wp\/v2\/users\/12"}],"replies":[{"embeddable":true,"href":"https:\/\/evertonfc.cz\/index.php\/wp-json\/wp\/v2\/comments?post=3977"}],"version-history":[{"count":4,"href":"https:\/\/evertonfc.cz\/index.php\/wp-json\/wp\/v2\/posts\/3977\/revisions"}],"predecessor-version":[{"id":15294,"href":"https:\/\/evertonfc.cz\/index.php\/wp-json\/wp\/v2\/posts\/3977\/revisions\/15294"}],"wp:featuredmedia":[{"embeddable":true,"href":"https:\/\/evertonfc.cz\/index.php\/wp-json\/wp\/v2\/media\/15183"}],"wp:attachment":[{"href":"https:\/\/evertonfc.cz\/index.php\/wp-json\/wp\/v2\/media?parent=3977"}],"wp:term":[{"taxonomy":"category","embeddable":true,"href":"https:\/\/evertonfc.cz\/index.php\/wp-json\/wp\/v2\/categories?post=3977"},{"taxonomy":"post_tag","embeddable":true,"href":"https:\/\/evertonfc.cz\/index.php\/wp-json\/wp\/v2\/tags?post=3977"}],"curies":[{"name":"wp","href":"https:\/\/api.w.org\/{rel}","templated":true}]}}