{"id":3979,"date":"2011-01-30T18:14:19","date_gmt":"2011-01-30T17:14:19","guid":{"rendered":"http:\/\/evertonfc.cz\/?p=3979"},"modified":"2019-02-12T18:17:51","modified_gmt":"2019-02-12T17:17:51","slug":"100-blueprophet","status":"publish","type":"post","link":"https:\/\/evertonfc.cz\/index.php\/2011\/01\/30\/100-blueprophet\/","title":{"rendered":"100% BlueProphet"},"content":{"rendered":"<h4>Santa Monica, vzkv\u00e9taj\u00edc\u00ed m\u011bsto situovan\u00e9 na sv\u011btozn\u00e1m\u00fdch hollywoodsk\u00fdch kopc\u00edch. Rozhodn\u011b \u017e\u00e1dn\u00e9 m\u00edsto, kde byste o\u010dek\u00e1vali naj\u00edt p\u0159esv\u011bd\u010den\u00e9ho Evertoniana.<\/h4>\n<p>Ale jeden se p\u0159ece jen naj\u00edt d\u00e1. \u00dasp\u011b\u0161n\u00e1 rockov\u00e1 kari\u00e9ra umo\u017enila Mike Lewisovi \u017e\u00edt \u017eivot celebrity za velkou lou\u017e\u00ed. Je tomu u\u017e deset let, co se rod\u00e1k z vel\u0161sk\u00e9ho Pontypriddu proslavil se svou kapelou Lostprophets d\u00edky \u00fasp\u011b\u0161n\u00e9mu debutu The Fake Sound Of Progress.<\/p>\n<p>Od t\u00e9 doby n\u00e1sledovala celosv\u011btov\u00e1 turn\u00e9, vele\u00fasp\u011b\u0161n\u00e9 hity, dal\u0161\u00ed vydan\u00e1 alba a v neposledn\u00ed \u0159ad\u011b tak\u00e9 us\u00eddlen\u00ed se v Los Angeles. Nic z toho ale nezast\u00ednilo Lewisovu nejv\u011bt\u0161\u00ed v\u00e1\u0161e\u0148 &#8211; Everton.<\/p>\n<p><em>\u201eV\u0161echno to za\u010dalo, kdy\u017e mi bylo kolem sedmi let,&#8220;<\/em>\u00a0vysv\u011btluje t\u0159iat\u0159icetilet\u00fd kytarista.<em>&#8222;Vyr\u016fstal jsem na p\u0159edm\u011bst\u00ed Cardiffu, tak\u017ee m\u00fdm m\u00edstn\u00edm klubem je Cardiff City. Chod\u00edval jsem je sledovat, ale tehdy byli mysl\u00edm ve Fourth Division a byl to ponur\u00fd fotbal. Ninian Park nebyl hezk\u00e9 m\u00edsto a u\u017e v\u016fbec ne v osmdes\u00e1t\u00fdch letech. Prost\u011b jsem se na to nemohl d\u00edvat a nev\u00edm pro\u010d, n\u011bco m\u011b p\u0159it\u00e1hlo k Evertonu.<\/em><\/p>\n<p><em>Ka\u017ed\u00fd v t\u00e9 dob\u011b fandil bu\u010f Evertonu nebo Liverpoolu. Za Everton hr\u00e1ly v\u0161echny ty vel\u0161sk\u00e9 legendy jako Neville Southall, Kevin Ratcliffe a Pat Van den Hauwe, ve Walesu se nav\u00edc narodil i Kevin Sheedy. A to m\u011b n\u011bjak vt\u00e1hlo.\u201c<\/em><\/p>\n<p>Hudbu Lewis miloval od d\u011btsk\u00fdch let, kdy d\u00edky sv\u00e9mu otci poznal kapely jako Dire Straits nebo Led Zeppelin. Ve \u0161kole potom potkal Iana Watkinse, se kter\u00fdm sd\u00edlel oblibu v rockov\u00e9 hudb\u011b. O n\u011bkolik let pozd\u011bji dvojice sebrala odvahu a do hudebn\u00edho pr\u016fmyslu vkro\u010dila s kapelou nazvanou Public Disturbance. Krom toho ale pracovali i na vedlej\u0161\u00edm projektu jm\u00e9nem Lozt Prophetz a byla to pr\u00e1v\u011b jejich sou\u010dasn\u00e1 kapela, kter\u00e1 nakonec vedla ke sl\u00e1v\u011b.<\/p>\n<p>I v dob\u00e1ch, kdy o sob\u011b d\u00e1vali Lostprophets poprv\u00e9 v\u011bd\u011bt, byl ale u Lewise fotbal st\u00e1le obrovskou v\u00e1\u0161n\u00ed, a tak krom plak\u00e1t\u016f rockov\u00fdch hv\u011bzd, zdobily zdi jeho pokoje i tv\u00e1\u0159e goodisonsk\u00fdch hrdin\u016f. Stejn\u011b jako v\u011bt\u0161ina d\u011bt\u00ed osmdes\u00e1t\u00fdch let, tak nejrad\u011bji vzpom\u00edn\u00e1 na tehdej\u0161\u00ed \u00fasp\u011bchy Blues jak na evropsk\u00e9m, tak dom\u00e1c\u00edm poli.<\/p>\n<p><em>\u201eV roce 1985 mi bylo p\u011bt a Poh\u00e1r V\u00edt\u011bz\u016f poh\u00e1r\u016f si pamatuju a v\u00edm, co znamenal. Pro m\u011b ale byla nejv\u011bt\u0161\u00ed sezonou 1986\/87, kdy\u017e jsme vyhr\u00e1li ligu. O rok d\u0159\u00edve jsme m\u011bli Garyho Linekera, a to byla sezona, kdy jsem za\u010dal Everton sledovat. Je to ale ro\u010dn\u00edk 1986\/87, kter\u00fd ten vztah definitivn\u011b stvrdil. Ten t\u00fdm byl neuv\u011b\u0159iteln\u00fd.\u201c<\/em><\/p>\n<p>Legend z on\u00e9 doby, je nepo\u010d\u00edtan\u011b, pro Lewise je ale \u010d\u00edslem jedna pr\u00e1v\u011b Gary Lineker. Ten na Goodison Parku str\u00e1vil jen jedinou sezonu, ale v n\u00ed nast\u0159\u00edlel fantastick\u00fdch 40 g\u00f3l\u016f.<em>\u00a0\u201eKdy\u017e jsem chodil do \u0161koly, byl jsem obr\u00e1nce, tak\u017ee jsem si hodn\u011b obl\u00edbil Ratcliffa a Southalla. Ale Linekera jsem miloval. Je to nejsp\u00ed\u0161 m\u016fj v\u016fbec nejobl\u00edben\u011bj\u0161\u00ed fotbalista. Jeho anga\u017em\u00e1 v Evertonu je obdob\u00ed, kdy jsem fotbalu \u00fapln\u011b propadl. Kdy\u017e ode\u0161el do Barcelony, zlomilo mi to srdce.\u201c<\/em><\/p>\n<p>B\u011bhem vele\u00fap\u011b\u0161n\u00e9ho roku 1985, dostal Lewis tak\u00e9 prvn\u00ed p\u0159\u00edle\u017eitost vid\u011bt svoje obl\u00edbence na vlastn\u00ed o\u010di. D\u00edky vzd\u00e1lenosti Liverpoolu a jeho domova v ji\u017en\u00edm Walesu, byly nicm\u00e9n\u011b v\u00fdlety s otcem na Goodison vz\u00e1cn\u00fdmi p\u0159\u00edle\u017eitostmi. Prvn\u011b tak Everton spat\u0159il na Villa Parku.<\/p>\n<p><em>\u201eRemizovalo se 0-0 a my st\u00e1li mezi fanou\u0161ky Villy,\u201c<\/em>\u00a0vzpom\u00edn\u00e1.\u00a0<em>\u201eT\u00e1ta celou dobu \u0159\u00edkal, \u201cJestli d\u00e1me g\u00f3l, mus\u00ed\u0161 b\u00fdt potichu.\u201c Tak\u017ee jsme tam st\u00e1li a m\u016f\u017eu v\u00e1m \u0159\u00edct, \u017ee se opravdu b\u00e1l toho, co ud\u011bl\u00e1m, jestli ten g\u00f3l d\u00e1me.<\/em><\/p>\n<p><em>Te\u010f nem\u00e1m moc \u010dasu, abych mohl p\u0159ijet do Liverpoolu. Dostanu se tam jen dvakr\u00e1t nebo t\u0159ikr\u00e1t b\u011bhem sezony, jsem moc zanepr\u00e1zdn\u011bn\u00fd. Jezd\u00edm se sv\u00fdm kamar\u00e1dem Tonym a kdykoliv p\u0159ijedeme, nem\u016f\u017eeme se do\u010dkat. Samoz\u0159ejm\u011b, \u017ee bylo bylo \u00fa\u017easn\u00e9 bydlet bl\u00edzko stadionu a m\u00edt permanentku &#8211; byl bych tam v ka\u017ed\u00e9m po\u010das\u00ed. Ale to, \u017ee se tam nedost\u00e1v\u00e1m tak \u010dasto, ten den d\u011bl\u00e1 na druhou stranu v\u00edc speci\u00e1ln\u00ed.\u201c<\/em><\/p>\n<p>P\u0159ehled o d\u011bn\u00ed v klubu, m\u00e1 Lewis p\u0159esto suver\u00e9nn\u00ed. Mus\u00ed mu sice ob\u010das ob\u011btovat brzk\u00fd rann\u00ed bud\u00ed\u010dek, ale i ve Spojen\u00fdch st\u00e1tech se pr\u00fd Premier League sportovn\u00ed kan\u00e1ly bohat\u011b v\u011bnuj\u00ed.<\/p>\n<p><em>\u201eNa internetu se d\u00e1 sledovat ka\u017ed\u00fd z\u00e1pas a kdy\u017e jsem doma v LA, v americk\u00e9 televizi sleduji v\u00edc fotbalu, ne\u017e na ostrovech. Je par\u00e1dn\u00ed, kdy\u017e m\u016f\u017eu ka\u017ed\u00fd v\u00edkend vid\u011bt z\u00e1pas &#8211; doslova lze shl\u00e9dnout v\u0161echno. Je to z\u00e1bava, proto\u017ee v Brit\u00e1nii je fotbal n\u00e1rodn\u00ed sport, ale p\u0159esto se ho v\u00edc vys\u00edl\u00e1 v Americe. Divn\u00e9.\u201c<\/em><\/p>\n<p>Radost mu nav\u00edc d\u011bl\u00e1 i skute\u010dnost, \u017ee ve sv\u00e9m modr\u00e9m fanatismu u\u017e nen\u00ed \u0161iroko daleko s\u00e1m. Nakazit u\u017e sta\u010dil man\u017eelku i \u0161vagra a zv\u00fd\u0161en\u00fd z\u00e1jem o Everton pozoruje v Kalifornii d\u00edky jist\u00e9mu americk\u00e9mu fotbalistovi, jen\u017e p\u0159ed rokem \u0159\u00e1dil v modr\u00fdch barv\u00e1ch na druh\u00e9 stran\u011b Atlantiku.<\/p>\n<p><em>&#8222;V\u0161ichni tady o Landonovi mluvili. Doma hraju za t\u00fdm v Sunday League a hodn\u011b se o tom mluvilo je\u0161t\u011b p\u0159edt\u00edm, ne\u017e v\u016fbec p\u0159i\u0161el. Rozhodn\u011b to pomohlo zv\u00fd\u0161it profil klubu ve St\u00e1tech, proto\u017ee tady je fotbalov\u00fdm bohem. Vid\u011bl jsem ho hr\u00e1t, proto\u017ee jsem p\u00e1rkr\u00e1t za\u0161el na LA Galaxy. Mysl\u00edm, \u017ee pro MLS je a\u017e moc dobr\u00fd a jasn\u011b to uk\u00e1zal, kdy\u017e hr\u00e1l u n\u00e1s. Obrovsk\u00e1 \u0161koda, \u017ee nemohl z\u016fstat.&#8220;<\/em><\/p>\n<p>Pro samotnou kapelu byl pak rok 2010 tak trochu ve znamen\u00ed n\u00e1vratu. Na \u010dtvrtou studiovku pod n\u00e1zvem The Betrayed, museli fanou\u0161ci \u010dekat \u010dty\u0159i roky a podle slov kritik\u016f, st\u00e1lo \u010dek\u00e1n\u00ed za to. Kapela pr\u00fd tolik dlouh\u00e9 \u010dek\u00e1n\u00ed nepl\u00e1novala, ale m\u011bla k tomu dobr\u00e9 d\u016fvody.<\/p>\n<p><em>\u201eNa\u0161e posledn\u00ed album jsme vydali v roce 2006 a cht\u011bli jsme, aby dal\u0161\u00ed vy\u0161lo brzy, ale nestalo se tak. Nahr\u00e1li jsme cel\u00e9 album, ale nezn\u011blo tak, jak jsme pl\u00e1novali, tak\u017ee ne\u017e vyd\u00e1vat n\u011bco, s \u010d\u00edm jsme nebyli spokojeni, jsme rad\u011bji p\u0159epsali n\u011bkter\u00e9 songy, nahr\u00e1li ostatn\u00ed a za\u010dali znovu od za\u010d\u00e1tku.<\/em><\/p>\n<p>Necht\u011bli jsme zkr\u00e1tka vydat album, na kter\u00e9 bychom nemohli b\u00fdt py\u0161n\u00ed. Hodn\u011b lid\u00ed n\u00e1s poslouch\u00e1 u\u017e dlouho a na\u0161im fand\u016fm dlu\u017e\u00edme v\u00edc, ne\u017e album, kter\u00e9mu jsme sami nev\u011b\u0159ili.\u201c<\/p>\n<p>Co le\u017e\u00ed p\u0159ed \u0161estic\u00ed Vel\u0161an\u016f d\u00e1l, zat\u00edm z\u016fst\u00e1v\u00e1 tajenkou. Jedna v\u011bc je v\u0161ak jist\u00e1 &#8211; kdekoliv se Lewis ocitne, tam si svoje evertonsk\u00e9 poselstv\u00ed bere s sebou.<em>\u00a0\u201eNa kyta\u0159e m\u00e1m vlaje\u010dku Evertonu a dohl\u00ed\u017e\u00edm na to, aby se mnou byla na p\u00f3diu. M\u00fdm kytarov\u00fdm technikem je fanda Arsenalu, tak\u017ee se na ni mus\u00ed ka\u017ed\u00fd den d\u00edvat. Neschvaluje to. V\u011bt\u0161inou je na n\u00ed klubov\u00e1 nebo vel\u0161sk\u00e1 vlaje\u010dka, z\u00e1le\u017e\u00ed jakou m\u00e1m zrovna n\u00e1ladu. Technik je vlastn\u011b Ir, tak\u017ee neschvaluje ani to!\u201c<\/em>\u00a0sm\u011bje se Lewis.<\/p>\n","protected":false},"excerpt":{"rendered":"<p>Santa Monica, vzkv\u00e9taj\u00edc\u00ed m\u011bsto situovan\u00e9 na sv\u011btozn\u00e1m\u00fdch hollywoodsk\u00fdch kopc\u00edch. Rozhodn\u011b \u017e\u00e1dn\u00e9 m\u00edsto, kde byste o\u010dek\u00e1vali naj\u00edt p\u0159esv\u011bd\u010den\u00e9ho Evertoniana. Ale jeden&hellip;<\/p>\n","protected":false},"author":7,"featured_media":1312,"comment_status":"open","ping_status":"closed","sticky":false,"template":"","format":"standard","meta":{"_eb_attr":"","_monsterinsights_skip_tracking":false,"_monsterinsights_sitenote_active":false,"_monsterinsights_sitenote_note":"","_monsterinsights_sitenote_category":0,"footnotes":""},"categories":[1],"tags":[],"yoast_head":"<!-- This site is optimized with the Yoast SEO plugin v23.4 - https:\/\/yoast.com\/wordpress\/plugins\/seo\/ -->\n<title>100% BlueProphet - Official Czech &amp; Slovak Everton Supporters&#039; Club<\/title>\n<meta name=\"robots\" content=\"index, follow, max-snippet:-1, max-image-preview:large, max-video-preview:-1\" \/>\n<link rel=\"canonical\" href=\"https:\/\/evertonfc.cz\/index.php\/2011\/01\/30\/100-blueprophet\/\" \/>\n<meta property=\"og:locale\" content=\"cs_CZ\" \/>\n<meta property=\"og:type\" content=\"article\" \/>\n<meta property=\"og:title\" content=\"100% BlueProphet - Official Czech &amp; Slovak Everton Supporters&#039; Club\" \/>\n<meta property=\"og:description\" content=\"Santa Monica, vzkv\u00e9taj\u00edc\u00ed m\u011bsto situovan\u00e9 na sv\u011btozn\u00e1m\u00fdch hollywoodsk\u00fdch kopc\u00edch. Rozhodn\u011b \u017e\u00e1dn\u00e9 m\u00edsto, kde byste o\u010dek\u00e1vali naj\u00edt p\u0159esv\u011bd\u010den\u00e9ho Evertoniana. Ale jeden&hellip;\" \/>\n<meta property=\"og:url\" content=\"https:\/\/evertonfc.cz\/index.php\/2011\/01\/30\/100-blueprophet\/\" \/>\n<meta property=\"og:site_name\" content=\"Official Czech &amp; Slovak Everton Supporters&#039; Club\" \/>\n<meta property=\"article:publisher\" content=\"https:\/\/www.facebook.com\/everton.fans.cz.sk\" \/>\n<meta property=\"article:published_time\" content=\"2011-01-30T17:14:19+00:00\" \/>\n<meta property=\"article:modified_time\" content=\"2019-02-12T17:17:51+00:00\" \/>\n<meta property=\"og:image\" content=\"https:\/\/evertonfc.cz\/wp-content\/uploads\/2019\/01\/interview.jpg\" \/>\n\t<meta property=\"og:image:width\" content=\"720\" \/>\n\t<meta property=\"og:image:height\" content=\"405\" \/>\n\t<meta property=\"og:image:type\" content=\"image\/jpeg\" \/>\n<meta name=\"author\" content=\"Me\u0148a\" \/>\n<meta name=\"twitter:card\" content=\"summary_large_image\" \/>\n<meta name=\"twitter:label1\" content=\"Napsal(a)\" \/>\n\t<meta name=\"twitter:data1\" content=\"Me\u0148a\" \/>\n\t<meta name=\"twitter:label2\" content=\"Odhadovan\u00e1 doba \u010dten\u00ed\" \/>\n\t<meta name=\"twitter:data2\" content=\"7 minut\" \/>\n<script type=\"application\/ld+json\" class=\"yoast-schema-graph\">{\"@context\":\"https:\/\/schema.org\",\"@graph\":[{\"@type\":\"Article\",\"@id\":\"https:\/\/evertonfc.cz\/index.php\/2011\/01\/30\/100-blueprophet\/#article\",\"isPartOf\":{\"@id\":\"https:\/\/evertonfc.cz\/index.php\/2011\/01\/30\/100-blueprophet\/\"},\"author\":{\"name\":\"Me\u0148a\",\"@id\":\"https:\/\/evertonfc.cz\/#\/schema\/person\/cd6328a75577de2add7793fd4b0930c3\"},\"headline\":\"100% BlueProphet\",\"datePublished\":\"2011-01-30T17:14:19+00:00\",\"dateModified\":\"2019-02-12T17:17:51+00:00\",\"mainEntityOfPage\":{\"@id\":\"https:\/\/evertonfc.cz\/index.php\/2011\/01\/30\/100-blueprophet\/\"},\"wordCount\":1318,\"commentCount\":0,\"publisher\":{\"@id\":\"https:\/\/evertonfc.cz\/#organization\"},\"image\":{\"@id\":\"https:\/\/evertonfc.cz\/index.php\/2011\/01\/30\/100-blueprophet\/#primaryimage\"},\"thumbnailUrl\":\"https:\/\/evertonfc.cz\/wp-content\/uploads\/2019\/01\/interview.jpg\",\"articleSection\":[\"Rozhovory\"],\"inLanguage\":\"cs\",\"potentialAction\":[{\"@type\":\"CommentAction\",\"name\":\"Comment\",\"target\":[\"https:\/\/evertonfc.cz\/index.php\/2011\/01\/30\/100-blueprophet\/#respond\"]}]},{\"@type\":\"WebPage\",\"@id\":\"https:\/\/evertonfc.cz\/index.php\/2011\/01\/30\/100-blueprophet\/\",\"url\":\"https:\/\/evertonfc.cz\/index.php\/2011\/01\/30\/100-blueprophet\/\",\"name\":\"100% BlueProphet - Official Czech &amp; Slovak Everton Supporters&#039; Club\",\"isPartOf\":{\"@id\":\"https:\/\/evertonfc.cz\/#website\"},\"primaryImageOfPage\":{\"@id\":\"https:\/\/evertonfc.cz\/index.php\/2011\/01\/30\/100-blueprophet\/#primaryimage\"},\"image\":{\"@id\":\"https:\/\/evertonfc.cz\/index.php\/2011\/01\/30\/100-blueprophet\/#primaryimage\"},\"thumbnailUrl\":\"https:\/\/evertonfc.cz\/wp-content\/uploads\/2019\/01\/interview.jpg\",\"datePublished\":\"2011-01-30T17:14:19+00:00\",\"dateModified\":\"2019-02-12T17:17:51+00:00\",\"breadcrumb\":{\"@id\":\"https:\/\/evertonfc.cz\/index.php\/2011\/01\/30\/100-blueprophet\/#breadcrumb\"},\"inLanguage\":\"cs\",\"potentialAction\":[{\"@type\":\"ReadAction\",\"target\":[\"https:\/\/evertonfc.cz\/index.php\/2011\/01\/30\/100-blueprophet\/\"]}]},{\"@type\":\"ImageObject\",\"inLanguage\":\"cs\",\"@id\":\"https:\/\/evertonfc.cz\/index.php\/2011\/01\/30\/100-blueprophet\/#primaryimage\",\"url\":\"https:\/\/evertonfc.cz\/wp-content\/uploads\/2019\/01\/interview.jpg\",\"contentUrl\":\"https:\/\/evertonfc.cz\/wp-content\/uploads\/2019\/01\/interview.jpg\",\"width\":720,\"height\":405},{\"@type\":\"BreadcrumbList\",\"@id\":\"https:\/\/evertonfc.cz\/index.php\/2011\/01\/30\/100-blueprophet\/#breadcrumb\",\"itemListElement\":[{\"@type\":\"ListItem\",\"position\":1,\"name\":\"Home\",\"item\":\"https:\/\/evertonfc.cz\/\"},{\"@type\":\"ListItem\",\"position\":2,\"name\":\"100% BlueProphet\"}]},{\"@type\":\"WebSite\",\"@id\":\"https:\/\/evertonfc.cz\/#website\",\"url\":\"https:\/\/evertonfc.cz\/\",\"name\":\"Official Czech &amp; Slovak Everton Supporters&#039; Club\",\"description\":\"\",\"publisher\":{\"@id\":\"https:\/\/evertonfc.cz\/#organization\"},\"potentialAction\":[{\"@type\":\"SearchAction\",\"target\":{\"@type\":\"EntryPoint\",\"urlTemplate\":\"https:\/\/evertonfc.cz\/?s={search_term_string}\"},\"query-input\":{\"@type\":\"PropertyValueSpecification\",\"valueRequired\":true,\"valueName\":\"search_term_string\"}}],\"inLanguage\":\"cs\"},{\"@type\":\"Organization\",\"@id\":\"https:\/\/evertonfc.cz\/#organization\",\"name\":\"Official Czech & Slovak Everton Supporters' Club\",\"url\":\"https:\/\/evertonfc.cz\/\",\"logo\":{\"@type\":\"ImageObject\",\"inLanguage\":\"cs\",\"@id\":\"https:\/\/evertonfc.cz\/#\/schema\/logo\/image\/\",\"url\":\"https:\/\/evertonfc.cz\/wp-content\/uploads\/2019\/05\/logo.png\",\"contentUrl\":\"https:\/\/evertonfc.cz\/wp-content\/uploads\/2019\/05\/logo.png\",\"width\":112,\"height\":112,\"caption\":\"Official Czech & Slovak Everton Supporters' Club\"},\"image\":{\"@id\":\"https:\/\/evertonfc.cz\/#\/schema\/logo\/image\/\"},\"sameAs\":[\"https:\/\/www.facebook.com\/everton.fans.cz.sk\"]},{\"@type\":\"Person\",\"@id\":\"https:\/\/evertonfc.cz\/#\/schema\/person\/cd6328a75577de2add7793fd4b0930c3\",\"name\":\"Me\u0148a\",\"url\":\"https:\/\/evertonfc.cz\/index.php\/author\/mena\/\"}]}<\/script>\n<!-- \/ Yoast SEO plugin. -->","yoast_head_json":{"title":"100% BlueProphet - Official Czech &amp; Slovak Everton Supporters&#039; Club","robots":{"index":"index","follow":"follow","max-snippet":"max-snippet:-1","max-image-preview":"max-image-preview:large","max-video-preview":"max-video-preview:-1"},"canonical":"https:\/\/evertonfc.cz\/index.php\/2011\/01\/30\/100-blueprophet\/","og_locale":"cs_CZ","og_type":"article","og_title":"100% BlueProphet - Official Czech &amp; Slovak Everton Supporters&#039; Club","og_description":"Santa Monica, vzkv\u00e9taj\u00edc\u00ed m\u011bsto situovan\u00e9 na sv\u011btozn\u00e1m\u00fdch hollywoodsk\u00fdch kopc\u00edch. Rozhodn\u011b \u017e\u00e1dn\u00e9 m\u00edsto, kde byste o\u010dek\u00e1vali naj\u00edt p\u0159esv\u011bd\u010den\u00e9ho Evertoniana. Ale jeden&hellip;","og_url":"https:\/\/evertonfc.cz\/index.php\/2011\/01\/30\/100-blueprophet\/","og_site_name":"Official Czech &amp; Slovak Everton Supporters&#039; Club","article_publisher":"https:\/\/www.facebook.com\/everton.fans.cz.sk","article_published_time":"2011-01-30T17:14:19+00:00","article_modified_time":"2019-02-12T17:17:51+00:00","og_image":[{"width":720,"height":405,"url":"https:\/\/evertonfc.cz\/wp-content\/uploads\/2019\/01\/interview.jpg","type":"image\/jpeg"}],"author":"Me\u0148a","twitter_card":"summary_large_image","twitter_misc":{"Napsal(a)":"Me\u0148a","Odhadovan\u00e1 doba \u010dten\u00ed":"7 minut"},"schema":{"@context":"https:\/\/schema.org","@graph":[{"@type":"Article","@id":"https:\/\/evertonfc.cz\/index.php\/2011\/01\/30\/100-blueprophet\/#article","isPartOf":{"@id":"https:\/\/evertonfc.cz\/index.php\/2011\/01\/30\/100-blueprophet\/"},"author":{"name":"Me\u0148a","@id":"https:\/\/evertonfc.cz\/#\/schema\/person\/cd6328a75577de2add7793fd4b0930c3"},"headline":"100% BlueProphet","datePublished":"2011-01-30T17:14:19+00:00","dateModified":"2019-02-12T17:17:51+00:00","mainEntityOfPage":{"@id":"https:\/\/evertonfc.cz\/index.php\/2011\/01\/30\/100-blueprophet\/"},"wordCount":1318,"commentCount":0,"publisher":{"@id":"https:\/\/evertonfc.cz\/#organization"},"image":{"@id":"https:\/\/evertonfc.cz\/index.php\/2011\/01\/30\/100-blueprophet\/#primaryimage"},"thumbnailUrl":"https:\/\/evertonfc.cz\/wp-content\/uploads\/2019\/01\/interview.jpg","articleSection":["Rozhovory"],"inLanguage":"cs","potentialAction":[{"@type":"CommentAction","name":"Comment","target":["https:\/\/evertonfc.cz\/index.php\/2011\/01\/30\/100-blueprophet\/#respond"]}]},{"@type":"WebPage","@id":"https:\/\/evertonfc.cz\/index.php\/2011\/01\/30\/100-blueprophet\/","url":"https:\/\/evertonfc.cz\/index.php\/2011\/01\/30\/100-blueprophet\/","name":"100% BlueProphet - Official Czech &amp; Slovak Everton Supporters&#039; Club","isPartOf":{"@id":"https:\/\/evertonfc.cz\/#website"},"primaryImageOfPage":{"@id":"https:\/\/evertonfc.cz\/index.php\/2011\/01\/30\/100-blueprophet\/#primaryimage"},"image":{"@id":"https:\/\/evertonfc.cz\/index.php\/2011\/01\/30\/100-blueprophet\/#primaryimage"},"thumbnailUrl":"https:\/\/evertonfc.cz\/wp-content\/uploads\/2019\/01\/interview.jpg","datePublished":"2011-01-30T17:14:19+00:00","dateModified":"2019-02-12T17:17:51+00:00","breadcrumb":{"@id":"https:\/\/evertonfc.cz\/index.php\/2011\/01\/30\/100-blueprophet\/#breadcrumb"},"inLanguage":"cs","potentialAction":[{"@type":"ReadAction","target":["https:\/\/evertonfc.cz\/index.php\/2011\/01\/30\/100-blueprophet\/"]}]},{"@type":"ImageObject","inLanguage":"cs","@id":"https:\/\/evertonfc.cz\/index.php\/2011\/01\/30\/100-blueprophet\/#primaryimage","url":"https:\/\/evertonfc.cz\/wp-content\/uploads\/2019\/01\/interview.jpg","contentUrl":"https:\/\/evertonfc.cz\/wp-content\/uploads\/2019\/01\/interview.jpg","width":720,"height":405},{"@type":"BreadcrumbList","@id":"https:\/\/evertonfc.cz\/index.php\/2011\/01\/30\/100-blueprophet\/#breadcrumb","itemListElement":[{"@type":"ListItem","position":1,"name":"Home","item":"https:\/\/evertonfc.cz\/"},{"@type":"ListItem","position":2,"name":"100% BlueProphet"}]},{"@type":"WebSite","@id":"https:\/\/evertonfc.cz\/#website","url":"https:\/\/evertonfc.cz\/","name":"Official Czech &amp; Slovak Everton Supporters&#039; Club","description":"","publisher":{"@id":"https:\/\/evertonfc.cz\/#organization"},"potentialAction":[{"@type":"SearchAction","target":{"@type":"EntryPoint","urlTemplate":"https:\/\/evertonfc.cz\/?s={search_term_string}"},"query-input":{"@type":"PropertyValueSpecification","valueRequired":true,"valueName":"search_term_string"}}],"inLanguage":"cs"},{"@type":"Organization","@id":"https:\/\/evertonfc.cz\/#organization","name":"Official Czech & Slovak Everton Supporters' Club","url":"https:\/\/evertonfc.cz\/","logo":{"@type":"ImageObject","inLanguage":"cs","@id":"https:\/\/evertonfc.cz\/#\/schema\/logo\/image\/","url":"https:\/\/evertonfc.cz\/wp-content\/uploads\/2019\/05\/logo.png","contentUrl":"https:\/\/evertonfc.cz\/wp-content\/uploads\/2019\/05\/logo.png","width":112,"height":112,"caption":"Official Czech & Slovak Everton Supporters' Club"},"image":{"@id":"https:\/\/evertonfc.cz\/#\/schema\/logo\/image\/"},"sameAs":["https:\/\/www.facebook.com\/everton.fans.cz.sk"]},{"@type":"Person","@id":"https:\/\/evertonfc.cz\/#\/schema\/person\/cd6328a75577de2add7793fd4b0930c3","name":"Me\u0148a","url":"https:\/\/evertonfc.cz\/index.php\/author\/mena\/"}]}},"_links":{"self":[{"href":"https:\/\/evertonfc.cz\/index.php\/wp-json\/wp\/v2\/posts\/3979"}],"collection":[{"href":"https:\/\/evertonfc.cz\/index.php\/wp-json\/wp\/v2\/posts"}],"about":[{"href":"https:\/\/evertonfc.cz\/index.php\/wp-json\/wp\/v2\/types\/post"}],"author":[{"embeddable":true,"href":"https:\/\/evertonfc.cz\/index.php\/wp-json\/wp\/v2\/users\/7"}],"replies":[{"embeddable":true,"href":"https:\/\/evertonfc.cz\/index.php\/wp-json\/wp\/v2\/comments?post=3979"}],"version-history":[{"count":1,"href":"https:\/\/evertonfc.cz\/index.php\/wp-json\/wp\/v2\/posts\/3979\/revisions"}],"predecessor-version":[{"id":3982,"href":"https:\/\/evertonfc.cz\/index.php\/wp-json\/wp\/v2\/posts\/3979\/revisions\/3982"}],"wp:featuredmedia":[{"embeddable":true,"href":"https:\/\/evertonfc.cz\/index.php\/wp-json\/wp\/v2\/media\/1312"}],"wp:attachment":[{"href":"https:\/\/evertonfc.cz\/index.php\/wp-json\/wp\/v2\/media?parent=3979"}],"wp:term":[{"taxonomy":"category","embeddable":true,"href":"https:\/\/evertonfc.cz\/index.php\/wp-json\/wp\/v2\/categories?post=3979"},{"taxonomy":"post_tag","embeddable":true,"href":"https:\/\/evertonfc.cz\/index.php\/wp-json\/wp\/v2\/tags?post=3979"}],"curies":[{"name":"wp","href":"https:\/\/api.w.org\/{rel}","templated":true}]}}