{"id":3984,"date":"2015-11-19T18:17:56","date_gmt":"2015-11-19T17:17:56","guid":{"rendered":"http:\/\/evertonfc.cz\/?p=3984"},"modified":"2019-02-12T18:19:05","modified_gmt":"2019-02-12T17:19:05","slug":"kdo-z-blues-si-zahraje-na-euru","status":"publish","type":"post","link":"https:\/\/evertonfc.cz\/index.php\/2015\/11\/19\/kdo-z-blues-si-zahraje-na-euru\/","title":{"rendered":"Kdo z Blues si zahraje na Euru?"},"content":{"rendered":"<h4 id=\"NewsPostDetailSummary\">Uplynul\u00e9 dny odtajnily slo\u017een\u00ed mistrovstv\u00ed Evropy, kter\u00e9 bude hostit Francie p\u0159\u00ed\u0161t\u00ed rok ve dnech 10. \u010dervna a\u017e 10. \u010dervence. \u0160anci zahr\u00e1t si na turnaji maj\u00ed rovn\u011b\u017e hr\u00e1\u010di Evertonu.<\/h4>\n<div id=\"NewsPostDetailContent\">\n<p>\u0160ampion\u00e1t se nov\u011b rozrostl na 24 \u00fa\u010dastn\u00edk\u016f. A jako jeden z prvn\u00edch \u00fa\u010dastn\u00edk\u016f se na n\u011bj probojovala Anglie, kdy\u017e v kvalifikaci ovl\u00e1dla v\u0161ech deset z\u00e1pas\u016f. Do jej\u00edho v\u00fdb\u011bru budou t\u00e9m\u011b\u0159 jist\u011b pat\u0159it talentovan\u00ed John Stones a Ross Barkley, pochopiteln\u011b pokud u nich nenastane rapidn\u00ed pokles formy \u010di jin\u00e9 komplikace. Phil Jagielka a Leighton Baines rovn\u011b\u017e pat\u0159\u00ed do k\u00e1dru Albionu, po dlouhodob\u00fdch zran\u011bn\u00edch ale budou muset dok\u00e1zat svou p\u0159ipravenost.<\/p>\n<p>Nominaci nelze vylou\u010dit ani u Toma Cleverleyho, bude v\u0161ak pot\u0159ebovat nadstandardn\u00ed v\u00fdkony, aby padl do oka mana\u017eera Roye Hodgsona. B\u00fdval\u00fd hr\u00e1\u010d Aston Villy p\u0159eci jenom nezas\u00e1hl do kvalifika\u010dn\u00edch duel\u016f, \u00a0posledn\u00ed dva m\u011bs\u00edce pobyl na marodce, a tak p\u0159i\u0161el o mo\u017enost uk\u00e1zat se v posledn\u00edch p\u0159\u00e1telsk\u00fdch utk\u00e1n\u00edch, kde dostali \u0161anci i neozkou\u0161en\u00ed hr\u00e1\u010di. A p\u0159eci jenom na ja\u0159e u\u017e nebude p\u0159\u00edli\u0161 prostoru k experimentov\u00e1n\u00ed.<\/p>\n<p>Po\u010detn\u00e9 zastoupen\u00ed se Toffees t\u011b\u0161\u00ed rovn\u011b\u017e u n\u00e1rodn\u00edho mu\u017estva Irska. Seamus Coleman a James McCarthy pat\u0159\u00ed k neodmysliteln\u00fdm \u010dlen\u016fm z\u00e1kladn\u00ed sestavy, v k\u00e1dru se potom rovn\u011b\u017e objevuj\u00ed Darron Gibson a Aiden McGeady. Na druhou stranu oba z\u00e1lo\u017en\u00edci v klubu nenastupuj\u00ed, a tak nelze vylou\u010dit jejich lednov\u00fd odchod, aby se t\u011b\u0161ili hern\u00ed vyt\u00ed\u017eenosti a Martin O\u00b4Neill je neopomenul v letadle z\u00a0Dublinu p\u0159es kan\u00e1l La Manche.<\/p>\n<p>Irov\u00e9 v bar\u00e1\u017ei postoupili p\u0159es Bosnu a Hercegovinu, v jej\u00edm\u017e dresu se v odvet\u011b v dobr\u00e9m sv\u011btle uk\u00e1zal Muhamed Be\u0161i\u0107. Co naplat, posledn\u00ed \u00fa\u010dastn\u00edk mistrovstv\u00ed sv\u011bta bude ve Francii trochu p\u0159ekvapiv\u011b chyb\u011bt.<\/p>\n<p>Belgie bude pat\u0159it mezi favority na z\u00e1v\u011bre\u010dn\u00e9 boje o medaile, v jejich barv\u00e1ch se bude b\u00edt o post startuj\u00edc\u00edho \u00fato\u010dn\u00edka Romelu Lukaku. Jeho konkurent kope jenom p\u0159es park. A ne, nemysl\u00edm Divocka Origiho, n\u00fdbr\u017e Christiana Bentekeho.<\/p>\n<p>De Rode Duivels se opravdu t\u011b\u0161\u00ed velk\u00e9mu potenci\u00e1lu, a tak Kevin Mirallas bude muset p\u0159idat a za\u010d\u00edt op\u011bt pravideln\u011b hr\u00e1vat v Evertonu, jestli\u017ee nechce sledovat vrcholovou fotbalovou akci p\u0159\u00ed\u0161t\u00edho roku z gau\u010de. Ambici\u00f3zn\u00ed Mirallas se sou\u010dasnou pozic\u00ed spokojen nen\u00ed a u\u017e se i vyj\u00e1d\u0159il, \u017ee v p\u0159\u00edpad\u011b del\u0161\u00edho vysed\u00e1v\u00e1n\u00ed na lavi\u010dce by mo\u017en\u00e1 v zim\u011b uva\u017eoval o p\u0159estupu.<\/p>\n<p>Na z\u00e1v\u011br t\u0159eba zm\u00ednit jednoho \u010dern\u00e9ho kon\u011b. Gerard Deulofeu moment\u00e1ln\u011b sb\u00edr\u00e1 chv\u00e1lu ze v\u0161ech stran, naposledy \u0159\u00e1dil v kvalifikaci U21, za \u0160pan\u011blsko s kapit\u00e1nskou p\u00e1skou na ruce vst\u0159elil p\u011bt branek ve dvou st\u0159etnut\u00edch. V \u00e1\u010dku se sice mihnul pouze jednou na 11 minut, ale v p\u0159\u00edpad\u011b poveden\u00e9 sez\u00f3ny ho Vicente del Bosque bude t\u011b\u017eko ignorovat, zvl\u00e1\u0161\u0165, kdy\u017e po v\u00fdbuchu na MS za\u010dal d\u00e1vat v\u00edce p\u0159\u00edle\u017eitost\u00ed mlad\u0161\u00edm hr\u00e1\u010d\u016fm.<\/p>\n<p>Pouze pro srovn\u00e1n\u00ed, na posledn\u00ed ME do Polska a na Ukrajinu Everton vyslal p\u011bt z\u00e1stupc\u016f \u2013 Phil Jagielka a Leighton Baines (Anglie), Nikica Jelavi\u0107 (Chorvatsko), Darron Gibson (Irsko) a Johny Heitinga (Nizozemsko).<\/p>\n<\/div>\n","protected":false},"excerpt":{"rendered":"<p>Uplynul\u00e9 dny odtajnily slo\u017een\u00ed mistrovstv\u00ed Evropy, kter\u00e9 bude hostit Francie p\u0159\u00ed\u0161t\u00ed rok ve dnech 10. \u010dervna a\u017e 10. \u010dervence. \u0160anci&hellip;<\/p>\n","protected":false},"author":6,"featured_media":1313,"comment_status":"open","ping_status":"closed","sticky":false,"template":"","format":"standard","meta":{"_eb_attr":"","_monsterinsights_skip_tracking":false,"_monsterinsights_sitenote_active":false,"_monsterinsights_sitenote_note":"","_monsterinsights_sitenote_category":0,"footnotes":""},"categories":[42],"tags":[],"yoast_head":"<!-- This site is optimized with the Yoast SEO plugin v23.4 - https:\/\/yoast.com\/wordpress\/plugins\/seo\/ -->\n<title>Kdo z Blues si zahraje na Euru? - Official Czech &amp; Slovak Everton Supporters&#039; Club<\/title>\n<meta name=\"robots\" content=\"index, follow, max-snippet:-1, max-image-preview:large, max-video-preview:-1\" \/>\n<link rel=\"canonical\" href=\"https:\/\/evertonfc.cz\/index.php\/2015\/11\/19\/kdo-z-blues-si-zahraje-na-euru\/\" \/>\n<meta property=\"og:locale\" content=\"cs_CZ\" \/>\n<meta property=\"og:type\" content=\"article\" \/>\n<meta property=\"og:title\" content=\"Kdo z Blues si zahraje na Euru? - Official Czech &amp; Slovak Everton Supporters&#039; Club\" \/>\n<meta property=\"og:description\" content=\"Uplynul\u00e9 dny odtajnily slo\u017een\u00ed mistrovstv\u00ed Evropy, kter\u00e9 bude hostit Francie p\u0159\u00ed\u0161t\u00ed rok ve dnech 10. \u010dervna a\u017e 10. \u010dervence. \u0160anci&hellip;\" \/>\n<meta property=\"og:url\" content=\"https:\/\/evertonfc.cz\/index.php\/2015\/11\/19\/kdo-z-blues-si-zahraje-na-euru\/\" \/>\n<meta property=\"og:site_name\" content=\"Official Czech &amp; Slovak Everton Supporters&#039; Club\" \/>\n<meta property=\"article:publisher\" content=\"https:\/\/www.facebook.com\/everton.fans.cz.sk\" \/>\n<meta property=\"article:published_time\" content=\"2015-11-19T17:17:56+00:00\" \/>\n<meta property=\"article:modified_time\" content=\"2019-02-12T17:19:05+00:00\" \/>\n<meta property=\"og:image\" content=\"https:\/\/evertonfc.cz\/wp-content\/uploads\/2019\/01\/news.jpg\" \/>\n\t<meta property=\"og:image:width\" content=\"720\" \/>\n\t<meta property=\"og:image:height\" content=\"405\" \/>\n\t<meta property=\"og:image:type\" content=\"image\/jpeg\" \/>\n<meta name=\"author\" content=\"Ri\u010di\" \/>\n<meta name=\"twitter:card\" content=\"summary_large_image\" \/>\n<meta name=\"twitter:creator\" content=\"@rbrejsa\" \/>\n<meta name=\"twitter:label1\" content=\"Napsal(a)\" \/>\n\t<meta name=\"twitter:data1\" content=\"Ri\u010di\" \/>\n\t<meta name=\"twitter:label2\" content=\"Odhadovan\u00e1 doba \u010dten\u00ed\" \/>\n\t<meta name=\"twitter:data2\" content=\"3 minuty\" \/>\n<script type=\"application\/ld+json\" class=\"yoast-schema-graph\">{\"@context\":\"https:\/\/schema.org\",\"@graph\":[{\"@type\":\"Article\",\"@id\":\"https:\/\/evertonfc.cz\/index.php\/2015\/11\/19\/kdo-z-blues-si-zahraje-na-euru\/#article\",\"isPartOf\":{\"@id\":\"https:\/\/evertonfc.cz\/index.php\/2015\/11\/19\/kdo-z-blues-si-zahraje-na-euru\/\"},\"author\":{\"name\":\"Ri\u010di\",\"@id\":\"https:\/\/evertonfc.cz\/#\/schema\/person\/f7a5daedb2ffee98480bc70e191aaef1\"},\"headline\":\"Kdo z Blues si zahraje na Euru?\",\"datePublished\":\"2015-11-19T17:17:56+00:00\",\"dateModified\":\"2019-02-12T17:19:05+00:00\",\"mainEntityOfPage\":{\"@id\":\"https:\/\/evertonfc.cz\/index.php\/2015\/11\/19\/kdo-z-blues-si-zahraje-na-euru\/\"},\"wordCount\":594,\"commentCount\":0,\"publisher\":{\"@id\":\"https:\/\/evertonfc.cz\/#organization\"},\"image\":{\"@id\":\"https:\/\/evertonfc.cz\/index.php\/2015\/11\/19\/kdo-z-blues-si-zahraje-na-euru\/#primaryimage\"},\"thumbnailUrl\":\"https:\/\/evertonfc.cz\/wp-content\/uploads\/2019\/01\/news.jpg\",\"articleSection\":[\"Aktuality\"],\"inLanguage\":\"cs\",\"potentialAction\":[{\"@type\":\"CommentAction\",\"name\":\"Comment\",\"target\":[\"https:\/\/evertonfc.cz\/index.php\/2015\/11\/19\/kdo-z-blues-si-zahraje-na-euru\/#respond\"]}]},{\"@type\":\"WebPage\",\"@id\":\"https:\/\/evertonfc.cz\/index.php\/2015\/11\/19\/kdo-z-blues-si-zahraje-na-euru\/\",\"url\":\"https:\/\/evertonfc.cz\/index.php\/2015\/11\/19\/kdo-z-blues-si-zahraje-na-euru\/\",\"name\":\"Kdo z Blues si zahraje na Euru? - Official Czech &amp; Slovak Everton Supporters&#039; Club\",\"isPartOf\":{\"@id\":\"https:\/\/evertonfc.cz\/#website\"},\"primaryImageOfPage\":{\"@id\":\"https:\/\/evertonfc.cz\/index.php\/2015\/11\/19\/kdo-z-blues-si-zahraje-na-euru\/#primaryimage\"},\"image\":{\"@id\":\"https:\/\/evertonfc.cz\/index.php\/2015\/11\/19\/kdo-z-blues-si-zahraje-na-euru\/#primaryimage\"},\"thumbnailUrl\":\"https:\/\/evertonfc.cz\/wp-content\/uploads\/2019\/01\/news.jpg\",\"datePublished\":\"2015-11-19T17:17:56+00:00\",\"dateModified\":\"2019-02-12T17:19:05+00:00\",\"breadcrumb\":{\"@id\":\"https:\/\/evertonfc.cz\/index.php\/2015\/11\/19\/kdo-z-blues-si-zahraje-na-euru\/#breadcrumb\"},\"inLanguage\":\"cs\",\"potentialAction\":[{\"@type\":\"ReadAction\",\"target\":[\"https:\/\/evertonfc.cz\/index.php\/2015\/11\/19\/kdo-z-blues-si-zahraje-na-euru\/\"]}]},{\"@type\":\"ImageObject\",\"inLanguage\":\"cs\",\"@id\":\"https:\/\/evertonfc.cz\/index.php\/2015\/11\/19\/kdo-z-blues-si-zahraje-na-euru\/#primaryimage\",\"url\":\"https:\/\/evertonfc.cz\/wp-content\/uploads\/2019\/01\/news.jpg\",\"contentUrl\":\"https:\/\/evertonfc.cz\/wp-content\/uploads\/2019\/01\/news.jpg\",\"width\":720,\"height\":405},{\"@type\":\"BreadcrumbList\",\"@id\":\"https:\/\/evertonfc.cz\/index.php\/2015\/11\/19\/kdo-z-blues-si-zahraje-na-euru\/#breadcrumb\",\"itemListElement\":[{\"@type\":\"ListItem\",\"position\":1,\"name\":\"Home\",\"item\":\"https:\/\/evertonfc.cz\/\"},{\"@type\":\"ListItem\",\"position\":2,\"name\":\"Kdo z Blues si zahraje na Euru?\"}]},{\"@type\":\"WebSite\",\"@id\":\"https:\/\/evertonfc.cz\/#website\",\"url\":\"https:\/\/evertonfc.cz\/\",\"name\":\"Official Czech &amp; Slovak Everton Supporters&#039; Club\",\"description\":\"\",\"publisher\":{\"@id\":\"https:\/\/evertonfc.cz\/#organization\"},\"potentialAction\":[{\"@type\":\"SearchAction\",\"target\":{\"@type\":\"EntryPoint\",\"urlTemplate\":\"https:\/\/evertonfc.cz\/?s={search_term_string}\"},\"query-input\":{\"@type\":\"PropertyValueSpecification\",\"valueRequired\":true,\"valueName\":\"search_term_string\"}}],\"inLanguage\":\"cs\"},{\"@type\":\"Organization\",\"@id\":\"https:\/\/evertonfc.cz\/#organization\",\"name\":\"Official Czech & Slovak Everton Supporters' Club\",\"url\":\"https:\/\/evertonfc.cz\/\",\"logo\":{\"@type\":\"ImageObject\",\"inLanguage\":\"cs\",\"@id\":\"https:\/\/evertonfc.cz\/#\/schema\/logo\/image\/\",\"url\":\"https:\/\/evertonfc.cz\/wp-content\/uploads\/2019\/05\/logo.png\",\"contentUrl\":\"https:\/\/evertonfc.cz\/wp-content\/uploads\/2019\/05\/logo.png\",\"width\":112,\"height\":112,\"caption\":\"Official Czech & Slovak Everton Supporters' Club\"},\"image\":{\"@id\":\"https:\/\/evertonfc.cz\/#\/schema\/logo\/image\/\"},\"sameAs\":[\"https:\/\/www.facebook.com\/everton.fans.cz.sk\"]},{\"@type\":\"Person\",\"@id\":\"https:\/\/evertonfc.cz\/#\/schema\/person\/f7a5daedb2ffee98480bc70e191aaef1\",\"name\":\"Ri\u010di\",\"sameAs\":[\"https:\/\/x.com\/rbrejsa\"],\"url\":\"https:\/\/evertonfc.cz\/index.php\/author\/rici\/\"}]}<\/script>\n<!-- \/ Yoast SEO plugin. -->","yoast_head_json":{"title":"Kdo z Blues si zahraje na Euru? - Official Czech &amp; Slovak Everton Supporters&#039; Club","robots":{"index":"index","follow":"follow","max-snippet":"max-snippet:-1","max-image-preview":"max-image-preview:large","max-video-preview":"max-video-preview:-1"},"canonical":"https:\/\/evertonfc.cz\/index.php\/2015\/11\/19\/kdo-z-blues-si-zahraje-na-euru\/","og_locale":"cs_CZ","og_type":"article","og_title":"Kdo z Blues si zahraje na Euru? - Official Czech &amp; Slovak Everton Supporters&#039; Club","og_description":"Uplynul\u00e9 dny odtajnily slo\u017een\u00ed mistrovstv\u00ed Evropy, kter\u00e9 bude hostit Francie p\u0159\u00ed\u0161t\u00ed rok ve dnech 10. \u010dervna a\u017e 10. \u010dervence. \u0160anci&hellip;","og_url":"https:\/\/evertonfc.cz\/index.php\/2015\/11\/19\/kdo-z-blues-si-zahraje-na-euru\/","og_site_name":"Official Czech &amp; Slovak Everton Supporters&#039; Club","article_publisher":"https:\/\/www.facebook.com\/everton.fans.cz.sk","article_published_time":"2015-11-19T17:17:56+00:00","article_modified_time":"2019-02-12T17:19:05+00:00","og_image":[{"width":720,"height":405,"url":"https:\/\/evertonfc.cz\/wp-content\/uploads\/2019\/01\/news.jpg","type":"image\/jpeg"}],"author":"Ri\u010di","twitter_card":"summary_large_image","twitter_creator":"@rbrejsa","twitter_misc":{"Napsal(a)":"Ri\u010di","Odhadovan\u00e1 doba \u010dten\u00ed":"3 minuty"},"schema":{"@context":"https:\/\/schema.org","@graph":[{"@type":"Article","@id":"https:\/\/evertonfc.cz\/index.php\/2015\/11\/19\/kdo-z-blues-si-zahraje-na-euru\/#article","isPartOf":{"@id":"https:\/\/evertonfc.cz\/index.php\/2015\/11\/19\/kdo-z-blues-si-zahraje-na-euru\/"},"author":{"name":"Ri\u010di","@id":"https:\/\/evertonfc.cz\/#\/schema\/person\/f7a5daedb2ffee98480bc70e191aaef1"},"headline":"Kdo z Blues si zahraje na Euru?","datePublished":"2015-11-19T17:17:56+00:00","dateModified":"2019-02-12T17:19:05+00:00","mainEntityOfPage":{"@id":"https:\/\/evertonfc.cz\/index.php\/2015\/11\/19\/kdo-z-blues-si-zahraje-na-euru\/"},"wordCount":594,"commentCount":0,"publisher":{"@id":"https:\/\/evertonfc.cz\/#organization"},"image":{"@id":"https:\/\/evertonfc.cz\/index.php\/2015\/11\/19\/kdo-z-blues-si-zahraje-na-euru\/#primaryimage"},"thumbnailUrl":"https:\/\/evertonfc.cz\/wp-content\/uploads\/2019\/01\/news.jpg","articleSection":["Aktuality"],"inLanguage":"cs","potentialAction":[{"@type":"CommentAction","name":"Comment","target":["https:\/\/evertonfc.cz\/index.php\/2015\/11\/19\/kdo-z-blues-si-zahraje-na-euru\/#respond"]}]},{"@type":"WebPage","@id":"https:\/\/evertonfc.cz\/index.php\/2015\/11\/19\/kdo-z-blues-si-zahraje-na-euru\/","url":"https:\/\/evertonfc.cz\/index.php\/2015\/11\/19\/kdo-z-blues-si-zahraje-na-euru\/","name":"Kdo z Blues si zahraje na Euru? - Official Czech &amp; Slovak Everton Supporters&#039; Club","isPartOf":{"@id":"https:\/\/evertonfc.cz\/#website"},"primaryImageOfPage":{"@id":"https:\/\/evertonfc.cz\/index.php\/2015\/11\/19\/kdo-z-blues-si-zahraje-na-euru\/#primaryimage"},"image":{"@id":"https:\/\/evertonfc.cz\/index.php\/2015\/11\/19\/kdo-z-blues-si-zahraje-na-euru\/#primaryimage"},"thumbnailUrl":"https:\/\/evertonfc.cz\/wp-content\/uploads\/2019\/01\/news.jpg","datePublished":"2015-11-19T17:17:56+00:00","dateModified":"2019-02-12T17:19:05+00:00","breadcrumb":{"@id":"https:\/\/evertonfc.cz\/index.php\/2015\/11\/19\/kdo-z-blues-si-zahraje-na-euru\/#breadcrumb"},"inLanguage":"cs","potentialAction":[{"@type":"ReadAction","target":["https:\/\/evertonfc.cz\/index.php\/2015\/11\/19\/kdo-z-blues-si-zahraje-na-euru\/"]}]},{"@type":"ImageObject","inLanguage":"cs","@id":"https:\/\/evertonfc.cz\/index.php\/2015\/11\/19\/kdo-z-blues-si-zahraje-na-euru\/#primaryimage","url":"https:\/\/evertonfc.cz\/wp-content\/uploads\/2019\/01\/news.jpg","contentUrl":"https:\/\/evertonfc.cz\/wp-content\/uploads\/2019\/01\/news.jpg","width":720,"height":405},{"@type":"BreadcrumbList","@id":"https:\/\/evertonfc.cz\/index.php\/2015\/11\/19\/kdo-z-blues-si-zahraje-na-euru\/#breadcrumb","itemListElement":[{"@type":"ListItem","position":1,"name":"Home","item":"https:\/\/evertonfc.cz\/"},{"@type":"ListItem","position":2,"name":"Kdo z Blues si zahraje na Euru?"}]},{"@type":"WebSite","@id":"https:\/\/evertonfc.cz\/#website","url":"https:\/\/evertonfc.cz\/","name":"Official Czech &amp; Slovak Everton Supporters&#039; Club","description":"","publisher":{"@id":"https:\/\/evertonfc.cz\/#organization"},"potentialAction":[{"@type":"SearchAction","target":{"@type":"EntryPoint","urlTemplate":"https:\/\/evertonfc.cz\/?s={search_term_string}"},"query-input":{"@type":"PropertyValueSpecification","valueRequired":true,"valueName":"search_term_string"}}],"inLanguage":"cs"},{"@type":"Organization","@id":"https:\/\/evertonfc.cz\/#organization","name":"Official Czech & Slovak Everton Supporters' Club","url":"https:\/\/evertonfc.cz\/","logo":{"@type":"ImageObject","inLanguage":"cs","@id":"https:\/\/evertonfc.cz\/#\/schema\/logo\/image\/","url":"https:\/\/evertonfc.cz\/wp-content\/uploads\/2019\/05\/logo.png","contentUrl":"https:\/\/evertonfc.cz\/wp-content\/uploads\/2019\/05\/logo.png","width":112,"height":112,"caption":"Official Czech & Slovak Everton Supporters' Club"},"image":{"@id":"https:\/\/evertonfc.cz\/#\/schema\/logo\/image\/"},"sameAs":["https:\/\/www.facebook.com\/everton.fans.cz.sk"]},{"@type":"Person","@id":"https:\/\/evertonfc.cz\/#\/schema\/person\/f7a5daedb2ffee98480bc70e191aaef1","name":"Ri\u010di","sameAs":["https:\/\/x.com\/rbrejsa"],"url":"https:\/\/evertonfc.cz\/index.php\/author\/rici\/"}]}},"_links":{"self":[{"href":"https:\/\/evertonfc.cz\/index.php\/wp-json\/wp\/v2\/posts\/3984"}],"collection":[{"href":"https:\/\/evertonfc.cz\/index.php\/wp-json\/wp\/v2\/posts"}],"about":[{"href":"https:\/\/evertonfc.cz\/index.php\/wp-json\/wp\/v2\/types\/post"}],"author":[{"embeddable":true,"href":"https:\/\/evertonfc.cz\/index.php\/wp-json\/wp\/v2\/users\/6"}],"replies":[{"embeddable":true,"href":"https:\/\/evertonfc.cz\/index.php\/wp-json\/wp\/v2\/comments?post=3984"}],"version-history":[{"count":1,"href":"https:\/\/evertonfc.cz\/index.php\/wp-json\/wp\/v2\/posts\/3984\/revisions"}],"predecessor-version":[{"id":3986,"href":"https:\/\/evertonfc.cz\/index.php\/wp-json\/wp\/v2\/posts\/3984\/revisions\/3986"}],"wp:featuredmedia":[{"embeddable":true,"href":"https:\/\/evertonfc.cz\/index.php\/wp-json\/wp\/v2\/media\/1313"}],"wp:attachment":[{"href":"https:\/\/evertonfc.cz\/index.php\/wp-json\/wp\/v2\/media?parent=3984"}],"wp:term":[{"taxonomy":"category","embeddable":true,"href":"https:\/\/evertonfc.cz\/index.php\/wp-json\/wp\/v2\/categories?post=3984"},{"taxonomy":"post_tag","embeddable":true,"href":"https:\/\/evertonfc.cz\/index.php\/wp-json\/wp\/v2\/tags?post=3984"}],"curies":[{"name":"wp","href":"https:\/\/api.w.org\/{rel}","templated":true}]}}