{"id":3985,"date":"2011-01-30T18:17:57","date_gmt":"2011-01-30T17:17:57","guid":{"rendered":"http:\/\/evertonfc.cz\/?p=3985"},"modified":"2019-02-12T18:20:25","modified_gmt":"2019-02-12T17:20:25","slug":"cahill-na-asijskem-poharu","status":"publish","type":"post","link":"https:\/\/evertonfc.cz\/index.php\/2011\/01\/30\/cahill-na-asijskem-poharu\/","title":{"rendered":"Cahill na Asijsk\u00e9m poh\u00e1ru"},"content":{"rendered":"<h4>P\u0159ehled v\u0161ech z\u00e1pas\u016f, do nich\u017e nasko\u010d\u00ed Tim Cahill na Asijsk\u00e9m poh\u00e1ru 2011. Kl\u00ed\u010dov\u00fd hr\u00e1\u010d Evertonu bojuje v Kataru o prvenstv\u00ed v turnaji za svou rodnou Austr\u00e1lii.<\/h4>\n<h4><strong>Fin\u00e1le<\/strong><\/h4>\n<p><em>29.01<\/em>. &#8211; Stejn\u011b jako Johny Heitinga na Mistrovstv\u00ed sv\u011bta, tak i Tim Cahill na Asijsk\u00e9m poh\u00e1ru z\u016fstal t\u011bsn\u011b pod vrcholem. Ve fin\u00e1le rozhodl o v\u00fdh\u0159e Japonska kr\u00e1sn\u00fdm volejem st\u0159\u00eddaj\u00edc\u00ed Tadanari Lee a\u017e v prodlou\u017een\u00ed. Australani se tedy p\u0159i prvn\u00ed \u00fa\u010dasti na AP um\u00edstili na druh\u00e9m m\u00edst\u011b.<\/p>\n<p><strong>Austr\u00e1lie &#8211; Japonsko 0:1 po prodlou\u017een\u00ed (0:0, 0:0)<\/strong><br \/>\n<strong>Branka:\u00a0<\/strong>109. Lee<br \/>\n<strong>Austr\u00e1lie:<\/strong>\u00a0Schwarzer, Neill, Carney, Ognenovski, Wilkshire, Cahill (109. Kilkenny), Kewell (103. Kruse), Holman (65. Emerton), Jedinak, Valeri, McKay<br \/>\n<strong>Japonsko:<\/strong>\u00a0Kawashima, Nagatomo, Uchida (120. Inoha), Konno, Endo, Fujimoto (56. Iwamasa), Hasebe, Honda, Yoshida, Okazaki, Maeda (98. Lee)<br \/>\n<strong>Rozhod\u010d\u00ed:<\/strong>\u00a0Irmatov (UZB) &#8211; Rasulov (UZB), Ilyasov (UZB)<br \/>\n<strong>Div\u00e1ci:<\/strong>\u00a037 174<\/p>\n<h4><strong>Semifin\u00e1le<\/strong><\/h4>\n<p><em>25.01.<\/em>\u00a0&#8211; Kdo doufal, \u017ee se Tim Cahill stihne vr\u00e1tit na v\u00edkendov\u00fd z\u00e1pas v FA Cupu proti Chelsea, mus\u00ed se vzd\u00e1t sv\u00fdch nad\u011bj\u00ed. Austr\u00e1lie toti\u017e v semifin\u00e1le rozdrtila Uzbekist\u00e1n 6:0. Cahill sice branku nevst\u0159elil, i tak m\u00e1 ale pod\u00edl na postupu do fin\u00e1le. Na h\u0159i\u0161ti pobyl jen 70 minut, jeliko\u017e ho je\u0161t\u011b po\u0159\u00e1d trochu tr\u00e1p\u00ed zran\u011bn\u00ed.<\/p>\n<p><strong>Uzbekist\u00e1n &#8211; Austr\u00e1lie 0:6 (0:2)<\/strong><\/p>\n<p><strong>Branky:<\/strong>\u00a05. Kewell, 35. Ognenovski, 65. Carney, 73. Emerton, 82. Valeri, 83. Kruse<br \/>\n<strong>\u010cK:<\/strong>\u00a067. Bakajev<br \/>\n<strong>Uzbekist\u00e1n:<\/strong>\u00a0D\u017eurajev, Ismailov, D\u017eurajev, Karpenko (71. Ibragimov), Hajdarov, D\u017eeparov, Achmedov, Kapadze, Chasanov (55. Bikmajev), Bakajev, \u0160ackich (59. Tursunov)<br \/>\n<strong>Austr\u00e1lie:<\/strong>\u00a0Schwarzer, Neill, Carney, Ognenovski, Wilkshire, Cahill (71. Kilkenny), Kewell (53. Kruse), Holman (61. Emerton), Jedinak, Valeri, McKay<\/p>\n<h4><strong>\u010ctvrtfin\u00e1le<\/strong><\/h4>\n<p><em>22.01<\/em>. &#8211; D\u016fle\u017eit\u00fd krok k prvenstv\u00ed v turnaji ud\u011blali Socceroos ve \u010dtvrtfin\u00e1le, v n\u011bm\u017e d\u00edky brance v sam\u00e9m z\u00e1v\u011bru prodlou\u017een\u00ed vy\u0159adili Ir\u00e1k a v boji o fin\u00e1le se st\u0159etnou s Uzbekist\u00e1nem. Tim Cahill nastoupil i p\u0159es zran\u011bn\u00ed stehenn\u00ed svalu, vyhr\u00e1l n\u011bkolik d\u016fle\u017eit\u00fdch hlavi\u010dkov\u00fdch souboj\u016f a po 90 minut\u00e1ch byl st\u0159\u00edd\u00e1n.<\/p>\n<p><strong>Austr\u00e1lie &#8211; Ir\u00e1k 1:0 po prodlou\u017een\u00ed (0:0, 0:0)<\/strong><br \/>\n<strong>Branka:<\/strong>\u00a0118. Kewell<br \/>\n<strong>Austr\u00e1lie:<\/strong>\u00a0Schwarzer, Neill, Carney (109. Kilkenny), Ognenovski, Wilkshire, Cahill (90+2. McDonald), Kewell, Holman (102. Burns), Jedinak, Valeri, McKay<br \/>\n<strong>Ir\u00e1k:\u00a0<\/strong>Kassid, Abbas, Shakir (75. Khalaf), Rehema, Saeed, Munir, Akram, H. Mohammed (86. Abdul-Zahra), Mah. Karim (63. Mus. Karim), E, Mohammed, Mahmoud<\/p>\n<h4><strong>Z\u00e1kladn\u00ed skupina<\/strong><\/h4>\n<p><em>18.01. &#8211;\u00a0<\/em>I v posledn\u00edm z\u00e1pase z\u00e1kladn\u00ed skupiny Australani udr\u017eeli neporazitelnost. Nav\u00edc vyhr\u00e1li, a do \u010dtvrtfin\u00e1le tak postupuj\u00ed d\u00edky lep\u0161\u00edmu sk\u00f3re na \u00fakor Korejsk\u00e9 republiky z prvn\u00edho m\u00edsta. Sk\u00f3ruj\u00edc\u00ed Jedinak profitoval z pr\u00e1ce Cahilla a Kewella, kdy\u017e dor\u00e1\u017ekou zakon\u010dil proti\u00fatok.<\/p>\n<p><strong>Austr\u00e1lie &#8211; Bahrajn 1:0 (1:0)<br \/>\nBranky:\u00a0<\/strong>37. Jedinak<strong><br \/>\nAustr\u00e1lie:<\/strong>\u00a0Schwarzer, Neill, Ognenovski, North, Cahill (90. Kruse), Emerton, Kewell (76. McDonald), Holman (80. Kilkenny), Jedinak, Valeri, McKay<br \/>\n<strong>Bahrajn:<\/strong>\u00a0Abdulla, Marzooq, Isa (90. Al Malood), Meshkhas, Fatadi, Al Anezi, Abdulrahman (55. Al Hooti), Omar, Al Safi, Okwunwanne (66. Al Dakeel), Abdullatif<\/p>\n<p><em>14.01.\u00a0<\/em>&#8211; Prvn\u00ed konfrotace Australan\u016f s t\u011b\u017e\u0161\u00edm soupe\u0159em se povedla z poloviny. Korejsk\u00e1 republika sice vedla 1:0, Protino\u017eci v\u0161ak sta\u010dili stav utk\u00e1n\u00ed srovnat. Tim Cahill odehr\u00e1l cel\u00fd z\u00e1pas a v z\u00e1v\u011bru obdr\u017eel \u017elutou kartu.<\/p>\n<p><strong>Austr\u00e1lie &#8211; Korejsk\u00e1 republika 1:1 (0:1)<\/strong><br \/>\n<strong>Branky:<\/strong>\u00a062. Jedinak &#8211; 24. Koo<br \/>\n<strong>Austr\u00e1lie:<\/strong>\u00a0Schwarzer, Neill, Carney, Ognenovski, Wilkshire (68. North), Cahill, \u010culina (46. Valeri), Emerton, Kewell, Holman (89. McKay), Jedinak<br \/>\n<strong>Korejsk\u00e1 republika:<\/strong>\u00a0Jung, Hwang, Yong-Rae Lee, Young-Pyo Lee, Jung-Soo Lee, Cha, Park, Koo (67. Yeom), Ki, Chung-Yong Lee, Ji (67. Yoo, 89. Yoon)<\/p>\n<p><em>10.01.<\/em>\u00a0&#8211; V \u00favodn\u00edm z\u00e1pase skupiny C potvrdili Socceroos roli favorita a pohodln\u011b porazili Indii 4:0. Nejv\u011bt\u0161\u00ed z\u00e1sluhu na v\u00edt\u011bzstv\u00ed m\u011bl Tim Cahill, kdy\u017e se mu poda\u0159ilo sk\u00f3rovat hned dvakr\u00e1t. A to mu byla je\u0161t\u011b jedna branka neopr\u00e1vn\u011bn\u011b neuzn\u00e1na.<\/p>\n<p><strong>Indie &#8211; Austr\u00e1lie 0:4 (0:3)<\/strong><br \/>\n<strong>Branky:<\/strong>\u00a011. a 65. Cahill, 25. Kewell, 45. Holman<br \/>\n<strong>Indie:<\/strong>\u00a0Pal,\u00a0 Ali, Mondal, Surkumar Singh, Lawrence, Gouramangi Singh, Pradeep (62. Wadoo), Dias (79. Singh), Rafi (64. Yadav), Chetri, Nabi<br \/>\n<strong>Austr\u00e1lie:<\/strong>\u00a0Schwarzer, Carney, Neill, Wilkshire, Ognenovski, Emerton (77. Burns), Holman, Kewell (71. McDonald), \u010culina, Jedinak (63. McKay), Cahill<\/p>\n","protected":false},"excerpt":{"rendered":"<p>P\u0159ehled v\u0161ech z\u00e1pas\u016f, do nich\u017e nasko\u010d\u00ed Tim Cahill na Asijsk\u00e9m poh\u00e1ru 2011. Kl\u00ed\u010dov\u00fd hr\u00e1\u010d Evertonu bojuje v Kataru o prvenstv\u00ed&hellip;<\/p>\n","protected":false},"author":6,"featured_media":1313,"comment_status":"open","ping_status":"closed","sticky":false,"template":"","format":"standard","meta":{"_eb_attr":"","_monsterinsights_skip_tracking":false,"_monsterinsights_sitenote_active":false,"_monsterinsights_sitenote_note":"","_monsterinsights_sitenote_category":0,"footnotes":""},"categories":[42],"tags":[],"yoast_head":"<!-- This site is optimized with the Yoast SEO plugin v23.4 - https:\/\/yoast.com\/wordpress\/plugins\/seo\/ -->\n<title>Cahill na Asijsk\u00e9m poh\u00e1ru - Official Czech &amp; Slovak Everton Supporters&#039; Club<\/title>\n<meta name=\"robots\" content=\"index, follow, max-snippet:-1, max-image-preview:large, max-video-preview:-1\" \/>\n<link rel=\"canonical\" href=\"https:\/\/evertonfc.cz\/index.php\/2011\/01\/30\/cahill-na-asijskem-poharu\/\" \/>\n<meta property=\"og:locale\" content=\"cs_CZ\" \/>\n<meta property=\"og:type\" content=\"article\" \/>\n<meta property=\"og:title\" content=\"Cahill na Asijsk\u00e9m poh\u00e1ru - Official Czech &amp; Slovak Everton Supporters&#039; Club\" \/>\n<meta property=\"og:description\" content=\"P\u0159ehled v\u0161ech z\u00e1pas\u016f, do nich\u017e nasko\u010d\u00ed Tim Cahill na Asijsk\u00e9m poh\u00e1ru 2011. Kl\u00ed\u010dov\u00fd hr\u00e1\u010d Evertonu bojuje v Kataru o prvenstv\u00ed&hellip;\" \/>\n<meta property=\"og:url\" content=\"https:\/\/evertonfc.cz\/index.php\/2011\/01\/30\/cahill-na-asijskem-poharu\/\" \/>\n<meta property=\"og:site_name\" content=\"Official Czech &amp; Slovak Everton Supporters&#039; Club\" \/>\n<meta property=\"article:publisher\" content=\"https:\/\/www.facebook.com\/everton.fans.cz.sk\" \/>\n<meta property=\"article:published_time\" content=\"2011-01-30T17:17:57+00:00\" \/>\n<meta property=\"article:modified_time\" content=\"2019-02-12T17:20:25+00:00\" \/>\n<meta property=\"og:image\" content=\"https:\/\/evertonfc.cz\/wp-content\/uploads\/2019\/01\/news.jpg\" \/>\n\t<meta property=\"og:image:width\" content=\"720\" \/>\n\t<meta property=\"og:image:height\" content=\"405\" \/>\n\t<meta property=\"og:image:type\" content=\"image\/jpeg\" \/>\n<meta name=\"author\" content=\"Ri\u010di\" \/>\n<meta name=\"twitter:card\" content=\"summary_large_image\" \/>\n<meta name=\"twitter:creator\" content=\"@rbrejsa\" \/>\n<meta name=\"twitter:label1\" content=\"Napsal(a)\" \/>\n\t<meta name=\"twitter:data1\" content=\"Ri\u010di\" \/>\n\t<meta name=\"twitter:label2\" content=\"Odhadovan\u00e1 doba \u010dten\u00ed\" \/>\n\t<meta name=\"twitter:data2\" content=\"3 minuty\" \/>\n<script type=\"application\/ld+json\" class=\"yoast-schema-graph\">{\"@context\":\"https:\/\/schema.org\",\"@graph\":[{\"@type\":\"Article\",\"@id\":\"https:\/\/evertonfc.cz\/index.php\/2011\/01\/30\/cahill-na-asijskem-poharu\/#article\",\"isPartOf\":{\"@id\":\"https:\/\/evertonfc.cz\/index.php\/2011\/01\/30\/cahill-na-asijskem-poharu\/\"},\"author\":{\"name\":\"Ri\u010di\",\"@id\":\"https:\/\/evertonfc.cz\/#\/schema\/person\/f7a5daedb2ffee98480bc70e191aaef1\"},\"headline\":\"Cahill na Asijsk\u00e9m poh\u00e1ru\",\"datePublished\":\"2011-01-30T17:17:57+00:00\",\"dateModified\":\"2019-02-12T17:20:25+00:00\",\"mainEntityOfPage\":{\"@id\":\"https:\/\/evertonfc.cz\/index.php\/2011\/01\/30\/cahill-na-asijskem-poharu\/\"},\"wordCount\":680,\"commentCount\":0,\"publisher\":{\"@id\":\"https:\/\/evertonfc.cz\/#organization\"},\"image\":{\"@id\":\"https:\/\/evertonfc.cz\/index.php\/2011\/01\/30\/cahill-na-asijskem-poharu\/#primaryimage\"},\"thumbnailUrl\":\"https:\/\/evertonfc.cz\/wp-content\/uploads\/2019\/01\/news.jpg\",\"articleSection\":[\"Aktuality\"],\"inLanguage\":\"cs\",\"potentialAction\":[{\"@type\":\"CommentAction\",\"name\":\"Comment\",\"target\":[\"https:\/\/evertonfc.cz\/index.php\/2011\/01\/30\/cahill-na-asijskem-poharu\/#respond\"]}]},{\"@type\":\"WebPage\",\"@id\":\"https:\/\/evertonfc.cz\/index.php\/2011\/01\/30\/cahill-na-asijskem-poharu\/\",\"url\":\"https:\/\/evertonfc.cz\/index.php\/2011\/01\/30\/cahill-na-asijskem-poharu\/\",\"name\":\"Cahill na Asijsk\u00e9m poh\u00e1ru - Official Czech &amp; Slovak Everton Supporters&#039; Club\",\"isPartOf\":{\"@id\":\"https:\/\/evertonfc.cz\/#website\"},\"primaryImageOfPage\":{\"@id\":\"https:\/\/evertonfc.cz\/index.php\/2011\/01\/30\/cahill-na-asijskem-poharu\/#primaryimage\"},\"image\":{\"@id\":\"https:\/\/evertonfc.cz\/index.php\/2011\/01\/30\/cahill-na-asijskem-poharu\/#primaryimage\"},\"thumbnailUrl\":\"https:\/\/evertonfc.cz\/wp-content\/uploads\/2019\/01\/news.jpg\",\"datePublished\":\"2011-01-30T17:17:57+00:00\",\"dateModified\":\"2019-02-12T17:20:25+00:00\",\"breadcrumb\":{\"@id\":\"https:\/\/evertonfc.cz\/index.php\/2011\/01\/30\/cahill-na-asijskem-poharu\/#breadcrumb\"},\"inLanguage\":\"cs\",\"potentialAction\":[{\"@type\":\"ReadAction\",\"target\":[\"https:\/\/evertonfc.cz\/index.php\/2011\/01\/30\/cahill-na-asijskem-poharu\/\"]}]},{\"@type\":\"ImageObject\",\"inLanguage\":\"cs\",\"@id\":\"https:\/\/evertonfc.cz\/index.php\/2011\/01\/30\/cahill-na-asijskem-poharu\/#primaryimage\",\"url\":\"https:\/\/evertonfc.cz\/wp-content\/uploads\/2019\/01\/news.jpg\",\"contentUrl\":\"https:\/\/evertonfc.cz\/wp-content\/uploads\/2019\/01\/news.jpg\",\"width\":720,\"height\":405},{\"@type\":\"BreadcrumbList\",\"@id\":\"https:\/\/evertonfc.cz\/index.php\/2011\/01\/30\/cahill-na-asijskem-poharu\/#breadcrumb\",\"itemListElement\":[{\"@type\":\"ListItem\",\"position\":1,\"name\":\"Home\",\"item\":\"https:\/\/evertonfc.cz\/\"},{\"@type\":\"ListItem\",\"position\":2,\"name\":\"Cahill na Asijsk\u00e9m poh\u00e1ru\"}]},{\"@type\":\"WebSite\",\"@id\":\"https:\/\/evertonfc.cz\/#website\",\"url\":\"https:\/\/evertonfc.cz\/\",\"name\":\"Official Czech &amp; Slovak Everton Supporters&#039; Club\",\"description\":\"\",\"publisher\":{\"@id\":\"https:\/\/evertonfc.cz\/#organization\"},\"potentialAction\":[{\"@type\":\"SearchAction\",\"target\":{\"@type\":\"EntryPoint\",\"urlTemplate\":\"https:\/\/evertonfc.cz\/?s={search_term_string}\"},\"query-input\":{\"@type\":\"PropertyValueSpecification\",\"valueRequired\":true,\"valueName\":\"search_term_string\"}}],\"inLanguage\":\"cs\"},{\"@type\":\"Organization\",\"@id\":\"https:\/\/evertonfc.cz\/#organization\",\"name\":\"Official Czech & Slovak Everton Supporters' Club\",\"url\":\"https:\/\/evertonfc.cz\/\",\"logo\":{\"@type\":\"ImageObject\",\"inLanguage\":\"cs\",\"@id\":\"https:\/\/evertonfc.cz\/#\/schema\/logo\/image\/\",\"url\":\"https:\/\/evertonfc.cz\/wp-content\/uploads\/2019\/05\/logo.png\",\"contentUrl\":\"https:\/\/evertonfc.cz\/wp-content\/uploads\/2019\/05\/logo.png\",\"width\":112,\"height\":112,\"caption\":\"Official Czech & Slovak Everton Supporters' Club\"},\"image\":{\"@id\":\"https:\/\/evertonfc.cz\/#\/schema\/logo\/image\/\"},\"sameAs\":[\"https:\/\/www.facebook.com\/everton.fans.cz.sk\"]},{\"@type\":\"Person\",\"@id\":\"https:\/\/evertonfc.cz\/#\/schema\/person\/f7a5daedb2ffee98480bc70e191aaef1\",\"name\":\"Ri\u010di\",\"sameAs\":[\"https:\/\/x.com\/rbrejsa\"],\"url\":\"https:\/\/evertonfc.cz\/index.php\/author\/rici\/\"}]}<\/script>\n<!-- \/ Yoast SEO plugin. -->","yoast_head_json":{"title":"Cahill na Asijsk\u00e9m poh\u00e1ru - Official Czech &amp; Slovak Everton Supporters&#039; Club","robots":{"index":"index","follow":"follow","max-snippet":"max-snippet:-1","max-image-preview":"max-image-preview:large","max-video-preview":"max-video-preview:-1"},"canonical":"https:\/\/evertonfc.cz\/index.php\/2011\/01\/30\/cahill-na-asijskem-poharu\/","og_locale":"cs_CZ","og_type":"article","og_title":"Cahill na Asijsk\u00e9m poh\u00e1ru - Official Czech &amp; Slovak Everton Supporters&#039; Club","og_description":"P\u0159ehled v\u0161ech z\u00e1pas\u016f, do nich\u017e nasko\u010d\u00ed Tim Cahill na Asijsk\u00e9m poh\u00e1ru 2011. Kl\u00ed\u010dov\u00fd hr\u00e1\u010d Evertonu bojuje v Kataru o prvenstv\u00ed&hellip;","og_url":"https:\/\/evertonfc.cz\/index.php\/2011\/01\/30\/cahill-na-asijskem-poharu\/","og_site_name":"Official Czech &amp; Slovak Everton Supporters&#039; Club","article_publisher":"https:\/\/www.facebook.com\/everton.fans.cz.sk","article_published_time":"2011-01-30T17:17:57+00:00","article_modified_time":"2019-02-12T17:20:25+00:00","og_image":[{"width":720,"height":405,"url":"https:\/\/evertonfc.cz\/wp-content\/uploads\/2019\/01\/news.jpg","type":"image\/jpeg"}],"author":"Ri\u010di","twitter_card":"summary_large_image","twitter_creator":"@rbrejsa","twitter_misc":{"Napsal(a)":"Ri\u010di","Odhadovan\u00e1 doba \u010dten\u00ed":"3 minuty"},"schema":{"@context":"https:\/\/schema.org","@graph":[{"@type":"Article","@id":"https:\/\/evertonfc.cz\/index.php\/2011\/01\/30\/cahill-na-asijskem-poharu\/#article","isPartOf":{"@id":"https:\/\/evertonfc.cz\/index.php\/2011\/01\/30\/cahill-na-asijskem-poharu\/"},"author":{"name":"Ri\u010di","@id":"https:\/\/evertonfc.cz\/#\/schema\/person\/f7a5daedb2ffee98480bc70e191aaef1"},"headline":"Cahill na Asijsk\u00e9m poh\u00e1ru","datePublished":"2011-01-30T17:17:57+00:00","dateModified":"2019-02-12T17:20:25+00:00","mainEntityOfPage":{"@id":"https:\/\/evertonfc.cz\/index.php\/2011\/01\/30\/cahill-na-asijskem-poharu\/"},"wordCount":680,"commentCount":0,"publisher":{"@id":"https:\/\/evertonfc.cz\/#organization"},"image":{"@id":"https:\/\/evertonfc.cz\/index.php\/2011\/01\/30\/cahill-na-asijskem-poharu\/#primaryimage"},"thumbnailUrl":"https:\/\/evertonfc.cz\/wp-content\/uploads\/2019\/01\/news.jpg","articleSection":["Aktuality"],"inLanguage":"cs","potentialAction":[{"@type":"CommentAction","name":"Comment","target":["https:\/\/evertonfc.cz\/index.php\/2011\/01\/30\/cahill-na-asijskem-poharu\/#respond"]}]},{"@type":"WebPage","@id":"https:\/\/evertonfc.cz\/index.php\/2011\/01\/30\/cahill-na-asijskem-poharu\/","url":"https:\/\/evertonfc.cz\/index.php\/2011\/01\/30\/cahill-na-asijskem-poharu\/","name":"Cahill na Asijsk\u00e9m poh\u00e1ru - Official Czech &amp; Slovak Everton Supporters&#039; Club","isPartOf":{"@id":"https:\/\/evertonfc.cz\/#website"},"primaryImageOfPage":{"@id":"https:\/\/evertonfc.cz\/index.php\/2011\/01\/30\/cahill-na-asijskem-poharu\/#primaryimage"},"image":{"@id":"https:\/\/evertonfc.cz\/index.php\/2011\/01\/30\/cahill-na-asijskem-poharu\/#primaryimage"},"thumbnailUrl":"https:\/\/evertonfc.cz\/wp-content\/uploads\/2019\/01\/news.jpg","datePublished":"2011-01-30T17:17:57+00:00","dateModified":"2019-02-12T17:20:25+00:00","breadcrumb":{"@id":"https:\/\/evertonfc.cz\/index.php\/2011\/01\/30\/cahill-na-asijskem-poharu\/#breadcrumb"},"inLanguage":"cs","potentialAction":[{"@type":"ReadAction","target":["https:\/\/evertonfc.cz\/index.php\/2011\/01\/30\/cahill-na-asijskem-poharu\/"]}]},{"@type":"ImageObject","inLanguage":"cs","@id":"https:\/\/evertonfc.cz\/index.php\/2011\/01\/30\/cahill-na-asijskem-poharu\/#primaryimage","url":"https:\/\/evertonfc.cz\/wp-content\/uploads\/2019\/01\/news.jpg","contentUrl":"https:\/\/evertonfc.cz\/wp-content\/uploads\/2019\/01\/news.jpg","width":720,"height":405},{"@type":"BreadcrumbList","@id":"https:\/\/evertonfc.cz\/index.php\/2011\/01\/30\/cahill-na-asijskem-poharu\/#breadcrumb","itemListElement":[{"@type":"ListItem","position":1,"name":"Home","item":"https:\/\/evertonfc.cz\/"},{"@type":"ListItem","position":2,"name":"Cahill na Asijsk\u00e9m poh\u00e1ru"}]},{"@type":"WebSite","@id":"https:\/\/evertonfc.cz\/#website","url":"https:\/\/evertonfc.cz\/","name":"Official Czech &amp; Slovak Everton Supporters&#039; Club","description":"","publisher":{"@id":"https:\/\/evertonfc.cz\/#organization"},"potentialAction":[{"@type":"SearchAction","target":{"@type":"EntryPoint","urlTemplate":"https:\/\/evertonfc.cz\/?s={search_term_string}"},"query-input":{"@type":"PropertyValueSpecification","valueRequired":true,"valueName":"search_term_string"}}],"inLanguage":"cs"},{"@type":"Organization","@id":"https:\/\/evertonfc.cz\/#organization","name":"Official Czech & Slovak Everton Supporters' Club","url":"https:\/\/evertonfc.cz\/","logo":{"@type":"ImageObject","inLanguage":"cs","@id":"https:\/\/evertonfc.cz\/#\/schema\/logo\/image\/","url":"https:\/\/evertonfc.cz\/wp-content\/uploads\/2019\/05\/logo.png","contentUrl":"https:\/\/evertonfc.cz\/wp-content\/uploads\/2019\/05\/logo.png","width":112,"height":112,"caption":"Official Czech & Slovak Everton Supporters' Club"},"image":{"@id":"https:\/\/evertonfc.cz\/#\/schema\/logo\/image\/"},"sameAs":["https:\/\/www.facebook.com\/everton.fans.cz.sk"]},{"@type":"Person","@id":"https:\/\/evertonfc.cz\/#\/schema\/person\/f7a5daedb2ffee98480bc70e191aaef1","name":"Ri\u010di","sameAs":["https:\/\/x.com\/rbrejsa"],"url":"https:\/\/evertonfc.cz\/index.php\/author\/rici\/"}]}},"_links":{"self":[{"href":"https:\/\/evertonfc.cz\/index.php\/wp-json\/wp\/v2\/posts\/3985"}],"collection":[{"href":"https:\/\/evertonfc.cz\/index.php\/wp-json\/wp\/v2\/posts"}],"about":[{"href":"https:\/\/evertonfc.cz\/index.php\/wp-json\/wp\/v2\/types\/post"}],"author":[{"embeddable":true,"href":"https:\/\/evertonfc.cz\/index.php\/wp-json\/wp\/v2\/users\/6"}],"replies":[{"embeddable":true,"href":"https:\/\/evertonfc.cz\/index.php\/wp-json\/wp\/v2\/comments?post=3985"}],"version-history":[{"count":1,"href":"https:\/\/evertonfc.cz\/index.php\/wp-json\/wp\/v2\/posts\/3985\/revisions"}],"predecessor-version":[{"id":3988,"href":"https:\/\/evertonfc.cz\/index.php\/wp-json\/wp\/v2\/posts\/3985\/revisions\/3988"}],"wp:featuredmedia":[{"embeddable":true,"href":"https:\/\/evertonfc.cz\/index.php\/wp-json\/wp\/v2\/media\/1313"}],"wp:attachment":[{"href":"https:\/\/evertonfc.cz\/index.php\/wp-json\/wp\/v2\/media?parent=3985"}],"wp:term":[{"taxonomy":"category","embeddable":true,"href":"https:\/\/evertonfc.cz\/index.php\/wp-json\/wp\/v2\/categories?post=3985"},{"taxonomy":"post_tag","embeddable":true,"href":"https:\/\/evertonfc.cz\/index.php\/wp-json\/wp\/v2\/tags?post=3985"}],"curies":[{"name":"wp","href":"https:\/\/api.w.org\/{rel}","templated":true}]}}