{"id":3987,"date":"2015-11-06T18:19:17","date_gmt":"2015-11-06T17:19:17","guid":{"rendered":"http:\/\/evertonfc.cz\/?p=3987"},"modified":"2020-05-14T12:38:20","modified_gmt":"2020-05-14T10:38:20","slug":"colin-harvey-slavi-71-narozeniny","status":"publish","type":"post","link":"https:\/\/evertonfc.cz\/index.php\/2015\/11\/06\/colin-harvey-slavi-71-narozeniny\/","title":{"rendered":"Colin Harvey slav\u00ed 71. narozeniny"},"content":{"rendered":"<h4 id=\"NewsPostDetailSummary\">Od d\u011btstv\u00ed vychov\u00e1van\u00fd Evertonian se zapsal do klubov\u00e9 historie jako hr\u00e1\u010d, asistent mana\u017eera a mana\u017eer. K p\u0159\u00edle\u017eitosti jeho dne\u0161n\u00edch narozenin se pod\u00edv\u00e1me na jeho debut v prvn\u00edm t\u00fdmu.<\/h4>\n<div id=\"NewsPostDetailContent\">\n<p>Harvey si do\u010dkal pam\u00e1tn\u00e9ho dne 25. z\u00e1\u0159\u00ed 1963, ve v\u011bku 18 let debutoval na San Siru p\u0159ed zraky 90 000 fanou\u0161k\u016f. Everton, anglick\u00fd \u0161ampi\u00f3n, odcestoval do Mil\u00e1na k odvetn\u00e9mu utk\u00e1n\u00ed 1. kola Poh\u00e1ru mistr\u016f evropsk\u00fdch zem\u00ed (p\u0159edch\u016fdce Ligy mistr\u016f), aby se postavil Interu, kter\u00fd si z Anglie p\u0159ivezl bezbrankovou rem\u00edzu.<\/p>\n<p>Osobn\u00ed vzpom\u00ednky reflektoval samotn\u00fd akt\u00e9r v roce 2005: <em>\u201eL\u00e9to p\u0159edt\u00edm jsem tvrd\u011b makal b\u011bhem p\u0159edsez\u00f3nn\u00ed p\u0159\u00edpravy a dostal jsem se do rezervy. Po st\u0159etnut\u00ed se Sheffieldem Wednesday mi Gordon Watson \u0159ekl, a\u0165 se sbal\u00edm na souboj s Interem.<\/em><\/p>\n<p><em>Krom\u011b m\u011b obdr\u017eeli povol\u00e1n\u00ed rovn\u011b\u017e Barry Reece a Ray Parnell. Popravd\u011b jsme si mysleli, \u017ee budeme pouze podr\u017e ta\u0161ky. Jimmy Gabriel sice utrp\u011bl zran\u011bn\u00ed o v\u00edkendu, tak\u017ee jeho m\u00edsto se uvolnilo, ov\u0161em ani na chv\u00edli m\u011b nenapadlo uva\u017eovat o m\u00e9m debutu.\u201c<\/em><\/p>\n<p>Nicm\u00e9n\u011b se tak stalo, \u010d\u00edm\u017e Harvey zapo\u010dal kari\u00e9ru profesion\u00e1ln\u00edho fotbalisty s vizitkou 383 start\u016f za Toffees korunovan\u00fdmi ligov\u00fdm triumfem a ziskem FA Cupu.<\/p>\n<p><em>\u201eHarry Catterick posunul Dennise Stevense na pozici \u010d\u00edsla 4 a m\u011b postavil na \u010d\u00edslo 8. Nem\u011bl jsem \u010das stresovat se nervozitou, v\u0161e se seb\u011bhlo opravdu bleskov\u011b. V\u016fbec jsem nic netu\u0161il \u2013 to byl skv\u011bl\u00fd tah od mana\u017eera. Nedal mi \u0161ance o ni\u010dem uva\u017eovat, prost\u011b jsem vyb\u011bhl na h\u0159i\u0161t\u011b a hr\u00e1l. A nevedl jsem si p\u0159\u00edli\u0161 \u0161patn\u011b.\u201c<\/em><\/p>\n<p>Osmn\u00e1ctilet\u00fd zelen\u00e1\u010d opravdu p\u0159edvedl solidn\u00ed v\u00fdkon a Everton jen t\u011bsn\u011b prohr\u00e1l 0:1 po brance brazilsk\u00e9ho k\u0159\u00eddeln\u00edka Jaira Da Costy. Italov\u00e9 tedy postoupili do dal\u0161\u00edho kola a nakonec celou sout\u011b\u017e vyhr\u00e1li. Everton vypadnut\u00ed nikterak nerozhodilo, v lize si po\u010d\u00ednal si velmi dob\u0159e a dokonce v 31. kole se vyhoupl na prvn\u00ed p\u0159\u00ed\u010dku. Bohu\u017eel nezvl\u00e1dl z\u00e1v\u011br First Division a skon\u010dil na kone\u010dn\u00e9m t\u0159et\u00ed m\u00edst\u011b za mistrovsk\u00fdm Liverpoolem a druh\u00fdm Tottenhamem.<\/p>\n<p>Harvey se od ro\u010dn\u00edku 1964-1965 profiloval do z\u00e1kladn\u00edho stavebn\u00edho kamene sestavy. Na Goodison Parku vydr\u017eel do roku 1974, ne\u017e ode\u0161el do Sheffieldu Wednesday, kde po 13 m\u011bs\u00edc\u00edch musel kv\u016fli zran\u011bn\u00ed ukon\u010dit kari\u00e9ru. Blues ho pozd\u011bji op\u011bt v\u00edtali jako pravou ruku mana\u017eera Howarda Kendalla a v letech 1987 a\u017e 1990 coby mana\u017eera.<\/p>\n<hr \/>\n<p>Colin Harvey vytvo\u0159il s ned\u00e1vno zesnul\u00fdm Howardem Kendallem a brilantn\u00edm fotbalistou Alanem Ballem pam\u00e1tnou Holy Trinity, jedno z nejlep\u0161\u00edch uskupen\u00ed z\u00e1lo\u017en\u00edk\u016f v anglick\u00e9m fotbale.<\/p>\n<p>K\u00a0uct\u011bn\u00ed jejich pam\u00e1tky klub uva\u017euje o postaven\u00ed sochy Holy Trinity p\u0159ed stadionem. Everton nyn\u00ed sb\u00edr\u00e1 n\u00e1pady fanou\u0161k\u016f, zapojit se m\u016f\u017eete i vy, v\u00edce se dozv\u00edte na <a href=\"http:\/\/www.evertonfc.com\/unhoused\/fans-panel\" target=\"_blank\" rel=\"noopener noreferrer\">tomto odkazu<\/a>.<\/p>\n<\/div>\n","protected":false},"excerpt":{"rendered":"<p>Od d\u011btstv\u00ed vychov\u00e1van\u00fd Evertonian se zapsal do klubov\u00e9 historie jako hr\u00e1\u010d, asistent mana\u017eera a mana\u017eer. K p\u0159\u00edle\u017eitosti jeho dne\u0161n\u00edch narozenin&hellip;<\/p>\n","protected":false},"author":6,"featured_media":1313,"comment_status":"open","ping_status":"closed","sticky":false,"template":"","format":"standard","meta":{"_eb_attr":"","_monsterinsights_skip_tracking":false,"_monsterinsights_sitenote_active":false,"_monsterinsights_sitenote_note":"","_monsterinsights_sitenote_category":0,"footnotes":""},"categories":[42],"tags":[],"yoast_head":"<!-- This site is optimized with the Yoast SEO plugin v23.4 - https:\/\/yoast.com\/wordpress\/plugins\/seo\/ -->\n<title>Colin Harvey slav\u00ed 71. narozeniny - Official Czech &amp; Slovak Everton Supporters&#039; Club<\/title>\n<meta name=\"robots\" content=\"index, follow, max-snippet:-1, max-image-preview:large, max-video-preview:-1\" \/>\n<link rel=\"canonical\" href=\"https:\/\/evertonfc.cz\/index.php\/2015\/11\/06\/colin-harvey-slavi-71-narozeniny\/\" \/>\n<meta property=\"og:locale\" content=\"cs_CZ\" \/>\n<meta property=\"og:type\" content=\"article\" \/>\n<meta property=\"og:title\" content=\"Colin Harvey slav\u00ed 71. narozeniny - Official Czech &amp; Slovak Everton Supporters&#039; Club\" \/>\n<meta property=\"og:description\" content=\"Od d\u011btstv\u00ed vychov\u00e1van\u00fd Evertonian se zapsal do klubov\u00e9 historie jako hr\u00e1\u010d, asistent mana\u017eera a mana\u017eer. K p\u0159\u00edle\u017eitosti jeho dne\u0161n\u00edch narozenin&hellip;\" \/>\n<meta property=\"og:url\" content=\"https:\/\/evertonfc.cz\/index.php\/2015\/11\/06\/colin-harvey-slavi-71-narozeniny\/\" \/>\n<meta property=\"og:site_name\" content=\"Official Czech &amp; Slovak Everton Supporters&#039; Club\" \/>\n<meta property=\"article:publisher\" content=\"https:\/\/www.facebook.com\/everton.fans.cz.sk\" \/>\n<meta property=\"article:published_time\" content=\"2015-11-06T17:19:17+00:00\" \/>\n<meta property=\"article:modified_time\" content=\"2020-05-14T10:38:20+00:00\" \/>\n<meta property=\"og:image\" content=\"https:\/\/evertonfc.cz\/wp-content\/uploads\/2019\/01\/news.jpg\" \/>\n\t<meta property=\"og:image:width\" content=\"720\" \/>\n\t<meta property=\"og:image:height\" content=\"405\" \/>\n\t<meta property=\"og:image:type\" content=\"image\/jpeg\" \/>\n<meta name=\"author\" content=\"Ri\u010di\" \/>\n<meta name=\"twitter:card\" content=\"summary_large_image\" \/>\n<meta name=\"twitter:creator\" content=\"@rbrejsa\" \/>\n<meta name=\"twitter:label1\" content=\"Napsal(a)\" \/>\n\t<meta name=\"twitter:data1\" content=\"Ri\u010di\" \/>\n\t<meta name=\"twitter:label2\" content=\"Odhadovan\u00e1 doba \u010dten\u00ed\" \/>\n\t<meta name=\"twitter:data2\" content=\"3 minuty\" \/>\n<script type=\"application\/ld+json\" class=\"yoast-schema-graph\">{\"@context\":\"https:\/\/schema.org\",\"@graph\":[{\"@type\":\"Article\",\"@id\":\"https:\/\/evertonfc.cz\/index.php\/2015\/11\/06\/colin-harvey-slavi-71-narozeniny\/#article\",\"isPartOf\":{\"@id\":\"https:\/\/evertonfc.cz\/index.php\/2015\/11\/06\/colin-harvey-slavi-71-narozeniny\/\"},\"author\":{\"name\":\"Ri\u010di\",\"@id\":\"https:\/\/evertonfc.cz\/#\/schema\/person\/f7a5daedb2ffee98480bc70e191aaef1\"},\"headline\":\"Colin Harvey slav\u00ed 71. narozeniny\",\"datePublished\":\"2015-11-06T17:19:17+00:00\",\"dateModified\":\"2020-05-14T10:38:20+00:00\",\"mainEntityOfPage\":{\"@id\":\"https:\/\/evertonfc.cz\/index.php\/2015\/11\/06\/colin-harvey-slavi-71-narozeniny\/\"},\"wordCount\":530,\"commentCount\":0,\"publisher\":{\"@id\":\"https:\/\/evertonfc.cz\/#organization\"},\"image\":{\"@id\":\"https:\/\/evertonfc.cz\/index.php\/2015\/11\/06\/colin-harvey-slavi-71-narozeniny\/#primaryimage\"},\"thumbnailUrl\":\"https:\/\/evertonfc.cz\/wp-content\/uploads\/2019\/01\/news.jpg\",\"articleSection\":[\"Aktuality\"],\"inLanguage\":\"cs\",\"potentialAction\":[{\"@type\":\"CommentAction\",\"name\":\"Comment\",\"target\":[\"https:\/\/evertonfc.cz\/index.php\/2015\/11\/06\/colin-harvey-slavi-71-narozeniny\/#respond\"]}]},{\"@type\":\"WebPage\",\"@id\":\"https:\/\/evertonfc.cz\/index.php\/2015\/11\/06\/colin-harvey-slavi-71-narozeniny\/\",\"url\":\"https:\/\/evertonfc.cz\/index.php\/2015\/11\/06\/colin-harvey-slavi-71-narozeniny\/\",\"name\":\"Colin Harvey slav\u00ed 71. narozeniny - Official Czech &amp; Slovak Everton Supporters&#039; Club\",\"isPartOf\":{\"@id\":\"https:\/\/evertonfc.cz\/#website\"},\"primaryImageOfPage\":{\"@id\":\"https:\/\/evertonfc.cz\/index.php\/2015\/11\/06\/colin-harvey-slavi-71-narozeniny\/#primaryimage\"},\"image\":{\"@id\":\"https:\/\/evertonfc.cz\/index.php\/2015\/11\/06\/colin-harvey-slavi-71-narozeniny\/#primaryimage\"},\"thumbnailUrl\":\"https:\/\/evertonfc.cz\/wp-content\/uploads\/2019\/01\/news.jpg\",\"datePublished\":\"2015-11-06T17:19:17+00:00\",\"dateModified\":\"2020-05-14T10:38:20+00:00\",\"breadcrumb\":{\"@id\":\"https:\/\/evertonfc.cz\/index.php\/2015\/11\/06\/colin-harvey-slavi-71-narozeniny\/#breadcrumb\"},\"inLanguage\":\"cs\",\"potentialAction\":[{\"@type\":\"ReadAction\",\"target\":[\"https:\/\/evertonfc.cz\/index.php\/2015\/11\/06\/colin-harvey-slavi-71-narozeniny\/\"]}]},{\"@type\":\"ImageObject\",\"inLanguage\":\"cs\",\"@id\":\"https:\/\/evertonfc.cz\/index.php\/2015\/11\/06\/colin-harvey-slavi-71-narozeniny\/#primaryimage\",\"url\":\"https:\/\/evertonfc.cz\/wp-content\/uploads\/2019\/01\/news.jpg\",\"contentUrl\":\"https:\/\/evertonfc.cz\/wp-content\/uploads\/2019\/01\/news.jpg\",\"width\":720,\"height\":405},{\"@type\":\"BreadcrumbList\",\"@id\":\"https:\/\/evertonfc.cz\/index.php\/2015\/11\/06\/colin-harvey-slavi-71-narozeniny\/#breadcrumb\",\"itemListElement\":[{\"@type\":\"ListItem\",\"position\":1,\"name\":\"Home\",\"item\":\"https:\/\/evertonfc.cz\/\"},{\"@type\":\"ListItem\",\"position\":2,\"name\":\"Colin Harvey slav\u00ed 71. narozeniny\"}]},{\"@type\":\"WebSite\",\"@id\":\"https:\/\/evertonfc.cz\/#website\",\"url\":\"https:\/\/evertonfc.cz\/\",\"name\":\"Official Czech &amp; Slovak Everton Supporters&#039; Club\",\"description\":\"\",\"publisher\":{\"@id\":\"https:\/\/evertonfc.cz\/#organization\"},\"potentialAction\":[{\"@type\":\"SearchAction\",\"target\":{\"@type\":\"EntryPoint\",\"urlTemplate\":\"https:\/\/evertonfc.cz\/?s={search_term_string}\"},\"query-input\":{\"@type\":\"PropertyValueSpecification\",\"valueRequired\":true,\"valueName\":\"search_term_string\"}}],\"inLanguage\":\"cs\"},{\"@type\":\"Organization\",\"@id\":\"https:\/\/evertonfc.cz\/#organization\",\"name\":\"Official Czech & Slovak Everton Supporters' Club\",\"url\":\"https:\/\/evertonfc.cz\/\",\"logo\":{\"@type\":\"ImageObject\",\"inLanguage\":\"cs\",\"@id\":\"https:\/\/evertonfc.cz\/#\/schema\/logo\/image\/\",\"url\":\"https:\/\/evertonfc.cz\/wp-content\/uploads\/2019\/05\/logo.png\",\"contentUrl\":\"https:\/\/evertonfc.cz\/wp-content\/uploads\/2019\/05\/logo.png\",\"width\":112,\"height\":112,\"caption\":\"Official Czech & Slovak Everton Supporters' Club\"},\"image\":{\"@id\":\"https:\/\/evertonfc.cz\/#\/schema\/logo\/image\/\"},\"sameAs\":[\"https:\/\/www.facebook.com\/everton.fans.cz.sk\"]},{\"@type\":\"Person\",\"@id\":\"https:\/\/evertonfc.cz\/#\/schema\/person\/f7a5daedb2ffee98480bc70e191aaef1\",\"name\":\"Ri\u010di\",\"sameAs\":[\"https:\/\/x.com\/rbrejsa\"],\"url\":\"https:\/\/evertonfc.cz\/index.php\/author\/rici\/\"}]}<\/script>\n<!-- \/ Yoast SEO plugin. -->","yoast_head_json":{"title":"Colin Harvey slav\u00ed 71. narozeniny - Official Czech &amp; Slovak Everton Supporters&#039; Club","robots":{"index":"index","follow":"follow","max-snippet":"max-snippet:-1","max-image-preview":"max-image-preview:large","max-video-preview":"max-video-preview:-1"},"canonical":"https:\/\/evertonfc.cz\/index.php\/2015\/11\/06\/colin-harvey-slavi-71-narozeniny\/","og_locale":"cs_CZ","og_type":"article","og_title":"Colin Harvey slav\u00ed 71. narozeniny - Official Czech &amp; Slovak Everton Supporters&#039; Club","og_description":"Od d\u011btstv\u00ed vychov\u00e1van\u00fd Evertonian se zapsal do klubov\u00e9 historie jako hr\u00e1\u010d, asistent mana\u017eera a mana\u017eer. K p\u0159\u00edle\u017eitosti jeho dne\u0161n\u00edch narozenin&hellip;","og_url":"https:\/\/evertonfc.cz\/index.php\/2015\/11\/06\/colin-harvey-slavi-71-narozeniny\/","og_site_name":"Official Czech &amp; Slovak Everton Supporters&#039; Club","article_publisher":"https:\/\/www.facebook.com\/everton.fans.cz.sk","article_published_time":"2015-11-06T17:19:17+00:00","article_modified_time":"2020-05-14T10:38:20+00:00","og_image":[{"width":720,"height":405,"url":"https:\/\/evertonfc.cz\/wp-content\/uploads\/2019\/01\/news.jpg","type":"image\/jpeg"}],"author":"Ri\u010di","twitter_card":"summary_large_image","twitter_creator":"@rbrejsa","twitter_misc":{"Napsal(a)":"Ri\u010di","Odhadovan\u00e1 doba \u010dten\u00ed":"3 minuty"},"schema":{"@context":"https:\/\/schema.org","@graph":[{"@type":"Article","@id":"https:\/\/evertonfc.cz\/index.php\/2015\/11\/06\/colin-harvey-slavi-71-narozeniny\/#article","isPartOf":{"@id":"https:\/\/evertonfc.cz\/index.php\/2015\/11\/06\/colin-harvey-slavi-71-narozeniny\/"},"author":{"name":"Ri\u010di","@id":"https:\/\/evertonfc.cz\/#\/schema\/person\/f7a5daedb2ffee98480bc70e191aaef1"},"headline":"Colin Harvey slav\u00ed 71. narozeniny","datePublished":"2015-11-06T17:19:17+00:00","dateModified":"2020-05-14T10:38:20+00:00","mainEntityOfPage":{"@id":"https:\/\/evertonfc.cz\/index.php\/2015\/11\/06\/colin-harvey-slavi-71-narozeniny\/"},"wordCount":530,"commentCount":0,"publisher":{"@id":"https:\/\/evertonfc.cz\/#organization"},"image":{"@id":"https:\/\/evertonfc.cz\/index.php\/2015\/11\/06\/colin-harvey-slavi-71-narozeniny\/#primaryimage"},"thumbnailUrl":"https:\/\/evertonfc.cz\/wp-content\/uploads\/2019\/01\/news.jpg","articleSection":["Aktuality"],"inLanguage":"cs","potentialAction":[{"@type":"CommentAction","name":"Comment","target":["https:\/\/evertonfc.cz\/index.php\/2015\/11\/06\/colin-harvey-slavi-71-narozeniny\/#respond"]}]},{"@type":"WebPage","@id":"https:\/\/evertonfc.cz\/index.php\/2015\/11\/06\/colin-harvey-slavi-71-narozeniny\/","url":"https:\/\/evertonfc.cz\/index.php\/2015\/11\/06\/colin-harvey-slavi-71-narozeniny\/","name":"Colin Harvey slav\u00ed 71. narozeniny - Official Czech &amp; Slovak Everton Supporters&#039; Club","isPartOf":{"@id":"https:\/\/evertonfc.cz\/#website"},"primaryImageOfPage":{"@id":"https:\/\/evertonfc.cz\/index.php\/2015\/11\/06\/colin-harvey-slavi-71-narozeniny\/#primaryimage"},"image":{"@id":"https:\/\/evertonfc.cz\/index.php\/2015\/11\/06\/colin-harvey-slavi-71-narozeniny\/#primaryimage"},"thumbnailUrl":"https:\/\/evertonfc.cz\/wp-content\/uploads\/2019\/01\/news.jpg","datePublished":"2015-11-06T17:19:17+00:00","dateModified":"2020-05-14T10:38:20+00:00","breadcrumb":{"@id":"https:\/\/evertonfc.cz\/index.php\/2015\/11\/06\/colin-harvey-slavi-71-narozeniny\/#breadcrumb"},"inLanguage":"cs","potentialAction":[{"@type":"ReadAction","target":["https:\/\/evertonfc.cz\/index.php\/2015\/11\/06\/colin-harvey-slavi-71-narozeniny\/"]}]},{"@type":"ImageObject","inLanguage":"cs","@id":"https:\/\/evertonfc.cz\/index.php\/2015\/11\/06\/colin-harvey-slavi-71-narozeniny\/#primaryimage","url":"https:\/\/evertonfc.cz\/wp-content\/uploads\/2019\/01\/news.jpg","contentUrl":"https:\/\/evertonfc.cz\/wp-content\/uploads\/2019\/01\/news.jpg","width":720,"height":405},{"@type":"BreadcrumbList","@id":"https:\/\/evertonfc.cz\/index.php\/2015\/11\/06\/colin-harvey-slavi-71-narozeniny\/#breadcrumb","itemListElement":[{"@type":"ListItem","position":1,"name":"Home","item":"https:\/\/evertonfc.cz\/"},{"@type":"ListItem","position":2,"name":"Colin Harvey slav\u00ed 71. narozeniny"}]},{"@type":"WebSite","@id":"https:\/\/evertonfc.cz\/#website","url":"https:\/\/evertonfc.cz\/","name":"Official Czech &amp; Slovak Everton Supporters&#039; Club","description":"","publisher":{"@id":"https:\/\/evertonfc.cz\/#organization"},"potentialAction":[{"@type":"SearchAction","target":{"@type":"EntryPoint","urlTemplate":"https:\/\/evertonfc.cz\/?s={search_term_string}"},"query-input":{"@type":"PropertyValueSpecification","valueRequired":true,"valueName":"search_term_string"}}],"inLanguage":"cs"},{"@type":"Organization","@id":"https:\/\/evertonfc.cz\/#organization","name":"Official Czech & Slovak Everton Supporters' Club","url":"https:\/\/evertonfc.cz\/","logo":{"@type":"ImageObject","inLanguage":"cs","@id":"https:\/\/evertonfc.cz\/#\/schema\/logo\/image\/","url":"https:\/\/evertonfc.cz\/wp-content\/uploads\/2019\/05\/logo.png","contentUrl":"https:\/\/evertonfc.cz\/wp-content\/uploads\/2019\/05\/logo.png","width":112,"height":112,"caption":"Official Czech & Slovak Everton Supporters' Club"},"image":{"@id":"https:\/\/evertonfc.cz\/#\/schema\/logo\/image\/"},"sameAs":["https:\/\/www.facebook.com\/everton.fans.cz.sk"]},{"@type":"Person","@id":"https:\/\/evertonfc.cz\/#\/schema\/person\/f7a5daedb2ffee98480bc70e191aaef1","name":"Ri\u010di","sameAs":["https:\/\/x.com\/rbrejsa"],"url":"https:\/\/evertonfc.cz\/index.php\/author\/rici\/"}]}},"_links":{"self":[{"href":"https:\/\/evertonfc.cz\/index.php\/wp-json\/wp\/v2\/posts\/3987"}],"collection":[{"href":"https:\/\/evertonfc.cz\/index.php\/wp-json\/wp\/v2\/posts"}],"about":[{"href":"https:\/\/evertonfc.cz\/index.php\/wp-json\/wp\/v2\/types\/post"}],"author":[{"embeddable":true,"href":"https:\/\/evertonfc.cz\/index.php\/wp-json\/wp\/v2\/users\/6"}],"replies":[{"embeddable":true,"href":"https:\/\/evertonfc.cz\/index.php\/wp-json\/wp\/v2\/comments?post=3987"}],"version-history":[{"count":3,"href":"https:\/\/evertonfc.cz\/index.php\/wp-json\/wp\/v2\/posts\/3987\/revisions"}],"predecessor-version":[{"id":10997,"href":"https:\/\/evertonfc.cz\/index.php\/wp-json\/wp\/v2\/posts\/3987\/revisions\/10997"}],"wp:featuredmedia":[{"embeddable":true,"href":"https:\/\/evertonfc.cz\/index.php\/wp-json\/wp\/v2\/media\/1313"}],"wp:attachment":[{"href":"https:\/\/evertonfc.cz\/index.php\/wp-json\/wp\/v2\/media?parent=3987"}],"wp:term":[{"taxonomy":"category","embeddable":true,"href":"https:\/\/evertonfc.cz\/index.php\/wp-json\/wp\/v2\/categories?post=3987"},{"taxonomy":"post_tag","embeddable":true,"href":"https:\/\/evertonfc.cz\/index.php\/wp-json\/wp\/v2\/tags?post=3987"}],"curies":[{"name":"wp","href":"https:\/\/api.w.org\/{rel}","templated":true}]}}