{"id":3989,"date":"2011-01-29T18:20:34","date_gmt":"2011-01-29T17:20:34","guid":{"rendered":"http:\/\/evertonfc.cz\/?p=3989"},"modified":"2019-02-12T18:21:49","modified_gmt":"2019-02-12T17:21:49","slug":"fa-cup-everton-chelsea-11","status":"publish","type":"post","link":"https:\/\/evertonfc.cz\/index.php\/2011\/01\/29\/fa-cup-everton-chelsea-11\/","title":{"rendered":"FA Cup: Everton &#8211; Chelsea 1:1"},"content":{"rendered":"<h4>T\u0159in\u00e1ct minut \u017eil Everton v nad\u011bji, \u017ee po dobr\u00e9m v\u00fdkonu postoup\u00ed p\u0159es Chelsea do p\u00e1t\u00e9ho kola FA Cupu. Salomon Kalou v\u0161ak patn\u00e1ct minut p\u0159ed koncem z\u00e1pasu vyrovnal a o postupuj\u00edc\u00edm tak rozhodne odveta na Stamford Bridge.<\/h4>\n<p>Oproti posledn\u00edm z\u00e1pas\u016fm David Moyes sestavu nezvykle zm\u011bnil. Hlavn\u011b se op\u011bt vr\u00e1til k rozestaven\u00ed 4-5-1. V \u00fatoku nastoupil Louis Saha, na podhrotu nezvykle Jack Rodwell, kter\u00fd nahradil zran\u011bn\u00e9ho Vica Anichebeho. Na lev\u00e9 stran\u011b z\u00e1lohy dostal od za\u010d\u00e1tku \u0161anci Diniyar Bilyaletdinov, na Leona Osmana tak z\u016fstala jen lavi\u010dka n\u00e1hradn\u00edk\u016f.<\/p>\n<p>Zpo\u010d\u00e1tku se oba t\u00fdmy rozhoup\u00e1vali k p\u0159\u00edmo\u010da\u0159ej\u0161\u00ed akci, postupem \u010dasu ale p\u0159eb\u00edrali ot\u011b\u017ee v utk\u00e1n\u00ed Toffees, t\u0159eba\u017ee poprv\u00e9 vyp\u00e1lil na br\u00e1nu Didier Drogba. Pot\u00e9 se na druh\u00e9 stran\u011b tla\u010dil do zakon\u010den\u00ed Dinyar Bilyaletdinov, jeho pokus ale obrana host\u00ed sta\u010dila zblokovat.<\/p>\n<p>Chelsea v prvn\u00ed p\u016fli hrozila z rohov\u00fdch kop\u016f, Essien ani Terry v\u0161ak svoje pokusy do br\u00e1ny nenasm\u011b\u0159ovali. St\u0159elu Maloudy zase perfektn\u011b vyrazil Tim Howard.<\/p>\n<p>Ve 25. minut\u011b Marouane Fellaini ukradl m\u00ed\u010d soupe\u0159i, nahr\u00e1l Sahovi, jen\u017e vyb\u00eddl ke sk\u00f3rov\u00e1n\u00ed Jacka Rodwella. Mlad\u00fd z\u00e1lo\u017en\u00edk nem\u011bl p\u0159\u00edli\u0161 \u010dasu na klidn\u00e9 zakon\u010den\u00ed, a tak svoj\u00ed ranou trefil jen Petra \u010cecha. Na druh\u00e9 stran\u011b se ocitl v je\u0161t\u011b nebezpe\u010dn\u011bj\u0161\u00ed \u0161anci Anelka po p\u0159ihr\u00e1vce Ramirese. Anelku ov\u0161em vychytal Howard.<\/p>\n<p>Do p\u0159est\u00e1vky zahrozil op\u011bt u\u017e jenom Bilyaletdinov, \u010cech si s jeho hlavi\u010dkou ale sta\u010dil poradit.<\/p>\n<p>Do druh\u00e9 polo\u010dasu vkro\u010dil Everton dob\u0159e, ihned za\u010dal re\u017e\u00edrovat z\u00e1pas a dost\u00e1vat do g\u00f3lov\u00fdch p\u0159\u00edle\u017eitost\u00ed. Jmenovit\u011b to byl nejprve hlavi\u010dkuj\u00ed Fellaini a n\u00e1sledn\u011b z voleje p\u00e1l\u00edc\u00ed Arteta. Sk\u00f3re se ov\u0161em nem\u011bnilo.<\/p>\n<p>Jen\u017ee v 62. minut\u011b na Baines\u016fv roh nasko\u010dil nehl\u00eddan\u00fd Louis Saha a tvrdou hlavi\u010dkou poslal ty lep\u0161\u00ed Blues do veden\u00ed &#8211;\u00a0<strong>1:0<\/strong>. Dom\u00e1c\u00ed d\u00e1l pokra\u010dovali v dobr\u00e9m v\u00fdkonu, o akrobatick\u00e9 zakon\u010den\u00ed n\u016f\u017ekami se sna\u017eil aktivn\u00ed Bilyaletdinov. V\u011bt\u0161\u00ed \u0161anci v\u0161ak m\u011bl Coleman, kter\u00e9ho nejprve skv\u011ble vychytal \u010cech a n\u00e1sledn\u011b zblokovala soupe\u0159ova obrana.<\/p>\n<p>V 75. minut\u011b kopal Everton roh, Chelsea ho odvr\u00e1tila a co v\u00edc vydala se do brejku. M\u00ed\u010d pot\u00e1hl Anelka, nahr\u00e1l Salomonovi Kalouovi, jen\u017e um\u00edst\u011bnou st\u0159elou z ni\u010deho nic vyrovnal &#8211;\u00a0<strong>1:1<\/strong>. Pro Evertonians velk\u00fd \u0161ok, jen\u017e se mohl o chv\u00edli je\u0161t\u011b prohloubit. Ramiresova nen\u00e1padn\u00e1 st\u0159ela skon\u010dila na ty\u010di.<\/p>\n<p>V posledn\u00ed \u0161anci utk\u00e1n\u00ed se objevil st\u0159\u00eddaj\u00edc\u00ed Jermaine Beckford, Ivanovi\u010d hrub\u011b chyboval. Becks st\u0159elou z \u00fahlu ale nechal vyniknout \u010cecha. O postup do 5. kola FA Cupu se tak oba t\u00fdmy st\u0159etnou je\u0161t\u011b jednou, tentokr\u00e1t v Lond\u00fdn\u011b.<\/p>\n<p><strong>Branky:<\/strong>\u00a062. Saha &#8211; 75. Kalou<br \/>\n<strong>Everton FC:<\/strong>\u00a0Howard &#8211; Neville (c), Heitinga, Distin, Baines &#8211; Coleman, Arteta, Rodwell (86. Beckford), Fellaini, Bilyaletdinov &#8211; Saha<br \/>\n<strong>Chelsea FC:<\/strong>\u00a0\u010cech &#8211; Bosingwa, Ivanovi\u010d, Terry (c), A. Cole &#8211; Essien, Ramires, Lampard (85. Mikel) &#8211; Anelka, Drogba, Malouda (70. Kalou)<br \/>\n<strong>Div\u00e1k\u016f:<\/strong>\u00a028 376<br \/>\n<strong>Rozhod\u010d\u00ed:<\/strong>\u00a0Howard Webb<\/p>\n","protected":false},"excerpt":{"rendered":"<p>T\u0159in\u00e1ct minut \u017eil Everton v nad\u011bji, \u017ee po dobr\u00e9m v\u00fdkonu postoup\u00ed p\u0159es Chelsea do p\u00e1t\u00e9ho kola FA Cupu. Salomon Kalou&hellip;<\/p>\n","protected":false},"author":6,"featured_media":1315,"comment_status":"open","ping_status":"closed","sticky":false,"template":"","format":"standard","meta":{"_eb_attr":"","_monsterinsights_skip_tracking":false,"_monsterinsights_sitenote_active":false,"_monsterinsights_sitenote_note":"","_monsterinsights_sitenote_category":0,"footnotes":""},"categories":[4],"tags":[],"yoast_head":"<!-- This site is optimized with the Yoast SEO plugin v23.4 - https:\/\/yoast.com\/wordpress\/plugins\/seo\/ -->\n<title>FA Cup: Everton - Chelsea 1:1 - Official Czech &amp; Slovak Everton Supporters&#039; Club<\/title>\n<meta name=\"robots\" content=\"index, follow, max-snippet:-1, max-image-preview:large, max-video-preview:-1\" \/>\n<link rel=\"canonical\" href=\"https:\/\/evertonfc.cz\/index.php\/2011\/01\/29\/fa-cup-everton-chelsea-11\/\" \/>\n<meta property=\"og:locale\" content=\"cs_CZ\" \/>\n<meta property=\"og:type\" content=\"article\" \/>\n<meta property=\"og:title\" content=\"FA Cup: Everton - Chelsea 1:1 - Official Czech &amp; Slovak Everton Supporters&#039; Club\" \/>\n<meta property=\"og:description\" content=\"T\u0159in\u00e1ct minut \u017eil Everton v nad\u011bji, \u017ee po dobr\u00e9m v\u00fdkonu postoup\u00ed p\u0159es Chelsea do p\u00e1t\u00e9ho kola FA Cupu. Salomon Kalou&hellip;\" \/>\n<meta property=\"og:url\" content=\"https:\/\/evertonfc.cz\/index.php\/2011\/01\/29\/fa-cup-everton-chelsea-11\/\" \/>\n<meta property=\"og:site_name\" content=\"Official Czech &amp; Slovak Everton Supporters&#039; Club\" \/>\n<meta property=\"article:publisher\" content=\"https:\/\/www.facebook.com\/everton.fans.cz.sk\" \/>\n<meta property=\"article:published_time\" content=\"2011-01-29T17:20:34+00:00\" \/>\n<meta property=\"article:modified_time\" content=\"2019-02-12T17:21:49+00:00\" \/>\n<meta property=\"og:image\" content=\"https:\/\/evertonfc.cz\/wp-content\/uploads\/2019\/01\/report.jpg\" \/>\n\t<meta property=\"og:image:width\" content=\"720\" \/>\n\t<meta property=\"og:image:height\" content=\"405\" \/>\n\t<meta property=\"og:image:type\" content=\"image\/jpeg\" \/>\n<meta name=\"author\" content=\"Ri\u010di\" \/>\n<meta name=\"twitter:card\" content=\"summary_large_image\" \/>\n<meta name=\"twitter:creator\" content=\"@rbrejsa\" \/>\n<meta name=\"twitter:label1\" content=\"Napsal(a)\" \/>\n\t<meta name=\"twitter:data1\" content=\"Ri\u010di\" \/>\n\t<meta name=\"twitter:label2\" content=\"Odhadovan\u00e1 doba \u010dten\u00ed\" \/>\n\t<meta name=\"twitter:data2\" content=\"3 minuty\" \/>\n<script type=\"application\/ld+json\" class=\"yoast-schema-graph\">{\"@context\":\"https:\/\/schema.org\",\"@graph\":[{\"@type\":\"Article\",\"@id\":\"https:\/\/evertonfc.cz\/index.php\/2011\/01\/29\/fa-cup-everton-chelsea-11\/#article\",\"isPartOf\":{\"@id\":\"https:\/\/evertonfc.cz\/index.php\/2011\/01\/29\/fa-cup-everton-chelsea-11\/\"},\"author\":{\"name\":\"Ri\u010di\",\"@id\":\"https:\/\/evertonfc.cz\/#\/schema\/person\/f7a5daedb2ffee98480bc70e191aaef1\"},\"headline\":\"FA Cup: Everton &#8211; Chelsea 1:1\",\"datePublished\":\"2011-01-29T17:20:34+00:00\",\"dateModified\":\"2019-02-12T17:21:49+00:00\",\"mainEntityOfPage\":{\"@id\":\"https:\/\/evertonfc.cz\/index.php\/2011\/01\/29\/fa-cup-everton-chelsea-11\/\"},\"wordCount\":560,\"commentCount\":0,\"publisher\":{\"@id\":\"https:\/\/evertonfc.cz\/#organization\"},\"image\":{\"@id\":\"https:\/\/evertonfc.cz\/index.php\/2011\/01\/29\/fa-cup-everton-chelsea-11\/#primaryimage\"},\"thumbnailUrl\":\"https:\/\/evertonfc.cz\/wp-content\/uploads\/2019\/01\/report.jpg\",\"articleSection\":[\"Z\u00e1pasy\"],\"inLanguage\":\"cs\",\"potentialAction\":[{\"@type\":\"CommentAction\",\"name\":\"Comment\",\"target\":[\"https:\/\/evertonfc.cz\/index.php\/2011\/01\/29\/fa-cup-everton-chelsea-11\/#respond\"]}]},{\"@type\":\"WebPage\",\"@id\":\"https:\/\/evertonfc.cz\/index.php\/2011\/01\/29\/fa-cup-everton-chelsea-11\/\",\"url\":\"https:\/\/evertonfc.cz\/index.php\/2011\/01\/29\/fa-cup-everton-chelsea-11\/\",\"name\":\"FA Cup: Everton - Chelsea 1:1 - Official Czech &amp; Slovak Everton Supporters&#039; Club\",\"isPartOf\":{\"@id\":\"https:\/\/evertonfc.cz\/#website\"},\"primaryImageOfPage\":{\"@id\":\"https:\/\/evertonfc.cz\/index.php\/2011\/01\/29\/fa-cup-everton-chelsea-11\/#primaryimage\"},\"image\":{\"@id\":\"https:\/\/evertonfc.cz\/index.php\/2011\/01\/29\/fa-cup-everton-chelsea-11\/#primaryimage\"},\"thumbnailUrl\":\"https:\/\/evertonfc.cz\/wp-content\/uploads\/2019\/01\/report.jpg\",\"datePublished\":\"2011-01-29T17:20:34+00:00\",\"dateModified\":\"2019-02-12T17:21:49+00:00\",\"breadcrumb\":{\"@id\":\"https:\/\/evertonfc.cz\/index.php\/2011\/01\/29\/fa-cup-everton-chelsea-11\/#breadcrumb\"},\"inLanguage\":\"cs\",\"potentialAction\":[{\"@type\":\"ReadAction\",\"target\":[\"https:\/\/evertonfc.cz\/index.php\/2011\/01\/29\/fa-cup-everton-chelsea-11\/\"]}]},{\"@type\":\"ImageObject\",\"inLanguage\":\"cs\",\"@id\":\"https:\/\/evertonfc.cz\/index.php\/2011\/01\/29\/fa-cup-everton-chelsea-11\/#primaryimage\",\"url\":\"https:\/\/evertonfc.cz\/wp-content\/uploads\/2019\/01\/report.jpg\",\"contentUrl\":\"https:\/\/evertonfc.cz\/wp-content\/uploads\/2019\/01\/report.jpg\",\"width\":720,\"height\":405},{\"@type\":\"BreadcrumbList\",\"@id\":\"https:\/\/evertonfc.cz\/index.php\/2011\/01\/29\/fa-cup-everton-chelsea-11\/#breadcrumb\",\"itemListElement\":[{\"@type\":\"ListItem\",\"position\":1,\"name\":\"Home\",\"item\":\"https:\/\/evertonfc.cz\/\"},{\"@type\":\"ListItem\",\"position\":2,\"name\":\"FA Cup: Everton &#8211; Chelsea 1:1\"}]},{\"@type\":\"WebSite\",\"@id\":\"https:\/\/evertonfc.cz\/#website\",\"url\":\"https:\/\/evertonfc.cz\/\",\"name\":\"Official Czech &amp; Slovak Everton Supporters&#039; Club\",\"description\":\"\",\"publisher\":{\"@id\":\"https:\/\/evertonfc.cz\/#organization\"},\"potentialAction\":[{\"@type\":\"SearchAction\",\"target\":{\"@type\":\"EntryPoint\",\"urlTemplate\":\"https:\/\/evertonfc.cz\/?s={search_term_string}\"},\"query-input\":{\"@type\":\"PropertyValueSpecification\",\"valueRequired\":true,\"valueName\":\"search_term_string\"}}],\"inLanguage\":\"cs\"},{\"@type\":\"Organization\",\"@id\":\"https:\/\/evertonfc.cz\/#organization\",\"name\":\"Official Czech & Slovak Everton Supporters' Club\",\"url\":\"https:\/\/evertonfc.cz\/\",\"logo\":{\"@type\":\"ImageObject\",\"inLanguage\":\"cs\",\"@id\":\"https:\/\/evertonfc.cz\/#\/schema\/logo\/image\/\",\"url\":\"https:\/\/evertonfc.cz\/wp-content\/uploads\/2019\/05\/logo.png\",\"contentUrl\":\"https:\/\/evertonfc.cz\/wp-content\/uploads\/2019\/05\/logo.png\",\"width\":112,\"height\":112,\"caption\":\"Official Czech & Slovak Everton Supporters' Club\"},\"image\":{\"@id\":\"https:\/\/evertonfc.cz\/#\/schema\/logo\/image\/\"},\"sameAs\":[\"https:\/\/www.facebook.com\/everton.fans.cz.sk\"]},{\"@type\":\"Person\",\"@id\":\"https:\/\/evertonfc.cz\/#\/schema\/person\/f7a5daedb2ffee98480bc70e191aaef1\",\"name\":\"Ri\u010di\",\"sameAs\":[\"https:\/\/x.com\/rbrejsa\"],\"url\":\"https:\/\/evertonfc.cz\/index.php\/author\/rici\/\"}]}<\/script>\n<!-- \/ Yoast SEO plugin. -->","yoast_head_json":{"title":"FA Cup: Everton - Chelsea 1:1 - Official Czech &amp; Slovak Everton Supporters&#039; Club","robots":{"index":"index","follow":"follow","max-snippet":"max-snippet:-1","max-image-preview":"max-image-preview:large","max-video-preview":"max-video-preview:-1"},"canonical":"https:\/\/evertonfc.cz\/index.php\/2011\/01\/29\/fa-cup-everton-chelsea-11\/","og_locale":"cs_CZ","og_type":"article","og_title":"FA Cup: Everton - Chelsea 1:1 - Official Czech &amp; Slovak Everton Supporters&#039; Club","og_description":"T\u0159in\u00e1ct minut \u017eil Everton v nad\u011bji, \u017ee po dobr\u00e9m v\u00fdkonu postoup\u00ed p\u0159es Chelsea do p\u00e1t\u00e9ho kola FA Cupu. Salomon Kalou&hellip;","og_url":"https:\/\/evertonfc.cz\/index.php\/2011\/01\/29\/fa-cup-everton-chelsea-11\/","og_site_name":"Official Czech &amp; Slovak Everton Supporters&#039; Club","article_publisher":"https:\/\/www.facebook.com\/everton.fans.cz.sk","article_published_time":"2011-01-29T17:20:34+00:00","article_modified_time":"2019-02-12T17:21:49+00:00","og_image":[{"width":720,"height":405,"url":"https:\/\/evertonfc.cz\/wp-content\/uploads\/2019\/01\/report.jpg","type":"image\/jpeg"}],"author":"Ri\u010di","twitter_card":"summary_large_image","twitter_creator":"@rbrejsa","twitter_misc":{"Napsal(a)":"Ri\u010di","Odhadovan\u00e1 doba \u010dten\u00ed":"3 minuty"},"schema":{"@context":"https:\/\/schema.org","@graph":[{"@type":"Article","@id":"https:\/\/evertonfc.cz\/index.php\/2011\/01\/29\/fa-cup-everton-chelsea-11\/#article","isPartOf":{"@id":"https:\/\/evertonfc.cz\/index.php\/2011\/01\/29\/fa-cup-everton-chelsea-11\/"},"author":{"name":"Ri\u010di","@id":"https:\/\/evertonfc.cz\/#\/schema\/person\/f7a5daedb2ffee98480bc70e191aaef1"},"headline":"FA Cup: Everton &#8211; Chelsea 1:1","datePublished":"2011-01-29T17:20:34+00:00","dateModified":"2019-02-12T17:21:49+00:00","mainEntityOfPage":{"@id":"https:\/\/evertonfc.cz\/index.php\/2011\/01\/29\/fa-cup-everton-chelsea-11\/"},"wordCount":560,"commentCount":0,"publisher":{"@id":"https:\/\/evertonfc.cz\/#organization"},"image":{"@id":"https:\/\/evertonfc.cz\/index.php\/2011\/01\/29\/fa-cup-everton-chelsea-11\/#primaryimage"},"thumbnailUrl":"https:\/\/evertonfc.cz\/wp-content\/uploads\/2019\/01\/report.jpg","articleSection":["Z\u00e1pasy"],"inLanguage":"cs","potentialAction":[{"@type":"CommentAction","name":"Comment","target":["https:\/\/evertonfc.cz\/index.php\/2011\/01\/29\/fa-cup-everton-chelsea-11\/#respond"]}]},{"@type":"WebPage","@id":"https:\/\/evertonfc.cz\/index.php\/2011\/01\/29\/fa-cup-everton-chelsea-11\/","url":"https:\/\/evertonfc.cz\/index.php\/2011\/01\/29\/fa-cup-everton-chelsea-11\/","name":"FA Cup: Everton - Chelsea 1:1 - Official Czech &amp; Slovak Everton Supporters&#039; Club","isPartOf":{"@id":"https:\/\/evertonfc.cz\/#website"},"primaryImageOfPage":{"@id":"https:\/\/evertonfc.cz\/index.php\/2011\/01\/29\/fa-cup-everton-chelsea-11\/#primaryimage"},"image":{"@id":"https:\/\/evertonfc.cz\/index.php\/2011\/01\/29\/fa-cup-everton-chelsea-11\/#primaryimage"},"thumbnailUrl":"https:\/\/evertonfc.cz\/wp-content\/uploads\/2019\/01\/report.jpg","datePublished":"2011-01-29T17:20:34+00:00","dateModified":"2019-02-12T17:21:49+00:00","breadcrumb":{"@id":"https:\/\/evertonfc.cz\/index.php\/2011\/01\/29\/fa-cup-everton-chelsea-11\/#breadcrumb"},"inLanguage":"cs","potentialAction":[{"@type":"ReadAction","target":["https:\/\/evertonfc.cz\/index.php\/2011\/01\/29\/fa-cup-everton-chelsea-11\/"]}]},{"@type":"ImageObject","inLanguage":"cs","@id":"https:\/\/evertonfc.cz\/index.php\/2011\/01\/29\/fa-cup-everton-chelsea-11\/#primaryimage","url":"https:\/\/evertonfc.cz\/wp-content\/uploads\/2019\/01\/report.jpg","contentUrl":"https:\/\/evertonfc.cz\/wp-content\/uploads\/2019\/01\/report.jpg","width":720,"height":405},{"@type":"BreadcrumbList","@id":"https:\/\/evertonfc.cz\/index.php\/2011\/01\/29\/fa-cup-everton-chelsea-11\/#breadcrumb","itemListElement":[{"@type":"ListItem","position":1,"name":"Home","item":"https:\/\/evertonfc.cz\/"},{"@type":"ListItem","position":2,"name":"FA Cup: Everton &#8211; Chelsea 1:1"}]},{"@type":"WebSite","@id":"https:\/\/evertonfc.cz\/#website","url":"https:\/\/evertonfc.cz\/","name":"Official Czech &amp; Slovak Everton Supporters&#039; Club","description":"","publisher":{"@id":"https:\/\/evertonfc.cz\/#organization"},"potentialAction":[{"@type":"SearchAction","target":{"@type":"EntryPoint","urlTemplate":"https:\/\/evertonfc.cz\/?s={search_term_string}"},"query-input":{"@type":"PropertyValueSpecification","valueRequired":true,"valueName":"search_term_string"}}],"inLanguage":"cs"},{"@type":"Organization","@id":"https:\/\/evertonfc.cz\/#organization","name":"Official Czech & Slovak Everton Supporters' Club","url":"https:\/\/evertonfc.cz\/","logo":{"@type":"ImageObject","inLanguage":"cs","@id":"https:\/\/evertonfc.cz\/#\/schema\/logo\/image\/","url":"https:\/\/evertonfc.cz\/wp-content\/uploads\/2019\/05\/logo.png","contentUrl":"https:\/\/evertonfc.cz\/wp-content\/uploads\/2019\/05\/logo.png","width":112,"height":112,"caption":"Official Czech & Slovak Everton Supporters' Club"},"image":{"@id":"https:\/\/evertonfc.cz\/#\/schema\/logo\/image\/"},"sameAs":["https:\/\/www.facebook.com\/everton.fans.cz.sk"]},{"@type":"Person","@id":"https:\/\/evertonfc.cz\/#\/schema\/person\/f7a5daedb2ffee98480bc70e191aaef1","name":"Ri\u010di","sameAs":["https:\/\/x.com\/rbrejsa"],"url":"https:\/\/evertonfc.cz\/index.php\/author\/rici\/"}]}},"_links":{"self":[{"href":"https:\/\/evertonfc.cz\/index.php\/wp-json\/wp\/v2\/posts\/3989"}],"collection":[{"href":"https:\/\/evertonfc.cz\/index.php\/wp-json\/wp\/v2\/posts"}],"about":[{"href":"https:\/\/evertonfc.cz\/index.php\/wp-json\/wp\/v2\/types\/post"}],"author":[{"embeddable":true,"href":"https:\/\/evertonfc.cz\/index.php\/wp-json\/wp\/v2\/users\/6"}],"replies":[{"embeddable":true,"href":"https:\/\/evertonfc.cz\/index.php\/wp-json\/wp\/v2\/comments?post=3989"}],"version-history":[{"count":1,"href":"https:\/\/evertonfc.cz\/index.php\/wp-json\/wp\/v2\/posts\/3989\/revisions"}],"predecessor-version":[{"id":3992,"href":"https:\/\/evertonfc.cz\/index.php\/wp-json\/wp\/v2\/posts\/3989\/revisions\/3992"}],"wp:featuredmedia":[{"embeddable":true,"href":"https:\/\/evertonfc.cz\/index.php\/wp-json\/wp\/v2\/media\/1315"}],"wp:attachment":[{"href":"https:\/\/evertonfc.cz\/index.php\/wp-json\/wp\/v2\/media?parent=3989"}],"wp:term":[{"taxonomy":"category","embeddable":true,"href":"https:\/\/evertonfc.cz\/index.php\/wp-json\/wp\/v2\/categories?post=3989"},{"taxonomy":"post_tag","embeddable":true,"href":"https:\/\/evertonfc.cz\/index.php\/wp-json\/wp\/v2\/tags?post=3989"}],"curies":[{"name":"wp","href":"https:\/\/api.w.org\/{rel}","templated":true}]}}