{"id":3993,"date":"2011-01-28T18:21:58","date_gmt":"2011-01-28T17:21:58","guid":{"rendered":"http:\/\/evertonfc.cz\/?p=3993"},"modified":"2020-12-12T13:18:09","modified_gmt":"2020-12-12T12:18:09","slug":"fa-cup-preview-everton-chelsea","status":"publish","type":"post","link":"https:\/\/evertonfc.cz\/index.php\/2011\/01\/28\/fa-cup-preview-everton-chelsea\/","title":{"rendered":"FA Cup Preview: Everton &#8211; Chelsea"},"content":{"rendered":"<h4>Ligov\u00e9 d\u011bn\u00ed o v\u00edkendu ustupuje stranou, na \u0159adu p\u0159ich\u00e1z\u00ed z\u00e1pasy \u010dtvrt\u00e9ho kola Anglick\u00e9ho poh\u00e1ru. Everton bude figurovat v jednom z tah\u00e1k\u016f &#8211; doma vyzve \u00fa\u0159aduj\u00edc\u00ed v\u00edt\u011bze.<\/h4>\n<p>Chelsea a FA Cup, to je spojen\u00ed, kter\u00e9 nah\u00e1n\u00ed hr\u016fzu. Lond\u00fdnsk\u00fd celek v nejstar\u0161\u00ed fotbalov\u00e9 sout\u011b\u017ei planety neprohr\u00e1l \u010dtrn\u00e1ct a je\u0161t\u011b p\u0159esn\u011bji \u0159e\u010deno vyhr\u00e1l ji\u017e t\u0159in\u00e1ct z\u00e1pas\u016f v \u0159ad\u011b, co\u017e m\u011blo pochopiteln\u011b za n\u00e1sledek to, \u017ee v posledn\u00edch dvou ro\u010dn\u00edc\u00edch putovala legend\u00e1rn\u00ed trofej pr\u00e1v\u011b do vitr\u00edny na Stamford Bridge. Pokud pak uv\u00e1\u017e\u00edme, \u017ee FA Cup mod\u0159\u00ed opanovali i v sezon\u011b 2006\/07, vych\u00e1z\u00ed n\u00e1m, \u017ee Chelsea je v posledn\u00edch letech evidentn\u00ed poh\u00e1rovou dominantou.<\/p>\n<p>Posledn\u00ed prohra Lond\u00fd\u0148an\u016f na poli poh\u00e1rov\u00e9m se vztahuje k b\u0159eznu 2008. Tehdy Blues \u0161okovali Anglii, kdy\u017e nesta\u010dili na druholigov\u00e9 Barnsley, jedno z velk\u00fdch p\u0159ekvapen\u00ed onoho ro\u010dn\u00edku, je\u017e svoji pou\u0165 ukon\u010dilo a\u017e p\u0159ed zraky Wembley v semifin\u00e1le. O rok pozd\u011bji ji\u017e musel bolavou fin\u00e1lovou por\u00e1\u017eku p\u0159ij\u00edmat Everton a loni nep\u0159ekvapil ani Portsmouth.<\/p>\n<p>Pro Everton b\u00fdv\u00e1 \u010dtvrt\u00e9 kolo mnohdy zapeklitou p\u0159ek\u00e1\u017ekou. V posledn\u00edch letech se mu toti\u017e stalo osudn\u00fdm hned n\u011bkolikr\u00e1t. K tomu nejbli\u017e\u0161\u00edmu p\u0159ed\u010dasn\u00e9mu vypadnut\u00ed koneckonc\u016f do\u0161lo p\u0159ed pouh\u00fdm rokem, kdy Evertonu ve \u010dtvrt\u00e9m kole vystavil stopku Birmingham, k \u010demu\u017e dokonce do\u0161lo na dom\u00e1c\u00ed p\u016fd\u011b. A dal\u0161\u00ed p\u0159\u00edklad? N\u00e1hoda tomu tak cht\u011bla, aby Toffees vyzvali Chelsea po p\u011bti letech znovu ve stejn\u00e9 pas\u00e1\u017ei poh\u00e1ru. V sezon\u011b 2006\/07 nav\u0161t\u00edvili Blues Goodison takt\u00e9\u017e ve \u010dtvrt\u00e9m kole a setk\u00e1n\u00ed to v\u011bru nebylo \u0161\u0165astn\u00e9. Doma se je\u0161t\u011b remizovalo 1-1, nicm\u00e9n\u011b v odvet\u011b Chelsea Everton smetla 4-1.<\/p>\n<p>Pr\u00e1v\u011b vysok\u00e1 v\u00fdhra a nabran\u00e9 poh\u00e1rov\u00e9 sebev\u011bdom\u00ed ov\u0161em m\u016f\u017ee Evertonu hr\u00e1t do karet. V p\u0159edchoz\u00edm kole si Toffees po\u0161m\u00e1kli na Scunthorpe 5-1 a dal\u0161\u00ed vidina poh\u00e1rov\u00e9 j\u00edzdy je l\u00e1kav\u00e1, obzvl\u00e1\u0161\u0165 pakli\u017ee jde o jedinou \u0161anci, jak v sou\u010dasn\u00e9 mizern\u00e9 sezon\u011b p\u0159ij\u00edt na jin\u00e9, lep\u0161\u00ed my\u0161lenky. Abychom ale nechv\u00e1lili dne p\u0159ed ve\u010derem, tak je t\u0159eba poznamenat, \u017ee vysokou v\u00fdhrou, shodou okolnost\u00ed t\u00e9\u017e 5-1, vkro\u010dil Everton i do leto\u0161n\u00edho Ligov\u00e9ho poh\u00e1ru a v dal\u0161\u00edm kole ne\u010dekan\u011b pocuchal nervy fanou\u0161k\u016f prohrou na h\u0159i\u0161ti a\u017e t\u0159etiligov\u00e9ho Brentfordu.<\/p>\n<p>Dom\u00e1c\u00ed ov\u0161em v leto\u0161n\u00ed sezon\u011b proti siln\u00fdm celk\u016fm um\u00ed, a tak David Moyes v\u011b\u0159\u00ed, \u017ee jeho sv\u011b\u0159enci se v dom\u00e1c\u00edm prost\u0159ed\u00ed vybi\u010duj\u00ed k odplat\u011b za prohran\u00e9 fin\u00e1le. <em>\u201eProti Chelsea jsme nalosov\u00e1ni \u010dasto. Hr\u00e1li jsme s nimi p\u0159ed p\u00e1r lety v semifin\u00e1le Ligov\u00e9ho poh\u00e1ru a samoz\u0159ejm\u011b ve fin\u00e1le FA Cupu. Je to s nimi t\u011b\u017ek\u00e9, proto\u017ee v poh\u00e1rech um\u011bj\u00ed, obzvl\u00e1\u0161t\u011b v tomto, tak\u017ee v\u00edme, co n\u00e1s \u010dek\u00e1. Jsme ale doma, a to se pokus\u00edme vyu\u017e\u00edt.\u201c<\/em><\/p>\n<h4><strong>Historie soupe\u0159e<br \/>\n<\/strong><\/h4>\n<p>Historie Chelsea za\u010dala docela zaj\u00edmav\u011b, nejprve toti\u017e existoval stadion a teprve pot\u00e9 vznikl klub. Poj\u010fme se na to pod\u00edvat ale postupn\u011b. U\u017e v roce 1877 byl postaven stadion Stamford Bridge, jen\u017e slou\u017eil jen jako atletick\u00fd st\u00e1nek a z\u00e1vodi\u0161t\u011b chrt\u016f. A\u017e v roce 1904 si Henry Augustus Mears \u0159ekl, \u017ee by bylo vhodn\u00e9 st\u00e1nek zrekonstruovat a vyhledat pro n\u011bj vhodn\u00fd klub. Nab\u00eddl tedy stadion Fulhamu, ov\u0161em ten odm\u00edtl. Zklaman\u00fd Mears cht\u011bl v\u0161e zabalit, av\u0161ak p\u0159esv\u011bd\u010dil ho jeho poradce Fred Parker a rok pozd\u011bji vznik\u00e1 na Stamford Bridge klub s n\u00e1zvem po sousedn\u00ed \u010dtvrti &#8211; Chelsea FC.<\/p>\n<p>Chelsea se cht\u011bla okam\u017eit\u011b p\u0159ihl\u00e1sit do ligy, ale Ji\u017en\u00ed fotbalov\u00e1 liga jej\u00ed vstup odm\u00edtla. Lond\u00fdn\u0161t\u00ed se tedy obr\u00e1tili na Severn\u00ed fotbalovou ligu. Ta jejich n\u00e1vrh p\u0159ijala a Chelsea mohla hr\u00e1t v r\u00e1mci Severn\u00ed fotbalov\u00e9 ligy druhou divizi bez toho, ani\u017e by si n\u011bco vybojovali na h\u0159i\u0161ti. Sami si tak m\u016f\u017eete ud\u011blat obr\u00e1zek, co stoj\u00ed za jej\u00edm p\u0159ijet\u00edm.<\/p>\n<p>Prvn\u00ed v\u011bt\u0161\u00ed \u00fasp\u011bch p\u0159i\u0161el v roce 1920, tehdy se t\u00fdm okolo mana\u017eera Davida Calderhealda, jen\u017e p\u016fsobil v Chelsea a\u017e 26 let, co\u017e je nejv\u00edce ze v\u0161ech mana\u017eer\u016f, co se kdy na Stamfordu vyst\u0159\u00eddali, po letech balancov\u00e1n\u00ed mezi prvn\u00ed a druhou diviz\u00ed pro\u0161el a\u017e do semifin\u00e1le FA Cupu a vybojoval 3. m\u00edsto v prvn\u00ed divizi.<\/p>\n<p>Od roku 1930 se Chelsea t\u00e9m\u011b\u0159 natrvalo usadila v prvn\u00ed divizi, na 32 let. Dal\u0161\u00ed v\u00fdznamn\u00fd z\u00e1pis poch\u00e1z\u00ed z roku 1935, na dom\u00e1c\u00ed utk\u00e1n\u00ed se siln\u00fdm Arsenalem se p\u0159i\u0161la pod\u00edvat rekordn\u00ed n\u00e1v\u0161t\u011bva v historii klubu a druh\u00e1 nejvy\u0161\u0161\u00ed n\u00e1v\u0161t\u011bva v historii anglick\u00e9 ligy (89 905 lid\u00ed). \u010cty\u0159ic\u00e1t\u00e1 l\u00e9ta n\u011bjak v\u00fdznamn\u00e1 ni\u010d\u00edm nebyla, p\u0159ipomenout by se jen mohl n\u00e1kup t\u0159i hr\u00e1\u010d\u016f za 22 000 liber &#8211; Lena Gouldena, Tommyho Walkere a n\u00e1m v\u0161em zn\u00e1m\u00e9ho Tommyho Lawtona. V roce 1952 nastupuje do funkce mana\u017eera Ted Drake a brzy si p\u0159ipisuje prvn\u00ed velk\u00fd \u00fasp\u011bch. V sez\u00f3n\u011b 1954\/55 Chelsea \u0161okuje Anglii a t\u00fdm bez v\u011bt\u0161\u00edch hv\u011bzd vyhr\u00e1v\u00e1 ligu. V t\u00e9to dob\u011b hr\u00e1l v t\u00fdmu v\u00fdborn\u00fd Jimmy Greaves, produkt akademie Chelsea.<\/p>\n<p>V roce 1965 poprv\u00e9 klub vyhr\u00e1l Carling Cup, v nap\u00ednav\u00e9m dvojz\u00e1pase si poradil s Leicesterem. Velkou z\u00e1sluhu m\u011bl na triumfu k\u0159\u00eddeln\u00ed hr\u00e1\u010d Bobby Trambling, jen\u017e je s 202 g\u00f3ly dodnes nejlep\u0161\u00ed st\u0159elec Chelsea. Rok 1970 znamenal v\u00edt\u011bzstv\u00ed v FA Cupu, Chelsea se ale da\u0159ilo i na evropsk\u00e9 \u00farovni, sv\u011bd\u010d\u00ed o tom v\u00edt\u011bzstv\u00ed v poh\u00e1ru UEFA. Jen\u017ee pl\u00e1nov\u00e1n\u00ed p\u0159estavby stadionu p\u0159ineslo jen finan\u010dn\u00ed pot\u00ed\u017ee a t\u00fdm pab\u011brkoval mezi prvn\u00ed a druhou diviz\u00ed. V roce 1989 ale Chelsea vybojovala prvn\u00ed divizi a za\u010dalo se bl\u00fdskat na lep\u0161\u00ed \u010dasy.<\/p>\n<p>V roce 1993 nastoupil do funkci mana\u017eera Glen Hoddle a hned p\u0159inesl \u00fasp\u011bchy &#8211; fin\u00e1le FA Cupu v prvn\u00ed sez\u00f3n\u011b a ve druh\u00e9 semifin\u00e1le PVP. Hoddle pot\u00e9 ale p\u0159e\u0161el na lavi\u010dku anglick\u00e9 reprezentace a tud\u00ed\u017e ho musel vyst\u0159\u00eddat Ruud Gullit, kter\u00fd p\u0159ivedl skv\u011bl\u00e1 jm\u00e9na Gianlucu Vialliho, Roberta Di Mattea, Franka Leboeufa, Gianfranca Zolu \u010di Graeme Le Sauxe. A p\u0159i\u0161ly i trofeje &#8211; v Ligov\u00e9m poh\u00e1ru a FA Cupu. Pot\u00e9 Gullita st\u0159\u00edd\u00e1 Vialli a op\u011bt je \u00fasp\u011b\u0161n\u00fd, vyhr\u00e1v\u00e1 PVP.<\/p>\n<p>V nov\u00e9m tis\u00edcilet\u00ed Chelsea op\u011bt pokra\u010duje ve sb\u00edr\u00e1n\u00ed triumf\u016f, tentokr\u00e1t se da\u0159\u00ed v FA Cupu. Po sez\u00f3n\u011b 1999\/00 st\u0159\u00edd\u00e1 Vialliho Rainieri, kter\u00fd zaznamen\u00e1v\u00e1 fin\u00e1le FA Cupu z roku 2002. V \u010dervnu 2003 kupuje klub ve velk\u00e9 finan\u010dn\u00ed t\u00edsni rusk\u00fd oligarcha Roman Abramovi\u010d, \u010d\u00edm\u017e Chelsea zachra\u0148uje asi od p\u00e1du n\u011bkam do League One. Ov\u0161em jak se pozd\u011bji ukazuje, Chelsea FC v roce 2003 zanik\u00e1 a vznik\u00e1 um\u011ble vytvo\u0159en\u00fd klub \u010cukotka FC. V \u010cukotce se neust\u00e1le st\u0159\u00eddaj\u00ed tren\u00e9\u0159i. Hr\u00e1\u010di, kte\u0159\u00ed bojuj\u00ed srdcem jsou pro klub zbyte\u010dn\u00ed, a jsou nahrazov\u00e1n\u00ed zbyte\u010dn\u011b p\u0159eplacen\u00fdmi megahv\u011bzdami.<\/p>\n<p>Takto bych mohl pokra\u010dovat d\u00e1l a d\u00e1l a\u017e bych skon\u010dil t\u0159eba u 1000000% n\u00e1r\u016fstu &#8222;prav\u00fdch v\u011brn\u00fdch fanou\u0161k\u016f&#8220;. Bohu\u017eel Abramovi\u010d z toho jak si ud\u011blal z Chelsea hra\u010dku a inspiroval dal\u0161\u00ed bohat\u00e9 p\u00e1ny, kte\u0159\u00ed jen ni\u010d\u00ed starou dobrou Premier League. Ale samoz\u0159ejm\u011b nem\u016f\u017ee zapomenout na zaplacen\u00e9 trofeje z doby Romana: 3x mistr Premier League (2004-05, 2005-06), v\u00edt\u011bzov\u00e9 FA Cupu a Carling Cup (2007, 2009 a 2010).<\/p>\n<h4><strong>P\u0159ed z\u00e1pasem<\/strong><\/h4>\n<p>P\u016fjde o 161. sout\u011b\u017e\u00ed kl\u00e1n\u00ed mezi kluby, p\u0159i\u010dem\u017e k pades\u00e1t\u00e9 v\u00fdh\u0159e Evertonu sch\u00e1z\u00ed jedin\u00fd triumf. Ten na Goodisonu koneckonc\u016f zaznamenal i v lo\u0148sk\u00e9 sezon\u011b, kdy Chelsea v ligov\u00e9m z\u00e1pase odj\u00ed\u017ed\u011bla s por\u00e1\u017ekou 2-1. Celkov\u011b pak Toffees proti Blues dr\u017e\u00ed t\u0159\u00edz\u00e1pasovou neporazitelnost; naposledy tedy Chelsea Everton porazila pr\u00e1v\u011b ve fin\u00e1le p\u0159ed necel\u00fdmi dv\u011bmi lety.<\/p>\n<p>Co se poh\u00e1ru t\u00fdk\u00e1, jde o dev\u00e1t\u00fd p\u0159\u00edpad, kdy na sebe oba celky narazily. Lond\u00fd\u0148an\u00e9 vedou s \u0161esti v\u00fdhrami oproti dv\u011bma. Posledn\u00ed poh\u00e1rov\u00e9 v\u00edt\u011bzstv\u00ed nad Chelsea se vztahuje k p\u00e1t\u00e9mu kolu FA Cupu v \u00fanoru 1956.<\/p>\n<p>Ligov\u00e1 forma Evertonu po\u0159\u00e1d stoj\u00ed za starou ba\u010dkoru. Nest\u00e1lost v\u00fdsledk\u016f Toffees potvrdili minulou sobotu proti West Hamu, kdy se jen s od\u0159en\u00fdma u\u0161ima zmohli na rem\u00edzu. Od posledn\u00ed dom\u00e1c\u00ed prohry, nakl\u00e1da\u010dky od West Bromu v\u0161ak uplynuly &#8222;ji\u017e&#8220; dva m\u011bs\u00edce.<\/p>\n<p>Chelsea naproti tomu po obrovsk\u00e9m v\u00fdpadku znovu za\u010d\u00edn\u00e1 sb\u00edrat body. Posledn\u00ed t\u0159i z\u00e1pasy ve v\u0161ech sout\u011b\u017e\u00edch vyhr\u00e1la, p\u0159i\u010dem\u017e vst\u0159elila hned 13 g\u00f3l\u016f. Na Goodison nav\u00edc pojede s povzbudivou v\u00fdhrou 4-0 z h\u0159i\u0161t\u011b Boltonu, kterou ukon\u010dila sedmiz\u00e1pasovou nev\u00fdhern\u00ed venkovn\u00ed s\u00e9rii.<\/p>\n<h4><strong>Absence<\/strong><\/h4>\n<p>Jedinou jistou absenc\u00ed Evertonu bude Tim Cahill, kter\u00e9ho s Austr\u00e1li\u00ed \u010dek\u00e1 boj o zlato na Asijsk\u00e9m poh\u00e1ru. Vynechat z\u00e1pas pak m\u016f\u017ee Victor Anichebe, kter\u00fd m\u00e1 pot\u00ed\u017ee s t\u0159\u00edsly. Za Chelsea pak nenastoup\u00ed dlouhodob\u00ed marodi Alex, \u017dirkov a Bennayoun, zat\u00edmco \u00fa\u010dast Franka Lamparda je zat\u00edm ve hv\u011bzd\u00e1ch.<\/p>\n<p><strong>Everton:<\/strong> Howard, Mucha, Hibbert, Neville, Baines, Heitinga, Distin, Jagielka, Fellaini, Rodwell, Arteta, Coleman, Osman, Bilyaletdinov, Saha, Gueye, Beckford, Baxter<\/p>\n<p><strong>Chelsea:<\/strong> \u010cech, Turnbull, Bosingwa, Ivanovi\u0107, Terry, Ferreira, Cole, Ramires, Mikel, Malouda, McEachran, Anelka, Drogba, Kalou, Sturridge, Bruma<\/p>\n<ul>\n<li><strong>Kdy:\u00a0<\/strong>29.1. 13:30 SE\u010c<strong><br \/>\n<\/strong><\/li>\n<li><strong>Kde:\u00a0<\/strong>Goodison Park<strong><br \/>\n<\/strong><\/li>\n<li><strong>Rozhod\u010d\u00ed:<\/strong>\u00a0Howard Webb<\/li>\n<\/ul>\n","protected":false},"excerpt":{"rendered":"<p>Ligov\u00e9 d\u011bn\u00ed o v\u00edkendu ustupuje stranou, na \u0159adu p\u0159ich\u00e1z\u00ed z\u00e1pasy \u010dtvrt\u00e9ho kola Anglick\u00e9ho poh\u00e1ru. Everton bude figurovat v jednom z&hellip;<\/p>\n","protected":false},"author":7,"featured_media":13143,"comment_status":"open","ping_status":"closed","sticky":false,"template":"","format":"standard","meta":{"_eb_attr":"","_monsterinsights_skip_tracking":false,"_monsterinsights_sitenote_active":false,"_monsterinsights_sitenote_note":"","_monsterinsights_sitenote_category":0,"footnotes":""},"categories":[4],"tags":[],"yoast_head":"<!-- This site is optimized with the Yoast SEO plugin v23.4 - https:\/\/yoast.com\/wordpress\/plugins\/seo\/ -->\n<title>FA Cup Preview: Everton - Chelsea - Official Czech &amp; Slovak Everton Supporters&#039; Club<\/title>\n<meta name=\"robots\" content=\"index, follow, max-snippet:-1, max-image-preview:large, max-video-preview:-1\" \/>\n<link rel=\"canonical\" href=\"https:\/\/evertonfc.cz\/index.php\/2011\/01\/28\/fa-cup-preview-everton-chelsea\/\" \/>\n<meta property=\"og:locale\" content=\"cs_CZ\" \/>\n<meta property=\"og:type\" content=\"article\" \/>\n<meta property=\"og:title\" content=\"FA Cup Preview: Everton - Chelsea - Official Czech &amp; Slovak Everton Supporters&#039; Club\" \/>\n<meta property=\"og:description\" content=\"Ligov\u00e9 d\u011bn\u00ed o v\u00edkendu ustupuje stranou, na \u0159adu p\u0159ich\u00e1z\u00ed z\u00e1pasy \u010dtvrt\u00e9ho kola Anglick\u00e9ho poh\u00e1ru. Everton bude figurovat v jednom z&hellip;\" \/>\n<meta property=\"og:url\" content=\"https:\/\/evertonfc.cz\/index.php\/2011\/01\/28\/fa-cup-preview-everton-chelsea\/\" \/>\n<meta property=\"og:site_name\" content=\"Official Czech &amp; Slovak Everton Supporters&#039; Club\" \/>\n<meta property=\"article:publisher\" content=\"https:\/\/www.facebook.com\/everton.fans.cz.sk\" \/>\n<meta property=\"article:published_time\" content=\"2011-01-28T17:21:58+00:00\" \/>\n<meta property=\"article:modified_time\" content=\"2020-12-12T12:18:09+00:00\" \/>\n<meta property=\"og:image\" content=\"https:\/\/evertonfc.cz\/wp-content\/uploads\/2020\/12\/Everton-VS-Chelsea.jpg\" \/>\n\t<meta property=\"og:image:width\" content=\"720\" \/>\n\t<meta property=\"og:image:height\" content=\"405\" \/>\n\t<meta property=\"og:image:type\" content=\"image\/jpeg\" \/>\n<meta name=\"author\" content=\"Me\u0148a\" \/>\n<meta name=\"twitter:card\" content=\"summary_large_image\" \/>\n<meta name=\"twitter:label1\" content=\"Napsal(a)\" \/>\n\t<meta name=\"twitter:data1\" content=\"Me\u0148a\" \/>\n\t<meta name=\"twitter:label2\" content=\"Odhadovan\u00e1 doba \u010dten\u00ed\" \/>\n\t<meta name=\"twitter:data2\" content=\"9 minut\" \/>\n<script type=\"application\/ld+json\" class=\"yoast-schema-graph\">{\"@context\":\"https:\/\/schema.org\",\"@graph\":[{\"@type\":\"Article\",\"@id\":\"https:\/\/evertonfc.cz\/index.php\/2011\/01\/28\/fa-cup-preview-everton-chelsea\/#article\",\"isPartOf\":{\"@id\":\"https:\/\/evertonfc.cz\/index.php\/2011\/01\/28\/fa-cup-preview-everton-chelsea\/\"},\"author\":{\"name\":\"Me\u0148a\",\"@id\":\"https:\/\/evertonfc.cz\/#\/schema\/person\/cd6328a75577de2add7793fd4b0930c3\"},\"headline\":\"FA Cup Preview: Everton &#8211; Chelsea\",\"datePublished\":\"2011-01-28T17:21:58+00:00\",\"dateModified\":\"2020-12-12T12:18:09+00:00\",\"mainEntityOfPage\":{\"@id\":\"https:\/\/evertonfc.cz\/index.php\/2011\/01\/28\/fa-cup-preview-everton-chelsea\/\"},\"wordCount\":1707,\"commentCount\":0,\"publisher\":{\"@id\":\"https:\/\/evertonfc.cz\/#organization\"},\"image\":{\"@id\":\"https:\/\/evertonfc.cz\/index.php\/2011\/01\/28\/fa-cup-preview-everton-chelsea\/#primaryimage\"},\"thumbnailUrl\":\"https:\/\/evertonfc.cz\/wp-content\/uploads\/2020\/12\/Everton-VS-Chelsea.jpg\",\"articleSection\":[\"Z\u00e1pasy\"],\"inLanguage\":\"cs\",\"potentialAction\":[{\"@type\":\"CommentAction\",\"name\":\"Comment\",\"target\":[\"https:\/\/evertonfc.cz\/index.php\/2011\/01\/28\/fa-cup-preview-everton-chelsea\/#respond\"]}]},{\"@type\":\"WebPage\",\"@id\":\"https:\/\/evertonfc.cz\/index.php\/2011\/01\/28\/fa-cup-preview-everton-chelsea\/\",\"url\":\"https:\/\/evertonfc.cz\/index.php\/2011\/01\/28\/fa-cup-preview-everton-chelsea\/\",\"name\":\"FA Cup Preview: Everton - Chelsea - Official Czech &amp; Slovak Everton Supporters&#039; Club\",\"isPartOf\":{\"@id\":\"https:\/\/evertonfc.cz\/#website\"},\"primaryImageOfPage\":{\"@id\":\"https:\/\/evertonfc.cz\/index.php\/2011\/01\/28\/fa-cup-preview-everton-chelsea\/#primaryimage\"},\"image\":{\"@id\":\"https:\/\/evertonfc.cz\/index.php\/2011\/01\/28\/fa-cup-preview-everton-chelsea\/#primaryimage\"},\"thumbnailUrl\":\"https:\/\/evertonfc.cz\/wp-content\/uploads\/2020\/12\/Everton-VS-Chelsea.jpg\",\"datePublished\":\"2011-01-28T17:21:58+00:00\",\"dateModified\":\"2020-12-12T12:18:09+00:00\",\"breadcrumb\":{\"@id\":\"https:\/\/evertonfc.cz\/index.php\/2011\/01\/28\/fa-cup-preview-everton-chelsea\/#breadcrumb\"},\"inLanguage\":\"cs\",\"potentialAction\":[{\"@type\":\"ReadAction\",\"target\":[\"https:\/\/evertonfc.cz\/index.php\/2011\/01\/28\/fa-cup-preview-everton-chelsea\/\"]}]},{\"@type\":\"ImageObject\",\"inLanguage\":\"cs\",\"@id\":\"https:\/\/evertonfc.cz\/index.php\/2011\/01\/28\/fa-cup-preview-everton-chelsea\/#primaryimage\",\"url\":\"https:\/\/evertonfc.cz\/wp-content\/uploads\/2020\/12\/Everton-VS-Chelsea.jpg\",\"contentUrl\":\"https:\/\/evertonfc.cz\/wp-content\/uploads\/2020\/12\/Everton-VS-Chelsea.jpg\",\"width\":720,\"height\":405},{\"@type\":\"BreadcrumbList\",\"@id\":\"https:\/\/evertonfc.cz\/index.php\/2011\/01\/28\/fa-cup-preview-everton-chelsea\/#breadcrumb\",\"itemListElement\":[{\"@type\":\"ListItem\",\"position\":1,\"name\":\"Home\",\"item\":\"https:\/\/evertonfc.cz\/\"},{\"@type\":\"ListItem\",\"position\":2,\"name\":\"FA Cup Preview: Everton &#8211; Chelsea\"}]},{\"@type\":\"WebSite\",\"@id\":\"https:\/\/evertonfc.cz\/#website\",\"url\":\"https:\/\/evertonfc.cz\/\",\"name\":\"Official Czech &amp; Slovak Everton Supporters&#039; Club\",\"description\":\"\",\"publisher\":{\"@id\":\"https:\/\/evertonfc.cz\/#organization\"},\"potentialAction\":[{\"@type\":\"SearchAction\",\"target\":{\"@type\":\"EntryPoint\",\"urlTemplate\":\"https:\/\/evertonfc.cz\/?s={search_term_string}\"},\"query-input\":{\"@type\":\"PropertyValueSpecification\",\"valueRequired\":true,\"valueName\":\"search_term_string\"}}],\"inLanguage\":\"cs\"},{\"@type\":\"Organization\",\"@id\":\"https:\/\/evertonfc.cz\/#organization\",\"name\":\"Official Czech & Slovak Everton Supporters' Club\",\"url\":\"https:\/\/evertonfc.cz\/\",\"logo\":{\"@type\":\"ImageObject\",\"inLanguage\":\"cs\",\"@id\":\"https:\/\/evertonfc.cz\/#\/schema\/logo\/image\/\",\"url\":\"https:\/\/evertonfc.cz\/wp-content\/uploads\/2019\/05\/logo.png\",\"contentUrl\":\"https:\/\/evertonfc.cz\/wp-content\/uploads\/2019\/05\/logo.png\",\"width\":112,\"height\":112,\"caption\":\"Official Czech & Slovak Everton Supporters' Club\"},\"image\":{\"@id\":\"https:\/\/evertonfc.cz\/#\/schema\/logo\/image\/\"},\"sameAs\":[\"https:\/\/www.facebook.com\/everton.fans.cz.sk\"]},{\"@type\":\"Person\",\"@id\":\"https:\/\/evertonfc.cz\/#\/schema\/person\/cd6328a75577de2add7793fd4b0930c3\",\"name\":\"Me\u0148a\",\"url\":\"https:\/\/evertonfc.cz\/index.php\/author\/mena\/\"}]}<\/script>\n<!-- \/ Yoast SEO plugin. -->","yoast_head_json":{"title":"FA Cup Preview: Everton - Chelsea - Official Czech &amp; Slovak Everton Supporters&#039; Club","robots":{"index":"index","follow":"follow","max-snippet":"max-snippet:-1","max-image-preview":"max-image-preview:large","max-video-preview":"max-video-preview:-1"},"canonical":"https:\/\/evertonfc.cz\/index.php\/2011\/01\/28\/fa-cup-preview-everton-chelsea\/","og_locale":"cs_CZ","og_type":"article","og_title":"FA Cup Preview: Everton - Chelsea - Official Czech &amp; Slovak Everton Supporters&#039; Club","og_description":"Ligov\u00e9 d\u011bn\u00ed o v\u00edkendu ustupuje stranou, na \u0159adu p\u0159ich\u00e1z\u00ed z\u00e1pasy \u010dtvrt\u00e9ho kola Anglick\u00e9ho poh\u00e1ru. Everton bude figurovat v jednom z&hellip;","og_url":"https:\/\/evertonfc.cz\/index.php\/2011\/01\/28\/fa-cup-preview-everton-chelsea\/","og_site_name":"Official Czech &amp; Slovak Everton Supporters&#039; Club","article_publisher":"https:\/\/www.facebook.com\/everton.fans.cz.sk","article_published_time":"2011-01-28T17:21:58+00:00","article_modified_time":"2020-12-12T12:18:09+00:00","og_image":[{"width":720,"height":405,"url":"https:\/\/evertonfc.cz\/wp-content\/uploads\/2020\/12\/Everton-VS-Chelsea.jpg","type":"image\/jpeg"}],"author":"Me\u0148a","twitter_card":"summary_large_image","twitter_misc":{"Napsal(a)":"Me\u0148a","Odhadovan\u00e1 doba \u010dten\u00ed":"9 minut"},"schema":{"@context":"https:\/\/schema.org","@graph":[{"@type":"Article","@id":"https:\/\/evertonfc.cz\/index.php\/2011\/01\/28\/fa-cup-preview-everton-chelsea\/#article","isPartOf":{"@id":"https:\/\/evertonfc.cz\/index.php\/2011\/01\/28\/fa-cup-preview-everton-chelsea\/"},"author":{"name":"Me\u0148a","@id":"https:\/\/evertonfc.cz\/#\/schema\/person\/cd6328a75577de2add7793fd4b0930c3"},"headline":"FA Cup Preview: Everton &#8211; Chelsea","datePublished":"2011-01-28T17:21:58+00:00","dateModified":"2020-12-12T12:18:09+00:00","mainEntityOfPage":{"@id":"https:\/\/evertonfc.cz\/index.php\/2011\/01\/28\/fa-cup-preview-everton-chelsea\/"},"wordCount":1707,"commentCount":0,"publisher":{"@id":"https:\/\/evertonfc.cz\/#organization"},"image":{"@id":"https:\/\/evertonfc.cz\/index.php\/2011\/01\/28\/fa-cup-preview-everton-chelsea\/#primaryimage"},"thumbnailUrl":"https:\/\/evertonfc.cz\/wp-content\/uploads\/2020\/12\/Everton-VS-Chelsea.jpg","articleSection":["Z\u00e1pasy"],"inLanguage":"cs","potentialAction":[{"@type":"CommentAction","name":"Comment","target":["https:\/\/evertonfc.cz\/index.php\/2011\/01\/28\/fa-cup-preview-everton-chelsea\/#respond"]}]},{"@type":"WebPage","@id":"https:\/\/evertonfc.cz\/index.php\/2011\/01\/28\/fa-cup-preview-everton-chelsea\/","url":"https:\/\/evertonfc.cz\/index.php\/2011\/01\/28\/fa-cup-preview-everton-chelsea\/","name":"FA Cup Preview: Everton - Chelsea - Official Czech &amp; Slovak Everton Supporters&#039; Club","isPartOf":{"@id":"https:\/\/evertonfc.cz\/#website"},"primaryImageOfPage":{"@id":"https:\/\/evertonfc.cz\/index.php\/2011\/01\/28\/fa-cup-preview-everton-chelsea\/#primaryimage"},"image":{"@id":"https:\/\/evertonfc.cz\/index.php\/2011\/01\/28\/fa-cup-preview-everton-chelsea\/#primaryimage"},"thumbnailUrl":"https:\/\/evertonfc.cz\/wp-content\/uploads\/2020\/12\/Everton-VS-Chelsea.jpg","datePublished":"2011-01-28T17:21:58+00:00","dateModified":"2020-12-12T12:18:09+00:00","breadcrumb":{"@id":"https:\/\/evertonfc.cz\/index.php\/2011\/01\/28\/fa-cup-preview-everton-chelsea\/#breadcrumb"},"inLanguage":"cs","potentialAction":[{"@type":"ReadAction","target":["https:\/\/evertonfc.cz\/index.php\/2011\/01\/28\/fa-cup-preview-everton-chelsea\/"]}]},{"@type":"ImageObject","inLanguage":"cs","@id":"https:\/\/evertonfc.cz\/index.php\/2011\/01\/28\/fa-cup-preview-everton-chelsea\/#primaryimage","url":"https:\/\/evertonfc.cz\/wp-content\/uploads\/2020\/12\/Everton-VS-Chelsea.jpg","contentUrl":"https:\/\/evertonfc.cz\/wp-content\/uploads\/2020\/12\/Everton-VS-Chelsea.jpg","width":720,"height":405},{"@type":"BreadcrumbList","@id":"https:\/\/evertonfc.cz\/index.php\/2011\/01\/28\/fa-cup-preview-everton-chelsea\/#breadcrumb","itemListElement":[{"@type":"ListItem","position":1,"name":"Home","item":"https:\/\/evertonfc.cz\/"},{"@type":"ListItem","position":2,"name":"FA Cup Preview: Everton &#8211; Chelsea"}]},{"@type":"WebSite","@id":"https:\/\/evertonfc.cz\/#website","url":"https:\/\/evertonfc.cz\/","name":"Official Czech &amp; Slovak Everton Supporters&#039; Club","description":"","publisher":{"@id":"https:\/\/evertonfc.cz\/#organization"},"potentialAction":[{"@type":"SearchAction","target":{"@type":"EntryPoint","urlTemplate":"https:\/\/evertonfc.cz\/?s={search_term_string}"},"query-input":{"@type":"PropertyValueSpecification","valueRequired":true,"valueName":"search_term_string"}}],"inLanguage":"cs"},{"@type":"Organization","@id":"https:\/\/evertonfc.cz\/#organization","name":"Official Czech & Slovak Everton Supporters' Club","url":"https:\/\/evertonfc.cz\/","logo":{"@type":"ImageObject","inLanguage":"cs","@id":"https:\/\/evertonfc.cz\/#\/schema\/logo\/image\/","url":"https:\/\/evertonfc.cz\/wp-content\/uploads\/2019\/05\/logo.png","contentUrl":"https:\/\/evertonfc.cz\/wp-content\/uploads\/2019\/05\/logo.png","width":112,"height":112,"caption":"Official Czech & Slovak Everton Supporters' Club"},"image":{"@id":"https:\/\/evertonfc.cz\/#\/schema\/logo\/image\/"},"sameAs":["https:\/\/www.facebook.com\/everton.fans.cz.sk"]},{"@type":"Person","@id":"https:\/\/evertonfc.cz\/#\/schema\/person\/cd6328a75577de2add7793fd4b0930c3","name":"Me\u0148a","url":"https:\/\/evertonfc.cz\/index.php\/author\/mena\/"}]}},"_links":{"self":[{"href":"https:\/\/evertonfc.cz\/index.php\/wp-json\/wp\/v2\/posts\/3993"}],"collection":[{"href":"https:\/\/evertonfc.cz\/index.php\/wp-json\/wp\/v2\/posts"}],"about":[{"href":"https:\/\/evertonfc.cz\/index.php\/wp-json\/wp\/v2\/types\/post"}],"author":[{"embeddable":true,"href":"https:\/\/evertonfc.cz\/index.php\/wp-json\/wp\/v2\/users\/7"}],"replies":[{"embeddable":true,"href":"https:\/\/evertonfc.cz\/index.php\/wp-json\/wp\/v2\/comments?post=3993"}],"version-history":[{"count":1,"href":"https:\/\/evertonfc.cz\/index.php\/wp-json\/wp\/v2\/posts\/3993\/revisions"}],"predecessor-version":[{"id":3996,"href":"https:\/\/evertonfc.cz\/index.php\/wp-json\/wp\/v2\/posts\/3993\/revisions\/3996"}],"wp:featuredmedia":[{"embeddable":true,"href":"https:\/\/evertonfc.cz\/index.php\/wp-json\/wp\/v2\/media\/13143"}],"wp:attachment":[{"href":"https:\/\/evertonfc.cz\/index.php\/wp-json\/wp\/v2\/media?parent=3993"}],"wp:term":[{"taxonomy":"category","embeddable":true,"href":"https:\/\/evertonfc.cz\/index.php\/wp-json\/wp\/v2\/categories?post=3993"},{"taxonomy":"post_tag","embeddable":true,"href":"https:\/\/evertonfc.cz\/index.php\/wp-json\/wp\/v2\/tags?post=3993"}],"curies":[{"name":"wp","href":"https:\/\/api.w.org\/{rel}","templated":true}]}}