{"id":3995,"date":"2015-11-06T18:23:54","date_gmt":"2015-11-06T17:23:54","guid":{"rendered":"http:\/\/evertonfc.cz\/?p=3995"},"modified":"2021-05-09T09:56:55","modified_gmt":"2021-05-09T07:56:55","slug":"preview-west-ham-united-everton-3","status":"publish","type":"post","link":"https:\/\/evertonfc.cz\/index.php\/2015\/11\/06\/preview-west-ham-united-everton-3\/","title":{"rendered":"Preview: West Ham United &#8211; Everton"},"content":{"rendered":"<h4 id=\"NewsPostDetailSummary\">Sobotn\u00ed dom\u00e1c\u00ed l\u00e9taj\u00ed neobvykle vysoko. L\u00e9\u010dba Bili\u0107em evidentn\u011b funguje. Najdou na n\u011b z\u00edtra karamelky recept?<\/h4>\n<div id=\"NewsPostDetailContent\">\n<p>Hammers jsou jedn\u00edm z p\u0159\u00edjemn\u00fdch p\u0159ekvapen\u00ed sez\u00f3ny. Ne natolik jako Leicester, kter\u00fd je t\u0159et\u00ed, ale \u0161est\u00e9 m\u00edsto po jeden\u00e1cti z\u00e1pasech pamatuj\u00ed mo\u017en\u00e1 tak prab\u00e1by na\u0161ich prad\u011bd\u016f. Nav\u00edc \u0161lape \u00fatok &#8211; m\u00edt p\u0159esn\u011b dv\u011b vst\u0159elen\u00e9 branky na z\u00e1pas, to bych \u010dekal od lep\u0161\u00edch t\u00fdm\u016f. (Lep\u0161\u00ed st\u0159elce m\u00e1 jen Manchester City a Leicester.)<\/p>\n<p>Do klubu p\u0159i\u0161el p\u0159ed sez\u00f3nou nov\u00fd mana\u017eer. A je to \u010dlov\u011bk, kter\u00e9ho dob\u0159e znaj\u00ed i v Goodison Parku. Slaven Bili\u0107 odehr\u00e1l za Toffees dv\u011b sezony a na p\u0159edz\u00e1pasov\u00e9 tiskov\u00e9 konferenci se netajil t\u00edm, \u017ee je to pro n\u011bj speci\u00e1ln\u00ed z\u00e1pas. Nav\u00edc se mu poda\u0159ilo p\u0159iv\u00e9st Dimitrije Payeta, francouzsk\u00e9ho \u00fato\u010dn\u00e9ho z\u00e1lo\u017en\u00edka. Ten podepsal v Lond\u00fdn\u011b p\u011btiletou smlouvu s ro\u010dn\u00ed opc\u00ed a z pozice podhrota m\u00e1 velk\u00fd vliv na \u00fato\u010dn\u00fd projev t\u00fdmu.<\/p>\n<p>Zaj\u00edmav\u00e9 jsou v\u00fdsledky. Bili\u0107\u016fv t\u00fdm je toti\u017e J\u00e1no\u0161\u00edkem &#8211; bohat\u00fdm bere a chud\u00fdm d\u00e1v\u00e1. Zat\u00edm co v\u00fdhry na h\u0159i\u0161t\u00edch Liverpoolu, Arsenalu a Manchesteru City p\u0159ekvapily kladn\u011b, tak prohry s Bournemouthem a Watfordem (o rem\u00edze s Norwichem nemluv\u011b) p\u0159ekvapily z\u00e1porn\u011b. A sebev\u011bdom\u00ed by po proh\u0159e pr\u00e1v\u011b s Hornets, co\u017e byl posledn\u00ed z\u00e1pas, by Hammers m\u00edt nemusely.<\/p>\n<p>Kdo si ale vylo\u017een\u011b mne ruce, \u017ee op\u011bt bude hr\u00e1t proti tomuto soupe\u0159i, je Lukaku. Jde pro n\u011bj o nejobl\u00edben\u011bj\u0161\u00edho soupe\u0159e, vst\u0159elil proti n\u011bmu nejv\u00edce sv\u00fdch ligov\u00fdch branek. Ten samoz\u0159ejm\u011b v sestav\u011b chyb\u011bt nebude a lze d\u016fvodn\u011b p\u0159edpokl\u00e1dat, \u017ee oproti z\u00e1kladn\u00ed sestav\u011b z minul\u00e9ho z\u00e1pasu dojde k jedn\u00e9 zm\u011bn\u011b. Ta je vynucen\u00e1, Ovieda zran\u011bn\u00fd p\u0159itahova\u010d stehenn\u00edho svalu nepust\u00ed do hry na t\u0159i t\u00fddny a tak op\u011bt vyb\u011bhne k ma\u010di od za\u010d\u00e1tku na lev\u00e9 obran\u011b Galloway.<\/p>\n<p>Kdy\u017e u\u017e jsem u lev\u00e9 obrany a zran\u011bn\u00fdch, tak p\u0159in\u00e1\u0161\u00edm dobrou zpr\u00e1vu. Baines, Besi\u0107 a Cleverley ji\u017e podstupuj\u00ed s t\u00fdmem pln\u00fd tr\u00e9nink a po reprezenta\u010dn\u00ed pauze by m\u011bli b\u00fdt k dispozici pro prvn\u00ed st\u0159etnut\u00ed proti Aston Ville. Nicm\u00e9n\u011b z\u00edtra je je\u0161t\u011b brzy (i kdy\u017e osobn\u011b by mne nominace aspo\u0148 Bainese na lavi\u010dku nep\u0159ekvapila). Konkurence za dva t\u00fddny p\u0159ibude i Colemanovi, Hibbert za dva t\u00fddny tak\u00e9 bude p\u0159ipraven k utk\u00e1n\u00ed. Nebylo zve\u0159ejn\u011bno, kdy bude Pienaar, snad ale do konce m\u011bs\u00edce.<\/p>\n<p>U dom\u00e1c\u00edch se vrac\u00ed Reid a Ogbonna. Song (kotn\u00edk), Obiang a Sakho (oba maj\u00ed probl\u00e9my se stehnem) hr\u00e1t nebudou. To pravd\u011bpodobn\u011b znamen\u00e1, \u017ee exrs Carroll bude v z\u00e1kladn\u00ed sestav\u011b. Je mo\u017en\u00e9, \u017ee bude hr\u00e1t Valencia, o jeho startu se rozhodne p\u0159ed z\u00e1pasem.<\/p>\n<p>Everton na West Ham vylo\u017een\u011b um\u00ed. Bylo by dobr\u00e9 to prok\u00e1zat i z\u00edtra. Utk\u00e1n\u00ed vys\u00edl\u00e1 stanice Digi sport1 <strong>ze z\u00e1znamu<\/strong> od 20:35.<\/p>\n<p><strong>Co:<\/strong> West Ham United FC &#8211; Everton FC, 12. kolo Premier League<br \/>\n<strong>Kdy: <\/strong>7. 11. 2015 od 16:00 SE\u010c<br \/>\n<strong>Kde:<\/strong> Boleyn Ground, Green Street, Lond\u00fdn (kapacita: 35 016)<br \/>\n<strong>Rozhod\u010d\u00ed:<\/strong> Paul Tierney<\/p>\n<\/div>\n","protected":false},"excerpt":{"rendered":"<p>Sobotn\u00ed dom\u00e1c\u00ed l\u00e9taj\u00ed neobvykle vysoko. L\u00e9\u010dba Bili\u0107em evidentn\u011b funguje. Najdou na n\u011b z\u00edtra karamelky recept?<\/p>\n","protected":false},"author":12,"featured_media":15272,"comment_status":"open","ping_status":"closed","sticky":false,"template":"","format":"standard","meta":{"_eb_attr":"","_monsterinsights_skip_tracking":false,"_monsterinsights_sitenote_active":false,"_monsterinsights_sitenote_note":"","_monsterinsights_sitenote_category":0,"footnotes":""},"categories":[4],"tags":[],"yoast_head":"<!-- This site is optimized with the Yoast SEO plugin v23.4 - https:\/\/yoast.com\/wordpress\/plugins\/seo\/ -->\n<title>Preview: West Ham United - Everton - Official Czech &amp; Slovak Everton Supporters&#039; Club<\/title>\n<meta name=\"robots\" content=\"index, follow, max-snippet:-1, max-image-preview:large, max-video-preview:-1\" \/>\n<link rel=\"canonical\" href=\"https:\/\/evertonfc.cz\/index.php\/2015\/11\/06\/preview-west-ham-united-everton-3\/\" \/>\n<meta property=\"og:locale\" content=\"cs_CZ\" \/>\n<meta property=\"og:type\" content=\"article\" \/>\n<meta property=\"og:title\" content=\"Preview: West Ham United - Everton - Official Czech &amp; Slovak Everton Supporters&#039; Club\" \/>\n<meta property=\"og:description\" content=\"Sobotn\u00ed dom\u00e1c\u00ed l\u00e9taj\u00ed neobvykle vysoko. L\u00e9\u010dba Bili\u0107em evidentn\u011b funguje. Najdou na n\u011b z\u00edtra karamelky recept?\" \/>\n<meta property=\"og:url\" content=\"https:\/\/evertonfc.cz\/index.php\/2015\/11\/06\/preview-west-ham-united-everton-3\/\" \/>\n<meta property=\"og:site_name\" content=\"Official Czech &amp; Slovak Everton Supporters&#039; Club\" \/>\n<meta property=\"article:publisher\" content=\"https:\/\/www.facebook.com\/everton.fans.cz.sk\" \/>\n<meta property=\"article:published_time\" content=\"2015-11-06T17:23:54+00:00\" \/>\n<meta property=\"article:modified_time\" content=\"2021-05-09T07:56:55+00:00\" \/>\n<meta property=\"og:image\" content=\"https:\/\/evertonfc.cz\/wp-content\/uploads\/2021\/05\/West-Ham-United-VS-Everton-Upton-Park.jpg\" \/>\n\t<meta property=\"og:image:width\" content=\"720\" \/>\n\t<meta property=\"og:image:height\" content=\"405\" \/>\n\t<meta property=\"og:image:type\" content=\"image\/jpeg\" \/>\n<meta name=\"author\" content=\"Javor\" \/>\n<meta name=\"twitter:card\" content=\"summary_large_image\" \/>\n<meta name=\"twitter:creator\" content=\"@LoudinJan\" \/>\n<meta name=\"twitter:label1\" content=\"Napsal(a)\" \/>\n\t<meta name=\"twitter:data1\" content=\"Javor\" \/>\n\t<meta name=\"twitter:label2\" content=\"Odhadovan\u00e1 doba \u010dten\u00ed\" \/>\n\t<meta name=\"twitter:data2\" content=\"3 minuty\" \/>\n<script type=\"application\/ld+json\" class=\"yoast-schema-graph\">{\"@context\":\"https:\/\/schema.org\",\"@graph\":[{\"@type\":\"Article\",\"@id\":\"https:\/\/evertonfc.cz\/index.php\/2015\/11\/06\/preview-west-ham-united-everton-3\/#article\",\"isPartOf\":{\"@id\":\"https:\/\/evertonfc.cz\/index.php\/2015\/11\/06\/preview-west-ham-united-everton-3\/\"},\"author\":{\"name\":\"Javor\",\"@id\":\"https:\/\/evertonfc.cz\/#\/schema\/person\/b30daf6a5852f4811f8207a17ec1bf78\"},\"headline\":\"Preview: West Ham United &#8211; Everton\",\"datePublished\":\"2015-11-06T17:23:54+00:00\",\"dateModified\":\"2021-05-09T07:56:55+00:00\",\"mainEntityOfPage\":{\"@id\":\"https:\/\/evertonfc.cz\/index.php\/2015\/11\/06\/preview-west-ham-united-everton-3\/\"},\"wordCount\":592,\"commentCount\":0,\"publisher\":{\"@id\":\"https:\/\/evertonfc.cz\/#organization\"},\"image\":{\"@id\":\"https:\/\/evertonfc.cz\/index.php\/2015\/11\/06\/preview-west-ham-united-everton-3\/#primaryimage\"},\"thumbnailUrl\":\"https:\/\/evertonfc.cz\/wp-content\/uploads\/2021\/05\/West-Ham-United-VS-Everton-Upton-Park.jpg\",\"articleSection\":[\"Z\u00e1pasy\"],\"inLanguage\":\"cs\",\"potentialAction\":[{\"@type\":\"CommentAction\",\"name\":\"Comment\",\"target\":[\"https:\/\/evertonfc.cz\/index.php\/2015\/11\/06\/preview-west-ham-united-everton-3\/#respond\"]}]},{\"@type\":\"WebPage\",\"@id\":\"https:\/\/evertonfc.cz\/index.php\/2015\/11\/06\/preview-west-ham-united-everton-3\/\",\"url\":\"https:\/\/evertonfc.cz\/index.php\/2015\/11\/06\/preview-west-ham-united-everton-3\/\",\"name\":\"Preview: West Ham United - Everton - Official Czech &amp; Slovak Everton Supporters&#039; Club\",\"isPartOf\":{\"@id\":\"https:\/\/evertonfc.cz\/#website\"},\"primaryImageOfPage\":{\"@id\":\"https:\/\/evertonfc.cz\/index.php\/2015\/11\/06\/preview-west-ham-united-everton-3\/#primaryimage\"},\"image\":{\"@id\":\"https:\/\/evertonfc.cz\/index.php\/2015\/11\/06\/preview-west-ham-united-everton-3\/#primaryimage\"},\"thumbnailUrl\":\"https:\/\/evertonfc.cz\/wp-content\/uploads\/2021\/05\/West-Ham-United-VS-Everton-Upton-Park.jpg\",\"datePublished\":\"2015-11-06T17:23:54+00:00\",\"dateModified\":\"2021-05-09T07:56:55+00:00\",\"breadcrumb\":{\"@id\":\"https:\/\/evertonfc.cz\/index.php\/2015\/11\/06\/preview-west-ham-united-everton-3\/#breadcrumb\"},\"inLanguage\":\"cs\",\"potentialAction\":[{\"@type\":\"ReadAction\",\"target\":[\"https:\/\/evertonfc.cz\/index.php\/2015\/11\/06\/preview-west-ham-united-everton-3\/\"]}]},{\"@type\":\"ImageObject\",\"inLanguage\":\"cs\",\"@id\":\"https:\/\/evertonfc.cz\/index.php\/2015\/11\/06\/preview-west-ham-united-everton-3\/#primaryimage\",\"url\":\"https:\/\/evertonfc.cz\/wp-content\/uploads\/2021\/05\/West-Ham-United-VS-Everton-Upton-Park.jpg\",\"contentUrl\":\"https:\/\/evertonfc.cz\/wp-content\/uploads\/2021\/05\/West-Ham-United-VS-Everton-Upton-Park.jpg\",\"width\":720,\"height\":405},{\"@type\":\"BreadcrumbList\",\"@id\":\"https:\/\/evertonfc.cz\/index.php\/2015\/11\/06\/preview-west-ham-united-everton-3\/#breadcrumb\",\"itemListElement\":[{\"@type\":\"ListItem\",\"position\":1,\"name\":\"Home\",\"item\":\"https:\/\/evertonfc.cz\/\"},{\"@type\":\"ListItem\",\"position\":2,\"name\":\"Preview: West Ham United &#8211; Everton\"}]},{\"@type\":\"WebSite\",\"@id\":\"https:\/\/evertonfc.cz\/#website\",\"url\":\"https:\/\/evertonfc.cz\/\",\"name\":\"Official Czech &amp; Slovak Everton Supporters&#039; Club\",\"description\":\"\",\"publisher\":{\"@id\":\"https:\/\/evertonfc.cz\/#organization\"},\"potentialAction\":[{\"@type\":\"SearchAction\",\"target\":{\"@type\":\"EntryPoint\",\"urlTemplate\":\"https:\/\/evertonfc.cz\/?s={search_term_string}\"},\"query-input\":{\"@type\":\"PropertyValueSpecification\",\"valueRequired\":true,\"valueName\":\"search_term_string\"}}],\"inLanguage\":\"cs\"},{\"@type\":\"Organization\",\"@id\":\"https:\/\/evertonfc.cz\/#organization\",\"name\":\"Official Czech & Slovak Everton Supporters' Club\",\"url\":\"https:\/\/evertonfc.cz\/\",\"logo\":{\"@type\":\"ImageObject\",\"inLanguage\":\"cs\",\"@id\":\"https:\/\/evertonfc.cz\/#\/schema\/logo\/image\/\",\"url\":\"https:\/\/evertonfc.cz\/wp-content\/uploads\/2019\/05\/logo.png\",\"contentUrl\":\"https:\/\/evertonfc.cz\/wp-content\/uploads\/2019\/05\/logo.png\",\"width\":112,\"height\":112,\"caption\":\"Official Czech & Slovak Everton Supporters' Club\"},\"image\":{\"@id\":\"https:\/\/evertonfc.cz\/#\/schema\/logo\/image\/\"},\"sameAs\":[\"https:\/\/www.facebook.com\/everton.fans.cz.sk\"]},{\"@type\":\"Person\",\"@id\":\"https:\/\/evertonfc.cz\/#\/schema\/person\/b30daf6a5852f4811f8207a17ec1bf78\",\"name\":\"Javor\",\"sameAs\":[\"https:\/\/x.com\/LoudinJan\"],\"url\":\"https:\/\/evertonfc.cz\/index.php\/author\/javor\/\"}]}<\/script>\n<!-- \/ Yoast SEO plugin. -->","yoast_head_json":{"title":"Preview: West Ham United - Everton - Official Czech &amp; Slovak Everton Supporters&#039; Club","robots":{"index":"index","follow":"follow","max-snippet":"max-snippet:-1","max-image-preview":"max-image-preview:large","max-video-preview":"max-video-preview:-1"},"canonical":"https:\/\/evertonfc.cz\/index.php\/2015\/11\/06\/preview-west-ham-united-everton-3\/","og_locale":"cs_CZ","og_type":"article","og_title":"Preview: West Ham United - Everton - Official Czech &amp; Slovak Everton Supporters&#039; Club","og_description":"Sobotn\u00ed dom\u00e1c\u00ed l\u00e9taj\u00ed neobvykle vysoko. L\u00e9\u010dba Bili\u0107em evidentn\u011b funguje. Najdou na n\u011b z\u00edtra karamelky recept?","og_url":"https:\/\/evertonfc.cz\/index.php\/2015\/11\/06\/preview-west-ham-united-everton-3\/","og_site_name":"Official Czech &amp; Slovak Everton Supporters&#039; Club","article_publisher":"https:\/\/www.facebook.com\/everton.fans.cz.sk","article_published_time":"2015-11-06T17:23:54+00:00","article_modified_time":"2021-05-09T07:56:55+00:00","og_image":[{"width":720,"height":405,"url":"https:\/\/evertonfc.cz\/wp-content\/uploads\/2021\/05\/West-Ham-United-VS-Everton-Upton-Park.jpg","type":"image\/jpeg"}],"author":"Javor","twitter_card":"summary_large_image","twitter_creator":"@LoudinJan","twitter_misc":{"Napsal(a)":"Javor","Odhadovan\u00e1 doba \u010dten\u00ed":"3 minuty"},"schema":{"@context":"https:\/\/schema.org","@graph":[{"@type":"Article","@id":"https:\/\/evertonfc.cz\/index.php\/2015\/11\/06\/preview-west-ham-united-everton-3\/#article","isPartOf":{"@id":"https:\/\/evertonfc.cz\/index.php\/2015\/11\/06\/preview-west-ham-united-everton-3\/"},"author":{"name":"Javor","@id":"https:\/\/evertonfc.cz\/#\/schema\/person\/b30daf6a5852f4811f8207a17ec1bf78"},"headline":"Preview: West Ham United &#8211; Everton","datePublished":"2015-11-06T17:23:54+00:00","dateModified":"2021-05-09T07:56:55+00:00","mainEntityOfPage":{"@id":"https:\/\/evertonfc.cz\/index.php\/2015\/11\/06\/preview-west-ham-united-everton-3\/"},"wordCount":592,"commentCount":0,"publisher":{"@id":"https:\/\/evertonfc.cz\/#organization"},"image":{"@id":"https:\/\/evertonfc.cz\/index.php\/2015\/11\/06\/preview-west-ham-united-everton-3\/#primaryimage"},"thumbnailUrl":"https:\/\/evertonfc.cz\/wp-content\/uploads\/2021\/05\/West-Ham-United-VS-Everton-Upton-Park.jpg","articleSection":["Z\u00e1pasy"],"inLanguage":"cs","potentialAction":[{"@type":"CommentAction","name":"Comment","target":["https:\/\/evertonfc.cz\/index.php\/2015\/11\/06\/preview-west-ham-united-everton-3\/#respond"]}]},{"@type":"WebPage","@id":"https:\/\/evertonfc.cz\/index.php\/2015\/11\/06\/preview-west-ham-united-everton-3\/","url":"https:\/\/evertonfc.cz\/index.php\/2015\/11\/06\/preview-west-ham-united-everton-3\/","name":"Preview: West Ham United - Everton - Official Czech &amp; Slovak Everton Supporters&#039; Club","isPartOf":{"@id":"https:\/\/evertonfc.cz\/#website"},"primaryImageOfPage":{"@id":"https:\/\/evertonfc.cz\/index.php\/2015\/11\/06\/preview-west-ham-united-everton-3\/#primaryimage"},"image":{"@id":"https:\/\/evertonfc.cz\/index.php\/2015\/11\/06\/preview-west-ham-united-everton-3\/#primaryimage"},"thumbnailUrl":"https:\/\/evertonfc.cz\/wp-content\/uploads\/2021\/05\/West-Ham-United-VS-Everton-Upton-Park.jpg","datePublished":"2015-11-06T17:23:54+00:00","dateModified":"2021-05-09T07:56:55+00:00","breadcrumb":{"@id":"https:\/\/evertonfc.cz\/index.php\/2015\/11\/06\/preview-west-ham-united-everton-3\/#breadcrumb"},"inLanguage":"cs","potentialAction":[{"@type":"ReadAction","target":["https:\/\/evertonfc.cz\/index.php\/2015\/11\/06\/preview-west-ham-united-everton-3\/"]}]},{"@type":"ImageObject","inLanguage":"cs","@id":"https:\/\/evertonfc.cz\/index.php\/2015\/11\/06\/preview-west-ham-united-everton-3\/#primaryimage","url":"https:\/\/evertonfc.cz\/wp-content\/uploads\/2021\/05\/West-Ham-United-VS-Everton-Upton-Park.jpg","contentUrl":"https:\/\/evertonfc.cz\/wp-content\/uploads\/2021\/05\/West-Ham-United-VS-Everton-Upton-Park.jpg","width":720,"height":405},{"@type":"BreadcrumbList","@id":"https:\/\/evertonfc.cz\/index.php\/2015\/11\/06\/preview-west-ham-united-everton-3\/#breadcrumb","itemListElement":[{"@type":"ListItem","position":1,"name":"Home","item":"https:\/\/evertonfc.cz\/"},{"@type":"ListItem","position":2,"name":"Preview: West Ham United &#8211; Everton"}]},{"@type":"WebSite","@id":"https:\/\/evertonfc.cz\/#website","url":"https:\/\/evertonfc.cz\/","name":"Official Czech &amp; Slovak Everton Supporters&#039; Club","description":"","publisher":{"@id":"https:\/\/evertonfc.cz\/#organization"},"potentialAction":[{"@type":"SearchAction","target":{"@type":"EntryPoint","urlTemplate":"https:\/\/evertonfc.cz\/?s={search_term_string}"},"query-input":{"@type":"PropertyValueSpecification","valueRequired":true,"valueName":"search_term_string"}}],"inLanguage":"cs"},{"@type":"Organization","@id":"https:\/\/evertonfc.cz\/#organization","name":"Official Czech & Slovak Everton Supporters' Club","url":"https:\/\/evertonfc.cz\/","logo":{"@type":"ImageObject","inLanguage":"cs","@id":"https:\/\/evertonfc.cz\/#\/schema\/logo\/image\/","url":"https:\/\/evertonfc.cz\/wp-content\/uploads\/2019\/05\/logo.png","contentUrl":"https:\/\/evertonfc.cz\/wp-content\/uploads\/2019\/05\/logo.png","width":112,"height":112,"caption":"Official Czech & Slovak Everton Supporters' Club"},"image":{"@id":"https:\/\/evertonfc.cz\/#\/schema\/logo\/image\/"},"sameAs":["https:\/\/www.facebook.com\/everton.fans.cz.sk"]},{"@type":"Person","@id":"https:\/\/evertonfc.cz\/#\/schema\/person\/b30daf6a5852f4811f8207a17ec1bf78","name":"Javor","sameAs":["https:\/\/x.com\/LoudinJan"],"url":"https:\/\/evertonfc.cz\/index.php\/author\/javor\/"}]}},"_links":{"self":[{"href":"https:\/\/evertonfc.cz\/index.php\/wp-json\/wp\/v2\/posts\/3995"}],"collection":[{"href":"https:\/\/evertonfc.cz\/index.php\/wp-json\/wp\/v2\/posts"}],"about":[{"href":"https:\/\/evertonfc.cz\/index.php\/wp-json\/wp\/v2\/types\/post"}],"author":[{"embeddable":true,"href":"https:\/\/evertonfc.cz\/index.php\/wp-json\/wp\/v2\/users\/12"}],"replies":[{"embeddable":true,"href":"https:\/\/evertonfc.cz\/index.php\/wp-json\/wp\/v2\/comments?post=3995"}],"version-history":[{"count":3,"href":"https:\/\/evertonfc.cz\/index.php\/wp-json\/wp\/v2\/posts\/3995\/revisions"}],"predecessor-version":[{"id":15273,"href":"https:\/\/evertonfc.cz\/index.php\/wp-json\/wp\/v2\/posts\/3995\/revisions\/15273"}],"wp:featuredmedia":[{"embeddable":true,"href":"https:\/\/evertonfc.cz\/index.php\/wp-json\/wp\/v2\/media\/15272"}],"wp:attachment":[{"href":"https:\/\/evertonfc.cz\/index.php\/wp-json\/wp\/v2\/media?parent=3995"}],"wp:term":[{"taxonomy":"category","embeddable":true,"href":"https:\/\/evertonfc.cz\/index.php\/wp-json\/wp\/v2\/categories?post=3995"},{"taxonomy":"post_tag","embeddable":true,"href":"https:\/\/evertonfc.cz\/index.php\/wp-json\/wp\/v2\/tags?post=3995"}],"curies":[{"name":"wp","href":"https:\/\/api.w.org\/{rel}","templated":true}]}}