{"id":3997,"date":"2011-01-26T18:25:08","date_gmt":"2011-01-26T17:25:08","guid":{"rendered":"http:\/\/evertonfc.cz\/?p=3997"},"modified":"2019-02-12T18:26:20","modified_gmt":"2019-02-12T17:26:20","slug":"vaughan-opet-k-eagles","status":"publish","type":"post","link":"https:\/\/evertonfc.cz\/index.php\/2011\/01\/26\/vaughan-opet-k-eagles\/","title":{"rendered":"Vaughan op\u011bt k Eagles"},"content":{"rendered":"<h4>James Vaughan odch\u00e1z\u00ed podruh\u00e9 b\u011bhem leto\u0161n\u00ed sez\u00f3ny na hostov\u00e1n\u00ed do Crystal Palace. Pro tentokr\u00e1t se u\u017e ale mo\u017en\u00e1 do Evertonu nevr\u00e1t\u00ed, ve smlouv\u011b se toti\u017e nach\u00e1z\u00ed i opce na p\u0159estup.<\/h4>\n<p>Dvaadvacetilet\u00fd \u00fato\u010dn\u00edk na Selhurst Park ji\u017e hostoval na za\u010d\u00e1tku fotbalov\u00e9ho ro\u010dn\u00edku, ze sv\u00e9ho t\u0159\u00edm\u011bs\u00ed\u010dn\u00edho hostov\u00e1n\u00ed v lond\u00fdnsk\u00e9m klubu se vr\u00e1til v polovin\u011b prosince minul\u00e9ho roku. Za Eagles vst\u0159elil p\u011bt branek, p\u0159i\u010dem\u017e dos\u00e1hl i na sv\u016fj prvn\u00ed hattrick v seniorech.<\/p>\n<p>Po n\u00e1vratu na Goodison Park v\u0161ak Vaughan nasko\u010dil jen do jednoho z\u00e1pasu, p\u00e1r minut si z\u00e1hr\u00e1l v Merseyside derby. David Moyes pravd\u011bpodobn\u011b s produktem akademii Toffees u\u017e d\u00e1le nepo\u010d\u00edt\u00e1, a tak povolil i opci na p\u0159estup.<\/p>\n<p>Samotn\u00fd hr\u00e1\u010d je s p\u0159estupem spokojen, jeliko\u017e u sv\u00e9ho (staro)nov\u00e9ho zam\u011bstnavatele se mu dost\u00e1v\u00e1 d\u016fv\u011bry. Na Vaughanovi stav\u011bl b\u00fdval\u00fd mana\u017eer George Burley stejn\u011b jako sou\u010dasn\u00fd kormideln\u00edk Dougie Freedman.<\/p>\n<p><em>\u201eZkompletov\u00e1n\u00ed transferu m\u011b velmi t\u011b\u0161\u00ed, snad se brzy objev\u00edm v tr\u00e9ninku a na h\u0159i\u0161ti. Opravdu se toho nemohu do\u010dkat. Dougie sehr\u00e1l v m\u00e9m p\u0159\u00edchodu podstatnou roli, v pozici mana\u017eer-hr\u00e1\u010d jsme si byli posledn\u011b bl\u00edzc\u00ed. Fanou\u0161ci Palace m\u011b neust\u00e1le podporovali. I kdy\u017e jsem nehr\u00e1l za klubu, po\u0159\u00e1d se mnou byli v kontaktu,\u201c<\/em>\u00a0uvedl Vaughan, jemu\u017e kon\u010d\u00ed smlouva v Evertonu v l\u00e9t\u011b 2012.<\/p>\n","protected":false},"excerpt":{"rendered":"<p>James Vaughan odch\u00e1z\u00ed podruh\u00e9 b\u011bhem leto\u0161n\u00ed sez\u00f3ny na hostov\u00e1n\u00ed do Crystal Palace. Pro tentokr\u00e1t se u\u017e ale mo\u017en\u00e1 do Evertonu&hellip;<\/p>\n","protected":false},"author":6,"featured_media":1316,"comment_status":"open","ping_status":"closed","sticky":false,"template":"","format":"standard","meta":{"_eb_attr":"","_monsterinsights_skip_tracking":false,"_monsterinsights_sitenote_active":false,"_monsterinsights_sitenote_note":"","_monsterinsights_sitenote_category":0,"footnotes":""},"categories":[41],"tags":[],"yoast_head":"<!-- This site is optimized with the Yoast SEO plugin v23.4 - https:\/\/yoast.com\/wordpress\/plugins\/seo\/ -->\n<title>Vaughan op\u011bt k Eagles - Official Czech &amp; Slovak Everton Supporters&#039; Club<\/title>\n<meta name=\"robots\" content=\"index, follow, max-snippet:-1, max-image-preview:large, max-video-preview:-1\" \/>\n<link rel=\"canonical\" href=\"https:\/\/evertonfc.cz\/index.php\/2011\/01\/26\/vaughan-opet-k-eagles\/\" \/>\n<meta property=\"og:locale\" content=\"cs_CZ\" \/>\n<meta property=\"og:type\" content=\"article\" \/>\n<meta property=\"og:title\" content=\"Vaughan op\u011bt k Eagles - Official Czech &amp; Slovak Everton Supporters&#039; Club\" \/>\n<meta property=\"og:description\" content=\"James Vaughan odch\u00e1z\u00ed podruh\u00e9 b\u011bhem leto\u0161n\u00ed sez\u00f3ny na hostov\u00e1n\u00ed do Crystal Palace. Pro tentokr\u00e1t se u\u017e ale mo\u017en\u00e1 do Evertonu&hellip;\" \/>\n<meta property=\"og:url\" content=\"https:\/\/evertonfc.cz\/index.php\/2011\/01\/26\/vaughan-opet-k-eagles\/\" \/>\n<meta property=\"og:site_name\" content=\"Official Czech &amp; Slovak Everton Supporters&#039; Club\" \/>\n<meta property=\"article:publisher\" content=\"https:\/\/www.facebook.com\/everton.fans.cz.sk\" \/>\n<meta property=\"article:published_time\" content=\"2011-01-26T17:25:08+00:00\" \/>\n<meta property=\"article:modified_time\" content=\"2019-02-12T17:26:20+00:00\" \/>\n<meta property=\"og:image\" content=\"https:\/\/evertonfc.cz\/wp-content\/uploads\/2019\/01\/transfer.jpg\" \/>\n\t<meta property=\"og:image:width\" content=\"720\" \/>\n\t<meta property=\"og:image:height\" content=\"405\" \/>\n\t<meta property=\"og:image:type\" content=\"image\/jpeg\" \/>\n<meta name=\"author\" content=\"Ri\u010di\" \/>\n<meta name=\"twitter:card\" content=\"summary_large_image\" \/>\n<meta name=\"twitter:creator\" content=\"@rbrejsa\" \/>\n<meta name=\"twitter:label1\" content=\"Napsal(a)\" \/>\n\t<meta name=\"twitter:data1\" content=\"Ri\u010di\" \/>\n\t<meta name=\"twitter:label2\" content=\"Odhadovan\u00e1 doba \u010dten\u00ed\" \/>\n\t<meta name=\"twitter:data2\" content=\"1 minuta\" \/>\n<script type=\"application\/ld+json\" class=\"yoast-schema-graph\">{\"@context\":\"https:\/\/schema.org\",\"@graph\":[{\"@type\":\"Article\",\"@id\":\"https:\/\/evertonfc.cz\/index.php\/2011\/01\/26\/vaughan-opet-k-eagles\/#article\",\"isPartOf\":{\"@id\":\"https:\/\/evertonfc.cz\/index.php\/2011\/01\/26\/vaughan-opet-k-eagles\/\"},\"author\":{\"name\":\"Ri\u010di\",\"@id\":\"https:\/\/evertonfc.cz\/#\/schema\/person\/f7a5daedb2ffee98480bc70e191aaef1\"},\"headline\":\"Vaughan op\u011bt k Eagles\",\"datePublished\":\"2011-01-26T17:25:08+00:00\",\"dateModified\":\"2019-02-12T17:26:20+00:00\",\"mainEntityOfPage\":{\"@id\":\"https:\/\/evertonfc.cz\/index.php\/2011\/01\/26\/vaughan-opet-k-eagles\/\"},\"wordCount\":270,\"commentCount\":0,\"publisher\":{\"@id\":\"https:\/\/evertonfc.cz\/#organization\"},\"image\":{\"@id\":\"https:\/\/evertonfc.cz\/index.php\/2011\/01\/26\/vaughan-opet-k-eagles\/#primaryimage\"},\"thumbnailUrl\":\"https:\/\/evertonfc.cz\/wp-content\/uploads\/2019\/01\/transfer.jpg\",\"articleSection\":[\"P\u0159estupy\"],\"inLanguage\":\"cs\",\"potentialAction\":[{\"@type\":\"CommentAction\",\"name\":\"Comment\",\"target\":[\"https:\/\/evertonfc.cz\/index.php\/2011\/01\/26\/vaughan-opet-k-eagles\/#respond\"]}]},{\"@type\":\"WebPage\",\"@id\":\"https:\/\/evertonfc.cz\/index.php\/2011\/01\/26\/vaughan-opet-k-eagles\/\",\"url\":\"https:\/\/evertonfc.cz\/index.php\/2011\/01\/26\/vaughan-opet-k-eagles\/\",\"name\":\"Vaughan op\u011bt k Eagles - Official Czech &amp; Slovak Everton Supporters&#039; Club\",\"isPartOf\":{\"@id\":\"https:\/\/evertonfc.cz\/#website\"},\"primaryImageOfPage\":{\"@id\":\"https:\/\/evertonfc.cz\/index.php\/2011\/01\/26\/vaughan-opet-k-eagles\/#primaryimage\"},\"image\":{\"@id\":\"https:\/\/evertonfc.cz\/index.php\/2011\/01\/26\/vaughan-opet-k-eagles\/#primaryimage\"},\"thumbnailUrl\":\"https:\/\/evertonfc.cz\/wp-content\/uploads\/2019\/01\/transfer.jpg\",\"datePublished\":\"2011-01-26T17:25:08+00:00\",\"dateModified\":\"2019-02-12T17:26:20+00:00\",\"breadcrumb\":{\"@id\":\"https:\/\/evertonfc.cz\/index.php\/2011\/01\/26\/vaughan-opet-k-eagles\/#breadcrumb\"},\"inLanguage\":\"cs\",\"potentialAction\":[{\"@type\":\"ReadAction\",\"target\":[\"https:\/\/evertonfc.cz\/index.php\/2011\/01\/26\/vaughan-opet-k-eagles\/\"]}]},{\"@type\":\"ImageObject\",\"inLanguage\":\"cs\",\"@id\":\"https:\/\/evertonfc.cz\/index.php\/2011\/01\/26\/vaughan-opet-k-eagles\/#primaryimage\",\"url\":\"https:\/\/evertonfc.cz\/wp-content\/uploads\/2019\/01\/transfer.jpg\",\"contentUrl\":\"https:\/\/evertonfc.cz\/wp-content\/uploads\/2019\/01\/transfer.jpg\",\"width\":720,\"height\":405},{\"@type\":\"BreadcrumbList\",\"@id\":\"https:\/\/evertonfc.cz\/index.php\/2011\/01\/26\/vaughan-opet-k-eagles\/#breadcrumb\",\"itemListElement\":[{\"@type\":\"ListItem\",\"position\":1,\"name\":\"Home\",\"item\":\"https:\/\/evertonfc.cz\/\"},{\"@type\":\"ListItem\",\"position\":2,\"name\":\"Vaughan op\u011bt k Eagles\"}]},{\"@type\":\"WebSite\",\"@id\":\"https:\/\/evertonfc.cz\/#website\",\"url\":\"https:\/\/evertonfc.cz\/\",\"name\":\"Official Czech &amp; Slovak Everton Supporters&#039; Club\",\"description\":\"\",\"publisher\":{\"@id\":\"https:\/\/evertonfc.cz\/#organization\"},\"potentialAction\":[{\"@type\":\"SearchAction\",\"target\":{\"@type\":\"EntryPoint\",\"urlTemplate\":\"https:\/\/evertonfc.cz\/?s={search_term_string}\"},\"query-input\":{\"@type\":\"PropertyValueSpecification\",\"valueRequired\":true,\"valueName\":\"search_term_string\"}}],\"inLanguage\":\"cs\"},{\"@type\":\"Organization\",\"@id\":\"https:\/\/evertonfc.cz\/#organization\",\"name\":\"Official Czech & Slovak Everton Supporters' Club\",\"url\":\"https:\/\/evertonfc.cz\/\",\"logo\":{\"@type\":\"ImageObject\",\"inLanguage\":\"cs\",\"@id\":\"https:\/\/evertonfc.cz\/#\/schema\/logo\/image\/\",\"url\":\"https:\/\/evertonfc.cz\/wp-content\/uploads\/2019\/05\/logo.png\",\"contentUrl\":\"https:\/\/evertonfc.cz\/wp-content\/uploads\/2019\/05\/logo.png\",\"width\":112,\"height\":112,\"caption\":\"Official Czech & Slovak Everton Supporters' Club\"},\"image\":{\"@id\":\"https:\/\/evertonfc.cz\/#\/schema\/logo\/image\/\"},\"sameAs\":[\"https:\/\/www.facebook.com\/everton.fans.cz.sk\"]},{\"@type\":\"Person\",\"@id\":\"https:\/\/evertonfc.cz\/#\/schema\/person\/f7a5daedb2ffee98480bc70e191aaef1\",\"name\":\"Ri\u010di\",\"sameAs\":[\"https:\/\/x.com\/rbrejsa\"],\"url\":\"https:\/\/evertonfc.cz\/index.php\/author\/rici\/\"}]}<\/script>\n<!-- \/ Yoast SEO plugin. -->","yoast_head_json":{"title":"Vaughan op\u011bt k Eagles - Official Czech &amp; Slovak Everton Supporters&#039; Club","robots":{"index":"index","follow":"follow","max-snippet":"max-snippet:-1","max-image-preview":"max-image-preview:large","max-video-preview":"max-video-preview:-1"},"canonical":"https:\/\/evertonfc.cz\/index.php\/2011\/01\/26\/vaughan-opet-k-eagles\/","og_locale":"cs_CZ","og_type":"article","og_title":"Vaughan op\u011bt k Eagles - Official Czech &amp; Slovak Everton Supporters&#039; Club","og_description":"James Vaughan odch\u00e1z\u00ed podruh\u00e9 b\u011bhem leto\u0161n\u00ed sez\u00f3ny na hostov\u00e1n\u00ed do Crystal Palace. Pro tentokr\u00e1t se u\u017e ale mo\u017en\u00e1 do Evertonu&hellip;","og_url":"https:\/\/evertonfc.cz\/index.php\/2011\/01\/26\/vaughan-opet-k-eagles\/","og_site_name":"Official Czech &amp; Slovak Everton Supporters&#039; Club","article_publisher":"https:\/\/www.facebook.com\/everton.fans.cz.sk","article_published_time":"2011-01-26T17:25:08+00:00","article_modified_time":"2019-02-12T17:26:20+00:00","og_image":[{"width":720,"height":405,"url":"https:\/\/evertonfc.cz\/wp-content\/uploads\/2019\/01\/transfer.jpg","type":"image\/jpeg"}],"author":"Ri\u010di","twitter_card":"summary_large_image","twitter_creator":"@rbrejsa","twitter_misc":{"Napsal(a)":"Ri\u010di","Odhadovan\u00e1 doba \u010dten\u00ed":"1 minuta"},"schema":{"@context":"https:\/\/schema.org","@graph":[{"@type":"Article","@id":"https:\/\/evertonfc.cz\/index.php\/2011\/01\/26\/vaughan-opet-k-eagles\/#article","isPartOf":{"@id":"https:\/\/evertonfc.cz\/index.php\/2011\/01\/26\/vaughan-opet-k-eagles\/"},"author":{"name":"Ri\u010di","@id":"https:\/\/evertonfc.cz\/#\/schema\/person\/f7a5daedb2ffee98480bc70e191aaef1"},"headline":"Vaughan op\u011bt k Eagles","datePublished":"2011-01-26T17:25:08+00:00","dateModified":"2019-02-12T17:26:20+00:00","mainEntityOfPage":{"@id":"https:\/\/evertonfc.cz\/index.php\/2011\/01\/26\/vaughan-opet-k-eagles\/"},"wordCount":270,"commentCount":0,"publisher":{"@id":"https:\/\/evertonfc.cz\/#organization"},"image":{"@id":"https:\/\/evertonfc.cz\/index.php\/2011\/01\/26\/vaughan-opet-k-eagles\/#primaryimage"},"thumbnailUrl":"https:\/\/evertonfc.cz\/wp-content\/uploads\/2019\/01\/transfer.jpg","articleSection":["P\u0159estupy"],"inLanguage":"cs","potentialAction":[{"@type":"CommentAction","name":"Comment","target":["https:\/\/evertonfc.cz\/index.php\/2011\/01\/26\/vaughan-opet-k-eagles\/#respond"]}]},{"@type":"WebPage","@id":"https:\/\/evertonfc.cz\/index.php\/2011\/01\/26\/vaughan-opet-k-eagles\/","url":"https:\/\/evertonfc.cz\/index.php\/2011\/01\/26\/vaughan-opet-k-eagles\/","name":"Vaughan op\u011bt k Eagles - Official Czech &amp; Slovak Everton Supporters&#039; Club","isPartOf":{"@id":"https:\/\/evertonfc.cz\/#website"},"primaryImageOfPage":{"@id":"https:\/\/evertonfc.cz\/index.php\/2011\/01\/26\/vaughan-opet-k-eagles\/#primaryimage"},"image":{"@id":"https:\/\/evertonfc.cz\/index.php\/2011\/01\/26\/vaughan-opet-k-eagles\/#primaryimage"},"thumbnailUrl":"https:\/\/evertonfc.cz\/wp-content\/uploads\/2019\/01\/transfer.jpg","datePublished":"2011-01-26T17:25:08+00:00","dateModified":"2019-02-12T17:26:20+00:00","breadcrumb":{"@id":"https:\/\/evertonfc.cz\/index.php\/2011\/01\/26\/vaughan-opet-k-eagles\/#breadcrumb"},"inLanguage":"cs","potentialAction":[{"@type":"ReadAction","target":["https:\/\/evertonfc.cz\/index.php\/2011\/01\/26\/vaughan-opet-k-eagles\/"]}]},{"@type":"ImageObject","inLanguage":"cs","@id":"https:\/\/evertonfc.cz\/index.php\/2011\/01\/26\/vaughan-opet-k-eagles\/#primaryimage","url":"https:\/\/evertonfc.cz\/wp-content\/uploads\/2019\/01\/transfer.jpg","contentUrl":"https:\/\/evertonfc.cz\/wp-content\/uploads\/2019\/01\/transfer.jpg","width":720,"height":405},{"@type":"BreadcrumbList","@id":"https:\/\/evertonfc.cz\/index.php\/2011\/01\/26\/vaughan-opet-k-eagles\/#breadcrumb","itemListElement":[{"@type":"ListItem","position":1,"name":"Home","item":"https:\/\/evertonfc.cz\/"},{"@type":"ListItem","position":2,"name":"Vaughan op\u011bt k Eagles"}]},{"@type":"WebSite","@id":"https:\/\/evertonfc.cz\/#website","url":"https:\/\/evertonfc.cz\/","name":"Official Czech &amp; Slovak Everton Supporters&#039; Club","description":"","publisher":{"@id":"https:\/\/evertonfc.cz\/#organization"},"potentialAction":[{"@type":"SearchAction","target":{"@type":"EntryPoint","urlTemplate":"https:\/\/evertonfc.cz\/?s={search_term_string}"},"query-input":{"@type":"PropertyValueSpecification","valueRequired":true,"valueName":"search_term_string"}}],"inLanguage":"cs"},{"@type":"Organization","@id":"https:\/\/evertonfc.cz\/#organization","name":"Official Czech & Slovak Everton Supporters' Club","url":"https:\/\/evertonfc.cz\/","logo":{"@type":"ImageObject","inLanguage":"cs","@id":"https:\/\/evertonfc.cz\/#\/schema\/logo\/image\/","url":"https:\/\/evertonfc.cz\/wp-content\/uploads\/2019\/05\/logo.png","contentUrl":"https:\/\/evertonfc.cz\/wp-content\/uploads\/2019\/05\/logo.png","width":112,"height":112,"caption":"Official Czech & Slovak Everton Supporters' Club"},"image":{"@id":"https:\/\/evertonfc.cz\/#\/schema\/logo\/image\/"},"sameAs":["https:\/\/www.facebook.com\/everton.fans.cz.sk"]},{"@type":"Person","@id":"https:\/\/evertonfc.cz\/#\/schema\/person\/f7a5daedb2ffee98480bc70e191aaef1","name":"Ri\u010di","sameAs":["https:\/\/x.com\/rbrejsa"],"url":"https:\/\/evertonfc.cz\/index.php\/author\/rici\/"}]}},"_links":{"self":[{"href":"https:\/\/evertonfc.cz\/index.php\/wp-json\/wp\/v2\/posts\/3997"}],"collection":[{"href":"https:\/\/evertonfc.cz\/index.php\/wp-json\/wp\/v2\/posts"}],"about":[{"href":"https:\/\/evertonfc.cz\/index.php\/wp-json\/wp\/v2\/types\/post"}],"author":[{"embeddable":true,"href":"https:\/\/evertonfc.cz\/index.php\/wp-json\/wp\/v2\/users\/6"}],"replies":[{"embeddable":true,"href":"https:\/\/evertonfc.cz\/index.php\/wp-json\/wp\/v2\/comments?post=3997"}],"version-history":[{"count":1,"href":"https:\/\/evertonfc.cz\/index.php\/wp-json\/wp\/v2\/posts\/3997\/revisions"}],"predecessor-version":[{"id":4000,"href":"https:\/\/evertonfc.cz\/index.php\/wp-json\/wp\/v2\/posts\/3997\/revisions\/4000"}],"wp:featuredmedia":[{"embeddable":true,"href":"https:\/\/evertonfc.cz\/index.php\/wp-json\/wp\/v2\/media\/1316"}],"wp:attachment":[{"href":"https:\/\/evertonfc.cz\/index.php\/wp-json\/wp\/v2\/media?parent=3997"}],"wp:term":[{"taxonomy":"category","embeddable":true,"href":"https:\/\/evertonfc.cz\/index.php\/wp-json\/wp\/v2\/categories?post=3997"},{"taxonomy":"post_tag","embeddable":true,"href":"https:\/\/evertonfc.cz\/index.php\/wp-json\/wp\/v2\/tags?post=3997"}],"curies":[{"name":"wp","href":"https:\/\/api.w.org\/{rel}","templated":true}]}}