{"id":3999,"date":"2015-11-01T18:25:28","date_gmt":"2015-11-01T17:25:28","guid":{"rendered":"http:\/\/evertonfc.cz\/?p=3999"},"modified":"2019-02-12T18:26:35","modified_gmt":"2019-02-12T17:26:35","slug":"everton-sunderland-62","status":"publish","type":"post","link":"https:\/\/evertonfc.cz\/index.php\/2015\/11\/01\/everton-sunderland-62\/","title":{"rendered":"Everton &#8211; Sunderland 6:2"},"content":{"rendered":"<h4 id=\"NewsPostDetailSummary\">Nejlep\u0161\u00ed z\u00e1pas Kon\u00e9ho v dresu Evertonu (hat-trick a p\u0159ihr\u00e1vka) &#8211; Barry sm\u011brem dop\u0159edu v prvn\u00ed p\u016fli nezvykle \u00fato\u010dn\u00fd a m\u011bl pod\u00edl na druh\u00e9 brance &#8211; Deulofeu pokra\u010duje v s\u00e9rii g\u00f3lov\u00fdch p\u0159ihr\u00e1vek<\/h4>\n<div id=\"NewsPostDetailContent\">\n<p>Kapit\u00e1nem p\u0159i Jagielkov\u011b a Osmanov\u011b absenci je Barry, kter\u00fd dostal nov\u00e9ho par\u0165\u00e1ka za sebe &#8211; na lev\u00e9 obran\u011b nastoupil Oviedo. Galloway tak usedl na lavi\u010dku a naopak vpravo nastoupil ne\u010dekan\u011b Coleman. Everton hr\u00e1l v podstat\u011b 4-4-2, Lukaka na hrotu doplnil Kon\u00e9. Sunderland hodn\u011b p\u0159ekopal obranu, Rodwell byl mezi n\u00e1hradn\u00edky. Utk\u00e1n\u00ed za\u010dalo minutou ticha za ob\u011bti p\u0159edev\u0161\u00edm prvn\u00ed sv\u011btov\u00e9 v\u00e1lky. Obvykl\u00e9 vl\u010d\u00ed m\u00e1ky m\u011bli hr\u00e1\u010di na dresech.<\/p>\n<p>A host\u00e9 za\u010dali zostra &#8211; Fletcher vysunul van Aanholta a jeho st\u0159ela trefila ty\u010d. V p\u00e1t\u00e9 minut\u011b si vyslechl tam naho\u0159e Howard Kendall potlesk vestoje, p\u0159idali se i fanou\u0161ci host\u016f, co\u017e je od nich p\u011bkn\u00e9 gesto. Za Everton odpov\u011bd\u011bl \u0161our\u00e1kem zpoza v\u00e1pna Lukaku, ale tohle kdyby Pantilimon pustil, tak by musel ukon\u010dit kari\u00e9ru. O chvilku pozd\u011bji m\u00ed\u0159il ze stejn\u00e9 vzd\u00e1lenosti metr vedle Barkley. N\u011bkolik dal\u0161\u00edch slibn\u011b se rozv\u00edjej\u00edc\u00edch akc\u00ed na obou stran\u00e1ch bylo zazd\u011bno \u0161patn\u00fdmi p\u0159ihr\u00e1vkami na k\u0159\u00eddlo. Ve 13. minut\u011b p\u0159edvedla p\u011bknou akci na jeden dotek trojice Coleman-Lukaku-McCarthy, ale Pantilimon byl u m\u00ed\u010de d\u0159\u00edve ne\u017e posledn\u011b jmenovan\u00fd. A m\u00e1lem za to bylo zaplaceno. Van Aanholt vystihl Barkleyho rozehr\u00e1vku, neatakovan\u00fd p\u0159eb\u011bhl p\u016fl h\u0159i\u0161t\u011b a p\u0159ihr\u00e1l Defoeovi, jeho\u017e st\u0159elu vykopl nohou Howard a n\u00e1slednou dor\u00e1\u017eku nap\u00e1lil Johnson do ty\u010de. M\u00ed\u010d se odrazil k Fletcherovi a jeho st\u0159ela byla zblokov\u00e1na Colemanem. N\u00e1sledn\u011b dostal Defoe \u017elutou kartu po faulu na Stonese.<\/p>\n<p>N\u00e1sledovalo ned\u00e1\u0161-dostane\u0161 v praxi. V\u00fdkop brank\u00e1\u0159e host\u016f byl Morim sklepnut ke Kon\u00e9mu, ten uvid\u011bl za obranou zcela voln\u00e9ho Deulofeua. \u0160pan\u011bl si navedl m\u00ed\u010d do st\u0159edu h\u0159i\u0161t\u011b a zbl\u00edzka po zemi prost\u0159elil brank\u00e1\u0159e, kter\u00e9mu zahr\u00e1l na housle &#8211; <strong>1:0! <\/strong>Dal\u0161\u00ed akci vpravo po dal\u0161\u00ed dlouh\u00e9 p\u0159ihr\u00e1vce, tentokr\u00e1t od Barryho, vedl op\u011bt Deulofeu, jeho p\u0159eta\u017een\u00fd centr se po Lukakov\u011b \u0161patn\u00e9 p\u0159ihr\u00e1vce dostal zp\u011bt ke kapit\u00e1novi a ten st\u0159elou zpoza v\u00e1pna trefil jen p\u0159ek\u00e1\u017eej\u00edc\u00edho Kon\u00e9ho.. Pak host\u00e9 zblokovali st\u0159elu Colemana.<\/p>\n<p>Oviedo pak prok\u00e1zal, \u017ee je opravdu ze skla a musel ve 24. minut\u011b st\u0159\u00eddat, proto\u017ee ho za\u010dal tahat zadn\u00ed stehenn\u00ed sval. Galloway si tedy zahr\u00e1l polo\u010das a p\u016fl. Host\u00e9 pak za\u010dali \u00fato\u010dit, st\u0159elu Defoea zblokoval Barry a Howard vyrazil na roh st\u0159elu Johnsona. Sunderland \u00fato\u010dil, Everton d\u00e1val g\u00f3ly. Kon\u00e9 si narazil s Lukakem a pak leva\u010dkou poslal m\u00ed\u010d asi z patn\u00e1cti metr\u016f pod b\u0159evno &#8211; <strong>2:0! <\/strong><\/p>\n<p>Pot\u00e9 si Cattermole \u0159ekl, \u017ee Sunderland srovn\u00e1 aspo\u0148 po\u010det st\u0159\u00edd\u00e1n\u00ed v prvn\u00ed p\u016fli, tak\u017ee zran\u011bn\u00fd uvolnil m\u00edsto Rodwellovi. \u00dato\u010dn\u00e9 snahy dom\u00e1c\u00edch pro prvn\u00ed p\u016fli skon\u010dily ve 42. minut\u011b st\u0159elou Lukaka zpoza v\u00e1pna do st\u0159edu br\u00e1ny, Pantilimon bez probl\u00e9m\u016f kryl. T\u00e9to st\u0159ele p\u0159edch\u00e1zel faul Coatese na dnes vynikaj\u00edc\u00edho Kon\u00e9ho. Jen\u017ee Sunderland se p\u0159ece jen do konce polo\u010dasu trefil. N\u00e1kop Coatese \u00a0 se po chyb\u011b Stonese dostal k Defoeovi a tomu se poda\u0159ilo prost\u0159elil Howarda ke vzd\u00e1len\u011bj\u0161\u00ed ty\u010di, kdy\u017e m\u00ed\u010d je\u0161t\u011b te\u010doval Stones &#8211; <strong>2:1.<\/strong> Je\u0161t\u011b p\u0159edt\u00edm vyst\u0159elil Fletcher p\u0159ibli\u017en\u011b z \u00farovn\u011b penalty p\u0159\u00edmo do Howarda.<\/p>\n<p>O polo\u010dase byly na h\u0159i\u0161ti rodin\u011b Howarda Kendalla p\u0159ed\u00e1ny kv\u011btiny a fanou\u0161ci jim zatleskali.<\/p>\n<p>Na za\u010d\u00e1tku druh\u00e9ho polo\u010dasu bylo rychle srovn\u00e1no. Coleman nezachytil n\u00e1b\u011bh Defoea, p\u0159ihr\u00e1l van Aanholtovi, pomoc nep\u0159i\u0161la (no, Deulofeu se celkov\u011b moc nevrac\u00ed) a po jeho centru Fletcher p\u0159esko\u010dil na mal\u00e9m v\u00e1pn\u011b Moriho &#8211; <strong>2:2<\/strong>. Stones kr\u00e1tce pot\u00e9 z frustrace fauloval M\u00b4Vilu a vid\u011bl \u017elutou kartu. Druhou dostal o minutu pozd\u011bji Deulofeu za nafilmovan\u00fd p\u00e1d ve v\u00e1pn\u011b soupe\u0159e.<\/p>\n<p>Kon\u00e9 n\u00e1sledn\u011b vyst\u0159elil t\u011bsn\u011b vedle, z dal\u0161\u00ed akce uk\u00e1zal Deulofeu, \u017ee centry mu jdou nejl\u00e9pe. Jeho p\u0159ihr\u00e1vku na mal\u00e9 v\u00e1pno zprava si srazil do vlastn\u00ed br\u00e1ny p\u0159ed dot\u00edraj\u00edc\u00edm Lukakem Coates, b\u00fdval\u00fd hr\u00e1\u010d RS &#8211; <strong>3:2! <\/strong>Se \u017elut\u00fdmi kartami se roztrhl pytel, po brance ji dostal dnes ji\u017e sunderlandsk\u00fd Rodwell. Dal\u0161\u00ed branka Evertonu byla uk\u00e1zkou toho, \u017ee kdy\u017e ztrat\u00edte m\u00ed\u010d p\u0159ed v\u00e1pnem soupe\u0159e, tak byste se m\u011bli rychle vracet. Geni\u00e1ln\u00ed p\u0159ihr\u00e1vka Deulofeua z vlastn\u00ed p\u016flky na Lukaka vy\u0159adila ze hry Browna, belgick\u00fd \u00fato\u010dn\u00edk ud\u011blal kli\u010dku Pantilimonovi a trefit pr\u00e1zdnou branku pro n\u011bj nen\u00ed probl\u00e9m &#8211; <strong>4:2! <\/strong>Z dal\u0161\u00edho \u00fatoku dal\u0161\u00ed branka &#8211; M\u00b4Vila ztratil m\u00ed\u010d a Evertonu se poda\u0159ilo spr\u00e1vn\u011b vy\u0159e\u0161it p\u0159e\u010d\u00edslen\u00ed t\u0159i na dva, po p\u0159ihr\u00e1vk\u00e1ch Barkleyho a McCarthyho se dostal k m\u00ed\u010di Kon\u00e9 a ten by dnes dal branku snad i z vlastn\u00ed poloviny. Tentokr\u00e1t jeho st\u0159ela na\u0161la vzd\u00e1len\u011bj\u0161\u00ed \u0161ibenici &#8211; <strong>5:2!<\/strong><\/p>\n<p>Pak se u\u017e za\u010dalo st\u0159\u00eddat, Deulofeu ud\u011blal dnes t\u0159i kanadsk\u00e9 body a nastoupil m\u00edsto n\u011bj Mirallas. V dresu host\u00ed Yedlina nahradil Larsson. Pot\u00e9 se u\u017e hra uklidnila, ale t\u0159eba Mirallas m\u011bl d\u00e1t dal\u0161\u00edho, le\u010d i to obejit\u00ed brank\u00e1\u0159e se mus\u00ed um\u011bt. Brank\u00e1\u0159 host\u016f ho dob\u0159e vytla\u010dil. To je\u0161t\u011b nebylo v\u0161e &#8211; Kon\u00e9 si dnes opravdu vzal kopa\u010dky strelky a pro sv\u016fj hat-trick si do\u0161el, respektive dosko\u010dil. Lukaku zprava centruje levou nohou \u0161ajtl\u00ed, Kon\u00e9 utekl Coatesovi a s\u00e1m p\u0159ed Pantilimonem hlavi\u010dku k ty\u010di prom\u011bnil &#8211; <strong>6:2! <\/strong>Hned po brance Osman vyst\u0159\u00eddal Lukaka a je\u0161t\u011b p\u0159ed n\u00ed v dresu host\u00ed Fletchera Watmore. V 82. minut\u011b pr\u00e1v\u011b Watmore hezky pro\u0161el po lev\u00e9 stran\u011b a p\u0159ihr\u00e1l Larssonovi, ale ten neprost\u0159elil obranu Evertonu, konkr\u00e9tn\u011b ho zblokoval Stones. Watmore op\u011bt zazlobil o minutu pozd\u011bji, Stones byl r\u00e1d, \u017ee m\u00ed\u010d odkopl na roh.<\/p>\n<p>Sunderland se evidentn\u011b sna\u017eil d\u00e1t aspo\u0148 t\u0159et\u00ed g\u00f3l, dom\u00e1c\u00ed u\u017e nehr\u00e1li naplno, tak pou\u0161t\u011bli hosty do nebezpe\u010dn\u00fdch situac\u00ed. P\u0159ihr\u00e1vka Johnsona zprava jen prolet\u011bla velk\u00fdm v\u00e1pnem. Mirallas n\u00e1sledn\u011b poslal sv\u016fj obst\u0159el ke vzd\u00e1len\u011bj\u0161\u00ed ty\u010di t\u011bsn\u011b vedle n\u00ed. Do dal\u0161\u00ed \u0161ance se op\u011bt dostal Watmore, ale \u0161anci &#8222;jdu s\u00e1m na brank\u00e1\u0159e&#8220; v g\u00f3l neprom\u011bnil, Howard z\u016fstal st\u00e1t a m\u00ed\u010d vyrazil. Defoe v posledn\u00ed minut\u011b vypr\u00e1\u0161il rukavice Howardovi, ten m\u00ed\u010d vyrazil na roh. Je\u0161t\u011b mus\u00edm zm\u00ednit \u017elutou kartu pro Gallowaye, kterou dostal v posledn\u00ed minut\u011b. Posledn\u00ed st\u0159elu Sunderlandu obstaral van Aanholt, ale neprost\u0159elil op\u011bt Stonese.<\/p>\n<p>Everton tak po skv\u011bl\u00e9m \u00fato\u010dn\u00e9m v\u00fdkonu Sunderland vyklepl a ud\u011blil mu lekci z \u00fato\u010dn\u00e9 efektivity. Kdo v\u00ed, jak by se utk\u00e1n\u00ed vyv\u00edjelo, pokud by aspo\u0148 jedna ze dvou st\u0159el host\u00ed do ty\u010de je\u0161t\u011b za stavu 0:0 skon\u010dila brankou.. Nejlep\u0161\u00ed trojice v dresu Evertonu byla nejsp\u00ed\u0161 Barry, Deulofeu a Kon\u00e9 (autor hat-tricku, dokonce hlavou, pravou a levou nohou).<\/p>\n<p><strong>Branky:<\/strong> 31., 62. a 76. Arouna Kon\u00e9, 19. Gerard Deulofeu, 55. Sebasti\u00e1n Coates (vl.) 60. Romelu Lukaku &#8211; 45+4. Jermain Defoe, 50. Steven Fletcher<br \/>\n<strong>\u017dK: <\/strong>53. John Stones, 54. Gerard Deulofeu, 90+1. Brendan Galloway &#8211; 18. Jermain Defoe, 58. Jack Rodwell<br \/>\n<strong>Everton FC:<\/strong> Tim Howard, S\u00e9amus Coleman, John Stones, Ramiro Funes Mori, Bryan Oviedo (25. Brendan Galloway), James McCarthy, Gareth Barry, Ross Barkley, Gerard Deulofeu (65. Kevin Mirallas), Arouna Kon\u00e9, Romelu Lukaku (78. Leon Osman)<br \/>\n<strong>Sunderland AFC:<\/strong> Costel Pantilimon, Sebasti\u00e1n Coates, Wes Brown, Billy Jones, DeAndre Yedlin (64. Sebastian Larsson), Patrick van Aanholt, Lee Cattermole (38. Jack Rodwell), Yann M&#8217;Vila, Adam Johnson, Jermain Defoe, Steven Fletcher (75. Duncan Watmore)<br \/>\n<strong>Rozhod\u010d\u00ed:<\/strong> Andre Marriner<br \/>\n<strong>Div\u00e1ci: <\/strong>36 617<\/p>\n<\/div>\n","protected":false},"excerpt":{"rendered":"<p>Nejlep\u0161\u00ed z\u00e1pas Kon\u00e9ho v dresu Evertonu (hat-trick a p\u0159ihr\u00e1vka) &#8211; Barry sm\u011brem dop\u0159edu v prvn\u00ed p\u016fli nezvykle \u00fato\u010dn\u00fd a m\u011bl&hellip;<\/p>\n","protected":false},"author":12,"featured_media":1315,"comment_status":"open","ping_status":"closed","sticky":false,"template":"","format":"standard","meta":{"_eb_attr":"","_monsterinsights_skip_tracking":false,"_monsterinsights_sitenote_active":false,"_monsterinsights_sitenote_note":"","_monsterinsights_sitenote_category":0,"footnotes":""},"categories":[4],"tags":[],"yoast_head":"<!-- This site is optimized with the Yoast SEO plugin v23.4 - https:\/\/yoast.com\/wordpress\/plugins\/seo\/ -->\n<title>Everton - Sunderland 6:2 - Official Czech &amp; Slovak Everton Supporters&#039; Club<\/title>\n<meta name=\"robots\" content=\"index, follow, max-snippet:-1, max-image-preview:large, max-video-preview:-1\" \/>\n<link rel=\"canonical\" href=\"https:\/\/evertonfc.cz\/index.php\/2015\/11\/01\/everton-sunderland-62\/\" \/>\n<meta property=\"og:locale\" content=\"cs_CZ\" \/>\n<meta property=\"og:type\" content=\"article\" \/>\n<meta property=\"og:title\" content=\"Everton - Sunderland 6:2 - Official Czech &amp; Slovak Everton Supporters&#039; Club\" \/>\n<meta property=\"og:description\" content=\"Nejlep\u0161\u00ed z\u00e1pas Kon\u00e9ho v dresu Evertonu (hat-trick a p\u0159ihr\u00e1vka) &#8211; Barry sm\u011brem dop\u0159edu v prvn\u00ed p\u016fli nezvykle \u00fato\u010dn\u00fd a m\u011bl&hellip;\" \/>\n<meta property=\"og:url\" content=\"https:\/\/evertonfc.cz\/index.php\/2015\/11\/01\/everton-sunderland-62\/\" \/>\n<meta property=\"og:site_name\" content=\"Official Czech &amp; Slovak Everton Supporters&#039; Club\" \/>\n<meta property=\"article:publisher\" content=\"https:\/\/www.facebook.com\/everton.fans.cz.sk\" \/>\n<meta property=\"article:published_time\" content=\"2015-11-01T17:25:28+00:00\" \/>\n<meta property=\"article:modified_time\" content=\"2019-02-12T17:26:35+00:00\" \/>\n<meta property=\"og:image\" content=\"https:\/\/evertonfc.cz\/wp-content\/uploads\/2019\/01\/report.jpg\" \/>\n\t<meta property=\"og:image:width\" content=\"720\" \/>\n\t<meta property=\"og:image:height\" content=\"405\" \/>\n\t<meta property=\"og:image:type\" content=\"image\/jpeg\" \/>\n<meta name=\"author\" content=\"Javor\" \/>\n<meta name=\"twitter:card\" content=\"summary_large_image\" \/>\n<meta name=\"twitter:creator\" content=\"@LoudinJan\" \/>\n<meta name=\"twitter:label1\" content=\"Napsal(a)\" \/>\n\t<meta name=\"twitter:data1\" content=\"Javor\" \/>\n\t<meta name=\"twitter:label2\" content=\"Odhadovan\u00e1 doba \u010dten\u00ed\" \/>\n\t<meta name=\"twitter:data2\" content=\"7 minut\" \/>\n<script type=\"application\/ld+json\" class=\"yoast-schema-graph\">{\"@context\":\"https:\/\/schema.org\",\"@graph\":[{\"@type\":\"Article\",\"@id\":\"https:\/\/evertonfc.cz\/index.php\/2015\/11\/01\/everton-sunderland-62\/#article\",\"isPartOf\":{\"@id\":\"https:\/\/evertonfc.cz\/index.php\/2015\/11\/01\/everton-sunderland-62\/\"},\"author\":{\"name\":\"Javor\",\"@id\":\"https:\/\/evertonfc.cz\/#\/schema\/person\/b30daf6a5852f4811f8207a17ec1bf78\"},\"headline\":\"Everton &#8211; Sunderland 6:2\",\"datePublished\":\"2015-11-01T17:25:28+00:00\",\"dateModified\":\"2019-02-12T17:26:35+00:00\",\"mainEntityOfPage\":{\"@id\":\"https:\/\/evertonfc.cz\/index.php\/2015\/11\/01\/everton-sunderland-62\/\"},\"wordCount\":1411,\"commentCount\":0,\"publisher\":{\"@id\":\"https:\/\/evertonfc.cz\/#organization\"},\"image\":{\"@id\":\"https:\/\/evertonfc.cz\/index.php\/2015\/11\/01\/everton-sunderland-62\/#primaryimage\"},\"thumbnailUrl\":\"https:\/\/evertonfc.cz\/wp-content\/uploads\/2019\/01\/report.jpg\",\"articleSection\":[\"Z\u00e1pasy\"],\"inLanguage\":\"cs\",\"potentialAction\":[{\"@type\":\"CommentAction\",\"name\":\"Comment\",\"target\":[\"https:\/\/evertonfc.cz\/index.php\/2015\/11\/01\/everton-sunderland-62\/#respond\"]}]},{\"@type\":\"WebPage\",\"@id\":\"https:\/\/evertonfc.cz\/index.php\/2015\/11\/01\/everton-sunderland-62\/\",\"url\":\"https:\/\/evertonfc.cz\/index.php\/2015\/11\/01\/everton-sunderland-62\/\",\"name\":\"Everton - Sunderland 6:2 - Official Czech &amp; Slovak Everton Supporters&#039; Club\",\"isPartOf\":{\"@id\":\"https:\/\/evertonfc.cz\/#website\"},\"primaryImageOfPage\":{\"@id\":\"https:\/\/evertonfc.cz\/index.php\/2015\/11\/01\/everton-sunderland-62\/#primaryimage\"},\"image\":{\"@id\":\"https:\/\/evertonfc.cz\/index.php\/2015\/11\/01\/everton-sunderland-62\/#primaryimage\"},\"thumbnailUrl\":\"https:\/\/evertonfc.cz\/wp-content\/uploads\/2019\/01\/report.jpg\",\"datePublished\":\"2015-11-01T17:25:28+00:00\",\"dateModified\":\"2019-02-12T17:26:35+00:00\",\"breadcrumb\":{\"@id\":\"https:\/\/evertonfc.cz\/index.php\/2015\/11\/01\/everton-sunderland-62\/#breadcrumb\"},\"inLanguage\":\"cs\",\"potentialAction\":[{\"@type\":\"ReadAction\",\"target\":[\"https:\/\/evertonfc.cz\/index.php\/2015\/11\/01\/everton-sunderland-62\/\"]}]},{\"@type\":\"ImageObject\",\"inLanguage\":\"cs\",\"@id\":\"https:\/\/evertonfc.cz\/index.php\/2015\/11\/01\/everton-sunderland-62\/#primaryimage\",\"url\":\"https:\/\/evertonfc.cz\/wp-content\/uploads\/2019\/01\/report.jpg\",\"contentUrl\":\"https:\/\/evertonfc.cz\/wp-content\/uploads\/2019\/01\/report.jpg\",\"width\":720,\"height\":405},{\"@type\":\"BreadcrumbList\",\"@id\":\"https:\/\/evertonfc.cz\/index.php\/2015\/11\/01\/everton-sunderland-62\/#breadcrumb\",\"itemListElement\":[{\"@type\":\"ListItem\",\"position\":1,\"name\":\"Home\",\"item\":\"https:\/\/evertonfc.cz\/\"},{\"@type\":\"ListItem\",\"position\":2,\"name\":\"Everton &#8211; Sunderland 6:2\"}]},{\"@type\":\"WebSite\",\"@id\":\"https:\/\/evertonfc.cz\/#website\",\"url\":\"https:\/\/evertonfc.cz\/\",\"name\":\"Official Czech &amp; Slovak Everton Supporters&#039; Club\",\"description\":\"\",\"publisher\":{\"@id\":\"https:\/\/evertonfc.cz\/#organization\"},\"potentialAction\":[{\"@type\":\"SearchAction\",\"target\":{\"@type\":\"EntryPoint\",\"urlTemplate\":\"https:\/\/evertonfc.cz\/?s={search_term_string}\"},\"query-input\":{\"@type\":\"PropertyValueSpecification\",\"valueRequired\":true,\"valueName\":\"search_term_string\"}}],\"inLanguage\":\"cs\"},{\"@type\":\"Organization\",\"@id\":\"https:\/\/evertonfc.cz\/#organization\",\"name\":\"Official Czech & Slovak Everton Supporters' Club\",\"url\":\"https:\/\/evertonfc.cz\/\",\"logo\":{\"@type\":\"ImageObject\",\"inLanguage\":\"cs\",\"@id\":\"https:\/\/evertonfc.cz\/#\/schema\/logo\/image\/\",\"url\":\"https:\/\/evertonfc.cz\/wp-content\/uploads\/2019\/05\/logo.png\",\"contentUrl\":\"https:\/\/evertonfc.cz\/wp-content\/uploads\/2019\/05\/logo.png\",\"width\":112,\"height\":112,\"caption\":\"Official Czech & Slovak Everton Supporters' Club\"},\"image\":{\"@id\":\"https:\/\/evertonfc.cz\/#\/schema\/logo\/image\/\"},\"sameAs\":[\"https:\/\/www.facebook.com\/everton.fans.cz.sk\"]},{\"@type\":\"Person\",\"@id\":\"https:\/\/evertonfc.cz\/#\/schema\/person\/b30daf6a5852f4811f8207a17ec1bf78\",\"name\":\"Javor\",\"sameAs\":[\"https:\/\/x.com\/LoudinJan\"],\"url\":\"https:\/\/evertonfc.cz\/index.php\/author\/javor\/\"}]}<\/script>\n<!-- \/ Yoast SEO plugin. -->","yoast_head_json":{"title":"Everton - Sunderland 6:2 - Official Czech &amp; Slovak Everton Supporters&#039; Club","robots":{"index":"index","follow":"follow","max-snippet":"max-snippet:-1","max-image-preview":"max-image-preview:large","max-video-preview":"max-video-preview:-1"},"canonical":"https:\/\/evertonfc.cz\/index.php\/2015\/11\/01\/everton-sunderland-62\/","og_locale":"cs_CZ","og_type":"article","og_title":"Everton - Sunderland 6:2 - Official Czech &amp; Slovak Everton Supporters&#039; Club","og_description":"Nejlep\u0161\u00ed z\u00e1pas Kon\u00e9ho v dresu Evertonu (hat-trick a p\u0159ihr\u00e1vka) &#8211; Barry sm\u011brem dop\u0159edu v prvn\u00ed p\u016fli nezvykle \u00fato\u010dn\u00fd a m\u011bl&hellip;","og_url":"https:\/\/evertonfc.cz\/index.php\/2015\/11\/01\/everton-sunderland-62\/","og_site_name":"Official Czech &amp; Slovak Everton Supporters&#039; Club","article_publisher":"https:\/\/www.facebook.com\/everton.fans.cz.sk","article_published_time":"2015-11-01T17:25:28+00:00","article_modified_time":"2019-02-12T17:26:35+00:00","og_image":[{"width":720,"height":405,"url":"https:\/\/evertonfc.cz\/wp-content\/uploads\/2019\/01\/report.jpg","type":"image\/jpeg"}],"author":"Javor","twitter_card":"summary_large_image","twitter_creator":"@LoudinJan","twitter_misc":{"Napsal(a)":"Javor","Odhadovan\u00e1 doba \u010dten\u00ed":"7 minut"},"schema":{"@context":"https:\/\/schema.org","@graph":[{"@type":"Article","@id":"https:\/\/evertonfc.cz\/index.php\/2015\/11\/01\/everton-sunderland-62\/#article","isPartOf":{"@id":"https:\/\/evertonfc.cz\/index.php\/2015\/11\/01\/everton-sunderland-62\/"},"author":{"name":"Javor","@id":"https:\/\/evertonfc.cz\/#\/schema\/person\/b30daf6a5852f4811f8207a17ec1bf78"},"headline":"Everton &#8211; Sunderland 6:2","datePublished":"2015-11-01T17:25:28+00:00","dateModified":"2019-02-12T17:26:35+00:00","mainEntityOfPage":{"@id":"https:\/\/evertonfc.cz\/index.php\/2015\/11\/01\/everton-sunderland-62\/"},"wordCount":1411,"commentCount":0,"publisher":{"@id":"https:\/\/evertonfc.cz\/#organization"},"image":{"@id":"https:\/\/evertonfc.cz\/index.php\/2015\/11\/01\/everton-sunderland-62\/#primaryimage"},"thumbnailUrl":"https:\/\/evertonfc.cz\/wp-content\/uploads\/2019\/01\/report.jpg","articleSection":["Z\u00e1pasy"],"inLanguage":"cs","potentialAction":[{"@type":"CommentAction","name":"Comment","target":["https:\/\/evertonfc.cz\/index.php\/2015\/11\/01\/everton-sunderland-62\/#respond"]}]},{"@type":"WebPage","@id":"https:\/\/evertonfc.cz\/index.php\/2015\/11\/01\/everton-sunderland-62\/","url":"https:\/\/evertonfc.cz\/index.php\/2015\/11\/01\/everton-sunderland-62\/","name":"Everton - Sunderland 6:2 - Official Czech &amp; Slovak Everton Supporters&#039; Club","isPartOf":{"@id":"https:\/\/evertonfc.cz\/#website"},"primaryImageOfPage":{"@id":"https:\/\/evertonfc.cz\/index.php\/2015\/11\/01\/everton-sunderland-62\/#primaryimage"},"image":{"@id":"https:\/\/evertonfc.cz\/index.php\/2015\/11\/01\/everton-sunderland-62\/#primaryimage"},"thumbnailUrl":"https:\/\/evertonfc.cz\/wp-content\/uploads\/2019\/01\/report.jpg","datePublished":"2015-11-01T17:25:28+00:00","dateModified":"2019-02-12T17:26:35+00:00","breadcrumb":{"@id":"https:\/\/evertonfc.cz\/index.php\/2015\/11\/01\/everton-sunderland-62\/#breadcrumb"},"inLanguage":"cs","potentialAction":[{"@type":"ReadAction","target":["https:\/\/evertonfc.cz\/index.php\/2015\/11\/01\/everton-sunderland-62\/"]}]},{"@type":"ImageObject","inLanguage":"cs","@id":"https:\/\/evertonfc.cz\/index.php\/2015\/11\/01\/everton-sunderland-62\/#primaryimage","url":"https:\/\/evertonfc.cz\/wp-content\/uploads\/2019\/01\/report.jpg","contentUrl":"https:\/\/evertonfc.cz\/wp-content\/uploads\/2019\/01\/report.jpg","width":720,"height":405},{"@type":"BreadcrumbList","@id":"https:\/\/evertonfc.cz\/index.php\/2015\/11\/01\/everton-sunderland-62\/#breadcrumb","itemListElement":[{"@type":"ListItem","position":1,"name":"Home","item":"https:\/\/evertonfc.cz\/"},{"@type":"ListItem","position":2,"name":"Everton &#8211; Sunderland 6:2"}]},{"@type":"WebSite","@id":"https:\/\/evertonfc.cz\/#website","url":"https:\/\/evertonfc.cz\/","name":"Official Czech &amp; Slovak Everton Supporters&#039; Club","description":"","publisher":{"@id":"https:\/\/evertonfc.cz\/#organization"},"potentialAction":[{"@type":"SearchAction","target":{"@type":"EntryPoint","urlTemplate":"https:\/\/evertonfc.cz\/?s={search_term_string}"},"query-input":{"@type":"PropertyValueSpecification","valueRequired":true,"valueName":"search_term_string"}}],"inLanguage":"cs"},{"@type":"Organization","@id":"https:\/\/evertonfc.cz\/#organization","name":"Official Czech & Slovak Everton Supporters' Club","url":"https:\/\/evertonfc.cz\/","logo":{"@type":"ImageObject","inLanguage":"cs","@id":"https:\/\/evertonfc.cz\/#\/schema\/logo\/image\/","url":"https:\/\/evertonfc.cz\/wp-content\/uploads\/2019\/05\/logo.png","contentUrl":"https:\/\/evertonfc.cz\/wp-content\/uploads\/2019\/05\/logo.png","width":112,"height":112,"caption":"Official Czech & Slovak Everton Supporters' Club"},"image":{"@id":"https:\/\/evertonfc.cz\/#\/schema\/logo\/image\/"},"sameAs":["https:\/\/www.facebook.com\/everton.fans.cz.sk"]},{"@type":"Person","@id":"https:\/\/evertonfc.cz\/#\/schema\/person\/b30daf6a5852f4811f8207a17ec1bf78","name":"Javor","sameAs":["https:\/\/x.com\/LoudinJan"],"url":"https:\/\/evertonfc.cz\/index.php\/author\/javor\/"}]}},"_links":{"self":[{"href":"https:\/\/evertonfc.cz\/index.php\/wp-json\/wp\/v2\/posts\/3999"}],"collection":[{"href":"https:\/\/evertonfc.cz\/index.php\/wp-json\/wp\/v2\/posts"}],"about":[{"href":"https:\/\/evertonfc.cz\/index.php\/wp-json\/wp\/v2\/types\/post"}],"author":[{"embeddable":true,"href":"https:\/\/evertonfc.cz\/index.php\/wp-json\/wp\/v2\/users\/12"}],"replies":[{"embeddable":true,"href":"https:\/\/evertonfc.cz\/index.php\/wp-json\/wp\/v2\/comments?post=3999"}],"version-history":[{"count":1,"href":"https:\/\/evertonfc.cz\/index.php\/wp-json\/wp\/v2\/posts\/3999\/revisions"}],"predecessor-version":[{"id":4001,"href":"https:\/\/evertonfc.cz\/index.php\/wp-json\/wp\/v2\/posts\/3999\/revisions\/4001"}],"wp:featuredmedia":[{"embeddable":true,"href":"https:\/\/evertonfc.cz\/index.php\/wp-json\/wp\/v2\/media\/1315"}],"wp:attachment":[{"href":"https:\/\/evertonfc.cz\/index.php\/wp-json\/wp\/v2\/media?parent=3999"}],"wp:term":[{"taxonomy":"category","embeddable":true,"href":"https:\/\/evertonfc.cz\/index.php\/wp-json\/wp\/v2\/categories?post=3999"},{"taxonomy":"post_tag","embeddable":true,"href":"https:\/\/evertonfc.cz\/index.php\/wp-json\/wp\/v2\/tags?post=3999"}],"curies":[{"name":"wp","href":"https:\/\/api.w.org\/{rel}","templated":true}]}}