{"id":4002,"date":"2015-10-30T18:26:53","date_gmt":"2015-10-30T17:26:53","guid":{"rendered":"http:\/\/evertonfc.cz\/?p=4002"},"modified":"2024-11-02T13:38:25","modified_gmt":"2024-11-02T12:38:25","slug":"preview-everton-sunderland-2","status":"publish","type":"post","link":"https:\/\/evertonfc.cz\/index.php\/2015\/10\/30\/preview-everton-sunderland-2\/","title":{"rendered":"Preview: Everton &#8211; Sunderland"},"content":{"rendered":"<h4 id=\"NewsPostDetailSummary\">N\u00e1vrat na v\u00edt\u011bznou vlnou by se hodil. Soupe\u0159 je jeden z nejleh\u010d\u00edch &#8211; o z\u00e1chranu hraj\u00edc\u00ed Sunderland. \u010cek\u00e1m povinn\u00e9 v\u00edt\u011bzstv\u00ed.<\/h4>\n<div id=\"NewsPostDetailContent\">\n<p>Po \u00fatern\u00edm postupu p\u0159es Norwich do \u010dtvrtfin\u00e1le Ligov\u00e9ho poh\u00e1ru n\u00e1s \u010dek\u00e1 n\u00e1vrat k ligov\u00e9 realit\u011b. Hr\u00e1\u010di si \u010dtvrte\u010dn\u00ed \u00fa\u010dast\u00ed na poh\u0159bu Howarda Kendalla splnili svou spole\u010denskou a klubovou povinnost a snad u\u017e se te\u010f jejich my\u0161lenky definitivn\u011b budou k m\u00ed\u010di kulat\u00e9mu up\u00edrati.<\/p>\n<p>Sunderlandu se neda\u0159\u00ed. D\u016fkazem toho je, \u017ee vyhodil mana\u017eera Advocaata ji\u017e na za\u010d\u00e1tku \u0159\u00edjna. Nahradil ho milovn\u00edk nakop\u00e1van\u00e9 na jednoho hrota a b\u00fdval\u00fd mana\u017eer Boltonu a West Hamu Allardyce. Tomu se poda\u0159ilo minul\u00fd z\u00e1pas vyhr\u00e1t, v presti\u017en\u00edm utk\u00e1n\u00ed o nejlep\u0161\u00ed t\u00fdm severov\u00fdchodu porazil Newcastle 3:0. Nicm\u00e9n\u011b oba t\u00fdmy jsou na sestup (spolu s Aston Villou, kter\u00e1 u\u017e taky vyhodila Sherwooda). Snad jen p\u0159ipomenu tu zaj\u00edmavost, \u017ee jedn\u00edm z nej\u00fasp\u011b\u0161n\u011bj\u0161\u00edch mana\u017eer\u016f klubu je b\u00fdval\u00fd hr\u00e1\u010d Evertonu Peter Reid (str\u00e1vil tam 7,5 roku) a v k\u00e1dru je i odchovanec Toffees Rodwell.<\/p>\n<p>Co se t\u00fdk\u00e1 zran\u011bn\u00ed, tak jsou na tom host\u00e9 takto: trojice Borini-Matthews-Rodwell se u\u017e se sv\u00fdch zran\u011bn\u00ed nohy a kotn\u00edku vyl\u00e9\u010dila a m\u011bla by b\u00fdt k dispozici, p\u0159inejhor\u0161\u00edm na lavi\u010dce. K dispozici naopak nebude stoper O\u00b4Shea (stehno) a Kaboul s Toivonenem (oba t\u0159\u00edslo).<\/p>\n<p>Evertonu za\u010d\u00edn\u00e1 \u017eivot bez kapit\u00e1na Jagielky (koleno), dnes s t\u00fdmem za\u010dali tr\u00e9novat Baines a Besi\u0107, ale na nominaci k z\u00e1pasu to je\u0161t\u011b asi nebude. Coleman m\u00e1 \u017ealude\u010dn\u00ed probl\u00e9my, lze o\u010dek\u00e1vat, \u017ee v z\u00e1kladn\u00ed sestav\u011b nastoup\u00ed Browning. Marody jsou je\u0161t\u011b Hibbert (koleno) a Pienaar (stehno). Po odpyk\u00e1n\u00ed jednoz\u00e1pasov\u00e9ho trestu se do sestavy vrac\u00ed Barry a bude zaj\u00edmav\u00e9 sledovat, zda na lev\u00e9 obran\u011b nastoup\u00ed Galloway nebo ji\u017e uzdraven\u00fd Oviedo. Ten zvl\u00e1dl v \u00fatern\u00edm z\u00e1pase proti Norwichi bez zran\u011bn\u00ed odehr\u00e1t 120 minut.<\/p>\n<p>Utk\u00e1n\u00ed vys\u00edl\u00e1 p\u0159\u00edm\u00fdm p\u0159enosem stanice Digi sport 1.<\/p>\n<p><strong>Co:<\/strong> Everton FC &#8211; Sunderland AFC, 11. kolo Premier League<br \/>\n<strong>Kdy: <\/strong>1. 11. 2015 od 14:30 SE\u010c<br \/>\n<strong>Kde:<\/strong> Goodison Park, Liverpool (kapacita: 40 157)<br \/>\n<strong>Rozhod\u010d\u00ed:<\/strong> Andre Marriner<\/p>\n<\/div>\n","protected":false},"excerpt":{"rendered":"<p>N\u00e1vrat na v\u00edt\u011bznou vlnou by se hodil. Soupe\u0159 je jeden z nejleh\u010d\u00edch &#8211; o z\u00e1chranu hraj\u00edc\u00ed Sunderland. \u010cek\u00e1m povinn\u00e9 v\u00edt\u011bzstv\u00ed.&hellip;<\/p>\n","protected":false},"author":12,"featured_media":25540,"comment_status":"open","ping_status":"closed","sticky":false,"template":"","format":"standard","meta":{"_eb_attr":"","_monsterinsights_skip_tracking":false,"_monsterinsights_sitenote_active":false,"_monsterinsights_sitenote_note":"","_monsterinsights_sitenote_category":0,"footnotes":""},"categories":[4],"tags":[],"yoast_head":"<!-- This site is optimized with the Yoast SEO plugin v23.4 - https:\/\/yoast.com\/wordpress\/plugins\/seo\/ -->\n<title>Preview: Everton - Sunderland - Official Czech &amp; Slovak Everton Supporters&#039; Club<\/title>\n<meta name=\"robots\" content=\"index, follow, max-snippet:-1, max-image-preview:large, max-video-preview:-1\" \/>\n<link rel=\"canonical\" href=\"https:\/\/evertonfc.cz\/index.php\/2015\/10\/30\/preview-everton-sunderland-2\/\" \/>\n<meta property=\"og:locale\" content=\"cs_CZ\" \/>\n<meta property=\"og:type\" content=\"article\" \/>\n<meta property=\"og:title\" content=\"Preview: Everton - Sunderland - Official Czech &amp; Slovak Everton Supporters&#039; Club\" \/>\n<meta property=\"og:description\" content=\"N\u00e1vrat na v\u00edt\u011bznou vlnou by se hodil. Soupe\u0159 je jeden z nejleh\u010d\u00edch &#8211; o z\u00e1chranu hraj\u00edc\u00ed Sunderland. \u010cek\u00e1m povinn\u00e9 v\u00edt\u011bzstv\u00ed.&hellip;\" \/>\n<meta property=\"og:url\" content=\"https:\/\/evertonfc.cz\/index.php\/2015\/10\/30\/preview-everton-sunderland-2\/\" \/>\n<meta property=\"og:site_name\" content=\"Official Czech &amp; Slovak Everton Supporters&#039; Club\" \/>\n<meta property=\"article:publisher\" content=\"https:\/\/www.facebook.com\/everton.fans.cz.sk\" \/>\n<meta property=\"article:published_time\" content=\"2015-10-30T17:26:53+00:00\" \/>\n<meta property=\"article:modified_time\" content=\"2024-11-02T12:38:25+00:00\" \/>\n<meta property=\"og:image\" content=\"https:\/\/evertonfc.cz\/wp-content\/uploads\/2024\/11\/Everton-VS-Sunderland.png\" \/>\n\t<meta property=\"og:image:width\" content=\"720\" \/>\n\t<meta property=\"og:image:height\" content=\"405\" \/>\n\t<meta property=\"og:image:type\" content=\"image\/png\" \/>\n<meta name=\"author\" content=\"Javor\" \/>\n<meta name=\"twitter:card\" content=\"summary_large_image\" \/>\n<meta name=\"twitter:creator\" content=\"@LoudinJan\" \/>\n<meta name=\"twitter:label1\" content=\"Napsal(a)\" \/>\n\t<meta name=\"twitter:data1\" content=\"Javor\" \/>\n\t<meta name=\"twitter:label2\" content=\"Odhadovan\u00e1 doba \u010dten\u00ed\" \/>\n\t<meta name=\"twitter:data2\" content=\"2 minuty\" \/>\n<script type=\"application\/ld+json\" class=\"yoast-schema-graph\">{\"@context\":\"https:\/\/schema.org\",\"@graph\":[{\"@type\":\"Article\",\"@id\":\"https:\/\/evertonfc.cz\/index.php\/2015\/10\/30\/preview-everton-sunderland-2\/#article\",\"isPartOf\":{\"@id\":\"https:\/\/evertonfc.cz\/index.php\/2015\/10\/30\/preview-everton-sunderland-2\/\"},\"author\":{\"name\":\"Javor\",\"@id\":\"https:\/\/evertonfc.cz\/#\/schema\/person\/b30daf6a5852f4811f8207a17ec1bf78\"},\"headline\":\"Preview: Everton &#8211; Sunderland\",\"datePublished\":\"2015-10-30T17:26:53+00:00\",\"dateModified\":\"2024-11-02T12:38:25+00:00\",\"mainEntityOfPage\":{\"@id\":\"https:\/\/evertonfc.cz\/index.php\/2015\/10\/30\/preview-everton-sunderland-2\/\"},\"wordCount\":393,\"commentCount\":0,\"publisher\":{\"@id\":\"https:\/\/evertonfc.cz\/#organization\"},\"image\":{\"@id\":\"https:\/\/evertonfc.cz\/index.php\/2015\/10\/30\/preview-everton-sunderland-2\/#primaryimage\"},\"thumbnailUrl\":\"https:\/\/evertonfc.cz\/wp-content\/uploads\/2024\/11\/Everton-VS-Sunderland.png\",\"articleSection\":[\"Z\u00e1pasy\"],\"inLanguage\":\"cs\",\"potentialAction\":[{\"@type\":\"CommentAction\",\"name\":\"Comment\",\"target\":[\"https:\/\/evertonfc.cz\/index.php\/2015\/10\/30\/preview-everton-sunderland-2\/#respond\"]}]},{\"@type\":\"WebPage\",\"@id\":\"https:\/\/evertonfc.cz\/index.php\/2015\/10\/30\/preview-everton-sunderland-2\/\",\"url\":\"https:\/\/evertonfc.cz\/index.php\/2015\/10\/30\/preview-everton-sunderland-2\/\",\"name\":\"Preview: Everton - Sunderland - Official Czech &amp; Slovak Everton Supporters&#039; Club\",\"isPartOf\":{\"@id\":\"https:\/\/evertonfc.cz\/#website\"},\"primaryImageOfPage\":{\"@id\":\"https:\/\/evertonfc.cz\/index.php\/2015\/10\/30\/preview-everton-sunderland-2\/#primaryimage\"},\"image\":{\"@id\":\"https:\/\/evertonfc.cz\/index.php\/2015\/10\/30\/preview-everton-sunderland-2\/#primaryimage\"},\"thumbnailUrl\":\"https:\/\/evertonfc.cz\/wp-content\/uploads\/2024\/11\/Everton-VS-Sunderland.png\",\"datePublished\":\"2015-10-30T17:26:53+00:00\",\"dateModified\":\"2024-11-02T12:38:25+00:00\",\"breadcrumb\":{\"@id\":\"https:\/\/evertonfc.cz\/index.php\/2015\/10\/30\/preview-everton-sunderland-2\/#breadcrumb\"},\"inLanguage\":\"cs\",\"potentialAction\":[{\"@type\":\"ReadAction\",\"target\":[\"https:\/\/evertonfc.cz\/index.php\/2015\/10\/30\/preview-everton-sunderland-2\/\"]}]},{\"@type\":\"ImageObject\",\"inLanguage\":\"cs\",\"@id\":\"https:\/\/evertonfc.cz\/index.php\/2015\/10\/30\/preview-everton-sunderland-2\/#primaryimage\",\"url\":\"https:\/\/evertonfc.cz\/wp-content\/uploads\/2024\/11\/Everton-VS-Sunderland.png\",\"contentUrl\":\"https:\/\/evertonfc.cz\/wp-content\/uploads\/2024\/11\/Everton-VS-Sunderland.png\",\"width\":720,\"height\":405},{\"@type\":\"BreadcrumbList\",\"@id\":\"https:\/\/evertonfc.cz\/index.php\/2015\/10\/30\/preview-everton-sunderland-2\/#breadcrumb\",\"itemListElement\":[{\"@type\":\"ListItem\",\"position\":1,\"name\":\"Home\",\"item\":\"https:\/\/evertonfc.cz\/\"},{\"@type\":\"ListItem\",\"position\":2,\"name\":\"Preview: Everton &#8211; Sunderland\"}]},{\"@type\":\"WebSite\",\"@id\":\"https:\/\/evertonfc.cz\/#website\",\"url\":\"https:\/\/evertonfc.cz\/\",\"name\":\"Official Czech &amp; Slovak Everton Supporters&#039; Club\",\"description\":\"\",\"publisher\":{\"@id\":\"https:\/\/evertonfc.cz\/#organization\"},\"potentialAction\":[{\"@type\":\"SearchAction\",\"target\":{\"@type\":\"EntryPoint\",\"urlTemplate\":\"https:\/\/evertonfc.cz\/?s={search_term_string}\"},\"query-input\":{\"@type\":\"PropertyValueSpecification\",\"valueRequired\":true,\"valueName\":\"search_term_string\"}}],\"inLanguage\":\"cs\"},{\"@type\":\"Organization\",\"@id\":\"https:\/\/evertonfc.cz\/#organization\",\"name\":\"Official Czech & Slovak Everton Supporters' Club\",\"url\":\"https:\/\/evertonfc.cz\/\",\"logo\":{\"@type\":\"ImageObject\",\"inLanguage\":\"cs\",\"@id\":\"https:\/\/evertonfc.cz\/#\/schema\/logo\/image\/\",\"url\":\"https:\/\/evertonfc.cz\/wp-content\/uploads\/2019\/05\/logo.png\",\"contentUrl\":\"https:\/\/evertonfc.cz\/wp-content\/uploads\/2019\/05\/logo.png\",\"width\":112,\"height\":112,\"caption\":\"Official Czech & Slovak Everton Supporters' Club\"},\"image\":{\"@id\":\"https:\/\/evertonfc.cz\/#\/schema\/logo\/image\/\"},\"sameAs\":[\"https:\/\/www.facebook.com\/everton.fans.cz.sk\"]},{\"@type\":\"Person\",\"@id\":\"https:\/\/evertonfc.cz\/#\/schema\/person\/b30daf6a5852f4811f8207a17ec1bf78\",\"name\":\"Javor\",\"sameAs\":[\"https:\/\/x.com\/LoudinJan\"],\"url\":\"https:\/\/evertonfc.cz\/index.php\/author\/javor\/\"}]}<\/script>\n<!-- \/ Yoast SEO plugin. -->","yoast_head_json":{"title":"Preview: Everton - Sunderland - Official Czech &amp; Slovak Everton Supporters&#039; Club","robots":{"index":"index","follow":"follow","max-snippet":"max-snippet:-1","max-image-preview":"max-image-preview:large","max-video-preview":"max-video-preview:-1"},"canonical":"https:\/\/evertonfc.cz\/index.php\/2015\/10\/30\/preview-everton-sunderland-2\/","og_locale":"cs_CZ","og_type":"article","og_title":"Preview: Everton - Sunderland - Official Czech &amp; Slovak Everton Supporters&#039; Club","og_description":"N\u00e1vrat na v\u00edt\u011bznou vlnou by se hodil. Soupe\u0159 je jeden z nejleh\u010d\u00edch &#8211; o z\u00e1chranu hraj\u00edc\u00ed Sunderland. \u010cek\u00e1m povinn\u00e9 v\u00edt\u011bzstv\u00ed.&hellip;","og_url":"https:\/\/evertonfc.cz\/index.php\/2015\/10\/30\/preview-everton-sunderland-2\/","og_site_name":"Official Czech &amp; Slovak Everton Supporters&#039; Club","article_publisher":"https:\/\/www.facebook.com\/everton.fans.cz.sk","article_published_time":"2015-10-30T17:26:53+00:00","article_modified_time":"2024-11-02T12:38:25+00:00","og_image":[{"width":720,"height":405,"url":"https:\/\/evertonfc.cz\/wp-content\/uploads\/2024\/11\/Everton-VS-Sunderland.png","type":"image\/png"}],"author":"Javor","twitter_card":"summary_large_image","twitter_creator":"@LoudinJan","twitter_misc":{"Napsal(a)":"Javor","Odhadovan\u00e1 doba \u010dten\u00ed":"2 minuty"},"schema":{"@context":"https:\/\/schema.org","@graph":[{"@type":"Article","@id":"https:\/\/evertonfc.cz\/index.php\/2015\/10\/30\/preview-everton-sunderland-2\/#article","isPartOf":{"@id":"https:\/\/evertonfc.cz\/index.php\/2015\/10\/30\/preview-everton-sunderland-2\/"},"author":{"name":"Javor","@id":"https:\/\/evertonfc.cz\/#\/schema\/person\/b30daf6a5852f4811f8207a17ec1bf78"},"headline":"Preview: Everton &#8211; Sunderland","datePublished":"2015-10-30T17:26:53+00:00","dateModified":"2024-11-02T12:38:25+00:00","mainEntityOfPage":{"@id":"https:\/\/evertonfc.cz\/index.php\/2015\/10\/30\/preview-everton-sunderland-2\/"},"wordCount":393,"commentCount":0,"publisher":{"@id":"https:\/\/evertonfc.cz\/#organization"},"image":{"@id":"https:\/\/evertonfc.cz\/index.php\/2015\/10\/30\/preview-everton-sunderland-2\/#primaryimage"},"thumbnailUrl":"https:\/\/evertonfc.cz\/wp-content\/uploads\/2024\/11\/Everton-VS-Sunderland.png","articleSection":["Z\u00e1pasy"],"inLanguage":"cs","potentialAction":[{"@type":"CommentAction","name":"Comment","target":["https:\/\/evertonfc.cz\/index.php\/2015\/10\/30\/preview-everton-sunderland-2\/#respond"]}]},{"@type":"WebPage","@id":"https:\/\/evertonfc.cz\/index.php\/2015\/10\/30\/preview-everton-sunderland-2\/","url":"https:\/\/evertonfc.cz\/index.php\/2015\/10\/30\/preview-everton-sunderland-2\/","name":"Preview: Everton - Sunderland - Official Czech &amp; Slovak Everton Supporters&#039; Club","isPartOf":{"@id":"https:\/\/evertonfc.cz\/#website"},"primaryImageOfPage":{"@id":"https:\/\/evertonfc.cz\/index.php\/2015\/10\/30\/preview-everton-sunderland-2\/#primaryimage"},"image":{"@id":"https:\/\/evertonfc.cz\/index.php\/2015\/10\/30\/preview-everton-sunderland-2\/#primaryimage"},"thumbnailUrl":"https:\/\/evertonfc.cz\/wp-content\/uploads\/2024\/11\/Everton-VS-Sunderland.png","datePublished":"2015-10-30T17:26:53+00:00","dateModified":"2024-11-02T12:38:25+00:00","breadcrumb":{"@id":"https:\/\/evertonfc.cz\/index.php\/2015\/10\/30\/preview-everton-sunderland-2\/#breadcrumb"},"inLanguage":"cs","potentialAction":[{"@type":"ReadAction","target":["https:\/\/evertonfc.cz\/index.php\/2015\/10\/30\/preview-everton-sunderland-2\/"]}]},{"@type":"ImageObject","inLanguage":"cs","@id":"https:\/\/evertonfc.cz\/index.php\/2015\/10\/30\/preview-everton-sunderland-2\/#primaryimage","url":"https:\/\/evertonfc.cz\/wp-content\/uploads\/2024\/11\/Everton-VS-Sunderland.png","contentUrl":"https:\/\/evertonfc.cz\/wp-content\/uploads\/2024\/11\/Everton-VS-Sunderland.png","width":720,"height":405},{"@type":"BreadcrumbList","@id":"https:\/\/evertonfc.cz\/index.php\/2015\/10\/30\/preview-everton-sunderland-2\/#breadcrumb","itemListElement":[{"@type":"ListItem","position":1,"name":"Home","item":"https:\/\/evertonfc.cz\/"},{"@type":"ListItem","position":2,"name":"Preview: Everton &#8211; Sunderland"}]},{"@type":"WebSite","@id":"https:\/\/evertonfc.cz\/#website","url":"https:\/\/evertonfc.cz\/","name":"Official Czech &amp; Slovak Everton Supporters&#039; Club","description":"","publisher":{"@id":"https:\/\/evertonfc.cz\/#organization"},"potentialAction":[{"@type":"SearchAction","target":{"@type":"EntryPoint","urlTemplate":"https:\/\/evertonfc.cz\/?s={search_term_string}"},"query-input":{"@type":"PropertyValueSpecification","valueRequired":true,"valueName":"search_term_string"}}],"inLanguage":"cs"},{"@type":"Organization","@id":"https:\/\/evertonfc.cz\/#organization","name":"Official Czech & Slovak Everton Supporters' Club","url":"https:\/\/evertonfc.cz\/","logo":{"@type":"ImageObject","inLanguage":"cs","@id":"https:\/\/evertonfc.cz\/#\/schema\/logo\/image\/","url":"https:\/\/evertonfc.cz\/wp-content\/uploads\/2019\/05\/logo.png","contentUrl":"https:\/\/evertonfc.cz\/wp-content\/uploads\/2019\/05\/logo.png","width":112,"height":112,"caption":"Official Czech & Slovak Everton Supporters' Club"},"image":{"@id":"https:\/\/evertonfc.cz\/#\/schema\/logo\/image\/"},"sameAs":["https:\/\/www.facebook.com\/everton.fans.cz.sk"]},{"@type":"Person","@id":"https:\/\/evertonfc.cz\/#\/schema\/person\/b30daf6a5852f4811f8207a17ec1bf78","name":"Javor","sameAs":["https:\/\/x.com\/LoudinJan"],"url":"https:\/\/evertonfc.cz\/index.php\/author\/javor\/"}]}},"_links":{"self":[{"href":"https:\/\/evertonfc.cz\/index.php\/wp-json\/wp\/v2\/posts\/4002"}],"collection":[{"href":"https:\/\/evertonfc.cz\/index.php\/wp-json\/wp\/v2\/posts"}],"about":[{"href":"https:\/\/evertonfc.cz\/index.php\/wp-json\/wp\/v2\/types\/post"}],"author":[{"embeddable":true,"href":"https:\/\/evertonfc.cz\/index.php\/wp-json\/wp\/v2\/users\/12"}],"replies":[{"embeddable":true,"href":"https:\/\/evertonfc.cz\/index.php\/wp-json\/wp\/v2\/comments?post=4002"}],"version-history":[{"count":1,"href":"https:\/\/evertonfc.cz\/index.php\/wp-json\/wp\/v2\/posts\/4002\/revisions"}],"predecessor-version":[{"id":4003,"href":"https:\/\/evertonfc.cz\/index.php\/wp-json\/wp\/v2\/posts\/4002\/revisions\/4003"}],"wp:featuredmedia":[{"embeddable":true,"href":"https:\/\/evertonfc.cz\/index.php\/wp-json\/wp\/v2\/media\/25540"}],"wp:attachment":[{"href":"https:\/\/evertonfc.cz\/index.php\/wp-json\/wp\/v2\/media?parent=4002"}],"wp:term":[{"taxonomy":"category","embeddable":true,"href":"https:\/\/evertonfc.cz\/index.php\/wp-json\/wp\/v2\/categories?post=4002"},{"taxonomy":"post_tag","embeddable":true,"href":"https:\/\/evertonfc.cz\/index.php\/wp-json\/wp\/v2\/tags?post=4002"}],"curies":[{"name":"wp","href":"https:\/\/api.w.org\/{rel}","templated":true}]}}