{"id":4007,"date":"2011-01-25T18:28:51","date_gmt":"2011-01-25T17:28:51","guid":{"rendered":"http:\/\/evertonfc.cz\/?p=4007"},"modified":"2020-05-14T12:28:34","modified_gmt":"2020-05-14T10:28:34","slug":"slavime-narozeniny","status":"publish","type":"post","link":"https:\/\/evertonfc.cz\/index.php\/2011\/01\/25\/slavime-narozeniny\/","title":{"rendered":"Slav\u00edme narozeniny!"},"content":{"rendered":"<h4>Mo\u017en\u00e1 to zn\u00ed trochu p\u0159ekvapiv\u011b, ale Czech and Slovak fans web Evertonu se do\u017e\u00edv\u00e1 v t\u011bchto dnech sv\u00fdch t\u0159et\u00edch narozenin.<\/h4>\n<p>V\u0161e za\u010dalo na za\u010d\u00e1tku roku 2008, kdy\u017e jsem dostal n\u00e1pad zalo\u017eit fanou\u0161kovsk\u00fd web o Evertonu. V \u010cesku a na Slovensku toti\u017e existovalo n\u011bkolik server\u016f o anglick\u00fdch klubech, Toffees v\u0161ak nem\u011bli \u017e\u00e1dn\u00fd, co\u017e bylo vzhledem k tak b\u00e1je\u010dn\u00e9mu t\u00fdmu neuctiv\u00e9.<\/p>\n<p>Po v\u00fdm\u011bn\u011b p\u00e1r mail\u016f jsem spolu s Me\u0148ou zalo\u017eil na konci ledna roku 2008 fanou\u0161kovsk\u00fd server d\u00edky str\u00e1nce webgarden.cz. Brzy se k n\u00e1m p\u0159idali sloven\u0161t\u00ed kolegov\u00e9 Everton1878 a kolon. Na adrese www.evertonfc.wgz.cz (archiv str\u00e1nky naleznete\u00a0<a href=\"http:\/\/web.archive.org\/web\/*\/http:\/\/evertonfc.wgz.cz\" target=\"_blank\" rel=\"noopener noreferrer\">zde<\/a>) jsme vydr\u017eeli necel\u00e9ho p\u016flroku, c\u00edtili jsme toti\u017e pot\u0159ebu posunout se d\u00e1le, a\u010dkoliv jsme byli na po\u010d\u00e1tku tvorby www str\u00e1nek. To lze na n\u011bkter\u00fdch \u010dl\u00e1nc\u00edch poznat \ud83d\ude42<\/p>\n<p>K 25.6.2008 jsme se p\u0159esunuli na adresu\u00a0<a href=\"http:\/\/www.evertonfc.tym.cz\/\" target=\"_blank\" rel=\"noopener noreferrer\">www.evertonfc.tym.cz<\/a>. Tato adresa nebyla ofici\u00e1ln\u00ed a placen\u00e1, ov\u0161em i tak, domn\u00edv\u00e1m se, jsme se dostali do \u0161ir\u0161\u00edho pov\u011bdom\u00ed \u010deskoslovensk\u00e9 komunity fanou\u0161k\u016f anglick\u00e9 fotbalu. Do redaktorsk\u00e9ho t\u00fdmu se p\u0159ipojil TheRoyalBlue, naopak kolon postupem \u010dasu p\u0159est\u00e1val p\u0159isp\u00edvat.<\/p>\n<p>S v\u011bt\u0161\u00ed popularitou jsme se rozhodli pro p\u0159esun na placenou dom\u00e9nu. Zat\u00edm posledn\u00ed st\u011bhov\u00e1n\u00ed se uzav\u0159elo 27.3.2010. N\u00e1\u0161 druh\u00fd web jsme opou\u0161t\u011bli jen neradi, jeliko\u017e na\u0161e \u010dl\u00e1nky u\u017e byly d\u00edky nabran\u00fdm zku\u0161enostem daleko kvalitn\u011bj\u0161\u00ed. Psan\u00ed o Evertonu se pro n\u00e1s stalo z\u00e1bavou, na kterou jsme si r\u00e1di na\u0161li \u010das, co\u017e potvrzuje i 821 vydan\u00fdch \u010dl\u00e1nk\u016f na adrese evertonfc.tym.cz po dobu asi 22 m\u011bs\u00edc\u016f.<\/p>\n<p>K 27. b\u0159eznu minul\u00e9ho roku jsme se naposledy st\u011bhovali, na sou\u010dasnou adresu www.evertonfc.cz s placenou dom\u00e9nou. Do dne\u0161n\u00edho dne se sna\u017e\u00edme ps\u00e1t zaj\u00edmav\u00e9 a i aktu\u00e1ln\u00ed \u010dl\u00e1nky, snad n\u00e1m to vydr\u017e\u00ed i do budoucna.<\/p>\n<p>Na z\u00e1v\u011br bych cht\u011bl pod\u011bkovat, v\u0161em, kte\u0159\u00ed se n\u011bjak podepsali pod na\u0161imi str\u00e1nkami. T\u00edm mysl\u00edm v\u0161echny p\u0159es redaktory, komentuj\u00edc\u00ed, a\u017e po na\u0161e partnery. Jsem r\u00e1d, \u017ee se d\u00edky webu organizuj\u00ed srazy p\u0159iznivc\u016f Evertonu a da\u0159\u00ed se n\u00e1m tak \u00fasp\u011b\u0161n\u011b utu\u017eovat na\u0161\u00ed malou, jedn\u00edm dechem ale t\u0159eba dodat slov\u00ed\u010dko b\u00e1je\u010dnou, komunitu.<\/p>\n<p>Douf\u00e1me, \u017ee si udr\u017e\u00edme va\u0161\u00ed p\u0159\u00edze\u0148.<\/p>\n<h4 style=\"text-align: center;\"><strong>Na srazu \u010deskoslovensk\u00fdch fanou\u0161k\u016f Evertonu<\/strong><\/h4>\n<h4 style=\"text-align: center;\"><img loading=\"lazy\" decoding=\"async\" class=\"alignnone size-full wp-image-4004\" src=\"http:\/\/evertonfc.cz\/wp-content\/uploads\/2019\/02\/spolecna1.jpg\" alt=\"\" width=\"454\" height=\"305\" srcset=\"https:\/\/evertonfc.cz\/wp-content\/uploads\/2019\/02\/spolecna1.jpg 454w, https:\/\/evertonfc.cz\/wp-content\/uploads\/2019\/02\/spolecna1-300x202.jpg 300w\" sizes=\"(max-width: 454px) 100vw, 454px\" \/><\/h4>\n<h4 style=\"text-align: center;\"><strong>Na srazu fanou\u0161k\u016f Premier League<\/strong><\/h4>\n<p style=\"text-align: center;\"><img loading=\"lazy\" decoding=\"async\" class=\"alignnone size-full wp-image-4005\" src=\"http:\/\/evertonfc.cz\/wp-content\/uploads\/2019\/02\/spolecna2.jpg\" alt=\"\" width=\"454\" height=\"485\" srcset=\"https:\/\/evertonfc.cz\/wp-content\/uploads\/2019\/02\/spolecna2.jpg 454w, https:\/\/evertonfc.cz\/wp-content\/uploads\/2019\/02\/spolecna2-281x300.jpg 281w\" sizes=\"(max-width: 454px) 100vw, 454px\" \/><\/p>\n<h4 style=\"text-align: center;\"><strong>Na z\u00e1pase Olomouc &#8211; Everton<\/strong><\/h4>\n<h4><img loading=\"lazy\" decoding=\"async\" class=\"alignnone size-full wp-image-4006 aligncenter\" src=\"http:\/\/evertonfc.cz\/wp-content\/uploads\/2019\/02\/spolecna3.jpg\" alt=\"\" width=\"454\" height=\"305\" srcset=\"https:\/\/evertonfc.cz\/wp-content\/uploads\/2019\/02\/spolecna3.jpg 454w, https:\/\/evertonfc.cz\/wp-content\/uploads\/2019\/02\/spolecna3-300x202.jpg 300w\" sizes=\"(max-width: 454px) 100vw, 454px\" \/><\/h4>\n","protected":false},"excerpt":{"rendered":"<p>Mo\u017en\u00e1 to zn\u00ed trochu p\u0159ekvapiv\u011b, ale Czech and Slovak fans web Evertonu se do\u017e\u00edv\u00e1 v t\u011bchto dnech sv\u00fdch t\u0159et\u00edch narozenin.&hellip;<\/p>\n","protected":false},"author":6,"featured_media":1313,"comment_status":"open","ping_status":"closed","sticky":false,"template":"","format":"standard","meta":{"_eb_attr":"","_monsterinsights_skip_tracking":false,"_monsterinsights_sitenote_active":false,"_monsterinsights_sitenote_note":"","_monsterinsights_sitenote_category":0,"footnotes":""},"categories":[85],"tags":[],"yoast_head":"<!-- This site is optimized with the Yoast SEO plugin v23.4 - https:\/\/yoast.com\/wordpress\/plugins\/seo\/ -->\n<title>Slav\u00edme narozeniny! - Official Czech &amp; Slovak Everton Supporters&#039; Club<\/title>\n<meta name=\"robots\" content=\"index, follow, max-snippet:-1, max-image-preview:large, max-video-preview:-1\" \/>\n<link rel=\"canonical\" href=\"https:\/\/evertonfc.cz\/index.php\/2011\/01\/25\/slavime-narozeniny\/\" \/>\n<meta property=\"og:locale\" content=\"cs_CZ\" \/>\n<meta property=\"og:type\" content=\"article\" \/>\n<meta property=\"og:title\" content=\"Slav\u00edme narozeniny! - Official Czech &amp; Slovak Everton Supporters&#039; Club\" \/>\n<meta property=\"og:description\" content=\"Mo\u017en\u00e1 to zn\u00ed trochu p\u0159ekvapiv\u011b, ale Czech and Slovak fans web Evertonu se do\u017e\u00edv\u00e1 v t\u011bchto dnech sv\u00fdch t\u0159et\u00edch narozenin.&hellip;\" \/>\n<meta property=\"og:url\" content=\"https:\/\/evertonfc.cz\/index.php\/2011\/01\/25\/slavime-narozeniny\/\" \/>\n<meta property=\"og:site_name\" content=\"Official Czech &amp; Slovak Everton Supporters&#039; Club\" \/>\n<meta property=\"article:publisher\" content=\"https:\/\/www.facebook.com\/everton.fans.cz.sk\" \/>\n<meta property=\"article:published_time\" content=\"2011-01-25T17:28:51+00:00\" \/>\n<meta property=\"article:modified_time\" content=\"2020-05-14T10:28:34+00:00\" \/>\n<meta property=\"og:image\" content=\"https:\/\/evertonfc.cz\/wp-content\/uploads\/2019\/01\/news.jpg\" \/>\n\t<meta property=\"og:image:width\" content=\"720\" \/>\n\t<meta property=\"og:image:height\" content=\"405\" \/>\n\t<meta property=\"og:image:type\" content=\"image\/jpeg\" \/>\n<meta name=\"author\" content=\"Ri\u010di\" \/>\n<meta name=\"twitter:card\" content=\"summary_large_image\" \/>\n<meta name=\"twitter:creator\" content=\"@rbrejsa\" \/>\n<meta name=\"twitter:label1\" content=\"Napsal(a)\" \/>\n\t<meta name=\"twitter:data1\" content=\"Ri\u010di\" \/>\n\t<meta name=\"twitter:label2\" content=\"Odhadovan\u00e1 doba \u010dten\u00ed\" \/>\n\t<meta name=\"twitter:data2\" content=\"2 minuty\" \/>\n<script type=\"application\/ld+json\" class=\"yoast-schema-graph\">{\"@context\":\"https:\/\/schema.org\",\"@graph\":[{\"@type\":\"Article\",\"@id\":\"https:\/\/evertonfc.cz\/index.php\/2011\/01\/25\/slavime-narozeniny\/#article\",\"isPartOf\":{\"@id\":\"https:\/\/evertonfc.cz\/index.php\/2011\/01\/25\/slavime-narozeniny\/\"},\"author\":{\"name\":\"Ri\u010di\",\"@id\":\"https:\/\/evertonfc.cz\/#\/schema\/person\/f7a5daedb2ffee98480bc70e191aaef1\"},\"headline\":\"Slav\u00edme narozeniny!\",\"datePublished\":\"2011-01-25T17:28:51+00:00\",\"dateModified\":\"2020-05-14T10:28:34+00:00\",\"mainEntityOfPage\":{\"@id\":\"https:\/\/evertonfc.cz\/index.php\/2011\/01\/25\/slavime-narozeniny\/\"},\"wordCount\":467,\"commentCount\":0,\"publisher\":{\"@id\":\"https:\/\/evertonfc.cz\/#organization\"},\"image\":{\"@id\":\"https:\/\/evertonfc.cz\/index.php\/2011\/01\/25\/slavime-narozeniny\/#primaryimage\"},\"thumbnailUrl\":\"https:\/\/evertonfc.cz\/wp-content\/uploads\/2019\/01\/news.jpg\",\"articleSection\":[\"Supporters' Club\"],\"inLanguage\":\"cs\",\"potentialAction\":[{\"@type\":\"CommentAction\",\"name\":\"Comment\",\"target\":[\"https:\/\/evertonfc.cz\/index.php\/2011\/01\/25\/slavime-narozeniny\/#respond\"]}]},{\"@type\":\"WebPage\",\"@id\":\"https:\/\/evertonfc.cz\/index.php\/2011\/01\/25\/slavime-narozeniny\/\",\"url\":\"https:\/\/evertonfc.cz\/index.php\/2011\/01\/25\/slavime-narozeniny\/\",\"name\":\"Slav\u00edme narozeniny! - Official Czech &amp; Slovak Everton Supporters&#039; Club\",\"isPartOf\":{\"@id\":\"https:\/\/evertonfc.cz\/#website\"},\"primaryImageOfPage\":{\"@id\":\"https:\/\/evertonfc.cz\/index.php\/2011\/01\/25\/slavime-narozeniny\/#primaryimage\"},\"image\":{\"@id\":\"https:\/\/evertonfc.cz\/index.php\/2011\/01\/25\/slavime-narozeniny\/#primaryimage\"},\"thumbnailUrl\":\"https:\/\/evertonfc.cz\/wp-content\/uploads\/2019\/01\/news.jpg\",\"datePublished\":\"2011-01-25T17:28:51+00:00\",\"dateModified\":\"2020-05-14T10:28:34+00:00\",\"breadcrumb\":{\"@id\":\"https:\/\/evertonfc.cz\/index.php\/2011\/01\/25\/slavime-narozeniny\/#breadcrumb\"},\"inLanguage\":\"cs\",\"potentialAction\":[{\"@type\":\"ReadAction\",\"target\":[\"https:\/\/evertonfc.cz\/index.php\/2011\/01\/25\/slavime-narozeniny\/\"]}]},{\"@type\":\"ImageObject\",\"inLanguage\":\"cs\",\"@id\":\"https:\/\/evertonfc.cz\/index.php\/2011\/01\/25\/slavime-narozeniny\/#primaryimage\",\"url\":\"https:\/\/evertonfc.cz\/wp-content\/uploads\/2019\/01\/news.jpg\",\"contentUrl\":\"https:\/\/evertonfc.cz\/wp-content\/uploads\/2019\/01\/news.jpg\",\"width\":720,\"height\":405},{\"@type\":\"BreadcrumbList\",\"@id\":\"https:\/\/evertonfc.cz\/index.php\/2011\/01\/25\/slavime-narozeniny\/#breadcrumb\",\"itemListElement\":[{\"@type\":\"ListItem\",\"position\":1,\"name\":\"Home\",\"item\":\"https:\/\/evertonfc.cz\/\"},{\"@type\":\"ListItem\",\"position\":2,\"name\":\"Slav\u00edme narozeniny!\"}]},{\"@type\":\"WebSite\",\"@id\":\"https:\/\/evertonfc.cz\/#website\",\"url\":\"https:\/\/evertonfc.cz\/\",\"name\":\"Official Czech &amp; Slovak Everton Supporters&#039; Club\",\"description\":\"\",\"publisher\":{\"@id\":\"https:\/\/evertonfc.cz\/#organization\"},\"potentialAction\":[{\"@type\":\"SearchAction\",\"target\":{\"@type\":\"EntryPoint\",\"urlTemplate\":\"https:\/\/evertonfc.cz\/?s={search_term_string}\"},\"query-input\":{\"@type\":\"PropertyValueSpecification\",\"valueRequired\":true,\"valueName\":\"search_term_string\"}}],\"inLanguage\":\"cs\"},{\"@type\":\"Organization\",\"@id\":\"https:\/\/evertonfc.cz\/#organization\",\"name\":\"Official Czech & Slovak Everton Supporters' Club\",\"url\":\"https:\/\/evertonfc.cz\/\",\"logo\":{\"@type\":\"ImageObject\",\"inLanguage\":\"cs\",\"@id\":\"https:\/\/evertonfc.cz\/#\/schema\/logo\/image\/\",\"url\":\"https:\/\/evertonfc.cz\/wp-content\/uploads\/2019\/05\/logo.png\",\"contentUrl\":\"https:\/\/evertonfc.cz\/wp-content\/uploads\/2019\/05\/logo.png\",\"width\":112,\"height\":112,\"caption\":\"Official Czech & Slovak Everton Supporters' Club\"},\"image\":{\"@id\":\"https:\/\/evertonfc.cz\/#\/schema\/logo\/image\/\"},\"sameAs\":[\"https:\/\/www.facebook.com\/everton.fans.cz.sk\"]},{\"@type\":\"Person\",\"@id\":\"https:\/\/evertonfc.cz\/#\/schema\/person\/f7a5daedb2ffee98480bc70e191aaef1\",\"name\":\"Ri\u010di\",\"sameAs\":[\"https:\/\/x.com\/rbrejsa\"],\"url\":\"https:\/\/evertonfc.cz\/index.php\/author\/rici\/\"}]}<\/script>\n<!-- \/ Yoast SEO plugin. -->","yoast_head_json":{"title":"Slav\u00edme narozeniny! - Official Czech &amp; Slovak Everton Supporters&#039; Club","robots":{"index":"index","follow":"follow","max-snippet":"max-snippet:-1","max-image-preview":"max-image-preview:large","max-video-preview":"max-video-preview:-1"},"canonical":"https:\/\/evertonfc.cz\/index.php\/2011\/01\/25\/slavime-narozeniny\/","og_locale":"cs_CZ","og_type":"article","og_title":"Slav\u00edme narozeniny! - Official Czech &amp; Slovak Everton Supporters&#039; Club","og_description":"Mo\u017en\u00e1 to zn\u00ed trochu p\u0159ekvapiv\u011b, ale Czech and Slovak fans web Evertonu se do\u017e\u00edv\u00e1 v t\u011bchto dnech sv\u00fdch t\u0159et\u00edch narozenin.&hellip;","og_url":"https:\/\/evertonfc.cz\/index.php\/2011\/01\/25\/slavime-narozeniny\/","og_site_name":"Official Czech &amp; Slovak Everton Supporters&#039; Club","article_publisher":"https:\/\/www.facebook.com\/everton.fans.cz.sk","article_published_time":"2011-01-25T17:28:51+00:00","article_modified_time":"2020-05-14T10:28:34+00:00","og_image":[{"width":720,"height":405,"url":"https:\/\/evertonfc.cz\/wp-content\/uploads\/2019\/01\/news.jpg","type":"image\/jpeg"}],"author":"Ri\u010di","twitter_card":"summary_large_image","twitter_creator":"@rbrejsa","twitter_misc":{"Napsal(a)":"Ri\u010di","Odhadovan\u00e1 doba \u010dten\u00ed":"2 minuty"},"schema":{"@context":"https:\/\/schema.org","@graph":[{"@type":"Article","@id":"https:\/\/evertonfc.cz\/index.php\/2011\/01\/25\/slavime-narozeniny\/#article","isPartOf":{"@id":"https:\/\/evertonfc.cz\/index.php\/2011\/01\/25\/slavime-narozeniny\/"},"author":{"name":"Ri\u010di","@id":"https:\/\/evertonfc.cz\/#\/schema\/person\/f7a5daedb2ffee98480bc70e191aaef1"},"headline":"Slav\u00edme narozeniny!","datePublished":"2011-01-25T17:28:51+00:00","dateModified":"2020-05-14T10:28:34+00:00","mainEntityOfPage":{"@id":"https:\/\/evertonfc.cz\/index.php\/2011\/01\/25\/slavime-narozeniny\/"},"wordCount":467,"commentCount":0,"publisher":{"@id":"https:\/\/evertonfc.cz\/#organization"},"image":{"@id":"https:\/\/evertonfc.cz\/index.php\/2011\/01\/25\/slavime-narozeniny\/#primaryimage"},"thumbnailUrl":"https:\/\/evertonfc.cz\/wp-content\/uploads\/2019\/01\/news.jpg","articleSection":["Supporters' Club"],"inLanguage":"cs","potentialAction":[{"@type":"CommentAction","name":"Comment","target":["https:\/\/evertonfc.cz\/index.php\/2011\/01\/25\/slavime-narozeniny\/#respond"]}]},{"@type":"WebPage","@id":"https:\/\/evertonfc.cz\/index.php\/2011\/01\/25\/slavime-narozeniny\/","url":"https:\/\/evertonfc.cz\/index.php\/2011\/01\/25\/slavime-narozeniny\/","name":"Slav\u00edme narozeniny! - Official Czech &amp; Slovak Everton Supporters&#039; Club","isPartOf":{"@id":"https:\/\/evertonfc.cz\/#website"},"primaryImageOfPage":{"@id":"https:\/\/evertonfc.cz\/index.php\/2011\/01\/25\/slavime-narozeniny\/#primaryimage"},"image":{"@id":"https:\/\/evertonfc.cz\/index.php\/2011\/01\/25\/slavime-narozeniny\/#primaryimage"},"thumbnailUrl":"https:\/\/evertonfc.cz\/wp-content\/uploads\/2019\/01\/news.jpg","datePublished":"2011-01-25T17:28:51+00:00","dateModified":"2020-05-14T10:28:34+00:00","breadcrumb":{"@id":"https:\/\/evertonfc.cz\/index.php\/2011\/01\/25\/slavime-narozeniny\/#breadcrumb"},"inLanguage":"cs","potentialAction":[{"@type":"ReadAction","target":["https:\/\/evertonfc.cz\/index.php\/2011\/01\/25\/slavime-narozeniny\/"]}]},{"@type":"ImageObject","inLanguage":"cs","@id":"https:\/\/evertonfc.cz\/index.php\/2011\/01\/25\/slavime-narozeniny\/#primaryimage","url":"https:\/\/evertonfc.cz\/wp-content\/uploads\/2019\/01\/news.jpg","contentUrl":"https:\/\/evertonfc.cz\/wp-content\/uploads\/2019\/01\/news.jpg","width":720,"height":405},{"@type":"BreadcrumbList","@id":"https:\/\/evertonfc.cz\/index.php\/2011\/01\/25\/slavime-narozeniny\/#breadcrumb","itemListElement":[{"@type":"ListItem","position":1,"name":"Home","item":"https:\/\/evertonfc.cz\/"},{"@type":"ListItem","position":2,"name":"Slav\u00edme narozeniny!"}]},{"@type":"WebSite","@id":"https:\/\/evertonfc.cz\/#website","url":"https:\/\/evertonfc.cz\/","name":"Official Czech &amp; Slovak Everton Supporters&#039; Club","description":"","publisher":{"@id":"https:\/\/evertonfc.cz\/#organization"},"potentialAction":[{"@type":"SearchAction","target":{"@type":"EntryPoint","urlTemplate":"https:\/\/evertonfc.cz\/?s={search_term_string}"},"query-input":{"@type":"PropertyValueSpecification","valueRequired":true,"valueName":"search_term_string"}}],"inLanguage":"cs"},{"@type":"Organization","@id":"https:\/\/evertonfc.cz\/#organization","name":"Official Czech & Slovak Everton Supporters' Club","url":"https:\/\/evertonfc.cz\/","logo":{"@type":"ImageObject","inLanguage":"cs","@id":"https:\/\/evertonfc.cz\/#\/schema\/logo\/image\/","url":"https:\/\/evertonfc.cz\/wp-content\/uploads\/2019\/05\/logo.png","contentUrl":"https:\/\/evertonfc.cz\/wp-content\/uploads\/2019\/05\/logo.png","width":112,"height":112,"caption":"Official Czech & Slovak Everton Supporters' Club"},"image":{"@id":"https:\/\/evertonfc.cz\/#\/schema\/logo\/image\/"},"sameAs":["https:\/\/www.facebook.com\/everton.fans.cz.sk"]},{"@type":"Person","@id":"https:\/\/evertonfc.cz\/#\/schema\/person\/f7a5daedb2ffee98480bc70e191aaef1","name":"Ri\u010di","sameAs":["https:\/\/x.com\/rbrejsa"],"url":"https:\/\/evertonfc.cz\/index.php\/author\/rici\/"}]}},"_links":{"self":[{"href":"https:\/\/evertonfc.cz\/index.php\/wp-json\/wp\/v2\/posts\/4007"}],"collection":[{"href":"https:\/\/evertonfc.cz\/index.php\/wp-json\/wp\/v2\/posts"}],"about":[{"href":"https:\/\/evertonfc.cz\/index.php\/wp-json\/wp\/v2\/types\/post"}],"author":[{"embeddable":true,"href":"https:\/\/evertonfc.cz\/index.php\/wp-json\/wp\/v2\/users\/6"}],"replies":[{"embeddable":true,"href":"https:\/\/evertonfc.cz\/index.php\/wp-json\/wp\/v2\/comments?post=4007"}],"version-history":[{"count":2,"href":"https:\/\/evertonfc.cz\/index.php\/wp-json\/wp\/v2\/posts\/4007\/revisions"}],"predecessor-version":[{"id":7048,"href":"https:\/\/evertonfc.cz\/index.php\/wp-json\/wp\/v2\/posts\/4007\/revisions\/7048"}],"wp:featuredmedia":[{"embeddable":true,"href":"https:\/\/evertonfc.cz\/index.php\/wp-json\/wp\/v2\/media\/1313"}],"wp:attachment":[{"href":"https:\/\/evertonfc.cz\/index.php\/wp-json\/wp\/v2\/media?parent=4007"}],"wp:term":[{"taxonomy":"category","embeddable":true,"href":"https:\/\/evertonfc.cz\/index.php\/wp-json\/wp\/v2\/categories?post=4007"},{"taxonomy":"post_tag","embeddable":true,"href":"https:\/\/evertonfc.cz\/index.php\/wp-json\/wp\/v2\/tags?post=4007"}],"curies":[{"name":"wp","href":"https:\/\/api.w.org\/{rel}","templated":true}]}}