{"id":4009,"date":"2011-01-24T18:35:04","date_gmt":"2011-01-24T17:35:04","guid":{"rendered":"http:\/\/evertonfc.cz\/?p=4009"},"modified":"2019-02-12T18:39:05","modified_gmt":"2019-02-12T17:39:05","slug":"stydlin-leighton-baines","status":"publish","type":"post","link":"https:\/\/evertonfc.cz\/index.php\/2011\/01\/24\/stydlin-leighton-baines\/","title":{"rendered":"Stydl\u00edn Leighton Baines"},"content":{"rendered":"<h4>Na fotbalov\u00e9 map\u011b Anglie nelze naj\u00edt mnoho lep\u0161\u00edch bek\u016f, ne\u017e kter\u00fdm je Leighton Baines. Hv\u011bzda Evertonu se p\u0159itom ve velk\u00e9m fotbale prosadila p\u0159esto, \u017ee na to vlastn\u011b ani nem\u00e1 povahu.<\/h4>\n<p>Dnes se tomu m\u016f\u017ee sm\u00e1t, ale v\u011b\u0159te tomu, \u017ee v d\u0159\u00edv\u011bj\u0161\u00edch letech Leightona Bainese sr\u00e1\u017eelo extr\u00e9mn\u011b n\u00edzk\u00e9 sebev\u011bdom\u00ed. A to snad ve v\u0161ech ohledech \u017eivota. Sou\u010dasn\u00fd lev\u00fd bek Toffees a \u010d\u00e1ste\u010dn\u011b tak\u00e9 reprezentant Albionu, bez n\u011bho\u017e si David Moyes nedovede p\u0159edstavit jedin\u00fd, by\u0165 i nev\u00fdznamn\u00fd z\u00e1pas, u\u017e jako mal\u00fd kluk p\u0159\u00edli\u0161 sebed\u016fv\u011bry nepobral a se sv\u00fdm probl\u00e9mem se musel popasovat i coby profesion\u00e1ln\u00ed fotbalista.<\/p>\n<p>Noc p\u0159ed z\u00e1pasem dokonce mnohdy nemohl oka zamhou\u0159it a v kontextu sebev\u011bdom\u00ed mu zprvu nep\u0159idal ani p\u0159estup do Evertonu p\u0159ed t\u0159emi a p\u016fl lety. Do tehdej\u0161\u00edho tr\u00e9ninkov\u00e9ho st\u0159ediska v Bellefieldu poprv\u00e9 jel se silnou nervozitou a nejist\u00fdm o\u010dek\u00e1v\u00e1m, jak nov\u00e1\u010dka vlastn\u011b nov\u00ed spoluhr\u00e1\u010di p\u0159ijmou.<\/p>\n<p><em>\u201eV\u017edycky jsem se sv\u00fdm sebev\u011bdom\u00edm bojoval. Do Evertonu jsem cht\u011bl stra\u0161n\u011b moc, ale jakmile byl p\u0159estup dokon\u010den, dostal jsem se do podivn\u00e9ho stavu mysli,\u201c<\/em>\u00a0vysv\u011btluje.<em>\u00a0\u201eB\u00e1l jsem se, \u017ee bude t\u011b\u017ek\u00e9 se v klubu usadit, \u017ee nebudu dost dobr\u00fd, a \u017ee se neprosad\u00edm. A d\u011blal jsem si starosti kv\u016fli tomu, co si o m\u011b budou myslet ostatn\u00ed, u\u017e v\u017eit\u00ed hr\u00e1\u010di. Myslel jsem, \u017ee se na m\u011b pod\u00edvaj\u00ed a za\u010dnou se divit, co tady ten kluk z Wiganu v\u016fbec d\u011bl\u00e1,\u201c\u00a0<\/em>p\u0159izn\u00e1v\u00e1 rod\u00e1k z Kirkby.<\/p>\n<p>Tak, jak u\u017e to ve v\u011bt\u0161in\u011b p\u0159\u00edpad\u016f b\u00fdv\u00e1, se ale b\u00e1l zcela zbyte\u010dn\u011b. P\u0159esto ale Baines tvrd\u00ed, \u017ee starostlivcem je prost\u011b od p\u0159\u00edrody. I z toho d\u016fvodu tak u n\u011bj s maxim\u00e1ln\u00ed pravd\u011bpodobnost\u00ed nikdy nehroz\u00ed pov\u00fd\u0161eneck\u00e9 uva\u017eov\u00e1n\u00ed, \u017ee mu sv\u011bt le\u017e\u00ed u nohou, tak jako u \u0159ady jin\u00fdch p\u0159\u00edpad\u016f. Naopak podle sv\u00fdch slov str\u00e1v\u00ed daleko v\u00edc \u010dasu p\u0159izn\u00e1v\u00e1n\u00edm sv\u00fdch vlastn\u00edch chyb.<\/p>\n<p><em>\u201eTe\u010f u\u017e se to zlep\u0161ilo, ale kdy\u017e jsem hr\u00e1val za Wigan, bylo to docela v\u00e1\u017en\u00e9. Kdy\u017e mi bylo 18, neodv\u00e1\u017eil jsem se nikomu \u0159\u00edct, \u017ee budu otcem\u00a0<\/em>(synovi Reissovi je u\u017e sedm let)<em>, proto\u017ee jsem se d\u011bsil t\u00e9 reakce. Byl jsem vystra\u0161en\u00fd, \u017ee by si mohli myslet, \u017ee za\u010dnu m\u00edt probl\u00e9my, \u017ee budu \u010dasto rozpt\u00fdlen\u00fd a \u017ee budu po noc\u00edch vzh\u016fru.<\/em><\/p>\n<p><em>Paul Jewell si m\u011b \u010dasto zval do sv\u00e9 kancel\u00e1\u0159e a \u0159\u00edkal mi, jak dobr\u00fd jsem. Chv\u00edli jsem se c\u00edtil opravdu dob\u0159e, pak to ale odezn\u011blo a za\u010dal jsem si \u0159\u00edkat, &#8222;V\u017edy\u0165 j\u00e1 jsem ho zm\u00e1tl, nejsem ani z poloviny tak dobr\u00fd, jak si mysl\u00ed.&#8220; V\u00edm, \u017ee to zn\u00ed bl\u00e1zniv\u011b, ale takov\u00fd prost\u011b jsem. Lidi mi \u0159\u00edkaj\u00ed, \u017ee jsem dobr\u00fd fotbalista, tak\u017ee v\u00edm, \u017ee na tom n\u011bco bude, ale vzadu v m\u00e9 mysli byl hl\u00e1sek a ten \u0159\u00edkal, &#8222;Je jen ot\u00e1zka \u010dasu, ne\u017e si v\u0161ichni uv\u011bdom\u00ed, \u017ee nic z toho nen\u00ed pravda.<\/em><\/p>\n<p><em>Celou dobu, co jsem hr\u00e1l za Wigan v Championship, jsem do z\u00e1pas\u016f chodil s t\u00edm, \u017ee jsem si \u0159\u00edkal, &#8222;Brzy na to p\u0159ijdou, tohle je ur\u010dit\u011b ten t\u00fdden, kdy m\u011b prokouknou.&#8220; Ka\u017ed\u00fdm utk\u00e1n\u00edm jsem \u010dekal, \u017ee vypadnu ze z\u00e1kladn\u00ed sestavy, a\u010dkoliv jsem m\u011bl pevn\u00e9 m\u00edsto. V\u0161echno, nad \u010d\u00edm jsem dok\u00e1zal p\u0159em\u00fd\u0161let bylo, &#8222;Nem\u016f\u017ee u\u017e to b\u00fdt dlouho, ne\u017e mana\u017eer p\u0159ivede n\u011bkoho, kdo by m\u011b nahradil.<\/em><\/p>\n<p><em>Pak jsme postoupili do Premier League a j\u00e1 si \u0159\u00edkal, \u201cKam te\u010f asi p\u016fjdu?\u201c M\u011bl jsem oslavovat, ale velkou \u010d\u00e1st l\u00e9ta jsem str\u00e1vil tr\u00e1pen\u00edm se nad t\u00edm, jak\u00e9 asi bude vysed\u00e1vat dal\u0161\u00ed sezonu na lavi\u010dce a hr\u00e1t za rezervu.\u201c<\/em><\/p>\n<p>Bainesova kompletn\u00ed absence by\u0165 sebemen\u0161\u00edho ega, m\u016f\u017ee p\u016fsobit, pochopiteln\u011b sp\u00ed\u0161e u n\u011b\u017en\u011bj\u0161\u00edho pohlav\u00ed roztomile, ale kdy\u017e jej sledujeme na fotbalov\u00e9m pa\u017eitu, jsou jeho skromn\u00e9 charakterov\u00e9 vlastnosti p\u0159ece jen p\u0159ekvapuj\u00edc\u00ed.<\/p>\n<p>Jeho sebev\u011bdom\u00e9 \u00fato\u010dn\u00e9 v\u00fdpady, p\u0159esn\u00e9 p\u0159ihr\u00e1vky (aktu\u00e1ln\u011b m\u00e1 na kont\u011b ji\u017e sedm asistenc\u00ed &#8211; zdaleka nejv\u00edc ze v\u0161ech obr\u00e1nc\u016f v sout\u011b\u017ei) a samoz\u0159ejm\u011b spolehliv\u00e1 obrann\u00e1 \u010dinnost, mu mezi Evertonians vyslou\u017eily neskonal\u00fd obdiv. Odchodu z klubu, ve kter\u00e9m hr\u00e1val od sv\u00fdch n\u00e1ctilet\u00fdch rok\u016f, tak litovat nemus\u00ed. Rozhodn\u011b ale na Wigan nezapom\u00edn\u00e1.<\/p>\n<p><em>\u201eZa\u017eil jsem tak skv\u011bl\u00e9 \u010dasy, bylo kr\u00e1sn\u00e9 b\u00fdt sou\u010d\u00e1st\u00ed tolik \u00fasp\u011b\u0161n\u00e9 party. V\u017edycky na ty roky budu s l\u00e1skou vzpom\u00ednat,\u201c\u00a0<\/em>\u0159\u00edk\u00e1.<em>\u00a0\u201eDostal jsem se ale do bodu, kde jsem p\u0159\u00edli\u0161 zpohodln\u011bl. V t\u00fdmu nebyl nikdo, kdo by pro m\u011b p\u0159edstavoval konkurenci, kdo by m\u011b mohl z m\u00e9ho postu vytla\u010dit. Za\u010dal jsem stagnovat, a to se mi nel\u00edbilo. Bylo fantastick\u00e9 pomoct t\u00fdmu v posledn\u00edm kole proti Sheffieldu United k z\u00e1chran\u011b, ale na konci toho z\u00e1pasu u\u017e jsem v\u011bd\u011bl, \u017ee chci odej\u00edt.\u201c<\/em><\/p>\n<p>Prvn\u00edm klubem, kter\u00fd po talentovan\u00e9m mlad\u00edkovi zatou\u017eil, byl Sunderland.<em>\u00a0&#8222;Do Sunderlandu jsem jel a cel\u00fd klub &#8211; stadion, tr\u00e9ninkov\u00e9 h\u0159i\u0161t\u011b, mana\u017eer, byl fantastick\u00fd. Sednul jsem si s Royem Keanem, pov\u00eddali jsme si asi 45 minut. Byl velmi zdvo\u0159il\u00fd, p\u0159\u00e1telsk\u00fd a uvoln\u011bn\u00fd, prost\u011b v\u0161echny v\u011bci, kter\u00e9 byste od Roye Keana asi ne\u010dekali.&#8220;<\/em><\/p>\n<p><em>\u201eByl jsem na v\u00e1\u017ek\u00e1ch, bylo to u m\u011b fifty fifty, ale on \u0159ekl, \u201cPokud m\u00e1\u0161 sebemen\u0161\u00ed pochybnosti, ned\u011blej to.\u201c Tak\u017ee jsem mu za dva dny zavolal a \u0159ekl jsem, \u017ee to nem\u016f\u017eu ud\u011blat. Byl zklaman\u00fd, ale mysl\u00edm, \u017ee ocenil, \u017ee jsem se mu ozval osobn\u011b, ne\u017e abych nechal n\u011bkoho, aby to ud\u011blal za m\u011b.\u201c<\/em><\/p>\n<p>U\u017e tehdy toti\u017e Baines v\u011bd\u011bl, \u017ee o jeho slu\u017eby stoj\u00ed i Everton, jeho lok\u00e1ln\u00ed klub. Vol\u00e1n\u00ed domovsk\u00e9ho Merseyside tak bylo p\u0159\u00edli\u0161 siln\u00e9, ne\u017e aby mu \u0161lo odolat. Tehdy dvaadvacetilet\u00fd bek dal Evertonu p\u0159ednost p\u0159ed v\u0161emi ostatn\u00edmi nab\u00eddkami, a\u010dkoliv Toffees poka\u017ed\u00e9 nebyli jeho obl\u00edben\u00fdm klubem.<\/p>\n<p><em>\u201eVe skute\u010dnosti jsem nejd\u0159\u00edv fandil Liverpoolu, proto\u017ee mu fand\u00ed m\u016fj otec a fotbalistou, kter\u00e9ho jsem obdivoval, byl Robbie Fowler. Byl to dal\u0161\u00ed levonoh\u00fd hr\u00e1\u010d a j\u00e1 ho miloval. Ve \u0161kole p\u0159i fotbale jsem si na n\u011bj poka\u017ed\u00e9 hr\u00e1l. Byl jsem ale hodn\u011b mal\u00fd a nem\u011bl jsem r\u00e1d ten vzruch na tribun\u00e1ch. O Liverpool jsem se zanedlouho p\u0159estal zaj\u00edmat, ale sledov\u00e1n\u00ed fotbalu jsem d\u00e1l miloval.<\/em><\/p>\n<p><em>Byl jsem na fin\u00e1le FA Cupu 1995, kdy\u017e jsme porazili Manchester United a m\u011bl jsem obdob\u00ed, kdy jsem m\u011bl r\u00e1d Blackburn, proto\u017ee m\u011bli v \u00fatoku Alana Shearera a Chrise Suttona. Potom jsem ale za\u010dal podrobn\u011b sledovat Everton, to mi bylo kolem 14. M\u00e1ma mi nedovolila chodit na Goodison samotn\u00e9ho, ale bratranec byl o t\u0159i roky star\u0161\u00ed, tak\u017ee jsme o v\u00edkendu nasedli na autobus, z Kirkby st\u00e1l 50 penc\u00ed a potulovali jsme se kolem stadionu do prvn\u00ed chv\u00edle, ne\u017e jsme kone\u010dn\u011b mohli dovnit\u0159.\u201c<\/em><\/p>\n<p>Vzpom\u00ednky ze \u0161koln\u00edch let &#8211; povzbuzov\u00e1n\u00ed Evertonu z Gwladys Street a v\u011b\u0161en\u00ed plak\u00e1t\u016f s Duncanem Fergusonem ve sv\u00e9m pokoji, mo\u017en\u00e1 napomohly k ustra\u0161en\u00e9mu za\u010d\u00e1tku jeho snov\u00e9ho anga\u017em\u00e1. Podobn\u00e9 starosti u\u017e ale Leighton dlouho \u0159e\u0161it nemus\u00ed.<\/p>\n<p><em>\u201eHned jakmile jsem dorazil, jsem si uv\u011bdomil, jak norm\u00e1ln\u00ed tu vlastn\u011b v\u0161ichni jsou. Ka\u017ed\u00fd m\u011b p\u0159iv\u00edtal, a to mi moc pomohlo. Nebylo to v\u016fbec t\u011b\u017ek\u00e9, naopak p\u0159ekvapiv\u011b jednoduch\u00e9. Od prvn\u00edch dn\u016f jsem se v Evertonu c\u00edtil jako doma, i kdy\u017e jsem nev\u011b\u0159il tomu, \u017ee to tak bude,\u201c<\/em>\u00a0\u0159\u00edk\u00e1 spokojen\u011b po v\u00edce ne\u017e t\u0159ech letech.<\/p>\n","protected":false},"excerpt":{"rendered":"<p>Na fotbalov\u00e9 map\u011b Anglie nelze naj\u00edt mnoho lep\u0161\u00edch bek\u016f, ne\u017e kter\u00fdm je Leighton Baines. Hv\u011bzda Evertonu se p\u0159itom ve velk\u00e9m&hellip;<\/p>\n","protected":false},"author":7,"featured_media":1312,"comment_status":"open","ping_status":"closed","sticky":false,"template":"","format":"standard","meta":{"_eb_attr":"","_monsterinsights_skip_tracking":false,"_monsterinsights_sitenote_active":false,"_monsterinsights_sitenote_note":"","_monsterinsights_sitenote_category":0,"footnotes":""},"categories":[1],"tags":[],"yoast_head":"<!-- This site is optimized with the Yoast SEO plugin v23.4 - https:\/\/yoast.com\/wordpress\/plugins\/seo\/ -->\n<title>Stydl\u00edn Leighton Baines - Official Czech &amp; Slovak Everton Supporters&#039; Club<\/title>\n<meta name=\"robots\" content=\"index, follow, max-snippet:-1, max-image-preview:large, max-video-preview:-1\" \/>\n<link rel=\"canonical\" href=\"https:\/\/evertonfc.cz\/index.php\/2011\/01\/24\/stydlin-leighton-baines\/\" \/>\n<meta property=\"og:locale\" content=\"cs_CZ\" \/>\n<meta property=\"og:type\" content=\"article\" \/>\n<meta property=\"og:title\" content=\"Stydl\u00edn Leighton Baines - Official Czech &amp; Slovak Everton Supporters&#039; Club\" \/>\n<meta property=\"og:description\" content=\"Na fotbalov\u00e9 map\u011b Anglie nelze naj\u00edt mnoho lep\u0161\u00edch bek\u016f, ne\u017e kter\u00fdm je Leighton Baines. Hv\u011bzda Evertonu se p\u0159itom ve velk\u00e9m&hellip;\" \/>\n<meta property=\"og:url\" content=\"https:\/\/evertonfc.cz\/index.php\/2011\/01\/24\/stydlin-leighton-baines\/\" \/>\n<meta property=\"og:site_name\" content=\"Official Czech &amp; Slovak Everton Supporters&#039; Club\" \/>\n<meta property=\"article:publisher\" content=\"https:\/\/www.facebook.com\/everton.fans.cz.sk\" \/>\n<meta property=\"article:published_time\" content=\"2011-01-24T17:35:04+00:00\" \/>\n<meta property=\"article:modified_time\" content=\"2019-02-12T17:39:05+00:00\" \/>\n<meta property=\"og:image\" content=\"https:\/\/evertonfc.cz\/wp-content\/uploads\/2019\/01\/interview.jpg\" \/>\n\t<meta property=\"og:image:width\" content=\"720\" \/>\n\t<meta property=\"og:image:height\" content=\"405\" \/>\n\t<meta property=\"og:image:type\" content=\"image\/jpeg\" \/>\n<meta name=\"author\" content=\"Me\u0148a\" \/>\n<meta name=\"twitter:card\" content=\"summary_large_image\" \/>\n<meta name=\"twitter:label1\" content=\"Napsal(a)\" \/>\n\t<meta name=\"twitter:data1\" content=\"Me\u0148a\" \/>\n\t<meta name=\"twitter:label2\" content=\"Odhadovan\u00e1 doba \u010dten\u00ed\" \/>\n\t<meta name=\"twitter:data2\" content=\"7 minut\" \/>\n<script type=\"application\/ld+json\" class=\"yoast-schema-graph\">{\"@context\":\"https:\/\/schema.org\",\"@graph\":[{\"@type\":\"Article\",\"@id\":\"https:\/\/evertonfc.cz\/index.php\/2011\/01\/24\/stydlin-leighton-baines\/#article\",\"isPartOf\":{\"@id\":\"https:\/\/evertonfc.cz\/index.php\/2011\/01\/24\/stydlin-leighton-baines\/\"},\"author\":{\"name\":\"Me\u0148a\",\"@id\":\"https:\/\/evertonfc.cz\/#\/schema\/person\/cd6328a75577de2add7793fd4b0930c3\"},\"headline\":\"Stydl\u00edn Leighton Baines\",\"datePublished\":\"2011-01-24T17:35:04+00:00\",\"dateModified\":\"2019-02-12T17:39:05+00:00\",\"mainEntityOfPage\":{\"@id\":\"https:\/\/evertonfc.cz\/index.php\/2011\/01\/24\/stydlin-leighton-baines\/\"},\"wordCount\":1397,\"commentCount\":0,\"publisher\":{\"@id\":\"https:\/\/evertonfc.cz\/#organization\"},\"image\":{\"@id\":\"https:\/\/evertonfc.cz\/index.php\/2011\/01\/24\/stydlin-leighton-baines\/#primaryimage\"},\"thumbnailUrl\":\"https:\/\/evertonfc.cz\/wp-content\/uploads\/2019\/01\/interview.jpg\",\"articleSection\":[\"Rozhovory\"],\"inLanguage\":\"cs\",\"potentialAction\":[{\"@type\":\"CommentAction\",\"name\":\"Comment\",\"target\":[\"https:\/\/evertonfc.cz\/index.php\/2011\/01\/24\/stydlin-leighton-baines\/#respond\"]}]},{\"@type\":\"WebPage\",\"@id\":\"https:\/\/evertonfc.cz\/index.php\/2011\/01\/24\/stydlin-leighton-baines\/\",\"url\":\"https:\/\/evertonfc.cz\/index.php\/2011\/01\/24\/stydlin-leighton-baines\/\",\"name\":\"Stydl\u00edn Leighton Baines - Official Czech &amp; Slovak Everton Supporters&#039; Club\",\"isPartOf\":{\"@id\":\"https:\/\/evertonfc.cz\/#website\"},\"primaryImageOfPage\":{\"@id\":\"https:\/\/evertonfc.cz\/index.php\/2011\/01\/24\/stydlin-leighton-baines\/#primaryimage\"},\"image\":{\"@id\":\"https:\/\/evertonfc.cz\/index.php\/2011\/01\/24\/stydlin-leighton-baines\/#primaryimage\"},\"thumbnailUrl\":\"https:\/\/evertonfc.cz\/wp-content\/uploads\/2019\/01\/interview.jpg\",\"datePublished\":\"2011-01-24T17:35:04+00:00\",\"dateModified\":\"2019-02-12T17:39:05+00:00\",\"breadcrumb\":{\"@id\":\"https:\/\/evertonfc.cz\/index.php\/2011\/01\/24\/stydlin-leighton-baines\/#breadcrumb\"},\"inLanguage\":\"cs\",\"potentialAction\":[{\"@type\":\"ReadAction\",\"target\":[\"https:\/\/evertonfc.cz\/index.php\/2011\/01\/24\/stydlin-leighton-baines\/\"]}]},{\"@type\":\"ImageObject\",\"inLanguage\":\"cs\",\"@id\":\"https:\/\/evertonfc.cz\/index.php\/2011\/01\/24\/stydlin-leighton-baines\/#primaryimage\",\"url\":\"https:\/\/evertonfc.cz\/wp-content\/uploads\/2019\/01\/interview.jpg\",\"contentUrl\":\"https:\/\/evertonfc.cz\/wp-content\/uploads\/2019\/01\/interview.jpg\",\"width\":720,\"height\":405},{\"@type\":\"BreadcrumbList\",\"@id\":\"https:\/\/evertonfc.cz\/index.php\/2011\/01\/24\/stydlin-leighton-baines\/#breadcrumb\",\"itemListElement\":[{\"@type\":\"ListItem\",\"position\":1,\"name\":\"Home\",\"item\":\"https:\/\/evertonfc.cz\/\"},{\"@type\":\"ListItem\",\"position\":2,\"name\":\"Stydl\u00edn Leighton Baines\"}]},{\"@type\":\"WebSite\",\"@id\":\"https:\/\/evertonfc.cz\/#website\",\"url\":\"https:\/\/evertonfc.cz\/\",\"name\":\"Official Czech &amp; Slovak Everton Supporters&#039; Club\",\"description\":\"\",\"publisher\":{\"@id\":\"https:\/\/evertonfc.cz\/#organization\"},\"potentialAction\":[{\"@type\":\"SearchAction\",\"target\":{\"@type\":\"EntryPoint\",\"urlTemplate\":\"https:\/\/evertonfc.cz\/?s={search_term_string}\"},\"query-input\":{\"@type\":\"PropertyValueSpecification\",\"valueRequired\":true,\"valueName\":\"search_term_string\"}}],\"inLanguage\":\"cs\"},{\"@type\":\"Organization\",\"@id\":\"https:\/\/evertonfc.cz\/#organization\",\"name\":\"Official Czech & Slovak Everton Supporters' Club\",\"url\":\"https:\/\/evertonfc.cz\/\",\"logo\":{\"@type\":\"ImageObject\",\"inLanguage\":\"cs\",\"@id\":\"https:\/\/evertonfc.cz\/#\/schema\/logo\/image\/\",\"url\":\"https:\/\/evertonfc.cz\/wp-content\/uploads\/2019\/05\/logo.png\",\"contentUrl\":\"https:\/\/evertonfc.cz\/wp-content\/uploads\/2019\/05\/logo.png\",\"width\":112,\"height\":112,\"caption\":\"Official Czech & Slovak Everton Supporters' Club\"},\"image\":{\"@id\":\"https:\/\/evertonfc.cz\/#\/schema\/logo\/image\/\"},\"sameAs\":[\"https:\/\/www.facebook.com\/everton.fans.cz.sk\"]},{\"@type\":\"Person\",\"@id\":\"https:\/\/evertonfc.cz\/#\/schema\/person\/cd6328a75577de2add7793fd4b0930c3\",\"name\":\"Me\u0148a\",\"url\":\"https:\/\/evertonfc.cz\/index.php\/author\/mena\/\"}]}<\/script>\n<!-- \/ Yoast SEO plugin. -->","yoast_head_json":{"title":"Stydl\u00edn Leighton Baines - Official Czech &amp; Slovak Everton Supporters&#039; Club","robots":{"index":"index","follow":"follow","max-snippet":"max-snippet:-1","max-image-preview":"max-image-preview:large","max-video-preview":"max-video-preview:-1"},"canonical":"https:\/\/evertonfc.cz\/index.php\/2011\/01\/24\/stydlin-leighton-baines\/","og_locale":"cs_CZ","og_type":"article","og_title":"Stydl\u00edn Leighton Baines - Official Czech &amp; Slovak Everton Supporters&#039; Club","og_description":"Na fotbalov\u00e9 map\u011b Anglie nelze naj\u00edt mnoho lep\u0161\u00edch bek\u016f, ne\u017e kter\u00fdm je Leighton Baines. Hv\u011bzda Evertonu se p\u0159itom ve velk\u00e9m&hellip;","og_url":"https:\/\/evertonfc.cz\/index.php\/2011\/01\/24\/stydlin-leighton-baines\/","og_site_name":"Official Czech &amp; Slovak Everton Supporters&#039; Club","article_publisher":"https:\/\/www.facebook.com\/everton.fans.cz.sk","article_published_time":"2011-01-24T17:35:04+00:00","article_modified_time":"2019-02-12T17:39:05+00:00","og_image":[{"width":720,"height":405,"url":"https:\/\/evertonfc.cz\/wp-content\/uploads\/2019\/01\/interview.jpg","type":"image\/jpeg"}],"author":"Me\u0148a","twitter_card":"summary_large_image","twitter_misc":{"Napsal(a)":"Me\u0148a","Odhadovan\u00e1 doba \u010dten\u00ed":"7 minut"},"schema":{"@context":"https:\/\/schema.org","@graph":[{"@type":"Article","@id":"https:\/\/evertonfc.cz\/index.php\/2011\/01\/24\/stydlin-leighton-baines\/#article","isPartOf":{"@id":"https:\/\/evertonfc.cz\/index.php\/2011\/01\/24\/stydlin-leighton-baines\/"},"author":{"name":"Me\u0148a","@id":"https:\/\/evertonfc.cz\/#\/schema\/person\/cd6328a75577de2add7793fd4b0930c3"},"headline":"Stydl\u00edn Leighton Baines","datePublished":"2011-01-24T17:35:04+00:00","dateModified":"2019-02-12T17:39:05+00:00","mainEntityOfPage":{"@id":"https:\/\/evertonfc.cz\/index.php\/2011\/01\/24\/stydlin-leighton-baines\/"},"wordCount":1397,"commentCount":0,"publisher":{"@id":"https:\/\/evertonfc.cz\/#organization"},"image":{"@id":"https:\/\/evertonfc.cz\/index.php\/2011\/01\/24\/stydlin-leighton-baines\/#primaryimage"},"thumbnailUrl":"https:\/\/evertonfc.cz\/wp-content\/uploads\/2019\/01\/interview.jpg","articleSection":["Rozhovory"],"inLanguage":"cs","potentialAction":[{"@type":"CommentAction","name":"Comment","target":["https:\/\/evertonfc.cz\/index.php\/2011\/01\/24\/stydlin-leighton-baines\/#respond"]}]},{"@type":"WebPage","@id":"https:\/\/evertonfc.cz\/index.php\/2011\/01\/24\/stydlin-leighton-baines\/","url":"https:\/\/evertonfc.cz\/index.php\/2011\/01\/24\/stydlin-leighton-baines\/","name":"Stydl\u00edn Leighton Baines - Official Czech &amp; Slovak Everton Supporters&#039; Club","isPartOf":{"@id":"https:\/\/evertonfc.cz\/#website"},"primaryImageOfPage":{"@id":"https:\/\/evertonfc.cz\/index.php\/2011\/01\/24\/stydlin-leighton-baines\/#primaryimage"},"image":{"@id":"https:\/\/evertonfc.cz\/index.php\/2011\/01\/24\/stydlin-leighton-baines\/#primaryimage"},"thumbnailUrl":"https:\/\/evertonfc.cz\/wp-content\/uploads\/2019\/01\/interview.jpg","datePublished":"2011-01-24T17:35:04+00:00","dateModified":"2019-02-12T17:39:05+00:00","breadcrumb":{"@id":"https:\/\/evertonfc.cz\/index.php\/2011\/01\/24\/stydlin-leighton-baines\/#breadcrumb"},"inLanguage":"cs","potentialAction":[{"@type":"ReadAction","target":["https:\/\/evertonfc.cz\/index.php\/2011\/01\/24\/stydlin-leighton-baines\/"]}]},{"@type":"ImageObject","inLanguage":"cs","@id":"https:\/\/evertonfc.cz\/index.php\/2011\/01\/24\/stydlin-leighton-baines\/#primaryimage","url":"https:\/\/evertonfc.cz\/wp-content\/uploads\/2019\/01\/interview.jpg","contentUrl":"https:\/\/evertonfc.cz\/wp-content\/uploads\/2019\/01\/interview.jpg","width":720,"height":405},{"@type":"BreadcrumbList","@id":"https:\/\/evertonfc.cz\/index.php\/2011\/01\/24\/stydlin-leighton-baines\/#breadcrumb","itemListElement":[{"@type":"ListItem","position":1,"name":"Home","item":"https:\/\/evertonfc.cz\/"},{"@type":"ListItem","position":2,"name":"Stydl\u00edn Leighton Baines"}]},{"@type":"WebSite","@id":"https:\/\/evertonfc.cz\/#website","url":"https:\/\/evertonfc.cz\/","name":"Official Czech &amp; Slovak Everton Supporters&#039; Club","description":"","publisher":{"@id":"https:\/\/evertonfc.cz\/#organization"},"potentialAction":[{"@type":"SearchAction","target":{"@type":"EntryPoint","urlTemplate":"https:\/\/evertonfc.cz\/?s={search_term_string}"},"query-input":{"@type":"PropertyValueSpecification","valueRequired":true,"valueName":"search_term_string"}}],"inLanguage":"cs"},{"@type":"Organization","@id":"https:\/\/evertonfc.cz\/#organization","name":"Official Czech & Slovak Everton Supporters' Club","url":"https:\/\/evertonfc.cz\/","logo":{"@type":"ImageObject","inLanguage":"cs","@id":"https:\/\/evertonfc.cz\/#\/schema\/logo\/image\/","url":"https:\/\/evertonfc.cz\/wp-content\/uploads\/2019\/05\/logo.png","contentUrl":"https:\/\/evertonfc.cz\/wp-content\/uploads\/2019\/05\/logo.png","width":112,"height":112,"caption":"Official Czech & Slovak Everton Supporters' Club"},"image":{"@id":"https:\/\/evertonfc.cz\/#\/schema\/logo\/image\/"},"sameAs":["https:\/\/www.facebook.com\/everton.fans.cz.sk"]},{"@type":"Person","@id":"https:\/\/evertonfc.cz\/#\/schema\/person\/cd6328a75577de2add7793fd4b0930c3","name":"Me\u0148a","url":"https:\/\/evertonfc.cz\/index.php\/author\/mena\/"}]}},"_links":{"self":[{"href":"https:\/\/evertonfc.cz\/index.php\/wp-json\/wp\/v2\/posts\/4009"}],"collection":[{"href":"https:\/\/evertonfc.cz\/index.php\/wp-json\/wp\/v2\/posts"}],"about":[{"href":"https:\/\/evertonfc.cz\/index.php\/wp-json\/wp\/v2\/types\/post"}],"author":[{"embeddable":true,"href":"https:\/\/evertonfc.cz\/index.php\/wp-json\/wp\/v2\/users\/7"}],"replies":[{"embeddable":true,"href":"https:\/\/evertonfc.cz\/index.php\/wp-json\/wp\/v2\/comments?post=4009"}],"version-history":[{"count":1,"href":"https:\/\/evertonfc.cz\/index.php\/wp-json\/wp\/v2\/posts\/4009\/revisions"}],"predecessor-version":[{"id":4010,"href":"https:\/\/evertonfc.cz\/index.php\/wp-json\/wp\/v2\/posts\/4009\/revisions\/4010"}],"wp:featuredmedia":[{"embeddable":true,"href":"https:\/\/evertonfc.cz\/index.php\/wp-json\/wp\/v2\/media\/1312"}],"wp:attachment":[{"href":"https:\/\/evertonfc.cz\/index.php\/wp-json\/wp\/v2\/media?parent=4009"}],"wp:term":[{"taxonomy":"category","embeddable":true,"href":"https:\/\/evertonfc.cz\/index.php\/wp-json\/wp\/v2\/categories?post=4009"},{"taxonomy":"post_tag","embeddable":true,"href":"https:\/\/evertonfc.cz\/index.php\/wp-json\/wp\/v2\/tags?post=4009"}],"curies":[{"name":"wp","href":"https:\/\/api.w.org\/{rel}","templated":true}]}}