{"id":4011,"date":"2011-02-02T18:39:19","date_gmt":"2011-02-02T17:39:19","guid":{"rendered":"http:\/\/evertonfc.cz\/?p=4011"},"modified":"2019-02-12T18:42:03","modified_gmt":"2019-02-12T17:42:03","slug":"co-dal","status":"publish","type":"post","link":"https:\/\/evertonfc.cz\/index.php\/2011\/02\/02\/co-dal\/","title":{"rendered":"Co d\u00e1l?"},"content":{"rendered":"<h4>Dal\u0161\u00edch hektick\u00fdch jednat\u0159icet p\u0159estupov\u00fdch dn\u00ed je za n\u00e1mi. Hektick\u00fdch? No ov\u0161em, jen je zapot\u0159eb\u00ed rozhl\u00e9dnout se kolem sebe. V Evertonu ticho jako v kostele.<\/h4>\n<p>Mrzoutsk\u00fd v\u00fdraz, spor\u00e9 odpov\u011bdi. Viditeln\u00e9 p\u0159\u00edznaky frustrovan\u00e9ho a ustaran\u00e9ho mu\u017ee. P\u0159esn\u011b tak se v posledn\u00edch t\u00fddnech na ve\u0159ejnosti prezentuje David Moyes. Jeho t\u00fdmu se po\u0159\u00e1d neda\u0159\u00ed, pot\u00e1c\u00ed se na \u010dtrn\u00e1ct\u00e9 p\u0159\u00ed\u010dce pouh\u00e9 \u010dty\u0159i body nad sestupov\u00fdm p\u00e1smem a k tomu znovu mus\u00ed bojovat s nekompetentnost\u00ed sou\u010dasn\u00e9ho veden\u00ed. <em>\u201ePt\u00e1te se \u0161patn\u00e9ho mu\u017ee,\u201c\u00a0<\/em>odsekl Skot zatrpkle na ot\u00e1zku jak\u00e9 v\u016fbec je, pracovat s rozpo\u010dtem o hodnot\u011b nula.<\/p>\n<p>Mizern\u00e9 n\u00e1lad\u011b samotn\u00e9ho mana\u017eera a st\u00e1le men\u0161\u00ed trp\u011blivosti fanou\u0161k\u016f s veden\u00edm klubu, se nen\u00ed co divit. Do druh\u00e9ho m\u011bs\u00edce roku Everton vstupuje s jasn\u011b slab\u0161\u00edm mu\u017estvem, ne\u017e kter\u00fdm disponoval p\u0159ed m\u011bs\u00edcem. Oslaben\u00ed tak trochu viselo ve vzduchu. Nad budoucnost\u00ed Stevena Pienaar se nep\u0159etr\u017eit\u011b diskutovalo jak byl rok dlouh\u00fd a vy\u00fast\u011bn\u00ed cel\u00e9 s\u00e1gy se odehr\u00e1lo pr\u00e1v\u011b v lednu.<\/p>\n<p>Jihoafri\u010dan byl p\u0159ed p\u0159\u00edchodem na Goodison Park zapomenut\u00fdm fotbalistou. V Borussii Dortmund nehr\u00e1l a nezapadl ani mezi spoluhr\u00e1\u010de, a tak s povd\u011bkem p\u0159ijal nab\u00eddku p\u0159esunu do Merseyside. V Evertonu m\u011bl naopak t\u00e9m\u011b\u0159 v\u0161echno &#8211; schopn\u00e9 spoluhr\u00e1\u010de, d\u016fv\u011bru mana\u017eera, oblibu fanou\u0161k\u016f. Nen\u00ed divu, \u017ee se brzy vypracoval v kl\u00ed\u010dov\u00e9ho hr\u00e1\u010de.<\/p>\n<p>Nejlep\u0161\u00edmu klubov\u00e9mu fotbalistovi p\u0159edchoz\u00ed sezony ale ve skute\u010dnosti chyb\u011blo to, po \u010dem ba\u017e\u00ed v\u0161ichni hr\u00e1\u010di &#8211; co nejvy\u0161\u0161\u00ed plat a samoz\u0159ejm\u011b i mo\u017enost zahr\u00e1t si Ligu Mistr\u016f. Kdy\u017e mu zv\u00fd\u0161en\u00ed platu nebylo dop\u0159\u00e1no ani v l\u00e9t\u011b, kdy se nej\u0161t\u011bd\u0159eji placen\u00fdm fotbalistou s \u00fadajn\u00fdmi 75 tis\u00edci t\u00fddn\u011b stal Mikel Arteta, za\u010dalo b\u00fdt v\u00edcem\u00e9n\u011b jasn\u00e9, \u017ee Pienaar\u016fv \u010das v Evertonu se ch\u00fdl\u00ed ke konci.<\/p>\n<p>David Moyes tak ud\u011blal, jak nejl\u00e9pe mohl. Ne\u017e aby musel sledovat, jak jeho lev\u00fd z\u00e1lo\u017en\u00edk odch\u00e1z\u00ed v l\u00e9t\u011b zadarmo, vyu\u017eil lednov\u00e9 p\u0159estupov\u00e9 okno k jeho prodeji. Ceny dos\u00e1hl maxim\u00e1ln\u00ed, kterou mohl za hr\u00e1\u010de jaho kvalit \u0161est m\u011bs\u00edc\u016f p\u0159ed vypr\u0161en\u00edm kontraktu, z\u00edskat &#8211; 3 miliony liber. D\u016fle\u017eit\u00fd hr\u00e1\u010d (le\u010d podle m\u00e9ho n\u00e1zoru ne a\u017e tak, jak si ve\u0159ejnost mysl\u00ed, o \u010dem\u017e sv\u011bd\u010d\u00ed jeho na z\u00e1lo\u017en\u00edka chab\u00e9 g\u00f3lov\u00e9 statistiky, \u010di miziv\u00fd po\u010det asistenc\u00ed &#8211; v leto\u0161n\u00ed sezon\u011b dokonce jedin\u00e1), si nakonec vybral Tottenham.<\/p>\n<p>Pochopiteln\u00fd Pienaar\u016fv odchod, ale z\u00e1hy n\u00e1sledoval o pozn\u00e1n\u00ed bizarn\u011bj\u0161\u00edm exodusem Yakubu. \u00dato\u010dn\u00edk, kter\u00fd pro\u017e\u00edv\u00e1 nejhor\u0161\u00ed etapu sv\u00e9 fotbalov\u00e9 kari\u00e9ry, se vydal na p\u016flro\u010dn\u00ed hostov\u00e1n\u00ed do ambici\u00f3zn\u00edho Leicesteru, ze kter\u00e9ho se d\u00edky zahrnut\u00e9 opci u\u017e nemus\u00ed vr\u00e1tit. Nigerijec tak vesele m\u016f\u017ee za\u010d\u00edt s resuscitac\u00ed sv\u00e9 upadl\u00e9 kari\u00e9ry. Jenom\u017ee mnoz\u00ed fanou\u0161ci Toffees nad cel\u00fdm obchodem jen nech\u00e1pav\u011b krout\u00ed hlavou.<\/p>\n<p>Kdy\u017e dal Moyes Yakubuovi na podzim v n\u011bkolika z\u00e1pasech \u0161anci, odm\u011bnil se mu vyda\u0159en\u00fdmi v\u00fdkony. Jenom\u017ee co nevid\u011bt se Afri\u010dan znovu ocitl na lavi\u010dce a znovu za\u010dal fotbal fl\u00e1kat. Vysv\u011btluje to ale, \u010di d\u00e1v\u00e1 rozumn\u00fd d\u016fvod, k jeho odchodu? V m\u00fdch o\u010d\u00edch nikoliv.<\/p>\n<p>Everton m\u00e1 v\u0161eobecn\u011b vzato slab\u00fd \u00fatok stoj\u00edc\u00ed na sklen\u011bn\u00e9m, st\u00e1rnouc\u00edm a nest\u00e1l\u00e9m Louisi Sahovi, prvoligov\u00e9mu nov\u00e1\u010dkovi Jermainu Beckfordovi, zcela evidentn\u00edm ne\u00fato\u010dn\u00edkovi Anichebemu a smola\u0159i Jamesi Vaughanovi. Pou\u0161t\u011bt zku\u0161en\u00e9ho Yaka, kter\u00fd si dal\u0161\u00ed \u0161anci zaslou\u017eil, ned\u00e1v\u00e1 smysl. Brzy Yakubua nav\u00edc n\u00e1sledoval i Vaughan, v jeho\u017e hostova\u010dce v Crystal Palace je opce rovn\u011b\u017e obsa\u017eena. Blues tak z\u016fstali se t\u0159emi forvardy. A od \u017e\u00e1dn\u00e9ho se z\u00e1zraky \u010dekat nedaj\u00ed.<\/p>\n<p>Everton tak oslabil o t\u0159i hr\u00e1\u010de, ale \u017ee by do t\u00fdmu pro zm\u011bnu zav\u00edtaly nov\u00e9 posily? Ani n\u00e1hodou. Oh, vlastn\u011b po\u010dkat! Na hostov\u00e1n\u00ed p\u0159i\u0161el sedmn\u00e1ctilet\u00fd anglick\u00fd stoper Sportingu Eric Dier. Ch\u00e1pe n\u011bkdo smysl hostov\u00e1n\u00ed tak mlad\u00e9ho borce, bez mo\u017enosti nakouknout do prvn\u00edho t\u00fdmu? J\u00e1 tedy ne. Copak juniorka nem\u00e1 sv\u00fdch kvalitn\u00edch, talentovan\u00fdch obr\u00e1nc\u016f dost?<\/p>\n<p>V posledn\u00ed p\u0159estupov\u00fd den pak \u010dty\u0159letou smlouvu podepsal nezn\u00e1m\u00fd devaten\u00e1ctilet\u00fd \u00fato\u010dn\u00edk \u0159eck\u00e9ho Iraklisu, Apostolos Vellios. Evidentn\u011b dal\u0161\u00ed z \u0159ady \u201cones for the future\u201c. Zku\u0161en\u00fd, nejl\u00e9pe \u00fato\u010dn\u00edk, kter\u00fd by Toffees napomohl vyno\u0159it se ze spodku tabulky, v nedohlednu. A to v\u0161echno v kontrastu megalomansk\u00e9ho utr\u00e1cen\u00ed, odehr\u00e1vaj\u00edc\u00edho se jenom o necelou m\u00edli d\u00e1l, na Anfield Road.&#8220;<\/p>\n<p><em>\u201eV\u011bd\u011bli jsme, jak\u00e1 situace je. Zkou\u0161el jsem p\u0159iv\u00e9st n\u011bkolik hr\u00e1\u010d\u016f na hostov\u00e1n\u00ed. Opravdu jsme se sna\u017eili,\u201c\u00a0<\/em>tvrd\u00ed Moyes. <em>\u201eAle sehnat hr\u00e1\u010de na hostova\u010dku, kte\u0159\u00ed by nebyli jen do po\u010dtu a t\u00fdmu by n\u011bco p\u0159idali, nen\u00ed jednoduch\u00e9. Takov\u00e1 je prost\u011b na\u0161e situace.\u201c<\/em>Situace tolik b\u00eddn\u00e1, \u017ee mana\u017eer m\u00e1 tak sv\u00e1zan\u00e9 ruce, \u017ee nem\u016f\u017ee p\u0159iv\u00e9st adekv\u00e1tn\u00ed n\u00e1hrady a vys\u00edl\u00e1 hr\u00e1\u010de po hostov\u00e1n\u00edch. To jasn\u011b mluv\u00ed o tom, \u017ee n\u011bco &#8222;tam naho\u0159e&#8220;, nen\u00ed v po\u0159\u00e1dku.<\/p>\n<p>Nen\u00ed tajemstv\u00edm, \u017ee v\u0161echny velk\u00e9 p\u0159estupy Everton financuje prodejem sv\u00fdch hr\u00e1\u010d\u016f. Patn\u00e1ctimilionov\u00fd p\u0159estup Marouane Fellainiho pokryl prodej Andyho Johnsona a Jamese McFaddena, pen\u00edze za Joleona Lescotta zase sta\u010dily k zisku Johna Heitingy, Sylvaina Distina a Diniyara Bilyaletdinova. Smutn\u00fdm faktem je, \u017ee v sou\u010dasn\u00e9 situaci se Evertonu jina\u010d\u00ed cesta nenaskytuje, a tak by nebylo p\u0159ekvapen\u00edm, kdyby \u0161el v l\u00e9t\u011b znovu n\u011bkdo z kola ven. A nepom\u016f\u017ee ani ji\u017e p\u0159edem v\u00edcem\u00e9n\u011b z\u0159ejm\u00e9 nelichotiv\u00e9 um\u00edst\u011bn\u00ed v tabulce.<\/p>\n<p>Je\u0161t\u011b onehdy ambici\u00f3zn\u00ed Everton, ve skute\u010dnosti klub na mizin\u011b, upad\u00e1. A jen st\u011b\u017e\u00ed si p\u0159edstavit, \u017ee pod Billem Kenwrightem, vede cesta sm\u011brem nahoru.<\/p>\n","protected":false},"excerpt":{"rendered":"<p>Dal\u0161\u00edch hektick\u00fdch jednat\u0159icet p\u0159estupov\u00fdch dn\u00ed je za n\u00e1mi. Hektick\u00fdch? No ov\u0161em, jen je zapot\u0159eb\u00ed rozhl\u00e9dnout se kolem sebe. V Evertonu&hellip;<\/p>\n","protected":false},"author":7,"featured_media":1310,"comment_status":"open","ping_status":"closed","sticky":false,"template":"","format":"standard","meta":{"_eb_attr":"","_monsterinsights_skip_tracking":false,"_monsterinsights_sitenote_active":false,"_monsterinsights_sitenote_note":"","_monsterinsights_sitenote_category":0,"footnotes":""},"categories":[39],"tags":[],"yoast_head":"<!-- This site is optimized with the Yoast SEO plugin v23.4 - https:\/\/yoast.com\/wordpress\/plugins\/seo\/ -->\n<title>Co d\u00e1l? - Official Czech &amp; Slovak Everton Supporters&#039; Club<\/title>\n<meta name=\"robots\" content=\"index, follow, max-snippet:-1, max-image-preview:large, max-video-preview:-1\" \/>\n<link rel=\"canonical\" href=\"https:\/\/evertonfc.cz\/index.php\/2011\/02\/02\/co-dal\/\" \/>\n<meta property=\"og:locale\" content=\"cs_CZ\" \/>\n<meta property=\"og:type\" content=\"article\" \/>\n<meta property=\"og:title\" content=\"Co d\u00e1l? - Official Czech &amp; Slovak Everton Supporters&#039; Club\" \/>\n<meta property=\"og:description\" content=\"Dal\u0161\u00edch hektick\u00fdch jednat\u0159icet p\u0159estupov\u00fdch dn\u00ed je za n\u00e1mi. Hektick\u00fdch? No ov\u0161em, jen je zapot\u0159eb\u00ed rozhl\u00e9dnout se kolem sebe. V Evertonu&hellip;\" \/>\n<meta property=\"og:url\" content=\"https:\/\/evertonfc.cz\/index.php\/2011\/02\/02\/co-dal\/\" \/>\n<meta property=\"og:site_name\" content=\"Official Czech &amp; Slovak Everton Supporters&#039; Club\" \/>\n<meta property=\"article:publisher\" content=\"https:\/\/www.facebook.com\/everton.fans.cz.sk\" \/>\n<meta property=\"article:published_time\" content=\"2011-02-02T17:39:19+00:00\" \/>\n<meta property=\"article:modified_time\" content=\"2019-02-12T17:42:03+00:00\" \/>\n<meta property=\"og:image\" content=\"https:\/\/evertonfc.cz\/wp-content\/uploads\/2019\/01\/blog.jpg\" \/>\n\t<meta property=\"og:image:width\" content=\"720\" \/>\n\t<meta property=\"og:image:height\" content=\"405\" \/>\n\t<meta property=\"og:image:type\" content=\"image\/jpeg\" \/>\n<meta name=\"author\" content=\"Me\u0148a\" \/>\n<meta name=\"twitter:card\" content=\"summary_large_image\" \/>\n<meta name=\"twitter:label1\" content=\"Napsal(a)\" \/>\n\t<meta name=\"twitter:data1\" content=\"Me\u0148a\" \/>\n\t<meta name=\"twitter:label2\" content=\"Odhadovan\u00e1 doba \u010dten\u00ed\" \/>\n\t<meta name=\"twitter:data2\" content=\"5 minut\" \/>\n<script type=\"application\/ld+json\" class=\"yoast-schema-graph\">{\"@context\":\"https:\/\/schema.org\",\"@graph\":[{\"@type\":\"Article\",\"@id\":\"https:\/\/evertonfc.cz\/index.php\/2011\/02\/02\/co-dal\/#article\",\"isPartOf\":{\"@id\":\"https:\/\/evertonfc.cz\/index.php\/2011\/02\/02\/co-dal\/\"},\"author\":{\"name\":\"Me\u0148a\",\"@id\":\"https:\/\/evertonfc.cz\/#\/schema\/person\/cd6328a75577de2add7793fd4b0930c3\"},\"headline\":\"Co d\u00e1l?\",\"datePublished\":\"2011-02-02T17:39:19+00:00\",\"dateModified\":\"2019-02-12T17:42:03+00:00\",\"mainEntityOfPage\":{\"@id\":\"https:\/\/evertonfc.cz\/index.php\/2011\/02\/02\/co-dal\/\"},\"wordCount\":1086,\"commentCount\":0,\"publisher\":{\"@id\":\"https:\/\/evertonfc.cz\/#organization\"},\"image\":{\"@id\":\"https:\/\/evertonfc.cz\/index.php\/2011\/02\/02\/co-dal\/#primaryimage\"},\"thumbnailUrl\":\"https:\/\/evertonfc.cz\/wp-content\/uploads\/2019\/01\/blog.jpg\",\"articleSection\":[\"Blog\"],\"inLanguage\":\"cs\",\"potentialAction\":[{\"@type\":\"CommentAction\",\"name\":\"Comment\",\"target\":[\"https:\/\/evertonfc.cz\/index.php\/2011\/02\/02\/co-dal\/#respond\"]}]},{\"@type\":\"WebPage\",\"@id\":\"https:\/\/evertonfc.cz\/index.php\/2011\/02\/02\/co-dal\/\",\"url\":\"https:\/\/evertonfc.cz\/index.php\/2011\/02\/02\/co-dal\/\",\"name\":\"Co d\u00e1l? - Official Czech &amp; Slovak Everton Supporters&#039; Club\",\"isPartOf\":{\"@id\":\"https:\/\/evertonfc.cz\/#website\"},\"primaryImageOfPage\":{\"@id\":\"https:\/\/evertonfc.cz\/index.php\/2011\/02\/02\/co-dal\/#primaryimage\"},\"image\":{\"@id\":\"https:\/\/evertonfc.cz\/index.php\/2011\/02\/02\/co-dal\/#primaryimage\"},\"thumbnailUrl\":\"https:\/\/evertonfc.cz\/wp-content\/uploads\/2019\/01\/blog.jpg\",\"datePublished\":\"2011-02-02T17:39:19+00:00\",\"dateModified\":\"2019-02-12T17:42:03+00:00\",\"breadcrumb\":{\"@id\":\"https:\/\/evertonfc.cz\/index.php\/2011\/02\/02\/co-dal\/#breadcrumb\"},\"inLanguage\":\"cs\",\"potentialAction\":[{\"@type\":\"ReadAction\",\"target\":[\"https:\/\/evertonfc.cz\/index.php\/2011\/02\/02\/co-dal\/\"]}]},{\"@type\":\"ImageObject\",\"inLanguage\":\"cs\",\"@id\":\"https:\/\/evertonfc.cz\/index.php\/2011\/02\/02\/co-dal\/#primaryimage\",\"url\":\"https:\/\/evertonfc.cz\/wp-content\/uploads\/2019\/01\/blog.jpg\",\"contentUrl\":\"https:\/\/evertonfc.cz\/wp-content\/uploads\/2019\/01\/blog.jpg\",\"width\":720,\"height\":405},{\"@type\":\"BreadcrumbList\",\"@id\":\"https:\/\/evertonfc.cz\/index.php\/2011\/02\/02\/co-dal\/#breadcrumb\",\"itemListElement\":[{\"@type\":\"ListItem\",\"position\":1,\"name\":\"Home\",\"item\":\"https:\/\/evertonfc.cz\/\"},{\"@type\":\"ListItem\",\"position\":2,\"name\":\"Co d\u00e1l?\"}]},{\"@type\":\"WebSite\",\"@id\":\"https:\/\/evertonfc.cz\/#website\",\"url\":\"https:\/\/evertonfc.cz\/\",\"name\":\"Official Czech &amp; Slovak Everton Supporters&#039; Club\",\"description\":\"\",\"publisher\":{\"@id\":\"https:\/\/evertonfc.cz\/#organization\"},\"potentialAction\":[{\"@type\":\"SearchAction\",\"target\":{\"@type\":\"EntryPoint\",\"urlTemplate\":\"https:\/\/evertonfc.cz\/?s={search_term_string}\"},\"query-input\":{\"@type\":\"PropertyValueSpecification\",\"valueRequired\":true,\"valueName\":\"search_term_string\"}}],\"inLanguage\":\"cs\"},{\"@type\":\"Organization\",\"@id\":\"https:\/\/evertonfc.cz\/#organization\",\"name\":\"Official Czech & Slovak Everton Supporters' Club\",\"url\":\"https:\/\/evertonfc.cz\/\",\"logo\":{\"@type\":\"ImageObject\",\"inLanguage\":\"cs\",\"@id\":\"https:\/\/evertonfc.cz\/#\/schema\/logo\/image\/\",\"url\":\"https:\/\/evertonfc.cz\/wp-content\/uploads\/2019\/05\/logo.png\",\"contentUrl\":\"https:\/\/evertonfc.cz\/wp-content\/uploads\/2019\/05\/logo.png\",\"width\":112,\"height\":112,\"caption\":\"Official Czech & Slovak Everton Supporters' Club\"},\"image\":{\"@id\":\"https:\/\/evertonfc.cz\/#\/schema\/logo\/image\/\"},\"sameAs\":[\"https:\/\/www.facebook.com\/everton.fans.cz.sk\"]},{\"@type\":\"Person\",\"@id\":\"https:\/\/evertonfc.cz\/#\/schema\/person\/cd6328a75577de2add7793fd4b0930c3\",\"name\":\"Me\u0148a\",\"url\":\"https:\/\/evertonfc.cz\/index.php\/author\/mena\/\"}]}<\/script>\n<!-- \/ Yoast SEO plugin. -->","yoast_head_json":{"title":"Co d\u00e1l? - Official Czech &amp; Slovak Everton Supporters&#039; Club","robots":{"index":"index","follow":"follow","max-snippet":"max-snippet:-1","max-image-preview":"max-image-preview:large","max-video-preview":"max-video-preview:-1"},"canonical":"https:\/\/evertonfc.cz\/index.php\/2011\/02\/02\/co-dal\/","og_locale":"cs_CZ","og_type":"article","og_title":"Co d\u00e1l? - Official Czech &amp; Slovak Everton Supporters&#039; Club","og_description":"Dal\u0161\u00edch hektick\u00fdch jednat\u0159icet p\u0159estupov\u00fdch dn\u00ed je za n\u00e1mi. Hektick\u00fdch? No ov\u0161em, jen je zapot\u0159eb\u00ed rozhl\u00e9dnout se kolem sebe. V Evertonu&hellip;","og_url":"https:\/\/evertonfc.cz\/index.php\/2011\/02\/02\/co-dal\/","og_site_name":"Official Czech &amp; Slovak Everton Supporters&#039; Club","article_publisher":"https:\/\/www.facebook.com\/everton.fans.cz.sk","article_published_time":"2011-02-02T17:39:19+00:00","article_modified_time":"2019-02-12T17:42:03+00:00","og_image":[{"width":720,"height":405,"url":"https:\/\/evertonfc.cz\/wp-content\/uploads\/2019\/01\/blog.jpg","type":"image\/jpeg"}],"author":"Me\u0148a","twitter_card":"summary_large_image","twitter_misc":{"Napsal(a)":"Me\u0148a","Odhadovan\u00e1 doba \u010dten\u00ed":"5 minut"},"schema":{"@context":"https:\/\/schema.org","@graph":[{"@type":"Article","@id":"https:\/\/evertonfc.cz\/index.php\/2011\/02\/02\/co-dal\/#article","isPartOf":{"@id":"https:\/\/evertonfc.cz\/index.php\/2011\/02\/02\/co-dal\/"},"author":{"name":"Me\u0148a","@id":"https:\/\/evertonfc.cz\/#\/schema\/person\/cd6328a75577de2add7793fd4b0930c3"},"headline":"Co d\u00e1l?","datePublished":"2011-02-02T17:39:19+00:00","dateModified":"2019-02-12T17:42:03+00:00","mainEntityOfPage":{"@id":"https:\/\/evertonfc.cz\/index.php\/2011\/02\/02\/co-dal\/"},"wordCount":1086,"commentCount":0,"publisher":{"@id":"https:\/\/evertonfc.cz\/#organization"},"image":{"@id":"https:\/\/evertonfc.cz\/index.php\/2011\/02\/02\/co-dal\/#primaryimage"},"thumbnailUrl":"https:\/\/evertonfc.cz\/wp-content\/uploads\/2019\/01\/blog.jpg","articleSection":["Blog"],"inLanguage":"cs","potentialAction":[{"@type":"CommentAction","name":"Comment","target":["https:\/\/evertonfc.cz\/index.php\/2011\/02\/02\/co-dal\/#respond"]}]},{"@type":"WebPage","@id":"https:\/\/evertonfc.cz\/index.php\/2011\/02\/02\/co-dal\/","url":"https:\/\/evertonfc.cz\/index.php\/2011\/02\/02\/co-dal\/","name":"Co d\u00e1l? - Official Czech &amp; Slovak Everton Supporters&#039; Club","isPartOf":{"@id":"https:\/\/evertonfc.cz\/#website"},"primaryImageOfPage":{"@id":"https:\/\/evertonfc.cz\/index.php\/2011\/02\/02\/co-dal\/#primaryimage"},"image":{"@id":"https:\/\/evertonfc.cz\/index.php\/2011\/02\/02\/co-dal\/#primaryimage"},"thumbnailUrl":"https:\/\/evertonfc.cz\/wp-content\/uploads\/2019\/01\/blog.jpg","datePublished":"2011-02-02T17:39:19+00:00","dateModified":"2019-02-12T17:42:03+00:00","breadcrumb":{"@id":"https:\/\/evertonfc.cz\/index.php\/2011\/02\/02\/co-dal\/#breadcrumb"},"inLanguage":"cs","potentialAction":[{"@type":"ReadAction","target":["https:\/\/evertonfc.cz\/index.php\/2011\/02\/02\/co-dal\/"]}]},{"@type":"ImageObject","inLanguage":"cs","@id":"https:\/\/evertonfc.cz\/index.php\/2011\/02\/02\/co-dal\/#primaryimage","url":"https:\/\/evertonfc.cz\/wp-content\/uploads\/2019\/01\/blog.jpg","contentUrl":"https:\/\/evertonfc.cz\/wp-content\/uploads\/2019\/01\/blog.jpg","width":720,"height":405},{"@type":"BreadcrumbList","@id":"https:\/\/evertonfc.cz\/index.php\/2011\/02\/02\/co-dal\/#breadcrumb","itemListElement":[{"@type":"ListItem","position":1,"name":"Home","item":"https:\/\/evertonfc.cz\/"},{"@type":"ListItem","position":2,"name":"Co d\u00e1l?"}]},{"@type":"WebSite","@id":"https:\/\/evertonfc.cz\/#website","url":"https:\/\/evertonfc.cz\/","name":"Official Czech &amp; Slovak Everton Supporters&#039; Club","description":"","publisher":{"@id":"https:\/\/evertonfc.cz\/#organization"},"potentialAction":[{"@type":"SearchAction","target":{"@type":"EntryPoint","urlTemplate":"https:\/\/evertonfc.cz\/?s={search_term_string}"},"query-input":{"@type":"PropertyValueSpecification","valueRequired":true,"valueName":"search_term_string"}}],"inLanguage":"cs"},{"@type":"Organization","@id":"https:\/\/evertonfc.cz\/#organization","name":"Official Czech & Slovak Everton Supporters' Club","url":"https:\/\/evertonfc.cz\/","logo":{"@type":"ImageObject","inLanguage":"cs","@id":"https:\/\/evertonfc.cz\/#\/schema\/logo\/image\/","url":"https:\/\/evertonfc.cz\/wp-content\/uploads\/2019\/05\/logo.png","contentUrl":"https:\/\/evertonfc.cz\/wp-content\/uploads\/2019\/05\/logo.png","width":112,"height":112,"caption":"Official Czech & Slovak Everton Supporters' Club"},"image":{"@id":"https:\/\/evertonfc.cz\/#\/schema\/logo\/image\/"},"sameAs":["https:\/\/www.facebook.com\/everton.fans.cz.sk"]},{"@type":"Person","@id":"https:\/\/evertonfc.cz\/#\/schema\/person\/cd6328a75577de2add7793fd4b0930c3","name":"Me\u0148a","url":"https:\/\/evertonfc.cz\/index.php\/author\/mena\/"}]}},"_links":{"self":[{"href":"https:\/\/evertonfc.cz\/index.php\/wp-json\/wp\/v2\/posts\/4011"}],"collection":[{"href":"https:\/\/evertonfc.cz\/index.php\/wp-json\/wp\/v2\/posts"}],"about":[{"href":"https:\/\/evertonfc.cz\/index.php\/wp-json\/wp\/v2\/types\/post"}],"author":[{"embeddable":true,"href":"https:\/\/evertonfc.cz\/index.php\/wp-json\/wp\/v2\/users\/7"}],"replies":[{"embeddable":true,"href":"https:\/\/evertonfc.cz\/index.php\/wp-json\/wp\/v2\/comments?post=4011"}],"version-history":[{"count":1,"href":"https:\/\/evertonfc.cz\/index.php\/wp-json\/wp\/v2\/posts\/4011\/revisions"}],"predecessor-version":[{"id":4012,"href":"https:\/\/evertonfc.cz\/index.php\/wp-json\/wp\/v2\/posts\/4011\/revisions\/4012"}],"wp:featuredmedia":[{"embeddable":true,"href":"https:\/\/evertonfc.cz\/index.php\/wp-json\/wp\/v2\/media\/1310"}],"wp:attachment":[{"href":"https:\/\/evertonfc.cz\/index.php\/wp-json\/wp\/v2\/media?parent=4011"}],"wp:term":[{"taxonomy":"category","embeddable":true,"href":"https:\/\/evertonfc.cz\/index.php\/wp-json\/wp\/v2\/categories?post=4011"},{"taxonomy":"post_tag","embeddable":true,"href":"https:\/\/evertonfc.cz\/index.php\/wp-json\/wp\/v2\/tags?post=4011"}],"curies":[{"name":"wp","href":"https:\/\/api.w.org\/{rel}","templated":true}]}}