{"id":4013,"date":"2011-02-01T18:42:12","date_gmt":"2011-02-01T17:42:12","guid":{"rendered":"http:\/\/evertonfc.cz\/?p=4013"},"modified":"2019-02-12T18:43:22","modified_gmt":"2019-02-12T17:43:22","slug":"arsenal-everton-21","status":"publish","type":"post","link":"https:\/\/evertonfc.cz\/index.php\/2011\/02\/01\/arsenal-everton-21\/","title":{"rendered":"Arsenal &#8211; Everton 2:1"},"content":{"rendered":"<h4>Stejn\u011b jako o v\u00edkendu v FA Cupu proti Chelsea i tentokr\u00e1t Everton vedl o jednu branku. Nad\u011bjn\u00fd v\u00fdsledek v\u0161ak zase neudr\u017eel, co v\u00edc inkasoval i podruh\u00e9, proto z Arsenalu odj\u00ed\u017ed\u00ed s pr\u00e1zdnou.<\/h4>\n<p>Proti Chelsea se jinak Toffees prezentovali dobr\u00fdm v\u00fdkonem, tak\u017ee mana\u017eer David Moyes nem\u011bl d\u016fvod m\u011bnit z\u00e1kladn\u00ed sestavu. Na lavi\u010dku n\u00e1hradn\u00edk\u016f se v\u0161ak po probl\u00e9mech s t\u0159\u00edsly vr\u00e1til Vic Anichebeho, kter\u00e9mu uvolnil m\u00edsto Tony Hibbert (ch\u0159ipka).<\/p>\n<p>Po \u00favodn\u00edch minut\u00e1ch, kdy se oba t\u00fdmy rozkouk\u00e1valy, zahrozil poprv\u00e9 v\u00fdrazn\u011bji Arsenal v 16. minut\u011b. Fabregas si narazil m\u00ed\u010d s van Persiem, \u0161pan\u011blsk\u00fd playmaker nast\u0159elil ov\u0161em jen bo\u010dn\u00ed s\u00ed\u0165. Dom\u00e1c\u00ed d\u00e1l pokra\u010dovali v aktivn\u00ed h\u0159e, d\u00edky d\u016frazu Songa se dostal do slibn\u00e9 palebn\u00e9 pozice Walcott. Howard p\u0159i jeho pokusu ale stihnul v\u010das sklapnout nohy.<\/p>\n<p>Ve 24. minut\u011b Coleman oblou\u010dkem za pomoc\u00ed te\u010de od Koscielnyho vysunul Sahu. Francouzsk\u00fd striker se rychle oto\u010dil a um\u00edst\u011bnou st\u0159elou k ty\u010di otev\u0159el sk\u00f3re &#8211;\u00a0<strong>0:1<\/strong>. Nutno v\u0161ak podotknout, \u017ee Louis Saha st\u00e1l v dob\u011b p\u0159ihr\u00e1vky minim\u00e1ln\u011b metr v ofsajdu.<\/p>\n<p>Robin van Persie um\u00ed zahr\u00e1vat nebezpe\u010dn\u00e9 rohy, o \u010dem\u017e se p\u0159esv\u011bd\u010dil Everton ve 32. minut\u011b. Po jeho rohov\u00e9m kopu hlavi\u010dkoval t\u011bsn\u011b mimo br\u00e1nu Djourou. Mezi t\u0159i ty\u010de se netrefil ani chv\u00edli na to Fabregas, jeho\u017e skv\u011bl\u00fdm sprintem dob\u011bhl Rodwell a znemo\u017enil mu klidn\u011bj\u0161\u00ed zakon\u010den\u00ed.<\/p>\n<p>V dal\u0161\u00ed \u0161anci se ocitl po dlouh\u00e9m a p\u0159esn\u00e9m pasu Wilshera van Persie, Holan\u010fan sv\u00fdm lobem p\u0159est\u0159elil Howarda ov\u0161em i br\u00e1nu, to b\u011b\u017eela 36. minuta. Na druh\u00e9 stran\u011b po hlavi\u010dkov\u00e9m p\u0159i\u0165uknut\u00ed od Bainese Bilyaletdinova vychytal vyb\u011bhnuv\u0161\u00ed Szczesny.<\/p>\n<p>Druhou p\u016fli na\u010dal rychl\u00fdm uvoln\u011bn\u00edm a st\u0159elou vedle \u010desk\u00fd legion\u00e1\u0159 Tom\u00e1\u0161 Rosick\u00fd. Jeho kolega van Persie si sice pozd\u011bji vedl o trochu l\u00e9pe, kdy\u017e trefil br\u00e1nu. Tima Howarda av\u0161ak nep\u0159ekvapil.<\/p>\n<p>V 63. minut\u011b st\u0159\u00eddaj\u00edc\u00ed Arshavin vyb\u00eddl ke sk\u00f3rov\u00e1n\u00ed van Persieho, kter\u00fd z oto\u010dky op\u011bt minul branku. Podobn\u011b pochodil i dal\u0161\u00ed Gunner &#8211; Diaby.<\/p>\n<p>V 70. minut\u011b se Arsenal do\u010dkal vyrovn\u00e1n\u00ed, Fabregas na\u0161el nad\u00fdchan\u00fdm oblou\u010dkem za obranou Arshavina, toho neuhl\u00eddal Rodwell, jen\u017e je\u0161t\u011b rusk\u00e9mu reprezentantovi p\u0159i\u0165ukl hlavou m\u00ed\u010d. Proti Howardovi to u\u017e m\u011bl pak Arshavin lehk\u00e9 a s p\u0159ehledem vst\u0159elil branku &#8211;\u00a0<strong>1:1<\/strong>.<\/p>\n<p>Dom\u00e1c\u00ed byli namlsan\u00ed, p\u0159es hlavu n\u016f\u017ekami st\u0159\u00edlel Bendtner, Tim Howard bez probl\u00e9m\u016f zas\u00e1hl. Americk\u00fd branka\u0159 se musel v\u00fdrazn\u011bji \u010dinit po n\u00e1sledn\u00e9m trestn\u00e9m kopu van Persieho. Ten vyrazil na roh, na kter\u00fd si ale nasko\u010dil nehl\u00eddan\u00fd Koscielny (Rodwella hr\u00e1\u010d) a hlavou nechytateln\u011b zav\u011bsil &#8211;\u00a0<strong>2:1<\/strong>.<\/p>\n<p>\u0160anci na vyrovn\u00e1n\u00ed Moyes zabil st\u0159\u00edd\u00e1n\u00edmi, tak\u017ee do konce z\u00e1pasu byla ze strany Evertonu k vid\u011bn\u00ed pouze snaha o jakousi ofenzivu bez n\u00e1padu.<\/p>\n<p><strong>Branky:<\/strong>\u00a070. Andrei Arshavin, 75. Laurent Koscielny &#8211; 24. Louis Saha<br \/>\n<strong>\u017dK:<\/strong>\u00a05. Jack Wilshere, 45. Tom\u00e1\u0161 Rosick\u00fd, 60. Robin van Persie &#8211; 14. Sylvain Distin, 46. Jack Rodwell, 59. Mikel Arteta, 74. Leon Osman<br \/>\n<strong>Arsenal FC:<\/strong>\u00a0Wojciech Szczesny, Laurent Koscielny, Johan Djourou, Gael Clichy, Bacary Sagna, Jack Wilshere (69. Nicklas Bendtner), Alexandre Song (46. Abou Diaby), Tom\u00e1\u0161 Rosick\u00fd (62. Andrei Arshavin), Theo Walcott, Robin van Persie, Cesc Fabregas<br \/>\n<strong>Everton FC:<\/strong>\u00a0Tim Howard, Sylvain Distin, John Heitinga, Leighton Baines, Phil Neville (78. Phil Jagielka), Marouane Fellaini, Mikel Arteta, Jack Rodwell, Diniyar Bilyaletdinov (65. Leon Osman), S\u00e9amus Coleman (78. Victor Anichebe), Louis Saha<br \/>\n<strong>Rozhod\u010d\u00ed:<\/strong>\u00a0Lee Mason<br \/>\n<strong>Div\u00e1ci:<\/strong>\u00a060 014<\/p>\n","protected":false},"excerpt":{"rendered":"<p>Stejn\u011b jako o v\u00edkendu v FA Cupu proti Chelsea i tentokr\u00e1t Everton vedl o jednu branku. Nad\u011bjn\u00fd v\u00fdsledek v\u0161ak zase&hellip;<\/p>\n","protected":false},"author":6,"featured_media":1315,"comment_status":"open","ping_status":"closed","sticky":false,"template":"","format":"standard","meta":{"_eb_attr":"","_monsterinsights_skip_tracking":false,"_monsterinsights_sitenote_active":false,"_monsterinsights_sitenote_note":"","_monsterinsights_sitenote_category":0,"footnotes":""},"categories":[4],"tags":[],"yoast_head":"<!-- This site is optimized with the Yoast SEO plugin v23.4 - https:\/\/yoast.com\/wordpress\/plugins\/seo\/ -->\n<title>Arsenal - Everton 2:1 - Official Czech &amp; Slovak Everton Supporters&#039; Club<\/title>\n<meta name=\"robots\" content=\"index, follow, max-snippet:-1, max-image-preview:large, max-video-preview:-1\" \/>\n<link rel=\"canonical\" href=\"https:\/\/evertonfc.cz\/index.php\/2011\/02\/01\/arsenal-everton-21\/\" \/>\n<meta property=\"og:locale\" content=\"cs_CZ\" \/>\n<meta property=\"og:type\" content=\"article\" \/>\n<meta property=\"og:title\" content=\"Arsenal - Everton 2:1 - Official Czech &amp; Slovak Everton Supporters&#039; Club\" \/>\n<meta property=\"og:description\" content=\"Stejn\u011b jako o v\u00edkendu v FA Cupu proti Chelsea i tentokr\u00e1t Everton vedl o jednu branku. Nad\u011bjn\u00fd v\u00fdsledek v\u0161ak zase&hellip;\" \/>\n<meta property=\"og:url\" content=\"https:\/\/evertonfc.cz\/index.php\/2011\/02\/01\/arsenal-everton-21\/\" \/>\n<meta property=\"og:site_name\" content=\"Official Czech &amp; Slovak Everton Supporters&#039; Club\" \/>\n<meta property=\"article:publisher\" content=\"https:\/\/www.facebook.com\/everton.fans.cz.sk\" \/>\n<meta property=\"article:published_time\" content=\"2011-02-01T17:42:12+00:00\" \/>\n<meta property=\"article:modified_time\" content=\"2019-02-12T17:43:22+00:00\" \/>\n<meta property=\"og:image\" content=\"https:\/\/evertonfc.cz\/wp-content\/uploads\/2019\/01\/report.jpg\" \/>\n\t<meta property=\"og:image:width\" content=\"720\" \/>\n\t<meta property=\"og:image:height\" content=\"405\" \/>\n\t<meta property=\"og:image:type\" content=\"image\/jpeg\" \/>\n<meta name=\"author\" content=\"Ri\u010di\" \/>\n<meta name=\"twitter:card\" content=\"summary_large_image\" \/>\n<meta name=\"twitter:creator\" content=\"@rbrejsa\" \/>\n<meta name=\"twitter:label1\" content=\"Napsal(a)\" \/>\n\t<meta name=\"twitter:data1\" content=\"Ri\u010di\" \/>\n\t<meta name=\"twitter:label2\" content=\"Odhadovan\u00e1 doba \u010dten\u00ed\" \/>\n\t<meta name=\"twitter:data2\" content=\"3 minuty\" \/>\n<script type=\"application\/ld+json\" class=\"yoast-schema-graph\">{\"@context\":\"https:\/\/schema.org\",\"@graph\":[{\"@type\":\"Article\",\"@id\":\"https:\/\/evertonfc.cz\/index.php\/2011\/02\/01\/arsenal-everton-21\/#article\",\"isPartOf\":{\"@id\":\"https:\/\/evertonfc.cz\/index.php\/2011\/02\/01\/arsenal-everton-21\/\"},\"author\":{\"name\":\"Ri\u010di\",\"@id\":\"https:\/\/evertonfc.cz\/#\/schema\/person\/f7a5daedb2ffee98480bc70e191aaef1\"},\"headline\":\"Arsenal &#8211; Everton 2:1\",\"datePublished\":\"2011-02-01T17:42:12+00:00\",\"dateModified\":\"2019-02-12T17:43:22+00:00\",\"mainEntityOfPage\":{\"@id\":\"https:\/\/evertonfc.cz\/index.php\/2011\/02\/01\/arsenal-everton-21\/\"},\"wordCount\":633,\"commentCount\":0,\"publisher\":{\"@id\":\"https:\/\/evertonfc.cz\/#organization\"},\"image\":{\"@id\":\"https:\/\/evertonfc.cz\/index.php\/2011\/02\/01\/arsenal-everton-21\/#primaryimage\"},\"thumbnailUrl\":\"https:\/\/evertonfc.cz\/wp-content\/uploads\/2019\/01\/report.jpg\",\"articleSection\":[\"Z\u00e1pasy\"],\"inLanguage\":\"cs\",\"potentialAction\":[{\"@type\":\"CommentAction\",\"name\":\"Comment\",\"target\":[\"https:\/\/evertonfc.cz\/index.php\/2011\/02\/01\/arsenal-everton-21\/#respond\"]}]},{\"@type\":\"WebPage\",\"@id\":\"https:\/\/evertonfc.cz\/index.php\/2011\/02\/01\/arsenal-everton-21\/\",\"url\":\"https:\/\/evertonfc.cz\/index.php\/2011\/02\/01\/arsenal-everton-21\/\",\"name\":\"Arsenal - Everton 2:1 - Official Czech &amp; Slovak Everton Supporters&#039; Club\",\"isPartOf\":{\"@id\":\"https:\/\/evertonfc.cz\/#website\"},\"primaryImageOfPage\":{\"@id\":\"https:\/\/evertonfc.cz\/index.php\/2011\/02\/01\/arsenal-everton-21\/#primaryimage\"},\"image\":{\"@id\":\"https:\/\/evertonfc.cz\/index.php\/2011\/02\/01\/arsenal-everton-21\/#primaryimage\"},\"thumbnailUrl\":\"https:\/\/evertonfc.cz\/wp-content\/uploads\/2019\/01\/report.jpg\",\"datePublished\":\"2011-02-01T17:42:12+00:00\",\"dateModified\":\"2019-02-12T17:43:22+00:00\",\"breadcrumb\":{\"@id\":\"https:\/\/evertonfc.cz\/index.php\/2011\/02\/01\/arsenal-everton-21\/#breadcrumb\"},\"inLanguage\":\"cs\",\"potentialAction\":[{\"@type\":\"ReadAction\",\"target\":[\"https:\/\/evertonfc.cz\/index.php\/2011\/02\/01\/arsenal-everton-21\/\"]}]},{\"@type\":\"ImageObject\",\"inLanguage\":\"cs\",\"@id\":\"https:\/\/evertonfc.cz\/index.php\/2011\/02\/01\/arsenal-everton-21\/#primaryimage\",\"url\":\"https:\/\/evertonfc.cz\/wp-content\/uploads\/2019\/01\/report.jpg\",\"contentUrl\":\"https:\/\/evertonfc.cz\/wp-content\/uploads\/2019\/01\/report.jpg\",\"width\":720,\"height\":405},{\"@type\":\"BreadcrumbList\",\"@id\":\"https:\/\/evertonfc.cz\/index.php\/2011\/02\/01\/arsenal-everton-21\/#breadcrumb\",\"itemListElement\":[{\"@type\":\"ListItem\",\"position\":1,\"name\":\"Home\",\"item\":\"https:\/\/evertonfc.cz\/\"},{\"@type\":\"ListItem\",\"position\":2,\"name\":\"Arsenal &#8211; Everton 2:1\"}]},{\"@type\":\"WebSite\",\"@id\":\"https:\/\/evertonfc.cz\/#website\",\"url\":\"https:\/\/evertonfc.cz\/\",\"name\":\"Official Czech &amp; Slovak Everton Supporters&#039; Club\",\"description\":\"\",\"publisher\":{\"@id\":\"https:\/\/evertonfc.cz\/#organization\"},\"potentialAction\":[{\"@type\":\"SearchAction\",\"target\":{\"@type\":\"EntryPoint\",\"urlTemplate\":\"https:\/\/evertonfc.cz\/?s={search_term_string}\"},\"query-input\":{\"@type\":\"PropertyValueSpecification\",\"valueRequired\":true,\"valueName\":\"search_term_string\"}}],\"inLanguage\":\"cs\"},{\"@type\":\"Organization\",\"@id\":\"https:\/\/evertonfc.cz\/#organization\",\"name\":\"Official Czech & Slovak Everton Supporters' Club\",\"url\":\"https:\/\/evertonfc.cz\/\",\"logo\":{\"@type\":\"ImageObject\",\"inLanguage\":\"cs\",\"@id\":\"https:\/\/evertonfc.cz\/#\/schema\/logo\/image\/\",\"url\":\"https:\/\/evertonfc.cz\/wp-content\/uploads\/2019\/05\/logo.png\",\"contentUrl\":\"https:\/\/evertonfc.cz\/wp-content\/uploads\/2019\/05\/logo.png\",\"width\":112,\"height\":112,\"caption\":\"Official Czech & Slovak Everton Supporters' Club\"},\"image\":{\"@id\":\"https:\/\/evertonfc.cz\/#\/schema\/logo\/image\/\"},\"sameAs\":[\"https:\/\/www.facebook.com\/everton.fans.cz.sk\"]},{\"@type\":\"Person\",\"@id\":\"https:\/\/evertonfc.cz\/#\/schema\/person\/f7a5daedb2ffee98480bc70e191aaef1\",\"name\":\"Ri\u010di\",\"sameAs\":[\"https:\/\/x.com\/rbrejsa\"],\"url\":\"https:\/\/evertonfc.cz\/index.php\/author\/rici\/\"}]}<\/script>\n<!-- \/ Yoast SEO plugin. -->","yoast_head_json":{"title":"Arsenal - Everton 2:1 - Official Czech &amp; Slovak Everton Supporters&#039; Club","robots":{"index":"index","follow":"follow","max-snippet":"max-snippet:-1","max-image-preview":"max-image-preview:large","max-video-preview":"max-video-preview:-1"},"canonical":"https:\/\/evertonfc.cz\/index.php\/2011\/02\/01\/arsenal-everton-21\/","og_locale":"cs_CZ","og_type":"article","og_title":"Arsenal - Everton 2:1 - Official Czech &amp; Slovak Everton Supporters&#039; Club","og_description":"Stejn\u011b jako o v\u00edkendu v FA Cupu proti Chelsea i tentokr\u00e1t Everton vedl o jednu branku. Nad\u011bjn\u00fd v\u00fdsledek v\u0161ak zase&hellip;","og_url":"https:\/\/evertonfc.cz\/index.php\/2011\/02\/01\/arsenal-everton-21\/","og_site_name":"Official Czech &amp; Slovak Everton Supporters&#039; Club","article_publisher":"https:\/\/www.facebook.com\/everton.fans.cz.sk","article_published_time":"2011-02-01T17:42:12+00:00","article_modified_time":"2019-02-12T17:43:22+00:00","og_image":[{"width":720,"height":405,"url":"https:\/\/evertonfc.cz\/wp-content\/uploads\/2019\/01\/report.jpg","type":"image\/jpeg"}],"author":"Ri\u010di","twitter_card":"summary_large_image","twitter_creator":"@rbrejsa","twitter_misc":{"Napsal(a)":"Ri\u010di","Odhadovan\u00e1 doba \u010dten\u00ed":"3 minuty"},"schema":{"@context":"https:\/\/schema.org","@graph":[{"@type":"Article","@id":"https:\/\/evertonfc.cz\/index.php\/2011\/02\/01\/arsenal-everton-21\/#article","isPartOf":{"@id":"https:\/\/evertonfc.cz\/index.php\/2011\/02\/01\/arsenal-everton-21\/"},"author":{"name":"Ri\u010di","@id":"https:\/\/evertonfc.cz\/#\/schema\/person\/f7a5daedb2ffee98480bc70e191aaef1"},"headline":"Arsenal &#8211; Everton 2:1","datePublished":"2011-02-01T17:42:12+00:00","dateModified":"2019-02-12T17:43:22+00:00","mainEntityOfPage":{"@id":"https:\/\/evertonfc.cz\/index.php\/2011\/02\/01\/arsenal-everton-21\/"},"wordCount":633,"commentCount":0,"publisher":{"@id":"https:\/\/evertonfc.cz\/#organization"},"image":{"@id":"https:\/\/evertonfc.cz\/index.php\/2011\/02\/01\/arsenal-everton-21\/#primaryimage"},"thumbnailUrl":"https:\/\/evertonfc.cz\/wp-content\/uploads\/2019\/01\/report.jpg","articleSection":["Z\u00e1pasy"],"inLanguage":"cs","potentialAction":[{"@type":"CommentAction","name":"Comment","target":["https:\/\/evertonfc.cz\/index.php\/2011\/02\/01\/arsenal-everton-21\/#respond"]}]},{"@type":"WebPage","@id":"https:\/\/evertonfc.cz\/index.php\/2011\/02\/01\/arsenal-everton-21\/","url":"https:\/\/evertonfc.cz\/index.php\/2011\/02\/01\/arsenal-everton-21\/","name":"Arsenal - Everton 2:1 - Official Czech &amp; Slovak Everton Supporters&#039; Club","isPartOf":{"@id":"https:\/\/evertonfc.cz\/#website"},"primaryImageOfPage":{"@id":"https:\/\/evertonfc.cz\/index.php\/2011\/02\/01\/arsenal-everton-21\/#primaryimage"},"image":{"@id":"https:\/\/evertonfc.cz\/index.php\/2011\/02\/01\/arsenal-everton-21\/#primaryimage"},"thumbnailUrl":"https:\/\/evertonfc.cz\/wp-content\/uploads\/2019\/01\/report.jpg","datePublished":"2011-02-01T17:42:12+00:00","dateModified":"2019-02-12T17:43:22+00:00","breadcrumb":{"@id":"https:\/\/evertonfc.cz\/index.php\/2011\/02\/01\/arsenal-everton-21\/#breadcrumb"},"inLanguage":"cs","potentialAction":[{"@type":"ReadAction","target":["https:\/\/evertonfc.cz\/index.php\/2011\/02\/01\/arsenal-everton-21\/"]}]},{"@type":"ImageObject","inLanguage":"cs","@id":"https:\/\/evertonfc.cz\/index.php\/2011\/02\/01\/arsenal-everton-21\/#primaryimage","url":"https:\/\/evertonfc.cz\/wp-content\/uploads\/2019\/01\/report.jpg","contentUrl":"https:\/\/evertonfc.cz\/wp-content\/uploads\/2019\/01\/report.jpg","width":720,"height":405},{"@type":"BreadcrumbList","@id":"https:\/\/evertonfc.cz\/index.php\/2011\/02\/01\/arsenal-everton-21\/#breadcrumb","itemListElement":[{"@type":"ListItem","position":1,"name":"Home","item":"https:\/\/evertonfc.cz\/"},{"@type":"ListItem","position":2,"name":"Arsenal &#8211; Everton 2:1"}]},{"@type":"WebSite","@id":"https:\/\/evertonfc.cz\/#website","url":"https:\/\/evertonfc.cz\/","name":"Official Czech &amp; Slovak Everton Supporters&#039; Club","description":"","publisher":{"@id":"https:\/\/evertonfc.cz\/#organization"},"potentialAction":[{"@type":"SearchAction","target":{"@type":"EntryPoint","urlTemplate":"https:\/\/evertonfc.cz\/?s={search_term_string}"},"query-input":{"@type":"PropertyValueSpecification","valueRequired":true,"valueName":"search_term_string"}}],"inLanguage":"cs"},{"@type":"Organization","@id":"https:\/\/evertonfc.cz\/#organization","name":"Official Czech & Slovak Everton Supporters' Club","url":"https:\/\/evertonfc.cz\/","logo":{"@type":"ImageObject","inLanguage":"cs","@id":"https:\/\/evertonfc.cz\/#\/schema\/logo\/image\/","url":"https:\/\/evertonfc.cz\/wp-content\/uploads\/2019\/05\/logo.png","contentUrl":"https:\/\/evertonfc.cz\/wp-content\/uploads\/2019\/05\/logo.png","width":112,"height":112,"caption":"Official Czech & Slovak Everton Supporters' Club"},"image":{"@id":"https:\/\/evertonfc.cz\/#\/schema\/logo\/image\/"},"sameAs":["https:\/\/www.facebook.com\/everton.fans.cz.sk"]},{"@type":"Person","@id":"https:\/\/evertonfc.cz\/#\/schema\/person\/f7a5daedb2ffee98480bc70e191aaef1","name":"Ri\u010di","sameAs":["https:\/\/x.com\/rbrejsa"],"url":"https:\/\/evertonfc.cz\/index.php\/author\/rici\/"}]}},"_links":{"self":[{"href":"https:\/\/evertonfc.cz\/index.php\/wp-json\/wp\/v2\/posts\/4013"}],"collection":[{"href":"https:\/\/evertonfc.cz\/index.php\/wp-json\/wp\/v2\/posts"}],"about":[{"href":"https:\/\/evertonfc.cz\/index.php\/wp-json\/wp\/v2\/types\/post"}],"author":[{"embeddable":true,"href":"https:\/\/evertonfc.cz\/index.php\/wp-json\/wp\/v2\/users\/6"}],"replies":[{"embeddable":true,"href":"https:\/\/evertonfc.cz\/index.php\/wp-json\/wp\/v2\/comments?post=4013"}],"version-history":[{"count":1,"href":"https:\/\/evertonfc.cz\/index.php\/wp-json\/wp\/v2\/posts\/4013\/revisions"}],"predecessor-version":[{"id":4014,"href":"https:\/\/evertonfc.cz\/index.php\/wp-json\/wp\/v2\/posts\/4013\/revisions\/4014"}],"wp:featuredmedia":[{"embeddable":true,"href":"https:\/\/evertonfc.cz\/index.php\/wp-json\/wp\/v2\/media\/1315"}],"wp:attachment":[{"href":"https:\/\/evertonfc.cz\/index.php\/wp-json\/wp\/v2\/media?parent=4013"}],"wp:term":[{"taxonomy":"category","embeddable":true,"href":"https:\/\/evertonfc.cz\/index.php\/wp-json\/wp\/v2\/categories?post=4013"},{"taxonomy":"post_tag","embeddable":true,"href":"https:\/\/evertonfc.cz\/index.php\/wp-json\/wp\/v2\/tags?post=4013"}],"curies":[{"name":"wp","href":"https:\/\/api.w.org\/{rel}","templated":true}]}}