{"id":4015,"date":"2011-01-31T18:43:36","date_gmt":"2011-01-31T17:43:36","guid":{"rendered":"http:\/\/evertonfc.cz\/?p=4015"},"modified":"2019-02-12T18:45:16","modified_gmt":"2019-02-12T17:45:16","slug":"prestupy-na-deadline-day","status":"publish","type":"post","link":"https:\/\/evertonfc.cz\/index.php\/2011\/01\/31\/prestupy-na-deadline-day\/","title":{"rendered":"P\u0159estupy na deadline day"},"content":{"rendered":"<h4>V posledn\u00ed den zimn\u00edho p\u0159estupov\u00e9ho obdob\u00ed se na Britsk\u00fdch ostrovech zrodily velmi zaj\u00edmav\u00e9 p\u0159esuny, b\u011bhem nich\u017e nejeden t\u00fdm s\u00e1hnul hluboko do kapsy. Everton nikoliv.<\/h4>\n<p>P\u0159edseda Bill Kenwright m\u00e1 hodn\u011b hluboko do kapsy, co\u017e fanou\u0161k\u016fm Toffees za\u010d\u00edn\u00e1 hodn\u011b p\u00edt krev. Pravd\u011bpodobn\u011b se tak v nejbli\u017e\u0161\u00edch t\u00fddnech nebudeme nudit, o tom ale n\u011bkdy jindy.<\/p>\n<p>Zat\u00edmco ostatn\u00ed celky Premier League posilovali celkem slu\u0161n\u011b, David Moyes p\u0159ivedl jen hr\u00e1\u010de s n\u00e1lepkou \u201cdo budoucnosti\u201c. Mlad\u00fd \u0158ek Apostolos Vellios p\u0159i\u0161el z klubu Iraklis Thessaloniki za nezve\u0159ejn\u011bnou \u010d\u00e1stku. Devaten\u00e1ctilet\u00fd vyt\u00e1hl\u00fd \u00fato\u010dn\u00edk pat\u0159\u00ed do v\u00fdb\u011bru \u0159eck\u00e9ho n\u00e1rodn\u00edho t\u00fdmu U19, v n\u011bm\u017e sta\u010dil za \u010dtrn\u00e1ct z\u00e1pas\u016f vst\u0159elit sedm branek. Na Goodison Parku podepsal smlouvu do l\u00e9ta 2014, zat\u00edm se p\u0159ipoj\u00ed k rezervn\u00edmu t\u00fdmu Evertonu.<\/p>\n<p>Ten naopak minim\u00e1ln\u011b na p\u016flroku opou\u0161t\u00ed dal\u0161\u00ed nad\u011bjn\u00fd \u00fato\u010dn\u00edk, Joao Silva. Portugalec vydr\u017eel v b\u00e9\u010dku Alana Stubbse jen p\u016flroku, p\u0159\u00edli\u0161 si za rezervu ov\u0161em kv\u016fli zran\u011bn\u00edm nezahr\u00e1l. V\u0161ehov\u0161udy nastoupil jen do t\u0159\u00ed utk\u00e1n\u00ed. S c\u00edlem nabrat zku\u0161enosti v seniorsk\u00e9m fotbale odch\u00e1z\u00ed dvacetilet\u00fd, \u017ee pr\u00fd nov\u00fd Pauleta, zp\u00e1tky do sv\u00e9 vlasti na Pyrenejsk\u00fd poloostrov, kde bude p\u016flroku hostovat v prvoligov\u00e9m Uniao Desportiva de Leiria.<\/p>\n<p>Kieran Agard se ned\u00e1vno p\u0159ipojil k nov\u00fdm spoluhr\u00e1\u010d\u016fm v Peterborough, kde m\u011bl hostovat do konce sez\u00f3ny. Klub v\u0161ak zm\u011bnil mana\u017eera, kter\u00fd na 21 let star\u00e9ho strikera nehodl\u00e1 s\u00e1zet. Agard byl tak do konce ro\u010dn\u00edku p\u016fj\u010den skotsk\u00e9mu Kilmarnocku.<\/p>\n<p>Ji\u017e d\u0159\u00edve v lednu ode\u0161li z Evertonu na hostov\u00e1n\u00ed s opc\u00ed na p\u0159estup \u00fato\u010dn\u00edci Yakubu a James Vaughan do Leicesteru City respektive Crystal Palace.<\/p>\n<p>Poutav\u00e1 zpr\u00e1va na z\u00e1v\u011br, mana\u017eer Tottenhamu Harry Redknapp pro server skysports.com uvedl, \u017ee podal nab\u00eddku na kapit\u00e1na Phila Nevilla. Moyes samoz\u0159ejm\u011b odm\u00edtl.<\/p>\n","protected":false},"excerpt":{"rendered":"<p>V posledn\u00ed den zimn\u00edho p\u0159estupov\u00e9ho obdob\u00ed se na Britsk\u00fdch ostrovech zrodily velmi zaj\u00edmav\u00e9 p\u0159esuny, b\u011bhem nich\u017e nejeden t\u00fdm s\u00e1hnul hluboko&hellip;<\/p>\n","protected":false},"author":6,"featured_media":1316,"comment_status":"open","ping_status":"closed","sticky":false,"template":"","format":"standard","meta":{"_eb_attr":"","_monsterinsights_skip_tracking":false,"_monsterinsights_sitenote_active":false,"_monsterinsights_sitenote_note":"","_monsterinsights_sitenote_category":0,"footnotes":""},"categories":[41],"tags":[],"yoast_head":"<!-- This site is optimized with the Yoast SEO plugin v23.4 - https:\/\/yoast.com\/wordpress\/plugins\/seo\/ -->\n<title>P\u0159estupy na deadline day - Official Czech &amp; Slovak Everton Supporters&#039; Club<\/title>\n<meta name=\"robots\" content=\"index, follow, max-snippet:-1, max-image-preview:large, max-video-preview:-1\" \/>\n<link rel=\"canonical\" href=\"https:\/\/evertonfc.cz\/index.php\/2011\/01\/31\/prestupy-na-deadline-day\/\" \/>\n<meta property=\"og:locale\" content=\"cs_CZ\" \/>\n<meta property=\"og:type\" content=\"article\" \/>\n<meta property=\"og:title\" content=\"P\u0159estupy na deadline day - Official Czech &amp; Slovak Everton Supporters&#039; Club\" \/>\n<meta property=\"og:description\" content=\"V posledn\u00ed den zimn\u00edho p\u0159estupov\u00e9ho obdob\u00ed se na Britsk\u00fdch ostrovech zrodily velmi zaj\u00edmav\u00e9 p\u0159esuny, b\u011bhem nich\u017e nejeden t\u00fdm s\u00e1hnul hluboko&hellip;\" \/>\n<meta property=\"og:url\" content=\"https:\/\/evertonfc.cz\/index.php\/2011\/01\/31\/prestupy-na-deadline-day\/\" \/>\n<meta property=\"og:site_name\" content=\"Official Czech &amp; Slovak Everton Supporters&#039; Club\" \/>\n<meta property=\"article:publisher\" content=\"https:\/\/www.facebook.com\/everton.fans.cz.sk\" \/>\n<meta property=\"article:published_time\" content=\"2011-01-31T17:43:36+00:00\" \/>\n<meta property=\"article:modified_time\" content=\"2019-02-12T17:45:16+00:00\" \/>\n<meta property=\"og:image\" content=\"https:\/\/evertonfc.cz\/wp-content\/uploads\/2019\/01\/transfer.jpg\" \/>\n\t<meta property=\"og:image:width\" content=\"720\" \/>\n\t<meta property=\"og:image:height\" content=\"405\" \/>\n\t<meta property=\"og:image:type\" content=\"image\/jpeg\" \/>\n<meta name=\"author\" content=\"Ri\u010di\" \/>\n<meta name=\"twitter:card\" content=\"summary_large_image\" \/>\n<meta name=\"twitter:creator\" content=\"@rbrejsa\" \/>\n<meta name=\"twitter:label1\" content=\"Napsal(a)\" \/>\n\t<meta name=\"twitter:data1\" content=\"Ri\u010di\" \/>\n\t<meta name=\"twitter:label2\" content=\"Odhadovan\u00e1 doba \u010dten\u00ed\" \/>\n\t<meta name=\"twitter:data2\" content=\"2 minuty\" \/>\n<script type=\"application\/ld+json\" class=\"yoast-schema-graph\">{\"@context\":\"https:\/\/schema.org\",\"@graph\":[{\"@type\":\"Article\",\"@id\":\"https:\/\/evertonfc.cz\/index.php\/2011\/01\/31\/prestupy-na-deadline-day\/#article\",\"isPartOf\":{\"@id\":\"https:\/\/evertonfc.cz\/index.php\/2011\/01\/31\/prestupy-na-deadline-day\/\"},\"author\":{\"name\":\"Ri\u010di\",\"@id\":\"https:\/\/evertonfc.cz\/#\/schema\/person\/f7a5daedb2ffee98480bc70e191aaef1\"},\"headline\":\"P\u0159estupy na deadline day\",\"datePublished\":\"2011-01-31T17:43:36+00:00\",\"dateModified\":\"2019-02-12T17:45:16+00:00\",\"mainEntityOfPage\":{\"@id\":\"https:\/\/evertonfc.cz\/index.php\/2011\/01\/31\/prestupy-na-deadline-day\/\"},\"wordCount\":367,\"commentCount\":0,\"publisher\":{\"@id\":\"https:\/\/evertonfc.cz\/#organization\"},\"image\":{\"@id\":\"https:\/\/evertonfc.cz\/index.php\/2011\/01\/31\/prestupy-na-deadline-day\/#primaryimage\"},\"thumbnailUrl\":\"https:\/\/evertonfc.cz\/wp-content\/uploads\/2019\/01\/transfer.jpg\",\"articleSection\":[\"P\u0159estupy\"],\"inLanguage\":\"cs\",\"potentialAction\":[{\"@type\":\"CommentAction\",\"name\":\"Comment\",\"target\":[\"https:\/\/evertonfc.cz\/index.php\/2011\/01\/31\/prestupy-na-deadline-day\/#respond\"]}]},{\"@type\":\"WebPage\",\"@id\":\"https:\/\/evertonfc.cz\/index.php\/2011\/01\/31\/prestupy-na-deadline-day\/\",\"url\":\"https:\/\/evertonfc.cz\/index.php\/2011\/01\/31\/prestupy-na-deadline-day\/\",\"name\":\"P\u0159estupy na deadline day - Official Czech &amp; Slovak Everton Supporters&#039; Club\",\"isPartOf\":{\"@id\":\"https:\/\/evertonfc.cz\/#website\"},\"primaryImageOfPage\":{\"@id\":\"https:\/\/evertonfc.cz\/index.php\/2011\/01\/31\/prestupy-na-deadline-day\/#primaryimage\"},\"image\":{\"@id\":\"https:\/\/evertonfc.cz\/index.php\/2011\/01\/31\/prestupy-na-deadline-day\/#primaryimage\"},\"thumbnailUrl\":\"https:\/\/evertonfc.cz\/wp-content\/uploads\/2019\/01\/transfer.jpg\",\"datePublished\":\"2011-01-31T17:43:36+00:00\",\"dateModified\":\"2019-02-12T17:45:16+00:00\",\"breadcrumb\":{\"@id\":\"https:\/\/evertonfc.cz\/index.php\/2011\/01\/31\/prestupy-na-deadline-day\/#breadcrumb\"},\"inLanguage\":\"cs\",\"potentialAction\":[{\"@type\":\"ReadAction\",\"target\":[\"https:\/\/evertonfc.cz\/index.php\/2011\/01\/31\/prestupy-na-deadline-day\/\"]}]},{\"@type\":\"ImageObject\",\"inLanguage\":\"cs\",\"@id\":\"https:\/\/evertonfc.cz\/index.php\/2011\/01\/31\/prestupy-na-deadline-day\/#primaryimage\",\"url\":\"https:\/\/evertonfc.cz\/wp-content\/uploads\/2019\/01\/transfer.jpg\",\"contentUrl\":\"https:\/\/evertonfc.cz\/wp-content\/uploads\/2019\/01\/transfer.jpg\",\"width\":720,\"height\":405},{\"@type\":\"BreadcrumbList\",\"@id\":\"https:\/\/evertonfc.cz\/index.php\/2011\/01\/31\/prestupy-na-deadline-day\/#breadcrumb\",\"itemListElement\":[{\"@type\":\"ListItem\",\"position\":1,\"name\":\"Home\",\"item\":\"https:\/\/evertonfc.cz\/\"},{\"@type\":\"ListItem\",\"position\":2,\"name\":\"P\u0159estupy na deadline day\"}]},{\"@type\":\"WebSite\",\"@id\":\"https:\/\/evertonfc.cz\/#website\",\"url\":\"https:\/\/evertonfc.cz\/\",\"name\":\"Official Czech &amp; Slovak Everton Supporters&#039; Club\",\"description\":\"\",\"publisher\":{\"@id\":\"https:\/\/evertonfc.cz\/#organization\"},\"potentialAction\":[{\"@type\":\"SearchAction\",\"target\":{\"@type\":\"EntryPoint\",\"urlTemplate\":\"https:\/\/evertonfc.cz\/?s={search_term_string}\"},\"query-input\":{\"@type\":\"PropertyValueSpecification\",\"valueRequired\":true,\"valueName\":\"search_term_string\"}}],\"inLanguage\":\"cs\"},{\"@type\":\"Organization\",\"@id\":\"https:\/\/evertonfc.cz\/#organization\",\"name\":\"Official Czech & Slovak Everton Supporters' Club\",\"url\":\"https:\/\/evertonfc.cz\/\",\"logo\":{\"@type\":\"ImageObject\",\"inLanguage\":\"cs\",\"@id\":\"https:\/\/evertonfc.cz\/#\/schema\/logo\/image\/\",\"url\":\"https:\/\/evertonfc.cz\/wp-content\/uploads\/2019\/05\/logo.png\",\"contentUrl\":\"https:\/\/evertonfc.cz\/wp-content\/uploads\/2019\/05\/logo.png\",\"width\":112,\"height\":112,\"caption\":\"Official Czech & Slovak Everton Supporters' Club\"},\"image\":{\"@id\":\"https:\/\/evertonfc.cz\/#\/schema\/logo\/image\/\"},\"sameAs\":[\"https:\/\/www.facebook.com\/everton.fans.cz.sk\"]},{\"@type\":\"Person\",\"@id\":\"https:\/\/evertonfc.cz\/#\/schema\/person\/f7a5daedb2ffee98480bc70e191aaef1\",\"name\":\"Ri\u010di\",\"sameAs\":[\"https:\/\/x.com\/rbrejsa\"],\"url\":\"https:\/\/evertonfc.cz\/index.php\/author\/rici\/\"}]}<\/script>\n<!-- \/ Yoast SEO plugin. -->","yoast_head_json":{"title":"P\u0159estupy na deadline day - Official Czech &amp; Slovak Everton Supporters&#039; Club","robots":{"index":"index","follow":"follow","max-snippet":"max-snippet:-1","max-image-preview":"max-image-preview:large","max-video-preview":"max-video-preview:-1"},"canonical":"https:\/\/evertonfc.cz\/index.php\/2011\/01\/31\/prestupy-na-deadline-day\/","og_locale":"cs_CZ","og_type":"article","og_title":"P\u0159estupy na deadline day - Official Czech &amp; Slovak Everton Supporters&#039; Club","og_description":"V posledn\u00ed den zimn\u00edho p\u0159estupov\u00e9ho obdob\u00ed se na Britsk\u00fdch ostrovech zrodily velmi zaj\u00edmav\u00e9 p\u0159esuny, b\u011bhem nich\u017e nejeden t\u00fdm s\u00e1hnul hluboko&hellip;","og_url":"https:\/\/evertonfc.cz\/index.php\/2011\/01\/31\/prestupy-na-deadline-day\/","og_site_name":"Official Czech &amp; Slovak Everton Supporters&#039; Club","article_publisher":"https:\/\/www.facebook.com\/everton.fans.cz.sk","article_published_time":"2011-01-31T17:43:36+00:00","article_modified_time":"2019-02-12T17:45:16+00:00","og_image":[{"width":720,"height":405,"url":"https:\/\/evertonfc.cz\/wp-content\/uploads\/2019\/01\/transfer.jpg","type":"image\/jpeg"}],"author":"Ri\u010di","twitter_card":"summary_large_image","twitter_creator":"@rbrejsa","twitter_misc":{"Napsal(a)":"Ri\u010di","Odhadovan\u00e1 doba \u010dten\u00ed":"2 minuty"},"schema":{"@context":"https:\/\/schema.org","@graph":[{"@type":"Article","@id":"https:\/\/evertonfc.cz\/index.php\/2011\/01\/31\/prestupy-na-deadline-day\/#article","isPartOf":{"@id":"https:\/\/evertonfc.cz\/index.php\/2011\/01\/31\/prestupy-na-deadline-day\/"},"author":{"name":"Ri\u010di","@id":"https:\/\/evertonfc.cz\/#\/schema\/person\/f7a5daedb2ffee98480bc70e191aaef1"},"headline":"P\u0159estupy na deadline day","datePublished":"2011-01-31T17:43:36+00:00","dateModified":"2019-02-12T17:45:16+00:00","mainEntityOfPage":{"@id":"https:\/\/evertonfc.cz\/index.php\/2011\/01\/31\/prestupy-na-deadline-day\/"},"wordCount":367,"commentCount":0,"publisher":{"@id":"https:\/\/evertonfc.cz\/#organization"},"image":{"@id":"https:\/\/evertonfc.cz\/index.php\/2011\/01\/31\/prestupy-na-deadline-day\/#primaryimage"},"thumbnailUrl":"https:\/\/evertonfc.cz\/wp-content\/uploads\/2019\/01\/transfer.jpg","articleSection":["P\u0159estupy"],"inLanguage":"cs","potentialAction":[{"@type":"CommentAction","name":"Comment","target":["https:\/\/evertonfc.cz\/index.php\/2011\/01\/31\/prestupy-na-deadline-day\/#respond"]}]},{"@type":"WebPage","@id":"https:\/\/evertonfc.cz\/index.php\/2011\/01\/31\/prestupy-na-deadline-day\/","url":"https:\/\/evertonfc.cz\/index.php\/2011\/01\/31\/prestupy-na-deadline-day\/","name":"P\u0159estupy na deadline day - Official Czech &amp; Slovak Everton Supporters&#039; Club","isPartOf":{"@id":"https:\/\/evertonfc.cz\/#website"},"primaryImageOfPage":{"@id":"https:\/\/evertonfc.cz\/index.php\/2011\/01\/31\/prestupy-na-deadline-day\/#primaryimage"},"image":{"@id":"https:\/\/evertonfc.cz\/index.php\/2011\/01\/31\/prestupy-na-deadline-day\/#primaryimage"},"thumbnailUrl":"https:\/\/evertonfc.cz\/wp-content\/uploads\/2019\/01\/transfer.jpg","datePublished":"2011-01-31T17:43:36+00:00","dateModified":"2019-02-12T17:45:16+00:00","breadcrumb":{"@id":"https:\/\/evertonfc.cz\/index.php\/2011\/01\/31\/prestupy-na-deadline-day\/#breadcrumb"},"inLanguage":"cs","potentialAction":[{"@type":"ReadAction","target":["https:\/\/evertonfc.cz\/index.php\/2011\/01\/31\/prestupy-na-deadline-day\/"]}]},{"@type":"ImageObject","inLanguage":"cs","@id":"https:\/\/evertonfc.cz\/index.php\/2011\/01\/31\/prestupy-na-deadline-day\/#primaryimage","url":"https:\/\/evertonfc.cz\/wp-content\/uploads\/2019\/01\/transfer.jpg","contentUrl":"https:\/\/evertonfc.cz\/wp-content\/uploads\/2019\/01\/transfer.jpg","width":720,"height":405},{"@type":"BreadcrumbList","@id":"https:\/\/evertonfc.cz\/index.php\/2011\/01\/31\/prestupy-na-deadline-day\/#breadcrumb","itemListElement":[{"@type":"ListItem","position":1,"name":"Home","item":"https:\/\/evertonfc.cz\/"},{"@type":"ListItem","position":2,"name":"P\u0159estupy na deadline day"}]},{"@type":"WebSite","@id":"https:\/\/evertonfc.cz\/#website","url":"https:\/\/evertonfc.cz\/","name":"Official Czech &amp; Slovak Everton Supporters&#039; Club","description":"","publisher":{"@id":"https:\/\/evertonfc.cz\/#organization"},"potentialAction":[{"@type":"SearchAction","target":{"@type":"EntryPoint","urlTemplate":"https:\/\/evertonfc.cz\/?s={search_term_string}"},"query-input":{"@type":"PropertyValueSpecification","valueRequired":true,"valueName":"search_term_string"}}],"inLanguage":"cs"},{"@type":"Organization","@id":"https:\/\/evertonfc.cz\/#organization","name":"Official Czech & Slovak Everton Supporters' Club","url":"https:\/\/evertonfc.cz\/","logo":{"@type":"ImageObject","inLanguage":"cs","@id":"https:\/\/evertonfc.cz\/#\/schema\/logo\/image\/","url":"https:\/\/evertonfc.cz\/wp-content\/uploads\/2019\/05\/logo.png","contentUrl":"https:\/\/evertonfc.cz\/wp-content\/uploads\/2019\/05\/logo.png","width":112,"height":112,"caption":"Official Czech & Slovak Everton Supporters' Club"},"image":{"@id":"https:\/\/evertonfc.cz\/#\/schema\/logo\/image\/"},"sameAs":["https:\/\/www.facebook.com\/everton.fans.cz.sk"]},{"@type":"Person","@id":"https:\/\/evertonfc.cz\/#\/schema\/person\/f7a5daedb2ffee98480bc70e191aaef1","name":"Ri\u010di","sameAs":["https:\/\/x.com\/rbrejsa"],"url":"https:\/\/evertonfc.cz\/index.php\/author\/rici\/"}]}},"_links":{"self":[{"href":"https:\/\/evertonfc.cz\/index.php\/wp-json\/wp\/v2\/posts\/4015"}],"collection":[{"href":"https:\/\/evertonfc.cz\/index.php\/wp-json\/wp\/v2\/posts"}],"about":[{"href":"https:\/\/evertonfc.cz\/index.php\/wp-json\/wp\/v2\/types\/post"}],"author":[{"embeddable":true,"href":"https:\/\/evertonfc.cz\/index.php\/wp-json\/wp\/v2\/users\/6"}],"replies":[{"embeddable":true,"href":"https:\/\/evertonfc.cz\/index.php\/wp-json\/wp\/v2\/comments?post=4015"}],"version-history":[{"count":2,"href":"https:\/\/evertonfc.cz\/index.php\/wp-json\/wp\/v2\/posts\/4015\/revisions"}],"predecessor-version":[{"id":4017,"href":"https:\/\/evertonfc.cz\/index.php\/wp-json\/wp\/v2\/posts\/4015\/revisions\/4017"}],"wp:featuredmedia":[{"embeddable":true,"href":"https:\/\/evertonfc.cz\/index.php\/wp-json\/wp\/v2\/media\/1316"}],"wp:attachment":[{"href":"https:\/\/evertonfc.cz\/index.php\/wp-json\/wp\/v2\/media?parent=4015"}],"wp:term":[{"taxonomy":"category","embeddable":true,"href":"https:\/\/evertonfc.cz\/index.php\/wp-json\/wp\/v2\/categories?post=4015"},{"taxonomy":"post_tag","embeddable":true,"href":"https:\/\/evertonfc.cz\/index.php\/wp-json\/wp\/v2\/tags?post=4015"}],"curies":[{"name":"wp","href":"https:\/\/api.w.org\/{rel}","templated":true}]}}