{"id":4018,"date":"2011-02-04T18:46:47","date_gmt":"2011-02-04T17:46:47","guid":{"rendered":"http:\/\/evertonfc.cz\/?p=4018"},"modified":"2019-02-12T18:50:58","modified_gmt":"2019-02-12T17:50:58","slug":"everton-musi-udrzet-hvezdy-vi-moyes","status":"publish","type":"post","link":"https:\/\/evertonfc.cz\/index.php\/2011\/02\/04\/everton-musi-udrzet-hvezdy-vi-moyes\/","title":{"rendered":"Everton mus\u00ed udr\u017eet hv\u011bzdy, v\u00ed Moyes"},"content":{"rendered":"<h4>Jen ned\u00e1vno skon\u010dilo zimn\u00ed p\u0159estupov\u00e9 obdob\u00ed, David Moyes u\u017e v\u0161ak vzhl\u00ed\u017e\u00ed k tomu letn\u00edmu. V n\u011bm bude m\u00edt za \u00fakol udr\u017eet v t\u00fdmu v\u0161echny opory v\u010detn\u011b Marouaneho Fellainiho.<\/h4>\n<p>Toffees rozhodn\u011b nejednaj\u00ed o prodeji klubu a zcela ur\u010dit\u011b Moyes nehodl\u00e1 opou\u0161t\u011bt mana\u017eersk\u00e9 k\u0159eslo, p\u0159esto\u017ee novinov\u00e9 pl\u00e1tky uv\u00e1d\u011bj\u00ed p\u0159esn\u00fd opak. Probl\u00e9mem m\u016f\u017ee b\u00fdt ale odchod d\u016fle\u017eit\u00fdch hr\u00e1\u010d\u016f, kte\u0159\u00ed bez financ\u00ed na p\u0159estupy nemusej\u00ed vid\u011bt na Goodison Parku perspektivu.<\/p>\n<p>P\u0159estupov\u00e9ho obdob\u00ed se uzav\u0159elo pond\u011bl\u00ed. Sestava Evertonu po n\u011bm d\u00edky odchod\u016fm ze\u0161t\u00edhlila, nep\u0159i\u0161el ani jeden hr\u00e1\u010d na hostov\u00e1n\u00ed, i kdy\u017e klub v pr\u00e1v\u011b skon\u010den\u00e9m p\u0159estupov\u00e9m okn\u011b vyd\u011blal. Leto\u0161n\u00ed leden je p\u00e1t\u00fd za sebou, kdy EFC nezaznamenal \u010dist\u00e9 v\u00fddaje na potenci\u00e1ln\u00ed nov\u00e9 hr\u00e1\u010de. Vlastn\u011b u\u017e \u0161est\u00fd, pokud bereme odchod Jamese McFaddena z ledna 2008 jako letn\u00ed. Proto nen\u00ed divu, \u017ee na hlavu p\u0159edsedy Billa Kenwrighta se za\u010d\u00ednaj\u00ed sn\u00e1\u0161et kritick\u00e9 hlasy. Nav\u00edc se mluv\u00ed o i jeho roztr\u017ek\u00e1ch s Davidem Moyesem, po nich\u017e by m\u011bl Skot odej\u00edt. Moyes ale nikdy nehovo\u0159il o sv\u00e9m \u00famyslu opustit Everton, nyn\u00ed v\u0161ak p\u0159ipou\u0161t\u00ed mo\u017en\u00fd odchod n\u011bkolika hr\u00e1\u010d\u016f.<\/p>\n<p>Marouane Fellaini, kter\u00fd p\u0159i\u0161el za rekordn\u00edch \u00a315 milion\u016f, bude m\u00edt v l\u00e9t\u011b do konce kontraktu pouze dva roky. Pokud vezmeme v potaz leto\u0161n\u00ed v\u00fdborn\u00e9 v\u00fdkony belgick\u00e9ho z\u00e1lo\u017en\u00edka, r\u00e1zem se Fellaini m\u016f\u017ee\u00a0 st\u00e1t jedn\u00edm z nej\u017e\u00e1dan\u011bj\u0161\u00edch hr\u00e1\u010d\u016f na trhu. Arsenal pravd\u011bpodobn\u011b bude st\u00e1le pokukovat po Philu Jagielkovi, jeho kolega ze stopersk\u00e9 dvojice Johny Heitinga bude tak\u00e9 ur\u010dit\u011b st\u0159edem z\u00e1jm\u016f ostatn\u00edch klub\u016f. A to nesm\u00edme zapom\u00ednat na Leightona Bainese \u010di Jacka Rodwella, takt\u00e9\u017e \u017e\u00e1dan\u00e9 a talentovan\u00e9 fotbalisty. Leto\u0161n\u00ed podpr\u016fm\u011brn\u00e9 v\u00fdsledky situaci s nedostatkem financ\u00ed rozhodn\u011b hr\u00e1\u010d\u016fm na klidu nep\u0159idaj\u00ed, David Moyes je tak bude muset p\u0159esv\u011bd\u010dit, \u017ee Everton m\u00e1 potenci\u00e1l.<\/p>\n<p><em>\u201eMohou n\u00e1s \u010dekat probl\u00e9my, na konci sez\u00f3ny si budu muset promluvit s p\u0159edsedou a p\u0159edstavenstvem. Na\u0161e d\u016fle\u017eit\u00e9 hr\u00e1\u010de mus\u00edme udr\u017eet. Promluv\u00edm si s nimi a snad je p\u0159esv\u011bd\u010d\u00edm o na\u0161ich ambic\u00edch a c\u00edlech. Nejd\u0159\u00edve si ale mus\u00edm popov\u00eddat se \u0161\u00e9fy klubu, a\u017e pak mohu za\u010d\u00edt jednat s hr\u00e1\u010di. Marouane hraje dob\u0159e, st\u00e1l se z n\u011bj velmi dobr\u00fd hr\u00e1\u010d. Tohle \u0159\u00edk\u00e1m u\u017e ale tak rok,\u201c<\/em>\u00a0prozradil Moyes.<\/p>\n<p>V posledn\u00edch t\u0159ech letech Everton v\u017edy nakupoval jen z pen\u011bz, kter\u00e9 dostal za odch\u00e1zej\u00edc\u00ed hr\u00e1\u010de. Patn\u00e1ctimilionov\u00fd Fellaini p\u0159i\u0161el d\u00edky prodeji Andyho Johnsona a Jamese McFaddena, to se psal rok 2008. O rok pozd\u011bji se trojice Distin, Bilyaletdinov a Heitinga stala Evertoniany jen d\u00edky prodeji Joleona Lescotta do Manchesteru City. Posledn\u00ed l\u00e9to sice nikdo neode\u0161el, ov\u0161em ani nikdo za n\u011bjak\u00fd velk\u00fd obnos nep\u0159i\u0161el. David Moyes toti\u017e prodlou\u017eoval smlouvy s Artetou, Bainesem, Cahillem, Rodwellem \u010di Colemanem. V\u0161ichni hr\u00e1\u010di cht\u011bli z\u016fstat, proto\u017ee se o\u010dek\u00e1vala \u00fasp\u011b\u0161n\u00e1 sez\u00f3na. V\u017edy\u0165 v posledn\u00edch 24 z\u00e1pasech ro\u010dn\u00edku 2009\/10 Toffees prohr\u00e1li jen dvakr\u00e1t, co\u017e d\u00e1valo do nov\u00e9 (leto\u0161n\u00ed) sez\u00f3ny velk\u00e9 nad\u011bje. Bohu\u017eel ale jen nad\u011bje.<\/p>\n<p>Kenwright neust\u00e1le mluv\u00ed o tom, \u017ee hled\u00e1 majoritn\u00edho kupce. Ov\u0161em kdo mu v sou\u010dasnosti v\u011b\u0159\u00ed? Na to si ka\u017ed\u00fd fanou\u0161ek mus\u00ed odpov\u011bd\u011bt s\u00e1m. Fakta ov\u0161em mluv\u00ed jasn\u011b, Everton pot\u0159ebuje nov\u00fd stadion nebo podstatnou rekonstrukci Goodison Parku. V posledn\u00ed \u00fa\u010detn\u00ed zpr\u00e1v\u011b z kv\u011btna 2009 klub zve\u0159ejnil rekordn\u00ed obrat vy v\u00fd\u0161i \u00a379, 7 milion\u016f za sez\u00f3nu, v n\u00ed\u017e v Premier League skon\u010dil p\u00e1t\u00fd a postoupil do fin\u00e1le FA Cupu. I p\u0159es \u00fasp\u011bchy se ale EFC nepohyboval v zelen\u00fdch \u010d\u00edslech, vyk\u00e1zal ztr\u00e1tu \u00a36,7 milion\u016f.<\/p>\n<p>\u00da\u010detnictv\u00ed za rok 2010 by m\u011blo b\u00fdt zve\u0159ejn\u011bno p\u0159\u00ed\u0161t\u00ed t\u00fdden. Co m\u016f\u017eeme o\u010dek\u00e1vat? Rozhodn\u011b nic pozitivn\u00edho. Potvrd\u00ed se fakt, \u017ee Everton u\u017e nen\u00ed p\u0159ed Manchester City nebo Tottenhamem. Ve fotbale hraj\u00ed prim pen\u00edze a ty Blues oproti Citizens a Spurs nemaj\u00ed. Toffees se tak do budoucna budou muset spol\u00e9hat na z\u00e1zra\u010dn\u00e9 p\u0159\u00edchody, jako tomu bylo t\u0159eba v p\u0159\u00edpad\u011b Artety (st\u00e1l \u00a32 miliony), Cahilla (\u00a31,5 m) \u010di Colemana (\u00a360 000).<\/p>\n<p>Moyes k tomu \u0159ekl:\u00a0<em>\u201eMus\u00edm uk\u00e1zat hr\u00e1\u010d\u016fm pl\u00e1ny, jak dostat Everton zp\u00e1tky nahoru. Kdy\u017e jsem p\u0159ich\u00e1zel do klubu, m\u011bl jsem vizi, \u017ee budu d\u00e1vat \u0161anci mlad\u00fdm hr\u00e1\u010d\u016fm, kter\u00e9 pot\u00e9 prod\u00e1me za velk\u00e9 pen\u00edze. Tato cesta je pro Everton asi nejlep\u0161\u00ed i v sou\u010dasnosti.<\/em><\/p>\n<p><em>V l\u00e9t\u011b jsme ud\u011blali pro setrv\u00e1n\u00ed hr\u00e1\u010d\u016f v\u0161e, hodn\u011b klub\u016f o n\u011b m\u011blo z\u00e1jem. Snad se n\u00e1m to poda\u0159\u00ed zopakovat, mus\u00edme b\u00fdt v\u0161ak na trhu konkurenceschopn\u00ed.<\/em><\/p>\n<p><em>Sna\u017e\u00edme se kupovat jednoho nebo dva mlad\u00e9 hr\u00e1\u010de s t\u00edm, \u017ee na nich chceme v budoucnu vyd\u011blat. Mlad\u00ed jde dop\u0159edu, Ross Barkley, Jack Rodwell, Victor Anichebe a Seamus Coleman budou hr\u00e1t d\u016fle\u017eitou roli. V dob\u011b velk\u00e9ho utr\u00e1cen\u00ed jsou mlad\u00ed hr\u00e1\u010di na\u0161\u00ed \u0161anc\u00ed.\u201c<\/em><\/p>\n","protected":false},"excerpt":{"rendered":"<p>Jen ned\u00e1vno skon\u010dilo zimn\u00ed p\u0159estupov\u00e9 obdob\u00ed, David Moyes u\u017e v\u0161ak vzhl\u00ed\u017e\u00ed k tomu letn\u00edmu. V n\u011bm bude m\u00edt za \u00fakol&hellip;<\/p>\n","protected":false},"author":6,"featured_media":1312,"comment_status":"open","ping_status":"closed","sticky":false,"template":"","format":"standard","meta":{"_eb_attr":"","_monsterinsights_skip_tracking":false,"_monsterinsights_sitenote_active":false,"_monsterinsights_sitenote_note":"","_monsterinsights_sitenote_category":0,"footnotes":""},"categories":[1],"tags":[],"yoast_head":"<!-- This site is optimized with the Yoast SEO plugin v23.4 - https:\/\/yoast.com\/wordpress\/plugins\/seo\/ -->\n<title>Everton mus\u00ed udr\u017eet hv\u011bzdy, v\u00ed Moyes - Official Czech &amp; Slovak Everton Supporters&#039; Club<\/title>\n<meta name=\"robots\" content=\"index, follow, max-snippet:-1, max-image-preview:large, max-video-preview:-1\" \/>\n<link rel=\"canonical\" href=\"https:\/\/evertonfc.cz\/index.php\/2011\/02\/04\/everton-musi-udrzet-hvezdy-vi-moyes\/\" \/>\n<meta property=\"og:locale\" content=\"cs_CZ\" \/>\n<meta property=\"og:type\" content=\"article\" \/>\n<meta property=\"og:title\" content=\"Everton mus\u00ed udr\u017eet hv\u011bzdy, v\u00ed Moyes - Official Czech &amp; Slovak Everton Supporters&#039; Club\" \/>\n<meta property=\"og:description\" content=\"Jen ned\u00e1vno skon\u010dilo zimn\u00ed p\u0159estupov\u00e9 obdob\u00ed, David Moyes u\u017e v\u0161ak vzhl\u00ed\u017e\u00ed k tomu letn\u00edmu. V n\u011bm bude m\u00edt za \u00fakol&hellip;\" \/>\n<meta property=\"og:url\" content=\"https:\/\/evertonfc.cz\/index.php\/2011\/02\/04\/everton-musi-udrzet-hvezdy-vi-moyes\/\" \/>\n<meta property=\"og:site_name\" content=\"Official Czech &amp; Slovak Everton Supporters&#039; Club\" \/>\n<meta property=\"article:publisher\" content=\"https:\/\/www.facebook.com\/everton.fans.cz.sk\" \/>\n<meta property=\"article:published_time\" content=\"2011-02-04T17:46:47+00:00\" \/>\n<meta property=\"article:modified_time\" content=\"2019-02-12T17:50:58+00:00\" \/>\n<meta property=\"og:image\" content=\"https:\/\/evertonfc.cz\/wp-content\/uploads\/2019\/01\/interview.jpg\" \/>\n\t<meta property=\"og:image:width\" content=\"720\" \/>\n\t<meta property=\"og:image:height\" content=\"405\" \/>\n\t<meta property=\"og:image:type\" content=\"image\/jpeg\" \/>\n<meta name=\"author\" content=\"Ri\u010di\" \/>\n<meta name=\"twitter:card\" content=\"summary_large_image\" \/>\n<meta name=\"twitter:creator\" content=\"@rbrejsa\" \/>\n<meta name=\"twitter:label1\" content=\"Napsal(a)\" \/>\n\t<meta name=\"twitter:data1\" content=\"Ri\u010di\" \/>\n\t<meta name=\"twitter:label2\" content=\"Odhadovan\u00e1 doba \u010dten\u00ed\" \/>\n\t<meta name=\"twitter:data2\" content=\"5 minut\" \/>\n<script type=\"application\/ld+json\" class=\"yoast-schema-graph\">{\"@context\":\"https:\/\/schema.org\",\"@graph\":[{\"@type\":\"Article\",\"@id\":\"https:\/\/evertonfc.cz\/index.php\/2011\/02\/04\/everton-musi-udrzet-hvezdy-vi-moyes\/#article\",\"isPartOf\":{\"@id\":\"https:\/\/evertonfc.cz\/index.php\/2011\/02\/04\/everton-musi-udrzet-hvezdy-vi-moyes\/\"},\"author\":{\"name\":\"Ri\u010di\",\"@id\":\"https:\/\/evertonfc.cz\/#\/schema\/person\/f7a5daedb2ffee98480bc70e191aaef1\"},\"headline\":\"Everton mus\u00ed udr\u017eet hv\u011bzdy, v\u00ed Moyes\",\"datePublished\":\"2011-02-04T17:46:47+00:00\",\"dateModified\":\"2019-02-12T17:50:58+00:00\",\"mainEntityOfPage\":{\"@id\":\"https:\/\/evertonfc.cz\/index.php\/2011\/02\/04\/everton-musi-udrzet-hvezdy-vi-moyes\/\"},\"wordCount\":944,\"commentCount\":0,\"publisher\":{\"@id\":\"https:\/\/evertonfc.cz\/#organization\"},\"image\":{\"@id\":\"https:\/\/evertonfc.cz\/index.php\/2011\/02\/04\/everton-musi-udrzet-hvezdy-vi-moyes\/#primaryimage\"},\"thumbnailUrl\":\"https:\/\/evertonfc.cz\/wp-content\/uploads\/2019\/01\/interview.jpg\",\"articleSection\":[\"Rozhovory\"],\"inLanguage\":\"cs\",\"potentialAction\":[{\"@type\":\"CommentAction\",\"name\":\"Comment\",\"target\":[\"https:\/\/evertonfc.cz\/index.php\/2011\/02\/04\/everton-musi-udrzet-hvezdy-vi-moyes\/#respond\"]}]},{\"@type\":\"WebPage\",\"@id\":\"https:\/\/evertonfc.cz\/index.php\/2011\/02\/04\/everton-musi-udrzet-hvezdy-vi-moyes\/\",\"url\":\"https:\/\/evertonfc.cz\/index.php\/2011\/02\/04\/everton-musi-udrzet-hvezdy-vi-moyes\/\",\"name\":\"Everton mus\u00ed udr\u017eet hv\u011bzdy, v\u00ed Moyes - Official Czech &amp; Slovak Everton Supporters&#039; Club\",\"isPartOf\":{\"@id\":\"https:\/\/evertonfc.cz\/#website\"},\"primaryImageOfPage\":{\"@id\":\"https:\/\/evertonfc.cz\/index.php\/2011\/02\/04\/everton-musi-udrzet-hvezdy-vi-moyes\/#primaryimage\"},\"image\":{\"@id\":\"https:\/\/evertonfc.cz\/index.php\/2011\/02\/04\/everton-musi-udrzet-hvezdy-vi-moyes\/#primaryimage\"},\"thumbnailUrl\":\"https:\/\/evertonfc.cz\/wp-content\/uploads\/2019\/01\/interview.jpg\",\"datePublished\":\"2011-02-04T17:46:47+00:00\",\"dateModified\":\"2019-02-12T17:50:58+00:00\",\"breadcrumb\":{\"@id\":\"https:\/\/evertonfc.cz\/index.php\/2011\/02\/04\/everton-musi-udrzet-hvezdy-vi-moyes\/#breadcrumb\"},\"inLanguage\":\"cs\",\"potentialAction\":[{\"@type\":\"ReadAction\",\"target\":[\"https:\/\/evertonfc.cz\/index.php\/2011\/02\/04\/everton-musi-udrzet-hvezdy-vi-moyes\/\"]}]},{\"@type\":\"ImageObject\",\"inLanguage\":\"cs\",\"@id\":\"https:\/\/evertonfc.cz\/index.php\/2011\/02\/04\/everton-musi-udrzet-hvezdy-vi-moyes\/#primaryimage\",\"url\":\"https:\/\/evertonfc.cz\/wp-content\/uploads\/2019\/01\/interview.jpg\",\"contentUrl\":\"https:\/\/evertonfc.cz\/wp-content\/uploads\/2019\/01\/interview.jpg\",\"width\":720,\"height\":405},{\"@type\":\"BreadcrumbList\",\"@id\":\"https:\/\/evertonfc.cz\/index.php\/2011\/02\/04\/everton-musi-udrzet-hvezdy-vi-moyes\/#breadcrumb\",\"itemListElement\":[{\"@type\":\"ListItem\",\"position\":1,\"name\":\"Home\",\"item\":\"https:\/\/evertonfc.cz\/\"},{\"@type\":\"ListItem\",\"position\":2,\"name\":\"Everton mus\u00ed udr\u017eet hv\u011bzdy, v\u00ed Moyes\"}]},{\"@type\":\"WebSite\",\"@id\":\"https:\/\/evertonfc.cz\/#website\",\"url\":\"https:\/\/evertonfc.cz\/\",\"name\":\"Official Czech &amp; Slovak Everton Supporters&#039; Club\",\"description\":\"\",\"publisher\":{\"@id\":\"https:\/\/evertonfc.cz\/#organization\"},\"potentialAction\":[{\"@type\":\"SearchAction\",\"target\":{\"@type\":\"EntryPoint\",\"urlTemplate\":\"https:\/\/evertonfc.cz\/?s={search_term_string}\"},\"query-input\":{\"@type\":\"PropertyValueSpecification\",\"valueRequired\":true,\"valueName\":\"search_term_string\"}}],\"inLanguage\":\"cs\"},{\"@type\":\"Organization\",\"@id\":\"https:\/\/evertonfc.cz\/#organization\",\"name\":\"Official Czech & Slovak Everton Supporters' Club\",\"url\":\"https:\/\/evertonfc.cz\/\",\"logo\":{\"@type\":\"ImageObject\",\"inLanguage\":\"cs\",\"@id\":\"https:\/\/evertonfc.cz\/#\/schema\/logo\/image\/\",\"url\":\"https:\/\/evertonfc.cz\/wp-content\/uploads\/2019\/05\/logo.png\",\"contentUrl\":\"https:\/\/evertonfc.cz\/wp-content\/uploads\/2019\/05\/logo.png\",\"width\":112,\"height\":112,\"caption\":\"Official Czech & Slovak Everton Supporters' Club\"},\"image\":{\"@id\":\"https:\/\/evertonfc.cz\/#\/schema\/logo\/image\/\"},\"sameAs\":[\"https:\/\/www.facebook.com\/everton.fans.cz.sk\"]},{\"@type\":\"Person\",\"@id\":\"https:\/\/evertonfc.cz\/#\/schema\/person\/f7a5daedb2ffee98480bc70e191aaef1\",\"name\":\"Ri\u010di\",\"sameAs\":[\"https:\/\/x.com\/rbrejsa\"],\"url\":\"https:\/\/evertonfc.cz\/index.php\/author\/rici\/\"}]}<\/script>\n<!-- \/ Yoast SEO plugin. -->","yoast_head_json":{"title":"Everton mus\u00ed udr\u017eet hv\u011bzdy, v\u00ed Moyes - Official Czech &amp; Slovak Everton Supporters&#039; Club","robots":{"index":"index","follow":"follow","max-snippet":"max-snippet:-1","max-image-preview":"max-image-preview:large","max-video-preview":"max-video-preview:-1"},"canonical":"https:\/\/evertonfc.cz\/index.php\/2011\/02\/04\/everton-musi-udrzet-hvezdy-vi-moyes\/","og_locale":"cs_CZ","og_type":"article","og_title":"Everton mus\u00ed udr\u017eet hv\u011bzdy, v\u00ed Moyes - Official Czech &amp; Slovak Everton Supporters&#039; Club","og_description":"Jen ned\u00e1vno skon\u010dilo zimn\u00ed p\u0159estupov\u00e9 obdob\u00ed, David Moyes u\u017e v\u0161ak vzhl\u00ed\u017e\u00ed k tomu letn\u00edmu. V n\u011bm bude m\u00edt za \u00fakol&hellip;","og_url":"https:\/\/evertonfc.cz\/index.php\/2011\/02\/04\/everton-musi-udrzet-hvezdy-vi-moyes\/","og_site_name":"Official Czech &amp; Slovak Everton Supporters&#039; Club","article_publisher":"https:\/\/www.facebook.com\/everton.fans.cz.sk","article_published_time":"2011-02-04T17:46:47+00:00","article_modified_time":"2019-02-12T17:50:58+00:00","og_image":[{"width":720,"height":405,"url":"https:\/\/evertonfc.cz\/wp-content\/uploads\/2019\/01\/interview.jpg","type":"image\/jpeg"}],"author":"Ri\u010di","twitter_card":"summary_large_image","twitter_creator":"@rbrejsa","twitter_misc":{"Napsal(a)":"Ri\u010di","Odhadovan\u00e1 doba \u010dten\u00ed":"5 minut"},"schema":{"@context":"https:\/\/schema.org","@graph":[{"@type":"Article","@id":"https:\/\/evertonfc.cz\/index.php\/2011\/02\/04\/everton-musi-udrzet-hvezdy-vi-moyes\/#article","isPartOf":{"@id":"https:\/\/evertonfc.cz\/index.php\/2011\/02\/04\/everton-musi-udrzet-hvezdy-vi-moyes\/"},"author":{"name":"Ri\u010di","@id":"https:\/\/evertonfc.cz\/#\/schema\/person\/f7a5daedb2ffee98480bc70e191aaef1"},"headline":"Everton mus\u00ed udr\u017eet hv\u011bzdy, v\u00ed Moyes","datePublished":"2011-02-04T17:46:47+00:00","dateModified":"2019-02-12T17:50:58+00:00","mainEntityOfPage":{"@id":"https:\/\/evertonfc.cz\/index.php\/2011\/02\/04\/everton-musi-udrzet-hvezdy-vi-moyes\/"},"wordCount":944,"commentCount":0,"publisher":{"@id":"https:\/\/evertonfc.cz\/#organization"},"image":{"@id":"https:\/\/evertonfc.cz\/index.php\/2011\/02\/04\/everton-musi-udrzet-hvezdy-vi-moyes\/#primaryimage"},"thumbnailUrl":"https:\/\/evertonfc.cz\/wp-content\/uploads\/2019\/01\/interview.jpg","articleSection":["Rozhovory"],"inLanguage":"cs","potentialAction":[{"@type":"CommentAction","name":"Comment","target":["https:\/\/evertonfc.cz\/index.php\/2011\/02\/04\/everton-musi-udrzet-hvezdy-vi-moyes\/#respond"]}]},{"@type":"WebPage","@id":"https:\/\/evertonfc.cz\/index.php\/2011\/02\/04\/everton-musi-udrzet-hvezdy-vi-moyes\/","url":"https:\/\/evertonfc.cz\/index.php\/2011\/02\/04\/everton-musi-udrzet-hvezdy-vi-moyes\/","name":"Everton mus\u00ed udr\u017eet hv\u011bzdy, v\u00ed Moyes - Official Czech &amp; Slovak Everton Supporters&#039; Club","isPartOf":{"@id":"https:\/\/evertonfc.cz\/#website"},"primaryImageOfPage":{"@id":"https:\/\/evertonfc.cz\/index.php\/2011\/02\/04\/everton-musi-udrzet-hvezdy-vi-moyes\/#primaryimage"},"image":{"@id":"https:\/\/evertonfc.cz\/index.php\/2011\/02\/04\/everton-musi-udrzet-hvezdy-vi-moyes\/#primaryimage"},"thumbnailUrl":"https:\/\/evertonfc.cz\/wp-content\/uploads\/2019\/01\/interview.jpg","datePublished":"2011-02-04T17:46:47+00:00","dateModified":"2019-02-12T17:50:58+00:00","breadcrumb":{"@id":"https:\/\/evertonfc.cz\/index.php\/2011\/02\/04\/everton-musi-udrzet-hvezdy-vi-moyes\/#breadcrumb"},"inLanguage":"cs","potentialAction":[{"@type":"ReadAction","target":["https:\/\/evertonfc.cz\/index.php\/2011\/02\/04\/everton-musi-udrzet-hvezdy-vi-moyes\/"]}]},{"@type":"ImageObject","inLanguage":"cs","@id":"https:\/\/evertonfc.cz\/index.php\/2011\/02\/04\/everton-musi-udrzet-hvezdy-vi-moyes\/#primaryimage","url":"https:\/\/evertonfc.cz\/wp-content\/uploads\/2019\/01\/interview.jpg","contentUrl":"https:\/\/evertonfc.cz\/wp-content\/uploads\/2019\/01\/interview.jpg","width":720,"height":405},{"@type":"BreadcrumbList","@id":"https:\/\/evertonfc.cz\/index.php\/2011\/02\/04\/everton-musi-udrzet-hvezdy-vi-moyes\/#breadcrumb","itemListElement":[{"@type":"ListItem","position":1,"name":"Home","item":"https:\/\/evertonfc.cz\/"},{"@type":"ListItem","position":2,"name":"Everton mus\u00ed udr\u017eet hv\u011bzdy, v\u00ed Moyes"}]},{"@type":"WebSite","@id":"https:\/\/evertonfc.cz\/#website","url":"https:\/\/evertonfc.cz\/","name":"Official Czech &amp; Slovak Everton Supporters&#039; Club","description":"","publisher":{"@id":"https:\/\/evertonfc.cz\/#organization"},"potentialAction":[{"@type":"SearchAction","target":{"@type":"EntryPoint","urlTemplate":"https:\/\/evertonfc.cz\/?s={search_term_string}"},"query-input":{"@type":"PropertyValueSpecification","valueRequired":true,"valueName":"search_term_string"}}],"inLanguage":"cs"},{"@type":"Organization","@id":"https:\/\/evertonfc.cz\/#organization","name":"Official Czech & Slovak Everton Supporters' Club","url":"https:\/\/evertonfc.cz\/","logo":{"@type":"ImageObject","inLanguage":"cs","@id":"https:\/\/evertonfc.cz\/#\/schema\/logo\/image\/","url":"https:\/\/evertonfc.cz\/wp-content\/uploads\/2019\/05\/logo.png","contentUrl":"https:\/\/evertonfc.cz\/wp-content\/uploads\/2019\/05\/logo.png","width":112,"height":112,"caption":"Official Czech & Slovak Everton Supporters' Club"},"image":{"@id":"https:\/\/evertonfc.cz\/#\/schema\/logo\/image\/"},"sameAs":["https:\/\/www.facebook.com\/everton.fans.cz.sk"]},{"@type":"Person","@id":"https:\/\/evertonfc.cz\/#\/schema\/person\/f7a5daedb2ffee98480bc70e191aaef1","name":"Ri\u010di","sameAs":["https:\/\/x.com\/rbrejsa"],"url":"https:\/\/evertonfc.cz\/index.php\/author\/rici\/"}]}},"_links":{"self":[{"href":"https:\/\/evertonfc.cz\/index.php\/wp-json\/wp\/v2\/posts\/4018"}],"collection":[{"href":"https:\/\/evertonfc.cz\/index.php\/wp-json\/wp\/v2\/posts"}],"about":[{"href":"https:\/\/evertonfc.cz\/index.php\/wp-json\/wp\/v2\/types\/post"}],"author":[{"embeddable":true,"href":"https:\/\/evertonfc.cz\/index.php\/wp-json\/wp\/v2\/users\/6"}],"replies":[{"embeddable":true,"href":"https:\/\/evertonfc.cz\/index.php\/wp-json\/wp\/v2\/comments?post=4018"}],"version-history":[{"count":1,"href":"https:\/\/evertonfc.cz\/index.php\/wp-json\/wp\/v2\/posts\/4018\/revisions"}],"predecessor-version":[{"id":4019,"href":"https:\/\/evertonfc.cz\/index.php\/wp-json\/wp\/v2\/posts\/4018\/revisions\/4019"}],"wp:featuredmedia":[{"embeddable":true,"href":"https:\/\/evertonfc.cz\/index.php\/wp-json\/wp\/v2\/media\/1312"}],"wp:attachment":[{"href":"https:\/\/evertonfc.cz\/index.php\/wp-json\/wp\/v2\/media?parent=4018"}],"wp:term":[{"taxonomy":"category","embeddable":true,"href":"https:\/\/evertonfc.cz\/index.php\/wp-json\/wp\/v2\/categories?post=4018"},{"taxonomy":"post_tag","embeddable":true,"href":"https:\/\/evertonfc.cz\/index.php\/wp-json\/wp\/v2\/tags?post=4018"}],"curies":[{"name":"wp","href":"https:\/\/api.w.org\/{rel}","templated":true}]}}