{"id":4022,"date":"2011-02-05T18:54:43","date_gmt":"2011-02-05T17:54:43","guid":{"rendered":"http:\/\/evertonfc.cz\/?p=4022"},"modified":"2019-02-12T18:56:13","modified_gmt":"2019-02-12T17:56:13","slug":"everton-blackpool-53","status":"publish","type":"post","link":"https:\/\/evertonfc.cz\/index.php\/2011\/02\/05\/everton-blackpool-53\/","title":{"rendered":"Everton &#8211; Blackpool 5:3"},"content":{"rendered":"<h4>P\u00e1ni, to bylo utk\u00e1n\u00ed! Akte\u0159i souboje Evertonu s Blackpoolem pro div\u00e1ky p\u0159ipravili po\u0159\u00e1dn\u00e9 drama. B\u011bhem 90 minut oba t\u00fdmy vedly, nakonec se ale radovali jen Toffees, kte\u0159\u00ed zv\u00edt\u011bzili hlavn\u011b d\u00edky \u010dty\u0159em brank\u00e1m Louise Sahy.<\/h4>\n<p>A\u010dkoliv se Tim Cahill z Asijsk\u00e9ho poh\u00e1ru vr\u00e1til u\u017e minul\u00fd v\u00edkend, dne\u0161n\u00ed utk\u00e1n\u00ed za\u010dal na lavi\u010dce n\u00e1hradn\u00edk\u016f, kde sed\u011bl tak\u00e9 t\u0159eba Phil Jagielka nebo Jermaine Beckford, co\u017e zna\u010d\u00ed, \u017ee David Moyes ponechal stejnou sestavu i rozestaven\u00ed 4-5-1 jako v posledn\u00edm z\u00e1pase proti Arsenalu. Na hrotu Blackpoolu se od prvn\u00ed minuty objevil Evertonians dob\u0159e zn\u00e1m\u00fd James Beattie, jen\u017e do klubu p\u0159i\u0161el v zimn\u00edm p\u0159estupov\u00e9m obdob\u00ed.<\/p>\n<p>Do prvn\u00ed \u0161ance se dostal netypick\u00fd st\u0159elec John Heitinga, v 10. minut\u011b vybojoval m\u00ed\u010d a leva\u010dkou vypr\u00e1\u0161il rukavice Rachubky. O chv\u00edli pozd\u011bji si p\u0159i obran\u00e9m z\u00e1kroku m\u00e1lem vst\u0159elil vlastence Carney a n\u00e1sledn\u011b Bilyaletdinov zbl\u00edzka hlavi\u010dkoval nad.<\/p>\n<p>V 18. minut\u011b vyu\u017eil svoji techniku a pokryt\u00ed m\u00ed\u010de Marouane Fellaini, kdy\u017e se po autov\u00e9m vhazov\u00e1n\u00ed oto\u010dil s balonem ve v\u00e1pn\u011b a vyst\u0159elil tvrd\u011b mimo br\u00e1nu.<\/p>\n<p>Ve 20. minut\u011b si Bilyaletdinov narazil s Rodwellem, rusk\u00fd reprezentant se pot\u00e9 n\u00e1dhern\u011b uvolnil a\u00a0 naserv\u00edroval Sahovi p\u0159ihr\u00e1vku p\u0159ed polopr\u00e1zdnou br\u00e1nu &#8211;\u00a0<strong>1:0<\/strong>. Velmi vyda\u0159en\u00e1 akce.<\/p>\n<p>Jak u\u017e to letos b\u00fdv\u00e1, Everton si op\u011bt v\u0161e zkomplikoval. Ve 37. minut\u011b se m\u00ed\u010d po rohov\u00e9m kopu Charlieho Adama na rohu mal\u00e9ho v\u00e1pna odrazil do ty\u010de a putoval po brankov\u00e9 \u010d\u00e1\u0159e, kde ho dokopl do s\u00edt\u011b Baptiste &#8211;\u00a0<strong>1:1<\/strong>.<\/p>\n<p>Everton dok\u00e1zal ov\u0161em rychle vyrovnat, Seamus Coleman se i p\u0159es faul Carneyho prosadil a p\u0159ihr\u00e1l Sahovi, kter\u00fd se trefil p\u0159esn\u011b k ty\u010di. Rozhod\u010d\u00ed Kevin Friend av\u0161ak branku neuznal, jeliko\u017e p\u00edskl faul na Colemana&#8230;<\/p>\n<p>Ve druh\u00e9m polo\u010dase Everton dlouho na branku \u010dekat nemusel a op\u011bt dok\u00e1zal sk\u00f3rovat z p\u011bkn\u00e9 akce. Rodwell precizn\u011b vysunul Bainese, jen\u017e je\u0161t\u011b l\u00e9pe na\u0161el ve v\u00e1pn\u011b nab\u00edhaj\u00edc\u00edho Sahu &#8211;\u00a0<strong>2:1<\/strong>. Toffes d\u00e1l pokra\u010doval v aktivit\u011b, Bilyaletdinova vychytal Rachubka a Baines pro zm\u011bnu zam\u00ed\u0159il mimo.<\/p>\n<p>V 59. minut\u011b se Everton dok\u00e1zal vymanit z tlaku Blackpoolu, Nevill\u016fv centr si dob\u0159e zpracoval Rodwell, uvolnil se, s\u00e1m p\u0159ed golmanem ale t\u011bsn\u011b minul br\u00e1nu. Neprom\u011bn\u011bn\u00e1 \u0161ance mohla sv\u011b\u0159ence Moyese hodn\u011b mrzet, na druh\u00e9 stran\u011b toti\u017e vb\u011bhl do v\u00e1pna Beattie, p\u0159ihr\u00e1l voln\u00e9mu Puncheonovi, kter\u00fd se trefil do odkryt\u00e9 branky &#8211;\u00a0<strong>2:2<\/strong>. A za chv\u00edli bylo je\u0161t\u011b h\u016f\u0159e. DJ Campbell po rychl\u00e9m brejku nast\u0159elil b\u0159evno, m\u00ed\u010d v\u0161ak do br\u00e1ny dorazil Adam &#8211;\u00a0<strong>2:3<\/strong>.<\/p>\n<p>Vyrovnat mohl ihned Rodwell, branka\u0159 Rachubka ztratil mimo pokutov\u00e9 \u00fazem\u00ed m\u00ed\u010d, mlad\u00fd z\u00e1lo\u017en\u00edk se pokusil o lob, kter\u00fd na posledn\u00ed chv\u00edli zastavil dob\u00edhaj\u00edc\u00ed Evatt. Sk\u00f3rovat se nepoda\u0159ilo ani Fellainimu, jeho\u017e st\u0159ela byla zblokov\u00e1na.<\/p>\n<p>V 70. minut\u011b se David Moyes rozhodl pro st\u0159\u00edd\u00e1n\u00ed, na h\u0159i\u0161t\u011b poslal Beckforda a Cahilla, dol\u016f \u0161el naopak Bilyaletdinov s Rodwellem.<\/p>\n<p>K\u00fd\u017een\u00e9 vyrovn\u00e1n\u00ed p\u0159i\u0161lo v 76. minut\u011b, rohov\u00fd kop Artety se p\u0159es Beckforda dostal k Sahovi. Francouzsk\u00fd \u00fato\u010dn\u00edk st\u00e1l v dobr\u00e9 pozici, a tak nem\u011bl probl\u00e9m hlavi\u010dkou zkompletovat hattrick &#8211;\u00a0<strong>3:3<\/strong>. O \u010dty\u0159i minuty pozd\u011bji byl obrat dokon\u00e1n, Baines skv\u011bl\u00fdm pasem na\u0161el rozeb\u011bhnut\u00e9ho Beckforda, kter\u00fd ranou z voleje rozj\u00e1sal ochozy Goodison Parku &#8211;\u00a0<strong>4:3<\/strong>.<\/p>\n<p>Sk\u00f3re se ale je\u0161t\u011b nem\u011bnilo, v 84. minut\u011b Fellaini na polovin\u011b vysunul Sahu. King Louis si sprintem p\u0159es polovinu h\u0159i\u0161t\u011b a n\u00e1sledn\u00fdm zakon\u010den\u00edm p\u0159ipsal \u010dtvrtou trefu v z\u00e1pase &#8211;\u00a0<strong>5:3<\/strong>! Kdy\u017e v 86. minut\u011b Saha st\u0159\u00eddal, tleskali v\u0161ichni.<\/p>\n<p>V 88. minut\u011b n\u016f\u017ekami zakon\u010doval Beckford, sice p\u0159est\u0159elil, v tu chv\u00edli to ale nikomu nevadilo. Zbytek utk\u00e1n\u00ed se ji\u017e pouze dohr\u00e1val, Everton tak v lize op\u011bt po m\u011bs\u00edci vyhr\u00e1l. COYB!!!<\/p>\n<p><strong>Branky:<\/strong>\u00a020., 47., 76. a 84. Louis Saha, 80. Jermaine Beckford &#8211; 37. Alex Baptiste, 62. Jason Puncheon, 64. Charlie Adam<br \/>\n<strong>\u017dK:<\/strong>\u00a050. Charlie Adam<br \/>\n<strong>Everton FC:<\/strong>\u00a0Tim Howard, Sylvain Distin, John Heitinga, Leighton Baines, Phil Neville, Marouane Fellaini, Mikel Arteta, Jack Rodwell (70. Jermaine Beckford), Diniyar Bilyaletdinov (70. Tim Cahill), Seamus Coleman, Louis Saha (86. Phil Jagielka)<br \/>\n<strong>Blackpool FC:<\/strong>\u00a0Paul Rachubka, Ian Evatt, Alex Baptiste, David Carney, Neil Eardley, David Vaughan, Charlie Adam, James Beattie (80. Marlon Harewood), Jason Puncheon (74. Rob Edwards), Dudley Campbell (75. Keith Southern), Elliot Grandin<br \/>\n<strong>Rozhod\u010d\u00ed:<\/strong>\u00a0Kevin Friend<br \/>\n<strong>Div\u00e1ci:<\/strong>\u00a038 202<\/p>\n","protected":false},"excerpt":{"rendered":"<p>P\u00e1ni, to bylo utk\u00e1n\u00ed! Akte\u0159i souboje Evertonu s Blackpoolem pro div\u00e1ky p\u0159ipravili po\u0159\u00e1dn\u00e9 drama. B\u011bhem 90 minut oba t\u00fdmy vedly,&hellip;<\/p>\n","protected":false},"author":6,"featured_media":1315,"comment_status":"open","ping_status":"closed","sticky":false,"template":"","format":"standard","meta":{"_eb_attr":"","_monsterinsights_skip_tracking":false,"_monsterinsights_sitenote_active":false,"_monsterinsights_sitenote_note":"","_monsterinsights_sitenote_category":0,"footnotes":""},"categories":[4],"tags":[],"yoast_head":"<!-- This site is optimized with the Yoast SEO plugin v23.4 - https:\/\/yoast.com\/wordpress\/plugins\/seo\/ -->\n<title>Everton - Blackpool 5:3 - Official Czech &amp; Slovak Everton Supporters&#039; Club<\/title>\n<meta name=\"robots\" content=\"index, follow, max-snippet:-1, max-image-preview:large, max-video-preview:-1\" \/>\n<link rel=\"canonical\" href=\"https:\/\/evertonfc.cz\/index.php\/2011\/02\/05\/everton-blackpool-53\/\" \/>\n<meta property=\"og:locale\" content=\"cs_CZ\" \/>\n<meta property=\"og:type\" content=\"article\" \/>\n<meta property=\"og:title\" content=\"Everton - Blackpool 5:3 - Official Czech &amp; Slovak Everton Supporters&#039; Club\" \/>\n<meta property=\"og:description\" content=\"P\u00e1ni, to bylo utk\u00e1n\u00ed! Akte\u0159i souboje Evertonu s Blackpoolem pro div\u00e1ky p\u0159ipravili po\u0159\u00e1dn\u00e9 drama. B\u011bhem 90 minut oba t\u00fdmy vedly,&hellip;\" \/>\n<meta property=\"og:url\" content=\"https:\/\/evertonfc.cz\/index.php\/2011\/02\/05\/everton-blackpool-53\/\" \/>\n<meta property=\"og:site_name\" content=\"Official Czech &amp; Slovak Everton Supporters&#039; Club\" \/>\n<meta property=\"article:publisher\" content=\"https:\/\/www.facebook.com\/everton.fans.cz.sk\" \/>\n<meta property=\"article:published_time\" content=\"2011-02-05T17:54:43+00:00\" \/>\n<meta property=\"article:modified_time\" content=\"2019-02-12T17:56:13+00:00\" \/>\n<meta property=\"og:image\" content=\"https:\/\/evertonfc.cz\/wp-content\/uploads\/2019\/01\/report.jpg\" \/>\n\t<meta property=\"og:image:width\" content=\"720\" \/>\n\t<meta property=\"og:image:height\" content=\"405\" \/>\n\t<meta property=\"og:image:type\" content=\"image\/jpeg\" \/>\n<meta name=\"author\" content=\"Ri\u010di\" \/>\n<meta name=\"twitter:card\" content=\"summary_large_image\" \/>\n<meta name=\"twitter:creator\" content=\"@rbrejsa\" \/>\n<meta name=\"twitter:label1\" content=\"Napsal(a)\" \/>\n\t<meta name=\"twitter:data1\" content=\"Ri\u010di\" \/>\n\t<meta name=\"twitter:label2\" content=\"Odhadovan\u00e1 doba \u010dten\u00ed\" \/>\n\t<meta name=\"twitter:data2\" content=\"4 minuty\" \/>\n<script type=\"application\/ld+json\" class=\"yoast-schema-graph\">{\"@context\":\"https:\/\/schema.org\",\"@graph\":[{\"@type\":\"Article\",\"@id\":\"https:\/\/evertonfc.cz\/index.php\/2011\/02\/05\/everton-blackpool-53\/#article\",\"isPartOf\":{\"@id\":\"https:\/\/evertonfc.cz\/index.php\/2011\/02\/05\/everton-blackpool-53\/\"},\"author\":{\"name\":\"Ri\u010di\",\"@id\":\"https:\/\/evertonfc.cz\/#\/schema\/person\/f7a5daedb2ffee98480bc70e191aaef1\"},\"headline\":\"Everton &#8211; Blackpool 5:3\",\"datePublished\":\"2011-02-05T17:54:43+00:00\",\"dateModified\":\"2019-02-12T17:56:13+00:00\",\"mainEntityOfPage\":{\"@id\":\"https:\/\/evertonfc.cz\/index.php\/2011\/02\/05\/everton-blackpool-53\/\"},\"wordCount\":796,\"commentCount\":0,\"publisher\":{\"@id\":\"https:\/\/evertonfc.cz\/#organization\"},\"image\":{\"@id\":\"https:\/\/evertonfc.cz\/index.php\/2011\/02\/05\/everton-blackpool-53\/#primaryimage\"},\"thumbnailUrl\":\"https:\/\/evertonfc.cz\/wp-content\/uploads\/2019\/01\/report.jpg\",\"articleSection\":[\"Z\u00e1pasy\"],\"inLanguage\":\"cs\",\"potentialAction\":[{\"@type\":\"CommentAction\",\"name\":\"Comment\",\"target\":[\"https:\/\/evertonfc.cz\/index.php\/2011\/02\/05\/everton-blackpool-53\/#respond\"]}]},{\"@type\":\"WebPage\",\"@id\":\"https:\/\/evertonfc.cz\/index.php\/2011\/02\/05\/everton-blackpool-53\/\",\"url\":\"https:\/\/evertonfc.cz\/index.php\/2011\/02\/05\/everton-blackpool-53\/\",\"name\":\"Everton - Blackpool 5:3 - Official Czech &amp; Slovak Everton Supporters&#039; Club\",\"isPartOf\":{\"@id\":\"https:\/\/evertonfc.cz\/#website\"},\"primaryImageOfPage\":{\"@id\":\"https:\/\/evertonfc.cz\/index.php\/2011\/02\/05\/everton-blackpool-53\/#primaryimage\"},\"image\":{\"@id\":\"https:\/\/evertonfc.cz\/index.php\/2011\/02\/05\/everton-blackpool-53\/#primaryimage\"},\"thumbnailUrl\":\"https:\/\/evertonfc.cz\/wp-content\/uploads\/2019\/01\/report.jpg\",\"datePublished\":\"2011-02-05T17:54:43+00:00\",\"dateModified\":\"2019-02-12T17:56:13+00:00\",\"breadcrumb\":{\"@id\":\"https:\/\/evertonfc.cz\/index.php\/2011\/02\/05\/everton-blackpool-53\/#breadcrumb\"},\"inLanguage\":\"cs\",\"potentialAction\":[{\"@type\":\"ReadAction\",\"target\":[\"https:\/\/evertonfc.cz\/index.php\/2011\/02\/05\/everton-blackpool-53\/\"]}]},{\"@type\":\"ImageObject\",\"inLanguage\":\"cs\",\"@id\":\"https:\/\/evertonfc.cz\/index.php\/2011\/02\/05\/everton-blackpool-53\/#primaryimage\",\"url\":\"https:\/\/evertonfc.cz\/wp-content\/uploads\/2019\/01\/report.jpg\",\"contentUrl\":\"https:\/\/evertonfc.cz\/wp-content\/uploads\/2019\/01\/report.jpg\",\"width\":720,\"height\":405},{\"@type\":\"BreadcrumbList\",\"@id\":\"https:\/\/evertonfc.cz\/index.php\/2011\/02\/05\/everton-blackpool-53\/#breadcrumb\",\"itemListElement\":[{\"@type\":\"ListItem\",\"position\":1,\"name\":\"Home\",\"item\":\"https:\/\/evertonfc.cz\/\"},{\"@type\":\"ListItem\",\"position\":2,\"name\":\"Everton &#8211; Blackpool 5:3\"}]},{\"@type\":\"WebSite\",\"@id\":\"https:\/\/evertonfc.cz\/#website\",\"url\":\"https:\/\/evertonfc.cz\/\",\"name\":\"Official Czech &amp; Slovak Everton Supporters&#039; Club\",\"description\":\"\",\"publisher\":{\"@id\":\"https:\/\/evertonfc.cz\/#organization\"},\"potentialAction\":[{\"@type\":\"SearchAction\",\"target\":{\"@type\":\"EntryPoint\",\"urlTemplate\":\"https:\/\/evertonfc.cz\/?s={search_term_string}\"},\"query-input\":{\"@type\":\"PropertyValueSpecification\",\"valueRequired\":true,\"valueName\":\"search_term_string\"}}],\"inLanguage\":\"cs\"},{\"@type\":\"Organization\",\"@id\":\"https:\/\/evertonfc.cz\/#organization\",\"name\":\"Official Czech & Slovak Everton Supporters' Club\",\"url\":\"https:\/\/evertonfc.cz\/\",\"logo\":{\"@type\":\"ImageObject\",\"inLanguage\":\"cs\",\"@id\":\"https:\/\/evertonfc.cz\/#\/schema\/logo\/image\/\",\"url\":\"https:\/\/evertonfc.cz\/wp-content\/uploads\/2019\/05\/logo.png\",\"contentUrl\":\"https:\/\/evertonfc.cz\/wp-content\/uploads\/2019\/05\/logo.png\",\"width\":112,\"height\":112,\"caption\":\"Official Czech & Slovak Everton Supporters' Club\"},\"image\":{\"@id\":\"https:\/\/evertonfc.cz\/#\/schema\/logo\/image\/\"},\"sameAs\":[\"https:\/\/www.facebook.com\/everton.fans.cz.sk\"]},{\"@type\":\"Person\",\"@id\":\"https:\/\/evertonfc.cz\/#\/schema\/person\/f7a5daedb2ffee98480bc70e191aaef1\",\"name\":\"Ri\u010di\",\"sameAs\":[\"https:\/\/x.com\/rbrejsa\"],\"url\":\"https:\/\/evertonfc.cz\/index.php\/author\/rici\/\"}]}<\/script>\n<!-- \/ Yoast SEO plugin. -->","yoast_head_json":{"title":"Everton - Blackpool 5:3 - Official Czech &amp; Slovak Everton Supporters&#039; Club","robots":{"index":"index","follow":"follow","max-snippet":"max-snippet:-1","max-image-preview":"max-image-preview:large","max-video-preview":"max-video-preview:-1"},"canonical":"https:\/\/evertonfc.cz\/index.php\/2011\/02\/05\/everton-blackpool-53\/","og_locale":"cs_CZ","og_type":"article","og_title":"Everton - Blackpool 5:3 - Official Czech &amp; Slovak Everton Supporters&#039; Club","og_description":"P\u00e1ni, to bylo utk\u00e1n\u00ed! Akte\u0159i souboje Evertonu s Blackpoolem pro div\u00e1ky p\u0159ipravili po\u0159\u00e1dn\u00e9 drama. B\u011bhem 90 minut oba t\u00fdmy vedly,&hellip;","og_url":"https:\/\/evertonfc.cz\/index.php\/2011\/02\/05\/everton-blackpool-53\/","og_site_name":"Official Czech &amp; Slovak Everton Supporters&#039; Club","article_publisher":"https:\/\/www.facebook.com\/everton.fans.cz.sk","article_published_time":"2011-02-05T17:54:43+00:00","article_modified_time":"2019-02-12T17:56:13+00:00","og_image":[{"width":720,"height":405,"url":"https:\/\/evertonfc.cz\/wp-content\/uploads\/2019\/01\/report.jpg","type":"image\/jpeg"}],"author":"Ri\u010di","twitter_card":"summary_large_image","twitter_creator":"@rbrejsa","twitter_misc":{"Napsal(a)":"Ri\u010di","Odhadovan\u00e1 doba \u010dten\u00ed":"4 minuty"},"schema":{"@context":"https:\/\/schema.org","@graph":[{"@type":"Article","@id":"https:\/\/evertonfc.cz\/index.php\/2011\/02\/05\/everton-blackpool-53\/#article","isPartOf":{"@id":"https:\/\/evertonfc.cz\/index.php\/2011\/02\/05\/everton-blackpool-53\/"},"author":{"name":"Ri\u010di","@id":"https:\/\/evertonfc.cz\/#\/schema\/person\/f7a5daedb2ffee98480bc70e191aaef1"},"headline":"Everton &#8211; Blackpool 5:3","datePublished":"2011-02-05T17:54:43+00:00","dateModified":"2019-02-12T17:56:13+00:00","mainEntityOfPage":{"@id":"https:\/\/evertonfc.cz\/index.php\/2011\/02\/05\/everton-blackpool-53\/"},"wordCount":796,"commentCount":0,"publisher":{"@id":"https:\/\/evertonfc.cz\/#organization"},"image":{"@id":"https:\/\/evertonfc.cz\/index.php\/2011\/02\/05\/everton-blackpool-53\/#primaryimage"},"thumbnailUrl":"https:\/\/evertonfc.cz\/wp-content\/uploads\/2019\/01\/report.jpg","articleSection":["Z\u00e1pasy"],"inLanguage":"cs","potentialAction":[{"@type":"CommentAction","name":"Comment","target":["https:\/\/evertonfc.cz\/index.php\/2011\/02\/05\/everton-blackpool-53\/#respond"]}]},{"@type":"WebPage","@id":"https:\/\/evertonfc.cz\/index.php\/2011\/02\/05\/everton-blackpool-53\/","url":"https:\/\/evertonfc.cz\/index.php\/2011\/02\/05\/everton-blackpool-53\/","name":"Everton - Blackpool 5:3 - Official Czech &amp; Slovak Everton Supporters&#039; Club","isPartOf":{"@id":"https:\/\/evertonfc.cz\/#website"},"primaryImageOfPage":{"@id":"https:\/\/evertonfc.cz\/index.php\/2011\/02\/05\/everton-blackpool-53\/#primaryimage"},"image":{"@id":"https:\/\/evertonfc.cz\/index.php\/2011\/02\/05\/everton-blackpool-53\/#primaryimage"},"thumbnailUrl":"https:\/\/evertonfc.cz\/wp-content\/uploads\/2019\/01\/report.jpg","datePublished":"2011-02-05T17:54:43+00:00","dateModified":"2019-02-12T17:56:13+00:00","breadcrumb":{"@id":"https:\/\/evertonfc.cz\/index.php\/2011\/02\/05\/everton-blackpool-53\/#breadcrumb"},"inLanguage":"cs","potentialAction":[{"@type":"ReadAction","target":["https:\/\/evertonfc.cz\/index.php\/2011\/02\/05\/everton-blackpool-53\/"]}]},{"@type":"ImageObject","inLanguage":"cs","@id":"https:\/\/evertonfc.cz\/index.php\/2011\/02\/05\/everton-blackpool-53\/#primaryimage","url":"https:\/\/evertonfc.cz\/wp-content\/uploads\/2019\/01\/report.jpg","contentUrl":"https:\/\/evertonfc.cz\/wp-content\/uploads\/2019\/01\/report.jpg","width":720,"height":405},{"@type":"BreadcrumbList","@id":"https:\/\/evertonfc.cz\/index.php\/2011\/02\/05\/everton-blackpool-53\/#breadcrumb","itemListElement":[{"@type":"ListItem","position":1,"name":"Home","item":"https:\/\/evertonfc.cz\/"},{"@type":"ListItem","position":2,"name":"Everton &#8211; Blackpool 5:3"}]},{"@type":"WebSite","@id":"https:\/\/evertonfc.cz\/#website","url":"https:\/\/evertonfc.cz\/","name":"Official Czech &amp; Slovak Everton Supporters&#039; Club","description":"","publisher":{"@id":"https:\/\/evertonfc.cz\/#organization"},"potentialAction":[{"@type":"SearchAction","target":{"@type":"EntryPoint","urlTemplate":"https:\/\/evertonfc.cz\/?s={search_term_string}"},"query-input":{"@type":"PropertyValueSpecification","valueRequired":true,"valueName":"search_term_string"}}],"inLanguage":"cs"},{"@type":"Organization","@id":"https:\/\/evertonfc.cz\/#organization","name":"Official Czech & Slovak Everton Supporters' Club","url":"https:\/\/evertonfc.cz\/","logo":{"@type":"ImageObject","inLanguage":"cs","@id":"https:\/\/evertonfc.cz\/#\/schema\/logo\/image\/","url":"https:\/\/evertonfc.cz\/wp-content\/uploads\/2019\/05\/logo.png","contentUrl":"https:\/\/evertonfc.cz\/wp-content\/uploads\/2019\/05\/logo.png","width":112,"height":112,"caption":"Official Czech & Slovak Everton Supporters' Club"},"image":{"@id":"https:\/\/evertonfc.cz\/#\/schema\/logo\/image\/"},"sameAs":["https:\/\/www.facebook.com\/everton.fans.cz.sk"]},{"@type":"Person","@id":"https:\/\/evertonfc.cz\/#\/schema\/person\/f7a5daedb2ffee98480bc70e191aaef1","name":"Ri\u010di","sameAs":["https:\/\/x.com\/rbrejsa"],"url":"https:\/\/evertonfc.cz\/index.php\/author\/rici\/"}]}},"_links":{"self":[{"href":"https:\/\/evertonfc.cz\/index.php\/wp-json\/wp\/v2\/posts\/4022"}],"collection":[{"href":"https:\/\/evertonfc.cz\/index.php\/wp-json\/wp\/v2\/posts"}],"about":[{"href":"https:\/\/evertonfc.cz\/index.php\/wp-json\/wp\/v2\/types\/post"}],"author":[{"embeddable":true,"href":"https:\/\/evertonfc.cz\/index.php\/wp-json\/wp\/v2\/users\/6"}],"replies":[{"embeddable":true,"href":"https:\/\/evertonfc.cz\/index.php\/wp-json\/wp\/v2\/comments?post=4022"}],"version-history":[{"count":1,"href":"https:\/\/evertonfc.cz\/index.php\/wp-json\/wp\/v2\/posts\/4022\/revisions"}],"predecessor-version":[{"id":4023,"href":"https:\/\/evertonfc.cz\/index.php\/wp-json\/wp\/v2\/posts\/4022\/revisions\/4023"}],"wp:featuredmedia":[{"embeddable":true,"href":"https:\/\/evertonfc.cz\/index.php\/wp-json\/wp\/v2\/media\/1315"}],"wp:attachment":[{"href":"https:\/\/evertonfc.cz\/index.php\/wp-json\/wp\/v2\/media?parent=4022"}],"wp:term":[{"taxonomy":"category","embeddable":true,"href":"https:\/\/evertonfc.cz\/index.php\/wp-json\/wp\/v2\/categories?post=4022"},{"taxonomy":"post_tag","embeddable":true,"href":"https:\/\/evertonfc.cz\/index.php\/wp-json\/wp\/v2\/tags?post=4022"}],"curies":[{"name":"wp","href":"https:\/\/api.w.org\/{rel}","templated":true}]}}