{"id":4059,"date":"2011-02-17T20:01:54","date_gmt":"2011-02-17T19:01:54","guid":{"rendered":"http:\/\/evertonfc.cz\/?p=4059"},"modified":"2019-02-12T20:04:26","modified_gmt":"2019-02-12T19:04:26","slug":"becks-na-chatu","status":"publish","type":"post","link":"https:\/\/evertonfc.cz\/index.php\/2011\/02\/17\/becks-na-chatu\/","title":{"rendered":"Becks na chatu"},"content":{"rendered":"<h4>Jermaine Beckford si pro tentokr\u00e1t nenazul kopa\u010dky, aby na h\u0159i\u0161ti st\u0159\u00edlel branky. Ofici\u00e1ln\u00ed web Evertonu si ho vybral jako dal\u0161\u00edho, jen\u017e se objevil pod palbou ot\u00e1zek od fanou\u0161k\u016f.<\/h4>\n<p><strong>Billy McCreith: \u010cau Jermaine, jakou svoji vst\u0159elenou branku pova\u017euje\u0161 za nejlep\u0161\u00ed?<\/strong><br \/>\nTrefa za Leeds proti Bristol Rovers, kter\u00e1 n\u00e1s poslala do Championshipu. Ten g\u00f3l m\u011bl dobr\u00e9 na\u010dasov\u00e1n\u00ed, um\u00edst\u011bn\u00ed a proveden\u00ed.<\/p>\n<p><strong>Ashley Rodwell Clifford: Co si mysl\u00ed\u0161 o Evertonu FC?<\/strong><br \/>\nU\u017e\u00edv\u00e1m si to tu. Spoluhr\u00e1\u010di m\u011b p\u0159ijali od prvn\u00edho dne, p\u0159i\u0161el jsem do p\u0159i jemn\u00e9 party. Realiza\u010dn\u00ed t\u00fdm mi tak\u00e9 pom\u00e1h\u00e1, jak to jen jde. Jsem spokojen\u00fd.<\/p>\n<p><strong>Matthew Williams: Vzhledem k po\u010dtu start\u016fm od p\u0159\u00edchodu k Toffees nelituje\u0161 p\u0159estupu?<\/strong><br \/>\nNelituji. P\u0159esko\u010dil jsem dv\u011b sout\u011b\u017ee, podstatnou \u010d\u00e1st leto\u0161n\u00ed sout\u011b\u017ee si je\u0161t\u011b budu zvykat na jin\u00fd zp\u016fsob tr\u00e9nov\u00e1n\u00ed, na tempo Premier League nebo na nov\u00e9 spoluhr\u00e1\u010de a i taktiku. V Evertonu m\u011b to bav\u00ed.<\/p>\n<p><strong>smLUFC: Ahoj, r\u00e1d bych ti pod\u011bkoval za v\u0161e, co si ud\u011blal pro Leeds. M\u00e1m na tebe p\u00e1r ot\u00e1zek. Sleduje\u0161 v\u00fdsledky Leedsu? S kym jsi se v Leedsu nejv\u00edce kamar\u00e1dil, pop\u0159\u00edpad\u011b jste st\u00e1le v kontaktu? Je\u0161t\u011b jednou d\u011bkuji Jermaine, nikdy nebude\u0161 na Elland Road zapomenut.<\/strong><br \/>\nV\u00fdsledky sleduji neust\u00e1le a jsem v kontaktu se v\u0161emi hr\u00e1\u010di, s nimi\u017e jsem hr\u00e1l.<\/p>\n<p><strong>Hayleigh Knibbs: Nejlep\u0161\u00ed g\u00f3l za Everton?<\/strong><br \/>\nSnadn\u00e1 odpov\u011b\u010f! G\u00f3l na Anfieldu. Pro v\u00fdvoj z\u00e1pasu znamenal hodn\u011b, fanou\u0161ci ho nav\u00edc oslavili velkolep\u011b. Ten den povzbuzovali p\u0159\u00edznivci \u00fa\u017easn\u011b.<\/p>\n<p><strong>Peter Dickie: Mysl\u00ed\u0161, \u017ee leto\u0161n\u00ed sez\u00f3na v Premier League ti v n\u011b\u010dem pom\u016f\u017ee, abys byl p\u0159\u00ed\u0161t\u00ed ro\u010dn\u00edk lep\u0161\u00ed?<\/strong><br \/>\nUr\u010dit\u011b, za\u017e\u00edv\u00e1m sv\u016fj prvn\u00ed rok v Premiership. Hodn\u011b v\u011bc\u00ed se st\u00e1le u\u010d\u00edm. Mohu se zlep\u0161it, mus\u00edm ale po\u0159\u00e1d tvrd\u011b pracovat. Od Louise Sahy a i od ostatn\u00edch spoluhr\u00e1\u010d\u016f se nau\u010d\u00edm hodn\u011b. P\u0159\u00ed\u0161t\u00ed rok budu nastupovat v\u00edce a bude st\u0159\u00edlet i v\u00edce branek, jsem si t\u00edm jist.<\/p>\n<p><strong>nay_sevo_efc: S jak\u00fdm ambicemi si vstupoval do Evertonu?<\/strong><br \/>\nCht\u011bl bych zde za\u017e\u00edt stejn\u011b skv\u011blou sez\u00f3nu, jakou jsem odehr\u00e1l v Leedsu. St\u0159\u00edlet spousty branek a pracovat tvrd\u011b pro t\u00fdm, to jsou m\u00e9 ambice.<\/p>\n<p><strong>Theo Stanculescu: Kdo je v Evertonu nejv\u011bt\u0161\u00ed vtip\u00e1lek?<\/strong><br \/>\nKa\u017ed\u00fd bav\u00ed sv\u00fdm vlastn\u00edm zp\u016fsobem. Ossie v\u0161ak prov\u00e1d\u00ed nejlep\u0161\u00ed vt\u00edpky.<\/p>\n<p><strong>Ellis McKeown: Pro\u010d sis vybral Blues?<\/strong><br \/>\nEverton je velk\u00fd klub a David Moyes brilantn\u00ed mana\u017eer. Uv\u011bdomoval jsem si, co dok\u00e1zal s klubem, i kdy\u017e musel pracovat bez v\u011bt\u0161\u00edch financ\u00ed. P\u0159ed p\u0159estupem jsem nav\u0161t\u00edvil EFC a v\u011bd\u011bl jsem, \u017ee dostanu \u0161anci na h\u0159i\u0161ti.<\/p>\n<p><strong>Jamie: Co si mysl\u00ed\u0161 o Evertonians?<\/strong><br \/>\nHr\u00e1\u010di miluj\u00ed z\u00e1pasy v Goodisonu, atmosf\u00e9ra je elektrizuj\u00edc\u00ed. Neuniklo mi, jak fanou\u0161ci vyprodali v\u0161ech 6 000 vstupenek na v\u00edkendov\u00e9 utk\u00e1n\u00ed na Chelsea &#8211; \u00fa\u017easn\u00e9! Venku se n\u00e1m dost\u00e1v\u00e1 skv\u011bl\u00e9 podpory.<\/p>\n<p><strong>Ashley Rodwell Clifford: Jermaine, tvoji jmenovku nos\u00edm na z\u00e1dech. Jak vid\u00ed\u0161 sobotn\u00ed duel proti Chelsea?\u00a0<\/strong><br \/>\nT\u011b\u0161\u00edme se na n\u011bj. V\u0161ichni se vyd\u00e1me na sto procent. Bylo by skv\u011bl\u00e9 op\u011bt dos\u00e1hnout na fin\u00e1le FA Cupu. Na Stamford Bridge jsem naposledy sk\u00f3roval, tak\u017ee se snad zase prosad\u00edm a pomohu k postupu.<\/p>\n<p><strong>Kerdar Safen Safen: \u010cau.<\/strong><br \/>\nZdrav\u00edm.<\/p>\n<p><strong>patches_winnettpatches_winnett: Co je pro hr\u00e1\u010de Premier League nejlep\u0161\u00ed a naopak nejhor\u0161\u00ed?<\/strong><br \/>\nPokud jsi zdrav\u00fd a dost\u00e1v\u00e1\u0161 plat za n\u011bco, co t\u011b bav\u00ed, pak lep\u0161\u00ed v\u011bc neexistuje. Na druh\u00e9 stran\u011b nem\u00e1m p\u0159\u00edli\u0161 r\u00e1d pozornost od ostatn\u00edch lid\u00ed, nejsem moc spole\u010densk\u00fd typ. Proto nerad vid\u00edm svoje jm\u00e9no v novin\u00e1ch.<\/p>\n<p><strong>Anthony Clark: Jak hodnot\u00ed\u0161 Louise Sahu?<\/strong><br \/>\nLouis m\u011b inspiroval. V\u017edy jsem k n\u011bmu jako ke hr\u00e1\u010di vzhl\u00ed\u017eel. Obdivuju jeho pohyb, \u010dich na branky a vlastn\u011b v\u0161echno. R\u00e1d ho ka\u017ed\u00fd den potk\u00e1v\u00e1m a u\u010d\u00edm se od n\u011bj.<\/p>\n<p><strong>Alex Antoniazzi: Hraje\u0161 rad\u011bji jako jedin\u00fd \u00fato\u010dn\u00edk nebo kdy\u017e vedle tebe nastupuje na hrotu je\u0161t\u011b n\u011bkdo? Podle m\u011b si vede\u0161 dob\u0159e, hlavn\u011b pokud vemu v \u00favahu, \u017ee si p\u0159esko\u010dil dv\u011b sout\u011b\u017ee.<\/strong><br \/>\nV\u017edy jsem hr\u00e1val v \u00fatoku ve dvou. Po p\u0159\u00edchodu do Evertonu si v\u0161ak zvyk\u00e1m na rozestaven\u00ed s jedn\u00edm \u00fato\u010dn\u00edkem. V za\u010d\u00e1tc\u00edch jsem si nevedl zcela dob\u0159e, postupem \u010dasu jsem si na to ale zvykl.<\/p>\n<p><strong>alexirving12: Cht\u011bl si b\u00fdt v\u017edy fotbalistou?<\/strong><br \/>\nAno, v\u017edy. Jsem r\u00e1d za \u0161anci, kterou jsem dostal.<\/p>\n<p><strong>Harrison Kauffman: Nechce\u0161 napodobit Felliho \u00fa\u010des? Slu\u0161elo by ti to.<\/strong><br \/>\nPokud letos vyhrajeme trofej, nech\u00e1m si nar\u016fst vlasy jako Felli!<\/p>\n<div>D\u00edky v\u0161em za ot\u00e1zky. Omlouv\u00e1m se t\u011bm, na n\u011b\u017e se nedostalo. Snad v sobotu usp\u011bjeme.<\/div>\n","protected":false},"excerpt":{"rendered":"<p>Jermaine Beckford si pro tentokr\u00e1t nenazul kopa\u010dky, aby na h\u0159i\u0161ti st\u0159\u00edlel branky. Ofici\u00e1ln\u00ed web Evertonu si ho vybral jako dal\u0161\u00edho,&hellip;<\/p>\n","protected":false},"author":6,"featured_media":1312,"comment_status":"open","ping_status":"closed","sticky":false,"template":"","format":"standard","meta":{"_eb_attr":"","_monsterinsights_skip_tracking":false,"_monsterinsights_sitenote_active":false,"_monsterinsights_sitenote_note":"","_monsterinsights_sitenote_category":0,"footnotes":""},"categories":[1],"tags":[],"yoast_head":"<!-- This site is optimized with the Yoast SEO plugin v23.4 - https:\/\/yoast.com\/wordpress\/plugins\/seo\/ -->\n<title>Becks na chatu - Official Czech &amp; Slovak Everton Supporters&#039; Club<\/title>\n<meta name=\"robots\" content=\"index, follow, max-snippet:-1, max-image-preview:large, max-video-preview:-1\" \/>\n<link rel=\"canonical\" href=\"https:\/\/evertonfc.cz\/index.php\/2011\/02\/17\/becks-na-chatu\/\" \/>\n<meta property=\"og:locale\" content=\"cs_CZ\" \/>\n<meta property=\"og:type\" content=\"article\" \/>\n<meta property=\"og:title\" content=\"Becks na chatu - Official Czech &amp; Slovak Everton Supporters&#039; Club\" \/>\n<meta property=\"og:description\" content=\"Jermaine Beckford si pro tentokr\u00e1t nenazul kopa\u010dky, aby na h\u0159i\u0161ti st\u0159\u00edlel branky. Ofici\u00e1ln\u00ed web Evertonu si ho vybral jako dal\u0161\u00edho,&hellip;\" \/>\n<meta property=\"og:url\" content=\"https:\/\/evertonfc.cz\/index.php\/2011\/02\/17\/becks-na-chatu\/\" \/>\n<meta property=\"og:site_name\" content=\"Official Czech &amp; Slovak Everton Supporters&#039; Club\" \/>\n<meta property=\"article:publisher\" content=\"https:\/\/www.facebook.com\/everton.fans.cz.sk\" \/>\n<meta property=\"article:published_time\" content=\"2011-02-17T19:01:54+00:00\" \/>\n<meta property=\"article:modified_time\" content=\"2019-02-12T19:04:26+00:00\" \/>\n<meta property=\"og:image\" content=\"https:\/\/evertonfc.cz\/wp-content\/uploads\/2019\/01\/interview.jpg\" \/>\n\t<meta property=\"og:image:width\" content=\"720\" \/>\n\t<meta property=\"og:image:height\" content=\"405\" \/>\n\t<meta property=\"og:image:type\" content=\"image\/jpeg\" \/>\n<meta name=\"author\" content=\"Ri\u010di\" \/>\n<meta name=\"twitter:card\" content=\"summary_large_image\" \/>\n<meta name=\"twitter:creator\" content=\"@rbrejsa\" \/>\n<meta name=\"twitter:label1\" content=\"Napsal(a)\" \/>\n\t<meta name=\"twitter:data1\" content=\"Ri\u010di\" \/>\n\t<meta name=\"twitter:label2\" content=\"Odhadovan\u00e1 doba \u010dten\u00ed\" \/>\n\t<meta name=\"twitter:data2\" content=\"4 minuty\" \/>\n<script type=\"application\/ld+json\" class=\"yoast-schema-graph\">{\"@context\":\"https:\/\/schema.org\",\"@graph\":[{\"@type\":\"Article\",\"@id\":\"https:\/\/evertonfc.cz\/index.php\/2011\/02\/17\/becks-na-chatu\/#article\",\"isPartOf\":{\"@id\":\"https:\/\/evertonfc.cz\/index.php\/2011\/02\/17\/becks-na-chatu\/\"},\"author\":{\"name\":\"Ri\u010di\",\"@id\":\"https:\/\/evertonfc.cz\/#\/schema\/person\/f7a5daedb2ffee98480bc70e191aaef1\"},\"headline\":\"Becks na chatu\",\"datePublished\":\"2011-02-17T19:01:54+00:00\",\"dateModified\":\"2019-02-12T19:04:26+00:00\",\"mainEntityOfPage\":{\"@id\":\"https:\/\/evertonfc.cz\/index.php\/2011\/02\/17\/becks-na-chatu\/\"},\"wordCount\":877,\"commentCount\":0,\"publisher\":{\"@id\":\"https:\/\/evertonfc.cz\/#organization\"},\"image\":{\"@id\":\"https:\/\/evertonfc.cz\/index.php\/2011\/02\/17\/becks-na-chatu\/#primaryimage\"},\"thumbnailUrl\":\"https:\/\/evertonfc.cz\/wp-content\/uploads\/2019\/01\/interview.jpg\",\"articleSection\":[\"Rozhovory\"],\"inLanguage\":\"cs\",\"potentialAction\":[{\"@type\":\"CommentAction\",\"name\":\"Comment\",\"target\":[\"https:\/\/evertonfc.cz\/index.php\/2011\/02\/17\/becks-na-chatu\/#respond\"]}]},{\"@type\":\"WebPage\",\"@id\":\"https:\/\/evertonfc.cz\/index.php\/2011\/02\/17\/becks-na-chatu\/\",\"url\":\"https:\/\/evertonfc.cz\/index.php\/2011\/02\/17\/becks-na-chatu\/\",\"name\":\"Becks na chatu - Official Czech &amp; Slovak Everton Supporters&#039; Club\",\"isPartOf\":{\"@id\":\"https:\/\/evertonfc.cz\/#website\"},\"primaryImageOfPage\":{\"@id\":\"https:\/\/evertonfc.cz\/index.php\/2011\/02\/17\/becks-na-chatu\/#primaryimage\"},\"image\":{\"@id\":\"https:\/\/evertonfc.cz\/index.php\/2011\/02\/17\/becks-na-chatu\/#primaryimage\"},\"thumbnailUrl\":\"https:\/\/evertonfc.cz\/wp-content\/uploads\/2019\/01\/interview.jpg\",\"datePublished\":\"2011-02-17T19:01:54+00:00\",\"dateModified\":\"2019-02-12T19:04:26+00:00\",\"breadcrumb\":{\"@id\":\"https:\/\/evertonfc.cz\/index.php\/2011\/02\/17\/becks-na-chatu\/#breadcrumb\"},\"inLanguage\":\"cs\",\"potentialAction\":[{\"@type\":\"ReadAction\",\"target\":[\"https:\/\/evertonfc.cz\/index.php\/2011\/02\/17\/becks-na-chatu\/\"]}]},{\"@type\":\"ImageObject\",\"inLanguage\":\"cs\",\"@id\":\"https:\/\/evertonfc.cz\/index.php\/2011\/02\/17\/becks-na-chatu\/#primaryimage\",\"url\":\"https:\/\/evertonfc.cz\/wp-content\/uploads\/2019\/01\/interview.jpg\",\"contentUrl\":\"https:\/\/evertonfc.cz\/wp-content\/uploads\/2019\/01\/interview.jpg\",\"width\":720,\"height\":405},{\"@type\":\"BreadcrumbList\",\"@id\":\"https:\/\/evertonfc.cz\/index.php\/2011\/02\/17\/becks-na-chatu\/#breadcrumb\",\"itemListElement\":[{\"@type\":\"ListItem\",\"position\":1,\"name\":\"Home\",\"item\":\"https:\/\/evertonfc.cz\/\"},{\"@type\":\"ListItem\",\"position\":2,\"name\":\"Becks na chatu\"}]},{\"@type\":\"WebSite\",\"@id\":\"https:\/\/evertonfc.cz\/#website\",\"url\":\"https:\/\/evertonfc.cz\/\",\"name\":\"Official Czech &amp; Slovak Everton Supporters&#039; Club\",\"description\":\"\",\"publisher\":{\"@id\":\"https:\/\/evertonfc.cz\/#organization\"},\"potentialAction\":[{\"@type\":\"SearchAction\",\"target\":{\"@type\":\"EntryPoint\",\"urlTemplate\":\"https:\/\/evertonfc.cz\/?s={search_term_string}\"},\"query-input\":{\"@type\":\"PropertyValueSpecification\",\"valueRequired\":true,\"valueName\":\"search_term_string\"}}],\"inLanguage\":\"cs\"},{\"@type\":\"Organization\",\"@id\":\"https:\/\/evertonfc.cz\/#organization\",\"name\":\"Official Czech & Slovak Everton Supporters' Club\",\"url\":\"https:\/\/evertonfc.cz\/\",\"logo\":{\"@type\":\"ImageObject\",\"inLanguage\":\"cs\",\"@id\":\"https:\/\/evertonfc.cz\/#\/schema\/logo\/image\/\",\"url\":\"https:\/\/evertonfc.cz\/wp-content\/uploads\/2019\/05\/logo.png\",\"contentUrl\":\"https:\/\/evertonfc.cz\/wp-content\/uploads\/2019\/05\/logo.png\",\"width\":112,\"height\":112,\"caption\":\"Official Czech & Slovak Everton Supporters' Club\"},\"image\":{\"@id\":\"https:\/\/evertonfc.cz\/#\/schema\/logo\/image\/\"},\"sameAs\":[\"https:\/\/www.facebook.com\/everton.fans.cz.sk\"]},{\"@type\":\"Person\",\"@id\":\"https:\/\/evertonfc.cz\/#\/schema\/person\/f7a5daedb2ffee98480bc70e191aaef1\",\"name\":\"Ri\u010di\",\"sameAs\":[\"https:\/\/x.com\/rbrejsa\"],\"url\":\"https:\/\/evertonfc.cz\/index.php\/author\/rici\/\"}]}<\/script>\n<!-- \/ Yoast SEO plugin. -->","yoast_head_json":{"title":"Becks na chatu - Official Czech &amp; Slovak Everton Supporters&#039; Club","robots":{"index":"index","follow":"follow","max-snippet":"max-snippet:-1","max-image-preview":"max-image-preview:large","max-video-preview":"max-video-preview:-1"},"canonical":"https:\/\/evertonfc.cz\/index.php\/2011\/02\/17\/becks-na-chatu\/","og_locale":"cs_CZ","og_type":"article","og_title":"Becks na chatu - Official Czech &amp; Slovak Everton Supporters&#039; Club","og_description":"Jermaine Beckford si pro tentokr\u00e1t nenazul kopa\u010dky, aby na h\u0159i\u0161ti st\u0159\u00edlel branky. Ofici\u00e1ln\u00ed web Evertonu si ho vybral jako dal\u0161\u00edho,&hellip;","og_url":"https:\/\/evertonfc.cz\/index.php\/2011\/02\/17\/becks-na-chatu\/","og_site_name":"Official Czech &amp; Slovak Everton Supporters&#039; Club","article_publisher":"https:\/\/www.facebook.com\/everton.fans.cz.sk","article_published_time":"2011-02-17T19:01:54+00:00","article_modified_time":"2019-02-12T19:04:26+00:00","og_image":[{"width":720,"height":405,"url":"https:\/\/evertonfc.cz\/wp-content\/uploads\/2019\/01\/interview.jpg","type":"image\/jpeg"}],"author":"Ri\u010di","twitter_card":"summary_large_image","twitter_creator":"@rbrejsa","twitter_misc":{"Napsal(a)":"Ri\u010di","Odhadovan\u00e1 doba \u010dten\u00ed":"4 minuty"},"schema":{"@context":"https:\/\/schema.org","@graph":[{"@type":"Article","@id":"https:\/\/evertonfc.cz\/index.php\/2011\/02\/17\/becks-na-chatu\/#article","isPartOf":{"@id":"https:\/\/evertonfc.cz\/index.php\/2011\/02\/17\/becks-na-chatu\/"},"author":{"name":"Ri\u010di","@id":"https:\/\/evertonfc.cz\/#\/schema\/person\/f7a5daedb2ffee98480bc70e191aaef1"},"headline":"Becks na chatu","datePublished":"2011-02-17T19:01:54+00:00","dateModified":"2019-02-12T19:04:26+00:00","mainEntityOfPage":{"@id":"https:\/\/evertonfc.cz\/index.php\/2011\/02\/17\/becks-na-chatu\/"},"wordCount":877,"commentCount":0,"publisher":{"@id":"https:\/\/evertonfc.cz\/#organization"},"image":{"@id":"https:\/\/evertonfc.cz\/index.php\/2011\/02\/17\/becks-na-chatu\/#primaryimage"},"thumbnailUrl":"https:\/\/evertonfc.cz\/wp-content\/uploads\/2019\/01\/interview.jpg","articleSection":["Rozhovory"],"inLanguage":"cs","potentialAction":[{"@type":"CommentAction","name":"Comment","target":["https:\/\/evertonfc.cz\/index.php\/2011\/02\/17\/becks-na-chatu\/#respond"]}]},{"@type":"WebPage","@id":"https:\/\/evertonfc.cz\/index.php\/2011\/02\/17\/becks-na-chatu\/","url":"https:\/\/evertonfc.cz\/index.php\/2011\/02\/17\/becks-na-chatu\/","name":"Becks na chatu - Official Czech &amp; Slovak Everton Supporters&#039; Club","isPartOf":{"@id":"https:\/\/evertonfc.cz\/#website"},"primaryImageOfPage":{"@id":"https:\/\/evertonfc.cz\/index.php\/2011\/02\/17\/becks-na-chatu\/#primaryimage"},"image":{"@id":"https:\/\/evertonfc.cz\/index.php\/2011\/02\/17\/becks-na-chatu\/#primaryimage"},"thumbnailUrl":"https:\/\/evertonfc.cz\/wp-content\/uploads\/2019\/01\/interview.jpg","datePublished":"2011-02-17T19:01:54+00:00","dateModified":"2019-02-12T19:04:26+00:00","breadcrumb":{"@id":"https:\/\/evertonfc.cz\/index.php\/2011\/02\/17\/becks-na-chatu\/#breadcrumb"},"inLanguage":"cs","potentialAction":[{"@type":"ReadAction","target":["https:\/\/evertonfc.cz\/index.php\/2011\/02\/17\/becks-na-chatu\/"]}]},{"@type":"ImageObject","inLanguage":"cs","@id":"https:\/\/evertonfc.cz\/index.php\/2011\/02\/17\/becks-na-chatu\/#primaryimage","url":"https:\/\/evertonfc.cz\/wp-content\/uploads\/2019\/01\/interview.jpg","contentUrl":"https:\/\/evertonfc.cz\/wp-content\/uploads\/2019\/01\/interview.jpg","width":720,"height":405},{"@type":"BreadcrumbList","@id":"https:\/\/evertonfc.cz\/index.php\/2011\/02\/17\/becks-na-chatu\/#breadcrumb","itemListElement":[{"@type":"ListItem","position":1,"name":"Home","item":"https:\/\/evertonfc.cz\/"},{"@type":"ListItem","position":2,"name":"Becks na chatu"}]},{"@type":"WebSite","@id":"https:\/\/evertonfc.cz\/#website","url":"https:\/\/evertonfc.cz\/","name":"Official Czech &amp; Slovak Everton Supporters&#039; Club","description":"","publisher":{"@id":"https:\/\/evertonfc.cz\/#organization"},"potentialAction":[{"@type":"SearchAction","target":{"@type":"EntryPoint","urlTemplate":"https:\/\/evertonfc.cz\/?s={search_term_string}"},"query-input":{"@type":"PropertyValueSpecification","valueRequired":true,"valueName":"search_term_string"}}],"inLanguage":"cs"},{"@type":"Organization","@id":"https:\/\/evertonfc.cz\/#organization","name":"Official Czech & Slovak Everton Supporters' Club","url":"https:\/\/evertonfc.cz\/","logo":{"@type":"ImageObject","inLanguage":"cs","@id":"https:\/\/evertonfc.cz\/#\/schema\/logo\/image\/","url":"https:\/\/evertonfc.cz\/wp-content\/uploads\/2019\/05\/logo.png","contentUrl":"https:\/\/evertonfc.cz\/wp-content\/uploads\/2019\/05\/logo.png","width":112,"height":112,"caption":"Official Czech & Slovak Everton Supporters' Club"},"image":{"@id":"https:\/\/evertonfc.cz\/#\/schema\/logo\/image\/"},"sameAs":["https:\/\/www.facebook.com\/everton.fans.cz.sk"]},{"@type":"Person","@id":"https:\/\/evertonfc.cz\/#\/schema\/person\/f7a5daedb2ffee98480bc70e191aaef1","name":"Ri\u010di","sameAs":["https:\/\/x.com\/rbrejsa"],"url":"https:\/\/evertonfc.cz\/index.php\/author\/rici\/"}]}},"_links":{"self":[{"href":"https:\/\/evertonfc.cz\/index.php\/wp-json\/wp\/v2\/posts\/4059"}],"collection":[{"href":"https:\/\/evertonfc.cz\/index.php\/wp-json\/wp\/v2\/posts"}],"about":[{"href":"https:\/\/evertonfc.cz\/index.php\/wp-json\/wp\/v2\/types\/post"}],"author":[{"embeddable":true,"href":"https:\/\/evertonfc.cz\/index.php\/wp-json\/wp\/v2\/users\/6"}],"replies":[{"embeddable":true,"href":"https:\/\/evertonfc.cz\/index.php\/wp-json\/wp\/v2\/comments?post=4059"}],"version-history":[{"count":1,"href":"https:\/\/evertonfc.cz\/index.php\/wp-json\/wp\/v2\/posts\/4059\/revisions"}],"predecessor-version":[{"id":4060,"href":"https:\/\/evertonfc.cz\/index.php\/wp-json\/wp\/v2\/posts\/4059\/revisions\/4060"}],"wp:featuredmedia":[{"embeddable":true,"href":"https:\/\/evertonfc.cz\/index.php\/wp-json\/wp\/v2\/media\/1312"}],"wp:attachment":[{"href":"https:\/\/evertonfc.cz\/index.php\/wp-json\/wp\/v2\/media?parent=4059"}],"wp:term":[{"taxonomy":"category","embeddable":true,"href":"https:\/\/evertonfc.cz\/index.php\/wp-json\/wp\/v2\/categories?post=4059"},{"taxonomy":"post_tag","embeddable":true,"href":"https:\/\/evertonfc.cz\/index.php\/wp-json\/wp\/v2\/tags?post=4059"}],"curies":[{"name":"wp","href":"https:\/\/api.w.org\/{rel}","templated":true}]}}