{"id":4063,"date":"2011-02-20T20:06:08","date_gmt":"2011-02-20T19:06:08","guid":{"rendered":"http:\/\/evertonfc.cz\/?p=4063"},"modified":"2019-02-12T20:09:51","modified_gmt":"2019-02-12T19:09:51","slug":"jack-rodwell-mezi-dospelaky","status":"publish","type":"post","link":"https:\/\/evertonfc.cz\/index.php\/2011\/02\/20\/jack-rodwell-mezi-dospelaky\/","title":{"rendered":"Jack Rodwell &#8211; mezi dosp\u011bl\u00e1ky"},"content":{"rendered":"<h4>Jsou tomu ji\u017e v\u00edce ne\u017e t\u0159i roky, co o sob\u011b dal v\u011bd\u011bt sv\u00fdm debutov\u00fdm z\u00e1pasem. Od t\u00e9 doby Jack Rodwell svoji \u0161anci chytil za pa\u010desy a hled\u00ed k \u00fasp\u011b\u0161n\u00e9 budoucnosti.<\/h4>\n<p>Konec lo\u0148sk\u00e9 sezony. Jack Rodwell m\u011bl za sebou pr\u016flomov\u00fd a jednozna\u010dn\u011b \u00fasp\u011b\u0161n\u00fd rok. Kolem mlad\u00e9ho z\u00e1lo\u017en\u00edka tedy nejen znovu za\u010dalo krou\u017eit hejno movit\u00fdch z\u00e1jemc\u016f, ale medi\u00e1ln\u00ed pozornosti neunikl ani v souvislosti s bl\u00ed\u017e\u00edc\u00edm se mistrovstv\u00ed sv\u011bta.<\/p>\n<p>Letenku do Ji\u017en\u00ed Afriky sice Jack od Fabia Capella o\u010dek\u00e1van\u011b neobdr\u017eel, ale zato se mohl je\u0161t\u011b usilovn\u011bji za\u010d\u00edt soust\u0159edit na svoji budoucnost na Goodison Parku. Tu koneckonc\u016f vy\u0159e\u0161il rychl\u00fdm prodlou\u017een\u00edm smlouvy o dal\u0161\u00edch p\u011bt let, kter\u00e1 kluby, d\u011blaj\u00edc\u00ed si na rod\u00e1ka ze Southportu z\u00e1lusk, alespo\u0148 na\u010das odrad\u00ed.<\/p>\n<p>V devaten\u00e1cti letech &#8211; v polovin\u011b b\u0159ezna se oslavou dvac\u00e1t\u00fdch narozenin vyman\u00ed z kategorie teenager\u016f &#8211; m\u00e1 za sebou ji\u017e v\u00edce ne\u017e sedmdes\u00e1t z\u00e1pas\u016f za seniorsk\u00fd t\u00fdm Evertonu a nastoupil za svou zemi ve fin\u00e1le mistrovstv\u00ed Evropy jednadvac\u00edtek, kter\u00e9 nav\u00edc d\u011bl\u00e1 kapit\u00e1na, by\u0165 nepravideln\u011b. Jen m\u00e1lokdo v\u0161ak pochybuje o tom, \u017ee v dal\u0161\u00edch letech Rodwella \u010dek\u00e1 odm\u011bna v podob\u011b povol\u00e1n\u00ed do reprezenta\u010dn\u00edho \u00e1\u010dka.<\/p>\n<p><em>\u201eLoni o tom noviny psaly skoro ka\u017ed\u00fd den,\u201c\u00a0<\/em>vzpom\u00edn\u00e1 na dny p\u0159ed sv\u011btov\u00fdm \u0161ampion\u00e1tem.\u00a0<em>\u201eAle nakonec z toho nic nebylo. Velk\u00e9 \u0161ance jsem si ale ned\u011blal ani potom, co za\u010dala nov\u00e1 sezona. Nav\u00edc jsem se zranil, tak\u017ee prioritou bylo zase co nej\u010dast\u011bji nastupovat za Everton.\u201c<\/em><\/p>\n<p>Zran\u011bn\u00ed, o kter\u00e9m hovo\u0159\u00ed, si odnesl ze srpnov\u00e9ho z\u00e1pasu na Villa Parku, kde si poranil vazy v kotn\u00edku. Na marodce musel str\u00e1vit t\u00e9m\u011b\u0159 t\u0159i m\u011bs\u00edce. Mezit\u00edm nav\u00edc pozoroval svoje kolegy z jednadvac\u00edtky &#8211; Jordana Hendersona \u010di Andyho Carrolla, kterak debutuj\u00ed za Capell\u016fv v\u00fdb\u011br. M\u011blo by tedy b\u00fdt pouze ot\u00e1zkou \u010dasu, ne\u017e podobnou m\u011brou odm\u011bn\u00ed italsk\u00fd strat\u00e9g i odchovance Toffees. Rodwellovi ale trp\u011blivost nechyb\u00ed, le\u010d p\u0159izn\u00e1v\u00e1, \u017ee rv\u00e1t se za Anglii, je jeho velk\u00fdm snem.<\/p>\n<p><em>\u201eV\u017edycky budu cht\u00edt reprezentovat, je to m\u016fj hlavn\u00ed c\u00edl,\u201c<\/em>\u00a0\u0159\u00edk\u00e1.<em>\u00a0\u201eV tuhle chv\u00edli o tom ale nem\u016f\u017eu p\u0159em\u00fd\u0161let. Jedin\u00e9, co m\u011b te\u010f zaj\u00edm\u00e1, je Everton. Pokud pozv\u00e1nka p\u0159ijde, tak p\u0159ijde.\u201c<\/em><\/p>\n<p>Velkou p\u0159\u00edle\u017eitost k upout\u00e1n\u00ed Capellovy pozornosti bude m\u00edt v l\u00e9t\u011b. Mlad\u00ed Angli\u010dan\u00e9 navl\u00e9knou dresy se t\u0159emi lvy na hrudi na mistrovstv\u00ed Evropy v D\u00e1nsku. B\u011bhem toho posledn\u00edho do\u0161li mlad\u00edci a\u017e do fin\u00e1le, kde je ale N\u011bmecko smetlo 4-0. Tentokr\u00e1t tedy prioritou bude napraven\u00ed p\u0159edchoz\u00edho zklam\u00e1n\u00ed.<\/p>\n<p><em>\u201eMinule to pro m\u011b byla dobr\u00e1 zku\u0161enost. Bylo mi teprve 18 a hran\u00ed za jednadvac\u00edtku pro m\u011b byla velk\u00e1 v\u011bc. Dostali jsme se do fin\u00e1le a j\u00e1 douf\u00e1m, \u017ee se n\u00e1m to poda\u0159\u00ed znovu, ale s lep\u0161\u00edm koncem.<\/em><\/p>\n<p><em>Mohl bych prok\u00e1zat, \u017ee m\u00e1m na dal\u0161\u00ed krok. Jednadvac\u00edtka m\u00e1 skv\u011blou \u00farove\u0148, ale moj\u00ed metou je hr\u00e1t za seniory. Pokud tomu m\u016f\u017eu napomoct v t\u00e9hle sezon\u011b v dresu Evertonu, pak skv\u011bl\u00e9. Pokud ne, pokus\u00edm se o to v l\u00e9t\u011b. M\u00e1m p\u0159ed sebou spoustu p\u0159\u00edle\u017eitost\u00ed, jak se uk\u00e1zat. Jestli budu kapit\u00e1n? To nev\u00edm. V t\u00fdmu m\u00e1me hodn\u011b dobr\u00fdch hr\u00e1\u010d\u016f a hodn\u011b l\u00eddr\u016f, tak\u017ee uvid\u00edme.\u201c<\/em><\/p>\n<p>A\u0165 u\u017e ale Jack\u016fv letn\u00ed v\u00fdlet do Skandin\u00e1vie dopadne jakkoliv, prvenstv\u00ed u n\u011bj st\u00e1le dr\u017e\u00ed klub. Od sv\u00e9ho debutov\u00e9ho z\u00e1pasu na h\u0159i\u0161ti Alkmaaru v poh\u00e1ru UEFA v prosinci 2007, kdy se ve v\u011bku 16 let a 284 dn\u00ed stal nejmlad\u0161\u00edm hr\u00e1\u010dem Evertonu, kter\u00fd kdy nastoupil v evropsk\u00e9m poh\u00e1ru, se pomalu ale jist\u011b prokous\u00e1val ke st\u00e1le \u010dast\u011bj\u0161\u00edm p\u0159\u00edle\u017eitostem v prvn\u00edm t\u00fdmu.<\/p>\n<p>Sv\u011bd\u010dila o tom n\u00e1sleduj\u00edc\u00ed sezona, ve kter\u00e9 se objevil v 25 z\u00e1pasech a oslavil sv\u016fj prvn\u00ed seniorsk\u00fd g\u00f3l. \u010c\u00edslo odehran\u00fdch utk\u00e1n\u00ed pak narostlo i v lo\u0148sk\u00e9 sezon\u011b, kdy nastoupil do 36 duel\u016f, kter\u00e9 si zp\u0159\u00edjemnil \u010dty\u0159mi trefami. O\u010dek\u00e1v\u00e1n\u00ed p\u0159ed aktu\u00e1ln\u00ed sezonou tak byla vysok\u00e1 jak ze strany jeho, tak fanou\u0161k\u016f. Podzimn\u00ed \u010d\u00e1st ro\u010dn\u00edku ale musel p\u0159etrp\u011bt na marodce.<\/p>\n<p><em>\u201ePro m\u011b je tahle sezona jako na horsk\u00e9 dr\u00e1ze. Zranil jsem se ve t\u0159et\u00edm z\u00e1pase a trvalo docela dlouho, ne\u017e jsem se uzdravil. Ale te\u010f c\u00edt\u00edm, \u017ee u\u017e se mi zase vrac\u00ed star\u00e1 forma. V p\u0159edminul\u00e9 sezon\u011b jsem v jednom z\u00e1pase hr\u00e1l, v tom druh\u00e9 zase ne &#8211; byl jsem mladi\u010dk\u00fd hr\u00e1\u010d, kter\u00fd nej\u010dast\u011bji st\u0159\u00eddal, aby hru trochu o\u017eivil. Loni se mi ale povedlo v prvn\u00edm t\u00fdmu se ust\u00e1lit a pr\u00e1v\u011b o tom to v tomhle v\u011bku je &#8211; z\u00edsk\u00e1vat v\u00edce zku\u0161enost\u00ed a zlep\u0161ovat se ka\u017ed\u00fdm z\u00e1pasem.<\/em><\/p>\n<p><em>Te\u010f u\u017e to nen\u00ed tak surrealistick\u00e9, jako prvn\u011b. Je mi 19, za p\u00e1r t\u00fddn\u016f u\u017e 20, tak\u017ee se c\u00edt\u00edm jako mu\u017e, jako velk\u00e1 sou\u010d\u00e1st t\u00fdmu a mu\u017estva, a to je pro sebev\u011bdom\u00ed jedin\u011b dob\u0159e. Za\u010d\u00e1tkem minul\u00e9 sezony, kdy jsem hr\u00e1l tolik z\u00e1pas\u016f, jako nikdy p\u0159edt\u00edm, to bylo trochu zvl\u00e1\u0161tn\u00ed. Dnes u\u017e ale v\u00edm, \u017ee na to m\u00e1m a vlastn\u011b, \u017ee m\u00e1m je\u0161t\u011b i velk\u00fd prostor pro zlep\u0161en\u00ed.<\/em><\/p>\n<p><em>Myslel jsem, \u017ee tahle sezona bude je\u0161t\u011b v\u011bt\u0161\u00ed a zahraji si je\u0161t\u011b \u010dast\u011bji. Zat\u00edm tomu tak ale nebylo, proto\u017ee jsem m\u011bl sm\u016flu se zran\u011bn\u00edm. Je to ale sou\u010d\u00e1st fotbalu a nem\u00e1 cenu nad t\u00edm na\u0159\u00edkat. M\u016f\u017eu se d\u00edvat jenom do budoucnosti a snad bude druh\u00e1 polovina sezony lep\u0161\u00ed jak pro m\u011b, tak pro t\u00fdm. \u010cek\u00e1 n\u00e1s spousta d\u016fle\u017eit\u00fdch z\u00e1pas\u016f.\u201c<\/em><\/p>\n<p>Vyhl\u00eddky na nad\u011bjnou sezonu Rodwell povzbudil nadm\u00edru vyda\u0159enou letn\u00ed p\u0159\u00edpravou, kde pat\u0159il k nejlep\u0161\u00edm hr\u00e1\u010d\u016fm. Z\u00e1\u0159il zejm\u00e9na b\u011bhem australsk\u00e9ho turn\u00e9, kdy g\u00f3ly p\u0159isp\u011bl k v\u00fdhr\u00e1m nad Melbourne Heart a Brisbane Roar.\u00a0<em>\u201eV Austr\u00e1lii se mi da\u0159ilo, c\u00edtil jsem se hodn\u011b dob\u0159e,\u201c<\/em>\u00a0potvrzuje.\u00a0<em>\u201eByl jsem fit a siln\u00fd jako nikdy p\u0159edt\u00edm.\u201c<\/em><\/p>\n<p>V prvn\u00edch dvou z\u00e1pasech sezony se musel spokojit s m\u00edstem na lavi\u010dce, prvn\u00ed start tak p\u0159i\u0161el koncem srpna v druh\u00e9m kole Ligov\u00e9ho poh\u00e1ru proti Huddersfieldu, kdy se kr\u00e1snou trefou pod\u00edlel na v\u00edt\u011bzstv\u00ed 5-1.<\/p>\n<p><em>\u201eP\u0159edsez\u00f3nn\u00ed formu se mi povedlo p\u0159en\u00e9st i do m\u00e9ho prvn\u00edho ostr\u00e9ho z\u00e1pasu. Je to ale zat\u00edm m\u016fj jedin\u00fd g\u00f3l v tomto ro\u010dn\u00edku a c\u00edt\u00edm, \u017ee pot\u0159ebuji v\u00edc, obzvl\u00e1\u0161t\u011b p\u0159i m\u00e9m postu na h\u0159i\u0161ti,\u201c\u00a0<\/em>\u0159\u00edk\u00e1.<em>\u00a0\u201eA\u0165 u\u017e to je ale proti t\u00fdm\u016fm z League One v poh\u00e1rech, nebo Premier League, je to tom dok\u00e1zat, \u017ee m\u016f\u017eu pro t\u00fdm odv\u00e9st dobrou pr\u00e1ci. M\u00e1m r\u00e1d ze z\u00e1lohy postupovat dop\u0159edu a zkou\u0161et st\u0159\u00edlet. Pracuju na tom v tr\u00e9ninku, tak\u017ee douf\u00e1m, \u017ee podobn\u00fdch g\u00f3l\u016f vst\u0159el\u00edm v\u00edc.\u201c<\/em><\/p>\n<p>Z Jackov\u00fdch slov tak jasn\u011b vypov\u00edd\u00e1, na jak\u00e9 pozici vid\u00ed svoji budoucnost. V juniorce Evertonu ov\u0161em hr\u00e1l jako st\u0159edn\u00ed obr\u00e1nce, pozici, kter\u00e1 nepochybn\u011b pomohla jeho pov\u011bstn\u00e9mu uvoln\u011bn\u00e9mu hern\u00edmu projevu. D\u00edky jeho v\u00fd\u0161ce a siln\u00e9 atletick\u00e9 postav\u011b, nicm\u00e9n\u011b nen\u00ed jeho n\u00e1vrat do obrany vylou\u010den, by\u0165 jak s\u00e1m \u0159\u00edk\u00e1, pova\u017euje se za z\u00e1lo\u017en\u00edka.<\/p>\n<p><em>\u201eKdy\u017e jsem hr\u00e1l za sv\u016fj \u0161koln\u00ed t\u00fdm a m\u00edstn\u00ed t\u00fdmy, byl jsem \u00fato\u010dn\u00edk. V\u017edycky jsem m\u011bl \u00fato\u010dn\u011bj\u0161\u00ed role r\u00e1d, ale samoz\u0159ejm\u011b jsem se jim nev\u011bnoval na takov\u00e9 \u00farovni, jako nyn\u00ed, tak\u017ee mi chv\u00edli trvalo, ne\u017e jsem se p\u0159izp\u016fsobil. Ale m\u016f\u017eu s klidem \u0159\u00edct, \u017ee te\u010f jsem z\u00e1lo\u017en\u00edk. V Premier League jsem nikdy na jin\u00e9m postu nehr\u00e1l, tak\u017ee jsem z\u00e1lo\u017en\u00edk.<\/em><\/p>\n<p><em>Nedlouho potom p\u0159i\u0161lo zran\u011bn\u00ed. V\u017edycky je nejv\u00edc frustruj\u00edc\u00ed to, \u017ee nem\u016f\u017eete pomoct va\u0161emu t\u00fdmu. Sledujete z\u00e1pasy z tribuny a kdy\u017e p\u0159ich\u00e1zej\u00ed \u0161patn\u00e9 v\u00fdsledky, c\u00edt\u00edte s je\u0161t\u011b h\u016f\u0159. M\u00edsto toho se mus\u00edte soust\u0159edit jen na uzdravov\u00e1n\u00ed. Bylo to t\u011b\u017ek\u00e9 obdob\u00ed.<\/em><\/p>\n<p><em>Kdy\u017e jsem byl mlad\u0161\u00ed, m\u00edval jsem hodn\u011b zran\u011bn\u00ed, v\u011bt\u0161inou zap\u0159\u00ed\u010din\u011bn\u00e9 r\u016fstem. Te\u010f jsem u\u017e r\u016fst p\u0159estal a posledn\u00ed roky jsem m\u011bl docela \u0161t\u011bst\u00ed, ale tohle byla prost\u011b sm\u016fla, \u0161lo o b\u011b\u017en\u00fd souboj. Douf\u00e1m, \u017ee n\u011bco podobn\u00e9ho u\u017e se dlouho nestane.\u201c<\/em><\/p>\n<p>Sm\u016fla se Rodwellovi p\u0159ilepila na paty i v ned\u00e1vn\u00e9m p\u0159\u00e1telsk\u00e9m z\u00e1pase Anglie proti It\u00e1lii. Tentokr\u00e1t je v\u0161ak d\u00e9lka absence neporovnateln\u011b krat\u0161\u00ed, proto\u017ee mlad\u00edk nejsp\u00ed\u0161 stihne ji\u017e p\u0159\u00ed\u0161t\u00ed z\u00e1pas proti Sunderlandu. V tom bude jeho t\u00fdm usilovat o veled\u016fle\u017eit\u00e9 t\u0159i body, kter\u00e9 budou m\u00edt pro Everton, pot\u00e1cej\u00edc\u00ed se na t\u0159in\u00e1ct\u00e9 p\u0159\u00ed\u010dce, cenu zlata.<\/p>\n<p><em>\u201eJako t\u00fdm chceme v tabulce vystoupat tak vysoko, jak nejv\u00edce to p\u016fjde,\u201c\u00a0<\/em>neskl\u00e1d\u00e1 zbran\u011b.<em>\u201ePokud se n\u00e1m poda\u0159\u00ed vytvo\u0159it s\u00e9rii n\u011bkolika v\u00fdher, budeme znovu naho\u0159e a budeme bojovat. Ud\u011bl\u00e1me v\u0161echno, co je v na\u0161ich sil\u00e1ch.<\/em><\/p>\n<p><em>Z osobn\u00edho pohledu chci samoz\u0159ejm\u011b odehr\u00e1t co nejv\u00edce z\u00e1pas\u016f a zakon\u010dit sezonu v dobr\u00e9 form\u011b. Konkurence je velk\u00e1, zvl\u00e1\u0161t\u011b v z\u00e1loze. Ale to plat\u00ed pro v\u0161echny &#8211; nikdo nem\u00e1 zaru\u010den\u00e9 m\u00edsto, to n\u00e1m mana\u017eer objasnil. Kdy\u017e jsem se vr\u00e1til ze zran\u011bn\u00ed, chyb\u011bla mi kondice a sebev\u011bdom\u00ed. Ale te\u010f je to za mnou a je na m\u011b, abych t\u00fdmu co nejv\u00edce pomohl,\u201c\u00a0<\/em>zakon\u010dil.<\/p>\n","protected":false},"excerpt":{"rendered":"<p>Jsou tomu ji\u017e v\u00edce ne\u017e t\u0159i roky, co o sob\u011b dal v\u011bd\u011bt sv\u00fdm debutov\u00fdm z\u00e1pasem. Od t\u00e9 doby Jack Rodwell&hellip;<\/p>\n","protected":false},"author":6,"featured_media":1312,"comment_status":"open","ping_status":"closed","sticky":false,"template":"","format":"standard","meta":{"_eb_attr":"","_monsterinsights_skip_tracking":false,"_monsterinsights_sitenote_active":false,"_monsterinsights_sitenote_note":"","_monsterinsights_sitenote_category":0,"footnotes":""},"categories":[42,1],"tags":[],"yoast_head":"<!-- This site is optimized with the Yoast SEO plugin v23.4 - https:\/\/yoast.com\/wordpress\/plugins\/seo\/ -->\n<title>Jack Rodwell - mezi dosp\u011bl\u00e1ky - Official Czech &amp; Slovak Everton Supporters&#039; Club<\/title>\n<meta name=\"robots\" content=\"index, follow, max-snippet:-1, max-image-preview:large, max-video-preview:-1\" \/>\n<link rel=\"canonical\" href=\"https:\/\/evertonfc.cz\/index.php\/2011\/02\/20\/jack-rodwell-mezi-dospelaky\/\" \/>\n<meta property=\"og:locale\" content=\"cs_CZ\" \/>\n<meta property=\"og:type\" content=\"article\" \/>\n<meta property=\"og:title\" content=\"Jack Rodwell - mezi dosp\u011bl\u00e1ky - Official Czech &amp; Slovak Everton Supporters&#039; Club\" \/>\n<meta property=\"og:description\" content=\"Jsou tomu ji\u017e v\u00edce ne\u017e t\u0159i roky, co o sob\u011b dal v\u011bd\u011bt sv\u00fdm debutov\u00fdm z\u00e1pasem. Od t\u00e9 doby Jack Rodwell&hellip;\" \/>\n<meta property=\"og:url\" content=\"https:\/\/evertonfc.cz\/index.php\/2011\/02\/20\/jack-rodwell-mezi-dospelaky\/\" \/>\n<meta property=\"og:site_name\" content=\"Official Czech &amp; Slovak Everton Supporters&#039; Club\" \/>\n<meta property=\"article:publisher\" content=\"https:\/\/www.facebook.com\/everton.fans.cz.sk\" \/>\n<meta property=\"article:published_time\" content=\"2011-02-20T19:06:08+00:00\" \/>\n<meta property=\"article:modified_time\" content=\"2019-02-12T19:09:51+00:00\" \/>\n<meta property=\"og:image\" content=\"https:\/\/evertonfc.cz\/wp-content\/uploads\/2019\/01\/interview.jpg\" \/>\n\t<meta property=\"og:image:width\" content=\"720\" \/>\n\t<meta property=\"og:image:height\" content=\"405\" \/>\n\t<meta property=\"og:image:type\" content=\"image\/jpeg\" \/>\n<meta name=\"author\" content=\"Ri\u010di\" \/>\n<meta name=\"twitter:card\" content=\"summary_large_image\" \/>\n<meta name=\"twitter:creator\" content=\"@rbrejsa\" \/>\n<meta name=\"twitter:label1\" content=\"Napsal(a)\" \/>\n\t<meta name=\"twitter:data1\" content=\"Ri\u010di\" \/>\n\t<meta name=\"twitter:label2\" content=\"Odhadovan\u00e1 doba \u010dten\u00ed\" \/>\n\t<meta name=\"twitter:data2\" content=\"9 minut\" \/>\n<script type=\"application\/ld+json\" class=\"yoast-schema-graph\">{\"@context\":\"https:\/\/schema.org\",\"@graph\":[{\"@type\":\"Article\",\"@id\":\"https:\/\/evertonfc.cz\/index.php\/2011\/02\/20\/jack-rodwell-mezi-dospelaky\/#article\",\"isPartOf\":{\"@id\":\"https:\/\/evertonfc.cz\/index.php\/2011\/02\/20\/jack-rodwell-mezi-dospelaky\/\"},\"author\":{\"name\":\"Ri\u010di\",\"@id\":\"https:\/\/evertonfc.cz\/#\/schema\/person\/f7a5daedb2ffee98480bc70e191aaef1\"},\"headline\":\"Jack Rodwell &#8211; mezi dosp\u011bl\u00e1ky\",\"datePublished\":\"2011-02-20T19:06:08+00:00\",\"dateModified\":\"2019-02-12T19:09:51+00:00\",\"mainEntityOfPage\":{\"@id\":\"https:\/\/evertonfc.cz\/index.php\/2011\/02\/20\/jack-rodwell-mezi-dospelaky\/\"},\"wordCount\":1810,\"commentCount\":0,\"publisher\":{\"@id\":\"https:\/\/evertonfc.cz\/#organization\"},\"image\":{\"@id\":\"https:\/\/evertonfc.cz\/index.php\/2011\/02\/20\/jack-rodwell-mezi-dospelaky\/#primaryimage\"},\"thumbnailUrl\":\"https:\/\/evertonfc.cz\/wp-content\/uploads\/2019\/01\/interview.jpg\",\"articleSection\":[\"Aktuality\",\"Rozhovory\"],\"inLanguage\":\"cs\",\"potentialAction\":[{\"@type\":\"CommentAction\",\"name\":\"Comment\",\"target\":[\"https:\/\/evertonfc.cz\/index.php\/2011\/02\/20\/jack-rodwell-mezi-dospelaky\/#respond\"]}]},{\"@type\":\"WebPage\",\"@id\":\"https:\/\/evertonfc.cz\/index.php\/2011\/02\/20\/jack-rodwell-mezi-dospelaky\/\",\"url\":\"https:\/\/evertonfc.cz\/index.php\/2011\/02\/20\/jack-rodwell-mezi-dospelaky\/\",\"name\":\"Jack Rodwell - mezi dosp\u011bl\u00e1ky - Official Czech &amp; Slovak Everton Supporters&#039; Club\",\"isPartOf\":{\"@id\":\"https:\/\/evertonfc.cz\/#website\"},\"primaryImageOfPage\":{\"@id\":\"https:\/\/evertonfc.cz\/index.php\/2011\/02\/20\/jack-rodwell-mezi-dospelaky\/#primaryimage\"},\"image\":{\"@id\":\"https:\/\/evertonfc.cz\/index.php\/2011\/02\/20\/jack-rodwell-mezi-dospelaky\/#primaryimage\"},\"thumbnailUrl\":\"https:\/\/evertonfc.cz\/wp-content\/uploads\/2019\/01\/interview.jpg\",\"datePublished\":\"2011-02-20T19:06:08+00:00\",\"dateModified\":\"2019-02-12T19:09:51+00:00\",\"breadcrumb\":{\"@id\":\"https:\/\/evertonfc.cz\/index.php\/2011\/02\/20\/jack-rodwell-mezi-dospelaky\/#breadcrumb\"},\"inLanguage\":\"cs\",\"potentialAction\":[{\"@type\":\"ReadAction\",\"target\":[\"https:\/\/evertonfc.cz\/index.php\/2011\/02\/20\/jack-rodwell-mezi-dospelaky\/\"]}]},{\"@type\":\"ImageObject\",\"inLanguage\":\"cs\",\"@id\":\"https:\/\/evertonfc.cz\/index.php\/2011\/02\/20\/jack-rodwell-mezi-dospelaky\/#primaryimage\",\"url\":\"https:\/\/evertonfc.cz\/wp-content\/uploads\/2019\/01\/interview.jpg\",\"contentUrl\":\"https:\/\/evertonfc.cz\/wp-content\/uploads\/2019\/01\/interview.jpg\",\"width\":720,\"height\":405},{\"@type\":\"BreadcrumbList\",\"@id\":\"https:\/\/evertonfc.cz\/index.php\/2011\/02\/20\/jack-rodwell-mezi-dospelaky\/#breadcrumb\",\"itemListElement\":[{\"@type\":\"ListItem\",\"position\":1,\"name\":\"Home\",\"item\":\"https:\/\/evertonfc.cz\/\"},{\"@type\":\"ListItem\",\"position\":2,\"name\":\"Jack Rodwell &#8211; mezi dosp\u011bl\u00e1ky\"}]},{\"@type\":\"WebSite\",\"@id\":\"https:\/\/evertonfc.cz\/#website\",\"url\":\"https:\/\/evertonfc.cz\/\",\"name\":\"Official Czech &amp; Slovak Everton Supporters&#039; Club\",\"description\":\"\",\"publisher\":{\"@id\":\"https:\/\/evertonfc.cz\/#organization\"},\"potentialAction\":[{\"@type\":\"SearchAction\",\"target\":{\"@type\":\"EntryPoint\",\"urlTemplate\":\"https:\/\/evertonfc.cz\/?s={search_term_string}\"},\"query-input\":{\"@type\":\"PropertyValueSpecification\",\"valueRequired\":true,\"valueName\":\"search_term_string\"}}],\"inLanguage\":\"cs\"},{\"@type\":\"Organization\",\"@id\":\"https:\/\/evertonfc.cz\/#organization\",\"name\":\"Official Czech & Slovak Everton Supporters' Club\",\"url\":\"https:\/\/evertonfc.cz\/\",\"logo\":{\"@type\":\"ImageObject\",\"inLanguage\":\"cs\",\"@id\":\"https:\/\/evertonfc.cz\/#\/schema\/logo\/image\/\",\"url\":\"https:\/\/evertonfc.cz\/wp-content\/uploads\/2019\/05\/logo.png\",\"contentUrl\":\"https:\/\/evertonfc.cz\/wp-content\/uploads\/2019\/05\/logo.png\",\"width\":112,\"height\":112,\"caption\":\"Official Czech & Slovak Everton Supporters' Club\"},\"image\":{\"@id\":\"https:\/\/evertonfc.cz\/#\/schema\/logo\/image\/\"},\"sameAs\":[\"https:\/\/www.facebook.com\/everton.fans.cz.sk\"]},{\"@type\":\"Person\",\"@id\":\"https:\/\/evertonfc.cz\/#\/schema\/person\/f7a5daedb2ffee98480bc70e191aaef1\",\"name\":\"Ri\u010di\",\"sameAs\":[\"https:\/\/x.com\/rbrejsa\"],\"url\":\"https:\/\/evertonfc.cz\/index.php\/author\/rici\/\"}]}<\/script>\n<!-- \/ Yoast SEO plugin. -->","yoast_head_json":{"title":"Jack Rodwell - mezi dosp\u011bl\u00e1ky - Official Czech &amp; Slovak Everton Supporters&#039; Club","robots":{"index":"index","follow":"follow","max-snippet":"max-snippet:-1","max-image-preview":"max-image-preview:large","max-video-preview":"max-video-preview:-1"},"canonical":"https:\/\/evertonfc.cz\/index.php\/2011\/02\/20\/jack-rodwell-mezi-dospelaky\/","og_locale":"cs_CZ","og_type":"article","og_title":"Jack Rodwell - mezi dosp\u011bl\u00e1ky - Official Czech &amp; Slovak Everton Supporters&#039; Club","og_description":"Jsou tomu ji\u017e v\u00edce ne\u017e t\u0159i roky, co o sob\u011b dal v\u011bd\u011bt sv\u00fdm debutov\u00fdm z\u00e1pasem. Od t\u00e9 doby Jack Rodwell&hellip;","og_url":"https:\/\/evertonfc.cz\/index.php\/2011\/02\/20\/jack-rodwell-mezi-dospelaky\/","og_site_name":"Official Czech &amp; Slovak Everton Supporters&#039; Club","article_publisher":"https:\/\/www.facebook.com\/everton.fans.cz.sk","article_published_time":"2011-02-20T19:06:08+00:00","article_modified_time":"2019-02-12T19:09:51+00:00","og_image":[{"width":720,"height":405,"url":"https:\/\/evertonfc.cz\/wp-content\/uploads\/2019\/01\/interview.jpg","type":"image\/jpeg"}],"author":"Ri\u010di","twitter_card":"summary_large_image","twitter_creator":"@rbrejsa","twitter_misc":{"Napsal(a)":"Ri\u010di","Odhadovan\u00e1 doba \u010dten\u00ed":"9 minut"},"schema":{"@context":"https:\/\/schema.org","@graph":[{"@type":"Article","@id":"https:\/\/evertonfc.cz\/index.php\/2011\/02\/20\/jack-rodwell-mezi-dospelaky\/#article","isPartOf":{"@id":"https:\/\/evertonfc.cz\/index.php\/2011\/02\/20\/jack-rodwell-mezi-dospelaky\/"},"author":{"name":"Ri\u010di","@id":"https:\/\/evertonfc.cz\/#\/schema\/person\/f7a5daedb2ffee98480bc70e191aaef1"},"headline":"Jack Rodwell &#8211; mezi dosp\u011bl\u00e1ky","datePublished":"2011-02-20T19:06:08+00:00","dateModified":"2019-02-12T19:09:51+00:00","mainEntityOfPage":{"@id":"https:\/\/evertonfc.cz\/index.php\/2011\/02\/20\/jack-rodwell-mezi-dospelaky\/"},"wordCount":1810,"commentCount":0,"publisher":{"@id":"https:\/\/evertonfc.cz\/#organization"},"image":{"@id":"https:\/\/evertonfc.cz\/index.php\/2011\/02\/20\/jack-rodwell-mezi-dospelaky\/#primaryimage"},"thumbnailUrl":"https:\/\/evertonfc.cz\/wp-content\/uploads\/2019\/01\/interview.jpg","articleSection":["Aktuality","Rozhovory"],"inLanguage":"cs","potentialAction":[{"@type":"CommentAction","name":"Comment","target":["https:\/\/evertonfc.cz\/index.php\/2011\/02\/20\/jack-rodwell-mezi-dospelaky\/#respond"]}]},{"@type":"WebPage","@id":"https:\/\/evertonfc.cz\/index.php\/2011\/02\/20\/jack-rodwell-mezi-dospelaky\/","url":"https:\/\/evertonfc.cz\/index.php\/2011\/02\/20\/jack-rodwell-mezi-dospelaky\/","name":"Jack Rodwell - mezi dosp\u011bl\u00e1ky - Official Czech &amp; Slovak Everton Supporters&#039; Club","isPartOf":{"@id":"https:\/\/evertonfc.cz\/#website"},"primaryImageOfPage":{"@id":"https:\/\/evertonfc.cz\/index.php\/2011\/02\/20\/jack-rodwell-mezi-dospelaky\/#primaryimage"},"image":{"@id":"https:\/\/evertonfc.cz\/index.php\/2011\/02\/20\/jack-rodwell-mezi-dospelaky\/#primaryimage"},"thumbnailUrl":"https:\/\/evertonfc.cz\/wp-content\/uploads\/2019\/01\/interview.jpg","datePublished":"2011-02-20T19:06:08+00:00","dateModified":"2019-02-12T19:09:51+00:00","breadcrumb":{"@id":"https:\/\/evertonfc.cz\/index.php\/2011\/02\/20\/jack-rodwell-mezi-dospelaky\/#breadcrumb"},"inLanguage":"cs","potentialAction":[{"@type":"ReadAction","target":["https:\/\/evertonfc.cz\/index.php\/2011\/02\/20\/jack-rodwell-mezi-dospelaky\/"]}]},{"@type":"ImageObject","inLanguage":"cs","@id":"https:\/\/evertonfc.cz\/index.php\/2011\/02\/20\/jack-rodwell-mezi-dospelaky\/#primaryimage","url":"https:\/\/evertonfc.cz\/wp-content\/uploads\/2019\/01\/interview.jpg","contentUrl":"https:\/\/evertonfc.cz\/wp-content\/uploads\/2019\/01\/interview.jpg","width":720,"height":405},{"@type":"BreadcrumbList","@id":"https:\/\/evertonfc.cz\/index.php\/2011\/02\/20\/jack-rodwell-mezi-dospelaky\/#breadcrumb","itemListElement":[{"@type":"ListItem","position":1,"name":"Home","item":"https:\/\/evertonfc.cz\/"},{"@type":"ListItem","position":2,"name":"Jack Rodwell &#8211; mezi dosp\u011bl\u00e1ky"}]},{"@type":"WebSite","@id":"https:\/\/evertonfc.cz\/#website","url":"https:\/\/evertonfc.cz\/","name":"Official Czech &amp; Slovak Everton Supporters&#039; Club","description":"","publisher":{"@id":"https:\/\/evertonfc.cz\/#organization"},"potentialAction":[{"@type":"SearchAction","target":{"@type":"EntryPoint","urlTemplate":"https:\/\/evertonfc.cz\/?s={search_term_string}"},"query-input":{"@type":"PropertyValueSpecification","valueRequired":true,"valueName":"search_term_string"}}],"inLanguage":"cs"},{"@type":"Organization","@id":"https:\/\/evertonfc.cz\/#organization","name":"Official Czech & Slovak Everton Supporters' Club","url":"https:\/\/evertonfc.cz\/","logo":{"@type":"ImageObject","inLanguage":"cs","@id":"https:\/\/evertonfc.cz\/#\/schema\/logo\/image\/","url":"https:\/\/evertonfc.cz\/wp-content\/uploads\/2019\/05\/logo.png","contentUrl":"https:\/\/evertonfc.cz\/wp-content\/uploads\/2019\/05\/logo.png","width":112,"height":112,"caption":"Official Czech & Slovak Everton Supporters' Club"},"image":{"@id":"https:\/\/evertonfc.cz\/#\/schema\/logo\/image\/"},"sameAs":["https:\/\/www.facebook.com\/everton.fans.cz.sk"]},{"@type":"Person","@id":"https:\/\/evertonfc.cz\/#\/schema\/person\/f7a5daedb2ffee98480bc70e191aaef1","name":"Ri\u010di","sameAs":["https:\/\/x.com\/rbrejsa"],"url":"https:\/\/evertonfc.cz\/index.php\/author\/rici\/"}]}},"_links":{"self":[{"href":"https:\/\/evertonfc.cz\/index.php\/wp-json\/wp\/v2\/posts\/4063"}],"collection":[{"href":"https:\/\/evertonfc.cz\/index.php\/wp-json\/wp\/v2\/posts"}],"about":[{"href":"https:\/\/evertonfc.cz\/index.php\/wp-json\/wp\/v2\/types\/post"}],"author":[{"embeddable":true,"href":"https:\/\/evertonfc.cz\/index.php\/wp-json\/wp\/v2\/users\/6"}],"replies":[{"embeddable":true,"href":"https:\/\/evertonfc.cz\/index.php\/wp-json\/wp\/v2\/comments?post=4063"}],"version-history":[{"count":1,"href":"https:\/\/evertonfc.cz\/index.php\/wp-json\/wp\/v2\/posts\/4063\/revisions"}],"predecessor-version":[{"id":4064,"href":"https:\/\/evertonfc.cz\/index.php\/wp-json\/wp\/v2\/posts\/4063\/revisions\/4064"}],"wp:featuredmedia":[{"embeddable":true,"href":"https:\/\/evertonfc.cz\/index.php\/wp-json\/wp\/v2\/media\/1312"}],"wp:attachment":[{"href":"https:\/\/evertonfc.cz\/index.php\/wp-json\/wp\/v2\/media?parent=4063"}],"wp:term":[{"taxonomy":"category","embeddable":true,"href":"https:\/\/evertonfc.cz\/index.php\/wp-json\/wp\/v2\/categories?post=4063"},{"taxonomy":"post_tag","embeddable":true,"href":"https:\/\/evertonfc.cz\/index.php\/wp-json\/wp\/v2\/tags?post=4063"}],"curies":[{"name":"wp","href":"https:\/\/api.w.org\/{rel}","templated":true}]}}