{"id":4091,"date":"2015-10-23T20:25:26","date_gmt":"2015-10-23T18:25:26","guid":{"rendered":"http:\/\/evertonfc.cz\/?p=4091"},"modified":"2021-04-25T16:48:23","modified_gmt":"2021-04-25T14:48:23","slug":"preview-arsenal-everton-5","status":"publish","type":"post","link":"https:\/\/evertonfc.cz\/index.php\/2015\/10\/23\/preview-arsenal-everton-5\/","title":{"rendered":"Preview: Arsenal &#8211; Everton"},"content":{"rendered":"<h4 id=\"NewsPostDetailSummary\">Po t\u0159\u00edg\u00f3lov\u00e9m p\u0159\u00edd\u011blu od \u00da\u010dek jede Everton na sever Lond\u00fdna. Na h\u0159i\u0161ti Kanon\u00fdr\u016f dvacet let nevyhr\u00e1l. Poda\u0159\u00ed se kone\u010dn\u011b tuhle nelichotivou \u0161\u0148\u016fru z\u00edtra p\u0159etrhnout?<\/h4>\n<div id=\"NewsPostDetailContent\">\n<p>\u0158\u00edjnov\u00fd ligov\u00fd program zakon\u010duj\u00ed karamelky t\u011b\u017ek\u00fdm z\u00e1pasem. V\u00fdhoda je v tom, \u017ee to je posledn\u00ed utk\u00e1n\u00ed ligov\u00e9ho startu, kdy hrajeme se \u0161pi\u010dkou tabulky, v listopadu bychom ji\u017e m\u011bli j\u00edt nahoru. Nicm\u00e9n\u011b na\u010dasov\u00e1n\u00ed je ne\u0161\u0165astn\u00e9\/\u0161patn\u00e9, Arsenalu se v lize da\u0159\u00ed (je druh\u00fd s dvoubodovou ztr\u00e1tou na prvn\u00ed Manchester City) a psychika Evertonu po minul\u00e9m utk\u00e1n\u00ed nen\u00ed kdov\u00edjak vysoko. Naproti tomu Gunners porazili v \u00fater\u00fd Bayern&#8230;<\/p>\n<p>Co s t\u00edm tedy? Povzbuzen\u00edm je zdravotn\u00ed stav k\u00e1dru. Oviedo v t\u00fddnu odehr\u00e1l cel\u00fd z\u00e1pas za jednadvac\u00edtku a Pienaar s Cleverleym polo\u010das. A\u010d Angli\u010dan jist\u011b nebude v z\u00e1kladu, tak jeho nominace na lavi\u010dku by nebyla p\u0159ekvapen\u00edm. \u010ctve\u0159ice Baines-Besi\u0107-Hibbert-McGeady pokra\u010duje \u00fasp\u011b\u0161n\u011b ve sv\u00e9 rekonvalescenci.<\/p>\n<p>Arsenalu bude kv\u016fli zran\u011bn\u00edm chyb\u011bt p\u011btice Ospina-Ramsey-Rosick\u00fd-Welbeck-Wilshere. S otazn\u00edkem v z\u00e1kladu je pozice hrotu, kv\u016fli \u00fanav\u011b byl v posledn\u00edm z\u00e1pase st\u0159\u00eddan\u00fd S\u00e1nchez, je tak mo\u017en\u00e9, \u017ee za\u010dne Giroud.<\/p>\n<p>Utk\u00e1n\u00ed vys\u00edlaj\u00ed p\u0159\u00edm\u00fdm p\u0159enosem stanice O2 sport a Digi sport 1.<\/p>\n<p><strong>Co:<\/strong> Arsenal FC &#8211; Everton FC, 10. kolo Premier League<br \/>\n<strong>Kdy:<\/strong> 24. 10. 2015 od 18:30 SE\u010c<br \/>\n<strong>Kde:<\/strong> Emirates Stadium, Hornsey Road, Lond\u00fdn (kapacita: 60 272)<br \/>\n<strong>Rozhod\u010d\u00ed:<\/strong> Lee Mason<\/p>\n<\/div>\n","protected":false},"excerpt":{"rendered":"<p>Po t\u0159\u00edg\u00f3lov\u00e9m p\u0159\u00edd\u011blu od \u00da\u010dek jede Everton na sever Lond\u00fdna. Na h\u0159i\u0161ti Kanon\u00fdr\u016f dvacet let nevyhr\u00e1l. Poda\u0159\u00ed se kone\u010dn\u011b tuhle nelichotivou \u0161\u0148\u016fru z\u00edtra p\u0159etrhnout?<\/p>\n","protected":false},"author":12,"featured_media":15084,"comment_status":"open","ping_status":"closed","sticky":false,"template":"","format":"standard","meta":{"_eb_attr":"","_monsterinsights_skip_tracking":false,"_monsterinsights_sitenote_active":false,"_monsterinsights_sitenote_note":"","_monsterinsights_sitenote_category":0,"footnotes":""},"categories":[4],"tags":[],"yoast_head":"<!-- This site is optimized with the Yoast SEO plugin v23.4 - https:\/\/yoast.com\/wordpress\/plugins\/seo\/ -->\n<title>Preview: Arsenal - Everton - Official Czech &amp; Slovak Everton Supporters&#039; Club<\/title>\n<meta name=\"robots\" content=\"index, follow, max-snippet:-1, max-image-preview:large, max-video-preview:-1\" \/>\n<link rel=\"canonical\" href=\"https:\/\/evertonfc.cz\/index.php\/2015\/10\/23\/preview-arsenal-everton-5\/\" \/>\n<meta property=\"og:locale\" content=\"cs_CZ\" \/>\n<meta property=\"og:type\" content=\"article\" \/>\n<meta property=\"og:title\" content=\"Preview: Arsenal - Everton - Official Czech &amp; Slovak Everton Supporters&#039; Club\" \/>\n<meta property=\"og:description\" content=\"Po t\u0159\u00edg\u00f3lov\u00e9m p\u0159\u00edd\u011blu od \u00da\u010dek jede Everton na sever Lond\u00fdna. Na h\u0159i\u0161ti Kanon\u00fdr\u016f dvacet let nevyhr\u00e1l. Poda\u0159\u00ed se kone\u010dn\u011b tuhle nelichotivou \u0161\u0148\u016fru z\u00edtra p\u0159etrhnout?\" \/>\n<meta property=\"og:url\" content=\"https:\/\/evertonfc.cz\/index.php\/2015\/10\/23\/preview-arsenal-everton-5\/\" \/>\n<meta property=\"og:site_name\" content=\"Official Czech &amp; Slovak Everton Supporters&#039; Club\" \/>\n<meta property=\"article:publisher\" content=\"https:\/\/www.facebook.com\/everton.fans.cz.sk\" \/>\n<meta property=\"article:published_time\" content=\"2015-10-23T18:25:26+00:00\" \/>\n<meta property=\"article:modified_time\" content=\"2021-04-25T14:48:23+00:00\" \/>\n<meta property=\"og:image\" content=\"https:\/\/evertonfc.cz\/wp-content\/uploads\/2021\/04\/Arsenal-VS-Everton.jpg\" \/>\n\t<meta property=\"og:image:width\" content=\"720\" \/>\n\t<meta property=\"og:image:height\" content=\"405\" \/>\n\t<meta property=\"og:image:type\" content=\"image\/jpeg\" \/>\n<meta name=\"author\" content=\"Javor\" \/>\n<meta name=\"twitter:card\" content=\"summary_large_image\" \/>\n<meta name=\"twitter:creator\" content=\"@LoudinJan\" \/>\n<meta name=\"twitter:label1\" content=\"Napsal(a)\" \/>\n\t<meta name=\"twitter:data1\" content=\"Javor\" \/>\n\t<meta name=\"twitter:label2\" content=\"Odhadovan\u00e1 doba \u010dten\u00ed\" \/>\n\t<meta name=\"twitter:data2\" content=\"1 minuta\" \/>\n<script type=\"application\/ld+json\" class=\"yoast-schema-graph\">{\"@context\":\"https:\/\/schema.org\",\"@graph\":[{\"@type\":\"Article\",\"@id\":\"https:\/\/evertonfc.cz\/index.php\/2015\/10\/23\/preview-arsenal-everton-5\/#article\",\"isPartOf\":{\"@id\":\"https:\/\/evertonfc.cz\/index.php\/2015\/10\/23\/preview-arsenal-everton-5\/\"},\"author\":{\"name\":\"Javor\",\"@id\":\"https:\/\/evertonfc.cz\/#\/schema\/person\/b30daf6a5852f4811f8207a17ec1bf78\"},\"headline\":\"Preview: Arsenal &#8211; Everton\",\"datePublished\":\"2015-10-23T18:25:26+00:00\",\"dateModified\":\"2021-04-25T14:48:23+00:00\",\"mainEntityOfPage\":{\"@id\":\"https:\/\/evertonfc.cz\/index.php\/2015\/10\/23\/preview-arsenal-everton-5\/\"},\"wordCount\":265,\"commentCount\":0,\"publisher\":{\"@id\":\"https:\/\/evertonfc.cz\/#organization\"},\"image\":{\"@id\":\"https:\/\/evertonfc.cz\/index.php\/2015\/10\/23\/preview-arsenal-everton-5\/#primaryimage\"},\"thumbnailUrl\":\"https:\/\/evertonfc.cz\/wp-content\/uploads\/2021\/04\/Arsenal-VS-Everton.jpg\",\"articleSection\":[\"Z\u00e1pasy\"],\"inLanguage\":\"cs\",\"potentialAction\":[{\"@type\":\"CommentAction\",\"name\":\"Comment\",\"target\":[\"https:\/\/evertonfc.cz\/index.php\/2015\/10\/23\/preview-arsenal-everton-5\/#respond\"]}]},{\"@type\":\"WebPage\",\"@id\":\"https:\/\/evertonfc.cz\/index.php\/2015\/10\/23\/preview-arsenal-everton-5\/\",\"url\":\"https:\/\/evertonfc.cz\/index.php\/2015\/10\/23\/preview-arsenal-everton-5\/\",\"name\":\"Preview: Arsenal - Everton - Official Czech &amp; Slovak Everton Supporters&#039; Club\",\"isPartOf\":{\"@id\":\"https:\/\/evertonfc.cz\/#website\"},\"primaryImageOfPage\":{\"@id\":\"https:\/\/evertonfc.cz\/index.php\/2015\/10\/23\/preview-arsenal-everton-5\/#primaryimage\"},\"image\":{\"@id\":\"https:\/\/evertonfc.cz\/index.php\/2015\/10\/23\/preview-arsenal-everton-5\/#primaryimage\"},\"thumbnailUrl\":\"https:\/\/evertonfc.cz\/wp-content\/uploads\/2021\/04\/Arsenal-VS-Everton.jpg\",\"datePublished\":\"2015-10-23T18:25:26+00:00\",\"dateModified\":\"2021-04-25T14:48:23+00:00\",\"breadcrumb\":{\"@id\":\"https:\/\/evertonfc.cz\/index.php\/2015\/10\/23\/preview-arsenal-everton-5\/#breadcrumb\"},\"inLanguage\":\"cs\",\"potentialAction\":[{\"@type\":\"ReadAction\",\"target\":[\"https:\/\/evertonfc.cz\/index.php\/2015\/10\/23\/preview-arsenal-everton-5\/\"]}]},{\"@type\":\"ImageObject\",\"inLanguage\":\"cs\",\"@id\":\"https:\/\/evertonfc.cz\/index.php\/2015\/10\/23\/preview-arsenal-everton-5\/#primaryimage\",\"url\":\"https:\/\/evertonfc.cz\/wp-content\/uploads\/2021\/04\/Arsenal-VS-Everton.jpg\",\"contentUrl\":\"https:\/\/evertonfc.cz\/wp-content\/uploads\/2021\/04\/Arsenal-VS-Everton.jpg\",\"width\":720,\"height\":405},{\"@type\":\"BreadcrumbList\",\"@id\":\"https:\/\/evertonfc.cz\/index.php\/2015\/10\/23\/preview-arsenal-everton-5\/#breadcrumb\",\"itemListElement\":[{\"@type\":\"ListItem\",\"position\":1,\"name\":\"Home\",\"item\":\"https:\/\/evertonfc.cz\/\"},{\"@type\":\"ListItem\",\"position\":2,\"name\":\"Preview: Arsenal &#8211; Everton\"}]},{\"@type\":\"WebSite\",\"@id\":\"https:\/\/evertonfc.cz\/#website\",\"url\":\"https:\/\/evertonfc.cz\/\",\"name\":\"Official Czech &amp; Slovak Everton Supporters&#039; Club\",\"description\":\"\",\"publisher\":{\"@id\":\"https:\/\/evertonfc.cz\/#organization\"},\"potentialAction\":[{\"@type\":\"SearchAction\",\"target\":{\"@type\":\"EntryPoint\",\"urlTemplate\":\"https:\/\/evertonfc.cz\/?s={search_term_string}\"},\"query-input\":{\"@type\":\"PropertyValueSpecification\",\"valueRequired\":true,\"valueName\":\"search_term_string\"}}],\"inLanguage\":\"cs\"},{\"@type\":\"Organization\",\"@id\":\"https:\/\/evertonfc.cz\/#organization\",\"name\":\"Official Czech & Slovak Everton Supporters' Club\",\"url\":\"https:\/\/evertonfc.cz\/\",\"logo\":{\"@type\":\"ImageObject\",\"inLanguage\":\"cs\",\"@id\":\"https:\/\/evertonfc.cz\/#\/schema\/logo\/image\/\",\"url\":\"https:\/\/evertonfc.cz\/wp-content\/uploads\/2019\/05\/logo.png\",\"contentUrl\":\"https:\/\/evertonfc.cz\/wp-content\/uploads\/2019\/05\/logo.png\",\"width\":112,\"height\":112,\"caption\":\"Official Czech & Slovak Everton Supporters' Club\"},\"image\":{\"@id\":\"https:\/\/evertonfc.cz\/#\/schema\/logo\/image\/\"},\"sameAs\":[\"https:\/\/www.facebook.com\/everton.fans.cz.sk\"]},{\"@type\":\"Person\",\"@id\":\"https:\/\/evertonfc.cz\/#\/schema\/person\/b30daf6a5852f4811f8207a17ec1bf78\",\"name\":\"Javor\",\"sameAs\":[\"https:\/\/x.com\/LoudinJan\"],\"url\":\"https:\/\/evertonfc.cz\/index.php\/author\/javor\/\"}]}<\/script>\n<!-- \/ Yoast SEO plugin. -->","yoast_head_json":{"title":"Preview: Arsenal - Everton - Official Czech &amp; Slovak Everton Supporters&#039; Club","robots":{"index":"index","follow":"follow","max-snippet":"max-snippet:-1","max-image-preview":"max-image-preview:large","max-video-preview":"max-video-preview:-1"},"canonical":"https:\/\/evertonfc.cz\/index.php\/2015\/10\/23\/preview-arsenal-everton-5\/","og_locale":"cs_CZ","og_type":"article","og_title":"Preview: Arsenal - Everton - Official Czech &amp; Slovak Everton Supporters&#039; Club","og_description":"Po t\u0159\u00edg\u00f3lov\u00e9m p\u0159\u00edd\u011blu od \u00da\u010dek jede Everton na sever Lond\u00fdna. Na h\u0159i\u0161ti Kanon\u00fdr\u016f dvacet let nevyhr\u00e1l. Poda\u0159\u00ed se kone\u010dn\u011b tuhle nelichotivou \u0161\u0148\u016fru z\u00edtra p\u0159etrhnout?","og_url":"https:\/\/evertonfc.cz\/index.php\/2015\/10\/23\/preview-arsenal-everton-5\/","og_site_name":"Official Czech &amp; Slovak Everton Supporters&#039; Club","article_publisher":"https:\/\/www.facebook.com\/everton.fans.cz.sk","article_published_time":"2015-10-23T18:25:26+00:00","article_modified_time":"2021-04-25T14:48:23+00:00","og_image":[{"width":720,"height":405,"url":"https:\/\/evertonfc.cz\/wp-content\/uploads\/2021\/04\/Arsenal-VS-Everton.jpg","type":"image\/jpeg"}],"author":"Javor","twitter_card":"summary_large_image","twitter_creator":"@LoudinJan","twitter_misc":{"Napsal(a)":"Javor","Odhadovan\u00e1 doba \u010dten\u00ed":"1 minuta"},"schema":{"@context":"https:\/\/schema.org","@graph":[{"@type":"Article","@id":"https:\/\/evertonfc.cz\/index.php\/2015\/10\/23\/preview-arsenal-everton-5\/#article","isPartOf":{"@id":"https:\/\/evertonfc.cz\/index.php\/2015\/10\/23\/preview-arsenal-everton-5\/"},"author":{"name":"Javor","@id":"https:\/\/evertonfc.cz\/#\/schema\/person\/b30daf6a5852f4811f8207a17ec1bf78"},"headline":"Preview: Arsenal &#8211; Everton","datePublished":"2015-10-23T18:25:26+00:00","dateModified":"2021-04-25T14:48:23+00:00","mainEntityOfPage":{"@id":"https:\/\/evertonfc.cz\/index.php\/2015\/10\/23\/preview-arsenal-everton-5\/"},"wordCount":265,"commentCount":0,"publisher":{"@id":"https:\/\/evertonfc.cz\/#organization"},"image":{"@id":"https:\/\/evertonfc.cz\/index.php\/2015\/10\/23\/preview-arsenal-everton-5\/#primaryimage"},"thumbnailUrl":"https:\/\/evertonfc.cz\/wp-content\/uploads\/2021\/04\/Arsenal-VS-Everton.jpg","articleSection":["Z\u00e1pasy"],"inLanguage":"cs","potentialAction":[{"@type":"CommentAction","name":"Comment","target":["https:\/\/evertonfc.cz\/index.php\/2015\/10\/23\/preview-arsenal-everton-5\/#respond"]}]},{"@type":"WebPage","@id":"https:\/\/evertonfc.cz\/index.php\/2015\/10\/23\/preview-arsenal-everton-5\/","url":"https:\/\/evertonfc.cz\/index.php\/2015\/10\/23\/preview-arsenal-everton-5\/","name":"Preview: Arsenal - Everton - Official Czech &amp; Slovak Everton Supporters&#039; Club","isPartOf":{"@id":"https:\/\/evertonfc.cz\/#website"},"primaryImageOfPage":{"@id":"https:\/\/evertonfc.cz\/index.php\/2015\/10\/23\/preview-arsenal-everton-5\/#primaryimage"},"image":{"@id":"https:\/\/evertonfc.cz\/index.php\/2015\/10\/23\/preview-arsenal-everton-5\/#primaryimage"},"thumbnailUrl":"https:\/\/evertonfc.cz\/wp-content\/uploads\/2021\/04\/Arsenal-VS-Everton.jpg","datePublished":"2015-10-23T18:25:26+00:00","dateModified":"2021-04-25T14:48:23+00:00","breadcrumb":{"@id":"https:\/\/evertonfc.cz\/index.php\/2015\/10\/23\/preview-arsenal-everton-5\/#breadcrumb"},"inLanguage":"cs","potentialAction":[{"@type":"ReadAction","target":["https:\/\/evertonfc.cz\/index.php\/2015\/10\/23\/preview-arsenal-everton-5\/"]}]},{"@type":"ImageObject","inLanguage":"cs","@id":"https:\/\/evertonfc.cz\/index.php\/2015\/10\/23\/preview-arsenal-everton-5\/#primaryimage","url":"https:\/\/evertonfc.cz\/wp-content\/uploads\/2021\/04\/Arsenal-VS-Everton.jpg","contentUrl":"https:\/\/evertonfc.cz\/wp-content\/uploads\/2021\/04\/Arsenal-VS-Everton.jpg","width":720,"height":405},{"@type":"BreadcrumbList","@id":"https:\/\/evertonfc.cz\/index.php\/2015\/10\/23\/preview-arsenal-everton-5\/#breadcrumb","itemListElement":[{"@type":"ListItem","position":1,"name":"Home","item":"https:\/\/evertonfc.cz\/"},{"@type":"ListItem","position":2,"name":"Preview: Arsenal &#8211; Everton"}]},{"@type":"WebSite","@id":"https:\/\/evertonfc.cz\/#website","url":"https:\/\/evertonfc.cz\/","name":"Official Czech &amp; Slovak Everton Supporters&#039; Club","description":"","publisher":{"@id":"https:\/\/evertonfc.cz\/#organization"},"potentialAction":[{"@type":"SearchAction","target":{"@type":"EntryPoint","urlTemplate":"https:\/\/evertonfc.cz\/?s={search_term_string}"},"query-input":{"@type":"PropertyValueSpecification","valueRequired":true,"valueName":"search_term_string"}}],"inLanguage":"cs"},{"@type":"Organization","@id":"https:\/\/evertonfc.cz\/#organization","name":"Official Czech & Slovak Everton Supporters' Club","url":"https:\/\/evertonfc.cz\/","logo":{"@type":"ImageObject","inLanguage":"cs","@id":"https:\/\/evertonfc.cz\/#\/schema\/logo\/image\/","url":"https:\/\/evertonfc.cz\/wp-content\/uploads\/2019\/05\/logo.png","contentUrl":"https:\/\/evertonfc.cz\/wp-content\/uploads\/2019\/05\/logo.png","width":112,"height":112,"caption":"Official Czech & Slovak Everton Supporters' Club"},"image":{"@id":"https:\/\/evertonfc.cz\/#\/schema\/logo\/image\/"},"sameAs":["https:\/\/www.facebook.com\/everton.fans.cz.sk"]},{"@type":"Person","@id":"https:\/\/evertonfc.cz\/#\/schema\/person\/b30daf6a5852f4811f8207a17ec1bf78","name":"Javor","sameAs":["https:\/\/x.com\/LoudinJan"],"url":"https:\/\/evertonfc.cz\/index.php\/author\/javor\/"}]}},"_links":{"self":[{"href":"https:\/\/evertonfc.cz\/index.php\/wp-json\/wp\/v2\/posts\/4091"}],"collection":[{"href":"https:\/\/evertonfc.cz\/index.php\/wp-json\/wp\/v2\/posts"}],"about":[{"href":"https:\/\/evertonfc.cz\/index.php\/wp-json\/wp\/v2\/types\/post"}],"author":[{"embeddable":true,"href":"https:\/\/evertonfc.cz\/index.php\/wp-json\/wp\/v2\/users\/12"}],"replies":[{"embeddable":true,"href":"https:\/\/evertonfc.cz\/index.php\/wp-json\/wp\/v2\/comments?post=4091"}],"version-history":[{"count":3,"href":"https:\/\/evertonfc.cz\/index.php\/wp-json\/wp\/v2\/posts\/4091\/revisions"}],"predecessor-version":[{"id":15118,"href":"https:\/\/evertonfc.cz\/index.php\/wp-json\/wp\/v2\/posts\/4091\/revisions\/15118"}],"wp:featuredmedia":[{"embeddable":true,"href":"https:\/\/evertonfc.cz\/index.php\/wp-json\/wp\/v2\/media\/15084"}],"wp:attachment":[{"href":"https:\/\/evertonfc.cz\/index.php\/wp-json\/wp\/v2\/media?parent=4091"}],"wp:term":[{"taxonomy":"category","embeddable":true,"href":"https:\/\/evertonfc.cz\/index.php\/wp-json\/wp\/v2\/categories?post=4091"},{"taxonomy":"post_tag","embeddable":true,"href":"https:\/\/evertonfc.cz\/index.php\/wp-json\/wp\/v2\/tags?post=4091"}],"curies":[{"name":"wp","href":"https:\/\/api.w.org\/{rel}","templated":true}]}}