{"id":4095,"date":"2015-10-19T20:27:16","date_gmt":"2015-10-19T18:27:16","guid":{"rendered":"http:\/\/evertonfc.cz\/?p=4095"},"modified":"2019-02-12T20:28:27","modified_gmt":"2019-02-12T19:28:27","slug":"everton-manchester-united-03","status":"publish","type":"post","link":"https:\/\/evertonfc.cz\/index.php\/2015\/10\/19\/everton-manchester-united-03\/","title":{"rendered":"Everton &#8211; Manchester United 0:3"},"content":{"rendered":"<h4 id=\"NewsPostDetailSummary\">Hr\u00e1\u010di Evertonu m\u011bli nepochybn\u011b v hlav\u011b smrt Howarda Kendalla. Uct\u00edt jeho pam\u00e1tku nejlep\u0161\u00edm mo\u017en\u00fdm zp\u016fsobem, tedy v\u00edt\u011bzstv\u00edm, se jim nepoda\u0159ilo.<\/h4>\n<div id=\"NewsPostDetailContent\">\n<p>Dvojice Stones-Coleman se ji\u017e uzdravila, tak\u017ee nastoupila v z\u00e1kladu. P\u0159ed Colemanem na pozici prav\u00e9ho z\u00e1lo\u017en\u00edka tentokr\u00e1t za\u010dal Lennon a Mirallas se po t\u0159\u00edz\u00e1pasov\u00e9m trestu vr\u00e1til do t\u00fdmu, za\u010dal na lavi\u010dce. V t\u00fdmu soupe\u0159e za\u010dal na lavi\u010dce Fellaini a Rooney nastoupil s kapit\u00e1nskou p\u00e1skou.<\/p>\n<p>Ze za\u010d\u00e1tku stoj\u00ed za zm\u00ednku snad Schweinsteigerova st\u0159ela nad po odvr\u00e1cen\u00e9m trest\u0148\u00e1ku soupe\u0159e \u010di neodp\u00edskan\u00e9 p\u0159idr\u017een\u00ed Lukaka Smallingem ve velk\u00e9m v\u00e1pn\u011b soupe\u0159e. Z dal\u0161\u00edho \u00fatoku byl trestn\u00fd kop Lukaka sra\u017een zd\u00ed na roh. A pot\u00e9 padla prvn\u00ed branka utk\u00e1n\u00ed. Herrerovu st\u0159elu je\u0161t\u011b vyrazil Howard na roh, ale po n\u011bm se m\u00ed\u010d dostal ke Schneiderlinovi a ten p\u0159ibli\u017en\u011b z \u00farovn\u011b penalty americk\u00e9ho brank\u00e1\u0159e prost\u0159elil &#8211; <strong>0:1<\/strong>. A kr\u00e1tce pot\u00e9 bylo je\u0161t\u011b h\u016f\u0159e &#8211; po ne\u00fasp\u011b\u0161n\u00e9 kombinaci Barkleyho s Naismithem p\u0159i\u0161el centr zleva od Roja, mezi Gallowaye a Jagielku si nab\u011bhl Herrera a hlavi\u010dkou k lev\u00e9 ty\u010di zv\u00fd\u0161il &#8211; <strong>0:2<\/strong>. United zav\u011bsili dvakr\u00e1t b\u011bhem \u010dty\u0159 minut&#8230; Je\u0161t\u011b k tomu dostal \u017elutou Coleman.<\/p>\n<p>Do konce polo\u010dasu vid\u011bli div\u00e1ci je\u0161t\u011b jednu velkou \u0161anci United. Rooney postupoval z \u00fahlu na Howarda, ale jeho p\u0159ihr\u00e1vka na Martiala byla sra\u017eena a g\u00f3lman zas\u00e1hl. Everton odpov\u011bd\u011bl st\u0159elou Barkleyho, kterou De Gea reflexivn\u011b kryl.<\/p>\n<p>Do druh\u00e9 p\u016fle oba celky ud\u011blali jednu zm\u011bnu, Lingard vyst\u0159\u00eddal Matu a Kon\u00e9 Naismithe. Na jej\u00edm za\u010d\u00e1tku vid\u011bli Schweinsteiger a Rojo \u017elut\u00e9 karty rychle za sebou. Kr\u00e1tce pot\u00e9 sp\u00e1lil velkou \u0161anci Lukaku, kdy\u017e De Gea leva\u010dkou vykopl jeho dob\u0159e um\u00edst\u011bnou st\u0159elu. Ned\u00e1\u0161-dostane\u0161. Jagielkovu chybnou rozehr\u00e1vku potrestal Rooney, kter\u00fd p\u0159ehodil vyb\u00edhaj\u00edc\u00edho Howarda &#8211; <strong>0:3<\/strong>. B\u011bhem t\u00e9to doby stihl De Gea kr\u00fdt dal\u0161\u00ed dv\u011b \u0161ance v\u010detn\u011b reflexivn\u00edho z\u00e1kroku proti Barkleymu. Po dal\u0161\u00ed chyb\u011b Jagielky m\u011bl \u0161anci op\u011bt Rooney, tentokr\u00e1t Howard kryl.<\/p>\n<p>Po \u017elut\u00e9 kart\u011b pro Lukaka se pokra\u010dovalo ve st\u0159\u00edd\u00e1n\u00ed, Deulofeu nastoupil m\u00edsto Lennona a Carrick za Schweinsteigera. V posledn\u00ed \u010dtvrthodin\u011b m\u011bli v\u00edce ze hry host\u00e9, st\u0159ela Lingarda \u0161la vedle, kli\u010dkovan\u00e1 Martiala taky byla p\u011bkn\u00e1, ale k brance nevedla. \u00dato\u010dn\u00e9 snahy Evertonu skon\u010dily trest\u0148\u00e1kem Barkleyho nad, na posledn\u00edch 10 minut Fellaini vyst\u0159\u00eddal Herreru a Lingard v 92. minut\u011b \u0161patn\u011b trefil zbl\u00edzka m\u00ed\u010d po p\u0159ihr\u00e1vce Lingarda.<\/p>\n<p>V utk\u00e1n\u00ed, kdy Everton ani nebyl moc p\u0159ehr\u00e1n, tak vyhr\u00e1li efektivn\u011bj\u0161\u00ed host\u00e9.<\/p>\n<p><strong>Branky:<\/strong> 18. Morgan Schneiderlin, 22. Ander Herrera, 62. Wayne Rooney<br \/>\n<strong>\u017dK: <\/strong>22. S\u00e9amus Coleman, 70. Romelu Lukaku &#8211; 50. Bastian Schweinsteiger, 52. Marcos Rojo<br \/>\nEverton FC: Tim Howard, S\u00e9amus Coleman, John Stones, Phil Jagielka, Brendan Galloway, James McCarthy, Gareth Barry, Aaron Lennon (73. Gerard Deulofeu), Ross Barkley, Steven Naismith (46. Arouna Kon\u00e9), Romelu Lukaku<br \/>\n<strong>Manchester United: <\/strong>David de Gea, Matteo Darmian, Phil Jones, Chris Smalling, Marcos Rojo, Morgan Schneiderlin, Bastian Schweinsteiger (74. Michael Carrick), Ander Herrera (81. Marouane Fellaini), Juan Manuel Mata (46. Jesse Lingard), Wayne Rooney, Anthony Martial<br \/>\n<strong>Rozhod\u010d\u00ed: <\/strong>Jonathan\u00a0Moss<br \/>\n<strong>Div\u00e1ci: <\/strong>39 553<\/p>\n<\/div>\n","protected":false},"excerpt":{"rendered":"<p>Hr\u00e1\u010di Evertonu m\u011bli nepochybn\u011b v hlav\u011b smrt Howarda Kendalla. Uct\u00edt jeho pam\u00e1tku nejlep\u0161\u00edm mo\u017en\u00fdm zp\u016fsobem, tedy v\u00edt\u011bzstv\u00edm, se jim nepoda\u0159ilo.&hellip;<\/p>\n","protected":false},"author":12,"featured_media":1315,"comment_status":"open","ping_status":"closed","sticky":false,"template":"","format":"standard","meta":{"_eb_attr":"","_monsterinsights_skip_tracking":false,"_monsterinsights_sitenote_active":false,"_monsterinsights_sitenote_note":"","_monsterinsights_sitenote_category":0,"footnotes":""},"categories":[4],"tags":[],"yoast_head":"<!-- This site is optimized with the Yoast SEO plugin v23.4 - https:\/\/yoast.com\/wordpress\/plugins\/seo\/ -->\n<title>Everton - Manchester United 0:3 - Official Czech &amp; Slovak Everton Supporters&#039; Club<\/title>\n<meta name=\"robots\" content=\"index, follow, max-snippet:-1, max-image-preview:large, max-video-preview:-1\" \/>\n<link rel=\"canonical\" href=\"https:\/\/evertonfc.cz\/index.php\/2015\/10\/19\/everton-manchester-united-03\/\" \/>\n<meta property=\"og:locale\" content=\"cs_CZ\" \/>\n<meta property=\"og:type\" content=\"article\" \/>\n<meta property=\"og:title\" content=\"Everton - Manchester United 0:3 - Official Czech &amp; Slovak Everton Supporters&#039; Club\" \/>\n<meta property=\"og:description\" content=\"Hr\u00e1\u010di Evertonu m\u011bli nepochybn\u011b v hlav\u011b smrt Howarda Kendalla. Uct\u00edt jeho pam\u00e1tku nejlep\u0161\u00edm mo\u017en\u00fdm zp\u016fsobem, tedy v\u00edt\u011bzstv\u00edm, se jim nepoda\u0159ilo.&hellip;\" \/>\n<meta property=\"og:url\" content=\"https:\/\/evertonfc.cz\/index.php\/2015\/10\/19\/everton-manchester-united-03\/\" \/>\n<meta property=\"og:site_name\" content=\"Official Czech &amp; Slovak Everton Supporters&#039; Club\" \/>\n<meta property=\"article:publisher\" content=\"https:\/\/www.facebook.com\/everton.fans.cz.sk\" \/>\n<meta property=\"article:published_time\" content=\"2015-10-19T18:27:16+00:00\" \/>\n<meta property=\"article:modified_time\" content=\"2019-02-12T19:28:27+00:00\" \/>\n<meta property=\"og:image\" content=\"https:\/\/evertonfc.cz\/wp-content\/uploads\/2019\/01\/report.jpg\" \/>\n\t<meta property=\"og:image:width\" content=\"720\" \/>\n\t<meta property=\"og:image:height\" content=\"405\" \/>\n\t<meta property=\"og:image:type\" content=\"image\/jpeg\" \/>\n<meta name=\"author\" content=\"Javor\" \/>\n<meta name=\"twitter:card\" content=\"summary_large_image\" \/>\n<meta name=\"twitter:creator\" content=\"@LoudinJan\" \/>\n<meta name=\"twitter:label1\" content=\"Napsal(a)\" \/>\n\t<meta name=\"twitter:data1\" content=\"Javor\" \/>\n\t<meta name=\"twitter:label2\" content=\"Odhadovan\u00e1 doba \u010dten\u00ed\" \/>\n\t<meta name=\"twitter:data2\" content=\"3 minuty\" \/>\n<script type=\"application\/ld+json\" class=\"yoast-schema-graph\">{\"@context\":\"https:\/\/schema.org\",\"@graph\":[{\"@type\":\"Article\",\"@id\":\"https:\/\/evertonfc.cz\/index.php\/2015\/10\/19\/everton-manchester-united-03\/#article\",\"isPartOf\":{\"@id\":\"https:\/\/evertonfc.cz\/index.php\/2015\/10\/19\/everton-manchester-united-03\/\"},\"author\":{\"name\":\"Javor\",\"@id\":\"https:\/\/evertonfc.cz\/#\/schema\/person\/b30daf6a5852f4811f8207a17ec1bf78\"},\"headline\":\"Everton &#8211; Manchester United 0:3\",\"datePublished\":\"2015-10-19T18:27:16+00:00\",\"dateModified\":\"2019-02-12T19:28:27+00:00\",\"mainEntityOfPage\":{\"@id\":\"https:\/\/evertonfc.cz\/index.php\/2015\/10\/19\/everton-manchester-united-03\/\"},\"wordCount\":582,\"commentCount\":0,\"publisher\":{\"@id\":\"https:\/\/evertonfc.cz\/#organization\"},\"image\":{\"@id\":\"https:\/\/evertonfc.cz\/index.php\/2015\/10\/19\/everton-manchester-united-03\/#primaryimage\"},\"thumbnailUrl\":\"https:\/\/evertonfc.cz\/wp-content\/uploads\/2019\/01\/report.jpg\",\"articleSection\":[\"Z\u00e1pasy\"],\"inLanguage\":\"cs\",\"potentialAction\":[{\"@type\":\"CommentAction\",\"name\":\"Comment\",\"target\":[\"https:\/\/evertonfc.cz\/index.php\/2015\/10\/19\/everton-manchester-united-03\/#respond\"]}]},{\"@type\":\"WebPage\",\"@id\":\"https:\/\/evertonfc.cz\/index.php\/2015\/10\/19\/everton-manchester-united-03\/\",\"url\":\"https:\/\/evertonfc.cz\/index.php\/2015\/10\/19\/everton-manchester-united-03\/\",\"name\":\"Everton - Manchester United 0:3 - Official Czech &amp; Slovak Everton Supporters&#039; Club\",\"isPartOf\":{\"@id\":\"https:\/\/evertonfc.cz\/#website\"},\"primaryImageOfPage\":{\"@id\":\"https:\/\/evertonfc.cz\/index.php\/2015\/10\/19\/everton-manchester-united-03\/#primaryimage\"},\"image\":{\"@id\":\"https:\/\/evertonfc.cz\/index.php\/2015\/10\/19\/everton-manchester-united-03\/#primaryimage\"},\"thumbnailUrl\":\"https:\/\/evertonfc.cz\/wp-content\/uploads\/2019\/01\/report.jpg\",\"datePublished\":\"2015-10-19T18:27:16+00:00\",\"dateModified\":\"2019-02-12T19:28:27+00:00\",\"breadcrumb\":{\"@id\":\"https:\/\/evertonfc.cz\/index.php\/2015\/10\/19\/everton-manchester-united-03\/#breadcrumb\"},\"inLanguage\":\"cs\",\"potentialAction\":[{\"@type\":\"ReadAction\",\"target\":[\"https:\/\/evertonfc.cz\/index.php\/2015\/10\/19\/everton-manchester-united-03\/\"]}]},{\"@type\":\"ImageObject\",\"inLanguage\":\"cs\",\"@id\":\"https:\/\/evertonfc.cz\/index.php\/2015\/10\/19\/everton-manchester-united-03\/#primaryimage\",\"url\":\"https:\/\/evertonfc.cz\/wp-content\/uploads\/2019\/01\/report.jpg\",\"contentUrl\":\"https:\/\/evertonfc.cz\/wp-content\/uploads\/2019\/01\/report.jpg\",\"width\":720,\"height\":405},{\"@type\":\"BreadcrumbList\",\"@id\":\"https:\/\/evertonfc.cz\/index.php\/2015\/10\/19\/everton-manchester-united-03\/#breadcrumb\",\"itemListElement\":[{\"@type\":\"ListItem\",\"position\":1,\"name\":\"Home\",\"item\":\"https:\/\/evertonfc.cz\/\"},{\"@type\":\"ListItem\",\"position\":2,\"name\":\"Everton &#8211; Manchester United 0:3\"}]},{\"@type\":\"WebSite\",\"@id\":\"https:\/\/evertonfc.cz\/#website\",\"url\":\"https:\/\/evertonfc.cz\/\",\"name\":\"Official Czech &amp; Slovak Everton Supporters&#039; Club\",\"description\":\"\",\"publisher\":{\"@id\":\"https:\/\/evertonfc.cz\/#organization\"},\"potentialAction\":[{\"@type\":\"SearchAction\",\"target\":{\"@type\":\"EntryPoint\",\"urlTemplate\":\"https:\/\/evertonfc.cz\/?s={search_term_string}\"},\"query-input\":{\"@type\":\"PropertyValueSpecification\",\"valueRequired\":true,\"valueName\":\"search_term_string\"}}],\"inLanguage\":\"cs\"},{\"@type\":\"Organization\",\"@id\":\"https:\/\/evertonfc.cz\/#organization\",\"name\":\"Official Czech & Slovak Everton Supporters' Club\",\"url\":\"https:\/\/evertonfc.cz\/\",\"logo\":{\"@type\":\"ImageObject\",\"inLanguage\":\"cs\",\"@id\":\"https:\/\/evertonfc.cz\/#\/schema\/logo\/image\/\",\"url\":\"https:\/\/evertonfc.cz\/wp-content\/uploads\/2019\/05\/logo.png\",\"contentUrl\":\"https:\/\/evertonfc.cz\/wp-content\/uploads\/2019\/05\/logo.png\",\"width\":112,\"height\":112,\"caption\":\"Official Czech & Slovak Everton Supporters' Club\"},\"image\":{\"@id\":\"https:\/\/evertonfc.cz\/#\/schema\/logo\/image\/\"},\"sameAs\":[\"https:\/\/www.facebook.com\/everton.fans.cz.sk\"]},{\"@type\":\"Person\",\"@id\":\"https:\/\/evertonfc.cz\/#\/schema\/person\/b30daf6a5852f4811f8207a17ec1bf78\",\"name\":\"Javor\",\"sameAs\":[\"https:\/\/x.com\/LoudinJan\"],\"url\":\"https:\/\/evertonfc.cz\/index.php\/author\/javor\/\"}]}<\/script>\n<!-- \/ Yoast SEO plugin. -->","yoast_head_json":{"title":"Everton - Manchester United 0:3 - Official Czech &amp; Slovak Everton Supporters&#039; Club","robots":{"index":"index","follow":"follow","max-snippet":"max-snippet:-1","max-image-preview":"max-image-preview:large","max-video-preview":"max-video-preview:-1"},"canonical":"https:\/\/evertonfc.cz\/index.php\/2015\/10\/19\/everton-manchester-united-03\/","og_locale":"cs_CZ","og_type":"article","og_title":"Everton - Manchester United 0:3 - Official Czech &amp; Slovak Everton Supporters&#039; Club","og_description":"Hr\u00e1\u010di Evertonu m\u011bli nepochybn\u011b v hlav\u011b smrt Howarda Kendalla. Uct\u00edt jeho pam\u00e1tku nejlep\u0161\u00edm mo\u017en\u00fdm zp\u016fsobem, tedy v\u00edt\u011bzstv\u00edm, se jim nepoda\u0159ilo.&hellip;","og_url":"https:\/\/evertonfc.cz\/index.php\/2015\/10\/19\/everton-manchester-united-03\/","og_site_name":"Official Czech &amp; Slovak Everton Supporters&#039; Club","article_publisher":"https:\/\/www.facebook.com\/everton.fans.cz.sk","article_published_time":"2015-10-19T18:27:16+00:00","article_modified_time":"2019-02-12T19:28:27+00:00","og_image":[{"width":720,"height":405,"url":"https:\/\/evertonfc.cz\/wp-content\/uploads\/2019\/01\/report.jpg","type":"image\/jpeg"}],"author":"Javor","twitter_card":"summary_large_image","twitter_creator":"@LoudinJan","twitter_misc":{"Napsal(a)":"Javor","Odhadovan\u00e1 doba \u010dten\u00ed":"3 minuty"},"schema":{"@context":"https:\/\/schema.org","@graph":[{"@type":"Article","@id":"https:\/\/evertonfc.cz\/index.php\/2015\/10\/19\/everton-manchester-united-03\/#article","isPartOf":{"@id":"https:\/\/evertonfc.cz\/index.php\/2015\/10\/19\/everton-manchester-united-03\/"},"author":{"name":"Javor","@id":"https:\/\/evertonfc.cz\/#\/schema\/person\/b30daf6a5852f4811f8207a17ec1bf78"},"headline":"Everton &#8211; Manchester United 0:3","datePublished":"2015-10-19T18:27:16+00:00","dateModified":"2019-02-12T19:28:27+00:00","mainEntityOfPage":{"@id":"https:\/\/evertonfc.cz\/index.php\/2015\/10\/19\/everton-manchester-united-03\/"},"wordCount":582,"commentCount":0,"publisher":{"@id":"https:\/\/evertonfc.cz\/#organization"},"image":{"@id":"https:\/\/evertonfc.cz\/index.php\/2015\/10\/19\/everton-manchester-united-03\/#primaryimage"},"thumbnailUrl":"https:\/\/evertonfc.cz\/wp-content\/uploads\/2019\/01\/report.jpg","articleSection":["Z\u00e1pasy"],"inLanguage":"cs","potentialAction":[{"@type":"CommentAction","name":"Comment","target":["https:\/\/evertonfc.cz\/index.php\/2015\/10\/19\/everton-manchester-united-03\/#respond"]}]},{"@type":"WebPage","@id":"https:\/\/evertonfc.cz\/index.php\/2015\/10\/19\/everton-manchester-united-03\/","url":"https:\/\/evertonfc.cz\/index.php\/2015\/10\/19\/everton-manchester-united-03\/","name":"Everton - Manchester United 0:3 - Official Czech &amp; Slovak Everton Supporters&#039; Club","isPartOf":{"@id":"https:\/\/evertonfc.cz\/#website"},"primaryImageOfPage":{"@id":"https:\/\/evertonfc.cz\/index.php\/2015\/10\/19\/everton-manchester-united-03\/#primaryimage"},"image":{"@id":"https:\/\/evertonfc.cz\/index.php\/2015\/10\/19\/everton-manchester-united-03\/#primaryimage"},"thumbnailUrl":"https:\/\/evertonfc.cz\/wp-content\/uploads\/2019\/01\/report.jpg","datePublished":"2015-10-19T18:27:16+00:00","dateModified":"2019-02-12T19:28:27+00:00","breadcrumb":{"@id":"https:\/\/evertonfc.cz\/index.php\/2015\/10\/19\/everton-manchester-united-03\/#breadcrumb"},"inLanguage":"cs","potentialAction":[{"@type":"ReadAction","target":["https:\/\/evertonfc.cz\/index.php\/2015\/10\/19\/everton-manchester-united-03\/"]}]},{"@type":"ImageObject","inLanguage":"cs","@id":"https:\/\/evertonfc.cz\/index.php\/2015\/10\/19\/everton-manchester-united-03\/#primaryimage","url":"https:\/\/evertonfc.cz\/wp-content\/uploads\/2019\/01\/report.jpg","contentUrl":"https:\/\/evertonfc.cz\/wp-content\/uploads\/2019\/01\/report.jpg","width":720,"height":405},{"@type":"BreadcrumbList","@id":"https:\/\/evertonfc.cz\/index.php\/2015\/10\/19\/everton-manchester-united-03\/#breadcrumb","itemListElement":[{"@type":"ListItem","position":1,"name":"Home","item":"https:\/\/evertonfc.cz\/"},{"@type":"ListItem","position":2,"name":"Everton &#8211; Manchester United 0:3"}]},{"@type":"WebSite","@id":"https:\/\/evertonfc.cz\/#website","url":"https:\/\/evertonfc.cz\/","name":"Official Czech &amp; Slovak Everton Supporters&#039; Club","description":"","publisher":{"@id":"https:\/\/evertonfc.cz\/#organization"},"potentialAction":[{"@type":"SearchAction","target":{"@type":"EntryPoint","urlTemplate":"https:\/\/evertonfc.cz\/?s={search_term_string}"},"query-input":{"@type":"PropertyValueSpecification","valueRequired":true,"valueName":"search_term_string"}}],"inLanguage":"cs"},{"@type":"Organization","@id":"https:\/\/evertonfc.cz\/#organization","name":"Official Czech & Slovak Everton Supporters' Club","url":"https:\/\/evertonfc.cz\/","logo":{"@type":"ImageObject","inLanguage":"cs","@id":"https:\/\/evertonfc.cz\/#\/schema\/logo\/image\/","url":"https:\/\/evertonfc.cz\/wp-content\/uploads\/2019\/05\/logo.png","contentUrl":"https:\/\/evertonfc.cz\/wp-content\/uploads\/2019\/05\/logo.png","width":112,"height":112,"caption":"Official Czech & Slovak Everton Supporters' Club"},"image":{"@id":"https:\/\/evertonfc.cz\/#\/schema\/logo\/image\/"},"sameAs":["https:\/\/www.facebook.com\/everton.fans.cz.sk"]},{"@type":"Person","@id":"https:\/\/evertonfc.cz\/#\/schema\/person\/b30daf6a5852f4811f8207a17ec1bf78","name":"Javor","sameAs":["https:\/\/x.com\/LoudinJan"],"url":"https:\/\/evertonfc.cz\/index.php\/author\/javor\/"}]}},"_links":{"self":[{"href":"https:\/\/evertonfc.cz\/index.php\/wp-json\/wp\/v2\/posts\/4095"}],"collection":[{"href":"https:\/\/evertonfc.cz\/index.php\/wp-json\/wp\/v2\/posts"}],"about":[{"href":"https:\/\/evertonfc.cz\/index.php\/wp-json\/wp\/v2\/types\/post"}],"author":[{"embeddable":true,"href":"https:\/\/evertonfc.cz\/index.php\/wp-json\/wp\/v2\/users\/12"}],"replies":[{"embeddable":true,"href":"https:\/\/evertonfc.cz\/index.php\/wp-json\/wp\/v2\/comments?post=4095"}],"version-history":[{"count":1,"href":"https:\/\/evertonfc.cz\/index.php\/wp-json\/wp\/v2\/posts\/4095\/revisions"}],"predecessor-version":[{"id":4098,"href":"https:\/\/evertonfc.cz\/index.php\/wp-json\/wp\/v2\/posts\/4095\/revisions\/4098"}],"wp:featuredmedia":[{"embeddable":true,"href":"https:\/\/evertonfc.cz\/index.php\/wp-json\/wp\/v2\/media\/1315"}],"wp:attachment":[{"href":"https:\/\/evertonfc.cz\/index.php\/wp-json\/wp\/v2\/media?parent=4095"}],"wp:term":[{"taxonomy":"category","embeddable":true,"href":"https:\/\/evertonfc.cz\/index.php\/wp-json\/wp\/v2\/categories?post=4095"},{"taxonomy":"post_tag","embeddable":true,"href":"https:\/\/evertonfc.cz\/index.php\/wp-json\/wp\/v2\/tags?post=4095"}],"curies":[{"name":"wp","href":"https:\/\/api.w.org\/{rel}","templated":true}]}}