{"id":4100,"date":"2015-10-19T20:28:41","date_gmt":"2015-10-19T18:28:41","guid":{"rendered":"http:\/\/evertonfc.cz\/?p=4100"},"modified":"2019-02-12T23:02:05","modified_gmt":"2019-02-12T22:02:05","slug":"opustil-nas-howard-kendall","status":"publish","type":"post","link":"https:\/\/evertonfc.cz\/index.php\/2015\/10\/19\/opustil-nas-howard-kendall\/","title":{"rendered":"Opustil n\u00e1s Howard Kendall"},"content":{"rendered":"<h4 id=\"NewsPostDetailSummary\">Howard Kendall, klubov\u00e1 legenda za vynikaj\u00edc\u00ed fotbalov\u00e9 v\u00fdkony a nej\u00fasp\u011b\u0161n\u011bj\u0161\u00ed mana\u017eer v historii Evertonu, zem\u0159el ve v\u011bku 69 let.<\/h4>\n<div id=\"NewsPostDetailContent\">\n<p>Kendall skonal v nemocnici, obklopen nejbli\u017e\u0161\u00edmi, po infarktu v sobotu r\u00e1nu. Zanechal po sob\u011b \u017eenu Lily a t\u0159i d\u011bti \u2013 Hailey, Lisu a Simona a rovn\u011b\u017e v\u00fdznamn\u00fd odkaz na Goodison Parku.<\/p>\n<p>V modr\u00e9m dresu si vydobyl renom\u00e9 u\u017e coby zodpov\u011bdn\u00fd d\u011bln\u00edk z\u00e1lo\u017en\u00ed \u0159ady nepostr\u00e1daj\u00edc\u00ed technick\u00fd um. Napevno se ov\u0161em zapsal do historie Toffees v mana\u017eersk\u00e9 roli. Ze t\u0159ech mana\u017eersk\u00fdch anga\u017em\u00e1 za Blues se nejv\u00edce vzpom\u00edn\u00e1 na jeho prvn\u00ed, kdy slavil zisk dvou titul\u016f ve First Division a tak\u00e9 zisk FA Cupu a Poh\u00e1ru v\u00edt\u011bz\u016f poh\u00e1r\u016f. Na v\u0161echny zm\u00edn\u011bn\u00e9 trofeje dos\u00e1hl b\u011bhem let 1984 a\u017e 1987.<\/p>\n<p>Rod\u00e1k z County Durhamu zapo\u010dal \u017eivot fotbalisty v Prestonu North End, jeho\u017e dres obl\u00e9kl ve v\u00edce ne\u017e 100 z\u00e1pasech. Z\u00e1rove\u0148 se stal nejmlad\u0161\u00edm hr\u00e1\u010dem, kter\u00fd nasko\u010dil do fin\u00e1le FA Cupu, v roce 1964 byl star\u00fd 17 let a 345 dn\u00ed.<\/p>\n<p>Do Evertonu p\u0159estoupil v roce 1967 a p\u0159esto\u017ee n\u00e1sleduj\u00edc\u00ed rok op\u011bt musel spolknout ho\u0159kost por\u00e1\u017eky ve fin\u00e1le FA Cupu, n\u00e1plast v podob\u011b ligov\u00e9ho titulu na sebe nechala \u010dekat jen do roku 1970. Za Toffees odehr\u00e1l p\u0159es 200 utk\u00e1n\u00ed, ve zbytku hr\u00e1\u010dsk\u00e9 etapy potom p\u016fsobil je\u0161t\u011b v Birminghamu, Stoke a Blackburnu.<\/p>\n<p>A pr\u00e1v\u011b na Ewood Parku z\u00edskal prvn\u00ed mana\u017eersk\u00e9 zku\u0161enosti, ne\u017e se v roce 1981 vr\u00e1til do Evertonu. Zlat\u00fdm p\u00edsmem budu nav\u017edy vyryta hlavn\u011b sez\u00f3na 1984\/85 zakon\u010den\u00e1 v\u00edt\u011bzstv\u00ed ve First Division a Poh\u00e1ru v\u00edt\u011bz\u016f poh\u00e1r\u016f. <em>\u201eEverton bez n\u011bj nebude t\u00edm sam\u00fdm,&#8220;<\/em> prozradil b\u00fdval\u00fd z\u00e1lo\u017en\u00edk Toffees Peter Reid. <em>\u201eJeho kabina \u017eila, kdy\u017e se vyhr\u00e1valo, a je\u0161t\u011b v\u00edce kdy\u017e se prohr\u00e1valo. <\/em><\/p>\n<p><em>\u201eVelik\u00e1 osobnost. Velmi chytr\u00fd a skv\u011bl\u00fd \u010dlov\u011bk ve funkci mana\u017eera a jednodu\u0161e fantastick\u00fd mu\u017e. Jsem zdrcen, byl m\u00fdm p\u0159\u00edtelem a \u0161\u00e9fem.\u201c<\/em><\/p>\n<p>B\u00fdval\u00fd kanon\u00fdr Evertonu a Albionu Gary Lineker se zase nechal sly\u0161et: <em>\u201eV Evertonu brilantn\u011b mana\u017eeroval nejlep\u0161\u00ed mu\u017estvo, v n\u011bm\u017e jsem kdy hr\u00e1l. \u00da\u017easn\u00fd chlap.\u201c<\/em><\/p>\n<p>Sv\u00e9 dodal rovn\u011b\u017e Roberto Mart\u00ednez: <em>\u201eVybudoval si nezapomenuteln\u00fd vztah s fanou\u0161ky a nastavil standardy na nejvy\u0161\u0161\u00ed mo\u017enou \u00farove\u0148. Lid\u00e9 mu v\u011b\u0159ili, p\u0159esv\u011bd\u010dil je, \u017ee m\u016f\u017ee dos\u00e1hnout \u010dehokoliv. V 80. letech pozvedl Everton na nejvy\u0161\u0161\u00ed stup\u00ednek v evropsk\u00e9m fotbale. My, dne\u0161n\u00ed z\u00e1stupci klubu, mus\u00edme k\u00a0tomu vzhl\u00ed\u017eet a pokusit o tento \u00fasp\u011bch. U\u017e jenom speci\u00e1ln\u011b pro Howarda.\u201c<\/em><\/p>\n<p>Se z\u00e1kazem startu anglick\u00fdch celk\u016f v evropsk\u00fdch sout\u011b\u017e\u00edch Kendall vysly\u0161el vol\u00e1n\u00ed \u0161pan\u011blsk\u00e9ho Athletica Bilbaa, to se psalo l\u00e9to 1987. P\u0159ed dal\u0161\u00edm n\u00e1vratem na Goodison Parku si je\u0161t\u011b st\u0159ihnul epizodu v Manchesteru City. N\u00e1sledn\u011b t\u00e9\u017e kr\u00e1tce p\u016fsobil v Nottighamu County a Sheffieldu United. Pot\u0159et\u00ed a naposledy st\u00e1l na lavi\u010dce Toffees v letech 1997 a\u017e 1998.<\/p>\n<p><strong>B\u00fdval\u00fd obr\u00e1nce a kapit\u00e1nu Evertonu Kevin Ratcliffe:<\/strong> <em>\u201eJako mana\u017eer dok\u00e1zal p\u0159edpov\u00eddat budoucnost. \u00dasp\u011bchy jim dosa\u017een\u00e9 vystihuj\u00ed jeho charakter. Do Evertonu p\u0159i\u0161el vyhr\u00e1vat, co\u017e plnil. Jeho tr\u00e9ninkov\u00e9 metody byly naprosto \u00fa\u017easn\u00e9, p\u0159edsez\u00f3nn\u00ed p\u0159\u00edpravu dok\u00e1zal napl\u00e1novat dokonale, abychom se vyvarovali zran\u011bn\u00edm v tr\u00e9ninc\u00edch. A na tr\u00e9ninky jsme se t\u011b\u0161ili ka\u017ed\u00fd den! Pokud by Howard z\u016fstal, klub by, mysl\u00edm si, v 80. a 90. letech dominoval.\u201c<\/em><\/p>\n<p><strong>B\u00fdval\u00fd branka\u0159 Evertonu Neville Southall:<\/strong> <em>\u201eSkv\u011bl\u00fd mana\u017eer a je\u0161t\u011b lep\u0161\u00ed mu\u017e. M\u00e9 \u00fasp\u011bchy jsou jeho z\u00e1sluhou. Gentleman, p\u0159\u00edtel, mentor. Bude\u0161 n\u00e1m chyb\u011bt.\u201c<\/em><\/p>\n<p><strong>B\u00fdval\u00fd z\u00e1lo\u017en\u00edk Evertonu Kevin Sheedy: <em>\u201e<\/em><\/strong><em>Bylo mi ct\u00ed hr\u00e1t pod nejlep\u0161\u00edm mana\u017eerem Evertonu. Jsem absolutn\u011b zdrcen\u00fd jeho ztr\u00e1tou. RIP, boss.\u201c<\/em><\/p>\n<p><strong>B\u00fdval\u00fd obr\u00e1nce Liverpoolu a d\u011btsk\u00fd fanou\u0161ek Evertonu Jamie Carragher:<\/strong> <em>\u201eRIP Howarde Kendalle, nejlep\u0161\u00ed mana\u017eere Evertonu v d\u011bjin\u00e1ch. Vd\u011b\u010d\u00edm mu za jedny z m\u00fdch nejlep\u0161\u00edch fotbalov\u00fdch vzpom\u00ednek, zejm\u00e9na za ro\u010dn\u00edk 1984\/85.\u201c<\/em><\/p>\n<p><strong>B\u00fdval\u00fd hr\u00e1\u010d a mana\u017eer Kenny Dalglish:<\/strong> <em>\u201eVelmi, velmi smutn\u00e1 zpr\u00e1va o Howardu Kendallovi. Chov\u00e1m k n\u011bmu absolutn\u00ed respekt jako k hr\u00e1\u010di, mana\u017eerovi a \u010dlov\u011bku. Py\u0161nil se fantastick\u00fdm charakterem, bude\u0161 n\u00e1m opravdu chyb\u011bt. Legenda<\/em>.<em>\u201c<\/em><\/p>\n<p><strong>\u00dato\u010dn\u00edk Manchesteru United Wayne Rooney:<\/strong> <em>\u201eJde o obrovsky smutn\u00fd okam\u017eik. V sobotu r\u00e1no jsem o tom mluvil s Duncanem Fergusonem. Jedn\u00e1 se o \u010dern\u00fd den pro Everton, dozajista to v\u0161ichni v klubu c\u00edt\u00ed stejn\u011b. R\u00e1d bych pop\u0159\u00e1l up\u0159\u00edmnou soustrast Howardov\u011b rodin\u011b.\u201c<\/em><\/p>\n<\/div>\n","protected":false},"excerpt":{"rendered":"<p>Howard Kendall, klubov\u00e1 legenda za vynikaj\u00edc\u00ed fotbalov\u00e9 v\u00fdkony a nej\u00fasp\u011b\u0161n\u011bj\u0161\u00ed mana\u017eer v historii Evertonu, zem\u0159el ve v\u011bku 69 let. Kendall&hellip;<\/p>\n","protected":false},"author":6,"featured_media":1313,"comment_status":"open","ping_status":"closed","sticky":false,"template":"","format":"standard","meta":{"_eb_attr":"","_monsterinsights_skip_tracking":false,"_monsterinsights_sitenote_active":false,"_monsterinsights_sitenote_note":"","_monsterinsights_sitenote_category":0,"footnotes":""},"categories":[42],"tags":[],"yoast_head":"<!-- This site is optimized with the Yoast SEO plugin v23.4 - https:\/\/yoast.com\/wordpress\/plugins\/seo\/ -->\n<title>Opustil n\u00e1s Howard Kendall - Official Czech &amp; Slovak Everton Supporters&#039; Club<\/title>\n<meta name=\"robots\" content=\"index, follow, max-snippet:-1, max-image-preview:large, max-video-preview:-1\" \/>\n<link rel=\"canonical\" href=\"https:\/\/evertonfc.cz\/index.php\/2015\/10\/19\/opustil-nas-howard-kendall\/\" \/>\n<meta property=\"og:locale\" content=\"cs_CZ\" \/>\n<meta property=\"og:type\" content=\"article\" \/>\n<meta property=\"og:title\" content=\"Opustil n\u00e1s Howard Kendall - Official Czech &amp; Slovak Everton Supporters&#039; Club\" \/>\n<meta property=\"og:description\" content=\"Howard Kendall, klubov\u00e1 legenda za vynikaj\u00edc\u00ed fotbalov\u00e9 v\u00fdkony a nej\u00fasp\u011b\u0161n\u011bj\u0161\u00ed mana\u017eer v historii Evertonu, zem\u0159el ve v\u011bku 69 let. Kendall&hellip;\" \/>\n<meta property=\"og:url\" content=\"https:\/\/evertonfc.cz\/index.php\/2015\/10\/19\/opustil-nas-howard-kendall\/\" \/>\n<meta property=\"og:site_name\" content=\"Official Czech &amp; Slovak Everton Supporters&#039; Club\" \/>\n<meta property=\"article:publisher\" content=\"https:\/\/www.facebook.com\/everton.fans.cz.sk\" \/>\n<meta property=\"article:published_time\" content=\"2015-10-19T18:28:41+00:00\" \/>\n<meta property=\"article:modified_time\" content=\"2019-02-12T22:02:05+00:00\" \/>\n<meta property=\"og:image\" content=\"https:\/\/evertonfc.cz\/wp-content\/uploads\/2019\/01\/news.jpg\" \/>\n\t<meta property=\"og:image:width\" content=\"720\" \/>\n\t<meta property=\"og:image:height\" content=\"405\" \/>\n\t<meta property=\"og:image:type\" content=\"image\/jpeg\" \/>\n<meta name=\"author\" content=\"Ri\u010di\" \/>\n<meta name=\"twitter:card\" content=\"summary_large_image\" \/>\n<meta name=\"twitter:creator\" content=\"@rbrejsa\" \/>\n<meta name=\"twitter:label1\" content=\"Napsal(a)\" \/>\n\t<meta name=\"twitter:data1\" content=\"Ri\u010di\" \/>\n\t<meta name=\"twitter:label2\" content=\"Odhadovan\u00e1 doba \u010dten\u00ed\" \/>\n\t<meta name=\"twitter:data2\" content=\"4 minuty\" \/>\n<script type=\"application\/ld+json\" class=\"yoast-schema-graph\">{\"@context\":\"https:\/\/schema.org\",\"@graph\":[{\"@type\":\"Article\",\"@id\":\"https:\/\/evertonfc.cz\/index.php\/2015\/10\/19\/opustil-nas-howard-kendall\/#article\",\"isPartOf\":{\"@id\":\"https:\/\/evertonfc.cz\/index.php\/2015\/10\/19\/opustil-nas-howard-kendall\/\"},\"author\":{\"name\":\"Ri\u010di\",\"@id\":\"https:\/\/evertonfc.cz\/#\/schema\/person\/f7a5daedb2ffee98480bc70e191aaef1\"},\"headline\":\"Opustil n\u00e1s Howard Kendall\",\"datePublished\":\"2015-10-19T18:28:41+00:00\",\"dateModified\":\"2019-02-12T22:02:05+00:00\",\"mainEntityOfPage\":{\"@id\":\"https:\/\/evertonfc.cz\/index.php\/2015\/10\/19\/opustil-nas-howard-kendall\/\"},\"wordCount\":833,\"commentCount\":0,\"publisher\":{\"@id\":\"https:\/\/evertonfc.cz\/#organization\"},\"image\":{\"@id\":\"https:\/\/evertonfc.cz\/index.php\/2015\/10\/19\/opustil-nas-howard-kendall\/#primaryimage\"},\"thumbnailUrl\":\"https:\/\/evertonfc.cz\/wp-content\/uploads\/2019\/01\/news.jpg\",\"articleSection\":[\"Aktuality\"],\"inLanguage\":\"cs\",\"potentialAction\":[{\"@type\":\"CommentAction\",\"name\":\"Comment\",\"target\":[\"https:\/\/evertonfc.cz\/index.php\/2015\/10\/19\/opustil-nas-howard-kendall\/#respond\"]}]},{\"@type\":\"WebPage\",\"@id\":\"https:\/\/evertonfc.cz\/index.php\/2015\/10\/19\/opustil-nas-howard-kendall\/\",\"url\":\"https:\/\/evertonfc.cz\/index.php\/2015\/10\/19\/opustil-nas-howard-kendall\/\",\"name\":\"Opustil n\u00e1s Howard Kendall - Official Czech &amp; Slovak Everton Supporters&#039; Club\",\"isPartOf\":{\"@id\":\"https:\/\/evertonfc.cz\/#website\"},\"primaryImageOfPage\":{\"@id\":\"https:\/\/evertonfc.cz\/index.php\/2015\/10\/19\/opustil-nas-howard-kendall\/#primaryimage\"},\"image\":{\"@id\":\"https:\/\/evertonfc.cz\/index.php\/2015\/10\/19\/opustil-nas-howard-kendall\/#primaryimage\"},\"thumbnailUrl\":\"https:\/\/evertonfc.cz\/wp-content\/uploads\/2019\/01\/news.jpg\",\"datePublished\":\"2015-10-19T18:28:41+00:00\",\"dateModified\":\"2019-02-12T22:02:05+00:00\",\"breadcrumb\":{\"@id\":\"https:\/\/evertonfc.cz\/index.php\/2015\/10\/19\/opustil-nas-howard-kendall\/#breadcrumb\"},\"inLanguage\":\"cs\",\"potentialAction\":[{\"@type\":\"ReadAction\",\"target\":[\"https:\/\/evertonfc.cz\/index.php\/2015\/10\/19\/opustil-nas-howard-kendall\/\"]}]},{\"@type\":\"ImageObject\",\"inLanguage\":\"cs\",\"@id\":\"https:\/\/evertonfc.cz\/index.php\/2015\/10\/19\/opustil-nas-howard-kendall\/#primaryimage\",\"url\":\"https:\/\/evertonfc.cz\/wp-content\/uploads\/2019\/01\/news.jpg\",\"contentUrl\":\"https:\/\/evertonfc.cz\/wp-content\/uploads\/2019\/01\/news.jpg\",\"width\":720,\"height\":405},{\"@type\":\"BreadcrumbList\",\"@id\":\"https:\/\/evertonfc.cz\/index.php\/2015\/10\/19\/opustil-nas-howard-kendall\/#breadcrumb\",\"itemListElement\":[{\"@type\":\"ListItem\",\"position\":1,\"name\":\"Home\",\"item\":\"https:\/\/evertonfc.cz\/\"},{\"@type\":\"ListItem\",\"position\":2,\"name\":\"Opustil n\u00e1s Howard Kendall\"}]},{\"@type\":\"WebSite\",\"@id\":\"https:\/\/evertonfc.cz\/#website\",\"url\":\"https:\/\/evertonfc.cz\/\",\"name\":\"Official Czech &amp; Slovak Everton Supporters&#039; Club\",\"description\":\"\",\"publisher\":{\"@id\":\"https:\/\/evertonfc.cz\/#organization\"},\"potentialAction\":[{\"@type\":\"SearchAction\",\"target\":{\"@type\":\"EntryPoint\",\"urlTemplate\":\"https:\/\/evertonfc.cz\/?s={search_term_string}\"},\"query-input\":{\"@type\":\"PropertyValueSpecification\",\"valueRequired\":true,\"valueName\":\"search_term_string\"}}],\"inLanguage\":\"cs\"},{\"@type\":\"Organization\",\"@id\":\"https:\/\/evertonfc.cz\/#organization\",\"name\":\"Official Czech & Slovak Everton Supporters' Club\",\"url\":\"https:\/\/evertonfc.cz\/\",\"logo\":{\"@type\":\"ImageObject\",\"inLanguage\":\"cs\",\"@id\":\"https:\/\/evertonfc.cz\/#\/schema\/logo\/image\/\",\"url\":\"https:\/\/evertonfc.cz\/wp-content\/uploads\/2019\/05\/logo.png\",\"contentUrl\":\"https:\/\/evertonfc.cz\/wp-content\/uploads\/2019\/05\/logo.png\",\"width\":112,\"height\":112,\"caption\":\"Official Czech & Slovak Everton Supporters' Club\"},\"image\":{\"@id\":\"https:\/\/evertonfc.cz\/#\/schema\/logo\/image\/\"},\"sameAs\":[\"https:\/\/www.facebook.com\/everton.fans.cz.sk\"]},{\"@type\":\"Person\",\"@id\":\"https:\/\/evertonfc.cz\/#\/schema\/person\/f7a5daedb2ffee98480bc70e191aaef1\",\"name\":\"Ri\u010di\",\"sameAs\":[\"https:\/\/x.com\/rbrejsa\"],\"url\":\"https:\/\/evertonfc.cz\/index.php\/author\/rici\/\"}]}<\/script>\n<!-- \/ Yoast SEO plugin. -->","yoast_head_json":{"title":"Opustil n\u00e1s Howard Kendall - Official Czech &amp; Slovak Everton Supporters&#039; Club","robots":{"index":"index","follow":"follow","max-snippet":"max-snippet:-1","max-image-preview":"max-image-preview:large","max-video-preview":"max-video-preview:-1"},"canonical":"https:\/\/evertonfc.cz\/index.php\/2015\/10\/19\/opustil-nas-howard-kendall\/","og_locale":"cs_CZ","og_type":"article","og_title":"Opustil n\u00e1s Howard Kendall - Official Czech &amp; Slovak Everton Supporters&#039; Club","og_description":"Howard Kendall, klubov\u00e1 legenda za vynikaj\u00edc\u00ed fotbalov\u00e9 v\u00fdkony a nej\u00fasp\u011b\u0161n\u011bj\u0161\u00ed mana\u017eer v historii Evertonu, zem\u0159el ve v\u011bku 69 let. Kendall&hellip;","og_url":"https:\/\/evertonfc.cz\/index.php\/2015\/10\/19\/opustil-nas-howard-kendall\/","og_site_name":"Official Czech &amp; Slovak Everton Supporters&#039; Club","article_publisher":"https:\/\/www.facebook.com\/everton.fans.cz.sk","article_published_time":"2015-10-19T18:28:41+00:00","article_modified_time":"2019-02-12T22:02:05+00:00","og_image":[{"width":720,"height":405,"url":"https:\/\/evertonfc.cz\/wp-content\/uploads\/2019\/01\/news.jpg","type":"image\/jpeg"}],"author":"Ri\u010di","twitter_card":"summary_large_image","twitter_creator":"@rbrejsa","twitter_misc":{"Napsal(a)":"Ri\u010di","Odhadovan\u00e1 doba \u010dten\u00ed":"4 minuty"},"schema":{"@context":"https:\/\/schema.org","@graph":[{"@type":"Article","@id":"https:\/\/evertonfc.cz\/index.php\/2015\/10\/19\/opustil-nas-howard-kendall\/#article","isPartOf":{"@id":"https:\/\/evertonfc.cz\/index.php\/2015\/10\/19\/opustil-nas-howard-kendall\/"},"author":{"name":"Ri\u010di","@id":"https:\/\/evertonfc.cz\/#\/schema\/person\/f7a5daedb2ffee98480bc70e191aaef1"},"headline":"Opustil n\u00e1s Howard Kendall","datePublished":"2015-10-19T18:28:41+00:00","dateModified":"2019-02-12T22:02:05+00:00","mainEntityOfPage":{"@id":"https:\/\/evertonfc.cz\/index.php\/2015\/10\/19\/opustil-nas-howard-kendall\/"},"wordCount":833,"commentCount":0,"publisher":{"@id":"https:\/\/evertonfc.cz\/#organization"},"image":{"@id":"https:\/\/evertonfc.cz\/index.php\/2015\/10\/19\/opustil-nas-howard-kendall\/#primaryimage"},"thumbnailUrl":"https:\/\/evertonfc.cz\/wp-content\/uploads\/2019\/01\/news.jpg","articleSection":["Aktuality"],"inLanguage":"cs","potentialAction":[{"@type":"CommentAction","name":"Comment","target":["https:\/\/evertonfc.cz\/index.php\/2015\/10\/19\/opustil-nas-howard-kendall\/#respond"]}]},{"@type":"WebPage","@id":"https:\/\/evertonfc.cz\/index.php\/2015\/10\/19\/opustil-nas-howard-kendall\/","url":"https:\/\/evertonfc.cz\/index.php\/2015\/10\/19\/opustil-nas-howard-kendall\/","name":"Opustil n\u00e1s Howard Kendall - Official Czech &amp; Slovak Everton Supporters&#039; Club","isPartOf":{"@id":"https:\/\/evertonfc.cz\/#website"},"primaryImageOfPage":{"@id":"https:\/\/evertonfc.cz\/index.php\/2015\/10\/19\/opustil-nas-howard-kendall\/#primaryimage"},"image":{"@id":"https:\/\/evertonfc.cz\/index.php\/2015\/10\/19\/opustil-nas-howard-kendall\/#primaryimage"},"thumbnailUrl":"https:\/\/evertonfc.cz\/wp-content\/uploads\/2019\/01\/news.jpg","datePublished":"2015-10-19T18:28:41+00:00","dateModified":"2019-02-12T22:02:05+00:00","breadcrumb":{"@id":"https:\/\/evertonfc.cz\/index.php\/2015\/10\/19\/opustil-nas-howard-kendall\/#breadcrumb"},"inLanguage":"cs","potentialAction":[{"@type":"ReadAction","target":["https:\/\/evertonfc.cz\/index.php\/2015\/10\/19\/opustil-nas-howard-kendall\/"]}]},{"@type":"ImageObject","inLanguage":"cs","@id":"https:\/\/evertonfc.cz\/index.php\/2015\/10\/19\/opustil-nas-howard-kendall\/#primaryimage","url":"https:\/\/evertonfc.cz\/wp-content\/uploads\/2019\/01\/news.jpg","contentUrl":"https:\/\/evertonfc.cz\/wp-content\/uploads\/2019\/01\/news.jpg","width":720,"height":405},{"@type":"BreadcrumbList","@id":"https:\/\/evertonfc.cz\/index.php\/2015\/10\/19\/opustil-nas-howard-kendall\/#breadcrumb","itemListElement":[{"@type":"ListItem","position":1,"name":"Home","item":"https:\/\/evertonfc.cz\/"},{"@type":"ListItem","position":2,"name":"Opustil n\u00e1s Howard Kendall"}]},{"@type":"WebSite","@id":"https:\/\/evertonfc.cz\/#website","url":"https:\/\/evertonfc.cz\/","name":"Official Czech &amp; Slovak Everton Supporters&#039; Club","description":"","publisher":{"@id":"https:\/\/evertonfc.cz\/#organization"},"potentialAction":[{"@type":"SearchAction","target":{"@type":"EntryPoint","urlTemplate":"https:\/\/evertonfc.cz\/?s={search_term_string}"},"query-input":{"@type":"PropertyValueSpecification","valueRequired":true,"valueName":"search_term_string"}}],"inLanguage":"cs"},{"@type":"Organization","@id":"https:\/\/evertonfc.cz\/#organization","name":"Official Czech & Slovak Everton Supporters' Club","url":"https:\/\/evertonfc.cz\/","logo":{"@type":"ImageObject","inLanguage":"cs","@id":"https:\/\/evertonfc.cz\/#\/schema\/logo\/image\/","url":"https:\/\/evertonfc.cz\/wp-content\/uploads\/2019\/05\/logo.png","contentUrl":"https:\/\/evertonfc.cz\/wp-content\/uploads\/2019\/05\/logo.png","width":112,"height":112,"caption":"Official Czech & Slovak Everton Supporters' Club"},"image":{"@id":"https:\/\/evertonfc.cz\/#\/schema\/logo\/image\/"},"sameAs":["https:\/\/www.facebook.com\/everton.fans.cz.sk"]},{"@type":"Person","@id":"https:\/\/evertonfc.cz\/#\/schema\/person\/f7a5daedb2ffee98480bc70e191aaef1","name":"Ri\u010di","sameAs":["https:\/\/x.com\/rbrejsa"],"url":"https:\/\/evertonfc.cz\/index.php\/author\/rici\/"}]}},"_links":{"self":[{"href":"https:\/\/evertonfc.cz\/index.php\/wp-json\/wp\/v2\/posts\/4100"}],"collection":[{"href":"https:\/\/evertonfc.cz\/index.php\/wp-json\/wp\/v2\/posts"}],"about":[{"href":"https:\/\/evertonfc.cz\/index.php\/wp-json\/wp\/v2\/types\/post"}],"author":[{"embeddable":true,"href":"https:\/\/evertonfc.cz\/index.php\/wp-json\/wp\/v2\/users\/6"}],"replies":[{"embeddable":true,"href":"https:\/\/evertonfc.cz\/index.php\/wp-json\/wp\/v2\/comments?post=4100"}],"version-history":[{"count":3,"href":"https:\/\/evertonfc.cz\/index.php\/wp-json\/wp\/v2\/posts\/4100\/revisions"}],"predecessor-version":[{"id":4297,"href":"https:\/\/evertonfc.cz\/index.php\/wp-json\/wp\/v2\/posts\/4100\/revisions\/4297"}],"wp:featuredmedia":[{"embeddable":true,"href":"https:\/\/evertonfc.cz\/index.php\/wp-json\/wp\/v2\/media\/1313"}],"wp:attachment":[{"href":"https:\/\/evertonfc.cz\/index.php\/wp-json\/wp\/v2\/media?parent=4100"}],"wp:term":[{"taxonomy":"category","embeddable":true,"href":"https:\/\/evertonfc.cz\/index.php\/wp-json\/wp\/v2\/categories?post=4100"},{"taxonomy":"post_tag","embeddable":true,"href":"https:\/\/evertonfc.cz\/index.php\/wp-json\/wp\/v2\/tags?post=4100"}],"curies":[{"name":"wp","href":"https:\/\/api.w.org\/{rel}","templated":true}]}}