{"id":4104,"date":"2011-03-18T20:30:34","date_gmt":"2011-03-18T19:30:34","guid":{"rendered":"http:\/\/evertonfc.cz\/?p=4104"},"modified":"2021-02-13T10:17:24","modified_gmt":"2021-02-13T09:17:24","slug":"preview-everton-fulham-3","status":"publish","type":"post","link":"https:\/\/evertonfc.cz\/index.php\/2011\/03\/18\/preview-everton-fulham-3\/","title":{"rendered":"Preview: Everton &#8211; Fulham"},"content":{"rendered":"<h4>T\u00fdden a p\u016fl dlouh\u00e1 pauza, kterou m\u011bly k dispozici oba t\u00fdmy, je u konce a kdo ji vyu\u017eil lep\u0161\u00edm zp\u016fsobem, uk\u00e1\u017ee vz\u00e1jemn\u00fd z\u00e1pas b\u011bhem sobotn\u00edho podve\u010dera.<\/h4>\n<p>Jen st\u011b\u017e\u00ed by se na\u0161el soupe\u0159, se kter\u00fdm m\u00e1 Everton rozporupln\u011bj\u0161\u00ed v\u00fdsledky. Zat\u00edmco v\u00fdlety na Craven Cottage zpravidla kon\u010d\u00ed v nejlep\u0161\u00edm p\u0159\u00edpad\u011b rem\u00edzou, Goodison Park by ze sv\u00e9ho kalend\u00e1\u0159e zase nejrad\u011bji vy\u0161krtli fulham\u0161t\u00ed. Jak dopadne kl\u00e1n\u00ed dvou rem\u00edzov\u00fdch kr\u00e1l\u016f tentokr\u00e1t?<\/p>\n<p>N\u011bkdo to uv\u00edtal, kdekomu to zase chyb\u011blo. \u0158e\u010d je o desetidenn\u00ed p\u0159est\u00e1vce, b\u011bhem kter\u00e9 se mu\u017estvo odjelo odreagovat do New Yorku a snad i nabrat n\u011bco sil do z\u00e1v\u011bre\u010dn\u00fdch dvou m\u011bs\u00edc\u016f, kter\u00e1 p\u0159itom mohla (a m\u011bla) b\u00fdt ve znamen\u00ed \u010dtvrtfin\u00e1le FA Cupu na City of Manchester Stadium. Pozd\u011b ale nad rozlit\u00fdm ml\u00e9kem na\u0159\u00edkat, ve\u0161ker\u00e1 koncentrace se nyn\u00ed soust\u0159ed\u00ed na doufejme siln\u00e9 zakon\u010den\u00ed ligov\u00e9 sezony.<\/p>\n<p>Ta v minul\u00e9m z\u00e1pase poskytla typick\u00fd n\u00e1hled do sv\u00e9ho leto\u0161n\u00edho p\u0159\u00edb\u011bhu, tedy z pohledu Evertonu. Na Goodison Park p\u0159ijel Birmingham City, a i p\u0159es ve\u0161kerou p\u0159evahu, kterou si Toffees vyp\u011bstovali, to byli zcela netypicky pr\u00e1v\u011b host\u00ed, kte\u0159\u00ed se ujali veden\u00ed. Do p\u0159est\u00e1vky sice p\u0159i\u0161la vyrovn\u00e1vac\u00ed trefa, ale v druh\u00e9m polo\u010dase u\u017e na zhu\u0161t\u011bnou obranu soupe\u0159e nedok\u00e1zal Everton vyzr\u00e1t. Narodila se tak ji\u017e t\u0159in\u00e1ct\u00e1 plichta v sezon\u011b, p\u0159esto ale Blues obecn\u011b dr\u017e\u00ed vyda\u0159enou s\u00e9rii. Z posledn\u00edch t\u0159\u00ed z\u00e1pas\u016f vydolovali solidn\u00edch sedm bod\u016f, kter\u00e9 je vynesly do daleko poklidn\u011bj\u0161\u00ed z\u00f3ny.<\/p>\n<p>Dal\u0161\u00ed t\u0159i body nav\u00edc jsou povinnost\u00ed i proti Fulhamu, kter\u00e9mu po n\u00e1vratu z dlouhodob\u00e9ho zran\u011bn\u00ed pom\u00e1h\u00e1 ji\u017e i star\u00fd zn\u00e1m\u00fd Andy Johnson, co\u017e r\u00e1d vid\u00ed Tony Hibbert.<em> \u201eAJ je zp\u00e1tky, a to je hezk\u00e9 vid\u011bt. Jeho rychlost je d\u011bsiv\u00e1 a um\u00ed dob\u0159e zakon\u010dovat, tak\u017ee si na n\u011bj mus\u00edme d\u00e1vat pozor. Je to skv\u011bl\u00fd kluk, tak\u017ee douf\u00e1m, \u017ee u\u017e dok\u00e1\u017ee z\u016fstat fit a pravideln\u011b hr\u00e1t. M\u011bl b\u00fdt to b\u00fdt dobr\u00fd z\u00e1pas. Ur\u010dit\u011b pom\u00e1h\u00e1, kdy\u017e v\u00edme, \u017ee proti nim m\u00e1me skv\u011blou dom\u00e1c\u00ed bilanci. Dod\u00e1v\u00e1 n\u00e1m to sebev\u011bdom\u00ed, ale v t\u00e9hle lize samoz\u0159ejm\u011b nen\u00ed nic zaru\u010deno,\u201c\u00a0<\/em>\u0159\u00edk\u00e1 Hibbert, kter\u00fd koncem m\u011bs\u00edce oslav\u00ed desetilet\u00e9 v\u00fdro\u010d\u00ed sv\u00e9ho debutu.<\/p>\n<p>Sezona Fulhamu nen\u00ed ve srovn\u00e1n\u00ed v\u016fbec nepodobn\u00e1. Tak\u00e9 Cottagers se sna\u017e\u00ed hr\u00e1t zaj\u00edmav\u00fd fotbal, tak\u00e9 oni maj\u00ed pot\u00ed\u017ee se st\u0159elbou branek a tak\u00e9 oni se nach\u00e1zej\u00ed ve st\u0159edu tabulky, a\u010dkoliv s posledn\u00edm bodem na Craven Cottage sp\u00ed\u0161e p\u0159eva\u017euje spokojenost.<\/p>\n<p>Narozd\u00edl od Toffees se ale Chalup\u00e1\u0159i chlub\u00ed spolehliv\u011bj\u0161\u00ed obranou, by\u0165 ji v posledn\u00edm z\u00e1pase prov\u011b\u0159il Blackburn, je\u017e z Lond\u00fdna odj\u00ed\u017ed\u011bl s t\u011bsnou por\u00e1\u017ekou 3-2. \u0160lo v\u0161ak o jedinou v\u00fdhru z posledn\u00edch p\u011bti z\u00e1pas\u016f a teprve \u010dtvrtou od p\u0159elomu roku. Varovn\u00fdm sign\u00e1lem v\u0161ak mus\u00ed b\u00fdt zlep\u0161uj\u00edc\u00ed se venkovn\u00ed forma, kter\u00e1 byla v posledn\u00edch letech p\u0159ednostn\u00ed slabinou Cottagers. V lednu nap\u0159\u00edklad Fulham obral na Britannia Stadium o v\u0161echny body Stoke, nedlouho pot\u00e9 si odvezl bod z Villa Parku a posledn\u00ed venkovn\u00ed utk\u00e1n\u00ed p\u0159ineslo dru\u017ein\u011b Marka Hughese rem\u00edzu vybojovanou na City of Manchester Stadium.<\/p>\n<p>Vel\u0161sk\u00fd mana\u017eer proto po sv\u00e9m t\u00fdmu po\u017eaduje pokra\u010dov\u00e1n\u00ed v progresivn\u00ed form\u011b na ciz\u00edch h\u0159i\u0161t\u00edch. V s\u00e1zce je toti\u017e historicky prvn\u00ed ligov\u00e1 v\u00fdhra Cottagers na Goodison Parku.<em> \u201eNa\u0161e v\u00fdsledky na Goodisonu nejsou v\u016fbec dobr\u00e9. Pokud to dok\u00e1\u017eeme v sobotu zm\u011bnit, bude to dal\u0161\u00ed d\u016fkaz na\u0161eho pokroku. Mysl\u00edm, \u017ee lid\u00e9 z na\u0161eho p\u0159\u00edstupu mohou vid\u011bt, \u017ee se sna\u017e\u00edme b\u00fdt v\u00edce pozitivn\u00ed a kreativn\u00ed ne\u017e v minulosti a plat\u00ed to i o venkovn\u00edch z\u00e1pasech.\u201c<\/em><\/p>\n<p>Posledn\u00ed vz\u00e1jemn\u00e9 st\u0159etnut\u00ed se odehr\u00e1lo koncem z\u00e1\u0159\u00ed a na Craven Cottage toho moc k vid\u011bn\u00ed nebylo &#8211; zrodila se bezbrankov\u00e1 rem\u00edza. \u017div\u011bji bylo p\u0159ed rokem na Goodisonu, kde se Fulham dokonce ocitnul ve veden\u00ed. Host\u00e9 ale nakonec vlastn\u00edm g\u00f3lem srovnali a v nastaven\u00ed zajistil Evertonu t\u0159i body z penalty Mikel Arteta.<\/p>\n<h4><strong>Historie soupe\u0159e<\/strong><\/h4>\n<p>Fulham byl zalo\u017een roku 1879, co\u017e z\u00a0n\u011bj \u010din\u00ed nejstar\u0161\u00ed fotbalov\u00fd klub v\u00a0Lond\u00fdn\u011b. P\u016fvodn\u00ed n\u00e1zev klubu nesl jm\u00e9no Fulham St. Andrew\u00b4s Church Sunday School. Status profesion\u00e1ln\u00edho klubu z\u00edskal v\u00a0roce 1898, kdy zpo\u010d\u00e1tku hr\u00e1li Southern League Division Two. Sv\u00e9 z\u00e1pasy hr\u00e1v\u00e1 ji\u017e od roku 1896 na Craven Cottage, jeho\u017e sou\u010dasn\u00e1 kapacita \u010din\u00ed 26,000 div\u00e1k\u016f.<\/p>\n<p>Fulham nikdy nepat\u0159il mezi kluby, kter\u00fdm dlouh\u00e1 l\u00e9ta pat\u0159ila prvoligov\u00e1 p\u0159\u00edslu\u0161nost. Od po\u010d\u00e1tku 20. stolet\u00ed si vyzkou\u0161el pobyt jak v\u00a0tehdej\u0161\u00ed Second Division, ale hr\u00e1val i ve \u010dtvrt\u00e9 lize. Nicm\u00e9n\u011b v\u00a0roce 1949 se Fulham pod\u00edval i do First Division. Tam se ale\u00a0 p\u0159\u00edli\u0161 neoh\u0159\u00e1l, po t\u0159ech sezon\u00e1ch jej \u010dekal sestup. Na po\u010d\u00e1tku 70. let se Cottagers pohybovali v\u00a0Division 2. Ov\u0161em pr\u00e1v\u011b v\u00a070. letech za\u017eil Fulham nejv\u011bt\u0161\u00ed dom\u00e1c\u00ed poh\u00e1rov\u00fd \u00fasp\u011bch. V\u00a0roce 1975 se toti\u017e probojoval do jedin\u00e9ho fin\u00e1le Anglick\u00e9ho poh\u00e1ru v\u00a0klubov\u00e9 historii. Zaj\u00edmav\u00e9 je, \u017ee klub k\u00a0dosa\u017een\u00ed fin\u00e1lov\u00e9ho z\u00e1pasu pot\u0159eboval neuv\u011b\u0159iteln\u00fdch 11 z\u00e1pas\u016f, co\u017e je rekord. Nakonec v\u0161ak v\u00a0lond\u00fdnsk\u00e9m fin\u00e1le Fulham podlehl West Hamu.<\/p>\n<p>Pot\u00e9 se Chalup\u00e1\u0159i vesm\u011bs st\u00e1le pohybovali mezi t\u0159et\u00ed a druhou ligou, hor\u0161\u00ed \u010dasy v\u0161ak m\u011bly teprve p\u0159ij\u00edt. V\u00a0letech 1994 &#8211; 1996 toti\u017e Fulham hr\u00e1l a\u017e Division 3, tedy \u010dtvrtou nejvy\u0161\u0161\u00ed sout\u011b\u017e. Cottagers ale napomohl ze zl\u00e9ho snu vysvobodit egyptsk\u00fd milion\u00e1\u0159 Mohamed Al-Fayed. I za pomoci jeho prost\u0159edk\u016f se Fulham roku 1999 vyhoupl do druh\u00e9 ligy a o dva roky pozd\u011bji slavil n\u00e1vrat mezi elitu.<\/p>\n<p>Nedlouho pot\u00e9 se klubu ujal mana\u017eer Chris Coleman. Pod n\u00edm hr\u00e1li Lily Whites p\u011bkn\u00fd a tak\u00e9 \u00fa\u010deln\u00fd fotbal, a proto nem\u011bli se z\u00e1chranou v\u00a0Premiership p\u0159\u00edli\u0161 velk\u00e9 starosti.<\/p>\n<p>\u00c9ra charismatick\u00e9ho Colemana skon\u010dila na ja\u0159e roku 2007. Nov\u00fdm mana\u017eerem se stal Lawrie Sanchez. Ten ale t\u00fdmu sp\u00ed\u0161e u\u0161kodil ne\u017e pomohl. Na \u0161patn\u00e9 v\u00fdsledky tak\u00e9 v\u00a0zim\u011b doplatil a t\u00fdmov\u00e9ho kormidla se uchopil zku\u0161en\u00fd tren\u00e9r Roy Hodgson. Pod n\u00edm se p\u0159ece jen v\u00fdkony jeho nov\u00fdch sv\u011b\u0159enc\u016f za\u010daly zlep\u0161ovat. Cottagers za\u017eili neuv\u011b\u0159iteln\u00fd z\u00e1v\u011br sezony. V\u0161e naplno nastartoval obrat na City of Manchester Stadium a potom se &#8222;b\u00edl\u00e1 ma\u0161ina&#8220;\u2018 nezastavila a\u017e do fin\u00e1ln\u00edho kola, kdy zdolala Portsmouth.\u00a0Borci od \u0159eky Tem\u017ee\u00a0tak v\u0161em, kte\u0159\u00ed jej p\u0159ed\u010dasn\u011b odepisovali, dokonale vyt\u0159eli zrak.<\/p>\n<p>Jak\u00e9koliv sestupov\u00e9 obavy p\u0159itom vzaly v p\u0159\u00ed\u0161t\u00ed sezon\u011b za sv\u00e9. Nam\u00edsto toho Cottagers fini\u0161ovali na b\u00e1je\u010dn\u00e9m sedm\u00e9m m\u00edst\u011b a mohli ji\u017e sp\u0159\u00e1dat pl\u00e1ny pro premi\u00e9rovou \u00fa\u010dast v evropsk\u00e9m poh\u00e1ru. Ta p\u0159ev\u00fd\u0161ila ve\u0161ker\u00e1 o\u010dek\u00e1v\u00e1n\u00ed a Fulham se p\u0159ekvapiv\u011b prokousal a\u017e do fin\u00e1le Evropsk\u00e9 ligy. Nejv\u011bt\u0161\u00ed z\u00e1pas klubov\u00e9 historie se vyv\u00edjel nad\u011bjn\u011b a\u017e do n\u011bkolika minut p\u0159ed koncem prodlou\u017een\u00ed, kdy sny Chalup\u00e1\u0159\u016f v\u00edt\u011bzn\u00fdm g\u00f3lem u\u0165al Diego Forl\u00e1n z Athletica Madrid.<\/p>\n<h4><strong>Z\u00e1pasov\u00e1 fakta<\/strong><\/h4>\n<p>B\u00eddnou bilanci Toffees na Craven Cottage ze sv\u00e9ho pohledu Cottagers napodobuj\u00ed na Goodison Parku. V ligov\u00e9m z\u00e1pase z modr\u00e9 poloviny Merseyside je\u0161t\u011b nikdy neodj\u00ed\u017ed\u011bli v\u00edt\u011bzn\u011b. Celkov\u011b \u010dek\u00e1n\u00ed Fulhamu na dobyt\u00ed Grand Old Lady \u010din\u00ed 21 z\u00e1pas\u016f. Poskrovnu je v dom\u00e1c\u00edch utk\u00e1n\u00edch i rem\u00edz. Blues toti\u017e posledn\u00edch \u0161estn\u00e1ct dom\u00e1c\u00edch vz\u00e1jemn\u00fdch z\u00e1pas\u016f vyhr\u00e1li. Zaj\u00edmavost\u00ed je, \u017ee pr\u00e1v\u011b proti Chalup\u00e1\u0159\u016fm vedl David Moyes Everton poprv\u00e9. V b\u0159eznu 2002 Everton doma vyhr\u00e1l 2-1.<\/p>\n<p>V sou\u010dasn\u00fdch man\u010daftech lze naj\u00edt mnoh\u00e1 hr\u00e1\u010dsk\u00e1 spojen\u00ed. B\u00edl\u00fd dres ji\u017e t\u0159et\u00ed sezonou obl\u00e9k\u00e1 b\u00fdval\u00fd \u00fato\u010dn\u00edk Evertonu, Andy Johnson, zat\u00edmco stejn\u011b dlouhou dobu na Goodison Parku p\u016fsob\u00ed n\u011bkdej\u0161\u00ed kanon\u00fdr Cottagers, Louis Saha. Pom\u011brn\u011b ned\u00e1vnou transakc\u00ed mezi ob\u011bma kluby byl i p\u0159estup Simona Daviese k b\u00edl\u00fdm a pokra\u010dovat bychom mohli u Marka Pembridge a Tomazse Radzinskiho. Brian McBride zase u Toffees p\u0159ed n\u011bkolika lety hostoval, stejn\u011b jako Phillipe Senderos, leto\u0161n\u00ed posila Fulhamu.<\/p>\n<h4><strong>Everton<\/strong><\/h4>\n<p>Proti lond\u00fdnsk\u00fdm klub\u016fm letos Blues zv\u00edt\u011bzili pouze jednou z osmi p\u0159\u00edpad\u016f, a to proti Tottenhamu za\u010d\u00e1tkem ledna. V ostatn\u00edch sedmi duelech se zrodilo p\u011bt rem\u00edz a dv\u011b prohry. Posledn\u00edch p\u011bt g\u00f3l\u016f d\u00e1le Everton vst\u0159elil v prvn\u00edm polo\u010dase, p\u0159i\u010dem\u017e \u010dty\u0159i z nich padly mezi 30. a 40. minutou.<\/p>\n<p>21 &#8211; tolik hr\u00e1\u010d\u016f si letos za Toffees zahr\u00e1lo a snad ani nep\u0159ekvap\u00ed, \u017ee jde o nejmen\u0161\u00ed \u010d\u00edslo v lize. A je\u0161t\u011b jedna cifra nav\u00edc. Pakli\u017ee nastoup\u00ed Louis Saha, nejen\u017ee si zahraje proti sv\u00e9mu b\u00fdval\u00e9m klubu, ale oslav\u00ed sv\u016fj 250. z\u00e1pas v Premier League.<\/p>\n<h4><strong>Fulham<\/strong><\/h4>\n<p>Mark Hughes jako mana\u017eer zv\u00edt\u011bzil pouze v jednom z dev\u00edti z\u00e1pas\u016f proti Evertonu, a to jako lodivod Manchesteru City na Goodisonu v dubnu 2009. Vyhr\u00e1l pouze ve dvou utk\u00e1n\u00edch a prohr\u00e1l ve \u010dty\u0159ech. Jeho Fulhamu se neda\u0159\u00ed ani proti celk\u016fm z prvn\u00ed poloviny tabulky. Jedinou v\u00fdhru z posledn\u00edch \u010dtrn\u00e1cti proti t\u011bmto klub\u016fm, p\u0159edstavuje \u00fanorov\u00e1 dom\u00e1c\u00ed v\u00fdhra 1-0 nad Newcastlem.<\/p>\n<p>V roce 2011 Cottagers zat\u00edm posb\u00edrali 16 bod\u016f z deseti z\u00e1pas\u016f, co\u017e je nejv\u00edce po Manchesteru United, Arsenalu, Chelsea a Liverpoolu. Ve form\u011b hraj\u00edc\u00edho Damiena Duffa pak jen jedna trefa d\u011bl\u00ed od hranice 50 g\u00f3l\u016f v Premier League, co\u017e by se mu povedlo teprve jako t\u0159et\u00edmu Irovi po Robbiem Keanovi a Niallovi Quinnovi.<\/p>\n<h4><strong>Vz\u00e1jemn\u00e1 bilance<\/strong><\/h4>\n<ul>\n<li>Celkov\u011b:\u00a0\u00a0\u00a0\u00a0\u00a0\u00a0\u00a0\u00a0\u00a0\u00a0\u00a0\u00a0\u00a0\u00a0\u00a0\u00a0\u00a0 22-12-18<\/li>\n<li>Na Goodison Parku:\u00a0 18-6-2<\/li>\n<li>V Premier League:\u00a0\u00a0\u00a0 10-1-8<\/li>\n<\/ul>\n<h4><strong>Absence<\/strong><\/h4>\n<p>Plnohodnotn\u00fdm marodem z\u016fst\u00e1v\u00e1 krom Marouane Fellainiho tak\u00e9 Mikel Arteta, kter\u00fd m\u00e1 p\u0159ed sebou d\u00edky natr\u017een\u00e9 podkolenn\u00ed \u0161lase n\u011bkolik t\u00fddn\u016f absence. K dispozici naopak mo\u017en\u00e1 ji\u017e bude Phil Neville i Tim Cahill.<\/p>\n<p>Fulhamu budou chyb\u011bt dlouhodob\u011b zran\u011bn\u00ed Phillipe Senderos (achillovka) a Steve Sidwell (koleno). Nejist\u00e1 je \u00fa\u010dast Etuhua (podkolenn\u00ed \u0161lacha).<\/p>\n<p><strong>Everton:<\/strong> Howard, Mucha, Neville, Hibbert, Baines, Distin, Jagielka, Heitinga, Duffy, Coleman, Osman, Rodwell, Bilyaletdinov, Cahill, Saha, Beckford, Anichebe, Baxter<\/p>\n<p><strong>Fulham:\u00a0<\/strong>Schwarzer, Stockdale, Baird, Kelly, Hughes, Hangeland, Salcido, Duff, Etuhu, Murphy, Greening, Davies, Dempsey, Johnson, Dembele, Kakuta, Gudjohnsen, Zamora<\/p>\n<ul>\n<li><strong>Kdy:\u00a0<\/strong>19.3. 18:30 SE\u010c<strong><br \/>\n<\/strong><\/li>\n<li><strong>Kde:\u00a0<\/strong>Goodison Park<strong><br \/>\n<\/strong><\/li>\n<li><strong>Rozhod\u010d\u00ed:\u00a0<\/strong>Michael Oliver<\/li>\n<\/ul>\n","protected":false},"excerpt":{"rendered":"<p>T\u00fdden a p\u016fl dlouh\u00e1 pauza, kterou m\u011bly k dispozici oba t\u00fdmy, je u konce a kdo ji vyu\u017eil lep\u0161\u00edm zp\u016fsobem, uk\u00e1\u017ee vz\u00e1jemn\u00fd z\u00e1pas b\u011bhem sobotn\u00edho podve\u010dera.<\/p>\n","protected":false},"author":7,"featured_media":14088,"comment_status":"open","ping_status":"closed","sticky":false,"template":"","format":"standard","meta":{"_eb_attr":"","_monsterinsights_skip_tracking":false,"_monsterinsights_sitenote_active":false,"_monsterinsights_sitenote_note":"","_monsterinsights_sitenote_category":0,"footnotes":""},"categories":[4],"tags":[],"yoast_head":"<!-- This site is optimized with the Yoast SEO plugin v23.4 - https:\/\/yoast.com\/wordpress\/plugins\/seo\/ -->\n<title>Preview: Everton - Fulham - Official Czech &amp; Slovak Everton Supporters&#039; Club<\/title>\n<meta name=\"robots\" content=\"index, follow, max-snippet:-1, max-image-preview:large, max-video-preview:-1\" \/>\n<link rel=\"canonical\" href=\"https:\/\/evertonfc.cz\/index.php\/2011\/03\/18\/preview-everton-fulham-3\/\" \/>\n<meta property=\"og:locale\" content=\"cs_CZ\" \/>\n<meta property=\"og:type\" content=\"article\" \/>\n<meta property=\"og:title\" content=\"Preview: Everton - Fulham - Official Czech &amp; Slovak Everton Supporters&#039; Club\" \/>\n<meta property=\"og:description\" content=\"T\u00fdden a p\u016fl dlouh\u00e1 pauza, kterou m\u011bly k dispozici oba t\u00fdmy, je u konce a kdo ji vyu\u017eil lep\u0161\u00edm zp\u016fsobem, uk\u00e1\u017ee vz\u00e1jemn\u00fd z\u00e1pas b\u011bhem sobotn\u00edho podve\u010dera.\" \/>\n<meta property=\"og:url\" content=\"https:\/\/evertonfc.cz\/index.php\/2011\/03\/18\/preview-everton-fulham-3\/\" \/>\n<meta property=\"og:site_name\" content=\"Official Czech &amp; Slovak Everton Supporters&#039; Club\" \/>\n<meta property=\"article:publisher\" content=\"https:\/\/www.facebook.com\/everton.fans.cz.sk\" \/>\n<meta property=\"article:published_time\" content=\"2011-03-18T19:30:34+00:00\" \/>\n<meta property=\"article:modified_time\" content=\"2021-02-13T09:17:24+00:00\" \/>\n<meta property=\"og:image\" content=\"https:\/\/evertonfc.cz\/wp-content\/uploads\/2021\/02\/Everton-VS-Fulham-NIGHT.jpg\" \/>\n\t<meta property=\"og:image:width\" content=\"720\" \/>\n\t<meta property=\"og:image:height\" content=\"405\" \/>\n\t<meta property=\"og:image:type\" content=\"image\/jpeg\" \/>\n<meta name=\"author\" content=\"Me\u0148a\" \/>\n<meta name=\"twitter:card\" content=\"summary_large_image\" \/>\n<meta name=\"twitter:label1\" content=\"Napsal(a)\" \/>\n\t<meta name=\"twitter:data1\" content=\"Me\u0148a\" \/>\n\t<meta name=\"twitter:label2\" content=\"Odhadovan\u00e1 doba \u010dten\u00ed\" \/>\n\t<meta name=\"twitter:data2\" content=\"10 minut\" \/>\n<script type=\"application\/ld+json\" class=\"yoast-schema-graph\">{\"@context\":\"https:\/\/schema.org\",\"@graph\":[{\"@type\":\"Article\",\"@id\":\"https:\/\/evertonfc.cz\/index.php\/2011\/03\/18\/preview-everton-fulham-3\/#article\",\"isPartOf\":{\"@id\":\"https:\/\/evertonfc.cz\/index.php\/2011\/03\/18\/preview-everton-fulham-3\/\"},\"author\":{\"name\":\"Me\u0148a\",\"@id\":\"https:\/\/evertonfc.cz\/#\/schema\/person\/cd6328a75577de2add7793fd4b0930c3\"},\"headline\":\"Preview: Everton &#8211; Fulham\",\"datePublished\":\"2011-03-18T19:30:34+00:00\",\"dateModified\":\"2021-02-13T09:17:24+00:00\",\"mainEntityOfPage\":{\"@id\":\"https:\/\/evertonfc.cz\/index.php\/2011\/03\/18\/preview-everton-fulham-3\/\"},\"wordCount\":1918,\"commentCount\":0,\"publisher\":{\"@id\":\"https:\/\/evertonfc.cz\/#organization\"},\"image\":{\"@id\":\"https:\/\/evertonfc.cz\/index.php\/2011\/03\/18\/preview-everton-fulham-3\/#primaryimage\"},\"thumbnailUrl\":\"https:\/\/evertonfc.cz\/wp-content\/uploads\/2021\/02\/Everton-VS-Fulham-NIGHT.jpg\",\"articleSection\":[\"Z\u00e1pasy\"],\"inLanguage\":\"cs\",\"potentialAction\":[{\"@type\":\"CommentAction\",\"name\":\"Comment\",\"target\":[\"https:\/\/evertonfc.cz\/index.php\/2011\/03\/18\/preview-everton-fulham-3\/#respond\"]}]},{\"@type\":\"WebPage\",\"@id\":\"https:\/\/evertonfc.cz\/index.php\/2011\/03\/18\/preview-everton-fulham-3\/\",\"url\":\"https:\/\/evertonfc.cz\/index.php\/2011\/03\/18\/preview-everton-fulham-3\/\",\"name\":\"Preview: Everton - Fulham - Official Czech &amp; Slovak Everton Supporters&#039; Club\",\"isPartOf\":{\"@id\":\"https:\/\/evertonfc.cz\/#website\"},\"primaryImageOfPage\":{\"@id\":\"https:\/\/evertonfc.cz\/index.php\/2011\/03\/18\/preview-everton-fulham-3\/#primaryimage\"},\"image\":{\"@id\":\"https:\/\/evertonfc.cz\/index.php\/2011\/03\/18\/preview-everton-fulham-3\/#primaryimage\"},\"thumbnailUrl\":\"https:\/\/evertonfc.cz\/wp-content\/uploads\/2021\/02\/Everton-VS-Fulham-NIGHT.jpg\",\"datePublished\":\"2011-03-18T19:30:34+00:00\",\"dateModified\":\"2021-02-13T09:17:24+00:00\",\"breadcrumb\":{\"@id\":\"https:\/\/evertonfc.cz\/index.php\/2011\/03\/18\/preview-everton-fulham-3\/#breadcrumb\"},\"inLanguage\":\"cs\",\"potentialAction\":[{\"@type\":\"ReadAction\",\"target\":[\"https:\/\/evertonfc.cz\/index.php\/2011\/03\/18\/preview-everton-fulham-3\/\"]}]},{\"@type\":\"ImageObject\",\"inLanguage\":\"cs\",\"@id\":\"https:\/\/evertonfc.cz\/index.php\/2011\/03\/18\/preview-everton-fulham-3\/#primaryimage\",\"url\":\"https:\/\/evertonfc.cz\/wp-content\/uploads\/2021\/02\/Everton-VS-Fulham-NIGHT.jpg\",\"contentUrl\":\"https:\/\/evertonfc.cz\/wp-content\/uploads\/2021\/02\/Everton-VS-Fulham-NIGHT.jpg\",\"width\":720,\"height\":405},{\"@type\":\"BreadcrumbList\",\"@id\":\"https:\/\/evertonfc.cz\/index.php\/2011\/03\/18\/preview-everton-fulham-3\/#breadcrumb\",\"itemListElement\":[{\"@type\":\"ListItem\",\"position\":1,\"name\":\"Home\",\"item\":\"https:\/\/evertonfc.cz\/\"},{\"@type\":\"ListItem\",\"position\":2,\"name\":\"Preview: Everton &#8211; Fulham\"}]},{\"@type\":\"WebSite\",\"@id\":\"https:\/\/evertonfc.cz\/#website\",\"url\":\"https:\/\/evertonfc.cz\/\",\"name\":\"Official Czech &amp; Slovak Everton Supporters&#039; Club\",\"description\":\"\",\"publisher\":{\"@id\":\"https:\/\/evertonfc.cz\/#organization\"},\"potentialAction\":[{\"@type\":\"SearchAction\",\"target\":{\"@type\":\"EntryPoint\",\"urlTemplate\":\"https:\/\/evertonfc.cz\/?s={search_term_string}\"},\"query-input\":{\"@type\":\"PropertyValueSpecification\",\"valueRequired\":true,\"valueName\":\"search_term_string\"}}],\"inLanguage\":\"cs\"},{\"@type\":\"Organization\",\"@id\":\"https:\/\/evertonfc.cz\/#organization\",\"name\":\"Official Czech & Slovak Everton Supporters' Club\",\"url\":\"https:\/\/evertonfc.cz\/\",\"logo\":{\"@type\":\"ImageObject\",\"inLanguage\":\"cs\",\"@id\":\"https:\/\/evertonfc.cz\/#\/schema\/logo\/image\/\",\"url\":\"https:\/\/evertonfc.cz\/wp-content\/uploads\/2019\/05\/logo.png\",\"contentUrl\":\"https:\/\/evertonfc.cz\/wp-content\/uploads\/2019\/05\/logo.png\",\"width\":112,\"height\":112,\"caption\":\"Official Czech & Slovak Everton Supporters' Club\"},\"image\":{\"@id\":\"https:\/\/evertonfc.cz\/#\/schema\/logo\/image\/\"},\"sameAs\":[\"https:\/\/www.facebook.com\/everton.fans.cz.sk\"]},{\"@type\":\"Person\",\"@id\":\"https:\/\/evertonfc.cz\/#\/schema\/person\/cd6328a75577de2add7793fd4b0930c3\",\"name\":\"Me\u0148a\",\"url\":\"https:\/\/evertonfc.cz\/index.php\/author\/mena\/\"}]}<\/script>\n<!-- \/ Yoast SEO plugin. -->","yoast_head_json":{"title":"Preview: Everton - Fulham - Official Czech &amp; Slovak Everton Supporters&#039; Club","robots":{"index":"index","follow":"follow","max-snippet":"max-snippet:-1","max-image-preview":"max-image-preview:large","max-video-preview":"max-video-preview:-1"},"canonical":"https:\/\/evertonfc.cz\/index.php\/2011\/03\/18\/preview-everton-fulham-3\/","og_locale":"cs_CZ","og_type":"article","og_title":"Preview: Everton - Fulham - Official Czech &amp; Slovak Everton Supporters&#039; Club","og_description":"T\u00fdden a p\u016fl dlouh\u00e1 pauza, kterou m\u011bly k dispozici oba t\u00fdmy, je u konce a kdo ji vyu\u017eil lep\u0161\u00edm zp\u016fsobem, uk\u00e1\u017ee vz\u00e1jemn\u00fd z\u00e1pas b\u011bhem sobotn\u00edho podve\u010dera.","og_url":"https:\/\/evertonfc.cz\/index.php\/2011\/03\/18\/preview-everton-fulham-3\/","og_site_name":"Official Czech &amp; Slovak Everton Supporters&#039; Club","article_publisher":"https:\/\/www.facebook.com\/everton.fans.cz.sk","article_published_time":"2011-03-18T19:30:34+00:00","article_modified_time":"2021-02-13T09:17:24+00:00","og_image":[{"width":720,"height":405,"url":"https:\/\/evertonfc.cz\/wp-content\/uploads\/2021\/02\/Everton-VS-Fulham-NIGHT.jpg","type":"image\/jpeg"}],"author":"Me\u0148a","twitter_card":"summary_large_image","twitter_misc":{"Napsal(a)":"Me\u0148a","Odhadovan\u00e1 doba \u010dten\u00ed":"10 minut"},"schema":{"@context":"https:\/\/schema.org","@graph":[{"@type":"Article","@id":"https:\/\/evertonfc.cz\/index.php\/2011\/03\/18\/preview-everton-fulham-3\/#article","isPartOf":{"@id":"https:\/\/evertonfc.cz\/index.php\/2011\/03\/18\/preview-everton-fulham-3\/"},"author":{"name":"Me\u0148a","@id":"https:\/\/evertonfc.cz\/#\/schema\/person\/cd6328a75577de2add7793fd4b0930c3"},"headline":"Preview: Everton &#8211; Fulham","datePublished":"2011-03-18T19:30:34+00:00","dateModified":"2021-02-13T09:17:24+00:00","mainEntityOfPage":{"@id":"https:\/\/evertonfc.cz\/index.php\/2011\/03\/18\/preview-everton-fulham-3\/"},"wordCount":1918,"commentCount":0,"publisher":{"@id":"https:\/\/evertonfc.cz\/#organization"},"image":{"@id":"https:\/\/evertonfc.cz\/index.php\/2011\/03\/18\/preview-everton-fulham-3\/#primaryimage"},"thumbnailUrl":"https:\/\/evertonfc.cz\/wp-content\/uploads\/2021\/02\/Everton-VS-Fulham-NIGHT.jpg","articleSection":["Z\u00e1pasy"],"inLanguage":"cs","potentialAction":[{"@type":"CommentAction","name":"Comment","target":["https:\/\/evertonfc.cz\/index.php\/2011\/03\/18\/preview-everton-fulham-3\/#respond"]}]},{"@type":"WebPage","@id":"https:\/\/evertonfc.cz\/index.php\/2011\/03\/18\/preview-everton-fulham-3\/","url":"https:\/\/evertonfc.cz\/index.php\/2011\/03\/18\/preview-everton-fulham-3\/","name":"Preview: Everton - Fulham - Official Czech &amp; Slovak Everton Supporters&#039; Club","isPartOf":{"@id":"https:\/\/evertonfc.cz\/#website"},"primaryImageOfPage":{"@id":"https:\/\/evertonfc.cz\/index.php\/2011\/03\/18\/preview-everton-fulham-3\/#primaryimage"},"image":{"@id":"https:\/\/evertonfc.cz\/index.php\/2011\/03\/18\/preview-everton-fulham-3\/#primaryimage"},"thumbnailUrl":"https:\/\/evertonfc.cz\/wp-content\/uploads\/2021\/02\/Everton-VS-Fulham-NIGHT.jpg","datePublished":"2011-03-18T19:30:34+00:00","dateModified":"2021-02-13T09:17:24+00:00","breadcrumb":{"@id":"https:\/\/evertonfc.cz\/index.php\/2011\/03\/18\/preview-everton-fulham-3\/#breadcrumb"},"inLanguage":"cs","potentialAction":[{"@type":"ReadAction","target":["https:\/\/evertonfc.cz\/index.php\/2011\/03\/18\/preview-everton-fulham-3\/"]}]},{"@type":"ImageObject","inLanguage":"cs","@id":"https:\/\/evertonfc.cz\/index.php\/2011\/03\/18\/preview-everton-fulham-3\/#primaryimage","url":"https:\/\/evertonfc.cz\/wp-content\/uploads\/2021\/02\/Everton-VS-Fulham-NIGHT.jpg","contentUrl":"https:\/\/evertonfc.cz\/wp-content\/uploads\/2021\/02\/Everton-VS-Fulham-NIGHT.jpg","width":720,"height":405},{"@type":"BreadcrumbList","@id":"https:\/\/evertonfc.cz\/index.php\/2011\/03\/18\/preview-everton-fulham-3\/#breadcrumb","itemListElement":[{"@type":"ListItem","position":1,"name":"Home","item":"https:\/\/evertonfc.cz\/"},{"@type":"ListItem","position":2,"name":"Preview: Everton &#8211; Fulham"}]},{"@type":"WebSite","@id":"https:\/\/evertonfc.cz\/#website","url":"https:\/\/evertonfc.cz\/","name":"Official Czech &amp; Slovak Everton Supporters&#039; Club","description":"","publisher":{"@id":"https:\/\/evertonfc.cz\/#organization"},"potentialAction":[{"@type":"SearchAction","target":{"@type":"EntryPoint","urlTemplate":"https:\/\/evertonfc.cz\/?s={search_term_string}"},"query-input":{"@type":"PropertyValueSpecification","valueRequired":true,"valueName":"search_term_string"}}],"inLanguage":"cs"},{"@type":"Organization","@id":"https:\/\/evertonfc.cz\/#organization","name":"Official Czech & Slovak Everton Supporters' Club","url":"https:\/\/evertonfc.cz\/","logo":{"@type":"ImageObject","inLanguage":"cs","@id":"https:\/\/evertonfc.cz\/#\/schema\/logo\/image\/","url":"https:\/\/evertonfc.cz\/wp-content\/uploads\/2019\/05\/logo.png","contentUrl":"https:\/\/evertonfc.cz\/wp-content\/uploads\/2019\/05\/logo.png","width":112,"height":112,"caption":"Official Czech & Slovak Everton Supporters' Club"},"image":{"@id":"https:\/\/evertonfc.cz\/#\/schema\/logo\/image\/"},"sameAs":["https:\/\/www.facebook.com\/everton.fans.cz.sk"]},{"@type":"Person","@id":"https:\/\/evertonfc.cz\/#\/schema\/person\/cd6328a75577de2add7793fd4b0930c3","name":"Me\u0148a","url":"https:\/\/evertonfc.cz\/index.php\/author\/mena\/"}]}},"_links":{"self":[{"href":"https:\/\/evertonfc.cz\/index.php\/wp-json\/wp\/v2\/posts\/4104"}],"collection":[{"href":"https:\/\/evertonfc.cz\/index.php\/wp-json\/wp\/v2\/posts"}],"about":[{"href":"https:\/\/evertonfc.cz\/index.php\/wp-json\/wp\/v2\/types\/post"}],"author":[{"embeddable":true,"href":"https:\/\/evertonfc.cz\/index.php\/wp-json\/wp\/v2\/users\/7"}],"replies":[{"embeddable":true,"href":"https:\/\/evertonfc.cz\/index.php\/wp-json\/wp\/v2\/comments?post=4104"}],"version-history":[{"count":4,"href":"https:\/\/evertonfc.cz\/index.php\/wp-json\/wp\/v2\/posts\/4104\/revisions"}],"predecessor-version":[{"id":14105,"href":"https:\/\/evertonfc.cz\/index.php\/wp-json\/wp\/v2\/posts\/4104\/revisions\/14105"}],"wp:featuredmedia":[{"embeddable":true,"href":"https:\/\/evertonfc.cz\/index.php\/wp-json\/wp\/v2\/media\/14088"}],"wp:attachment":[{"href":"https:\/\/evertonfc.cz\/index.php\/wp-json\/wp\/v2\/media?parent=4104"}],"wp:term":[{"taxonomy":"category","embeddable":true,"href":"https:\/\/evertonfc.cz\/index.php\/wp-json\/wp\/v2\/categories?post=4104"},{"taxonomy":"post_tag","embeddable":true,"href":"https:\/\/evertonfc.cz\/index.php\/wp-json\/wp\/v2\/tags?post=4104"}],"curies":[{"name":"wp","href":"https:\/\/api.w.org\/{rel}","templated":true}]}}