{"id":4106,"date":"2015-10-16T20:31:19","date_gmt":"2015-10-16T18:31:19","guid":{"rendered":"http:\/\/evertonfc.cz\/?p=4106"},"modified":"2020-11-06T12:36:55","modified_gmt":"2020-11-06T11:36:55","slug":"preview-everton-manchester-united-5","status":"publish","type":"post","link":"https:\/\/evertonfc.cz\/index.php\/2015\/10\/16\/preview-everton-manchester-united-5\/","title":{"rendered":"Preview: Everton &#8211; Manchester United"},"content":{"rendered":"<h4 id=\"NewsPostDetailSummary\">V posledn\u00edch t\u0159ech ligov\u00fdch z\u00e1pasech Man U nedal na Goodison Parku g\u00f3l. V minul\u00e9 sez\u00f3n\u011b, kter\u00e1 se Evertonu nepovedla, dostal trojku. Na \u0159ad\u011b je po v\u00fdhr\u00e1ch 1:0, 2:0 a 3:0 tedy v\u00edt\u011bzstv\u00ed o \u010dty\u0159i branky s \u010dist\u00fdm kontem.<\/h4>\n<div id=\"NewsPostDetailContent\">\n<p>Tak snadn\u00e9 to ale samoz\u0159ejm\u011b nebude. Jist\u011b, v\u0161echny by n\u00e1s tento v\u00fdsledek pot\u011b\u0161il, ale \u00da\u010dka jsou letos v tabulce (mo\u017en\u00e1 i p\u0159ekvapiv\u011b) vysoko a t\u011b\u017eko \u010dekat, \u017ee se op\u011bt tref\u00ed sv\u00e1te\u010dn\u00ed st\u0159elci jako Stones a McCarthy. A prvn\u00ed odstavec tohoto preview ukon\u010d\u00edm jednou statistickou zaj\u00edmavost\u00ed. Posledn\u00ed dom\u00e1c\u00ed ligov\u00e1 prohra v z\u00e1pase, kter\u00fd se hr\u00e1l 17. \u0159\u00edjna, se datuje do roku 1959.<\/p>\n<p>Co za t\u00fdm tedy budou z\u00edtra karamelky hostit? Jak jsem ji\u017e nazna\u010dil, n\u00e1\u0161 z\u00edt\u0159ej\u0161\u00ed soupe\u0159 je vysoko. Konkr\u00e9tn\u011b t\u0159et\u00ed. P\u0159ed sez\u00f3nou p\u0159i\u0161la obrannou \u010d\u00e1st t\u00fdmu vyztu\u017eit dvojice Schneiderlin-Schweinsteiger, do \u00fatoku byl naopak koupen\u00fd devaten\u00e1ctilet\u00fd Martial. A t\u00fdm za\u010dal docela \u0161lapat, s\u00e9rie t\u011bsn\u00fdch v\u00edt\u011bzstv\u00ed ho vynesla v tabulce hodn\u011b nahoru. Fanou\u0161ci brblali nad \u0161patn\u00fdmi v\u00fdkony, ale po\u010d\u00edtaj\u00ed se body a ty \u010derven\u00ed \u010f\u00e1blov\u00e9 maj\u00ed (pravda, prohra ve Swansea se ne\u010dekala). Ale.. v posledn\u00edm z\u00e1pase p\u0159ed reprezenta\u010dn\u00ed p\u0159est\u00e1vkou dostali na Arsenalu 0:3, \u010dili trochu to bylo z hru\u0161ky dol\u016f.<\/p>\n<p>Everton ale taky odstartoval celkem slu\u0161n\u011b. Ano, v\u00fdkon v derby byl v\u0161elijak\u00fd a hlavn\u011b prvn\u00edch 20 minut byl stra\u0161n\u00fd, ale bod je dobr\u00fd, ze sedm\u00e9ho m\u00edsta ztr\u00e1c\u00edme na p\u00e1t\u00fd Leicester (p\u0159\u00edm\u00fd postup z ligy do Evropsk\u00e9 ligy) dva body a nav\u00edc p\u0159\u00ed\u0161t\u00ed t\u00fdden kon\u010d\u00ed n\u00e1ro\u010dn\u00fd ligov\u00fd start. Co si budeme pov\u00eddat, od z\u00e1pas\u016f proti t\u00fdm\u016fm jako Bournemouth, Sunderland \u010di Aston Villa se body \u010dekaj\u00ed p\u0159ece jen v\u00edce ne\u017e proti trojici Liverpool &#8211; Man U &#8211; Arsenal. Ale to jsem trochu odbo\u010dil.<\/p>\n<p>Dal\u0161\u00ed p\u0159\u00edjemn\u00e9 zpr\u00e1vy \u0159ekl na p\u0159edz\u00e1pasov\u00e9 tiskov\u00e9 konferenci mana\u017eer Mart\u00ednez. Coleman se ji\u017e uzdravil a bude hr\u00e1t, velmi pravd\u011bpodobn\u011b nastoup\u00ed i Stones a t\u0159\u00edz\u00e1pasov\u00fd trest si odpykal Mirallas. Absence Bainese byla odhadnuta na dal\u0161\u00ed dva z\u00e1pasy a spolu s Cleverleym ji\u017e s t\u00fdmem tr\u00e9nuj\u00ed. \u0160pan\u011bl by tak m\u011bl m\u00edt kompletn\u00ed k\u00e1dr je\u0161t\u011b p\u0159ed dal\u0161\u00ed reprezenta\u010dn\u00ed pauzou, kter\u00e1 je za m\u011bs\u00edc (a t\u0159eba Irov\u00e9 vypln\u00ed z\u00e1pasy play-off o postup na ME). T\u011bmi dlouhodob\u011bji zran\u011bn\u00fdmi jsou je\u0161t\u011b Besi\u0107, Hibbert a Pienaar.<\/p>\n<p>Manchesteru United se do sestavy vrac\u00ed dvojice Rooney-Carrick, kte\u0159\u00ed tentokr\u00e1t za reprezentaci nehr\u00e1li. Rojo a Herrera si odnesli men\u0161\u00ed zran\u011bn\u00ed z minul\u00e9ho utk\u00e1n\u00ed proti Arsenalu, nen\u00ed to nic v\u00e1\u017en\u00e9ho, ale ur\u010dit\u011b nebudou v z\u00e1kladu. S otazn\u00edkem je start Schweinsterigera a kv\u016fli zran\u011bn\u00e9mu l\u00fdtku nebude hr\u00e1t Young. McNair si poranil j\u00e1tra a tak\u00e9 bude chyb\u011bt.<\/p>\n<p>Utk\u00e1n\u00ed vys\u00edl\u00e1 p\u0159\u00edm\u00fdm p\u0159enosem stanice Digi sport 1.<\/p>\n<p><strong>Co:<\/strong> Everton FC &#8211; Manchester United FC, 9. kolo Premier League<br \/>\n<strong>Kdy: <\/strong>17. 10. 2015 od 16:00 SE\u010c<br \/>\n<strong>Kde:<\/strong> Goodison Park, Liverpool (kapacita: 40 157)<br \/>\n<strong>Rozhod\u010d\u00ed:<\/strong> Jonathan Moss<\/p>\n<\/div>\n","protected":false},"excerpt":{"rendered":"<p>V posledn\u00edch t\u0159ech ligov\u00fdch z\u00e1pasech Man U nedal na Goodison Parku g\u00f3l. V minul\u00e9 sez\u00f3n\u011b, kter\u00e1 se Evertonu nepovedla, dostal&hellip;<\/p>\n","protected":false},"author":12,"featured_media":12849,"comment_status":"open","ping_status":"closed","sticky":false,"template":"","format":"standard","meta":{"_eb_attr":"","_monsterinsights_skip_tracking":false,"_monsterinsights_sitenote_active":false,"_monsterinsights_sitenote_note":"","_monsterinsights_sitenote_category":0,"footnotes":""},"categories":[4],"tags":[],"yoast_head":"<!-- This site is optimized with the Yoast SEO plugin v23.4 - https:\/\/yoast.com\/wordpress\/plugins\/seo\/ -->\n<title>Preview: Everton - Manchester United - Official Czech &amp; Slovak Everton Supporters&#039; Club<\/title>\n<meta name=\"robots\" content=\"index, follow, max-snippet:-1, max-image-preview:large, max-video-preview:-1\" \/>\n<link rel=\"canonical\" href=\"https:\/\/evertonfc.cz\/index.php\/2015\/10\/16\/preview-everton-manchester-united-5\/\" \/>\n<meta property=\"og:locale\" content=\"cs_CZ\" \/>\n<meta property=\"og:type\" content=\"article\" \/>\n<meta property=\"og:title\" content=\"Preview: Everton - Manchester United - Official Czech &amp; Slovak Everton Supporters&#039; Club\" \/>\n<meta property=\"og:description\" content=\"V posledn\u00edch t\u0159ech ligov\u00fdch z\u00e1pasech Man U nedal na Goodison Parku g\u00f3l. V minul\u00e9 sez\u00f3n\u011b, kter\u00e1 se Evertonu nepovedla, dostal&hellip;\" \/>\n<meta property=\"og:url\" content=\"https:\/\/evertonfc.cz\/index.php\/2015\/10\/16\/preview-everton-manchester-united-5\/\" \/>\n<meta property=\"og:site_name\" content=\"Official Czech &amp; Slovak Everton Supporters&#039; Club\" \/>\n<meta property=\"article:publisher\" content=\"https:\/\/www.facebook.com\/everton.fans.cz.sk\" \/>\n<meta property=\"article:published_time\" content=\"2015-10-16T18:31:19+00:00\" \/>\n<meta property=\"article:modified_time\" content=\"2020-11-06T11:36:55+00:00\" \/>\n<meta property=\"og:image\" content=\"https:\/\/evertonfc.cz\/wp-content\/uploads\/2020\/11\/Everton-VS-Manchester-United-7-11-2020.jpg.jpg\" \/>\n\t<meta property=\"og:image:width\" content=\"720\" \/>\n\t<meta property=\"og:image:height\" content=\"405\" \/>\n\t<meta property=\"og:image:type\" content=\"image\/jpeg\" \/>\n<meta name=\"author\" content=\"Javor\" \/>\n<meta name=\"twitter:card\" content=\"summary_large_image\" \/>\n<meta name=\"twitter:creator\" content=\"@LoudinJan\" \/>\n<meta name=\"twitter:label1\" content=\"Napsal(a)\" \/>\n\t<meta name=\"twitter:data1\" content=\"Javor\" \/>\n\t<meta name=\"twitter:label2\" content=\"Odhadovan\u00e1 doba \u010dten\u00ed\" \/>\n\t<meta name=\"twitter:data2\" content=\"3 minuty\" \/>\n<script type=\"application\/ld+json\" class=\"yoast-schema-graph\">{\"@context\":\"https:\/\/schema.org\",\"@graph\":[{\"@type\":\"Article\",\"@id\":\"https:\/\/evertonfc.cz\/index.php\/2015\/10\/16\/preview-everton-manchester-united-5\/#article\",\"isPartOf\":{\"@id\":\"https:\/\/evertonfc.cz\/index.php\/2015\/10\/16\/preview-everton-manchester-united-5\/\"},\"author\":{\"name\":\"Javor\",\"@id\":\"https:\/\/evertonfc.cz\/#\/schema\/person\/b30daf6a5852f4811f8207a17ec1bf78\"},\"headline\":\"Preview: Everton &#8211; Manchester United\",\"datePublished\":\"2015-10-16T18:31:19+00:00\",\"dateModified\":\"2020-11-06T11:36:55+00:00\",\"mainEntityOfPage\":{\"@id\":\"https:\/\/evertonfc.cz\/index.php\/2015\/10\/16\/preview-everton-manchester-united-5\/\"},\"wordCount\":562,\"commentCount\":0,\"publisher\":{\"@id\":\"https:\/\/evertonfc.cz\/#organization\"},\"image\":{\"@id\":\"https:\/\/evertonfc.cz\/index.php\/2015\/10\/16\/preview-everton-manchester-united-5\/#primaryimage\"},\"thumbnailUrl\":\"https:\/\/evertonfc.cz\/wp-content\/uploads\/2020\/11\/Everton-VS-Manchester-United-7-11-2020.jpg.jpg\",\"articleSection\":[\"Z\u00e1pasy\"],\"inLanguage\":\"cs\",\"potentialAction\":[{\"@type\":\"CommentAction\",\"name\":\"Comment\",\"target\":[\"https:\/\/evertonfc.cz\/index.php\/2015\/10\/16\/preview-everton-manchester-united-5\/#respond\"]}]},{\"@type\":\"WebPage\",\"@id\":\"https:\/\/evertonfc.cz\/index.php\/2015\/10\/16\/preview-everton-manchester-united-5\/\",\"url\":\"https:\/\/evertonfc.cz\/index.php\/2015\/10\/16\/preview-everton-manchester-united-5\/\",\"name\":\"Preview: Everton - Manchester United - Official Czech &amp; Slovak Everton Supporters&#039; Club\",\"isPartOf\":{\"@id\":\"https:\/\/evertonfc.cz\/#website\"},\"primaryImageOfPage\":{\"@id\":\"https:\/\/evertonfc.cz\/index.php\/2015\/10\/16\/preview-everton-manchester-united-5\/#primaryimage\"},\"image\":{\"@id\":\"https:\/\/evertonfc.cz\/index.php\/2015\/10\/16\/preview-everton-manchester-united-5\/#primaryimage\"},\"thumbnailUrl\":\"https:\/\/evertonfc.cz\/wp-content\/uploads\/2020\/11\/Everton-VS-Manchester-United-7-11-2020.jpg.jpg\",\"datePublished\":\"2015-10-16T18:31:19+00:00\",\"dateModified\":\"2020-11-06T11:36:55+00:00\",\"breadcrumb\":{\"@id\":\"https:\/\/evertonfc.cz\/index.php\/2015\/10\/16\/preview-everton-manchester-united-5\/#breadcrumb\"},\"inLanguage\":\"cs\",\"potentialAction\":[{\"@type\":\"ReadAction\",\"target\":[\"https:\/\/evertonfc.cz\/index.php\/2015\/10\/16\/preview-everton-manchester-united-5\/\"]}]},{\"@type\":\"ImageObject\",\"inLanguage\":\"cs\",\"@id\":\"https:\/\/evertonfc.cz\/index.php\/2015\/10\/16\/preview-everton-manchester-united-5\/#primaryimage\",\"url\":\"https:\/\/evertonfc.cz\/wp-content\/uploads\/2020\/11\/Everton-VS-Manchester-United-7-11-2020.jpg.jpg\",\"contentUrl\":\"https:\/\/evertonfc.cz\/wp-content\/uploads\/2020\/11\/Everton-VS-Manchester-United-7-11-2020.jpg.jpg\",\"width\":720,\"height\":405},{\"@type\":\"BreadcrumbList\",\"@id\":\"https:\/\/evertonfc.cz\/index.php\/2015\/10\/16\/preview-everton-manchester-united-5\/#breadcrumb\",\"itemListElement\":[{\"@type\":\"ListItem\",\"position\":1,\"name\":\"Home\",\"item\":\"https:\/\/evertonfc.cz\/\"},{\"@type\":\"ListItem\",\"position\":2,\"name\":\"Preview: Everton &#8211; Manchester United\"}]},{\"@type\":\"WebSite\",\"@id\":\"https:\/\/evertonfc.cz\/#website\",\"url\":\"https:\/\/evertonfc.cz\/\",\"name\":\"Official Czech &amp; Slovak Everton Supporters&#039; Club\",\"description\":\"\",\"publisher\":{\"@id\":\"https:\/\/evertonfc.cz\/#organization\"},\"potentialAction\":[{\"@type\":\"SearchAction\",\"target\":{\"@type\":\"EntryPoint\",\"urlTemplate\":\"https:\/\/evertonfc.cz\/?s={search_term_string}\"},\"query-input\":{\"@type\":\"PropertyValueSpecification\",\"valueRequired\":true,\"valueName\":\"search_term_string\"}}],\"inLanguage\":\"cs\"},{\"@type\":\"Organization\",\"@id\":\"https:\/\/evertonfc.cz\/#organization\",\"name\":\"Official Czech & Slovak Everton Supporters' Club\",\"url\":\"https:\/\/evertonfc.cz\/\",\"logo\":{\"@type\":\"ImageObject\",\"inLanguage\":\"cs\",\"@id\":\"https:\/\/evertonfc.cz\/#\/schema\/logo\/image\/\",\"url\":\"https:\/\/evertonfc.cz\/wp-content\/uploads\/2019\/05\/logo.png\",\"contentUrl\":\"https:\/\/evertonfc.cz\/wp-content\/uploads\/2019\/05\/logo.png\",\"width\":112,\"height\":112,\"caption\":\"Official Czech & Slovak Everton Supporters' Club\"},\"image\":{\"@id\":\"https:\/\/evertonfc.cz\/#\/schema\/logo\/image\/\"},\"sameAs\":[\"https:\/\/www.facebook.com\/everton.fans.cz.sk\"]},{\"@type\":\"Person\",\"@id\":\"https:\/\/evertonfc.cz\/#\/schema\/person\/b30daf6a5852f4811f8207a17ec1bf78\",\"name\":\"Javor\",\"sameAs\":[\"https:\/\/x.com\/LoudinJan\"],\"url\":\"https:\/\/evertonfc.cz\/index.php\/author\/javor\/\"}]}<\/script>\n<!-- \/ Yoast SEO plugin. -->","yoast_head_json":{"title":"Preview: Everton - Manchester United - Official Czech &amp; Slovak Everton Supporters&#039; Club","robots":{"index":"index","follow":"follow","max-snippet":"max-snippet:-1","max-image-preview":"max-image-preview:large","max-video-preview":"max-video-preview:-1"},"canonical":"https:\/\/evertonfc.cz\/index.php\/2015\/10\/16\/preview-everton-manchester-united-5\/","og_locale":"cs_CZ","og_type":"article","og_title":"Preview: Everton - Manchester United - Official Czech &amp; Slovak Everton Supporters&#039; Club","og_description":"V posledn\u00edch t\u0159ech ligov\u00fdch z\u00e1pasech Man U nedal na Goodison Parku g\u00f3l. V minul\u00e9 sez\u00f3n\u011b, kter\u00e1 se Evertonu nepovedla, dostal&hellip;","og_url":"https:\/\/evertonfc.cz\/index.php\/2015\/10\/16\/preview-everton-manchester-united-5\/","og_site_name":"Official Czech &amp; Slovak Everton Supporters&#039; Club","article_publisher":"https:\/\/www.facebook.com\/everton.fans.cz.sk","article_published_time":"2015-10-16T18:31:19+00:00","article_modified_time":"2020-11-06T11:36:55+00:00","og_image":[{"width":720,"height":405,"url":"https:\/\/evertonfc.cz\/wp-content\/uploads\/2020\/11\/Everton-VS-Manchester-United-7-11-2020.jpg.jpg","type":"image\/jpeg"}],"author":"Javor","twitter_card":"summary_large_image","twitter_creator":"@LoudinJan","twitter_misc":{"Napsal(a)":"Javor","Odhadovan\u00e1 doba \u010dten\u00ed":"3 minuty"},"schema":{"@context":"https:\/\/schema.org","@graph":[{"@type":"Article","@id":"https:\/\/evertonfc.cz\/index.php\/2015\/10\/16\/preview-everton-manchester-united-5\/#article","isPartOf":{"@id":"https:\/\/evertonfc.cz\/index.php\/2015\/10\/16\/preview-everton-manchester-united-5\/"},"author":{"name":"Javor","@id":"https:\/\/evertonfc.cz\/#\/schema\/person\/b30daf6a5852f4811f8207a17ec1bf78"},"headline":"Preview: Everton &#8211; Manchester United","datePublished":"2015-10-16T18:31:19+00:00","dateModified":"2020-11-06T11:36:55+00:00","mainEntityOfPage":{"@id":"https:\/\/evertonfc.cz\/index.php\/2015\/10\/16\/preview-everton-manchester-united-5\/"},"wordCount":562,"commentCount":0,"publisher":{"@id":"https:\/\/evertonfc.cz\/#organization"},"image":{"@id":"https:\/\/evertonfc.cz\/index.php\/2015\/10\/16\/preview-everton-manchester-united-5\/#primaryimage"},"thumbnailUrl":"https:\/\/evertonfc.cz\/wp-content\/uploads\/2020\/11\/Everton-VS-Manchester-United-7-11-2020.jpg.jpg","articleSection":["Z\u00e1pasy"],"inLanguage":"cs","potentialAction":[{"@type":"CommentAction","name":"Comment","target":["https:\/\/evertonfc.cz\/index.php\/2015\/10\/16\/preview-everton-manchester-united-5\/#respond"]}]},{"@type":"WebPage","@id":"https:\/\/evertonfc.cz\/index.php\/2015\/10\/16\/preview-everton-manchester-united-5\/","url":"https:\/\/evertonfc.cz\/index.php\/2015\/10\/16\/preview-everton-manchester-united-5\/","name":"Preview: Everton - Manchester United - Official Czech &amp; Slovak Everton Supporters&#039; Club","isPartOf":{"@id":"https:\/\/evertonfc.cz\/#website"},"primaryImageOfPage":{"@id":"https:\/\/evertonfc.cz\/index.php\/2015\/10\/16\/preview-everton-manchester-united-5\/#primaryimage"},"image":{"@id":"https:\/\/evertonfc.cz\/index.php\/2015\/10\/16\/preview-everton-manchester-united-5\/#primaryimage"},"thumbnailUrl":"https:\/\/evertonfc.cz\/wp-content\/uploads\/2020\/11\/Everton-VS-Manchester-United-7-11-2020.jpg.jpg","datePublished":"2015-10-16T18:31:19+00:00","dateModified":"2020-11-06T11:36:55+00:00","breadcrumb":{"@id":"https:\/\/evertonfc.cz\/index.php\/2015\/10\/16\/preview-everton-manchester-united-5\/#breadcrumb"},"inLanguage":"cs","potentialAction":[{"@type":"ReadAction","target":["https:\/\/evertonfc.cz\/index.php\/2015\/10\/16\/preview-everton-manchester-united-5\/"]}]},{"@type":"ImageObject","inLanguage":"cs","@id":"https:\/\/evertonfc.cz\/index.php\/2015\/10\/16\/preview-everton-manchester-united-5\/#primaryimage","url":"https:\/\/evertonfc.cz\/wp-content\/uploads\/2020\/11\/Everton-VS-Manchester-United-7-11-2020.jpg.jpg","contentUrl":"https:\/\/evertonfc.cz\/wp-content\/uploads\/2020\/11\/Everton-VS-Manchester-United-7-11-2020.jpg.jpg","width":720,"height":405},{"@type":"BreadcrumbList","@id":"https:\/\/evertonfc.cz\/index.php\/2015\/10\/16\/preview-everton-manchester-united-5\/#breadcrumb","itemListElement":[{"@type":"ListItem","position":1,"name":"Home","item":"https:\/\/evertonfc.cz\/"},{"@type":"ListItem","position":2,"name":"Preview: Everton &#8211; Manchester United"}]},{"@type":"WebSite","@id":"https:\/\/evertonfc.cz\/#website","url":"https:\/\/evertonfc.cz\/","name":"Official Czech &amp; Slovak Everton Supporters&#039; Club","description":"","publisher":{"@id":"https:\/\/evertonfc.cz\/#organization"},"potentialAction":[{"@type":"SearchAction","target":{"@type":"EntryPoint","urlTemplate":"https:\/\/evertonfc.cz\/?s={search_term_string}"},"query-input":{"@type":"PropertyValueSpecification","valueRequired":true,"valueName":"search_term_string"}}],"inLanguage":"cs"},{"@type":"Organization","@id":"https:\/\/evertonfc.cz\/#organization","name":"Official Czech & Slovak Everton Supporters' Club","url":"https:\/\/evertonfc.cz\/","logo":{"@type":"ImageObject","inLanguage":"cs","@id":"https:\/\/evertonfc.cz\/#\/schema\/logo\/image\/","url":"https:\/\/evertonfc.cz\/wp-content\/uploads\/2019\/05\/logo.png","contentUrl":"https:\/\/evertonfc.cz\/wp-content\/uploads\/2019\/05\/logo.png","width":112,"height":112,"caption":"Official Czech & Slovak Everton Supporters' Club"},"image":{"@id":"https:\/\/evertonfc.cz\/#\/schema\/logo\/image\/"},"sameAs":["https:\/\/www.facebook.com\/everton.fans.cz.sk"]},{"@type":"Person","@id":"https:\/\/evertonfc.cz\/#\/schema\/person\/b30daf6a5852f4811f8207a17ec1bf78","name":"Javor","sameAs":["https:\/\/x.com\/LoudinJan"],"url":"https:\/\/evertonfc.cz\/index.php\/author\/javor\/"}]}},"_links":{"self":[{"href":"https:\/\/evertonfc.cz\/index.php\/wp-json\/wp\/v2\/posts\/4106"}],"collection":[{"href":"https:\/\/evertonfc.cz\/index.php\/wp-json\/wp\/v2\/posts"}],"about":[{"href":"https:\/\/evertonfc.cz\/index.php\/wp-json\/wp\/v2\/types\/post"}],"author":[{"embeddable":true,"href":"https:\/\/evertonfc.cz\/index.php\/wp-json\/wp\/v2\/users\/12"}],"replies":[{"embeddable":true,"href":"https:\/\/evertonfc.cz\/index.php\/wp-json\/wp\/v2\/comments?post=4106"}],"version-history":[{"count":1,"href":"https:\/\/evertonfc.cz\/index.php\/wp-json\/wp\/v2\/posts\/4106\/revisions"}],"predecessor-version":[{"id":4107,"href":"https:\/\/evertonfc.cz\/index.php\/wp-json\/wp\/v2\/posts\/4106\/revisions\/4107"}],"wp:featuredmedia":[{"embeddable":true,"href":"https:\/\/evertonfc.cz\/index.php\/wp-json\/wp\/v2\/media\/12849"}],"wp:attachment":[{"href":"https:\/\/evertonfc.cz\/index.php\/wp-json\/wp\/v2\/media?parent=4106"}],"wp:term":[{"taxonomy":"category","embeddable":true,"href":"https:\/\/evertonfc.cz\/index.php\/wp-json\/wp\/v2\/categories?post=4106"},{"taxonomy":"post_tag","embeddable":true,"href":"https:\/\/evertonfc.cz\/index.php\/wp-json\/wp\/v2\/tags?post=4106"}],"curies":[{"name":"wp","href":"https:\/\/api.w.org\/{rel}","templated":true}]}}