{"id":4113,"date":"2011-03-17T20:44:08","date_gmt":"2011-03-17T19:44:08","guid":{"rendered":"http:\/\/evertonfc.cz\/?p=4113"},"modified":"2019-02-12T22:37:08","modified_gmt":"2019-02-12T21:37:08","slug":"tim-howard-a-jeho-pocty","status":"publish","type":"post","link":"https:\/\/evertonfc.cz\/index.php\/2011\/03\/17\/tim-howard-a-jeho-pocty\/","title":{"rendered":"Tim Howard a jeho pocty"},"content":{"rendered":"<h4>J\u00edzdu na horsk\u00e9 dr\u00e1ze, kter\u00e1 m\u016f\u017ee poslou\u017eit jako druh\u00e9 pojmenov\u00e1n\u00ed leto\u0161n\u00ed sezony, neminula ani Tima Howarda, st\u00e1le si pevn\u011b dr\u017e\u00edc\u00edho post brank\u00e1\u0159sk\u00e9 jedni\u010dky.<\/h4>\n<p>Bizarn\u00ed a ne\u010dekan\u00e9 v\u00fdsledky, ne\u010dekan\u00e9 comebacky a v neposledn\u00ed \u0159ad\u011b tak\u00e9 nejvyrovnan\u011bj\u0161\u00ed tabulka za dlouh\u00e9 roky. To v\u0161echno jsou synonyma leto\u0161n\u00ed sezony. Ji\u017e v prvn\u00edm kole \u0161okoval ten, od kter\u00e9ho se to \u010dekalo nejm\u00e9n\u011b, kdy\u017e Blackpool vysokou \u010dty\u0159g\u00f3lovou v\u00fdhrou vyloupil DW Stadium.<\/p>\n<p>V dal\u0161\u00edm kole se v\u0161ak ob\u011bt\u00ed dal\u0161\u00ed kanon\u00e1dy stali pr\u00e1v\u011b Tangerines, kdy\u017e odj\u00ed\u017ed\u011bli z Emirates Stadium s prohrou 6-0. Dvacet \u010dty\u0159i hodin pot\u00e9 \u0161okoval dal\u0161\u00ed nov\u00e1\u010dek. Na St. James\u00a0 Parku rozkr\u00e1jel Newcastle na mali\u010dk\u00e9 kous\u00ed\u010dky Aston Villu a zanedlouho si Magpies p\u0159isali dal\u0161\u00ed cenn\u00fd skalp, a to kdy\u017e v Ligov\u00e9m poh\u00e1ru zdolali na Stamford Bridge Chelsea 4-3. Do t\u0159etice si Newcastle s chut\u00ed zast\u0159\u00edlel v derby proti Sunderlandu, kter\u00e9mu nad\u011blil f\u00edk\u016f p\u011bt.<\/p>\n<p>Black Cats se v\u0161ak oklepali rychle a na vlastn\u00ed k\u016f\u017ei to poc\u00edtila znovu Chelsea, kter\u00e1 jim doma podlehla 0-3. Jednu ze nejz\u00e1sadn\u011bj\u0161\u00edch rol\u00ed v tomto sm\u011bru v\u0161ak hraje Wolverhampton. A\u010dkoliv se McCartyho borci pohybuj\u00ed v sestupov\u00e9 z\u00f3n\u011b, dok\u00e1zali porazit Chelsea, Manchester City i posledn\u011b Manchester United.<\/p>\n<p>Ale abychom se kone\u010dn\u011b p\u0159esunuli k Toffees, tak\u00e9 oni ji\u017e letos figurovali v mnohag\u00f3lov\u00e9m thrilleru. \u00danorov\u00e1 v\u00fdhra 5-3 nad Blackpoolem vydatnou m\u011brou p\u0159isp\u011bla k rekordn\u00ed hrac\u00ed sobot\u011b, b\u011bhem kter\u00e9 v Premier League padlo 43 g\u00f3l\u016f. Prvn\u00ed ot\u00e1zka pro Tima Howarda proto nemohla b\u00fdt vhodn\u011bj\u0161\u00ed.<\/p>\n<p><em>\u201eJe to bl\u00e1zniv\u00e9,\u201c<\/em>\u00a0zn\u00ed jeho pohled na aktu\u00e1ln\u00ed nep\u0159edv\u00eddatelnou sezonu, kterou p\u0159ipisuje v\u011bt\u0161\u00ed ochot\u011b klub\u016f k utr\u00e1cen\u00ed.<em>\u00a0\u201eMysl\u00edm, \u017ee jedna oblast, ve kter\u00e9 se tvo\u0159\u00ed rozd\u00edl, jsou finance. Pokud to rozeberete, v\u00edce pen\u011bz, kter\u00e9 kluby je\u017e tradi\u010dn\u011b p\u0159\u00edli\u0161 neutr\u00e1cej\u00ed, za\u010dnou vynakl\u00e1dat, t\u00edm v\u011bt\u0161\u00ed hr\u00e1\u010dskou kvalitu a \u0161\u00ed\u0159ku t\u00fdm\u016f si obstaraj\u00ed, a to \u00farove\u0148 rovnov\u00e1hy zvy\u0161uje.<\/em><\/p>\n<p><em>Podle m\u00e9ho to je to, co letos vid\u00edme. Zat\u00edmco d\u0159\u00edve t\u00fdmy mohly do z\u00e1pas\u016f j\u00edt s t\u00edm, \u017ee nemaj\u00ed kvalitu se m\u011b\u0159it s t\u00edmhle nebo tamhlet\u00edm\u00a0mu\u017estvem, te\u010f u\u017e ji maj\u00ed. V\u017edycky to neznamen\u00e1, \u017ee mohou vyhr\u00e1t\u00a0a pen\u00edze v\u00e1m nekoup\u00ed takov\u00fd spirit, kter\u00fd m\u00e1me u n\u00e1s v Evertonu, ale opravdu si mysl\u00edm, \u017ee je to d\u016fvod t\u011bch bl\u00e1zniv\u00fdch v\u00fdsledk\u016f.\u201c<\/em><\/p>\n<p>V mnoha pohledech se tak p\u0159\u00edb\u011bh leto\u0161n\u00ed sezony podob\u00e1 sch\u00e9matu, kter\u00e9 je aplikov\u00e1no v Howardov\u011b rodi\u0161ti za velkou lou\u017e\u00ed. Draftovac\u00ed syst\u00e9m ve Spojen\u00fdch st\u00e1tech znamen\u00e1, \u017ee nejslab\u0161\u00ed celek v jak\u00e9koliv dan\u00e9 sout\u011b\u017ei, bude pos\u00edlen mo\u017enost\u00ed v\u00fdsostn\u00e9ho v\u00fdb\u011bru nejlep\u0161\u00edch mlad\u00fdch talent\u016f, vych\u00e1zej\u00edc\u00edch z univerzitn\u00edch l\u00edhn\u00ed.<\/p>\n<p><em>\u201eV tomhle ohledu mi to opravdu p\u0159ipom\u00edn\u00e1 domov,\u201c<\/em>\u00a0\u0159\u00edk\u00e1 rod\u00e1k z New Jersey.\u00a0<em>\u201eV Americe tu vyv\u00e1\u017eenost rovnosti a parity m\u00e1me. V Anglii se o takov\u00e9 \u00farovni samoz\u0159ejm\u011b nem\u016f\u017eeme bavit, ale sou\u010dasn\u00e1 situace zlep\u0161uje hru jako pod\u00edvanou, proto\u017ee je daleko zaj\u00edmav\u011bj\u0161\u00ed sledovat z\u00e1pasy kdy\u017e netu\u0161\u00edte, kdo m\u00e1 v\u011bt\u0161\u00ed \u0161anci vyhr\u00e1t. Za ty roky byste si p\u0159ed z\u00e1pasem \u0159ekli, \u201cNo, v\u00fdsledek je p\u0159edem jasn\u00fd, nepot\u0159ebuji\u00a0ten z\u00e1pas ani vid\u011bt.\u201c Dnes je to mnohem zaj\u00edmav\u011bj\u0161\u00ed,\u201c<\/em>\u00a0tvrd\u00ed Howard.<\/p>\n<p>Pr\u00e1v\u011b d\u00edky nep\u0159edv\u00eddatelnosti tak \u010derstv\u011b dvaat\u0159icetilet\u00fd brank\u00e1\u0159 nedok\u00e1\u017ee \u0159\u00edct, kdo v kv\u011btnu p\u0159evezme mistrovsk\u00fd poh\u00e1r.\u00a0<em>&#8222;Je to t\u011b\u017ek\u00e9, proto\u017ee jeden t\u00fdden \u0159\u00edk\u00e1me, \u017ee tenhle t\u00fdm m\u00e1 nejv\u011bt\u0161\u00ed \u0161anci a za chv\u00edli se to zase zm\u011bn\u00ed. Prost\u011b nev\u00edm. \u0158ekl bych, \u017ee jsou t\u0159i t\u00fdmy, kter\u00e9 by mohly letos vyhr\u00e1t, ale tabulka je hodn\u011b t\u011bsn\u00e1. Jak na \u0161pici, tak na jej\u00edm konci.\u201c<\/em><\/p>\n<p>V sou\u010dasnosti se Howard a jeho spoluhr\u00e1\u010di nach\u00e1zej\u00ed uprost\u0159ed, na dev\u00e1t\u00e9 p\u0159\u00ed\u010dce. Everton byl p\u0159itom p\u0159ed startem sezony pova\u017eov\u00e1n za \u010dern\u00e9ho kon\u011b, kter\u00fd m\u011bl bojovat o evropsk\u00e9 poh\u00e1ry, ne-li dokonce o Ligu Mistr\u016f. Jen\u017ee na kolena Toffees letos sr\u00e1\u017e\u00ed pr\u00e1v\u011b nest\u00e1lost v\u00fdkon\u016f a tak zat\u00edmco jsme byli sv\u011bdky fantastick\u00fdch v\u00fdher nad Liverpoolem, Manchesterem City, Tottenhamem nebo Chelsea, z\u00e1rove\u0148 se Blues nechali zostudit nap\u0159\u00edklad Newcastlem, West Bromwichem \u010di Stoke City. Ameri\u010dan ale v\u011b\u0159\u00ed ve vyda\u0159en\u00e9 zakon\u010den\u00ed sezony, \u010demu\u017e mu napov\u00eddaj\u00ed solidn\u00ed v\u00fdsledky z posledn\u00edch t\u00fddn\u016f.<\/p>\n<p><em>\u201eMysl\u00edm, \u017ee od p\u0159elomu roku se n\u00e1m celkem da\u0159\u00ed. D\u016fle\u017eit\u00e1 je harmonie mezi v\u00fdkony a v\u00fdsledky. V\u00fdkony jsou d\u016fle\u017eit\u00e9 a fanou\u0161ci ty skv\u011bl\u00e9 um\u00ed n\u00e1le\u017eit\u011b ocenit, ale ani to poka\u017ed\u00e9 nezaru\u010duje v\u00edt\u011bzstv\u00ed. N\u011bkdy se lep\u0161\u00ed hr\u00e1t o\u0161kliv\u011b ale \u00fa\u010dinn\u011b a vyhr\u00e1t. \u0158ekl bych, \u017ee na\u0161e posledn\u00ed v\u00fdsledky jsou dobr\u00e9, nikoliv ale vynikaj\u00edc\u00ed.\u201c<\/em><\/p>\n<p>V lednu se nav\u00edc Everton musel sm\u00ed\u0159it s odchodem Stevena Pienaara, co\u017e podle Howarda svoji roli hraje.\u00a0<em>\u201eNelze pop\u0159\u00edt, \u017ee Steven byl pro n\u00e1s skv\u011bl\u00fd. Ale show mus\u00ed pokra\u010dovat. P\u0159eji\u00a0mu hodn\u011b \u0161t\u011bst\u00ed. Nen\u00ed jednoduch\u00e9 vid\u011bt, kdy\u017e odch\u00e1z\u00ed tak dobr\u00fd fotbalista, ale to se st\u00e1v\u00e1. M\u00e1me kvalitn\u00ed hr\u00e1\u010de, kte\u0159\u00ed jej mohou nahradit.\u201c<\/em><\/p>\n<p>Daleko v\u00edc se Howard soust\u0159ed\u00ed na to, co m\u00e1 v popisu pr\u00e1ce. P\u0159ed dv\u011bma lety jedni\u010dka americk\u00e9 reprezentace vyrovnala rekord Nevilla Southalla v po\u010dtu 15 \u010dist\u00fdch ligov\u00fdch \u0161t\u00edt\u016f v Premier League b\u011bhem jedn\u00e9 sezony, p\u0159i\u010dem\u017e posledn\u00edm dnem sezony se Howard ocitl dokonce na \u010d\u00edslu 17. Loni neinkasoval v jeden\u00e1cti z\u00e1pasech, nicm\u00e9n\u011b letos je vychytan\u00e1 nula sp\u00ed\u0161e vz\u00e1cnost\u00ed a pr\u00e1v\u011b ve zlep\u0161en\u00ed defenzivn\u00ed pr\u00e1ce Howard vid\u00ed z\u00e1klad potenci\u00e1ln\u00ed v\u00edt\u011bzn\u00e9 s\u00e9rie.<\/p>\n<p><em>\u201e\u010cist\u00e1 konta jsou podkladem, na kter\u00e9m v\u0161e stoj\u00ed a jde vid\u011bt, \u017ee obvykle p\u0159ich\u00e1zej\u00ed ve skupin\u00e1ch. Kdy\u017e pod\u00e1v\u00e1te dobr\u00e9 v\u00fdkony v obran\u011b, je \u00fa\u017easn\u00e9, jak rychle se m\u016f\u017eete st\u00e1t soudr\u017en\u011bj\u0161\u00edmi ve v\u0161ech oblastech a pr\u00e1v\u011b o to se sna\u017e\u00edme.<\/em><\/p>\n<p><em>Mysl\u00edm, \u017ee pokud se pod\u00edv\u00e1te na ostatn\u00ed prvoligov\u00e9 kluby, \u010dist\u00e1 konta jsou v\u00fdsledkem hned n\u011bkolika faktor\u016f. Vid\u011bl jsem n\u011bkolik leto\u0161n\u00edch statistik, souvisej\u00edc\u00edch s mal\u00fdm po\u010dtem \u010dist\u00fdch kont a v t\u00e9hle lize je to kv\u016fli vysok\u00e9mu tempu a skv\u011bl\u00fdm hr\u00e1\u010d\u016fm opravdu t\u011b\u017ek\u00e9. V\u00edme ale, co v\u0161echno k tomu mus\u00edme ud\u011blat a jak jsem \u0159ekl, pak na tom m\u016f\u017eeme stav\u011bt.\u201c<\/em><\/p>\n<p>Krom \u00fato\u010dn\u00fdch mo\u017enost\u00ed jin\u00fdch t\u00fdm\u016f, se v\u0161ak podle Howarda zlep\u0161uj\u00ed i jeho g\u00f3lman\u0161t\u00ed kolegov\u00e9. Obzvl\u00e1\u0161t\u011b leto\u0161n\u00ed sezona poskytuje mlad\u00fdm a nad\u011bjn\u00fdm brank\u00e1\u0159\u016fm \u0161anci, co\u017e by mohl potvrdit t\u0159iadvacetilet\u00fd Joe Hart z Manchesteru City, dvacetilet\u00fd Wojciech Szczesny h\u00e1j\u00edc\u00ed barvy Arsenalu, 22tilet\u00fd Tim Krul z Newcastlu \u010di t\u0159iadvacetilet\u00fd Asmir Begovi\u0107 ze Stoke City.<\/p>\n<p>Oproti nim se v\u0161ak Howard ide\u00e1ln\u00edmu brank\u00e1\u0159sk\u00e9mu v\u011bku teprve bl\u00ed\u017e\u00ed a v\u00ed, \u017ee \u010das je st\u00e1le na jeho stran\u011b, p\u0159esto\u017ee si uv\u011bdomil, \u017ee p\u0159\u00edchodem J\u00e1na Muchy se jeho konkurence zv\u00fd\u0161ila.<\/p>\n<p><em>\u201eMysl\u00edm, \u017ee poka\u017ed\u00e9 mus\u00edte b\u00fdt ostra\u017eit\u00ed. Poka\u017ed\u00e9, kdy\u017e mana\u017eer \u0159ekne moje jm\u00e9no a postav\u00ed m\u011b do z\u00e1kladn\u00ed sestavy, beru to jako \u010dest, rozhodn\u011b to nen\u00ed samoz\u0159ejmost. Je poctou, \u017ee si p\u0159es sebe mohu obl\u00e9kat dres n\u00e1\u0161 dres, reprezentovat tento klub a m\u00edt mana\u017eera, kter\u00fd v\u00e1m v\u011b\u0159\u00ed.<\/em><\/p>\n<p><em>Sna\u017e\u00ed se p\u0159iv\u00e1d\u011bt konkurenci na v\u0161echny posty a chce sehnat nejlep\u0161\u00ed dostupn\u00e9 hr\u00e1\u010de a mysl\u00edm, \u017ee se mu to i u brank\u00e1\u0159\u016f za v\u0161echny ty roky poda\u0159ilo. Kvalitn\u00ed hr\u00e1\u010de pot\u0159ebujete na ka\u017edou pozici, nikdo si nem\u016f\u017ee b\u00fdt sv\u00fdm m\u00edstem jist\u00fd. Mysl\u00edm, \u017ee standard tu byl v\u017edycky vysok\u00fd a na Anglii je tradi\u010dn\u011b pohl\u00ed\u017eeno jako na brank\u00e1\u0159sk\u00e9ho vlajkono\u0161e. Podle m\u011b to po\u0159\u00e1d plat\u00ed a pokud prol\u00e9tnete k\u00e1dry v\u011bt\u0161iny t\u00fdm\u016f, ka\u017ed\u00e9 maj\u00ed dva top brank\u00e1\u0159e. Je to testament cel\u00e9 lize a jej\u00edmu v\u00fdvoji.<\/em><\/p>\n<p><em>V\u017edycky je tu m\u00edsto pro kvalitn\u00edho veter\u00e1na, ale \u0159ada mana\u017eer\u016f dala d\u016fv\u011bru sv\u00fdm mlad\u00fdm g\u00f3lman\u016fm, hodila je do vody a nechala je, a\u0165 si porad\u00ed. To je pro budoucnost brank\u00e1\u0159stv\u00ed hodn\u011b d\u016fle\u017eit\u00e9.\u201c<\/em><\/p>\n<p>A zb\u00fdvaj\u00edc\u00ed \u010d\u00e1st sezony? Howard si \u017e\u00e1dn\u00e9 c\u00edle ned\u00e1v\u00e1. Jen hodl\u00e1 z\u016fstat v pozoru a d\u00e1l v\u011b\u0159it, \u017ee na prvn\u00ed pohled zpackan\u00e1 sezona tolik pochmurn\u011b nakonec neskon\u010d\u00ed.\u00a0<em>\u201eJako g\u00f3lman si nic nepl\u00e1nuji, proto\u017ee moje povol\u00e1n\u00ed je kl\u00ed\u010dovou sou\u010d\u00e1st\u00ed t\u00fdmu a pokud m\u00e1 b\u00fdt t\u00fdm \u00fasp\u011b\u0161n\u00fd, brank\u00e1\u0159 mus\u00ed pod\u00e1vat vysoce kvalitn\u00ed v\u00fdkony,\u201c\u00a0<\/em>\u0159\u00edk\u00e1.<em>\u00a0\u201eV\u00edm, co funguje a hraji\u00a0u\u017e dlouho na to, abych v\u011bd\u011bl, jak\u00fd tr\u00e9nink je p\u0159ed v\u00edkendem zapot\u0159eb\u00ed.<\/em><\/p>\n<p><em>Nejd\u016fle\u017eit\u011bj\u0161\u00ed je, kdy\u017e obrana bude do konce sezony pokra\u010dovat v konzistentn\u00edch v\u00fdkonech a bude t\u00edm z\u00e1kladem, kter\u00fd pot\u0159ebujeme. Kdy\u017e se pod\u00edv\u00e1te na tabulku, zjist\u00edte, \u017ee dv\u011b nebo t\u0159i v\u00fdhry v \u0159ad\u011b n\u00e1s mohou vyn\u00e9st vysoko. Celkov\u00fdm t\u00fdmov\u00fdm c\u00edlem je do t\u011bch m\u00edst se dostat, pozici si upevnit a pak se pokusit je\u0161t\u011b povysko\u010dit. Nechci projevovat m\u00e1lo respektu k t\u011bm t\u00fdm\u016fm, co jsou nyn\u00ed naho\u0159e, ale c\u00edt\u00edme, \u017ee d\u00edky posledn\u00edm p\u011bti, \u0161esti let\u016fm, je to na\u0161e m\u00edsto. Vezme n\u00e1m to hodn\u011b sil, ale budeme bojovat,\u201c<\/em>\u00a0slibuje Howard.<\/p>\n","protected":false},"excerpt":{"rendered":"<p>J\u00edzdu na horsk\u00e9 dr\u00e1ze, kter\u00e1 m\u016f\u017ee poslou\u017eit jako druh\u00e9 pojmenov\u00e1n\u00ed leto\u0161n\u00ed sezony, neminula ani Tima Howarda, st\u00e1le si pevn\u011b dr\u017e\u00edc\u00edho&hellip;<\/p>\n","protected":false},"author":7,"featured_media":1312,"comment_status":"open","ping_status":"closed","sticky":false,"template":"","format":"standard","meta":{"_eb_attr":"","_monsterinsights_skip_tracking":false,"_monsterinsights_sitenote_active":false,"_monsterinsights_sitenote_note":"","_monsterinsights_sitenote_category":0,"footnotes":""},"categories":[1],"tags":[],"yoast_head":"<!-- This site is optimized with the Yoast SEO plugin v23.4 - https:\/\/yoast.com\/wordpress\/plugins\/seo\/ -->\n<title>Tim Howard a jeho pocty - Official Czech &amp; Slovak Everton Supporters&#039; Club<\/title>\n<meta name=\"robots\" content=\"index, follow, max-snippet:-1, max-image-preview:large, max-video-preview:-1\" \/>\n<link rel=\"canonical\" href=\"https:\/\/evertonfc.cz\/index.php\/2011\/03\/17\/tim-howard-a-jeho-pocty\/\" \/>\n<meta property=\"og:locale\" content=\"cs_CZ\" \/>\n<meta property=\"og:type\" content=\"article\" \/>\n<meta property=\"og:title\" content=\"Tim Howard a jeho pocty - Official Czech &amp; Slovak Everton Supporters&#039; Club\" \/>\n<meta property=\"og:description\" content=\"J\u00edzdu na horsk\u00e9 dr\u00e1ze, kter\u00e1 m\u016f\u017ee poslou\u017eit jako druh\u00e9 pojmenov\u00e1n\u00ed leto\u0161n\u00ed sezony, neminula ani Tima Howarda, st\u00e1le si pevn\u011b dr\u017e\u00edc\u00edho&hellip;\" \/>\n<meta property=\"og:url\" content=\"https:\/\/evertonfc.cz\/index.php\/2011\/03\/17\/tim-howard-a-jeho-pocty\/\" \/>\n<meta property=\"og:site_name\" content=\"Official Czech &amp; Slovak Everton Supporters&#039; Club\" \/>\n<meta property=\"article:publisher\" content=\"https:\/\/www.facebook.com\/everton.fans.cz.sk\" \/>\n<meta property=\"article:published_time\" content=\"2011-03-17T19:44:08+00:00\" \/>\n<meta property=\"article:modified_time\" content=\"2019-02-12T21:37:08+00:00\" \/>\n<meta property=\"og:image\" content=\"https:\/\/evertonfc.cz\/wp-content\/uploads\/2019\/01\/interview.jpg\" \/>\n\t<meta property=\"og:image:width\" content=\"720\" \/>\n\t<meta property=\"og:image:height\" content=\"405\" \/>\n\t<meta property=\"og:image:type\" content=\"image\/jpeg\" \/>\n<meta name=\"author\" content=\"Me\u0148a\" \/>\n<meta name=\"twitter:card\" content=\"summary_large_image\" \/>\n<meta name=\"twitter:label1\" content=\"Napsal(a)\" \/>\n\t<meta name=\"twitter:data1\" content=\"Me\u0148a\" \/>\n\t<meta name=\"twitter:label2\" content=\"Odhadovan\u00e1 doba \u010dten\u00ed\" \/>\n\t<meta name=\"twitter:data2\" content=\"9 minut\" \/>\n<script type=\"application\/ld+json\" class=\"yoast-schema-graph\">{\"@context\":\"https:\/\/schema.org\",\"@graph\":[{\"@type\":\"Article\",\"@id\":\"https:\/\/evertonfc.cz\/index.php\/2011\/03\/17\/tim-howard-a-jeho-pocty\/#article\",\"isPartOf\":{\"@id\":\"https:\/\/evertonfc.cz\/index.php\/2011\/03\/17\/tim-howard-a-jeho-pocty\/\"},\"author\":{\"name\":\"Me\u0148a\",\"@id\":\"https:\/\/evertonfc.cz\/#\/schema\/person\/cd6328a75577de2add7793fd4b0930c3\"},\"headline\":\"Tim Howard a jeho pocty\",\"datePublished\":\"2011-03-17T19:44:08+00:00\",\"dateModified\":\"2019-02-12T21:37:08+00:00\",\"mainEntityOfPage\":{\"@id\":\"https:\/\/evertonfc.cz\/index.php\/2011\/03\/17\/tim-howard-a-jeho-pocty\/\"},\"wordCount\":1755,\"commentCount\":0,\"publisher\":{\"@id\":\"https:\/\/evertonfc.cz\/#organization\"},\"image\":{\"@id\":\"https:\/\/evertonfc.cz\/index.php\/2011\/03\/17\/tim-howard-a-jeho-pocty\/#primaryimage\"},\"thumbnailUrl\":\"https:\/\/evertonfc.cz\/wp-content\/uploads\/2019\/01\/interview.jpg\",\"articleSection\":[\"Rozhovory\"],\"inLanguage\":\"cs\",\"potentialAction\":[{\"@type\":\"CommentAction\",\"name\":\"Comment\",\"target\":[\"https:\/\/evertonfc.cz\/index.php\/2011\/03\/17\/tim-howard-a-jeho-pocty\/#respond\"]}]},{\"@type\":\"WebPage\",\"@id\":\"https:\/\/evertonfc.cz\/index.php\/2011\/03\/17\/tim-howard-a-jeho-pocty\/\",\"url\":\"https:\/\/evertonfc.cz\/index.php\/2011\/03\/17\/tim-howard-a-jeho-pocty\/\",\"name\":\"Tim Howard a jeho pocty - Official Czech &amp; Slovak Everton Supporters&#039; Club\",\"isPartOf\":{\"@id\":\"https:\/\/evertonfc.cz\/#website\"},\"primaryImageOfPage\":{\"@id\":\"https:\/\/evertonfc.cz\/index.php\/2011\/03\/17\/tim-howard-a-jeho-pocty\/#primaryimage\"},\"image\":{\"@id\":\"https:\/\/evertonfc.cz\/index.php\/2011\/03\/17\/tim-howard-a-jeho-pocty\/#primaryimage\"},\"thumbnailUrl\":\"https:\/\/evertonfc.cz\/wp-content\/uploads\/2019\/01\/interview.jpg\",\"datePublished\":\"2011-03-17T19:44:08+00:00\",\"dateModified\":\"2019-02-12T21:37:08+00:00\",\"breadcrumb\":{\"@id\":\"https:\/\/evertonfc.cz\/index.php\/2011\/03\/17\/tim-howard-a-jeho-pocty\/#breadcrumb\"},\"inLanguage\":\"cs\",\"potentialAction\":[{\"@type\":\"ReadAction\",\"target\":[\"https:\/\/evertonfc.cz\/index.php\/2011\/03\/17\/tim-howard-a-jeho-pocty\/\"]}]},{\"@type\":\"ImageObject\",\"inLanguage\":\"cs\",\"@id\":\"https:\/\/evertonfc.cz\/index.php\/2011\/03\/17\/tim-howard-a-jeho-pocty\/#primaryimage\",\"url\":\"https:\/\/evertonfc.cz\/wp-content\/uploads\/2019\/01\/interview.jpg\",\"contentUrl\":\"https:\/\/evertonfc.cz\/wp-content\/uploads\/2019\/01\/interview.jpg\",\"width\":720,\"height\":405},{\"@type\":\"BreadcrumbList\",\"@id\":\"https:\/\/evertonfc.cz\/index.php\/2011\/03\/17\/tim-howard-a-jeho-pocty\/#breadcrumb\",\"itemListElement\":[{\"@type\":\"ListItem\",\"position\":1,\"name\":\"Home\",\"item\":\"https:\/\/evertonfc.cz\/\"},{\"@type\":\"ListItem\",\"position\":2,\"name\":\"Tim Howard a jeho pocty\"}]},{\"@type\":\"WebSite\",\"@id\":\"https:\/\/evertonfc.cz\/#website\",\"url\":\"https:\/\/evertonfc.cz\/\",\"name\":\"Official Czech &amp; Slovak Everton Supporters&#039; Club\",\"description\":\"\",\"publisher\":{\"@id\":\"https:\/\/evertonfc.cz\/#organization\"},\"potentialAction\":[{\"@type\":\"SearchAction\",\"target\":{\"@type\":\"EntryPoint\",\"urlTemplate\":\"https:\/\/evertonfc.cz\/?s={search_term_string}\"},\"query-input\":{\"@type\":\"PropertyValueSpecification\",\"valueRequired\":true,\"valueName\":\"search_term_string\"}}],\"inLanguage\":\"cs\"},{\"@type\":\"Organization\",\"@id\":\"https:\/\/evertonfc.cz\/#organization\",\"name\":\"Official Czech & Slovak Everton Supporters' Club\",\"url\":\"https:\/\/evertonfc.cz\/\",\"logo\":{\"@type\":\"ImageObject\",\"inLanguage\":\"cs\",\"@id\":\"https:\/\/evertonfc.cz\/#\/schema\/logo\/image\/\",\"url\":\"https:\/\/evertonfc.cz\/wp-content\/uploads\/2019\/05\/logo.png\",\"contentUrl\":\"https:\/\/evertonfc.cz\/wp-content\/uploads\/2019\/05\/logo.png\",\"width\":112,\"height\":112,\"caption\":\"Official Czech & Slovak Everton Supporters' Club\"},\"image\":{\"@id\":\"https:\/\/evertonfc.cz\/#\/schema\/logo\/image\/\"},\"sameAs\":[\"https:\/\/www.facebook.com\/everton.fans.cz.sk\"]},{\"@type\":\"Person\",\"@id\":\"https:\/\/evertonfc.cz\/#\/schema\/person\/cd6328a75577de2add7793fd4b0930c3\",\"name\":\"Me\u0148a\",\"url\":\"https:\/\/evertonfc.cz\/index.php\/author\/mena\/\"}]}<\/script>\n<!-- \/ Yoast SEO plugin. -->","yoast_head_json":{"title":"Tim Howard a jeho pocty - Official Czech &amp; Slovak Everton Supporters&#039; Club","robots":{"index":"index","follow":"follow","max-snippet":"max-snippet:-1","max-image-preview":"max-image-preview:large","max-video-preview":"max-video-preview:-1"},"canonical":"https:\/\/evertonfc.cz\/index.php\/2011\/03\/17\/tim-howard-a-jeho-pocty\/","og_locale":"cs_CZ","og_type":"article","og_title":"Tim Howard a jeho pocty - Official Czech &amp; Slovak Everton Supporters&#039; Club","og_description":"J\u00edzdu na horsk\u00e9 dr\u00e1ze, kter\u00e1 m\u016f\u017ee poslou\u017eit jako druh\u00e9 pojmenov\u00e1n\u00ed leto\u0161n\u00ed sezony, neminula ani Tima Howarda, st\u00e1le si pevn\u011b dr\u017e\u00edc\u00edho&hellip;","og_url":"https:\/\/evertonfc.cz\/index.php\/2011\/03\/17\/tim-howard-a-jeho-pocty\/","og_site_name":"Official Czech &amp; Slovak Everton Supporters&#039; Club","article_publisher":"https:\/\/www.facebook.com\/everton.fans.cz.sk","article_published_time":"2011-03-17T19:44:08+00:00","article_modified_time":"2019-02-12T21:37:08+00:00","og_image":[{"width":720,"height":405,"url":"https:\/\/evertonfc.cz\/wp-content\/uploads\/2019\/01\/interview.jpg","type":"image\/jpeg"}],"author":"Me\u0148a","twitter_card":"summary_large_image","twitter_misc":{"Napsal(a)":"Me\u0148a","Odhadovan\u00e1 doba \u010dten\u00ed":"9 minut"},"schema":{"@context":"https:\/\/schema.org","@graph":[{"@type":"Article","@id":"https:\/\/evertonfc.cz\/index.php\/2011\/03\/17\/tim-howard-a-jeho-pocty\/#article","isPartOf":{"@id":"https:\/\/evertonfc.cz\/index.php\/2011\/03\/17\/tim-howard-a-jeho-pocty\/"},"author":{"name":"Me\u0148a","@id":"https:\/\/evertonfc.cz\/#\/schema\/person\/cd6328a75577de2add7793fd4b0930c3"},"headline":"Tim Howard a jeho pocty","datePublished":"2011-03-17T19:44:08+00:00","dateModified":"2019-02-12T21:37:08+00:00","mainEntityOfPage":{"@id":"https:\/\/evertonfc.cz\/index.php\/2011\/03\/17\/tim-howard-a-jeho-pocty\/"},"wordCount":1755,"commentCount":0,"publisher":{"@id":"https:\/\/evertonfc.cz\/#organization"},"image":{"@id":"https:\/\/evertonfc.cz\/index.php\/2011\/03\/17\/tim-howard-a-jeho-pocty\/#primaryimage"},"thumbnailUrl":"https:\/\/evertonfc.cz\/wp-content\/uploads\/2019\/01\/interview.jpg","articleSection":["Rozhovory"],"inLanguage":"cs","potentialAction":[{"@type":"CommentAction","name":"Comment","target":["https:\/\/evertonfc.cz\/index.php\/2011\/03\/17\/tim-howard-a-jeho-pocty\/#respond"]}]},{"@type":"WebPage","@id":"https:\/\/evertonfc.cz\/index.php\/2011\/03\/17\/tim-howard-a-jeho-pocty\/","url":"https:\/\/evertonfc.cz\/index.php\/2011\/03\/17\/tim-howard-a-jeho-pocty\/","name":"Tim Howard a jeho pocty - Official Czech &amp; Slovak Everton Supporters&#039; Club","isPartOf":{"@id":"https:\/\/evertonfc.cz\/#website"},"primaryImageOfPage":{"@id":"https:\/\/evertonfc.cz\/index.php\/2011\/03\/17\/tim-howard-a-jeho-pocty\/#primaryimage"},"image":{"@id":"https:\/\/evertonfc.cz\/index.php\/2011\/03\/17\/tim-howard-a-jeho-pocty\/#primaryimage"},"thumbnailUrl":"https:\/\/evertonfc.cz\/wp-content\/uploads\/2019\/01\/interview.jpg","datePublished":"2011-03-17T19:44:08+00:00","dateModified":"2019-02-12T21:37:08+00:00","breadcrumb":{"@id":"https:\/\/evertonfc.cz\/index.php\/2011\/03\/17\/tim-howard-a-jeho-pocty\/#breadcrumb"},"inLanguage":"cs","potentialAction":[{"@type":"ReadAction","target":["https:\/\/evertonfc.cz\/index.php\/2011\/03\/17\/tim-howard-a-jeho-pocty\/"]}]},{"@type":"ImageObject","inLanguage":"cs","@id":"https:\/\/evertonfc.cz\/index.php\/2011\/03\/17\/tim-howard-a-jeho-pocty\/#primaryimage","url":"https:\/\/evertonfc.cz\/wp-content\/uploads\/2019\/01\/interview.jpg","contentUrl":"https:\/\/evertonfc.cz\/wp-content\/uploads\/2019\/01\/interview.jpg","width":720,"height":405},{"@type":"BreadcrumbList","@id":"https:\/\/evertonfc.cz\/index.php\/2011\/03\/17\/tim-howard-a-jeho-pocty\/#breadcrumb","itemListElement":[{"@type":"ListItem","position":1,"name":"Home","item":"https:\/\/evertonfc.cz\/"},{"@type":"ListItem","position":2,"name":"Tim Howard a jeho pocty"}]},{"@type":"WebSite","@id":"https:\/\/evertonfc.cz\/#website","url":"https:\/\/evertonfc.cz\/","name":"Official Czech &amp; Slovak Everton Supporters&#039; Club","description":"","publisher":{"@id":"https:\/\/evertonfc.cz\/#organization"},"potentialAction":[{"@type":"SearchAction","target":{"@type":"EntryPoint","urlTemplate":"https:\/\/evertonfc.cz\/?s={search_term_string}"},"query-input":{"@type":"PropertyValueSpecification","valueRequired":true,"valueName":"search_term_string"}}],"inLanguage":"cs"},{"@type":"Organization","@id":"https:\/\/evertonfc.cz\/#organization","name":"Official Czech & Slovak Everton Supporters' Club","url":"https:\/\/evertonfc.cz\/","logo":{"@type":"ImageObject","inLanguage":"cs","@id":"https:\/\/evertonfc.cz\/#\/schema\/logo\/image\/","url":"https:\/\/evertonfc.cz\/wp-content\/uploads\/2019\/05\/logo.png","contentUrl":"https:\/\/evertonfc.cz\/wp-content\/uploads\/2019\/05\/logo.png","width":112,"height":112,"caption":"Official Czech & Slovak Everton Supporters' Club"},"image":{"@id":"https:\/\/evertonfc.cz\/#\/schema\/logo\/image\/"},"sameAs":["https:\/\/www.facebook.com\/everton.fans.cz.sk"]},{"@type":"Person","@id":"https:\/\/evertonfc.cz\/#\/schema\/person\/cd6328a75577de2add7793fd4b0930c3","name":"Me\u0148a","url":"https:\/\/evertonfc.cz\/index.php\/author\/mena\/"}]}},"_links":{"self":[{"href":"https:\/\/evertonfc.cz\/index.php\/wp-json\/wp\/v2\/posts\/4113"}],"collection":[{"href":"https:\/\/evertonfc.cz\/index.php\/wp-json\/wp\/v2\/posts"}],"about":[{"href":"https:\/\/evertonfc.cz\/index.php\/wp-json\/wp\/v2\/types\/post"}],"author":[{"embeddable":true,"href":"https:\/\/evertonfc.cz\/index.php\/wp-json\/wp\/v2\/users\/7"}],"replies":[{"embeddable":true,"href":"https:\/\/evertonfc.cz\/index.php\/wp-json\/wp\/v2\/comments?post=4113"}],"version-history":[{"count":1,"href":"https:\/\/evertonfc.cz\/index.php\/wp-json\/wp\/v2\/posts\/4113\/revisions"}],"predecessor-version":[{"id":4114,"href":"https:\/\/evertonfc.cz\/index.php\/wp-json\/wp\/v2\/posts\/4113\/revisions\/4114"}],"wp:featuredmedia":[{"embeddable":true,"href":"https:\/\/evertonfc.cz\/index.php\/wp-json\/wp\/v2\/media\/1312"}],"wp:attachment":[{"href":"https:\/\/evertonfc.cz\/index.php\/wp-json\/wp\/v2\/media?parent=4113"}],"wp:term":[{"taxonomy":"category","embeddable":true,"href":"https:\/\/evertonfc.cz\/index.php\/wp-json\/wp\/v2\/categories?post=4113"},{"taxonomy":"post_tag","embeddable":true,"href":"https:\/\/evertonfc.cz\/index.php\/wp-json\/wp\/v2\/tags?post=4113"}],"curies":[{"name":"wp","href":"https:\/\/api.w.org\/{rel}","templated":true}]}}