{"id":4115,"date":"2011-03-16T20:44:17","date_gmt":"2011-03-16T19:44:17","guid":{"rendered":"http:\/\/evertonfc.cz\/?p=4115"},"modified":"2019-02-12T20:47:38","modified_gmt":"2019-02-12T19:47:38","slug":"dvacet-let-hledani-talentu","status":"publish","type":"post","link":"https:\/\/evertonfc.cz\/index.php\/2011\/03\/16\/dvacet-let-hledani-talentu\/","title":{"rendered":"Dvacet let hled\u00e1n\u00ed talent\u016f"},"content":{"rendered":"<h4>Pr\u00e1v\u011b v t\u011bchto dnech je tomu rovn\u00fdch dvacet let od doby, co Ray Hall p\u0159evzal nadvl\u00e1du nad \u0159\u00edzen\u00edm klubov\u00e9ho ml\u00e1de\u017enick\u00e9ho syst\u00e9mu.<\/h4>\n<p>B\u011bhem dvou dek\u00e1d pod jeho rukama pro\u0161lo hned 31 hr\u00e1\u010d\u016f, kte\u0159\u00ed se v\u00edce \u010di m\u00e9n\u011b prosadili v prvn\u00edm t\u00fdmu. Jm\u00e9na jako Francis Jeffers, Leon Osman, Tony Hibbert, James Vaughan, Victor Anichebe, Michael Ball, Richard Dunne, Wayne Rooney nebo Jack Rodwell vd\u011b\u010d\u00ed z velk\u00e9 \u010d\u00e1sti sv\u00fdm fotbalov\u00fdm kari\u00e9r\u00e1m pr\u00e1v\u011b Rayi Hallovi a jeho person\u00e1lu. U p\u0159\u00edle\u017eitosti kulat\u00e9ho jubilea tak Hall poskytuje hlub\u0161\u00ed pohled do sv\u00e9 pr\u00e1ce.<\/p>\n<h4><strong>V za\u010d\u00e1tc\u00edch&#8230;<\/strong><\/h4>\n<p>jsem pracoval pro FA a jednoho ve\u010dera jsem obdr\u017eel telefon\u00e1t od Colina Harveyho, kter\u00fd se m\u011b zeptal, zda bych nep\u0159ijel a popov\u00eddal si s Howardem Kendallem. Kdy\u017e byl Howard poprv\u00e9 mana\u017eerem, pracoval jsem v Evertonu jako tren\u00e9r na \u010d\u00e1ste\u010dn\u00fd \u00favazek a byl to on, kdo m\u011b propustil, tak\u017ee jsem byl p\u0159ekvapen\u00fd, \u017ee m\u011b cht\u011bl vid\u011bt.<\/p>\n<p>Za\u0161el jsem do jeho kancel\u00e1\u0159e v Bellefieldu a on mi \u0159ekl, \u017ee pl\u00e1nuje v klubu n\u011bkolik zm\u011bn. V mysli jsem m\u011bl, \u017ee pokud mi nab\u00eddne funkci tren\u00e9ra ml\u00e1de\u017ee, nebudu m\u00edt z\u00e1jem. Pokud by mi nab\u00eddl tren\u00e9ra ml\u00e1de\u017ee kombinovan\u011b s \u0159editelem v\u00fdvoje ml\u00e1de\u017ee, ani to bych nevzal, proto\u017ee tolik bych toho nezvl\u00e1dnul. Opravdu jsem ale doufal, \u017ee mi nab\u00eddne samotnou funkci \u0159editele v\u00fdvoje ml\u00e1de\u017ee a p\u0159esn\u011b to na\u0161t\u011bst\u00ed ud\u011blal.<\/p>\n<p>Byl to nejlep\u0161\u00ed pohovor v m\u00e9m \u017eivot\u011b. Pod\u00edval jsem se na Howarda a \u0159ekl,\u00a0<em>\u201eBeru to. Co p\u0159esn\u011b bude moje pozice?\u201c<\/em>. A na to on odpov\u011bd\u011bl:\u00a0<em>\u201eRayi, je mi jedno, jestli z\u016fstane\u0161 cel\u00fd den v posteli. Prost\u011b mi najdi ty nejlep\u0161\u00ed mlad\u00e9 hr\u00e1\u010de.\u201c<\/em>\u00a0To bylo v\u0161echno &#8211; byl jsem na palub\u011b.<\/p>\n<p>Co se m\u00fdch c\u00edl\u016f t\u00fdk\u00e1, p\u0159\u00edli\u0161 se toho nezm\u011bnilo. M\u00e9 pr\u00e1ci se po ta l\u00e9ta \u0159\u00edk\u00e1 r\u016fzn\u011b, ale v podstat\u011b st\u00e1le d\u011bl\u00e1m to stejn\u00e9 &#8211; hled\u00e1m nejlep\u0161\u00ed dostupn\u00e9 mlad\u00edky. Pracoval jsem se spoustou n\u00e1rodn\u00edch \u0161koln\u00edch t\u00fdm\u016f a myslel jsem, \u017ee nebude tak t\u011b\u017ek\u00e9 p\u0159iv\u00e9st do klubu nejlep\u0161\u00ed mlad\u00e9 hr\u00e1\u010de z okol\u00ed. Jedn\u00edm z prvn\u00edch, kter\u00e9mu jsem volal, byl otec Jamieho Carraghera, proto\u017ee s Jamiem jsem pracoval u\u017e d\u0159\u00edv a v\u011bd\u011bl jsem \u017ee s Evertonem tr\u00e9noval. Dozv\u011bd\u011bl jsem se, \u017ee Jamie opustil Everton t\u0159i t\u00fddny p\u0159ed m\u00fdm p\u0159\u00edchodem a ode\u0161el do Liverpoolu. A co v\u00edc, necht\u011bl se vr\u00e1tit. Trvalo mi asi m\u011bs\u00edc ne\u017e jsem zjistil, \u017ee v\u0161ichni hr\u00e1\u010di, o kter\u00e9 jsem m\u011bl nejv\u011bt\u0161\u00ed z\u00e1jem, u\u017e byli v jin\u00fdch klubech.<\/p>\n<h4><strong>Nejlep\u0161\u00edch moment\u016f&#8230;<\/strong><\/h4>\n<p>za t\u011bch dvacet let je skute\u010dn\u011b hodn\u011b, ale p\u00e1r jich jednozna\u010dn\u011b vy\u010dn\u00edv\u00e1. Vzpom\u00edn\u00e1m, \u017ee asi po roce ve funkci p\u0159ijela FA&#8217;s national school. M\u011bli nejlep\u0161\u00ed hr\u00e1\u010de v zemi, v\u010detn\u011b n\u011bkolika na\u0161ich a jak na\u0161e U15 tak U16 je porazila. V m\u00edstn\u00edch novin\u00e1ch se objevily titulky typu &#8222;Everton porazil Anglii&#8220; a to mi na tv\u00e1\u0159i vykouzlilo velk\u00fd \u00fasm\u011bv.<\/p>\n<p>Zapomenout se ned\u00e1 ani na v\u00fdhru v Milk Cupu v Severn\u00edm Irsku se skupinou mlad\u00ed\u010dk\u016f, kter\u00e9 jsem si vzal na starost. Byli mezi nimi Leon Osman, Tony Hibbert, Francis Jeffers a Kevin McLeod a m\u011bli v sob\u011b n\u011bco odli\u0161n\u00e9ho, kvalitu a odhodl\u00e1n\u00ed usp\u011bt, kter\u00e1 se dala odhalit na prvn\u00ed pohled. Skupinou jsme pro\u0161li celkem pohodln\u011b, ale u\u017e si nedok\u00e1\u017eu vzpomenout, koho jsme vy\u0159adili ve \u010dtvrtfin\u00e1le a semifin\u00e1le. Ve fin\u00e1le jsme narazili na Norwich City, kter\u00fd tr\u00e9noval Martin O&#8217;Neill. Docela rychle jsme prohr\u00e1vali 0-2 a p\u0159esto\u017ee Francis Jeffers t\u011bsn\u011b p\u0159ed p\u0159est\u00e1vkou skv\u011bl\u00fdm g\u00f3lem sn\u00ed\u017eil, neda\u0159ilo se n\u00e1m vyrovnat.<\/p>\n<p>M\u011bli jsme mladi\u010dk\u00e9ho prav\u00e9ho beka jm\u00e9nem John Wright a p\u011bt minut p\u0159ed koncem jsem na n\u011bj zavolal, a\u0165 b\u011b\u017e\u00ed do v\u00e1pna, proto\u017ee jsme kopali rohov\u00fd kop. Musel mi \u0161patn\u011b rozum\u011bt, proto\u017ee jakmile soupe\u0159 odvr\u00e1til nebezpe\u010d\u00ed, on z\u016fstal vp\u0159edu a za\u010dal hr\u00e1t \u00fato\u010dn\u00edka! Pak n\u00e1sledoval centr, m\u00ed\u010d jej trefil a n\u011bj\u00e1k\u00fdm zp\u016fsobem \u0161el do s\u00edt\u011b.<\/p>\n<p>Prodlou\u017een\u00ed nebylo, \u0161lo se rovnou na penalty. Norwich neprom\u011bnil svoji p\u00e1tou a tehdy byla doba, kdy jste st\u0159elce penalt nevyb\u00edrali p\u0159edem. V\u0161ichni kluci a\u017e na jednoho si uv\u011bdomili, co bylo v s\u00e1zce a ud\u011blali dva kroky zp\u00e1tky a v\u0161echno nechali na Georgi Pilkingtonovi, nejmlad\u0161\u00edm z cel\u00e9 skupiny. Vzal m\u00ed\u010d, polo\u017eil ho na zna\u010dku a s p\u0159ehledem prom\u011bnil. Nikdy nezapomenu na radost, kterou ten kop p\u0159inesl, nejen hr\u00e1\u010d\u016fm a jejich rodi\u010d\u016fm, ale i m\u011b jako tren\u00e9rovi.<\/p>\n<p>Dal\u0161\u00edm skv\u011bl\u00fdm momentem mus\u00ed b\u00fdt v\u00fdhra FA Youth Cupu v roce 1998. Byla to fantastick\u00e1 j\u00edzda na horsk\u00e9 dr\u00e1ze. Kuri\u00f3zn\u011b, m\u011bli jsme vypadnout u\u017e ve t\u0159et\u00edm kole, kdy hr\u00e1\u010d Blackpoolu zahodil absolutn\u00ed g\u00f3lovku jen p\u00e1r minut p\u0159ed koncem. M\u00edsto toho jsme \u0161li do brejku, dali g\u00f3l a od t\u00e9 doby u\u017e n\u00e1s ne\u0161lo zastavit.<\/p>\n<p>V semifin\u00e1le jsme porazili p\u0159edchoz\u00ed v\u00edt\u011bze, Leeds United, dokonce i p\u0159esto, \u017ee st\u00e1le m\u011bli sedm hr\u00e1\u010d\u016f, kte\u0159\u00ed zv\u00edt\u011bzili p\u0159ed rokem a ve fin\u00e1le jsme nastoupili proti Blackburnu. V prvn\u00edm z\u00e1pase jsme na Ewood Parku vyhr\u00e1li 3-1 a i kdy\u017e se na Goodisonu potom remizovalo 2-2, celkov\u011b to bylo poholdn\u00e9 v\u00edt\u011bzstv\u00ed.<\/p>\n<p>K individu\u00e1ln\u00edm magick\u00fdm okam\u017eik\u016fm; Wayne Rooney a jeho r\u00e1na proti Arsenalu, James Vaughan a jeho g\u00f3l, kter\u00fd z n\u011bj ud\u011blal nejmlad\u0161\u00edho st\u0159elce Premier League, st\u0159eleck\u00e1 j\u00edzda Victora Anichebeho v poh\u00e1ru UEFA p\u0159ed p\u00e1r lety a g\u00f3l Jacka Rodwella proti Manchesteru United minulou sezonu. To v\u0161echno jsou pro m\u011b momenty, kter\u00e9 ani nejdou popsat.<\/p>\n<h4><strong>Hr\u00e1\u010di&#8230;<\/strong><\/h4>\n<p>jsou v\u0161echno, o \u010dem tahle pr\u00e1ce je. Existuje spousta mezn\u00edk\u016f, kter\u00e9 jsem m\u011bl to \u0161t\u011bst\u00ed za\u017e\u00edt znovu a znovu. Kdy\u017e Richard Dunne debutoval, pozval jsem jeho matku a otce do do boxu na stadionu. T\u011bsn\u011b p\u0159ed v\u00fdkopem jsem se rozhl\u00e9dnul a oni kle\u010deli na kolenou a modlili se. Byl to pro m\u011b nedoceniteln\u00fd moment, proto\u017ee jsem hned v\u011bd\u011bl, jak moc to pro n\u011b znamenalo.<\/p>\n<p>O p\u00e1r let pozd\u011bji jsem sed\u011bl s rodi\u010di Wayna Rooneyho a Francise Jefferse v ten ve\u010der, kdy oba debutovali za Anglii v z\u00e1pase proti Austr\u00e1lii. Franny nav\u00edc dal g\u00f3l a sd\u00edlen\u00ed t\u00e9 radosti s nimi, bylo \u00fa\u017easn\u00e9. Podobn\u00fdch p\u0159\u00edb\u011bh\u016f m\u00e1m moc &#8211; a nejsou jen o hr\u00e1\u010d\u00edch, kte\u0159\u00ed se dostali do prvn\u00edho t\u00fdmu Evertonu. Loni jsme se trochu v\u011bnovali statistik\u00e1m a podle na\u0161ich zji\u0161t\u011bn\u00ed na\u0161\u00ed akademi\u00ed pro\u0161lo 49 fotbalist\u016f, hraj\u00edc\u00edch v t\u00e9hle zemi profesion\u00e1ln\u00ed fotbal b\u011bhem dan\u00e9ho v\u00edkendu.<\/p>\n<p>Fotbal samoz\u0159ejm\u011b nen\u00ed exaktn\u00ed v\u011bda a rozezn\u00e1v\u00e1n\u00ed, rekrutov\u00e1n\u00ed mlad\u00edk\u016f a poskytov\u00e1n\u00ed \u0161anc\u00ed v prvn\u00edm t\u00fdmu, tak\u00e9 nen\u00ed exaktn\u00ed v\u011bda. Tak\u017ee jak obt\u00ed\u017en\u00e9 je v\u0161imnout si dev\u00edtilet\u00e9ho kluka a doufat, \u017ee se v budoucnu prosad\u00ed? Popravd\u011b jsem v \u017eivot\u011b vid\u011bl jen jednoho dev\u00edtilet\u00e9ho kluka, u kter\u00e9ho jsem si byl jist\u00fd, \u017ee se prosad\u00ed, a byl to Wayne. Po cel\u00e9 ty roky, kdy byl u n\u00e1s, n\u011bkte\u0159\u00ed \u0159\u00edkali, \u017ee si tak jist\u00ed nebyli, ale j\u00e1 m\u011bl jasno.<\/p>\n<p>Nebudu lh\u00e1t, poka\u017ed\u00e9 to nebyla proch\u00e1zka r\u016f\u017eov\u00fdm sadem. Pro\u0161li jsme si \u010dasy, kdy jste jej uvid\u011bli a nedok\u00e1zali jste pochopit, co je na n\u011bm tak v\u00fdjime\u010dn\u00e9ho. N\u011bkdy byste ale zase odch\u00e1zeli ze z\u00e1pasu a \u0159\u00edkali byste si, \u017ee n\u011bco takov\u00e9ho jste je\u0161t\u011b nikdy nevid\u011bli. J\u00e1 tedy ur\u010dit\u011b ne.<\/p>\n<p>Wayne nebyl \u017e\u00e1dn\u00fd v\u00fdjime\u010dn\u00fd atlet, ale byl to nejtalentovan\u011bj\u0161\u00ed hr\u00e1\u010d, kter\u00e9ho jsem kdy vid\u011bl v ohledu jeho vlivu na hru. Kdy\u017e se vr\u00e1t\u00edm k FA Youth Cupu 2002, to on n\u00e1s ob\u010das s\u00e1m dovedl do dal\u0161\u00edch kol. Od t\u00e9 doby bylo jasn\u00e9, \u017ee v tom progresu bude jen pokra\u010dovat a \u017ee m\u00e1 p\u0159ed sebou obrovskou kari\u00e9ru. P\u0159ijde mi, jako by to bylo v\u010dera, kdy\u017e k n\u00e1m p\u0159i\u0161el.<\/p>\n<p>Vzpom\u00edn\u00e1m, jak mi Bob Pendleton, d\u00edky kter\u00e9mu se n\u00e1m ho poda\u0159ilo z\u00edskat, vypr\u00e1v\u011bl o chlapci, kter\u00fd hr\u00e1l Walton and Kirkdale league. Jednoho dne jsem se tedy na n\u011bj za\u0161el pod\u00edvat. Waynovi bylo tehdy sedm nebo osm, ale u\u017e hr\u00e1l za star\u0161\u00ed, mysl\u00edm, \u017ee ostatn\u00edm kluk\u016fm mohlo b\u00fdt kolem jeden\u00e1cti. \u017d\u00e1dn\u00e9 chlapce jsme nemohli podepisovat do jejich dev\u00edti let, ale jakmile Wayne oslavil pr\u00e1v\u011b dev\u011bt, jej a jeho otce jsme pozvali. P\u0159inesli jsme Waynovi \u010daj a \u0161\u00e1lek se mu nervozitou \u00fapln\u011b t\u0159\u00e1sl v rukou, proto\u017ee p\u0159\u00edchod do Evertonu bylo v\u0161echno, co Wayne a jeho otec v\u017edycky cht\u011bli.<\/p>\n<p>Tehdy byl mana\u017eerem Joe Royle a j\u00e1 ho zavolal, a\u0165 Wayna p\u0159ijde pozdravit. Nakouknul dovnit\u0159 a zeptal se,\u00a0<em>\u201eKde bydl\u00ed\u0161 synku?\u201c<\/em>\u00a0Wayne strnul p\u0159ed samotn\u00fdm mana\u017eerem Evertonu v \u00fa\u017easu a hodn\u011b ost\u00fdchav\u011b zamumlal, \u017ee je kluk z Croxtethu. No a Joe myslel, \u017ee \u0159ekl Toxteth a okam\u017eit\u011b odpov\u011bd\u011bl,<em>\u00a0\u201eNo, bude\u0161 bez probl\u00e9m\u016f, pokud jsi tak dobr\u00fd, jako ten druh\u00fd kluk, kter\u00fd p\u0159e\u0161el k Liverpoolu,\u201c<\/em>\u00a0maj\u00edc na mysli samoz\u0159ejm\u011b Robbieho Fowlera.<\/p>\n<p>Obecn\u011b jsem toho n\u00e1zoru, \u017ee pokud m\u00e1 chlapec p\u0159ed sebou jistotu, \u017ee se prosad\u00ed, v\u0161imnete si toho okolo 11 nebo 12 let. Pracoval jsem s p\u011bti nebo \u0161esti kluky z t\u00e9hle kategorie a nechyb\u011bli v n\u00ed t\u0159eba Francis Jeffers, Michael Ball a Jack Rodwell.<\/p>\n<p>Pak m\u00e1te kluky, u kter\u00fdch v\u00edte, \u017ee maj\u00ed opravdu velkou \u0161anci, ale a\u0165 u\u017e z jak\u00e9hokoliv d\u016fvodu, u nich m\u00e1te pochybnosti. Takov\u00fdm klasick\u00fdm p\u0159\u00edkladem byl Leon Osman. M\u011bl ten nejdokonalej\u0161\u00ed talent a ved\u011bli jsme, \u017ee mu nechyb\u011bla skv\u011bl\u00e1 technika, ale d\u011blali jsme si starosti, jestli byl dost velk\u00fd a siln\u00fd, aby splnil fyzick\u00e9 po\u017eadavky hry.<\/p>\n<p>Victor Anichebe, James Vaughan a Danny Cadamarteri byli fantasti\u010dt\u00ed atleti, u kter\u00fdch jsme mohli pracovat na \u0161ir\u0161\u00ed str\u00e1nce schopnost\u00ed a i dnes se setk\u00e1v\u00e1me s kluky, kte\u0159\u00ed nejsou \u00fapln\u011b na \u0161pici svoj\u00ed skupiny, ale p\u0159ekvap\u00ed a prosad\u00ed se. Nejlep\u0161\u00edm takov\u00fdm p\u0159\u00edkladem je Tony Hibbert. V\u00edm, \u017ee by mu nevadilo, kdy\u017e v\u00e1m \u0159eknu, \u017ee nebyl v nejlep\u0161\u00ed \u010dty\u0159ce nebo p\u011btici jeho v\u011bkov\u00e9 skupiny. Tony m\u011bl ale tu vnit\u0159n\u00ed s\u00edlu, kter\u00e1 je j\u00e1drem mnoha Scouser\u016f. Prost\u011b makal a makal, v\u0161echny p\u0159edb\u011bhl a nyn\u00ed m\u00e1 za sebou v\u00edce z\u00e1pas\u016f za Everton v Premier League ne\u017e kter\u00fdkoliv jin\u00fd hr\u00e1\u010d, kter\u00fd za m\u00e9ho p\u016fsoben\u00ed z na\u0161\u00ed akademie vy\u0161el.<\/p>\n<p>Jestli tu byli n\u011bkte\u0159\u00ed, co uprchli? Nev\u00edm, jestli je to spr\u00e1vn\u00fd v\u00fdraz, ale nebudu zakr\u00fdvat fakt, \u017ee za prvn\u00ed t\u00fdm nyn\u00ed hraj\u00ed dva hr\u00e1\u010di, kter\u00e9 jsme d\u0159\u00edve propustili. Byla chyba Leightona Bainese a Phila Jagielku pustit? Nejsem si jist\u00fd, proto\u017ee mysl\u00edm \u017ee by oba souhlasili s t\u00edm, \u017ee opu\u0161t\u011bn\u00edm Evertonu se jejich kari\u00e9ry pos\u00edlily.<\/p>\n<p>U Phila je to obt\u00ed\u017en\u011bj\u0161\u00ed, proto\u017ee u n\u00e1s byl z\u00e1lo\u017en\u00edk, ale Leighton byl lev\u00fd bek a p\u0159ed n\u00edm bylo n\u011bkolik dal\u0161\u00edch a mysleli jsme, \u017ee m\u011bl minim\u00e1ln\u00ed \u0161anci se prosadit. To se ale st\u00e1v\u00e1 a m\u00e1m radost, \u017ee si oba nakonec ud\u011blali jm\u00e9no pr\u00e1v\u011b v Evertonu, tak jsme p\u016fvodn\u011b doufali. Rozhodnut\u00ed d\u011bl\u00e1te na z\u00e1klad\u011b mnoha d\u016fvod\u016f a douf\u00e1m, \u017ee a\u017e budou jednoho dne lid\u00e9 soudit mn\u011b, budou klady p\u0159eva\u017eovat.<\/p>\n<h4><strong>Zm\u011bny&#8230;<\/strong><\/h4>\n<p>b\u011bhem t\u011bch dvaceti let \u0159\u00edkaj\u00ed hodn\u011b o tom, jak se fotbal vyv\u00edj\u00ed. Kdy\u017e jsem za\u010d\u00ednal, m\u011bli jsme \u00fa\u0159edn\u00edka, kter\u00fd p\u0159ich\u00e1zel dv\u011b nebo t\u0159i odpoledne t\u00fddn\u011b, tren\u00e9ra ml\u00e1de\u017ee Jima Barrona, kter\u00fd pro n\u00e1s st\u00e1le pracuje jako skaut, \u010dty\u0159i lok\u00e1ln\u00ed skauty a dva nebo t\u0159i pracuj\u00edc\u00ed pro n\u00e1s po cel\u00e9 Brit\u00e1nii. Dnes m\u00e1me 30 zam\u011bstnanc\u016f na pln\u00fd \u00favazek a 150 lid\u00ed, kte\u0159\u00ed pro n\u00e1s pracuj\u00ed \u010d\u00e1ste\u010dn\u011b.<\/p>\n<p>Moje pozice reagovala na zm\u011bny v celon\u00e1rodn\u00edm ml\u00e1de\u017enick\u00e9m fotbalu r\u016fzn\u00fdmi zp\u016fsoby, ale jak jsem \u0159ekl d\u0159\u00edve, moje c\u00edle se nikdy nezm\u011bnily. P\u0159\u00e1l bych si, abych dostal libru za ka\u017ed\u00fd moment, kdy se m\u011b n\u011bkdo zeptal, pro\u010d jsme si nezajistili takov\u00e9 hr\u00e1\u010de jako Michael Owen, Steve McManaman, Robbie Fowler, David Thompson a Jamie Carragher, v\u0161ichni Evertonians. Odpov\u011bd z\u016fst\u00e1v\u00e1 nev\u00edm. To, co jsem musel ud\u011blat, bylo sna\u017eit se obr\u00e1tit ten trend talentovan\u00fdch hr\u00e1\u010d\u016f m\u00ed\u0159\u00edc\u00edch na druhou stranu Stanley Parku a te\u010f u\u017e takov\u00e9 ot\u00e1zky v\u016fbec nedost\u00e1v\u00e1m.<\/p>\n<p>P\u0159esun do na\u0161\u00ed vlastn\u00ed z\u00e1kladny v Nethertonu byl samoz\u0159ejm\u011b velk\u00fd krok. T\u011bsn\u011b p\u0159edt\u00edm, ne\u017e se Howard Kendall stal pot\u0159et\u00ed mana\u017eerem, jsem \u0161el na sch\u016fzku s chairmanem, Peterem Johnsonem a ptal jsem se ho, zda bychom nemohli nab\u00eddnout v\u00edce stability a kontinuity na\u0161emu ml\u00e1de\u017enick\u00e9mu syst\u00e9mu. Poka\u017ed\u00e9, kdy\u017e se m\u011bnil mana\u017eer, tak si, celkem spr\u00e1vn\u011b, p\u0159ivedl sv\u016fj vlastn\u00ed person\u00e1l. M\u011b ned\u00e1valo smysl, aby se takov\u00e9 zm\u011bny dot\u00fdkaly i mlad\u00fdch hr\u00e1\u010d\u016f.<\/p>\n<p>Nov\u011bj\u0161\u00ed zm\u011bna je spojen\u00ed st\u0159ediska znovu s prvn\u00edm t\u00fdmem, a to na Finch Farm. Byl to obrovsk\u00fd krok dop\u0159edu, proto\u017ee st\u00e1le m\u00e1me Akademii, kterou n\u00e1m dal Netherton, ale v\u0161ichni jsme te\u010f na jednom m\u00edst\u011b a pro mlad\u00e9 hr\u00e1\u010de znamen\u00e1 stra\u0161n\u011b moc, kdy\u017e mohou ka\u017ed\u00fd den sledovat prvn\u00edm t\u00fdm a mana\u017eera p\u0159i tr\u00e9ninku.<\/p>\n<p>Kdy\u017e jsem za\u010dal, nemohli jsme podepisovat hr\u00e1\u010de na \u0161kol\u00e1ck\u00e9 b\u00e1zi, dokud jim nebylo 14. Dnes registrujeme chlapce v osmi a dokonce s n\u00e1mi tr\u00e9nuji \u0161estilet\u00ed nebo sedmilet\u00ed kluci.<\/p>\n<p>Po m\u00e9m p\u0159\u00edchodu jsme hr\u00e1li Lancashire League, co\u017e pravd\u011bpodobn\u011b hr\u00e1\u010de zocelilo, dnes ale neexistuj\u00ed \u017e\u00e1dn\u00e9 ligov\u00e9 sout\u011b\u017ee pod 18 let. D\u016fraz je kladen \u010dist\u011b na rozvoj. Hrajeme osm proti osmi ve v\u011bkov\u00fdch skupin\u00e1ch od 9 do 11 let, co\u017e by bylo p\u0159ed deseti lety nesl\u00fdchan\u00e9 a jsou tu pl\u00e1ny jak zm\u011bnit z\u00e1pasy skupin U6, U7 a U8 na \u010dty\u0159i proti \u010dty\u0159em s d\u016frazem na \u010dast\u011bj\u0161\u00ed styk s m\u00ed\u010dem.<\/p>\n<p>N\u011bkte\u0159\u00ed lid\u00e9 mohou argumentovat t\u00edm, \u017ee \u00farove\u0148 hr\u00e1\u010d\u016f se po cel\u00e9 zemi od za\u010d\u00e1tku 90. let nezm\u011bnila, ale s t\u00edm tolik nesouhlas\u00edm. Rozum\u00edm podkladu, na kter\u00e9m tyto koment\u00e1\u0159e stoj\u00ed, ale vyn\u00e1\u0161en\u00ed soud\u016f o modern\u00edm ml\u00e1de\u017enick\u00e9m fotbalu, by m\u011blo p\u0159ij\u00edt na \u0159adu a\u017e za t\u0159i nebo \u010dty\u0159i roky.<\/p>\n<p>V Evertonu jsme teprve za\u010dali registrovat v\u00fdsledky zm\u011bn, kter\u00e9 jsme u\u010dinili, proto\u017ee prvn\u00ed kluci, kte\u0159\u00ed u n\u00e1s za\u010dali v U6 a U7 &#8211; kluci, kte\u0159\u00ed pro\u0161li pln\u00fdmi dvan\u00e1cti roky programu &#8211; jsou teprve v generaci Jacka Rodwella a bude zaj\u00edmav\u00e9 sledovat, kolik dal\u0161\u00edch kluk\u016f za n\u00edm se b\u011bhem nejbli\u017e\u0161\u00edch let dok\u00e1\u017ee probojovat do prvn\u00edho t\u00fdmu.<\/p>\n<p>Jsem nesm\u00edrn\u011b hrd\u00fd na to, \u017ee jsme uzn\u00e1v\u00e1ni jako akademie s dobrou a pravidelnou produkc\u00ed mlad\u00fdch hr\u00e1\u010d\u016f, ale nikdy to nen\u00ed o mn\u011b &#8211; je to o tomto fotbalov\u00e9m klubu. A\u017e nadejde \u010das m\u00e9ho odchodu do \u00fastran\u00ed, budu v\u011bd\u011bt, \u017ee tato pr\u00e1ce byla m\u016fj \u017eivot. Everton a moje rodina jsou d\u016fvody, d\u00edky kter\u00fdm se ka\u017ed\u00e9 r\u00e1no vypl\u00e1c\u00ed probouzet se do nov\u00e9ho dne. Nejsme arogantn\u00ed a nikdy se neveleb\u00edme v \u00fasp\u011bchu, kter\u00fd skl\u00edz\u00edme. Ale je hezk\u00e9 vid\u011bt \u017ee dnes, po dvaceti letech, st\u00e1le kr\u00e1\u010d\u00edme spr\u00e1vn\u00fdm sm\u011brem.<\/p>\n","protected":false},"excerpt":{"rendered":"<p>Pr\u00e1v\u011b v t\u011bchto dnech je tomu rovn\u00fdch dvacet let od doby, co Ray Hall p\u0159evzal nadvl\u00e1du nad \u0159\u00edzen\u00edm klubov\u00e9ho ml\u00e1de\u017enick\u00e9ho&hellip;<\/p>\n","protected":false},"author":7,"featured_media":1312,"comment_status":"open","ping_status":"closed","sticky":false,"template":"","format":"standard","meta":{"_eb_attr":"","_monsterinsights_skip_tracking":false,"_monsterinsights_sitenote_active":false,"_monsterinsights_sitenote_note":"","_monsterinsights_sitenote_category":0,"footnotes":""},"categories":[1],"tags":[],"yoast_head":"<!-- This site is optimized with the Yoast SEO plugin v23.4 - https:\/\/yoast.com\/wordpress\/plugins\/seo\/ -->\n<title>Dvacet let hled\u00e1n\u00ed talent\u016f - Official Czech &amp; Slovak Everton Supporters&#039; Club<\/title>\n<meta name=\"robots\" content=\"index, follow, max-snippet:-1, max-image-preview:large, max-video-preview:-1\" \/>\n<link rel=\"canonical\" href=\"https:\/\/evertonfc.cz\/index.php\/2011\/03\/16\/dvacet-let-hledani-talentu\/\" \/>\n<meta property=\"og:locale\" content=\"cs_CZ\" \/>\n<meta property=\"og:type\" content=\"article\" \/>\n<meta property=\"og:title\" content=\"Dvacet let hled\u00e1n\u00ed talent\u016f - Official Czech &amp; Slovak Everton Supporters&#039; Club\" \/>\n<meta property=\"og:description\" content=\"Pr\u00e1v\u011b v t\u011bchto dnech je tomu rovn\u00fdch dvacet let od doby, co Ray Hall p\u0159evzal nadvl\u00e1du nad \u0159\u00edzen\u00edm klubov\u00e9ho ml\u00e1de\u017enick\u00e9ho&hellip;\" \/>\n<meta property=\"og:url\" content=\"https:\/\/evertonfc.cz\/index.php\/2011\/03\/16\/dvacet-let-hledani-talentu\/\" \/>\n<meta property=\"og:site_name\" content=\"Official Czech &amp; Slovak Everton Supporters&#039; Club\" \/>\n<meta property=\"article:publisher\" content=\"https:\/\/www.facebook.com\/everton.fans.cz.sk\" \/>\n<meta property=\"article:published_time\" content=\"2011-03-16T19:44:17+00:00\" \/>\n<meta property=\"article:modified_time\" content=\"2019-02-12T19:47:38+00:00\" \/>\n<meta property=\"og:image\" content=\"https:\/\/evertonfc.cz\/wp-content\/uploads\/2019\/01\/interview.jpg\" \/>\n\t<meta property=\"og:image:width\" content=\"720\" \/>\n\t<meta property=\"og:image:height\" content=\"405\" \/>\n\t<meta property=\"og:image:type\" content=\"image\/jpeg\" \/>\n<meta name=\"author\" content=\"Me\u0148a\" \/>\n<meta name=\"twitter:card\" content=\"summary_large_image\" \/>\n<meta name=\"twitter:label1\" content=\"Napsal(a)\" \/>\n\t<meta name=\"twitter:data1\" content=\"Me\u0148a\" \/>\n\t<meta name=\"twitter:label2\" content=\"Odhadovan\u00e1 doba \u010dten\u00ed\" \/>\n\t<meta name=\"twitter:data2\" content=\"14 minut\" \/>\n<script type=\"application\/ld+json\" class=\"yoast-schema-graph\">{\"@context\":\"https:\/\/schema.org\",\"@graph\":[{\"@type\":\"Article\",\"@id\":\"https:\/\/evertonfc.cz\/index.php\/2011\/03\/16\/dvacet-let-hledani-talentu\/#article\",\"isPartOf\":{\"@id\":\"https:\/\/evertonfc.cz\/index.php\/2011\/03\/16\/dvacet-let-hledani-talentu\/\"},\"author\":{\"name\":\"Me\u0148a\",\"@id\":\"https:\/\/evertonfc.cz\/#\/schema\/person\/cd6328a75577de2add7793fd4b0930c3\"},\"headline\":\"Dvacet let hled\u00e1n\u00ed talent\u016f\",\"datePublished\":\"2011-03-16T19:44:17+00:00\",\"dateModified\":\"2019-02-12T19:47:38+00:00\",\"mainEntityOfPage\":{\"@id\":\"https:\/\/evertonfc.cz\/index.php\/2011\/03\/16\/dvacet-let-hledani-talentu\/\"},\"wordCount\":2900,\"commentCount\":0,\"publisher\":{\"@id\":\"https:\/\/evertonfc.cz\/#organization\"},\"image\":{\"@id\":\"https:\/\/evertonfc.cz\/index.php\/2011\/03\/16\/dvacet-let-hledani-talentu\/#primaryimage\"},\"thumbnailUrl\":\"https:\/\/evertonfc.cz\/wp-content\/uploads\/2019\/01\/interview.jpg\",\"articleSection\":[\"Rozhovory\"],\"inLanguage\":\"cs\",\"potentialAction\":[{\"@type\":\"CommentAction\",\"name\":\"Comment\",\"target\":[\"https:\/\/evertonfc.cz\/index.php\/2011\/03\/16\/dvacet-let-hledani-talentu\/#respond\"]}]},{\"@type\":\"WebPage\",\"@id\":\"https:\/\/evertonfc.cz\/index.php\/2011\/03\/16\/dvacet-let-hledani-talentu\/\",\"url\":\"https:\/\/evertonfc.cz\/index.php\/2011\/03\/16\/dvacet-let-hledani-talentu\/\",\"name\":\"Dvacet let hled\u00e1n\u00ed talent\u016f - Official Czech &amp; Slovak Everton Supporters&#039; Club\",\"isPartOf\":{\"@id\":\"https:\/\/evertonfc.cz\/#website\"},\"primaryImageOfPage\":{\"@id\":\"https:\/\/evertonfc.cz\/index.php\/2011\/03\/16\/dvacet-let-hledani-talentu\/#primaryimage\"},\"image\":{\"@id\":\"https:\/\/evertonfc.cz\/index.php\/2011\/03\/16\/dvacet-let-hledani-talentu\/#primaryimage\"},\"thumbnailUrl\":\"https:\/\/evertonfc.cz\/wp-content\/uploads\/2019\/01\/interview.jpg\",\"datePublished\":\"2011-03-16T19:44:17+00:00\",\"dateModified\":\"2019-02-12T19:47:38+00:00\",\"breadcrumb\":{\"@id\":\"https:\/\/evertonfc.cz\/index.php\/2011\/03\/16\/dvacet-let-hledani-talentu\/#breadcrumb\"},\"inLanguage\":\"cs\",\"potentialAction\":[{\"@type\":\"ReadAction\",\"target\":[\"https:\/\/evertonfc.cz\/index.php\/2011\/03\/16\/dvacet-let-hledani-talentu\/\"]}]},{\"@type\":\"ImageObject\",\"inLanguage\":\"cs\",\"@id\":\"https:\/\/evertonfc.cz\/index.php\/2011\/03\/16\/dvacet-let-hledani-talentu\/#primaryimage\",\"url\":\"https:\/\/evertonfc.cz\/wp-content\/uploads\/2019\/01\/interview.jpg\",\"contentUrl\":\"https:\/\/evertonfc.cz\/wp-content\/uploads\/2019\/01\/interview.jpg\",\"width\":720,\"height\":405},{\"@type\":\"BreadcrumbList\",\"@id\":\"https:\/\/evertonfc.cz\/index.php\/2011\/03\/16\/dvacet-let-hledani-talentu\/#breadcrumb\",\"itemListElement\":[{\"@type\":\"ListItem\",\"position\":1,\"name\":\"Home\",\"item\":\"https:\/\/evertonfc.cz\/\"},{\"@type\":\"ListItem\",\"position\":2,\"name\":\"Dvacet let hled\u00e1n\u00ed talent\u016f\"}]},{\"@type\":\"WebSite\",\"@id\":\"https:\/\/evertonfc.cz\/#website\",\"url\":\"https:\/\/evertonfc.cz\/\",\"name\":\"Official Czech &amp; Slovak Everton Supporters&#039; Club\",\"description\":\"\",\"publisher\":{\"@id\":\"https:\/\/evertonfc.cz\/#organization\"},\"potentialAction\":[{\"@type\":\"SearchAction\",\"target\":{\"@type\":\"EntryPoint\",\"urlTemplate\":\"https:\/\/evertonfc.cz\/?s={search_term_string}\"},\"query-input\":{\"@type\":\"PropertyValueSpecification\",\"valueRequired\":true,\"valueName\":\"search_term_string\"}}],\"inLanguage\":\"cs\"},{\"@type\":\"Organization\",\"@id\":\"https:\/\/evertonfc.cz\/#organization\",\"name\":\"Official Czech & Slovak Everton Supporters' Club\",\"url\":\"https:\/\/evertonfc.cz\/\",\"logo\":{\"@type\":\"ImageObject\",\"inLanguage\":\"cs\",\"@id\":\"https:\/\/evertonfc.cz\/#\/schema\/logo\/image\/\",\"url\":\"https:\/\/evertonfc.cz\/wp-content\/uploads\/2019\/05\/logo.png\",\"contentUrl\":\"https:\/\/evertonfc.cz\/wp-content\/uploads\/2019\/05\/logo.png\",\"width\":112,\"height\":112,\"caption\":\"Official Czech & Slovak Everton Supporters' Club\"},\"image\":{\"@id\":\"https:\/\/evertonfc.cz\/#\/schema\/logo\/image\/\"},\"sameAs\":[\"https:\/\/www.facebook.com\/everton.fans.cz.sk\"]},{\"@type\":\"Person\",\"@id\":\"https:\/\/evertonfc.cz\/#\/schema\/person\/cd6328a75577de2add7793fd4b0930c3\",\"name\":\"Me\u0148a\",\"url\":\"https:\/\/evertonfc.cz\/index.php\/author\/mena\/\"}]}<\/script>\n<!-- \/ Yoast SEO plugin. -->","yoast_head_json":{"title":"Dvacet let hled\u00e1n\u00ed talent\u016f - Official Czech &amp; Slovak Everton Supporters&#039; Club","robots":{"index":"index","follow":"follow","max-snippet":"max-snippet:-1","max-image-preview":"max-image-preview:large","max-video-preview":"max-video-preview:-1"},"canonical":"https:\/\/evertonfc.cz\/index.php\/2011\/03\/16\/dvacet-let-hledani-talentu\/","og_locale":"cs_CZ","og_type":"article","og_title":"Dvacet let hled\u00e1n\u00ed talent\u016f - Official Czech &amp; Slovak Everton Supporters&#039; Club","og_description":"Pr\u00e1v\u011b v t\u011bchto dnech je tomu rovn\u00fdch dvacet let od doby, co Ray Hall p\u0159evzal nadvl\u00e1du nad \u0159\u00edzen\u00edm klubov\u00e9ho ml\u00e1de\u017enick\u00e9ho&hellip;","og_url":"https:\/\/evertonfc.cz\/index.php\/2011\/03\/16\/dvacet-let-hledani-talentu\/","og_site_name":"Official Czech &amp; Slovak Everton Supporters&#039; Club","article_publisher":"https:\/\/www.facebook.com\/everton.fans.cz.sk","article_published_time":"2011-03-16T19:44:17+00:00","article_modified_time":"2019-02-12T19:47:38+00:00","og_image":[{"width":720,"height":405,"url":"https:\/\/evertonfc.cz\/wp-content\/uploads\/2019\/01\/interview.jpg","type":"image\/jpeg"}],"author":"Me\u0148a","twitter_card":"summary_large_image","twitter_misc":{"Napsal(a)":"Me\u0148a","Odhadovan\u00e1 doba \u010dten\u00ed":"14 minut"},"schema":{"@context":"https:\/\/schema.org","@graph":[{"@type":"Article","@id":"https:\/\/evertonfc.cz\/index.php\/2011\/03\/16\/dvacet-let-hledani-talentu\/#article","isPartOf":{"@id":"https:\/\/evertonfc.cz\/index.php\/2011\/03\/16\/dvacet-let-hledani-talentu\/"},"author":{"name":"Me\u0148a","@id":"https:\/\/evertonfc.cz\/#\/schema\/person\/cd6328a75577de2add7793fd4b0930c3"},"headline":"Dvacet let hled\u00e1n\u00ed talent\u016f","datePublished":"2011-03-16T19:44:17+00:00","dateModified":"2019-02-12T19:47:38+00:00","mainEntityOfPage":{"@id":"https:\/\/evertonfc.cz\/index.php\/2011\/03\/16\/dvacet-let-hledani-talentu\/"},"wordCount":2900,"commentCount":0,"publisher":{"@id":"https:\/\/evertonfc.cz\/#organization"},"image":{"@id":"https:\/\/evertonfc.cz\/index.php\/2011\/03\/16\/dvacet-let-hledani-talentu\/#primaryimage"},"thumbnailUrl":"https:\/\/evertonfc.cz\/wp-content\/uploads\/2019\/01\/interview.jpg","articleSection":["Rozhovory"],"inLanguage":"cs","potentialAction":[{"@type":"CommentAction","name":"Comment","target":["https:\/\/evertonfc.cz\/index.php\/2011\/03\/16\/dvacet-let-hledani-talentu\/#respond"]}]},{"@type":"WebPage","@id":"https:\/\/evertonfc.cz\/index.php\/2011\/03\/16\/dvacet-let-hledani-talentu\/","url":"https:\/\/evertonfc.cz\/index.php\/2011\/03\/16\/dvacet-let-hledani-talentu\/","name":"Dvacet let hled\u00e1n\u00ed talent\u016f - Official Czech &amp; Slovak Everton Supporters&#039; Club","isPartOf":{"@id":"https:\/\/evertonfc.cz\/#website"},"primaryImageOfPage":{"@id":"https:\/\/evertonfc.cz\/index.php\/2011\/03\/16\/dvacet-let-hledani-talentu\/#primaryimage"},"image":{"@id":"https:\/\/evertonfc.cz\/index.php\/2011\/03\/16\/dvacet-let-hledani-talentu\/#primaryimage"},"thumbnailUrl":"https:\/\/evertonfc.cz\/wp-content\/uploads\/2019\/01\/interview.jpg","datePublished":"2011-03-16T19:44:17+00:00","dateModified":"2019-02-12T19:47:38+00:00","breadcrumb":{"@id":"https:\/\/evertonfc.cz\/index.php\/2011\/03\/16\/dvacet-let-hledani-talentu\/#breadcrumb"},"inLanguage":"cs","potentialAction":[{"@type":"ReadAction","target":["https:\/\/evertonfc.cz\/index.php\/2011\/03\/16\/dvacet-let-hledani-talentu\/"]}]},{"@type":"ImageObject","inLanguage":"cs","@id":"https:\/\/evertonfc.cz\/index.php\/2011\/03\/16\/dvacet-let-hledani-talentu\/#primaryimage","url":"https:\/\/evertonfc.cz\/wp-content\/uploads\/2019\/01\/interview.jpg","contentUrl":"https:\/\/evertonfc.cz\/wp-content\/uploads\/2019\/01\/interview.jpg","width":720,"height":405},{"@type":"BreadcrumbList","@id":"https:\/\/evertonfc.cz\/index.php\/2011\/03\/16\/dvacet-let-hledani-talentu\/#breadcrumb","itemListElement":[{"@type":"ListItem","position":1,"name":"Home","item":"https:\/\/evertonfc.cz\/"},{"@type":"ListItem","position":2,"name":"Dvacet let hled\u00e1n\u00ed talent\u016f"}]},{"@type":"WebSite","@id":"https:\/\/evertonfc.cz\/#website","url":"https:\/\/evertonfc.cz\/","name":"Official Czech &amp; Slovak Everton Supporters&#039; Club","description":"","publisher":{"@id":"https:\/\/evertonfc.cz\/#organization"},"potentialAction":[{"@type":"SearchAction","target":{"@type":"EntryPoint","urlTemplate":"https:\/\/evertonfc.cz\/?s={search_term_string}"},"query-input":{"@type":"PropertyValueSpecification","valueRequired":true,"valueName":"search_term_string"}}],"inLanguage":"cs"},{"@type":"Organization","@id":"https:\/\/evertonfc.cz\/#organization","name":"Official Czech & Slovak Everton Supporters' Club","url":"https:\/\/evertonfc.cz\/","logo":{"@type":"ImageObject","inLanguage":"cs","@id":"https:\/\/evertonfc.cz\/#\/schema\/logo\/image\/","url":"https:\/\/evertonfc.cz\/wp-content\/uploads\/2019\/05\/logo.png","contentUrl":"https:\/\/evertonfc.cz\/wp-content\/uploads\/2019\/05\/logo.png","width":112,"height":112,"caption":"Official Czech & Slovak Everton Supporters' Club"},"image":{"@id":"https:\/\/evertonfc.cz\/#\/schema\/logo\/image\/"},"sameAs":["https:\/\/www.facebook.com\/everton.fans.cz.sk"]},{"@type":"Person","@id":"https:\/\/evertonfc.cz\/#\/schema\/person\/cd6328a75577de2add7793fd4b0930c3","name":"Me\u0148a","url":"https:\/\/evertonfc.cz\/index.php\/author\/mena\/"}]}},"_links":{"self":[{"href":"https:\/\/evertonfc.cz\/index.php\/wp-json\/wp\/v2\/posts\/4115"}],"collection":[{"href":"https:\/\/evertonfc.cz\/index.php\/wp-json\/wp\/v2\/posts"}],"about":[{"href":"https:\/\/evertonfc.cz\/index.php\/wp-json\/wp\/v2\/types\/post"}],"author":[{"embeddable":true,"href":"https:\/\/evertonfc.cz\/index.php\/wp-json\/wp\/v2\/users\/7"}],"replies":[{"embeddable":true,"href":"https:\/\/evertonfc.cz\/index.php\/wp-json\/wp\/v2\/comments?post=4115"}],"version-history":[{"count":1,"href":"https:\/\/evertonfc.cz\/index.php\/wp-json\/wp\/v2\/posts\/4115\/revisions"}],"predecessor-version":[{"id":4120,"href":"https:\/\/evertonfc.cz\/index.php\/wp-json\/wp\/v2\/posts\/4115\/revisions\/4120"}],"wp:featuredmedia":[{"embeddable":true,"href":"https:\/\/evertonfc.cz\/index.php\/wp-json\/wp\/v2\/media\/1312"}],"wp:attachment":[{"href":"https:\/\/evertonfc.cz\/index.php\/wp-json\/wp\/v2\/media?parent=4115"}],"wp:term":[{"taxonomy":"category","embeddable":true,"href":"https:\/\/evertonfc.cz\/index.php\/wp-json\/wp\/v2\/categories?post=4115"},{"taxonomy":"post_tag","embeddable":true,"href":"https:\/\/evertonfc.cz\/index.php\/wp-json\/wp\/v2\/tags?post=4115"}],"curies":[{"name":"wp","href":"https:\/\/api.w.org\/{rel}","templated":true}]}}