{"id":4117,"date":"2015-10-03T20:46:06","date_gmt":"2015-10-03T18:46:06","guid":{"rendered":"http:\/\/evertonfc.cz\/?p=4117"},"modified":"2019-02-12T23:03:04","modified_gmt":"2019-02-12T22:03:04","slug":"preview-everton-liverpool-4","status":"publish","type":"post","link":"https:\/\/evertonfc.cz\/index.php\/2015\/10\/03\/preview-everton-liverpool-4\/","title":{"rendered":"Preview: Everton &#8211; Liverpool"},"content":{"rendered":"<h4 id=\"NewsPostDetailSummary\"><em>\u201eHe was born in Liverpool, raised in Liverpool, lives in Liverpool and of course he supports&#8230; Everton.\u201c\u00a0\u00a0<\/em>Eric Idle n\u00e1s uvedl do dal\u0161\u00edho Merseyside derby.<\/h4>\n<div id=\"NewsPostDetailContent\">\n<p>Everton hraje derby doma, je v tabulce nad sv\u00fdm m\u011bstsk\u00fdm rivalem a psychicky je na tom v\u00fdrazn\u011b l\u00e9pe. Liverpoolu to v posledn\u00ed dob\u011b moc nejde, obl\u00edbil si v\u00fdsledek 1:1 a jeho majitel\u00e9 u\u017e jednaj\u00ed za z\u00e1dy Rodgerse o jeho n\u00e1stupci (Klopp se vyj\u00e1d\u0159il, \u017ee pokud by m\u011bl posledn\u00ed slovo ohledn\u011b p\u0159estup\u016f, tak by to vzal). Mana\u017ee\u0159i se na p\u0159edz\u00e1pasov\u00fdch tiskov\u00fdch konferenc\u00edch shodli, \u017ee favoritem jsou host\u00e9&#8230;<\/p>\n<p>Logika v\u011bci by tedy velela napsat, \u017ee t\u00fdm Evertonu je favorit. Ale v derby jde aktu\u00e1ln\u00ed forma stranou a vyhr\u00e1v\u00e1 t\u00fdm, kter\u00e9mu ten z\u00e1pas v\u00edce vyjde.<\/p>\n<p>Notoricky zn\u00e1mou historku o vzniku RS nebudu sem ps\u00e1t, nen\u00ed pro\u010d. Rad\u011bji se zam\u011b\u0159\u00edm na jejich sou\u010dasnou sez\u00f3nu. Po odchodu Gerrarda do MLS se hlavn\u00ed posilou stal Benteke, ale zrovna nad jeho startem z\u00edtra vis\u00ed otazn\u00edk. Dal\u0161\u00edmi posilami jsou prav\u00fd obr\u00e1ce Clyne, lev\u00fd obr\u00e1nce Gomez a za velk\u00e9 pen\u00edze p\u0159i\u0161el z Hoffenheimu \u00fato\u010dn\u00edk \u010di \u00fato\u010dn\u00fd z\u00e1lo\u017en\u00edk Firmino. Toho ale z\u00edtra, stejn\u011b jako Hendersona, nepust\u00ed na h\u0159i\u0161t\u011b zran\u011bn\u00ed. Zp\u011bt k sez\u00f3n\u011b &#8211; LFC stejn\u011b jako Everton je v osmifin\u00e1le Ligov\u00e9ho poh\u00e1ru. Ale zat\u00edmco p\u0159\u00edpadn\u00e9 vypadnut\u00ed Evertonu na h\u0159i\u0161ti Readingu by zas tak velk\u00e9 p\u0159ekvapen\u00ed nebylo (a nedo\u0161lo k n\u011bmu), tak na Anfield Road se v souboji proti Carlisle, t\u00fdmu ze \u010dtvrt\u00e9 ligy, schylovalo k velk\u00e9 explozi. Na\u0161t\u011bst\u00ed pro na\u0161eho z\u00edt\u0159ej\u0161\u00edho soupe\u0159e t\u00fdm penaltov\u00fd rozst\u0159el zvl\u00e1dl. Jinak by Rodgers asi koukal na derby pouze v televizi.<\/p>\n<p>V lize je Liverpool dev\u00e1t\u00fd a jeho v\u00fdkony jsou kdov\u00edjak\u00e9. V Evropsk\u00e9 lize m\u00e1 po dvou rem\u00edz\u00e1ch 1:1 cel\u00e9 dva body. Tlak na Brendu po takov\u00fdchto v\u00fdsledc\u00edch a \u0161patn\u00fdch v\u00fdkonech pochopiteln\u011b nar\u016fst\u00e1. Jedn\u00edm d\u016fvodem m\u016f\u017ee b\u00fdt experimentov\u00e1n\u00ed se hrou na t\u0159i obr\u00e1nce. Pokud by vzadu nastoupila trojice Emre-\u0160krtel-Sakho, tak bych docela Lukakovi proti t\u00e9hle sestav\u011b v\u011b\u0159il. Je\u0161t\u011b ke zran\u011bn\u00fdm &#8211; chyb\u011bt bude i dvojice Flanagan-Lovren a otazn\u00edk vis\u00ed nad startem Bentekeho. Pokud by nehr\u00e1l, tak ho nahrad\u00ed Ings, jistotou vep\u0159edu je dvojice Coutinho-Sturridge.<\/p>\n<p>U Evertonu jsou novinky, co se t\u00fdk\u00e1 zran\u011bn\u00fdch hr\u00e1\u010d\u016f, tyto: ur\u010dit\u011b nenastoup\u00ed \u010dtve\u0159ice Baines-Besi\u0107-Cleverley-Hibbert a posledn\u00ed z\u00e1pas t\u0159\u00edz\u00e1pasov\u00e9ho trestu si odsed\u00ed Mirallas. Oviedo odehr\u00e1l za jednadvac\u00edtku cel\u00fd z\u00e1pas v pond\u011bl\u00ed a lze ho d\u016fvodn\u011b o\u010dek\u00e1vat na lavi\u010dce. Nejd\u016fle\u017eit\u011bj\u0161\u00ed bude zdrav\u00ed Colemana se Stonesem, o jejich startu se rozhodne p\u0159ed z\u00e1pasem. Pokud by nemohli hr\u00e1t, tak by Stonese zastoupil Mori a Colemana Browning, tedy sestava, kter\u00e1 odehr\u00e1la minul\u00fd z\u00e1pas ve West Bromwichi.<\/p>\n<p><strong>Co:<\/strong> Everton FC &#8211; Liverpool FC, 8. kolo Premier League<br \/>\n<strong>Kdy: <\/strong>4. 10. 2015 od 14:30 SE\u010c<br \/>\n<strong>Kde:<\/strong> Goodison Park, Liverpool (kapacita: 40 157)<br \/>\n<strong>Rozhod\u010d\u00ed:<\/strong> Martin Atkinson<\/p>\n<\/div>\n","protected":false},"excerpt":{"rendered":"<p>\u201eHe was born in Liverpool, raised in Liverpool, lives in Liverpool and of course he supports&#8230; Everton.\u201c\u00a0\u00a0Eric Idle n\u00e1s uvedl&hellip;<\/p>\n","protected":false},"author":12,"featured_media":1314,"comment_status":"open","ping_status":"closed","sticky":false,"template":"","format":"standard","meta":{"_eb_attr":"","_monsterinsights_skip_tracking":false,"_monsterinsights_sitenote_active":false,"_monsterinsights_sitenote_note":"","_monsterinsights_sitenote_category":0,"footnotes":""},"categories":[4],"tags":[],"yoast_head":"<!-- This site is optimized with the Yoast SEO plugin v23.4 - https:\/\/yoast.com\/wordpress\/plugins\/seo\/ -->\n<title>Preview: Everton - Liverpool - Official Czech &amp; Slovak Everton Supporters&#039; Club<\/title>\n<meta name=\"robots\" content=\"index, follow, max-snippet:-1, max-image-preview:large, max-video-preview:-1\" \/>\n<link rel=\"canonical\" href=\"https:\/\/evertonfc.cz\/index.php\/2015\/10\/03\/preview-everton-liverpool-4\/\" \/>\n<meta property=\"og:locale\" content=\"cs_CZ\" \/>\n<meta property=\"og:type\" content=\"article\" \/>\n<meta property=\"og:title\" content=\"Preview: Everton - Liverpool - Official Czech &amp; Slovak Everton Supporters&#039; Club\" \/>\n<meta property=\"og:description\" content=\"\u201eHe was born in Liverpool, raised in Liverpool, lives in Liverpool and of course he supports&#8230; Everton.\u201c\u00a0\u00a0Eric Idle n\u00e1s uvedl&hellip;\" \/>\n<meta property=\"og:url\" content=\"https:\/\/evertonfc.cz\/index.php\/2015\/10\/03\/preview-everton-liverpool-4\/\" \/>\n<meta property=\"og:site_name\" content=\"Official Czech &amp; Slovak Everton Supporters&#039; Club\" \/>\n<meta property=\"article:publisher\" content=\"https:\/\/www.facebook.com\/everton.fans.cz.sk\" \/>\n<meta property=\"article:published_time\" content=\"2015-10-03T18:46:06+00:00\" \/>\n<meta property=\"article:modified_time\" content=\"2019-02-12T22:03:04+00:00\" \/>\n<meta property=\"og:image\" content=\"https:\/\/evertonfc.cz\/wp-content\/uploads\/2019\/01\/preview.jpg\" \/>\n\t<meta property=\"og:image:width\" content=\"720\" \/>\n\t<meta property=\"og:image:height\" content=\"405\" \/>\n\t<meta property=\"og:image:type\" content=\"image\/jpeg\" \/>\n<meta name=\"author\" content=\"Javor\" \/>\n<meta name=\"twitter:card\" content=\"summary_large_image\" \/>\n<meta name=\"twitter:creator\" content=\"@LoudinJan\" \/>\n<meta name=\"twitter:label1\" content=\"Napsal(a)\" \/>\n\t<meta name=\"twitter:data1\" content=\"Javor\" \/>\n\t<meta name=\"twitter:label2\" content=\"Odhadovan\u00e1 doba \u010dten\u00ed\" \/>\n\t<meta name=\"twitter:data2\" content=\"3 minuty\" \/>\n<script type=\"application\/ld+json\" class=\"yoast-schema-graph\">{\"@context\":\"https:\/\/schema.org\",\"@graph\":[{\"@type\":\"Article\",\"@id\":\"https:\/\/evertonfc.cz\/index.php\/2015\/10\/03\/preview-everton-liverpool-4\/#article\",\"isPartOf\":{\"@id\":\"https:\/\/evertonfc.cz\/index.php\/2015\/10\/03\/preview-everton-liverpool-4\/\"},\"author\":{\"name\":\"Javor\",\"@id\":\"https:\/\/evertonfc.cz\/#\/schema\/person\/b30daf6a5852f4811f8207a17ec1bf78\"},\"headline\":\"Preview: Everton &#8211; Liverpool\",\"datePublished\":\"2015-10-03T18:46:06+00:00\",\"dateModified\":\"2019-02-12T22:03:04+00:00\",\"mainEntityOfPage\":{\"@id\":\"https:\/\/evertonfc.cz\/index.php\/2015\/10\/03\/preview-everton-liverpool-4\/\"},\"wordCount\":558,\"commentCount\":0,\"publisher\":{\"@id\":\"https:\/\/evertonfc.cz\/#organization\"},\"image\":{\"@id\":\"https:\/\/evertonfc.cz\/index.php\/2015\/10\/03\/preview-everton-liverpool-4\/#primaryimage\"},\"thumbnailUrl\":\"https:\/\/evertonfc.cz\/wp-content\/uploads\/2019\/01\/preview.jpg\",\"articleSection\":[\"Z\u00e1pasy\"],\"inLanguage\":\"cs\",\"potentialAction\":[{\"@type\":\"CommentAction\",\"name\":\"Comment\",\"target\":[\"https:\/\/evertonfc.cz\/index.php\/2015\/10\/03\/preview-everton-liverpool-4\/#respond\"]}]},{\"@type\":\"WebPage\",\"@id\":\"https:\/\/evertonfc.cz\/index.php\/2015\/10\/03\/preview-everton-liverpool-4\/\",\"url\":\"https:\/\/evertonfc.cz\/index.php\/2015\/10\/03\/preview-everton-liverpool-4\/\",\"name\":\"Preview: Everton - Liverpool - Official Czech &amp; Slovak Everton Supporters&#039; Club\",\"isPartOf\":{\"@id\":\"https:\/\/evertonfc.cz\/#website\"},\"primaryImageOfPage\":{\"@id\":\"https:\/\/evertonfc.cz\/index.php\/2015\/10\/03\/preview-everton-liverpool-4\/#primaryimage\"},\"image\":{\"@id\":\"https:\/\/evertonfc.cz\/index.php\/2015\/10\/03\/preview-everton-liverpool-4\/#primaryimage\"},\"thumbnailUrl\":\"https:\/\/evertonfc.cz\/wp-content\/uploads\/2019\/01\/preview.jpg\",\"datePublished\":\"2015-10-03T18:46:06+00:00\",\"dateModified\":\"2019-02-12T22:03:04+00:00\",\"breadcrumb\":{\"@id\":\"https:\/\/evertonfc.cz\/index.php\/2015\/10\/03\/preview-everton-liverpool-4\/#breadcrumb\"},\"inLanguage\":\"cs\",\"potentialAction\":[{\"@type\":\"ReadAction\",\"target\":[\"https:\/\/evertonfc.cz\/index.php\/2015\/10\/03\/preview-everton-liverpool-4\/\"]}]},{\"@type\":\"ImageObject\",\"inLanguage\":\"cs\",\"@id\":\"https:\/\/evertonfc.cz\/index.php\/2015\/10\/03\/preview-everton-liverpool-4\/#primaryimage\",\"url\":\"https:\/\/evertonfc.cz\/wp-content\/uploads\/2019\/01\/preview.jpg\",\"contentUrl\":\"https:\/\/evertonfc.cz\/wp-content\/uploads\/2019\/01\/preview.jpg\",\"width\":720,\"height\":405},{\"@type\":\"BreadcrumbList\",\"@id\":\"https:\/\/evertonfc.cz\/index.php\/2015\/10\/03\/preview-everton-liverpool-4\/#breadcrumb\",\"itemListElement\":[{\"@type\":\"ListItem\",\"position\":1,\"name\":\"Home\",\"item\":\"https:\/\/evertonfc.cz\/\"},{\"@type\":\"ListItem\",\"position\":2,\"name\":\"Preview: Everton &#8211; Liverpool\"}]},{\"@type\":\"WebSite\",\"@id\":\"https:\/\/evertonfc.cz\/#website\",\"url\":\"https:\/\/evertonfc.cz\/\",\"name\":\"Official Czech &amp; Slovak Everton Supporters&#039; Club\",\"description\":\"\",\"publisher\":{\"@id\":\"https:\/\/evertonfc.cz\/#organization\"},\"potentialAction\":[{\"@type\":\"SearchAction\",\"target\":{\"@type\":\"EntryPoint\",\"urlTemplate\":\"https:\/\/evertonfc.cz\/?s={search_term_string}\"},\"query-input\":{\"@type\":\"PropertyValueSpecification\",\"valueRequired\":true,\"valueName\":\"search_term_string\"}}],\"inLanguage\":\"cs\"},{\"@type\":\"Organization\",\"@id\":\"https:\/\/evertonfc.cz\/#organization\",\"name\":\"Official Czech & Slovak Everton Supporters' Club\",\"url\":\"https:\/\/evertonfc.cz\/\",\"logo\":{\"@type\":\"ImageObject\",\"inLanguage\":\"cs\",\"@id\":\"https:\/\/evertonfc.cz\/#\/schema\/logo\/image\/\",\"url\":\"https:\/\/evertonfc.cz\/wp-content\/uploads\/2019\/05\/logo.png\",\"contentUrl\":\"https:\/\/evertonfc.cz\/wp-content\/uploads\/2019\/05\/logo.png\",\"width\":112,\"height\":112,\"caption\":\"Official Czech & Slovak Everton Supporters' Club\"},\"image\":{\"@id\":\"https:\/\/evertonfc.cz\/#\/schema\/logo\/image\/\"},\"sameAs\":[\"https:\/\/www.facebook.com\/everton.fans.cz.sk\"]},{\"@type\":\"Person\",\"@id\":\"https:\/\/evertonfc.cz\/#\/schema\/person\/b30daf6a5852f4811f8207a17ec1bf78\",\"name\":\"Javor\",\"sameAs\":[\"https:\/\/x.com\/LoudinJan\"],\"url\":\"https:\/\/evertonfc.cz\/index.php\/author\/javor\/\"}]}<\/script>\n<!-- \/ Yoast SEO plugin. -->","yoast_head_json":{"title":"Preview: Everton - Liverpool - Official Czech &amp; Slovak Everton Supporters&#039; Club","robots":{"index":"index","follow":"follow","max-snippet":"max-snippet:-1","max-image-preview":"max-image-preview:large","max-video-preview":"max-video-preview:-1"},"canonical":"https:\/\/evertonfc.cz\/index.php\/2015\/10\/03\/preview-everton-liverpool-4\/","og_locale":"cs_CZ","og_type":"article","og_title":"Preview: Everton - Liverpool - Official Czech &amp; Slovak Everton Supporters&#039; Club","og_description":"\u201eHe was born in Liverpool, raised in Liverpool, lives in Liverpool and of course he supports&#8230; Everton.\u201c\u00a0\u00a0Eric Idle n\u00e1s uvedl&hellip;","og_url":"https:\/\/evertonfc.cz\/index.php\/2015\/10\/03\/preview-everton-liverpool-4\/","og_site_name":"Official Czech &amp; Slovak Everton Supporters&#039; Club","article_publisher":"https:\/\/www.facebook.com\/everton.fans.cz.sk","article_published_time":"2015-10-03T18:46:06+00:00","article_modified_time":"2019-02-12T22:03:04+00:00","og_image":[{"width":720,"height":405,"url":"https:\/\/evertonfc.cz\/wp-content\/uploads\/2019\/01\/preview.jpg","type":"image\/jpeg"}],"author":"Javor","twitter_card":"summary_large_image","twitter_creator":"@LoudinJan","twitter_misc":{"Napsal(a)":"Javor","Odhadovan\u00e1 doba \u010dten\u00ed":"3 minuty"},"schema":{"@context":"https:\/\/schema.org","@graph":[{"@type":"Article","@id":"https:\/\/evertonfc.cz\/index.php\/2015\/10\/03\/preview-everton-liverpool-4\/#article","isPartOf":{"@id":"https:\/\/evertonfc.cz\/index.php\/2015\/10\/03\/preview-everton-liverpool-4\/"},"author":{"name":"Javor","@id":"https:\/\/evertonfc.cz\/#\/schema\/person\/b30daf6a5852f4811f8207a17ec1bf78"},"headline":"Preview: Everton &#8211; Liverpool","datePublished":"2015-10-03T18:46:06+00:00","dateModified":"2019-02-12T22:03:04+00:00","mainEntityOfPage":{"@id":"https:\/\/evertonfc.cz\/index.php\/2015\/10\/03\/preview-everton-liverpool-4\/"},"wordCount":558,"commentCount":0,"publisher":{"@id":"https:\/\/evertonfc.cz\/#organization"},"image":{"@id":"https:\/\/evertonfc.cz\/index.php\/2015\/10\/03\/preview-everton-liverpool-4\/#primaryimage"},"thumbnailUrl":"https:\/\/evertonfc.cz\/wp-content\/uploads\/2019\/01\/preview.jpg","articleSection":["Z\u00e1pasy"],"inLanguage":"cs","potentialAction":[{"@type":"CommentAction","name":"Comment","target":["https:\/\/evertonfc.cz\/index.php\/2015\/10\/03\/preview-everton-liverpool-4\/#respond"]}]},{"@type":"WebPage","@id":"https:\/\/evertonfc.cz\/index.php\/2015\/10\/03\/preview-everton-liverpool-4\/","url":"https:\/\/evertonfc.cz\/index.php\/2015\/10\/03\/preview-everton-liverpool-4\/","name":"Preview: Everton - Liverpool - Official Czech &amp; Slovak Everton Supporters&#039; Club","isPartOf":{"@id":"https:\/\/evertonfc.cz\/#website"},"primaryImageOfPage":{"@id":"https:\/\/evertonfc.cz\/index.php\/2015\/10\/03\/preview-everton-liverpool-4\/#primaryimage"},"image":{"@id":"https:\/\/evertonfc.cz\/index.php\/2015\/10\/03\/preview-everton-liverpool-4\/#primaryimage"},"thumbnailUrl":"https:\/\/evertonfc.cz\/wp-content\/uploads\/2019\/01\/preview.jpg","datePublished":"2015-10-03T18:46:06+00:00","dateModified":"2019-02-12T22:03:04+00:00","breadcrumb":{"@id":"https:\/\/evertonfc.cz\/index.php\/2015\/10\/03\/preview-everton-liverpool-4\/#breadcrumb"},"inLanguage":"cs","potentialAction":[{"@type":"ReadAction","target":["https:\/\/evertonfc.cz\/index.php\/2015\/10\/03\/preview-everton-liverpool-4\/"]}]},{"@type":"ImageObject","inLanguage":"cs","@id":"https:\/\/evertonfc.cz\/index.php\/2015\/10\/03\/preview-everton-liverpool-4\/#primaryimage","url":"https:\/\/evertonfc.cz\/wp-content\/uploads\/2019\/01\/preview.jpg","contentUrl":"https:\/\/evertonfc.cz\/wp-content\/uploads\/2019\/01\/preview.jpg","width":720,"height":405},{"@type":"BreadcrumbList","@id":"https:\/\/evertonfc.cz\/index.php\/2015\/10\/03\/preview-everton-liverpool-4\/#breadcrumb","itemListElement":[{"@type":"ListItem","position":1,"name":"Home","item":"https:\/\/evertonfc.cz\/"},{"@type":"ListItem","position":2,"name":"Preview: Everton &#8211; Liverpool"}]},{"@type":"WebSite","@id":"https:\/\/evertonfc.cz\/#website","url":"https:\/\/evertonfc.cz\/","name":"Official Czech &amp; Slovak Everton Supporters&#039; Club","description":"","publisher":{"@id":"https:\/\/evertonfc.cz\/#organization"},"potentialAction":[{"@type":"SearchAction","target":{"@type":"EntryPoint","urlTemplate":"https:\/\/evertonfc.cz\/?s={search_term_string}"},"query-input":{"@type":"PropertyValueSpecification","valueRequired":true,"valueName":"search_term_string"}}],"inLanguage":"cs"},{"@type":"Organization","@id":"https:\/\/evertonfc.cz\/#organization","name":"Official Czech & Slovak Everton Supporters' Club","url":"https:\/\/evertonfc.cz\/","logo":{"@type":"ImageObject","inLanguage":"cs","@id":"https:\/\/evertonfc.cz\/#\/schema\/logo\/image\/","url":"https:\/\/evertonfc.cz\/wp-content\/uploads\/2019\/05\/logo.png","contentUrl":"https:\/\/evertonfc.cz\/wp-content\/uploads\/2019\/05\/logo.png","width":112,"height":112,"caption":"Official Czech & Slovak Everton Supporters' Club"},"image":{"@id":"https:\/\/evertonfc.cz\/#\/schema\/logo\/image\/"},"sameAs":["https:\/\/www.facebook.com\/everton.fans.cz.sk"]},{"@type":"Person","@id":"https:\/\/evertonfc.cz\/#\/schema\/person\/b30daf6a5852f4811f8207a17ec1bf78","name":"Javor","sameAs":["https:\/\/x.com\/LoudinJan"],"url":"https:\/\/evertonfc.cz\/index.php\/author\/javor\/"}]}},"_links":{"self":[{"href":"https:\/\/evertonfc.cz\/index.php\/wp-json\/wp\/v2\/posts\/4117"}],"collection":[{"href":"https:\/\/evertonfc.cz\/index.php\/wp-json\/wp\/v2\/posts"}],"about":[{"href":"https:\/\/evertonfc.cz\/index.php\/wp-json\/wp\/v2\/types\/post"}],"author":[{"embeddable":true,"href":"https:\/\/evertonfc.cz\/index.php\/wp-json\/wp\/v2\/users\/12"}],"replies":[{"embeddable":true,"href":"https:\/\/evertonfc.cz\/index.php\/wp-json\/wp\/v2\/comments?post=4117"}],"version-history":[{"count":3,"href":"https:\/\/evertonfc.cz\/index.php\/wp-json\/wp\/v2\/posts\/4117\/revisions"}],"predecessor-version":[{"id":4299,"href":"https:\/\/evertonfc.cz\/index.php\/wp-json\/wp\/v2\/posts\/4117\/revisions\/4299"}],"wp:featuredmedia":[{"embeddable":true,"href":"https:\/\/evertonfc.cz\/index.php\/wp-json\/wp\/v2\/media\/1314"}],"wp:attachment":[{"href":"https:\/\/evertonfc.cz\/index.php\/wp-json\/wp\/v2\/media?parent=4117"}],"wp:term":[{"taxonomy":"category","embeddable":true,"href":"https:\/\/evertonfc.cz\/index.php\/wp-json\/wp\/v2\/categories?post=4117"},{"taxonomy":"post_tag","embeddable":true,"href":"https:\/\/evertonfc.cz\/index.php\/wp-json\/wp\/v2\/tags?post=4117"}],"curies":[{"name":"wp","href":"https:\/\/api.w.org\/{rel}","templated":true}]}}