{"id":4119,"date":"2015-10-01T20:47:26","date_gmt":"2015-10-01T18:47:26","guid":{"rendered":"http:\/\/evertonfc.cz\/?p=4119"},"modified":"2020-05-14T12:24:25","modified_gmt":"2020-05-14T10:24:25","slug":"cesko-slovensky-klub-fanousku-evertonu-rocnik-ii","status":"publish","type":"post","link":"https:\/\/evertonfc.cz\/index.php\/2015\/10\/01\/cesko-slovensky-klub-fanousku-evertonu-rocnik-ii\/","title":{"rendered":"\u010cesko \u2013 slovensk\u00fd klub fanou\u0161k\u016f Evertonu, ro\u010dn\u00edk II."},"content":{"rendered":"<h4 id=\"NewsPostDetailSummary\"><strong>Aktualizov\u00e1no. <\/strong>Minul\u00e9 l\u00e9to jsme zalo\u017eili Czech and Slovak Everton Supporters\u00b4Club, ofici\u00e1ln\u00ed fanklub z \u010cesk\u00e9 republiky a Slovensk\u00e9 republiky, a po ro\u010dn\u00edm fungov\u00e1n\u00ed bychom si r\u00e1di zajistili \u010dlenstv\u00ed tak\u00e9 pro leto\u0161n\u00ed sez\u00f3nu.<\/h4>\n<div id=\"NewsPostDetailContent\">\n<p>Zalo\u017een\u00ed ofici\u00e1ln\u00edho fanklubu s \u010dlenskou z\u00e1kladnou 24 osob p\u0159edstavovalo v\u00fdznamn\u00fd mezn\u00edk v na\u0161\u00ed komunit\u011b, prost\u0159ednictv\u00edm n\u011bho\u017e jsme se stali schv\u00e1lenou sou\u010d\u00e1st\u00ed Evertonu. T\u00edmto krokem jsme se rozhodli podporovat klub v komer\u010dn\u00ed oblasti, zat\u00edmco na opl\u00e1tku se n\u00e1m dostalo n\u011bkolika v\u00fdhod. Prodlou\u017een\u00ed existence fanklubu pova\u017eujeme za logick\u00fd krok, douf\u00e1me v jeho pravidelnou kontinuitu, podobn\u011b jako se n\u00e1m da\u0159\u00ed s po\u0159\u00e1d\u00e1n\u00edm letn\u00edho srazu.<\/p>\n<h4><strong>V\u00fdhody pro zahrani\u010dn\u00ed fanklub pro sez\u00f3nu 2015\/16<\/strong><\/h4>\n<p>1. P\u0159\u00edstup (samoz\u0159ejm\u011b limitov\u00e1n dostupnost\u00ed) k l\u00edstk\u016fm na v\u0161echny dom\u00e1c\u00ed ligov\u00e9 z\u00e1pasy a dom\u00e1c\u00ed poh\u00e1rov\u00e9 sout\u011b\u017ee Evertonu. Po\u010det l\u00edstk\u016f, o n\u011b\u017e bychom \u017e\u00e1dali na n\u011bkter\u00fd z\u00e1pas, nesm\u00ed p\u0159ekro\u010dit po\u010det \u010dlen\u016f fanklubu. Everton nab\u00eddne skupinov\u011b l\u00edstky na 4 z\u00e1pasy, konkretizace t\u011bchto nab\u00eddek je p\u0159edm\u011btem dostupnosti.<\/p>\n<p>2. Zlevn\u011bn\u00e9 l\u00edstky na jeden dom\u00e1c\u00ed z\u00e1pas Evertonu (kategorie D).<\/p>\n<p>3. P\u0159\u00edstup k jednomu kusu podepsan\u00e9ho suven\u00fdru (o ten mus\u00ed b\u00fdt po\u017e\u00e1d\u00e1no nejpozd\u011bji do 1. 4. 2016). V\u00fdb\u011br konkr\u00e9tn\u00edho podepsan\u00e9ho suven\u00fdru je v\u011bc\u00ed rozhodnut\u00ed EFC. Za ka\u017ed\u00fdch t\u0159i sta prodan\u00fdch l\u00edstk\u016f p\u0159es fanklub na dom\u00e1c\u00ed z\u00e1pas Evertonu z\u00edsk\u00e1 pobo\u010dka dres EFC s podpisy v\u0161ech hr\u00e1\u010d\u016f. \u2013\u00a0<em>Suven\u00fdr z minul\u00e9 sez\u00f3ny jsme st\u00e1le neobdr\u017eeli, p\u0159esto si jej nad\u00e1le budeme n\u00e1rokovat.<\/em><\/p>\n<p>4. Zahrnut\u00ed do Celosv\u011btov\u00e9 aktivity v den z\u00e1pasu Evertonu.<\/p>\n<p>5. Pozv\u00e1nky na exkluzivn\u00ed akce a aktivity pro ofici\u00e1ln\u00ed fankluby.<\/p>\n<p>6. Autorizovan\u00e9 opr\u00e1vn\u011bn\u00ed pou\u017e\u00edv\u00e1n\u00ed loga Evertonu stejn\u011b jako i dal\u0161\u00edch registrovan\u00fdch symbol\u016f pro nekomer\u010dn\u00ed \u00fa\u010dely.<\/p>\n<p>7. P\u0159\u00edstup do online Internet Directory na ofici\u00e1ln\u00ed str\u00e1nce evertonfc.com.<\/p>\n<p>8. Pravideln\u00e9 zas\u00edl\u00e1n\u00ed novinek e-mailem.<\/p>\n<h4><strong>Krit\u00e9ria pro obnoven\u00ed zahrani\u010dn\u00edho fanklubu pro sez\u00f3nu 2015\/16<\/strong><\/h4>\n<p>1. Minim\u00e1ln\u00ed po\u010det \u010dlen\u016f je 10. Oproti lo\u0148sk\u00e9mu roku se po\u010det sn\u00ed\u017eil na polovinu.<\/p>\n<p>2. Vypln\u011bn\u00ed a odesl\u00e1n\u00ed dvou potvrzen\u00ed o \u010dlenstv\u00ed a seznamu \u010dlen\u016f nejpozd\u011bji do 30. 9. 2015.<\/p>\n<p>3. Na konci roku 2015 klub vyzve k aktualizaci seznamu \u010dlen\u016f, adres\u00e1\u0159 t\u0159eba zaslat nejpozd\u011bji do 29. 1. 2016.<\/p>\n<p>V \u010dl\u00e1nku jsou uvedeny jen kl\u00ed\u010dov\u00e9 podm\u00ednky a v\u00fdhody, v\u00edce se do\u010dtete v bro\u017eu\u0159e klubu: odkaz pro st\u00e1\u017een\u00ed\u00a0<a href=\"http:\/\/d2qsy1h1438jt3.cloudfront.net\/~\/media\/a6c956575edb44f9956b1cb1d9d9fcf6.pdf\" target=\"_blank\" rel=\"noopener noreferrer\">zde<\/a>.<\/p>\n<h4><strong>Harmonogram krok\u016f<\/strong><\/h4>\n<p>1. Schv\u00e1len\u00ed nominac\u00ed na t\u0159i pot\u0159ebn\u00e9 funkce, kter\u00e9 Everton po\u017eaduje. N\u00e1vrh zn\u00ed takto:<\/p>\n<p>p\u0159edseda \u2013\u00a0Ri\u010di<\/p>\n<p>tajemn\u00edk \u2013\u00a0Javor<\/p>\n<p>pokladn\u00edk \u2013\u00a0Fip<\/p>\n<p>V\u00a0p\u0159\u00edpad\u011b nesouhlasu s nominacemi, \u010di jin\u00e9 pot\u0159eb\u011b vyj\u00e1d\u0159it se, n\u00e1zory uv\u00edt\u00e1me v diskuzi pod \u010dl\u00e1nek. Na druhou stranu ocen\u00edme i reakce schvaluj\u00edc\u00ed nominace. Vyjad\u0159ujte se, pros\u00edme, co nejd\u0159\u00edve m\u016f\u017eete, abychom mohli na p\u0159\u00edpadn\u00e9 podn\u011bty v\u010dasn\u011b reagovat.<\/p>\n<p>2. Do 20. 9. 2015 pros\u00edme v\u0161echny z\u00e1jemce o \u010dlenstv\u00ed, aby poslali potvrzovac\u00ed email na <strong>czskevertonians@gmail.com<\/strong>. Pokud jste byli \u010dleny v minul\u00e9m roce a chce b\u00fdt \u010dleny i pro leto\u0161ek, sta\u010d\u00ed do emailu uv\u00e9st pouze tuto informaci. Po\u017eadovan\u00e9 \u00fadaje net\u0159eba pos\u00edlat, jestli\u017ee nedo\u0161lo k jejich zm\u011bn\u011b.<\/p>\n<p>Nov\u00ed z\u00e1jemci o \u010dlenstv\u00ed (\u010di ti se zm\u011bnou), za\u0161lou mail s t\u011bmi \u00fadaji (\u00fadaje ozna\u010den\u00e9 * jsou povinn\u00e9):<\/p>\n<p><strong>Customer number (spot\u0159ebitelsk\u00e9 \u010d\u00edslo):*<br \/>\nTitul:<br \/>\nJm\u00e9no a p\u0159\u00edjmen\u00ed:*<br \/>\nPohlav\u00ed:<br \/>\nAdresa (ulice, m\u011bsto, PS\u010c, st\u00e1t):*<br \/>\nEmailov\u00e1 adresa:<br \/>\nTelefon:<br \/>\nMobil:<br \/>\nDatum narozen\u00ed:*<br \/>\nZas\u00edlan\u00ed informace a nab\u00eddky Evertonu na email:*<\/strong> Ano \/ Ne (vypl\u0148te, o co m\u00e1te z\u00e1jem)<\/p>\n<p>Bude prosp\u011b\u0161n\u00e9 p\u0159ipojit ke jm\u00e9nu i nick z t\u00e9to str\u00e1nky (pro informaci na\u0161\u00ed CS komunity). Informace ale nen\u00ed nutn\u00e1.<\/p>\n<p>Customer number (spot\u0159ebitelsk\u00e9 \u010d\u00edslo) je povinn\u00fd \u00fadaj, mus\u00edte jej vyplnit. Maj\u00ed ho v\u0161ichni, kte\u0159\u00ed si n\u011bkdy koupili l\u00edstek na z\u00e1pas (\u010d\u00edslo je napsan\u00e9 na l\u00edstku), po\u0159\u00eddili \u010dlenstv\u00ed v ofici\u00e1ln\u00edm fanklubu FOREVERTON (kdysi Everton), absolvovali prohl\u00eddku Goodison Park.<\/p>\n<p>V p\u0159\u00edpad\u011b ztr\u00e1ty Customer number v\u00e1m bude jeho zn\u011bn\u00ed sd\u011bleno na Everton Fan Centru na \u010d\u00edsle 0044 871 663 1878. Jinak ho m\u016f\u017eete z\u00edskat registrac\u00ed na <a href=\"http:\/\/eticketing.evertonfc.com\/PagesPublic\/Home\/home.aspx\" target=\"_blank\" rel=\"noopener noreferrer\">e-ticketingu<\/a>.<\/p>\n<p>3. Mezi 21. 9. a\u017e 26. 9. 2015 budeme \u0159e\u0161it p\u0159\u00edpadn\u00e9 nesrovnalosti za \u00fa\u010delem odesl\u00e1n\u00ed pot\u0159ebn\u00fdch dokument\u016f do posledn\u00edho mo\u017en\u00e9ho dne.<\/p>\n<p><strong>Aktualizace 20. 9. 2015<\/strong><\/p>\n<p>Do dne\u0161n\u00edho dne se n\u00e1m p\u0159\u00edhl\u00e1silo 24 \u010dlen\u016f. Oproti minul\u00e9mu roku zat\u00edm t\u0159i fanou\u0161ci ubyli a \u010dty\u0159i p\u0159ibyli. Jeliko\u017e nejsme v \u017e\u00e1dn\u00e9 \u010dasov\u00e9 t\u00edsni, prodlu\u017eujeme mo\u017enost p\u0159ihl\u00e1\u0161en\u00ed nov\u00fdch \u010dlen\u016f do 23. 9.<\/p>\n<p><strong>Aktualizace 30. 9. 2015<\/strong><\/p>\n<p>Dne 29. 9. jsem elektronicky odeslal v\u0161echny pot\u0159ebn\u00e9 dokumenty spolu se seznamem \u010dlen\u016f na\u0161eho fanklubu. Po\u010det \u010dlen\u016f \u010din\u00ed 26 osob, oproti lo\u0148sk\u00e9mu roku jsme zaznamenali n\u00e1r\u016fst o t\u0159i Evertonians.<\/p>\n<p>O obdr\u017een\u00ed odpov\u011bdi ze strany klubu v\u00e1s budu co nejd\u0159\u00edve informovat.<\/p>\n<\/div>\n","protected":false},"excerpt":{"rendered":"<p>Aktualizov\u00e1no. Minul\u00e9 l\u00e9to jsme zalo\u017eili Czech and Slovak Everton Supporters\u00b4Club, ofici\u00e1ln\u00ed fanklub z \u010cesk\u00e9 republiky a Slovensk\u00e9 republiky, a po&hellip;<\/p>\n","protected":false},"author":6,"featured_media":1313,"comment_status":"open","ping_status":"closed","sticky":false,"template":"","format":"standard","meta":{"_eb_attr":"","_monsterinsights_skip_tracking":false,"_monsterinsights_sitenote_active":false,"_monsterinsights_sitenote_note":"","_monsterinsights_sitenote_category":0,"footnotes":""},"categories":[85],"tags":[],"yoast_head":"<!-- This site is optimized with the Yoast SEO plugin v23.4 - https:\/\/yoast.com\/wordpress\/plugins\/seo\/ -->\n<title>\u010cesko \u2013 slovensk\u00fd klub fanou\u0161k\u016f Evertonu, ro\u010dn\u00edk II. - Official Czech &amp; Slovak Everton Supporters&#039; Club<\/title>\n<meta name=\"robots\" content=\"index, follow, max-snippet:-1, max-image-preview:large, max-video-preview:-1\" \/>\n<link rel=\"canonical\" href=\"https:\/\/evertonfc.cz\/index.php\/2015\/10\/01\/cesko-slovensky-klub-fanousku-evertonu-rocnik-ii\/\" \/>\n<meta property=\"og:locale\" content=\"cs_CZ\" \/>\n<meta property=\"og:type\" content=\"article\" \/>\n<meta property=\"og:title\" content=\"\u010cesko \u2013 slovensk\u00fd klub fanou\u0161k\u016f Evertonu, ro\u010dn\u00edk II. - Official Czech &amp; Slovak Everton Supporters&#039; Club\" \/>\n<meta property=\"og:description\" content=\"Aktualizov\u00e1no. Minul\u00e9 l\u00e9to jsme zalo\u017eili Czech and Slovak Everton Supporters\u00b4Club, ofici\u00e1ln\u00ed fanklub z \u010cesk\u00e9 republiky a Slovensk\u00e9 republiky, a po&hellip;\" \/>\n<meta property=\"og:url\" content=\"https:\/\/evertonfc.cz\/index.php\/2015\/10\/01\/cesko-slovensky-klub-fanousku-evertonu-rocnik-ii\/\" \/>\n<meta property=\"og:site_name\" content=\"Official Czech &amp; Slovak Everton Supporters&#039; Club\" \/>\n<meta property=\"article:publisher\" content=\"https:\/\/www.facebook.com\/everton.fans.cz.sk\" \/>\n<meta property=\"article:published_time\" content=\"2015-10-01T18:47:26+00:00\" \/>\n<meta property=\"article:modified_time\" content=\"2020-05-14T10:24:25+00:00\" \/>\n<meta property=\"og:image\" content=\"https:\/\/evertonfc.cz\/wp-content\/uploads\/2019\/01\/news.jpg\" \/>\n\t<meta property=\"og:image:width\" content=\"720\" \/>\n\t<meta property=\"og:image:height\" content=\"405\" \/>\n\t<meta property=\"og:image:type\" content=\"image\/jpeg\" \/>\n<meta name=\"author\" content=\"Ri\u010di\" \/>\n<meta name=\"twitter:card\" content=\"summary_large_image\" \/>\n<meta name=\"twitter:creator\" content=\"@rbrejsa\" \/>\n<meta name=\"twitter:label1\" content=\"Napsal(a)\" \/>\n\t<meta name=\"twitter:data1\" content=\"Ri\u010di\" \/>\n\t<meta name=\"twitter:label2\" content=\"Odhadovan\u00e1 doba \u010dten\u00ed\" \/>\n\t<meta name=\"twitter:data2\" content=\"4 minuty\" \/>\n<script type=\"application\/ld+json\" class=\"yoast-schema-graph\">{\"@context\":\"https:\/\/schema.org\",\"@graph\":[{\"@type\":\"Article\",\"@id\":\"https:\/\/evertonfc.cz\/index.php\/2015\/10\/01\/cesko-slovensky-klub-fanousku-evertonu-rocnik-ii\/#article\",\"isPartOf\":{\"@id\":\"https:\/\/evertonfc.cz\/index.php\/2015\/10\/01\/cesko-slovensky-klub-fanousku-evertonu-rocnik-ii\/\"},\"author\":{\"name\":\"Ri\u010di\",\"@id\":\"https:\/\/evertonfc.cz\/#\/schema\/person\/f7a5daedb2ffee98480bc70e191aaef1\"},\"headline\":\"\u010cesko \u2013 slovensk\u00fd klub fanou\u0161k\u016f Evertonu, ro\u010dn\u00edk II.\",\"datePublished\":\"2015-10-01T18:47:26+00:00\",\"dateModified\":\"2020-05-14T10:24:25+00:00\",\"mainEntityOfPage\":{\"@id\":\"https:\/\/evertonfc.cz\/index.php\/2015\/10\/01\/cesko-slovensky-klub-fanousku-evertonu-rocnik-ii\/\"},\"wordCount\":892,\"commentCount\":0,\"publisher\":{\"@id\":\"https:\/\/evertonfc.cz\/#organization\"},\"image\":{\"@id\":\"https:\/\/evertonfc.cz\/index.php\/2015\/10\/01\/cesko-slovensky-klub-fanousku-evertonu-rocnik-ii\/#primaryimage\"},\"thumbnailUrl\":\"https:\/\/evertonfc.cz\/wp-content\/uploads\/2019\/01\/news.jpg\",\"articleSection\":[\"Supporters' Club\"],\"inLanguage\":\"cs\",\"potentialAction\":[{\"@type\":\"CommentAction\",\"name\":\"Comment\",\"target\":[\"https:\/\/evertonfc.cz\/index.php\/2015\/10\/01\/cesko-slovensky-klub-fanousku-evertonu-rocnik-ii\/#respond\"]}]},{\"@type\":\"WebPage\",\"@id\":\"https:\/\/evertonfc.cz\/index.php\/2015\/10\/01\/cesko-slovensky-klub-fanousku-evertonu-rocnik-ii\/\",\"url\":\"https:\/\/evertonfc.cz\/index.php\/2015\/10\/01\/cesko-slovensky-klub-fanousku-evertonu-rocnik-ii\/\",\"name\":\"\u010cesko \u2013 slovensk\u00fd klub fanou\u0161k\u016f Evertonu, ro\u010dn\u00edk II. - Official Czech &amp; Slovak Everton Supporters&#039; Club\",\"isPartOf\":{\"@id\":\"https:\/\/evertonfc.cz\/#website\"},\"primaryImageOfPage\":{\"@id\":\"https:\/\/evertonfc.cz\/index.php\/2015\/10\/01\/cesko-slovensky-klub-fanousku-evertonu-rocnik-ii\/#primaryimage\"},\"image\":{\"@id\":\"https:\/\/evertonfc.cz\/index.php\/2015\/10\/01\/cesko-slovensky-klub-fanousku-evertonu-rocnik-ii\/#primaryimage\"},\"thumbnailUrl\":\"https:\/\/evertonfc.cz\/wp-content\/uploads\/2019\/01\/news.jpg\",\"datePublished\":\"2015-10-01T18:47:26+00:00\",\"dateModified\":\"2020-05-14T10:24:25+00:00\",\"breadcrumb\":{\"@id\":\"https:\/\/evertonfc.cz\/index.php\/2015\/10\/01\/cesko-slovensky-klub-fanousku-evertonu-rocnik-ii\/#breadcrumb\"},\"inLanguage\":\"cs\",\"potentialAction\":[{\"@type\":\"ReadAction\",\"target\":[\"https:\/\/evertonfc.cz\/index.php\/2015\/10\/01\/cesko-slovensky-klub-fanousku-evertonu-rocnik-ii\/\"]}]},{\"@type\":\"ImageObject\",\"inLanguage\":\"cs\",\"@id\":\"https:\/\/evertonfc.cz\/index.php\/2015\/10\/01\/cesko-slovensky-klub-fanousku-evertonu-rocnik-ii\/#primaryimage\",\"url\":\"https:\/\/evertonfc.cz\/wp-content\/uploads\/2019\/01\/news.jpg\",\"contentUrl\":\"https:\/\/evertonfc.cz\/wp-content\/uploads\/2019\/01\/news.jpg\",\"width\":720,\"height\":405},{\"@type\":\"BreadcrumbList\",\"@id\":\"https:\/\/evertonfc.cz\/index.php\/2015\/10\/01\/cesko-slovensky-klub-fanousku-evertonu-rocnik-ii\/#breadcrumb\",\"itemListElement\":[{\"@type\":\"ListItem\",\"position\":1,\"name\":\"Home\",\"item\":\"https:\/\/evertonfc.cz\/\"},{\"@type\":\"ListItem\",\"position\":2,\"name\":\"\u010cesko \u2013 slovensk\u00fd klub fanou\u0161k\u016f Evertonu, ro\u010dn\u00edk II.\"}]},{\"@type\":\"WebSite\",\"@id\":\"https:\/\/evertonfc.cz\/#website\",\"url\":\"https:\/\/evertonfc.cz\/\",\"name\":\"Official Czech &amp; Slovak Everton Supporters&#039; Club\",\"description\":\"\",\"publisher\":{\"@id\":\"https:\/\/evertonfc.cz\/#organization\"},\"potentialAction\":[{\"@type\":\"SearchAction\",\"target\":{\"@type\":\"EntryPoint\",\"urlTemplate\":\"https:\/\/evertonfc.cz\/?s={search_term_string}\"},\"query-input\":{\"@type\":\"PropertyValueSpecification\",\"valueRequired\":true,\"valueName\":\"search_term_string\"}}],\"inLanguage\":\"cs\"},{\"@type\":\"Organization\",\"@id\":\"https:\/\/evertonfc.cz\/#organization\",\"name\":\"Official Czech & Slovak Everton Supporters' Club\",\"url\":\"https:\/\/evertonfc.cz\/\",\"logo\":{\"@type\":\"ImageObject\",\"inLanguage\":\"cs\",\"@id\":\"https:\/\/evertonfc.cz\/#\/schema\/logo\/image\/\",\"url\":\"https:\/\/evertonfc.cz\/wp-content\/uploads\/2019\/05\/logo.png\",\"contentUrl\":\"https:\/\/evertonfc.cz\/wp-content\/uploads\/2019\/05\/logo.png\",\"width\":112,\"height\":112,\"caption\":\"Official Czech & Slovak Everton Supporters' Club\"},\"image\":{\"@id\":\"https:\/\/evertonfc.cz\/#\/schema\/logo\/image\/\"},\"sameAs\":[\"https:\/\/www.facebook.com\/everton.fans.cz.sk\"]},{\"@type\":\"Person\",\"@id\":\"https:\/\/evertonfc.cz\/#\/schema\/person\/f7a5daedb2ffee98480bc70e191aaef1\",\"name\":\"Ri\u010di\",\"sameAs\":[\"https:\/\/x.com\/rbrejsa\"],\"url\":\"https:\/\/evertonfc.cz\/index.php\/author\/rici\/\"}]}<\/script>\n<!-- \/ Yoast SEO plugin. -->","yoast_head_json":{"title":"\u010cesko \u2013 slovensk\u00fd klub fanou\u0161k\u016f Evertonu, ro\u010dn\u00edk II. - Official Czech &amp; Slovak Everton Supporters&#039; Club","robots":{"index":"index","follow":"follow","max-snippet":"max-snippet:-1","max-image-preview":"max-image-preview:large","max-video-preview":"max-video-preview:-1"},"canonical":"https:\/\/evertonfc.cz\/index.php\/2015\/10\/01\/cesko-slovensky-klub-fanousku-evertonu-rocnik-ii\/","og_locale":"cs_CZ","og_type":"article","og_title":"\u010cesko \u2013 slovensk\u00fd klub fanou\u0161k\u016f Evertonu, ro\u010dn\u00edk II. - Official Czech &amp; Slovak Everton Supporters&#039; Club","og_description":"Aktualizov\u00e1no. Minul\u00e9 l\u00e9to jsme zalo\u017eili Czech and Slovak Everton Supporters\u00b4Club, ofici\u00e1ln\u00ed fanklub z \u010cesk\u00e9 republiky a Slovensk\u00e9 republiky, a po&hellip;","og_url":"https:\/\/evertonfc.cz\/index.php\/2015\/10\/01\/cesko-slovensky-klub-fanousku-evertonu-rocnik-ii\/","og_site_name":"Official Czech &amp; Slovak Everton Supporters&#039; Club","article_publisher":"https:\/\/www.facebook.com\/everton.fans.cz.sk","article_published_time":"2015-10-01T18:47:26+00:00","article_modified_time":"2020-05-14T10:24:25+00:00","og_image":[{"width":720,"height":405,"url":"https:\/\/evertonfc.cz\/wp-content\/uploads\/2019\/01\/news.jpg","type":"image\/jpeg"}],"author":"Ri\u010di","twitter_card":"summary_large_image","twitter_creator":"@rbrejsa","twitter_misc":{"Napsal(a)":"Ri\u010di","Odhadovan\u00e1 doba \u010dten\u00ed":"4 minuty"},"schema":{"@context":"https:\/\/schema.org","@graph":[{"@type":"Article","@id":"https:\/\/evertonfc.cz\/index.php\/2015\/10\/01\/cesko-slovensky-klub-fanousku-evertonu-rocnik-ii\/#article","isPartOf":{"@id":"https:\/\/evertonfc.cz\/index.php\/2015\/10\/01\/cesko-slovensky-klub-fanousku-evertonu-rocnik-ii\/"},"author":{"name":"Ri\u010di","@id":"https:\/\/evertonfc.cz\/#\/schema\/person\/f7a5daedb2ffee98480bc70e191aaef1"},"headline":"\u010cesko \u2013 slovensk\u00fd klub fanou\u0161k\u016f Evertonu, ro\u010dn\u00edk II.","datePublished":"2015-10-01T18:47:26+00:00","dateModified":"2020-05-14T10:24:25+00:00","mainEntityOfPage":{"@id":"https:\/\/evertonfc.cz\/index.php\/2015\/10\/01\/cesko-slovensky-klub-fanousku-evertonu-rocnik-ii\/"},"wordCount":892,"commentCount":0,"publisher":{"@id":"https:\/\/evertonfc.cz\/#organization"},"image":{"@id":"https:\/\/evertonfc.cz\/index.php\/2015\/10\/01\/cesko-slovensky-klub-fanousku-evertonu-rocnik-ii\/#primaryimage"},"thumbnailUrl":"https:\/\/evertonfc.cz\/wp-content\/uploads\/2019\/01\/news.jpg","articleSection":["Supporters' Club"],"inLanguage":"cs","potentialAction":[{"@type":"CommentAction","name":"Comment","target":["https:\/\/evertonfc.cz\/index.php\/2015\/10\/01\/cesko-slovensky-klub-fanousku-evertonu-rocnik-ii\/#respond"]}]},{"@type":"WebPage","@id":"https:\/\/evertonfc.cz\/index.php\/2015\/10\/01\/cesko-slovensky-klub-fanousku-evertonu-rocnik-ii\/","url":"https:\/\/evertonfc.cz\/index.php\/2015\/10\/01\/cesko-slovensky-klub-fanousku-evertonu-rocnik-ii\/","name":"\u010cesko \u2013 slovensk\u00fd klub fanou\u0161k\u016f Evertonu, ro\u010dn\u00edk II. - Official Czech &amp; Slovak Everton Supporters&#039; Club","isPartOf":{"@id":"https:\/\/evertonfc.cz\/#website"},"primaryImageOfPage":{"@id":"https:\/\/evertonfc.cz\/index.php\/2015\/10\/01\/cesko-slovensky-klub-fanousku-evertonu-rocnik-ii\/#primaryimage"},"image":{"@id":"https:\/\/evertonfc.cz\/index.php\/2015\/10\/01\/cesko-slovensky-klub-fanousku-evertonu-rocnik-ii\/#primaryimage"},"thumbnailUrl":"https:\/\/evertonfc.cz\/wp-content\/uploads\/2019\/01\/news.jpg","datePublished":"2015-10-01T18:47:26+00:00","dateModified":"2020-05-14T10:24:25+00:00","breadcrumb":{"@id":"https:\/\/evertonfc.cz\/index.php\/2015\/10\/01\/cesko-slovensky-klub-fanousku-evertonu-rocnik-ii\/#breadcrumb"},"inLanguage":"cs","potentialAction":[{"@type":"ReadAction","target":["https:\/\/evertonfc.cz\/index.php\/2015\/10\/01\/cesko-slovensky-klub-fanousku-evertonu-rocnik-ii\/"]}]},{"@type":"ImageObject","inLanguage":"cs","@id":"https:\/\/evertonfc.cz\/index.php\/2015\/10\/01\/cesko-slovensky-klub-fanousku-evertonu-rocnik-ii\/#primaryimage","url":"https:\/\/evertonfc.cz\/wp-content\/uploads\/2019\/01\/news.jpg","contentUrl":"https:\/\/evertonfc.cz\/wp-content\/uploads\/2019\/01\/news.jpg","width":720,"height":405},{"@type":"BreadcrumbList","@id":"https:\/\/evertonfc.cz\/index.php\/2015\/10\/01\/cesko-slovensky-klub-fanousku-evertonu-rocnik-ii\/#breadcrumb","itemListElement":[{"@type":"ListItem","position":1,"name":"Home","item":"https:\/\/evertonfc.cz\/"},{"@type":"ListItem","position":2,"name":"\u010cesko \u2013 slovensk\u00fd klub fanou\u0161k\u016f Evertonu, ro\u010dn\u00edk II."}]},{"@type":"WebSite","@id":"https:\/\/evertonfc.cz\/#website","url":"https:\/\/evertonfc.cz\/","name":"Official Czech &amp; Slovak Everton Supporters&#039; Club","description":"","publisher":{"@id":"https:\/\/evertonfc.cz\/#organization"},"potentialAction":[{"@type":"SearchAction","target":{"@type":"EntryPoint","urlTemplate":"https:\/\/evertonfc.cz\/?s={search_term_string}"},"query-input":{"@type":"PropertyValueSpecification","valueRequired":true,"valueName":"search_term_string"}}],"inLanguage":"cs"},{"@type":"Organization","@id":"https:\/\/evertonfc.cz\/#organization","name":"Official Czech & Slovak Everton Supporters' Club","url":"https:\/\/evertonfc.cz\/","logo":{"@type":"ImageObject","inLanguage":"cs","@id":"https:\/\/evertonfc.cz\/#\/schema\/logo\/image\/","url":"https:\/\/evertonfc.cz\/wp-content\/uploads\/2019\/05\/logo.png","contentUrl":"https:\/\/evertonfc.cz\/wp-content\/uploads\/2019\/05\/logo.png","width":112,"height":112,"caption":"Official Czech & Slovak Everton Supporters' Club"},"image":{"@id":"https:\/\/evertonfc.cz\/#\/schema\/logo\/image\/"},"sameAs":["https:\/\/www.facebook.com\/everton.fans.cz.sk"]},{"@type":"Person","@id":"https:\/\/evertonfc.cz\/#\/schema\/person\/f7a5daedb2ffee98480bc70e191aaef1","name":"Ri\u010di","sameAs":["https:\/\/x.com\/rbrejsa"],"url":"https:\/\/evertonfc.cz\/index.php\/author\/rici\/"}]}},"_links":{"self":[{"href":"https:\/\/evertonfc.cz\/index.php\/wp-json\/wp\/v2\/posts\/4119"}],"collection":[{"href":"https:\/\/evertonfc.cz\/index.php\/wp-json\/wp\/v2\/posts"}],"about":[{"href":"https:\/\/evertonfc.cz\/index.php\/wp-json\/wp\/v2\/types\/post"}],"author":[{"embeddable":true,"href":"https:\/\/evertonfc.cz\/index.php\/wp-json\/wp\/v2\/users\/6"}],"replies":[{"embeddable":true,"href":"https:\/\/evertonfc.cz\/index.php\/wp-json\/wp\/v2\/comments?post=4119"}],"version-history":[{"count":4,"href":"https:\/\/evertonfc.cz\/index.php\/wp-json\/wp\/v2\/posts\/4119\/revisions"}],"predecessor-version":[{"id":7046,"href":"https:\/\/evertonfc.cz\/index.php\/wp-json\/wp\/v2\/posts\/4119\/revisions\/7046"}],"wp:featuredmedia":[{"embeddable":true,"href":"https:\/\/evertonfc.cz\/index.php\/wp-json\/wp\/v2\/media\/1313"}],"wp:attachment":[{"href":"https:\/\/evertonfc.cz\/index.php\/wp-json\/wp\/v2\/media?parent=4119"}],"wp:term":[{"taxonomy":"category","embeddable":true,"href":"https:\/\/evertonfc.cz\/index.php\/wp-json\/wp\/v2\/categories?post=4119"},{"taxonomy":"post_tag","embeddable":true,"href":"https:\/\/evertonfc.cz\/index.php\/wp-json\/wp\/v2\/tags?post=4119"}],"curies":[{"name":"wp","href":"https:\/\/api.w.org\/{rel}","templated":true}]}}