{"id":4121,"date":"2011-03-15T20:47:48","date_gmt":"2011-03-15T19:47:48","guid":{"rendered":"http:\/\/evertonfc.cz\/?p=4121"},"modified":"2019-02-12T20:49:19","modified_gmt":"2019-02-12T19:49:19","slug":"moyes-na-minulost-nemysli-hledi-dopredu","status":"publish","type":"post","link":"https:\/\/evertonfc.cz\/index.php\/2011\/03\/15\/moyes-na-minulost-nemysli-hledi-dopredu\/","title":{"rendered":"Moyes na minulost nemysl\u00ed, hled\u00ed dop\u0159edu"},"content":{"rendered":"<h4>Je to u\u017e dlouh\u00fdch dev\u011bt let, co David Moyes usedl na lavi\u010dku Evertonu. Za celou dobu st\u00e1l u mnoha d\u016fle\u017eit\u00fdch ud\u00e1lost\u00ed, p\u0159esto se s nimi nechce Skot zab\u00fdvat a rad\u0161i se d\u00edv\u00e1 do budoucnosti.<\/h4>\n<p><em>\u201eNa konci sez\u00f3ny bude d\u016fle\u017eit\u00e9, abychom si ujasnili, jak\u00fdm zp\u016fsobem chceme v na\u0161\u00ed pr\u00e1ci d\u00e1l pokra\u010dovat. Spolu s p\u0159edsedou a lidmi z p\u0159edstavenstva si sedneme, j\u00e1 jim sd\u011bl\u00edm svoje pl\u00e1ny a od nich budu cht\u00edt sly\u0161et strategii Evertonu. Potom rozhodnu, zda by se jejich p\u0159ednesen\u00e9 pl\u00e1ny mohly zrealizovat,\u201c\u00a0<\/em>napov\u011bd\u011bl Moyes o budoucnosti.<\/p>\n<p>I kdy\u017e to mo\u017en\u00e1 bude zn\u00edt jako obehran\u00e1 p\u00edsni\u010dka, Moyes Everton rozhodn\u011b pozvedl. Od sv\u00e9ho prvn\u00edho z\u00e1pasu z \u00a016. b\u0159ezna 2002, kdy\u017e Toffees porazili Fulham 2:1, uplynulo hodn\u011b \u010dasu, b\u011bhem n\u011bho\u017e se Everton dostal mezi nejlep\u0161\u00ed t\u00fdmy Premier League. Ne v\u017edy se ale da\u0159ilo, co\u017e mana\u017eer p\u0159izn\u00e1v\u00e1:\u00a0<em>\u201eOb\u010das jsem se c\u00edtil doslova trapn\u011b, kdy\u017e jsme hr\u00e1li pod na\u0161\u00ed \u00farovn\u00ed. Beru za to v\u0161echno odpov\u011bdnost. N\u011bkdy jsem si a\u017e \u0159\u00edkal: Nem\u016f\u017eeme hr\u00e1t snad proboha a\u017e tak zle.\u201c<\/em><\/p>\n<p>P\u0159i \u0161patn\u00e9 finan\u010dn\u00ed situaci Evertonu, kdy klub neuvol\u0148uje na p\u0159estupy t\u00e9m\u011b\u0159 \u017e\u00e1dn\u00e9 pen\u00edze, m\u00e1 David Moyes po sez\u00f3n\u011b dv\u011b mo\u017enosti. Bu\u010f odejde, sice od rozd\u011blan\u00e9 pr\u00e1ce, av\u0161ak ur\u010dit\u011b mnoho lid\u00ed by jeho krok pochopilo. Anebo za\u010dne stav\u011bt na mlad\u00fdch a levn\u00fdch hr\u00e1\u010d\u00edch, z kter\u00fdch pozd\u011bji vybuduje konkurenceschopn\u00fd t\u00fdm. Nab\u00edz\u00ed se srovn\u00e1n\u00ed se Sirem Alexem Fergusonem, kter\u00fd vychoval v Man Utd hodn\u011b silnou generaci hr\u00e1\u010d\u016f. A pak, kdo v\u00ed, t\u0159eba se Everton op\u011bt probojuje v lize do prvn\u00ed \u010dty\u0159ky jako v roce 2005.<\/p>\n<p>P\u0159esto\u017ee se rod\u00e1k z Glasgowa zahl\u00e9dl v ko\u0148sk\u00fdch z\u00e1vodech, s\u00e1m dokonce vlastn\u00edho jednoho h\u0159ebce se zaj\u00edmav\u00fdm jm\u00e9nem Desert Cry, fotbalem po\u0159\u00e1d \u017eije.\u00a0<em>\u201eV sou\u010dasnosti neust\u00e1le p\u0159em\u00fd\u0161l\u00edm a pokl\u00e1d\u00e1m si n\u00e1sleduj\u00edc\u00ed ot\u00e1zku &#8211; Jak vy\u0159e\u0161it situaci v Evertonu? Pokud bych byl neokoukan\u00fd mana\u017eer a pr\u00e1v\u011b te\u010f se uj\u00edmal ot\u011b\u017e\u00ed v Evertonu, m\u011bl bych p\u00e1r n\u00e1pad\u016f, jak dostat t\u00fdm nahoru.<\/em><\/p>\n<p><em>Klub je ale stabilizovan\u00fd, podle m\u011b nem\u00e1 \u017e\u00e1dn\u00e9 velk\u00e9 finan\u010dn\u00ed pot\u00ed\u017ee, je\u017e by n\u00e1s mohly ohrozit. A ani nehrajeme o z\u00e1chranu. Leto\u0161n\u00ed rok se mo\u017en\u00e1 zd\u00e1 b\u00fdt prvn\u00edm, v n\u011bm\u017e nem\u00e1me v\u0161echny pozice dostate\u010dn\u011b kvalitn\u011b zdvojen\u00e9, d\u00edky \u010demu\u017e nep\u0159edv\u00e1d\u00edme nejlep\u0161\u00ed v\u00fdkony.\u201c<\/em><\/p>\n<p>Everton sice nen\u00ed v ekonomick\u00e9 krizi, pen\u00edze na p\u0159estupy v\u0161ak chyb\u00ed. Proto \u010dasto sm\u011b\u0159uje na p\u0159edsedu Billa Kenwrighta kritika s hlavn\u00ed my\u0161lenkou, kter\u00e1 se v\u011bt\u0161inou opakuje. Pro\u010d nen\u00ed schopn\u00fd prodat Everton bohat\u00e9mu investorovi? V\u017edy\u0165 t\u0159eba Liverpool, \u00a0Manchester City, Aston Villa, Blackburn, Sunderland, Birmingham, Newcastle nebo Wolves ho na\u0161li. David Moyes si o tom mysl\u00ed sv\u00e9:<\/p>\n<p><em>\u201eNa\u0161e situace mi nep\u0159ijde zvl\u00e1\u0161tn\u00ed, proto\u017ee ji ch\u00e1pu. Kdy\u017e chce n\u011bkdo koupit Evertonu, podle m\u011b po n\u011bm Bill Kenwright nepo\u017eaduje nadstandardn\u00ed pen\u00edze. Pokud by tak d\u011blal, ur\u010dit\u011b bychom se o tom do\u010detli hned v novin\u00e1ch. Jestli\u017ee se pod\u00edv\u00e1m na majitele ostatn\u00edch klub\u016f, nerad bych je srovn\u00e1val s Evertonem, my jsme jin\u00fd p\u0159\u00edpad. V\u00edm to, p\u0159edseda mi \u0159\u00edk\u00e1 v\u0161echno. O EFC se zaj\u00edmal jeden nebo dva kupci, ov\u0161em ani jeden nep\u0159i\u0161el s konkr\u00e9tn\u00ed nab\u00eddkou a cht\u011bl hned v\u0161e dot\u00e1hnout do konce.\u201c<\/em><\/p>\n<p>V dne\u0161n\u00ed dob\u011b, kdy lze jen velmi t\u011b\u017eko koupit dal\u0161\u00edho Tima Cahilla za \u00a31,8 milion\u016f \u010di Mikela Artetu za \u00a32,5 milion\u016f. Vzhledem k ji\u017e zmi\u0148ovan\u00e9 situace Evertonu s rozpo\u010dtem na p\u0159estupy, se Davidu Moyesovi nab\u00edz\u00ed jedno \u0159e\u0161en\u00ed. Prodej a pak nakupuj. S pen\u011bzi za odchody hr\u00e1\u010d\u016f, kte\u0159\u00ed v sou\u010dasnosti hostuj\u00ed v jin\u00fdch klubech (Yobo, Yakubu, Vaughan), se po\u010d\u00edt\u00e1. Pad\u00e1 ale ot\u00e1zka, zda prodat n\u011bjakou oporu. V Liverpoolu v zimn\u00edm p\u0159estupov\u00e9m okn\u011b za miliony z Torrese p\u0159ivedli dva kvalitn\u00ed fotbalisty. A ani v Evertonu nemus\u00edme j\u00edt daleko do historie pro podobn\u00fd p\u0159\u00edklad. Za \u00a353m z prodeje Rooneyho a Lescotta se nakoupilo po\u017eehnan\u011b dobr\u00fdch hr\u00e1\u010d\u016f.<\/p>\n<p>Moyes ov\u0161em prodej Jacka Rodwella nebo Marouaneho Fellainiho r\u00e1zn\u011b odm\u00edt\u00e1:\u00a0<em>\u201eJsem absolutn\u011b proti jejich odchod\u016fm. P\u0159ece buduji n\u011bjak\u00fd t\u00fdm, nem\u00e1m v \u00famyslu ho bourat.<\/em><\/p>\n<p><em>Torres cht\u011bl odej\u00edt, Liverpool si za n\u011bj vydupal nejlep\u0161\u00ed mo\u017enou \u010d\u00e1stku a potom ty pen\u00edze investoval. Nejsem si ale jist, zda by Liverpool byl ochoten prodat n\u011bkter\u00e9ho ze sv\u00fdch srdca\u0159\u016f, jak\u00fdmi jsou Steven Gerrard nebo Jamie Carragher. Neradi by je prodali. J\u00e1 to m\u00e1m podobn\u00e9, cht\u011bl jsem udr\u017eet Wayna stejn\u011b tak jako si nep\u0159eji odchod Jacka.\u201c<\/em><\/p>\n<p>Davida Moyese na\u0161tvali bulv\u00e1rn\u00ed pis\u00e1lci. Kdy\u017e po proh\u0159e s Boltonem v minul\u00e9m m\u011bs\u00edci, byl boss Toffees po utk\u00e1n\u00ed zachycen kamerou v naprosto odevzdan\u00e9m a zoufal\u00e9m gestu. Novin\u00e1\u0159i si hned usmysleli, \u017ee se bl\u00ed\u017e\u00ed jeho konec v Evertonu.\u00a0<em>\u201e\u0160tve m\u011b, \u017ee z p\u00e1r v\u00fdraz\u016f si hned n\u011bkdo vyvod\u00ed z\u00e1v\u011bry. Emoce k m\u00e9mu povol\u00e1n\u00ed pat\u0159\u00ed. M\u00e1m ambice po \u00fasp\u011bchu, to se v\u016fbec nezm\u011bnilo. Snad d\u011bl\u00e1m z\u00e1\u017eivn\u00e9 tr\u00e9ninky, v\u017edy kdy\u017e p\u0159ijdu do pr\u00e1ce, zkontroluju hr\u00e1\u010de, zjist\u00edm, jak na tom jsou. Tohle m\u011b bav\u00ed na zam\u011bstn\u00e1n\u00ed, v n\u011bm\u017e jste u\u017e del\u0161\u00ed dobu.\u201c<\/em>&lt;<\/p>\n","protected":false},"excerpt":{"rendered":"<p>Je to u\u017e dlouh\u00fdch dev\u011bt let, co David Moyes usedl na lavi\u010dku Evertonu. Za celou dobu st\u00e1l u mnoha d\u016fle\u017eit\u00fdch&hellip;<\/p>\n","protected":false},"author":6,"featured_media":1312,"comment_status":"open","ping_status":"closed","sticky":false,"template":"","format":"standard","meta":{"_eb_attr":"","_monsterinsights_skip_tracking":false,"_monsterinsights_sitenote_active":false,"_monsterinsights_sitenote_note":"","_monsterinsights_sitenote_category":0,"footnotes":""},"categories":[1],"tags":[],"yoast_head":"<!-- This site is optimized with the Yoast SEO plugin v23.4 - https:\/\/yoast.com\/wordpress\/plugins\/seo\/ -->\n<title>Moyes na minulost nemysl\u00ed, hled\u00ed dop\u0159edu - Official Czech &amp; Slovak Everton Supporters&#039; Club<\/title>\n<meta name=\"robots\" content=\"index, follow, max-snippet:-1, max-image-preview:large, max-video-preview:-1\" \/>\n<link rel=\"canonical\" href=\"https:\/\/evertonfc.cz\/index.php\/2011\/03\/15\/moyes-na-minulost-nemysli-hledi-dopredu\/\" \/>\n<meta property=\"og:locale\" content=\"cs_CZ\" \/>\n<meta property=\"og:type\" content=\"article\" \/>\n<meta property=\"og:title\" content=\"Moyes na minulost nemysl\u00ed, hled\u00ed dop\u0159edu - Official Czech &amp; Slovak Everton Supporters&#039; Club\" \/>\n<meta property=\"og:description\" content=\"Je to u\u017e dlouh\u00fdch dev\u011bt let, co David Moyes usedl na lavi\u010dku Evertonu. Za celou dobu st\u00e1l u mnoha d\u016fle\u017eit\u00fdch&hellip;\" \/>\n<meta property=\"og:url\" content=\"https:\/\/evertonfc.cz\/index.php\/2011\/03\/15\/moyes-na-minulost-nemysli-hledi-dopredu\/\" \/>\n<meta property=\"og:site_name\" content=\"Official Czech &amp; Slovak Everton Supporters&#039; Club\" \/>\n<meta property=\"article:publisher\" content=\"https:\/\/www.facebook.com\/everton.fans.cz.sk\" \/>\n<meta property=\"article:published_time\" content=\"2011-03-15T19:47:48+00:00\" \/>\n<meta property=\"article:modified_time\" content=\"2019-02-12T19:49:19+00:00\" \/>\n<meta property=\"og:image\" content=\"https:\/\/evertonfc.cz\/wp-content\/uploads\/2019\/01\/interview.jpg\" \/>\n\t<meta property=\"og:image:width\" content=\"720\" \/>\n\t<meta property=\"og:image:height\" content=\"405\" \/>\n\t<meta property=\"og:image:type\" content=\"image\/jpeg\" \/>\n<meta name=\"author\" content=\"Ri\u010di\" \/>\n<meta name=\"twitter:card\" content=\"summary_large_image\" \/>\n<meta name=\"twitter:creator\" content=\"@rbrejsa\" \/>\n<meta name=\"twitter:label1\" content=\"Napsal(a)\" \/>\n\t<meta name=\"twitter:data1\" content=\"Ri\u010di\" \/>\n\t<meta name=\"twitter:label2\" content=\"Odhadovan\u00e1 doba \u010dten\u00ed\" \/>\n\t<meta name=\"twitter:data2\" content=\"5 minut\" \/>\n<script type=\"application\/ld+json\" class=\"yoast-schema-graph\">{\"@context\":\"https:\/\/schema.org\",\"@graph\":[{\"@type\":\"Article\",\"@id\":\"https:\/\/evertonfc.cz\/index.php\/2011\/03\/15\/moyes-na-minulost-nemysli-hledi-dopredu\/#article\",\"isPartOf\":{\"@id\":\"https:\/\/evertonfc.cz\/index.php\/2011\/03\/15\/moyes-na-minulost-nemysli-hledi-dopredu\/\"},\"author\":{\"name\":\"Ri\u010di\",\"@id\":\"https:\/\/evertonfc.cz\/#\/schema\/person\/f7a5daedb2ffee98480bc70e191aaef1\"},\"headline\":\"Moyes na minulost nemysl\u00ed, hled\u00ed dop\u0159edu\",\"datePublished\":\"2011-03-15T19:47:48+00:00\",\"dateModified\":\"2019-02-12T19:49:19+00:00\",\"mainEntityOfPage\":{\"@id\":\"https:\/\/evertonfc.cz\/index.php\/2011\/03\/15\/moyes-na-minulost-nemysli-hledi-dopredu\/\"},\"wordCount\":1002,\"commentCount\":0,\"publisher\":{\"@id\":\"https:\/\/evertonfc.cz\/#organization\"},\"image\":{\"@id\":\"https:\/\/evertonfc.cz\/index.php\/2011\/03\/15\/moyes-na-minulost-nemysli-hledi-dopredu\/#primaryimage\"},\"thumbnailUrl\":\"https:\/\/evertonfc.cz\/wp-content\/uploads\/2019\/01\/interview.jpg\",\"articleSection\":[\"Rozhovory\"],\"inLanguage\":\"cs\",\"potentialAction\":[{\"@type\":\"CommentAction\",\"name\":\"Comment\",\"target\":[\"https:\/\/evertonfc.cz\/index.php\/2011\/03\/15\/moyes-na-minulost-nemysli-hledi-dopredu\/#respond\"]}]},{\"@type\":\"WebPage\",\"@id\":\"https:\/\/evertonfc.cz\/index.php\/2011\/03\/15\/moyes-na-minulost-nemysli-hledi-dopredu\/\",\"url\":\"https:\/\/evertonfc.cz\/index.php\/2011\/03\/15\/moyes-na-minulost-nemysli-hledi-dopredu\/\",\"name\":\"Moyes na minulost nemysl\u00ed, hled\u00ed dop\u0159edu - Official Czech &amp; Slovak Everton Supporters&#039; Club\",\"isPartOf\":{\"@id\":\"https:\/\/evertonfc.cz\/#website\"},\"primaryImageOfPage\":{\"@id\":\"https:\/\/evertonfc.cz\/index.php\/2011\/03\/15\/moyes-na-minulost-nemysli-hledi-dopredu\/#primaryimage\"},\"image\":{\"@id\":\"https:\/\/evertonfc.cz\/index.php\/2011\/03\/15\/moyes-na-minulost-nemysli-hledi-dopredu\/#primaryimage\"},\"thumbnailUrl\":\"https:\/\/evertonfc.cz\/wp-content\/uploads\/2019\/01\/interview.jpg\",\"datePublished\":\"2011-03-15T19:47:48+00:00\",\"dateModified\":\"2019-02-12T19:49:19+00:00\",\"breadcrumb\":{\"@id\":\"https:\/\/evertonfc.cz\/index.php\/2011\/03\/15\/moyes-na-minulost-nemysli-hledi-dopredu\/#breadcrumb\"},\"inLanguage\":\"cs\",\"potentialAction\":[{\"@type\":\"ReadAction\",\"target\":[\"https:\/\/evertonfc.cz\/index.php\/2011\/03\/15\/moyes-na-minulost-nemysli-hledi-dopredu\/\"]}]},{\"@type\":\"ImageObject\",\"inLanguage\":\"cs\",\"@id\":\"https:\/\/evertonfc.cz\/index.php\/2011\/03\/15\/moyes-na-minulost-nemysli-hledi-dopredu\/#primaryimage\",\"url\":\"https:\/\/evertonfc.cz\/wp-content\/uploads\/2019\/01\/interview.jpg\",\"contentUrl\":\"https:\/\/evertonfc.cz\/wp-content\/uploads\/2019\/01\/interview.jpg\",\"width\":720,\"height\":405},{\"@type\":\"BreadcrumbList\",\"@id\":\"https:\/\/evertonfc.cz\/index.php\/2011\/03\/15\/moyes-na-minulost-nemysli-hledi-dopredu\/#breadcrumb\",\"itemListElement\":[{\"@type\":\"ListItem\",\"position\":1,\"name\":\"Home\",\"item\":\"https:\/\/evertonfc.cz\/\"},{\"@type\":\"ListItem\",\"position\":2,\"name\":\"Moyes na minulost nemysl\u00ed, hled\u00ed dop\u0159edu\"}]},{\"@type\":\"WebSite\",\"@id\":\"https:\/\/evertonfc.cz\/#website\",\"url\":\"https:\/\/evertonfc.cz\/\",\"name\":\"Official Czech &amp; Slovak Everton Supporters&#039; Club\",\"description\":\"\",\"publisher\":{\"@id\":\"https:\/\/evertonfc.cz\/#organization\"},\"potentialAction\":[{\"@type\":\"SearchAction\",\"target\":{\"@type\":\"EntryPoint\",\"urlTemplate\":\"https:\/\/evertonfc.cz\/?s={search_term_string}\"},\"query-input\":{\"@type\":\"PropertyValueSpecification\",\"valueRequired\":true,\"valueName\":\"search_term_string\"}}],\"inLanguage\":\"cs\"},{\"@type\":\"Organization\",\"@id\":\"https:\/\/evertonfc.cz\/#organization\",\"name\":\"Official Czech & Slovak Everton Supporters' Club\",\"url\":\"https:\/\/evertonfc.cz\/\",\"logo\":{\"@type\":\"ImageObject\",\"inLanguage\":\"cs\",\"@id\":\"https:\/\/evertonfc.cz\/#\/schema\/logo\/image\/\",\"url\":\"https:\/\/evertonfc.cz\/wp-content\/uploads\/2019\/05\/logo.png\",\"contentUrl\":\"https:\/\/evertonfc.cz\/wp-content\/uploads\/2019\/05\/logo.png\",\"width\":112,\"height\":112,\"caption\":\"Official Czech & Slovak Everton Supporters' Club\"},\"image\":{\"@id\":\"https:\/\/evertonfc.cz\/#\/schema\/logo\/image\/\"},\"sameAs\":[\"https:\/\/www.facebook.com\/everton.fans.cz.sk\"]},{\"@type\":\"Person\",\"@id\":\"https:\/\/evertonfc.cz\/#\/schema\/person\/f7a5daedb2ffee98480bc70e191aaef1\",\"name\":\"Ri\u010di\",\"sameAs\":[\"https:\/\/x.com\/rbrejsa\"],\"url\":\"https:\/\/evertonfc.cz\/index.php\/author\/rici\/\"}]}<\/script>\n<!-- \/ Yoast SEO plugin. -->","yoast_head_json":{"title":"Moyes na minulost nemysl\u00ed, hled\u00ed dop\u0159edu - Official Czech &amp; Slovak Everton Supporters&#039; Club","robots":{"index":"index","follow":"follow","max-snippet":"max-snippet:-1","max-image-preview":"max-image-preview:large","max-video-preview":"max-video-preview:-1"},"canonical":"https:\/\/evertonfc.cz\/index.php\/2011\/03\/15\/moyes-na-minulost-nemysli-hledi-dopredu\/","og_locale":"cs_CZ","og_type":"article","og_title":"Moyes na minulost nemysl\u00ed, hled\u00ed dop\u0159edu - Official Czech &amp; Slovak Everton Supporters&#039; Club","og_description":"Je to u\u017e dlouh\u00fdch dev\u011bt let, co David Moyes usedl na lavi\u010dku Evertonu. Za celou dobu st\u00e1l u mnoha d\u016fle\u017eit\u00fdch&hellip;","og_url":"https:\/\/evertonfc.cz\/index.php\/2011\/03\/15\/moyes-na-minulost-nemysli-hledi-dopredu\/","og_site_name":"Official Czech &amp; Slovak Everton Supporters&#039; Club","article_publisher":"https:\/\/www.facebook.com\/everton.fans.cz.sk","article_published_time":"2011-03-15T19:47:48+00:00","article_modified_time":"2019-02-12T19:49:19+00:00","og_image":[{"width":720,"height":405,"url":"https:\/\/evertonfc.cz\/wp-content\/uploads\/2019\/01\/interview.jpg","type":"image\/jpeg"}],"author":"Ri\u010di","twitter_card":"summary_large_image","twitter_creator":"@rbrejsa","twitter_misc":{"Napsal(a)":"Ri\u010di","Odhadovan\u00e1 doba \u010dten\u00ed":"5 minut"},"schema":{"@context":"https:\/\/schema.org","@graph":[{"@type":"Article","@id":"https:\/\/evertonfc.cz\/index.php\/2011\/03\/15\/moyes-na-minulost-nemysli-hledi-dopredu\/#article","isPartOf":{"@id":"https:\/\/evertonfc.cz\/index.php\/2011\/03\/15\/moyes-na-minulost-nemysli-hledi-dopredu\/"},"author":{"name":"Ri\u010di","@id":"https:\/\/evertonfc.cz\/#\/schema\/person\/f7a5daedb2ffee98480bc70e191aaef1"},"headline":"Moyes na minulost nemysl\u00ed, hled\u00ed dop\u0159edu","datePublished":"2011-03-15T19:47:48+00:00","dateModified":"2019-02-12T19:49:19+00:00","mainEntityOfPage":{"@id":"https:\/\/evertonfc.cz\/index.php\/2011\/03\/15\/moyes-na-minulost-nemysli-hledi-dopredu\/"},"wordCount":1002,"commentCount":0,"publisher":{"@id":"https:\/\/evertonfc.cz\/#organization"},"image":{"@id":"https:\/\/evertonfc.cz\/index.php\/2011\/03\/15\/moyes-na-minulost-nemysli-hledi-dopredu\/#primaryimage"},"thumbnailUrl":"https:\/\/evertonfc.cz\/wp-content\/uploads\/2019\/01\/interview.jpg","articleSection":["Rozhovory"],"inLanguage":"cs","potentialAction":[{"@type":"CommentAction","name":"Comment","target":["https:\/\/evertonfc.cz\/index.php\/2011\/03\/15\/moyes-na-minulost-nemysli-hledi-dopredu\/#respond"]}]},{"@type":"WebPage","@id":"https:\/\/evertonfc.cz\/index.php\/2011\/03\/15\/moyes-na-minulost-nemysli-hledi-dopredu\/","url":"https:\/\/evertonfc.cz\/index.php\/2011\/03\/15\/moyes-na-minulost-nemysli-hledi-dopredu\/","name":"Moyes na minulost nemysl\u00ed, hled\u00ed dop\u0159edu - Official Czech &amp; Slovak Everton Supporters&#039; Club","isPartOf":{"@id":"https:\/\/evertonfc.cz\/#website"},"primaryImageOfPage":{"@id":"https:\/\/evertonfc.cz\/index.php\/2011\/03\/15\/moyes-na-minulost-nemysli-hledi-dopredu\/#primaryimage"},"image":{"@id":"https:\/\/evertonfc.cz\/index.php\/2011\/03\/15\/moyes-na-minulost-nemysli-hledi-dopredu\/#primaryimage"},"thumbnailUrl":"https:\/\/evertonfc.cz\/wp-content\/uploads\/2019\/01\/interview.jpg","datePublished":"2011-03-15T19:47:48+00:00","dateModified":"2019-02-12T19:49:19+00:00","breadcrumb":{"@id":"https:\/\/evertonfc.cz\/index.php\/2011\/03\/15\/moyes-na-minulost-nemysli-hledi-dopredu\/#breadcrumb"},"inLanguage":"cs","potentialAction":[{"@type":"ReadAction","target":["https:\/\/evertonfc.cz\/index.php\/2011\/03\/15\/moyes-na-minulost-nemysli-hledi-dopredu\/"]}]},{"@type":"ImageObject","inLanguage":"cs","@id":"https:\/\/evertonfc.cz\/index.php\/2011\/03\/15\/moyes-na-minulost-nemysli-hledi-dopredu\/#primaryimage","url":"https:\/\/evertonfc.cz\/wp-content\/uploads\/2019\/01\/interview.jpg","contentUrl":"https:\/\/evertonfc.cz\/wp-content\/uploads\/2019\/01\/interview.jpg","width":720,"height":405},{"@type":"BreadcrumbList","@id":"https:\/\/evertonfc.cz\/index.php\/2011\/03\/15\/moyes-na-minulost-nemysli-hledi-dopredu\/#breadcrumb","itemListElement":[{"@type":"ListItem","position":1,"name":"Home","item":"https:\/\/evertonfc.cz\/"},{"@type":"ListItem","position":2,"name":"Moyes na minulost nemysl\u00ed, hled\u00ed dop\u0159edu"}]},{"@type":"WebSite","@id":"https:\/\/evertonfc.cz\/#website","url":"https:\/\/evertonfc.cz\/","name":"Official Czech &amp; Slovak Everton Supporters&#039; Club","description":"","publisher":{"@id":"https:\/\/evertonfc.cz\/#organization"},"potentialAction":[{"@type":"SearchAction","target":{"@type":"EntryPoint","urlTemplate":"https:\/\/evertonfc.cz\/?s={search_term_string}"},"query-input":{"@type":"PropertyValueSpecification","valueRequired":true,"valueName":"search_term_string"}}],"inLanguage":"cs"},{"@type":"Organization","@id":"https:\/\/evertonfc.cz\/#organization","name":"Official Czech & Slovak Everton Supporters' Club","url":"https:\/\/evertonfc.cz\/","logo":{"@type":"ImageObject","inLanguage":"cs","@id":"https:\/\/evertonfc.cz\/#\/schema\/logo\/image\/","url":"https:\/\/evertonfc.cz\/wp-content\/uploads\/2019\/05\/logo.png","contentUrl":"https:\/\/evertonfc.cz\/wp-content\/uploads\/2019\/05\/logo.png","width":112,"height":112,"caption":"Official Czech & Slovak Everton Supporters' Club"},"image":{"@id":"https:\/\/evertonfc.cz\/#\/schema\/logo\/image\/"},"sameAs":["https:\/\/www.facebook.com\/everton.fans.cz.sk"]},{"@type":"Person","@id":"https:\/\/evertonfc.cz\/#\/schema\/person\/f7a5daedb2ffee98480bc70e191aaef1","name":"Ri\u010di","sameAs":["https:\/\/x.com\/rbrejsa"],"url":"https:\/\/evertonfc.cz\/index.php\/author\/rici\/"}]}},"_links":{"self":[{"href":"https:\/\/evertonfc.cz\/index.php\/wp-json\/wp\/v2\/posts\/4121"}],"collection":[{"href":"https:\/\/evertonfc.cz\/index.php\/wp-json\/wp\/v2\/posts"}],"about":[{"href":"https:\/\/evertonfc.cz\/index.php\/wp-json\/wp\/v2\/types\/post"}],"author":[{"embeddable":true,"href":"https:\/\/evertonfc.cz\/index.php\/wp-json\/wp\/v2\/users\/6"}],"replies":[{"embeddable":true,"href":"https:\/\/evertonfc.cz\/index.php\/wp-json\/wp\/v2\/comments?post=4121"}],"version-history":[{"count":1,"href":"https:\/\/evertonfc.cz\/index.php\/wp-json\/wp\/v2\/posts\/4121\/revisions"}],"predecessor-version":[{"id":4123,"href":"https:\/\/evertonfc.cz\/index.php\/wp-json\/wp\/v2\/posts\/4121\/revisions\/4123"}],"wp:featuredmedia":[{"embeddable":true,"href":"https:\/\/evertonfc.cz\/index.php\/wp-json\/wp\/v2\/media\/1312"}],"wp:attachment":[{"href":"https:\/\/evertonfc.cz\/index.php\/wp-json\/wp\/v2\/media?parent=4121"}],"wp:term":[{"taxonomy":"category","embeddable":true,"href":"https:\/\/evertonfc.cz\/index.php\/wp-json\/wp\/v2\/categories?post=4121"},{"taxonomy":"post_tag","embeddable":true,"href":"https:\/\/evertonfc.cz\/index.php\/wp-json\/wp\/v2\/tags?post=4121"}],"curies":[{"name":"wp","href":"https:\/\/api.w.org\/{rel}","templated":true}]}}