{"id":4124,"date":"2015-09-28T20:49:27","date_gmt":"2015-09-28T18:49:27","guid":{"rendered":"http:\/\/evertonfc.cz\/?p=4124"},"modified":"2019-02-12T20:50:20","modified_gmt":"2019-02-12T19:50:20","slug":"west-bromwich-albion-everton-23","status":"publish","type":"post","link":"https:\/\/evertonfc.cz\/index.php\/2015\/09\/28\/west-bromwich-albion-everton-23\/","title":{"rendered":"West Bromwich Albion &#8211; Everton 2:3"},"content":{"rendered":"<h4 id=\"NewsPostDetailSummary\">M\u016fj mil\u00fd den\u00ed\u010dku, bylo by mo\u017en\u00e9 hr\u00e1t pouze druh\u00e9 polo\u010dasy a ty prvn\u00ed zru\u0161it?<\/h4>\n<div id=\"NewsPostDetailContent\">\n<p>Stones se neuzdravil \/nahradil ho Mori\/ a nakonec neusedl ani na lavi\u010dku n\u00e1hradn\u00edk\u016f, stejn\u011b jako Coleman. Na prav\u00e9 obran\u011b tak nastoupil Browning a pro zm\u011bnu na lev\u00e9 z\u00e1loze Naismith. Ji\u017e mezi n\u00e1hradn\u00edky usedl Oviedo. M\u00edsto v z\u00e1kladn\u00ed sestav\u011b si udr\u017eel Deulofeu, tentokr\u00e1t jako prav\u00fd z\u00e1lo\u017en\u00edk. Oba b\u00fdval\u00ed hr\u00e1\u010di Evertonu v sestav\u011b soupe\u0159e, McManaman a Anichebe, za\u010dali mezi n\u00e1hradn\u00edky.<\/p>\n<p>Prvn\u00ed zaznamen\u00e1n\u00edhodn\u00e1 ud\u00e1lost byla v osm\u00e9 minut\u011b st\u0159ela Morrisona, Howard se v chladn\u00e9m ve\u010deru rutinn\u011b zah\u0159\u00e1l. Pak m\u011bl dva dobr\u00e9 \u00famysly Barkley, ale realizace v\u00e1zla, ono d\u011blat nar\u00e1\u017ee\u010dku na zdvojen\u00e9ho spoluhr\u00e1\u010d nen\u00ed zrovna dobr\u00fd n\u00e1pad (o zbyte\u010dn\u00e9m zadrb\u00e1n\u00ed nad\u011bjn\u00e9 jin\u00e9 akce nemluv\u011b). Rozpa\u010dit\u00fd v\u00fdkon host\u016f z prvn\u00ed p\u016fle prvn\u00ed p\u016fle byl charakterizov\u00e1n trest\u0148\u00e1kem stejn\u00e9ho hr\u00e1\u010de, kdy m\u00ed\u010d pro\u0161el cel\u00fdm velk\u00fdm v\u00e1pnem bez toho, \u017ee by byl n\u011bk\u00fdm te\u010dov\u00e1n. Prvn\u00ed polovinu oboustrann\u00e9 nudy zakon\u010dila p\u011bkn\u00e1 p\u0159ihr\u00e1vka Deulofeua na Barkleyho, ale tomu prvn\u00ed p\u016flka opravdu nevy\u0161la, z dobr\u00e9 pozice vyst\u0159elil asi t\u0159i metry vedle ty\u010de.<\/p>\n<p>Kr\u00e1tce p\u0159ed polo\u010dasem uk\u00e1zal Mori, \u017ee i on um\u00ed p\u0159est\u0159elit branku. A tak p\u0159i\u0161el trest. \u0160patn\u00fd odkop Barryho se dostal k Morrisonovi, ten okam\u017eit\u011b poslal p\u0159ihr\u00e1vku na nab\u00edhaj\u00edc\u00edho Berahina mezi stopery a a\u010d Howard dob\u0159e vyb\u011bhl a na m\u00ed\u010d si nohou s\u00e1hl, tak p\u0159ece jen skon\u010dil pod b\u0159evnem &#8211; <strong>1:0. <\/strong>V posledn\u00ed zaj\u00edmav\u00e9 akci Evertonu v prvn\u00ed p\u016fli vysoko p\u0159est\u0159elil br\u00e1nu hlavi\u010dkou Browning po Barkleyho centru z rohu. Po \u0161patn\u00e9m v\u00fdkonu lehce nespravedliv\u011b tedy Everton prvn\u00ed p\u016fli prohr\u00e1l.<\/p>\n<p>Kr\u00e1tce po p\u0159est\u00e1vce bylo je\u0161t\u011b h\u016f\u0159. Fletcherova hlavi\u010dka byla odkopnuta na roh a z n\u011bj ude\u0159ilo. Barkley nepochopiteln\u011b p\u0159i br\u00e1n\u011bn\u00ed rohu odb\u011bhl od Dawsona a ten hlavi\u010dkou z asi t\u0159\u00ed metr\u016f opravdu nem\u011bl probl\u00e9my &#8211; <strong>2:0.<\/strong> Hned z rozehr\u00e1n\u00ed ale zprava nacentroval Deulofeu a na sedmi metrech Lukaku p\u0159esko\u010dil Chestera a poslal m\u00ed\u010d za z\u00e1da Myhilla &#8211; <strong>2:1. <\/strong>V t\u00e9to f\u00e1zi utk\u00e1n\u00ed za\u010dal Everton sv\u00e9ho soupe\u0159e p\u0159ehr\u00e1vat, Brunt odkopl m\u00ed\u010d Lukakovi z nohy, pak Dawson zajel do Naismithe a Barkley poslal trestn\u00fd kop do zdi. Za strkanici p\u0159ed trest\u0148\u00e1kem ve zdi dostal Skot \u017elutou kartu. V 70. minut\u011b se za\u010dalo st\u0159\u00eddat, nejd\u0159\u00edv za dom\u00e1c\u00ed vyst\u0159\u00eddal Gardner Rond\u00f3na a za hosty uvolnili Naismith s Browningem m\u00edsto dvojici Gibson-Kon\u00e9.<\/p>\n<p>A p\u0159\u00edchod Kon\u00e9ho na h\u0159i\u0161t\u011b se vyplatil. Na jedn\u00e9 stran\u011b Galloway p\u011bkn\u011b na posledn\u00ed chv\u00edli zablokoval Berahina a z proti\u00fatoku bylo srovn\u00e1no. Lukaku uvolnil Kon\u00e9ho a ten z mal\u00e9ho ofsajdu p\u0159ekonal st\u0159elou ke vzd\u00e1len\u011bj\u0161\u00ed ty\u010di Myhilla &#8211; <strong>2:2. <\/strong>St\u0159elec odhalil p\u0159\u00e1n\u00ed k narozenin\u00e1m a dostal tak od rozhod\u010d\u00edho \u017elutou kartu, stejn\u011b jako p\u011bt minut p\u0159edt\u00edm McCarthy za nafilmovan\u00fd p\u00e1r ve v\u00e1pn\u011b soupe\u0159e. Everton pokra\u010doval v tlaku a to se vyplatilo. Dal\u0161\u00ed centr Deulofeua zprava si v\u0161elijak zpracoval Lukaku a zvl\u00e1dl zbl\u00edzka u lev\u00e9 ty\u010de prost\u0159elit brank\u00e1\u0159e &#8211; <strong>2:3! <\/strong>Hned pot\u00e9 dom\u00e1c\u00ed vyst\u0159\u00eddali, exRS Lambert vyst\u0159\u00eddal Yacoba a m\u011bl \u0161anci na vyrovn\u00e1n\u00ed, ale netrefil br\u00e1nu. Pak u\u017e jen Lennon vyst\u0159\u00eddal Lukaka a v 91. minut\u011b sv\u016fj \u0161patn\u00fd v\u00fdkon v utk\u00e1n\u00ed korunoval Barkley, kdy zvor\u00e1n\u00edm p\u0159ihr\u00e1vky zazdil brejk \u010dty\u0159i na jednoho.<\/p>\n<p>P\u0159esto ale Everton vyhr\u00e1l, p\u0159ed derby je p\u00e1t\u00fd a start m\u016f\u017ee b\u00fdt jednozna\u010dn\u011b pova\u017eov\u00e1n za poveden\u00fd. Akor\u00e1t zlep\u0161it ty prvn\u00ed polo\u010dasy by to cht\u011blo.<\/p>\n<p><strong>Branky: <\/strong>41. Saido Berahino, 54. Craig Dawson &#8211; 55. a 84. Romelu Lukaku 75. Arouna Kon\u00e9<br \/>\n<strong>\u017dK:<\/strong> 64. Steven Naismith, 70. James McCarthy, 76. Arouna Kon\u00e9<br \/>\n<strong>West Bromwich Albion: <\/strong>Boaz Myhill, Jonas Olsson (28. James Chester), Jonny Evans, Craig Dawson, James Morrison, Darren Fletcher, Claudio Yacob (85. Rickie Lambert), Chris Brunt, James McClean, Salom\u00f3n Rond\u00f3n (69. Craig Gardner), Saido Berahino<br \/>\n<strong>Everton FC: <\/strong>Tim Howard, Phil Jagielka, Ramiro Funes Mori, Brendan Galloway, Tyias Browning (72. Darron Gibson), Gareth Barry, Ross Barkley, James McCarthy, Steven Naismith (72. Arouna Kon\u00e9), Romelu Lukaku (89. Aaron Lennon), Gerard Deulofeu<br \/>\n<strong>Rozhod\u010d\u00ed:<\/strong> Robert Madley<br \/>\n<strong>Div\u00e1ci:<\/strong> 24 240<\/p>\n<\/div>\n","protected":false},"excerpt":{"rendered":"<p>M\u016fj mil\u00fd den\u00ed\u010dku, bylo by mo\u017en\u00e9 hr\u00e1t pouze druh\u00e9 polo\u010dasy a ty prvn\u00ed zru\u0161it? Stones se neuzdravil \/nahradil ho Mori\/&hellip;<\/p>\n","protected":false},"author":12,"featured_media":1315,"comment_status":"open","ping_status":"closed","sticky":false,"template":"","format":"standard","meta":{"_eb_attr":"","_monsterinsights_skip_tracking":false,"_monsterinsights_sitenote_active":false,"_monsterinsights_sitenote_note":"","_monsterinsights_sitenote_category":0,"footnotes":""},"categories":[4],"tags":[],"yoast_head":"<!-- This site is optimized with the Yoast SEO plugin v23.4 - https:\/\/yoast.com\/wordpress\/plugins\/seo\/ -->\n<title>West Bromwich Albion - Everton 2:3 - Official Czech &amp; Slovak Everton Supporters&#039; Club<\/title>\n<meta name=\"robots\" content=\"index, follow, max-snippet:-1, max-image-preview:large, max-video-preview:-1\" \/>\n<link rel=\"canonical\" href=\"https:\/\/evertonfc.cz\/index.php\/2015\/09\/28\/west-bromwich-albion-everton-23\/\" \/>\n<meta property=\"og:locale\" content=\"cs_CZ\" \/>\n<meta property=\"og:type\" content=\"article\" \/>\n<meta property=\"og:title\" content=\"West Bromwich Albion - Everton 2:3 - Official Czech &amp; Slovak Everton Supporters&#039; Club\" \/>\n<meta property=\"og:description\" content=\"M\u016fj mil\u00fd den\u00ed\u010dku, bylo by mo\u017en\u00e9 hr\u00e1t pouze druh\u00e9 polo\u010dasy a ty prvn\u00ed zru\u0161it? Stones se neuzdravil \/nahradil ho Mori\/&hellip;\" \/>\n<meta property=\"og:url\" content=\"https:\/\/evertonfc.cz\/index.php\/2015\/09\/28\/west-bromwich-albion-everton-23\/\" \/>\n<meta property=\"og:site_name\" content=\"Official Czech &amp; Slovak Everton Supporters&#039; Club\" \/>\n<meta property=\"article:publisher\" content=\"https:\/\/www.facebook.com\/everton.fans.cz.sk\" \/>\n<meta property=\"article:published_time\" content=\"2015-09-28T18:49:27+00:00\" \/>\n<meta property=\"article:modified_time\" content=\"2019-02-12T19:50:20+00:00\" \/>\n<meta property=\"og:image\" content=\"https:\/\/evertonfc.cz\/wp-content\/uploads\/2019\/01\/report.jpg\" \/>\n\t<meta property=\"og:image:width\" content=\"720\" \/>\n\t<meta property=\"og:image:height\" content=\"405\" \/>\n\t<meta property=\"og:image:type\" content=\"image\/jpeg\" \/>\n<meta name=\"author\" content=\"Javor\" \/>\n<meta name=\"twitter:card\" content=\"summary_large_image\" \/>\n<meta name=\"twitter:creator\" content=\"@LoudinJan\" \/>\n<meta name=\"twitter:label1\" content=\"Napsal(a)\" \/>\n\t<meta name=\"twitter:data1\" content=\"Javor\" \/>\n\t<meta name=\"twitter:label2\" content=\"Odhadovan\u00e1 doba \u010dten\u00ed\" \/>\n\t<meta name=\"twitter:data2\" content=\"4 minuty\" \/>\n<script type=\"application\/ld+json\" class=\"yoast-schema-graph\">{\"@context\":\"https:\/\/schema.org\",\"@graph\":[{\"@type\":\"Article\",\"@id\":\"https:\/\/evertonfc.cz\/index.php\/2015\/09\/28\/west-bromwich-albion-everton-23\/#article\",\"isPartOf\":{\"@id\":\"https:\/\/evertonfc.cz\/index.php\/2015\/09\/28\/west-bromwich-albion-everton-23\/\"},\"author\":{\"name\":\"Javor\",\"@id\":\"https:\/\/evertonfc.cz\/#\/schema\/person\/b30daf6a5852f4811f8207a17ec1bf78\"},\"headline\":\"West Bromwich Albion &#8211; Everton 2:3\",\"datePublished\":\"2015-09-28T18:49:27+00:00\",\"dateModified\":\"2019-02-12T19:50:20+00:00\",\"mainEntityOfPage\":{\"@id\":\"https:\/\/evertonfc.cz\/index.php\/2015\/09\/28\/west-bromwich-albion-everton-23\/\"},\"wordCount\":792,\"commentCount\":0,\"publisher\":{\"@id\":\"https:\/\/evertonfc.cz\/#organization\"},\"image\":{\"@id\":\"https:\/\/evertonfc.cz\/index.php\/2015\/09\/28\/west-bromwich-albion-everton-23\/#primaryimage\"},\"thumbnailUrl\":\"https:\/\/evertonfc.cz\/wp-content\/uploads\/2019\/01\/report.jpg\",\"articleSection\":[\"Z\u00e1pasy\"],\"inLanguage\":\"cs\",\"potentialAction\":[{\"@type\":\"CommentAction\",\"name\":\"Comment\",\"target\":[\"https:\/\/evertonfc.cz\/index.php\/2015\/09\/28\/west-bromwich-albion-everton-23\/#respond\"]}]},{\"@type\":\"WebPage\",\"@id\":\"https:\/\/evertonfc.cz\/index.php\/2015\/09\/28\/west-bromwich-albion-everton-23\/\",\"url\":\"https:\/\/evertonfc.cz\/index.php\/2015\/09\/28\/west-bromwich-albion-everton-23\/\",\"name\":\"West Bromwich Albion - Everton 2:3 - Official Czech &amp; Slovak Everton Supporters&#039; Club\",\"isPartOf\":{\"@id\":\"https:\/\/evertonfc.cz\/#website\"},\"primaryImageOfPage\":{\"@id\":\"https:\/\/evertonfc.cz\/index.php\/2015\/09\/28\/west-bromwich-albion-everton-23\/#primaryimage\"},\"image\":{\"@id\":\"https:\/\/evertonfc.cz\/index.php\/2015\/09\/28\/west-bromwich-albion-everton-23\/#primaryimage\"},\"thumbnailUrl\":\"https:\/\/evertonfc.cz\/wp-content\/uploads\/2019\/01\/report.jpg\",\"datePublished\":\"2015-09-28T18:49:27+00:00\",\"dateModified\":\"2019-02-12T19:50:20+00:00\",\"breadcrumb\":{\"@id\":\"https:\/\/evertonfc.cz\/index.php\/2015\/09\/28\/west-bromwich-albion-everton-23\/#breadcrumb\"},\"inLanguage\":\"cs\",\"potentialAction\":[{\"@type\":\"ReadAction\",\"target\":[\"https:\/\/evertonfc.cz\/index.php\/2015\/09\/28\/west-bromwich-albion-everton-23\/\"]}]},{\"@type\":\"ImageObject\",\"inLanguage\":\"cs\",\"@id\":\"https:\/\/evertonfc.cz\/index.php\/2015\/09\/28\/west-bromwich-albion-everton-23\/#primaryimage\",\"url\":\"https:\/\/evertonfc.cz\/wp-content\/uploads\/2019\/01\/report.jpg\",\"contentUrl\":\"https:\/\/evertonfc.cz\/wp-content\/uploads\/2019\/01\/report.jpg\",\"width\":720,\"height\":405},{\"@type\":\"BreadcrumbList\",\"@id\":\"https:\/\/evertonfc.cz\/index.php\/2015\/09\/28\/west-bromwich-albion-everton-23\/#breadcrumb\",\"itemListElement\":[{\"@type\":\"ListItem\",\"position\":1,\"name\":\"Home\",\"item\":\"https:\/\/evertonfc.cz\/\"},{\"@type\":\"ListItem\",\"position\":2,\"name\":\"West Bromwich Albion &#8211; Everton 2:3\"}]},{\"@type\":\"WebSite\",\"@id\":\"https:\/\/evertonfc.cz\/#website\",\"url\":\"https:\/\/evertonfc.cz\/\",\"name\":\"Official Czech &amp; Slovak Everton Supporters&#039; Club\",\"description\":\"\",\"publisher\":{\"@id\":\"https:\/\/evertonfc.cz\/#organization\"},\"potentialAction\":[{\"@type\":\"SearchAction\",\"target\":{\"@type\":\"EntryPoint\",\"urlTemplate\":\"https:\/\/evertonfc.cz\/?s={search_term_string}\"},\"query-input\":{\"@type\":\"PropertyValueSpecification\",\"valueRequired\":true,\"valueName\":\"search_term_string\"}}],\"inLanguage\":\"cs\"},{\"@type\":\"Organization\",\"@id\":\"https:\/\/evertonfc.cz\/#organization\",\"name\":\"Official Czech & Slovak Everton Supporters' Club\",\"url\":\"https:\/\/evertonfc.cz\/\",\"logo\":{\"@type\":\"ImageObject\",\"inLanguage\":\"cs\",\"@id\":\"https:\/\/evertonfc.cz\/#\/schema\/logo\/image\/\",\"url\":\"https:\/\/evertonfc.cz\/wp-content\/uploads\/2019\/05\/logo.png\",\"contentUrl\":\"https:\/\/evertonfc.cz\/wp-content\/uploads\/2019\/05\/logo.png\",\"width\":112,\"height\":112,\"caption\":\"Official Czech & Slovak Everton Supporters' Club\"},\"image\":{\"@id\":\"https:\/\/evertonfc.cz\/#\/schema\/logo\/image\/\"},\"sameAs\":[\"https:\/\/www.facebook.com\/everton.fans.cz.sk\"]},{\"@type\":\"Person\",\"@id\":\"https:\/\/evertonfc.cz\/#\/schema\/person\/b30daf6a5852f4811f8207a17ec1bf78\",\"name\":\"Javor\",\"sameAs\":[\"https:\/\/x.com\/LoudinJan\"],\"url\":\"https:\/\/evertonfc.cz\/index.php\/author\/javor\/\"}]}<\/script>\n<!-- \/ Yoast SEO plugin. -->","yoast_head_json":{"title":"West Bromwich Albion - Everton 2:3 - Official Czech &amp; Slovak Everton Supporters&#039; Club","robots":{"index":"index","follow":"follow","max-snippet":"max-snippet:-1","max-image-preview":"max-image-preview:large","max-video-preview":"max-video-preview:-1"},"canonical":"https:\/\/evertonfc.cz\/index.php\/2015\/09\/28\/west-bromwich-albion-everton-23\/","og_locale":"cs_CZ","og_type":"article","og_title":"West Bromwich Albion - Everton 2:3 - Official Czech &amp; Slovak Everton Supporters&#039; Club","og_description":"M\u016fj mil\u00fd den\u00ed\u010dku, bylo by mo\u017en\u00e9 hr\u00e1t pouze druh\u00e9 polo\u010dasy a ty prvn\u00ed zru\u0161it? Stones se neuzdravil \/nahradil ho Mori\/&hellip;","og_url":"https:\/\/evertonfc.cz\/index.php\/2015\/09\/28\/west-bromwich-albion-everton-23\/","og_site_name":"Official Czech &amp; Slovak Everton Supporters&#039; Club","article_publisher":"https:\/\/www.facebook.com\/everton.fans.cz.sk","article_published_time":"2015-09-28T18:49:27+00:00","article_modified_time":"2019-02-12T19:50:20+00:00","og_image":[{"width":720,"height":405,"url":"https:\/\/evertonfc.cz\/wp-content\/uploads\/2019\/01\/report.jpg","type":"image\/jpeg"}],"author":"Javor","twitter_card":"summary_large_image","twitter_creator":"@LoudinJan","twitter_misc":{"Napsal(a)":"Javor","Odhadovan\u00e1 doba \u010dten\u00ed":"4 minuty"},"schema":{"@context":"https:\/\/schema.org","@graph":[{"@type":"Article","@id":"https:\/\/evertonfc.cz\/index.php\/2015\/09\/28\/west-bromwich-albion-everton-23\/#article","isPartOf":{"@id":"https:\/\/evertonfc.cz\/index.php\/2015\/09\/28\/west-bromwich-albion-everton-23\/"},"author":{"name":"Javor","@id":"https:\/\/evertonfc.cz\/#\/schema\/person\/b30daf6a5852f4811f8207a17ec1bf78"},"headline":"West Bromwich Albion &#8211; Everton 2:3","datePublished":"2015-09-28T18:49:27+00:00","dateModified":"2019-02-12T19:50:20+00:00","mainEntityOfPage":{"@id":"https:\/\/evertonfc.cz\/index.php\/2015\/09\/28\/west-bromwich-albion-everton-23\/"},"wordCount":792,"commentCount":0,"publisher":{"@id":"https:\/\/evertonfc.cz\/#organization"},"image":{"@id":"https:\/\/evertonfc.cz\/index.php\/2015\/09\/28\/west-bromwich-albion-everton-23\/#primaryimage"},"thumbnailUrl":"https:\/\/evertonfc.cz\/wp-content\/uploads\/2019\/01\/report.jpg","articleSection":["Z\u00e1pasy"],"inLanguage":"cs","potentialAction":[{"@type":"CommentAction","name":"Comment","target":["https:\/\/evertonfc.cz\/index.php\/2015\/09\/28\/west-bromwich-albion-everton-23\/#respond"]}]},{"@type":"WebPage","@id":"https:\/\/evertonfc.cz\/index.php\/2015\/09\/28\/west-bromwich-albion-everton-23\/","url":"https:\/\/evertonfc.cz\/index.php\/2015\/09\/28\/west-bromwich-albion-everton-23\/","name":"West Bromwich Albion - Everton 2:3 - Official Czech &amp; Slovak Everton Supporters&#039; Club","isPartOf":{"@id":"https:\/\/evertonfc.cz\/#website"},"primaryImageOfPage":{"@id":"https:\/\/evertonfc.cz\/index.php\/2015\/09\/28\/west-bromwich-albion-everton-23\/#primaryimage"},"image":{"@id":"https:\/\/evertonfc.cz\/index.php\/2015\/09\/28\/west-bromwich-albion-everton-23\/#primaryimage"},"thumbnailUrl":"https:\/\/evertonfc.cz\/wp-content\/uploads\/2019\/01\/report.jpg","datePublished":"2015-09-28T18:49:27+00:00","dateModified":"2019-02-12T19:50:20+00:00","breadcrumb":{"@id":"https:\/\/evertonfc.cz\/index.php\/2015\/09\/28\/west-bromwich-albion-everton-23\/#breadcrumb"},"inLanguage":"cs","potentialAction":[{"@type":"ReadAction","target":["https:\/\/evertonfc.cz\/index.php\/2015\/09\/28\/west-bromwich-albion-everton-23\/"]}]},{"@type":"ImageObject","inLanguage":"cs","@id":"https:\/\/evertonfc.cz\/index.php\/2015\/09\/28\/west-bromwich-albion-everton-23\/#primaryimage","url":"https:\/\/evertonfc.cz\/wp-content\/uploads\/2019\/01\/report.jpg","contentUrl":"https:\/\/evertonfc.cz\/wp-content\/uploads\/2019\/01\/report.jpg","width":720,"height":405},{"@type":"BreadcrumbList","@id":"https:\/\/evertonfc.cz\/index.php\/2015\/09\/28\/west-bromwich-albion-everton-23\/#breadcrumb","itemListElement":[{"@type":"ListItem","position":1,"name":"Home","item":"https:\/\/evertonfc.cz\/"},{"@type":"ListItem","position":2,"name":"West Bromwich Albion &#8211; Everton 2:3"}]},{"@type":"WebSite","@id":"https:\/\/evertonfc.cz\/#website","url":"https:\/\/evertonfc.cz\/","name":"Official Czech &amp; Slovak Everton Supporters&#039; Club","description":"","publisher":{"@id":"https:\/\/evertonfc.cz\/#organization"},"potentialAction":[{"@type":"SearchAction","target":{"@type":"EntryPoint","urlTemplate":"https:\/\/evertonfc.cz\/?s={search_term_string}"},"query-input":{"@type":"PropertyValueSpecification","valueRequired":true,"valueName":"search_term_string"}}],"inLanguage":"cs"},{"@type":"Organization","@id":"https:\/\/evertonfc.cz\/#organization","name":"Official Czech & Slovak Everton Supporters' Club","url":"https:\/\/evertonfc.cz\/","logo":{"@type":"ImageObject","inLanguage":"cs","@id":"https:\/\/evertonfc.cz\/#\/schema\/logo\/image\/","url":"https:\/\/evertonfc.cz\/wp-content\/uploads\/2019\/05\/logo.png","contentUrl":"https:\/\/evertonfc.cz\/wp-content\/uploads\/2019\/05\/logo.png","width":112,"height":112,"caption":"Official Czech & Slovak Everton Supporters' Club"},"image":{"@id":"https:\/\/evertonfc.cz\/#\/schema\/logo\/image\/"},"sameAs":["https:\/\/www.facebook.com\/everton.fans.cz.sk"]},{"@type":"Person","@id":"https:\/\/evertonfc.cz\/#\/schema\/person\/b30daf6a5852f4811f8207a17ec1bf78","name":"Javor","sameAs":["https:\/\/x.com\/LoudinJan"],"url":"https:\/\/evertonfc.cz\/index.php\/author\/javor\/"}]}},"_links":{"self":[{"href":"https:\/\/evertonfc.cz\/index.php\/wp-json\/wp\/v2\/posts\/4124"}],"collection":[{"href":"https:\/\/evertonfc.cz\/index.php\/wp-json\/wp\/v2\/posts"}],"about":[{"href":"https:\/\/evertonfc.cz\/index.php\/wp-json\/wp\/v2\/types\/post"}],"author":[{"embeddable":true,"href":"https:\/\/evertonfc.cz\/index.php\/wp-json\/wp\/v2\/users\/12"}],"replies":[{"embeddable":true,"href":"https:\/\/evertonfc.cz\/index.php\/wp-json\/wp\/v2\/comments?post=4124"}],"version-history":[{"count":1,"href":"https:\/\/evertonfc.cz\/index.php\/wp-json\/wp\/v2\/posts\/4124\/revisions"}],"predecessor-version":[{"id":4126,"href":"https:\/\/evertonfc.cz\/index.php\/wp-json\/wp\/v2\/posts\/4124\/revisions\/4126"}],"wp:featuredmedia":[{"embeddable":true,"href":"https:\/\/evertonfc.cz\/index.php\/wp-json\/wp\/v2\/media\/1315"}],"wp:attachment":[{"href":"https:\/\/evertonfc.cz\/index.php\/wp-json\/wp\/v2\/media?parent=4124"}],"wp:term":[{"taxonomy":"category","embeddable":true,"href":"https:\/\/evertonfc.cz\/index.php\/wp-json\/wp\/v2\/categories?post=4124"},{"taxonomy":"post_tag","embeddable":true,"href":"https:\/\/evertonfc.cz\/index.php\/wp-json\/wp\/v2\/tags?post=4124"}],"curies":[{"name":"wp","href":"https:\/\/api.w.org\/{rel}","templated":true}]}}