{"id":4125,"date":"2011-03-13T20:49:32","date_gmt":"2011-03-13T19:49:32","guid":{"rendered":"http:\/\/evertonfc.cz\/?p=4125"},"modified":"2019-02-12T20:50:42","modified_gmt":"2019-02-12T19:50:42","slug":"dvacetileta-stalice","status":"publish","type":"post","link":"https:\/\/evertonfc.cz\/index.php\/2011\/03\/13\/dvacetileta-stalice\/","title":{"rendered":"Dvacetilet\u00e1 st\u00e1lice"},"content":{"rendered":"<h4>I kdy\u017e v p\u00e1tek sfouk\u00e1val z narozeninov\u00e9ho dortu dvacet sv\u00ed\u010dek, u\u017e neodmysliteln\u011b pat\u0159\u00ed do sestavy Evertonu. \u0158e\u010d je o \u010derstv\u011b dvacetilet\u00e9m Jacku Rodwellovi.<\/h4>\n<p>Budouc\u00ed opora seniorsk\u00e9ho v\u00fdb\u011bru Albionu? Pro\u010d ne, Jack Rodwell k tomu zat\u00edm zdatn\u011b sm\u011b\u0159uje. Ve dvaceti letech m\u00e1 za sebou ji\u017e 85 z\u00e1pas\u016f v dresu Toffees a pokud v nadch\u00e1zej\u00edc\u00edm ligov\u00e9m utk\u00e1n\u00ed proti Fulhamu vyb\u011bhne na h\u0159i\u0161t\u011b v z\u00e1kladn\u00ed sestav\u011b, bude to u\u017e po pades\u00e1t\u00e9.<\/p>\n<p><em>\u201eNa kont\u011b m\u00e1m v\u00edce start\u016f za prvn\u00ed t\u00fdm, ne\u017e jsem v minulosti p\u0159edpokl\u00e1dal. Jsem s t\u00edm ale samoz\u0159ejm\u011b spokojen, 49 utk\u00e1n\u00edch v z\u00e1kladn\u00ed sestav\u011b ve dvaceti letech nen\u00ed zl\u00e1 vizitka. Snad se na pades\u00e1tku dostanu co nejd\u0159\u00edve,\u201c<\/em>\u00a0prozradil Rodwell. A rod\u00e1k ze Southportu hned pokra\u010doval:\u00a0<em>\u201eJsem za v\u0161echny z\u00e1pasy r\u00e1d, dal\u0161\u00edch pades\u00e1ti start\u016f bych cht\u011bl dos\u00e1hnout je\u0161t\u011b v krat\u0161\u00ed dob\u011b. Jsem st\u00e1le mlad\u00fd, \u010das je na m\u00e9 stran\u011b.<\/em><\/p>\n<p><em>M\u00e1m trochu sm\u016flu na zran\u011bn\u00ed. Postihly m\u011b probl\u00e9my s kotn\u00edkem a tak\u00e9 m\u011b p\u00e1rkr\u00e1t pozlobila svalov\u00e1 zran\u011bn\u00ed. Zdravotn\u00ed komplikace v\u0161ak k fotbalu pat\u0159\u00ed, mus\u00edm to prost\u011b p\u0159ijmout. Mohu jen doufat, \u017ee do konce leto\u0161n\u00ed sez\u00f3ny budu schopen odehr\u00e1t ka\u017ed\u00fd z\u00e1pas.\u201c<\/em><\/p>\n<p>Debut za prvn\u00ed t\u00fdm Evertonu si Rodwell odbyl t\u0159i m\u011bs\u00edce p\u0159ed sv\u00fdmi sedmn\u00e1ct\u00fdmi narozeninami, ve v\u011bku 16 let a 284 dn\u00ed nasko\u010dil do utk\u00e1n\u00ed poh\u00e1ru EUFA na h\u0159i\u0161ti AZ Alkmaaru jako st\u0159\u00eddaj\u00edc\u00ed hr\u00e1\u010d, \u010d\u00edm\u017e se stal nejmlad\u0161\u00edm fotbalistou Blues v evropsk\u00fdch poh\u00e1rech. O tento prim\u00e1t ho pozd\u011bji p\u0159ipravil dal\u0161\u00ed talent z l\u00edhn\u011b akademie Jake Bidwell, i tak se ale Rodwell nemus\u00ed za svoji dosavadn\u00ed kari\u00e9ru v\u016fbec styd\u011bt.<\/p>\n<p>Ve 14 letech byl \u010dlenem akademie Toffees, o rok pozd\u011bji hr\u00e1val za rezervn\u00ed t\u00fdm. V b\u0159eznu 2008 se poprv\u00e9 objevil v Premier League, kdy\u017e proti Sunderlandu vyst\u0159\u00eddal Tima Cahilla. Tehdy mu do sedmn\u00e1cti let zb\u00fdvaly pouh\u00e9 dva dny. Rodwell tak\u00e9 pro\u0161el v\u0161emi ml\u00e1de\u017enick\u00fdmi v\u00fdb\u011bry Anglie, pouze v seniorsk\u00e9 reprezentaci si je\u0161t\u011b nezahr\u00e1l. To se ale pravd\u011bpodobn\u011b brzy zm\u011bn\u00ed, ostatn\u011b p\u0159ekvapen by byl m\u00e1lokdo v\u010detn\u011b mana\u017eera Davida Moyese:<\/p>\n<p><em>\u201eJack je hr\u00e1\u010d stvo\u0159en\u00fd pro Premier League, c\u00edt\u00edm to u\u017e hodn\u011b dlouho dobu. V sou\u010dasn\u00e9 dob\u011b se po\u0159\u00e1d vyv\u00edj\u00ed a zlep\u0161uje, sv\u016fj potenci\u00e1l je\u0161t\u011b napln\u00ed. Hodn\u011b mlad\u00fdch hr\u00e1\u010d\u016f si projde lep\u0161\u00edmi a hor\u0161\u00edmi obdob\u00edmi, Jack tohle v\u0161echno dok\u00e1\u017ee p\u0159ekonat a napln\u00ed svoje ambice.\u201c<\/em><\/p>\n<p>Pokud bychom cht\u011bli sly\u0161et n\u00e1zor na Rodwella od n\u011bkoho, kdo ho zn\u00e1 opravdu dob\u0159e, nem\u016f\u017ee zapomenout na tren\u00e9ra akademie Evertonu.<\/p>\n<p><em>\u201eJack m\u011b ohromil snad v\u0161\u00edm. Zaujali m\u011b jeho technick\u00e9 kvality, atletick\u00e1 vybavenost nebo vyzr\u00e1lost, i kdy\u017e mluv\u00edme o mlad\u00e9m klukovi. Poprv\u00e9 jsem si ho v\u0161imnul v jeho \u0161esti letech, velkou pozornost na sebe za\u010d\u00ednal strh\u00e1vat v 10 nebo 11.<\/em><\/p>\n<p><em>Prosadil se ov\u0161em jin\u00fdm zp\u016fsobem ne\u017e t\u0159eba Wayne Rooney. Je to kv\u016fli jejich odli\u0161n\u00fdm pozic\u00edm na h\u0159i\u0161ti. Jack hr\u00e1val p\u016fvodn\u011b v obran\u011b jako stoper, na ofenzivn\u011bj\u0161\u00ed post se p\u0159e\u0161kolil a\u017e ve v\u00fdb\u011bru U17.<\/em><\/p>\n<p><em>Jack t\u011b\u017e\u00ed z velk\u00e9 podpory, kter\u00e1 se mu dost\u00e1v\u00e1 od jeho rodiny, p\u0159\u00e1tel a klubu. Ke v\u0161emu nav\u00edc p\u0159istupuje velmi profesion\u00e1ln\u011b. I p\u0159es jeho v\u011bk ho klidn\u011b lze ozna\u010dit za vysp\u011bl\u00e9ho, mnoho lid\u00ed to vid\u00ed jako samoz\u0159ejmost, jeliko\u017e debutoval za prvn\u00ed t\u00fdm u\u017e p\u00e1r let zp\u00e1tky.<\/em><\/p>\n<p><em>Nesm\u00edme ale zapom\u00ednat, \u017ee st\u00e1le mluv\u00edme o dvacetilet\u00e9m hochovi. N\u011bkte\u0159\u00ed talentovan\u00ed fotbalist\u00e9 odehr\u00e1li p\u00e1r z\u00e1pas\u016f a pak se po nich slehla zem\u2026 Jackovi pat\u0159\u00ed v\u0161echna \u010dest &#8211; vede si velmi dob\u0159e,\u201c<\/em>\u00a0ne\u0161et\u0159il slovy chv\u00e1ly Ray Hall.<\/p>\n","protected":false},"excerpt":{"rendered":"<p>I kdy\u017e v p\u00e1tek sfouk\u00e1val z narozeninov\u00e9ho dortu dvacet sv\u00ed\u010dek, u\u017e neodmysliteln\u011b pat\u0159\u00ed do sestavy Evertonu. \u0158e\u010d je o \u010derstv\u011b&hellip;<\/p>\n","protected":false},"author":6,"featured_media":1312,"comment_status":"open","ping_status":"closed","sticky":false,"template":"","format":"standard","meta":{"_eb_attr":"","_monsterinsights_skip_tracking":false,"_monsterinsights_sitenote_active":false,"_monsterinsights_sitenote_note":"","_monsterinsights_sitenote_category":0,"footnotes":""},"categories":[1],"tags":[],"yoast_head":"<!-- This site is optimized with the Yoast SEO plugin v23.4 - https:\/\/yoast.com\/wordpress\/plugins\/seo\/ -->\n<title>Dvacetilet\u00e1 st\u00e1lice - Official Czech &amp; Slovak Everton Supporters&#039; Club<\/title>\n<meta name=\"robots\" content=\"index, follow, max-snippet:-1, max-image-preview:large, max-video-preview:-1\" \/>\n<link rel=\"canonical\" href=\"https:\/\/evertonfc.cz\/index.php\/2011\/03\/13\/dvacetileta-stalice\/\" \/>\n<meta property=\"og:locale\" content=\"cs_CZ\" \/>\n<meta property=\"og:type\" content=\"article\" \/>\n<meta property=\"og:title\" content=\"Dvacetilet\u00e1 st\u00e1lice - Official Czech &amp; Slovak Everton Supporters&#039; Club\" \/>\n<meta property=\"og:description\" content=\"I kdy\u017e v p\u00e1tek sfouk\u00e1val z narozeninov\u00e9ho dortu dvacet sv\u00ed\u010dek, u\u017e neodmysliteln\u011b pat\u0159\u00ed do sestavy Evertonu. \u0158e\u010d je o \u010derstv\u011b&hellip;\" \/>\n<meta property=\"og:url\" content=\"https:\/\/evertonfc.cz\/index.php\/2011\/03\/13\/dvacetileta-stalice\/\" \/>\n<meta property=\"og:site_name\" content=\"Official Czech &amp; Slovak Everton Supporters&#039; Club\" \/>\n<meta property=\"article:publisher\" content=\"https:\/\/www.facebook.com\/everton.fans.cz.sk\" \/>\n<meta property=\"article:published_time\" content=\"2011-03-13T19:49:32+00:00\" \/>\n<meta property=\"article:modified_time\" content=\"2019-02-12T19:50:42+00:00\" \/>\n<meta property=\"og:image\" content=\"https:\/\/evertonfc.cz\/wp-content\/uploads\/2019\/01\/interview.jpg\" \/>\n\t<meta property=\"og:image:width\" content=\"720\" \/>\n\t<meta property=\"og:image:height\" content=\"405\" \/>\n\t<meta property=\"og:image:type\" content=\"image\/jpeg\" \/>\n<meta name=\"author\" content=\"Ri\u010di\" \/>\n<meta name=\"twitter:card\" content=\"summary_large_image\" \/>\n<meta name=\"twitter:creator\" content=\"@rbrejsa\" \/>\n<meta name=\"twitter:label1\" content=\"Napsal(a)\" \/>\n\t<meta name=\"twitter:data1\" content=\"Ri\u010di\" \/>\n\t<meta name=\"twitter:label2\" content=\"Odhadovan\u00e1 doba \u010dten\u00ed\" \/>\n\t<meta name=\"twitter:data2\" content=\"4 minuty\" \/>\n<script type=\"application\/ld+json\" class=\"yoast-schema-graph\">{\"@context\":\"https:\/\/schema.org\",\"@graph\":[{\"@type\":\"Article\",\"@id\":\"https:\/\/evertonfc.cz\/index.php\/2011\/03\/13\/dvacetileta-stalice\/#article\",\"isPartOf\":{\"@id\":\"https:\/\/evertonfc.cz\/index.php\/2011\/03\/13\/dvacetileta-stalice\/\"},\"author\":{\"name\":\"Ri\u010di\",\"@id\":\"https:\/\/evertonfc.cz\/#\/schema\/person\/f7a5daedb2ffee98480bc70e191aaef1\"},\"headline\":\"Dvacetilet\u00e1 st\u00e1lice\",\"datePublished\":\"2011-03-13T19:49:32+00:00\",\"dateModified\":\"2019-02-12T19:50:42+00:00\",\"mainEntityOfPage\":{\"@id\":\"https:\/\/evertonfc.cz\/index.php\/2011\/03\/13\/dvacetileta-stalice\/\"},\"wordCount\":707,\"commentCount\":0,\"publisher\":{\"@id\":\"https:\/\/evertonfc.cz\/#organization\"},\"image\":{\"@id\":\"https:\/\/evertonfc.cz\/index.php\/2011\/03\/13\/dvacetileta-stalice\/#primaryimage\"},\"thumbnailUrl\":\"https:\/\/evertonfc.cz\/wp-content\/uploads\/2019\/01\/interview.jpg\",\"articleSection\":[\"Rozhovory\"],\"inLanguage\":\"cs\",\"potentialAction\":[{\"@type\":\"CommentAction\",\"name\":\"Comment\",\"target\":[\"https:\/\/evertonfc.cz\/index.php\/2011\/03\/13\/dvacetileta-stalice\/#respond\"]}]},{\"@type\":\"WebPage\",\"@id\":\"https:\/\/evertonfc.cz\/index.php\/2011\/03\/13\/dvacetileta-stalice\/\",\"url\":\"https:\/\/evertonfc.cz\/index.php\/2011\/03\/13\/dvacetileta-stalice\/\",\"name\":\"Dvacetilet\u00e1 st\u00e1lice - Official Czech &amp; Slovak Everton Supporters&#039; Club\",\"isPartOf\":{\"@id\":\"https:\/\/evertonfc.cz\/#website\"},\"primaryImageOfPage\":{\"@id\":\"https:\/\/evertonfc.cz\/index.php\/2011\/03\/13\/dvacetileta-stalice\/#primaryimage\"},\"image\":{\"@id\":\"https:\/\/evertonfc.cz\/index.php\/2011\/03\/13\/dvacetileta-stalice\/#primaryimage\"},\"thumbnailUrl\":\"https:\/\/evertonfc.cz\/wp-content\/uploads\/2019\/01\/interview.jpg\",\"datePublished\":\"2011-03-13T19:49:32+00:00\",\"dateModified\":\"2019-02-12T19:50:42+00:00\",\"breadcrumb\":{\"@id\":\"https:\/\/evertonfc.cz\/index.php\/2011\/03\/13\/dvacetileta-stalice\/#breadcrumb\"},\"inLanguage\":\"cs\",\"potentialAction\":[{\"@type\":\"ReadAction\",\"target\":[\"https:\/\/evertonfc.cz\/index.php\/2011\/03\/13\/dvacetileta-stalice\/\"]}]},{\"@type\":\"ImageObject\",\"inLanguage\":\"cs\",\"@id\":\"https:\/\/evertonfc.cz\/index.php\/2011\/03\/13\/dvacetileta-stalice\/#primaryimage\",\"url\":\"https:\/\/evertonfc.cz\/wp-content\/uploads\/2019\/01\/interview.jpg\",\"contentUrl\":\"https:\/\/evertonfc.cz\/wp-content\/uploads\/2019\/01\/interview.jpg\",\"width\":720,\"height\":405},{\"@type\":\"BreadcrumbList\",\"@id\":\"https:\/\/evertonfc.cz\/index.php\/2011\/03\/13\/dvacetileta-stalice\/#breadcrumb\",\"itemListElement\":[{\"@type\":\"ListItem\",\"position\":1,\"name\":\"Home\",\"item\":\"https:\/\/evertonfc.cz\/\"},{\"@type\":\"ListItem\",\"position\":2,\"name\":\"Dvacetilet\u00e1 st\u00e1lice\"}]},{\"@type\":\"WebSite\",\"@id\":\"https:\/\/evertonfc.cz\/#website\",\"url\":\"https:\/\/evertonfc.cz\/\",\"name\":\"Official Czech &amp; Slovak Everton Supporters&#039; Club\",\"description\":\"\",\"publisher\":{\"@id\":\"https:\/\/evertonfc.cz\/#organization\"},\"potentialAction\":[{\"@type\":\"SearchAction\",\"target\":{\"@type\":\"EntryPoint\",\"urlTemplate\":\"https:\/\/evertonfc.cz\/?s={search_term_string}\"},\"query-input\":{\"@type\":\"PropertyValueSpecification\",\"valueRequired\":true,\"valueName\":\"search_term_string\"}}],\"inLanguage\":\"cs\"},{\"@type\":\"Organization\",\"@id\":\"https:\/\/evertonfc.cz\/#organization\",\"name\":\"Official Czech & Slovak Everton Supporters' Club\",\"url\":\"https:\/\/evertonfc.cz\/\",\"logo\":{\"@type\":\"ImageObject\",\"inLanguage\":\"cs\",\"@id\":\"https:\/\/evertonfc.cz\/#\/schema\/logo\/image\/\",\"url\":\"https:\/\/evertonfc.cz\/wp-content\/uploads\/2019\/05\/logo.png\",\"contentUrl\":\"https:\/\/evertonfc.cz\/wp-content\/uploads\/2019\/05\/logo.png\",\"width\":112,\"height\":112,\"caption\":\"Official Czech & Slovak Everton Supporters' Club\"},\"image\":{\"@id\":\"https:\/\/evertonfc.cz\/#\/schema\/logo\/image\/\"},\"sameAs\":[\"https:\/\/www.facebook.com\/everton.fans.cz.sk\"]},{\"@type\":\"Person\",\"@id\":\"https:\/\/evertonfc.cz\/#\/schema\/person\/f7a5daedb2ffee98480bc70e191aaef1\",\"name\":\"Ri\u010di\",\"sameAs\":[\"https:\/\/x.com\/rbrejsa\"],\"url\":\"https:\/\/evertonfc.cz\/index.php\/author\/rici\/\"}]}<\/script>\n<!-- \/ Yoast SEO plugin. -->","yoast_head_json":{"title":"Dvacetilet\u00e1 st\u00e1lice - Official Czech &amp; Slovak Everton Supporters&#039; Club","robots":{"index":"index","follow":"follow","max-snippet":"max-snippet:-1","max-image-preview":"max-image-preview:large","max-video-preview":"max-video-preview:-1"},"canonical":"https:\/\/evertonfc.cz\/index.php\/2011\/03\/13\/dvacetileta-stalice\/","og_locale":"cs_CZ","og_type":"article","og_title":"Dvacetilet\u00e1 st\u00e1lice - Official Czech &amp; Slovak Everton Supporters&#039; Club","og_description":"I kdy\u017e v p\u00e1tek sfouk\u00e1val z narozeninov\u00e9ho dortu dvacet sv\u00ed\u010dek, u\u017e neodmysliteln\u011b pat\u0159\u00ed do sestavy Evertonu. \u0158e\u010d je o \u010derstv\u011b&hellip;","og_url":"https:\/\/evertonfc.cz\/index.php\/2011\/03\/13\/dvacetileta-stalice\/","og_site_name":"Official Czech &amp; Slovak Everton Supporters&#039; Club","article_publisher":"https:\/\/www.facebook.com\/everton.fans.cz.sk","article_published_time":"2011-03-13T19:49:32+00:00","article_modified_time":"2019-02-12T19:50:42+00:00","og_image":[{"width":720,"height":405,"url":"https:\/\/evertonfc.cz\/wp-content\/uploads\/2019\/01\/interview.jpg","type":"image\/jpeg"}],"author":"Ri\u010di","twitter_card":"summary_large_image","twitter_creator":"@rbrejsa","twitter_misc":{"Napsal(a)":"Ri\u010di","Odhadovan\u00e1 doba \u010dten\u00ed":"4 minuty"},"schema":{"@context":"https:\/\/schema.org","@graph":[{"@type":"Article","@id":"https:\/\/evertonfc.cz\/index.php\/2011\/03\/13\/dvacetileta-stalice\/#article","isPartOf":{"@id":"https:\/\/evertonfc.cz\/index.php\/2011\/03\/13\/dvacetileta-stalice\/"},"author":{"name":"Ri\u010di","@id":"https:\/\/evertonfc.cz\/#\/schema\/person\/f7a5daedb2ffee98480bc70e191aaef1"},"headline":"Dvacetilet\u00e1 st\u00e1lice","datePublished":"2011-03-13T19:49:32+00:00","dateModified":"2019-02-12T19:50:42+00:00","mainEntityOfPage":{"@id":"https:\/\/evertonfc.cz\/index.php\/2011\/03\/13\/dvacetileta-stalice\/"},"wordCount":707,"commentCount":0,"publisher":{"@id":"https:\/\/evertonfc.cz\/#organization"},"image":{"@id":"https:\/\/evertonfc.cz\/index.php\/2011\/03\/13\/dvacetileta-stalice\/#primaryimage"},"thumbnailUrl":"https:\/\/evertonfc.cz\/wp-content\/uploads\/2019\/01\/interview.jpg","articleSection":["Rozhovory"],"inLanguage":"cs","potentialAction":[{"@type":"CommentAction","name":"Comment","target":["https:\/\/evertonfc.cz\/index.php\/2011\/03\/13\/dvacetileta-stalice\/#respond"]}]},{"@type":"WebPage","@id":"https:\/\/evertonfc.cz\/index.php\/2011\/03\/13\/dvacetileta-stalice\/","url":"https:\/\/evertonfc.cz\/index.php\/2011\/03\/13\/dvacetileta-stalice\/","name":"Dvacetilet\u00e1 st\u00e1lice - Official Czech &amp; Slovak Everton Supporters&#039; Club","isPartOf":{"@id":"https:\/\/evertonfc.cz\/#website"},"primaryImageOfPage":{"@id":"https:\/\/evertonfc.cz\/index.php\/2011\/03\/13\/dvacetileta-stalice\/#primaryimage"},"image":{"@id":"https:\/\/evertonfc.cz\/index.php\/2011\/03\/13\/dvacetileta-stalice\/#primaryimage"},"thumbnailUrl":"https:\/\/evertonfc.cz\/wp-content\/uploads\/2019\/01\/interview.jpg","datePublished":"2011-03-13T19:49:32+00:00","dateModified":"2019-02-12T19:50:42+00:00","breadcrumb":{"@id":"https:\/\/evertonfc.cz\/index.php\/2011\/03\/13\/dvacetileta-stalice\/#breadcrumb"},"inLanguage":"cs","potentialAction":[{"@type":"ReadAction","target":["https:\/\/evertonfc.cz\/index.php\/2011\/03\/13\/dvacetileta-stalice\/"]}]},{"@type":"ImageObject","inLanguage":"cs","@id":"https:\/\/evertonfc.cz\/index.php\/2011\/03\/13\/dvacetileta-stalice\/#primaryimage","url":"https:\/\/evertonfc.cz\/wp-content\/uploads\/2019\/01\/interview.jpg","contentUrl":"https:\/\/evertonfc.cz\/wp-content\/uploads\/2019\/01\/interview.jpg","width":720,"height":405},{"@type":"BreadcrumbList","@id":"https:\/\/evertonfc.cz\/index.php\/2011\/03\/13\/dvacetileta-stalice\/#breadcrumb","itemListElement":[{"@type":"ListItem","position":1,"name":"Home","item":"https:\/\/evertonfc.cz\/"},{"@type":"ListItem","position":2,"name":"Dvacetilet\u00e1 st\u00e1lice"}]},{"@type":"WebSite","@id":"https:\/\/evertonfc.cz\/#website","url":"https:\/\/evertonfc.cz\/","name":"Official Czech &amp; Slovak Everton Supporters&#039; Club","description":"","publisher":{"@id":"https:\/\/evertonfc.cz\/#organization"},"potentialAction":[{"@type":"SearchAction","target":{"@type":"EntryPoint","urlTemplate":"https:\/\/evertonfc.cz\/?s={search_term_string}"},"query-input":{"@type":"PropertyValueSpecification","valueRequired":true,"valueName":"search_term_string"}}],"inLanguage":"cs"},{"@type":"Organization","@id":"https:\/\/evertonfc.cz\/#organization","name":"Official Czech & Slovak Everton Supporters' Club","url":"https:\/\/evertonfc.cz\/","logo":{"@type":"ImageObject","inLanguage":"cs","@id":"https:\/\/evertonfc.cz\/#\/schema\/logo\/image\/","url":"https:\/\/evertonfc.cz\/wp-content\/uploads\/2019\/05\/logo.png","contentUrl":"https:\/\/evertonfc.cz\/wp-content\/uploads\/2019\/05\/logo.png","width":112,"height":112,"caption":"Official Czech & Slovak Everton Supporters' Club"},"image":{"@id":"https:\/\/evertonfc.cz\/#\/schema\/logo\/image\/"},"sameAs":["https:\/\/www.facebook.com\/everton.fans.cz.sk"]},{"@type":"Person","@id":"https:\/\/evertonfc.cz\/#\/schema\/person\/f7a5daedb2ffee98480bc70e191aaef1","name":"Ri\u010di","sameAs":["https:\/\/x.com\/rbrejsa"],"url":"https:\/\/evertonfc.cz\/index.php\/author\/rici\/"}]}},"_links":{"self":[{"href":"https:\/\/evertonfc.cz\/index.php\/wp-json\/wp\/v2\/posts\/4125"}],"collection":[{"href":"https:\/\/evertonfc.cz\/index.php\/wp-json\/wp\/v2\/posts"}],"about":[{"href":"https:\/\/evertonfc.cz\/index.php\/wp-json\/wp\/v2\/types\/post"}],"author":[{"embeddable":true,"href":"https:\/\/evertonfc.cz\/index.php\/wp-json\/wp\/v2\/users\/6"}],"replies":[{"embeddable":true,"href":"https:\/\/evertonfc.cz\/index.php\/wp-json\/wp\/v2\/comments?post=4125"}],"version-history":[{"count":1,"href":"https:\/\/evertonfc.cz\/index.php\/wp-json\/wp\/v2\/posts\/4125\/revisions"}],"predecessor-version":[{"id":4128,"href":"https:\/\/evertonfc.cz\/index.php\/wp-json\/wp\/v2\/posts\/4125\/revisions\/4128"}],"wp:featuredmedia":[{"embeddable":true,"href":"https:\/\/evertonfc.cz\/index.php\/wp-json\/wp\/v2\/media\/1312"}],"wp:attachment":[{"href":"https:\/\/evertonfc.cz\/index.php\/wp-json\/wp\/v2\/media?parent=4125"}],"wp:term":[{"taxonomy":"category","embeddable":true,"href":"https:\/\/evertonfc.cz\/index.php\/wp-json\/wp\/v2\/categories?post=4125"},{"taxonomy":"post_tag","embeddable":true,"href":"https:\/\/evertonfc.cz\/index.php\/wp-json\/wp\/v2\/tags?post=4125"}],"curies":[{"name":"wp","href":"https:\/\/api.w.org\/{rel}","templated":true}]}}