{"id":4127,"date":"2015-09-27T20:50:34","date_gmt":"2015-09-27T18:50:34","guid":{"rendered":"http:\/\/evertonfc.cz\/?p=4127"},"modified":"2021-03-04T13:38:28","modified_gmt":"2021-03-04T12:38:28","slug":"preview-west-bromwich-albion-everton-3","status":"publish","type":"post","link":"https:\/\/evertonfc.cz\/index.php\/2015\/09\/27\/preview-west-bromwich-albion-everton-3\/","title":{"rendered":"Preview: West Bromwich Albion &#8211; Everton"},"content":{"rendered":"<h4 id=\"NewsPostDetailSummary\">V\u00edt\u011bzstv\u00ed o dv\u011b branky by Everton posunulo v tabulce na p\u00e1t\u00e9 m\u00edsto. A to by pro sebev\u011bdom\u00ed t\u00fdmu bylo p\u0159ed ned\u011bln\u00edm derby hodn\u011b dobr\u00e9.<\/h4>\n<div id=\"NewsPostDetailContent\">\n<p>V \u00fater\u00fd se p\u0159es hor\u0161\u00ed v\u00fdkon v prvn\u00edm polo\u010dase povedlo oto\u010dit z\u00e1pas Ligov\u00e9ho poh\u00e1ru v Readingu a tak je v t\u00fdmu lep\u0161\u00ed n\u00e1lada. Nav\u00edc soupe\u0159em jsou Baggies, z jejich\u017e celkov\u00e9 kvality ur\u010dit\u011b nejde strach. Nel\u017eeme si do kapsy &#8211; jsme favorit\u00e9 a v\u00edt\u011bzstv\u00ed se o\u010dek\u00e1v\u00e1. Nav\u00edc letos hrajeme venku dob\u0159e.<\/p>\n<p>Co se t\u00fdk\u00e1 sestavy, tak ta se nebude moc m\u011bnit oproti posledn\u00edmu z\u00e1pasu. Jedin\u00fd nov\u00fd otazn\u00edk vis\u00ed nad startem Stonese. O tom se rozhodne p\u0159ed z\u00e1pasem, stejn\u011b jako o nasazen\u00ed Colemana (ten by m\u011bl b\u00fdt na derby fit, pokud z\u00edt\u0159ek nestihne). A Mirallas si odkrout\u00ed druhou \u010d\u00e1st sv\u00e9 t\u0159\u00edz\u00e1pasov\u00e9 stopky za vylou\u010den\u00ed ve Swansea. Nav\u00edc by si Baines a Cleverley mohli zahr\u00e1t ji\u017e za t\u0159i t\u00fddny proti Man U. To by bylo velmi v\u00edtan\u00e9, tak uvid\u00edme.<\/p>\n<p>Za dom\u00e1c\u00ed se pravd\u011bpodobn\u011b vr\u00e1t\u00ed do br\u00e1ny Myhill a op\u011bt se budou spol\u00e9hat v \u00fatoku na Berahina a samoz\u0159ejm\u011b m\u016f\u017ee do z\u00e1pasu nastoupit i odchovanec Evertonu Anichebe. Dal\u0161\u00ed b\u00fdval\u00fd hr\u00e1\u010d Toffees Lescott na konci srpna p\u0159estoupil do Aston Villy, tak\u017ee toho uvid\u00edme maxim\u00e1ln\u011b tak v hledi\u0161ti. WBA ur\u010dit\u011b bude chyb\u011bt brank\u00e1\u0159 Foster, kter\u00fd l\u00e9\u010d\u00ed p\u0159edn\u00ed zk\u0159\u00ed\u017een\u00fd kolenn\u00ed vaz. Ofici\u00e1ln\u00ed web klubu odhaduje jako \u010das jeho n\u00e1vratu prosinec.<\/p>\n<p>Na d\u016fle\u017eitosti z\u00e1pasu p\u0159id\u00e1v\u00e1 i fakt, \u017ee WBA jsou za n\u00e1mi pouze bod, pravda, m\u00edt 8 bod\u016f ze 6 z\u00e1pas\u016f, to dok\u00e1\u017ee z\u0159ejm\u011b pouze opravdu Pulis. Za\u017e\u00edvaj\u00ed tedy relativn\u011b slu\u0161n\u00fd start do sezony.<\/p>\n<p><strong>Co:<\/strong> West Bromwich Albion FC &#8211; Everton FC, 7. kolo Premier League<br \/>\n<strong>Kdy:<\/strong> 28. 09. 2015 od 21:00 SE\u010c<br \/>\n<strong>Kde:<\/strong> The Hawthorns, Sandwell, West Bromwich Albion (kapacita: 26 850)<br \/>\n<strong>Rozhod\u010d\u00ed:<\/strong> Robert Madley<\/p>\n<\/div>\n","protected":false},"excerpt":{"rendered":"<p>V\u00edt\u011bzstv\u00ed o dv\u011b branky by Everton posunulo v tabulce na p\u00e1t\u00e9 m\u00edsto. A to by pro sebev\u011bdom\u00ed t\u00fdmu bylo p\u0159ed ned\u011bln\u00edm derby hodn\u011b dobr\u00e9.<\/p>\n","protected":false},"author":12,"featured_media":14438,"comment_status":"open","ping_status":"closed","sticky":false,"template":"","format":"standard","meta":{"_eb_attr":"","_monsterinsights_skip_tracking":false,"_monsterinsights_sitenote_active":false,"_monsterinsights_sitenote_note":"","_monsterinsights_sitenote_category":0,"footnotes":""},"categories":[4],"tags":[],"yoast_head":"<!-- This site is optimized with the Yoast SEO plugin v23.4 - https:\/\/yoast.com\/wordpress\/plugins\/seo\/ -->\n<title>Preview: West Bromwich Albion - Everton - Official Czech &amp; Slovak Everton Supporters&#039; Club<\/title>\n<meta name=\"robots\" content=\"index, follow, max-snippet:-1, max-image-preview:large, max-video-preview:-1\" \/>\n<link rel=\"canonical\" href=\"https:\/\/evertonfc.cz\/index.php\/2015\/09\/27\/preview-west-bromwich-albion-everton-3\/\" \/>\n<meta property=\"og:locale\" content=\"cs_CZ\" \/>\n<meta property=\"og:type\" content=\"article\" \/>\n<meta property=\"og:title\" content=\"Preview: West Bromwich Albion - Everton - Official Czech &amp; Slovak Everton Supporters&#039; Club\" \/>\n<meta property=\"og:description\" content=\"V\u00edt\u011bzstv\u00ed o dv\u011b branky by Everton posunulo v tabulce na p\u00e1t\u00e9 m\u00edsto. A to by pro sebev\u011bdom\u00ed t\u00fdmu bylo p\u0159ed ned\u011bln\u00edm derby hodn\u011b dobr\u00e9.\" \/>\n<meta property=\"og:url\" content=\"https:\/\/evertonfc.cz\/index.php\/2015\/09\/27\/preview-west-bromwich-albion-everton-3\/\" \/>\n<meta property=\"og:site_name\" content=\"Official Czech &amp; Slovak Everton Supporters&#039; Club\" \/>\n<meta property=\"article:publisher\" content=\"https:\/\/www.facebook.com\/everton.fans.cz.sk\" \/>\n<meta property=\"article:published_time\" content=\"2015-09-27T18:50:34+00:00\" \/>\n<meta property=\"article:modified_time\" content=\"2021-03-04T12:38:28+00:00\" \/>\n<meta property=\"og:image\" content=\"https:\/\/evertonfc.cz\/wp-content\/uploads\/2021\/03\/West-Bromwich-Albion-VS-Everton.jpg\" \/>\n\t<meta property=\"og:image:width\" content=\"720\" \/>\n\t<meta property=\"og:image:height\" content=\"405\" \/>\n\t<meta property=\"og:image:type\" content=\"image\/jpeg\" \/>\n<meta name=\"author\" content=\"Javor\" \/>\n<meta name=\"twitter:card\" content=\"summary_large_image\" \/>\n<meta name=\"twitter:creator\" content=\"@LoudinJan\" \/>\n<meta name=\"twitter:label1\" content=\"Napsal(a)\" \/>\n\t<meta name=\"twitter:data1\" content=\"Javor\" \/>\n\t<meta name=\"twitter:label2\" content=\"Odhadovan\u00e1 doba \u010dten\u00ed\" \/>\n\t<meta name=\"twitter:data2\" content=\"2 minuty\" \/>\n<script type=\"application\/ld+json\" class=\"yoast-schema-graph\">{\"@context\":\"https:\/\/schema.org\",\"@graph\":[{\"@type\":\"Article\",\"@id\":\"https:\/\/evertonfc.cz\/index.php\/2015\/09\/27\/preview-west-bromwich-albion-everton-3\/#article\",\"isPartOf\":{\"@id\":\"https:\/\/evertonfc.cz\/index.php\/2015\/09\/27\/preview-west-bromwich-albion-everton-3\/\"},\"author\":{\"name\":\"Javor\",\"@id\":\"https:\/\/evertonfc.cz\/#\/schema\/person\/b30daf6a5852f4811f8207a17ec1bf78\"},\"headline\":\"Preview: West Bromwich Albion &#8211; Everton\",\"datePublished\":\"2015-09-27T18:50:34+00:00\",\"dateModified\":\"2021-03-04T12:38:28+00:00\",\"mainEntityOfPage\":{\"@id\":\"https:\/\/evertonfc.cz\/index.php\/2015\/09\/27\/preview-west-bromwich-albion-everton-3\/\"},\"wordCount\":361,\"commentCount\":0,\"publisher\":{\"@id\":\"https:\/\/evertonfc.cz\/#organization\"},\"image\":{\"@id\":\"https:\/\/evertonfc.cz\/index.php\/2015\/09\/27\/preview-west-bromwich-albion-everton-3\/#primaryimage\"},\"thumbnailUrl\":\"https:\/\/evertonfc.cz\/wp-content\/uploads\/2021\/03\/West-Bromwich-Albion-VS-Everton.jpg\",\"articleSection\":[\"Z\u00e1pasy\"],\"inLanguage\":\"cs\",\"potentialAction\":[{\"@type\":\"CommentAction\",\"name\":\"Comment\",\"target\":[\"https:\/\/evertonfc.cz\/index.php\/2015\/09\/27\/preview-west-bromwich-albion-everton-3\/#respond\"]}]},{\"@type\":\"WebPage\",\"@id\":\"https:\/\/evertonfc.cz\/index.php\/2015\/09\/27\/preview-west-bromwich-albion-everton-3\/\",\"url\":\"https:\/\/evertonfc.cz\/index.php\/2015\/09\/27\/preview-west-bromwich-albion-everton-3\/\",\"name\":\"Preview: West Bromwich Albion - Everton - Official Czech &amp; Slovak Everton Supporters&#039; Club\",\"isPartOf\":{\"@id\":\"https:\/\/evertonfc.cz\/#website\"},\"primaryImageOfPage\":{\"@id\":\"https:\/\/evertonfc.cz\/index.php\/2015\/09\/27\/preview-west-bromwich-albion-everton-3\/#primaryimage\"},\"image\":{\"@id\":\"https:\/\/evertonfc.cz\/index.php\/2015\/09\/27\/preview-west-bromwich-albion-everton-3\/#primaryimage\"},\"thumbnailUrl\":\"https:\/\/evertonfc.cz\/wp-content\/uploads\/2021\/03\/West-Bromwich-Albion-VS-Everton.jpg\",\"datePublished\":\"2015-09-27T18:50:34+00:00\",\"dateModified\":\"2021-03-04T12:38:28+00:00\",\"breadcrumb\":{\"@id\":\"https:\/\/evertonfc.cz\/index.php\/2015\/09\/27\/preview-west-bromwich-albion-everton-3\/#breadcrumb\"},\"inLanguage\":\"cs\",\"potentialAction\":[{\"@type\":\"ReadAction\",\"target\":[\"https:\/\/evertonfc.cz\/index.php\/2015\/09\/27\/preview-west-bromwich-albion-everton-3\/\"]}]},{\"@type\":\"ImageObject\",\"inLanguage\":\"cs\",\"@id\":\"https:\/\/evertonfc.cz\/index.php\/2015\/09\/27\/preview-west-bromwich-albion-everton-3\/#primaryimage\",\"url\":\"https:\/\/evertonfc.cz\/wp-content\/uploads\/2021\/03\/West-Bromwich-Albion-VS-Everton.jpg\",\"contentUrl\":\"https:\/\/evertonfc.cz\/wp-content\/uploads\/2021\/03\/West-Bromwich-Albion-VS-Everton.jpg\",\"width\":720,\"height\":405},{\"@type\":\"BreadcrumbList\",\"@id\":\"https:\/\/evertonfc.cz\/index.php\/2015\/09\/27\/preview-west-bromwich-albion-everton-3\/#breadcrumb\",\"itemListElement\":[{\"@type\":\"ListItem\",\"position\":1,\"name\":\"Home\",\"item\":\"https:\/\/evertonfc.cz\/\"},{\"@type\":\"ListItem\",\"position\":2,\"name\":\"Preview: West Bromwich Albion &#8211; Everton\"}]},{\"@type\":\"WebSite\",\"@id\":\"https:\/\/evertonfc.cz\/#website\",\"url\":\"https:\/\/evertonfc.cz\/\",\"name\":\"Official Czech &amp; Slovak Everton Supporters&#039; Club\",\"description\":\"\",\"publisher\":{\"@id\":\"https:\/\/evertonfc.cz\/#organization\"},\"potentialAction\":[{\"@type\":\"SearchAction\",\"target\":{\"@type\":\"EntryPoint\",\"urlTemplate\":\"https:\/\/evertonfc.cz\/?s={search_term_string}\"},\"query-input\":{\"@type\":\"PropertyValueSpecification\",\"valueRequired\":true,\"valueName\":\"search_term_string\"}}],\"inLanguage\":\"cs\"},{\"@type\":\"Organization\",\"@id\":\"https:\/\/evertonfc.cz\/#organization\",\"name\":\"Official Czech & Slovak Everton Supporters' Club\",\"url\":\"https:\/\/evertonfc.cz\/\",\"logo\":{\"@type\":\"ImageObject\",\"inLanguage\":\"cs\",\"@id\":\"https:\/\/evertonfc.cz\/#\/schema\/logo\/image\/\",\"url\":\"https:\/\/evertonfc.cz\/wp-content\/uploads\/2019\/05\/logo.png\",\"contentUrl\":\"https:\/\/evertonfc.cz\/wp-content\/uploads\/2019\/05\/logo.png\",\"width\":112,\"height\":112,\"caption\":\"Official Czech & Slovak Everton Supporters' Club\"},\"image\":{\"@id\":\"https:\/\/evertonfc.cz\/#\/schema\/logo\/image\/\"},\"sameAs\":[\"https:\/\/www.facebook.com\/everton.fans.cz.sk\"]},{\"@type\":\"Person\",\"@id\":\"https:\/\/evertonfc.cz\/#\/schema\/person\/b30daf6a5852f4811f8207a17ec1bf78\",\"name\":\"Javor\",\"sameAs\":[\"https:\/\/x.com\/LoudinJan\"],\"url\":\"https:\/\/evertonfc.cz\/index.php\/author\/javor\/\"}]}<\/script>\n<!-- \/ Yoast SEO plugin. -->","yoast_head_json":{"title":"Preview: West Bromwich Albion - Everton - Official Czech &amp; Slovak Everton Supporters&#039; Club","robots":{"index":"index","follow":"follow","max-snippet":"max-snippet:-1","max-image-preview":"max-image-preview:large","max-video-preview":"max-video-preview:-1"},"canonical":"https:\/\/evertonfc.cz\/index.php\/2015\/09\/27\/preview-west-bromwich-albion-everton-3\/","og_locale":"cs_CZ","og_type":"article","og_title":"Preview: West Bromwich Albion - Everton - Official Czech &amp; Slovak Everton Supporters&#039; Club","og_description":"V\u00edt\u011bzstv\u00ed o dv\u011b branky by Everton posunulo v tabulce na p\u00e1t\u00e9 m\u00edsto. A to by pro sebev\u011bdom\u00ed t\u00fdmu bylo p\u0159ed ned\u011bln\u00edm derby hodn\u011b dobr\u00e9.","og_url":"https:\/\/evertonfc.cz\/index.php\/2015\/09\/27\/preview-west-bromwich-albion-everton-3\/","og_site_name":"Official Czech &amp; Slovak Everton Supporters&#039; Club","article_publisher":"https:\/\/www.facebook.com\/everton.fans.cz.sk","article_published_time":"2015-09-27T18:50:34+00:00","article_modified_time":"2021-03-04T12:38:28+00:00","og_image":[{"width":720,"height":405,"url":"https:\/\/evertonfc.cz\/wp-content\/uploads\/2021\/03\/West-Bromwich-Albion-VS-Everton.jpg","type":"image\/jpeg"}],"author":"Javor","twitter_card":"summary_large_image","twitter_creator":"@LoudinJan","twitter_misc":{"Napsal(a)":"Javor","Odhadovan\u00e1 doba \u010dten\u00ed":"2 minuty"},"schema":{"@context":"https:\/\/schema.org","@graph":[{"@type":"Article","@id":"https:\/\/evertonfc.cz\/index.php\/2015\/09\/27\/preview-west-bromwich-albion-everton-3\/#article","isPartOf":{"@id":"https:\/\/evertonfc.cz\/index.php\/2015\/09\/27\/preview-west-bromwich-albion-everton-3\/"},"author":{"name":"Javor","@id":"https:\/\/evertonfc.cz\/#\/schema\/person\/b30daf6a5852f4811f8207a17ec1bf78"},"headline":"Preview: West Bromwich Albion &#8211; Everton","datePublished":"2015-09-27T18:50:34+00:00","dateModified":"2021-03-04T12:38:28+00:00","mainEntityOfPage":{"@id":"https:\/\/evertonfc.cz\/index.php\/2015\/09\/27\/preview-west-bromwich-albion-everton-3\/"},"wordCount":361,"commentCount":0,"publisher":{"@id":"https:\/\/evertonfc.cz\/#organization"},"image":{"@id":"https:\/\/evertonfc.cz\/index.php\/2015\/09\/27\/preview-west-bromwich-albion-everton-3\/#primaryimage"},"thumbnailUrl":"https:\/\/evertonfc.cz\/wp-content\/uploads\/2021\/03\/West-Bromwich-Albion-VS-Everton.jpg","articleSection":["Z\u00e1pasy"],"inLanguage":"cs","potentialAction":[{"@type":"CommentAction","name":"Comment","target":["https:\/\/evertonfc.cz\/index.php\/2015\/09\/27\/preview-west-bromwich-albion-everton-3\/#respond"]}]},{"@type":"WebPage","@id":"https:\/\/evertonfc.cz\/index.php\/2015\/09\/27\/preview-west-bromwich-albion-everton-3\/","url":"https:\/\/evertonfc.cz\/index.php\/2015\/09\/27\/preview-west-bromwich-albion-everton-3\/","name":"Preview: West Bromwich Albion - Everton - Official Czech &amp; Slovak Everton Supporters&#039; Club","isPartOf":{"@id":"https:\/\/evertonfc.cz\/#website"},"primaryImageOfPage":{"@id":"https:\/\/evertonfc.cz\/index.php\/2015\/09\/27\/preview-west-bromwich-albion-everton-3\/#primaryimage"},"image":{"@id":"https:\/\/evertonfc.cz\/index.php\/2015\/09\/27\/preview-west-bromwich-albion-everton-3\/#primaryimage"},"thumbnailUrl":"https:\/\/evertonfc.cz\/wp-content\/uploads\/2021\/03\/West-Bromwich-Albion-VS-Everton.jpg","datePublished":"2015-09-27T18:50:34+00:00","dateModified":"2021-03-04T12:38:28+00:00","breadcrumb":{"@id":"https:\/\/evertonfc.cz\/index.php\/2015\/09\/27\/preview-west-bromwich-albion-everton-3\/#breadcrumb"},"inLanguage":"cs","potentialAction":[{"@type":"ReadAction","target":["https:\/\/evertonfc.cz\/index.php\/2015\/09\/27\/preview-west-bromwich-albion-everton-3\/"]}]},{"@type":"ImageObject","inLanguage":"cs","@id":"https:\/\/evertonfc.cz\/index.php\/2015\/09\/27\/preview-west-bromwich-albion-everton-3\/#primaryimage","url":"https:\/\/evertonfc.cz\/wp-content\/uploads\/2021\/03\/West-Bromwich-Albion-VS-Everton.jpg","contentUrl":"https:\/\/evertonfc.cz\/wp-content\/uploads\/2021\/03\/West-Bromwich-Albion-VS-Everton.jpg","width":720,"height":405},{"@type":"BreadcrumbList","@id":"https:\/\/evertonfc.cz\/index.php\/2015\/09\/27\/preview-west-bromwich-albion-everton-3\/#breadcrumb","itemListElement":[{"@type":"ListItem","position":1,"name":"Home","item":"https:\/\/evertonfc.cz\/"},{"@type":"ListItem","position":2,"name":"Preview: West Bromwich Albion &#8211; Everton"}]},{"@type":"WebSite","@id":"https:\/\/evertonfc.cz\/#website","url":"https:\/\/evertonfc.cz\/","name":"Official Czech &amp; Slovak Everton Supporters&#039; Club","description":"","publisher":{"@id":"https:\/\/evertonfc.cz\/#organization"},"potentialAction":[{"@type":"SearchAction","target":{"@type":"EntryPoint","urlTemplate":"https:\/\/evertonfc.cz\/?s={search_term_string}"},"query-input":{"@type":"PropertyValueSpecification","valueRequired":true,"valueName":"search_term_string"}}],"inLanguage":"cs"},{"@type":"Organization","@id":"https:\/\/evertonfc.cz\/#organization","name":"Official Czech & Slovak Everton Supporters' Club","url":"https:\/\/evertonfc.cz\/","logo":{"@type":"ImageObject","inLanguage":"cs","@id":"https:\/\/evertonfc.cz\/#\/schema\/logo\/image\/","url":"https:\/\/evertonfc.cz\/wp-content\/uploads\/2019\/05\/logo.png","contentUrl":"https:\/\/evertonfc.cz\/wp-content\/uploads\/2019\/05\/logo.png","width":112,"height":112,"caption":"Official Czech & Slovak Everton Supporters' Club"},"image":{"@id":"https:\/\/evertonfc.cz\/#\/schema\/logo\/image\/"},"sameAs":["https:\/\/www.facebook.com\/everton.fans.cz.sk"]},{"@type":"Person","@id":"https:\/\/evertonfc.cz\/#\/schema\/person\/b30daf6a5852f4811f8207a17ec1bf78","name":"Javor","sameAs":["https:\/\/x.com\/LoudinJan"],"url":"https:\/\/evertonfc.cz\/index.php\/author\/javor\/"}]}},"_links":{"self":[{"href":"https:\/\/evertonfc.cz\/index.php\/wp-json\/wp\/v2\/posts\/4127"}],"collection":[{"href":"https:\/\/evertonfc.cz\/index.php\/wp-json\/wp\/v2\/posts"}],"about":[{"href":"https:\/\/evertonfc.cz\/index.php\/wp-json\/wp\/v2\/types\/post"}],"author":[{"embeddable":true,"href":"https:\/\/evertonfc.cz\/index.php\/wp-json\/wp\/v2\/users\/12"}],"replies":[{"embeddable":true,"href":"https:\/\/evertonfc.cz\/index.php\/wp-json\/wp\/v2\/comments?post=4127"}],"version-history":[{"count":3,"href":"https:\/\/evertonfc.cz\/index.php\/wp-json\/wp\/v2\/posts\/4127\/revisions"}],"predecessor-version":[{"id":14466,"href":"https:\/\/evertonfc.cz\/index.php\/wp-json\/wp\/v2\/posts\/4127\/revisions\/14466"}],"wp:featuredmedia":[{"embeddable":true,"href":"https:\/\/evertonfc.cz\/index.php\/wp-json\/wp\/v2\/media\/14438"}],"wp:attachment":[{"href":"https:\/\/evertonfc.cz\/index.php\/wp-json\/wp\/v2\/media?parent=4127"}],"wp:term":[{"taxonomy":"category","embeddable":true,"href":"https:\/\/evertonfc.cz\/index.php\/wp-json\/wp\/v2\/categories?post=4127"},{"taxonomy":"post_tag","embeddable":true,"href":"https:\/\/evertonfc.cz\/index.php\/wp-json\/wp\/v2\/tags?post=4127"}],"curies":[{"name":"wp","href":"https:\/\/api.w.org\/{rel}","templated":true}]}}